{"id":62821,"date":"2025-02-11T11:50:35","date_gmt":"2025-02-11T10:50:35","guid":{"rendered":"https:\/\/lasentinelle.dz\/?p=62821"},"modified":"2025-02-11T11:50:35","modified_gmt":"2025-02-11T10:50:35","slug":"une-semaine-de-festivites-entre-histoire-et-transmission-lheritage-de-lemir-abdelkader-celebre","status":"publish","type":"post","link":"https:\/\/lasentinelle.dz\/index.php\/2025\/02\/11\/une-semaine-de-festivites-entre-histoire-et-transmission-lheritage-de-lemir-abdelkader-celebre\/","title":{"rendered":"Une semaine de festivit\u00e9s entre histoire et transmission: L&rsquo;h\u00e9ritage de l&rsquo;\u00c9mir Abdelkader c\u00e9l\u00e9br\u00e9"},"content":{"rendered":"\n<p>La ville de Sidi Bel Abb\u00e8s vient de cl\u00f4turer sa \u00ab\u00a0Semaine de l&rsquo;\u00c9mir Abdelkader\u00a0\u00bb, une manifestation culturelle d&rsquo;envergure organis\u00e9e \u00e0 l&rsquo;occasion du 192e anniversaire de la deuxi\u00e8me all\u00e9geance au fondateur de l&rsquo;\u00c9tat alg\u00e9rien moderne. Cet \u00e9v\u00e9nement, qui s&rsquo;est d\u00e9roul\u00e9 du 4 au 8 f\u00e9vrier 2025 \u00e0 la biblioth\u00e8que principale de lecture publique \u00ab\u00a0Mohamed El-Kabbati\u00a0\u00bb, a offert un programme riche m\u00ealant histoire, litt\u00e9rature et arts vivants. La manifestation s&rsquo;est distingu\u00e9e par une approche pluridisciplinaire, alliant rigueur acad\u00e9mique et m\u00e9diation culturelle innovante, particuli\u00e8rement \u00e0 destination du jeune public. La directrice de l&rsquo;\u00e9tablissement, Madame Ouarda Hakimi, a orchestr\u00e9 une s\u00e9rie d&rsquo;activit\u00e9s visant \u00e0 explorer les multiples facettes de cette figure historique majeure. Le volet acad\u00e9mique a \u00e9t\u00e9 particuli\u00e8rement dense, avec notamment une conf\u00e9rence de cl\u00f4ture intitul\u00e9e \u00ab\u00a0L&rsquo;\u00c9mir Abdelkader, fondateur de l&rsquo;\u00c9tat alg\u00e9rien et penseur de l&rsquo;humanit\u00e9\u00a0\u00bb. Le Dr M&rsquo;henni Abdelkader a apport\u00e9 un \u00e9clairage pr\u00e9cieux sur \u00ab\u00a0Les archives de l&rsquo;\u00c9tat de l&rsquo;\u00c9mir Abdelkader\u00a0\u00bb, tandis que le professeur Chekroun Djilali a d\u00e9velopp\u00e9 le th\u00e8me \u00ab\u00a0L&rsquo;\u00c9mir Abdelkader et la r\u00e9sistance dans l&rsquo;\u00c9tat alg\u00e9rien\u00a0\u00bb. La dimension artistique n&rsquo;\u00e9tait pas en reste, avec des r\u00e9citals po\u00e9tiques assur\u00e9s par les po\u00e8tes Mahieddine Kater, Kater Oum El-Djeblali et Belabed Abdelkader. Un moment fort de la programmation a \u00e9t\u00e9 la prestation du conteur de renomm\u00e9e internationale Mahi Seddik, qui a captiv\u00e9 son auditoire avec son spectacle \u00ab\u00a0Sur les traces de l&rsquo;\u00c9mir Abdelkader\u00a0\u00bb. L&rsquo;\u00e9v\u00e9nement a accord\u00e9 une place centrale \u00e0 la jeunesse, \u00e0 travers des ateliers culturels et p\u00e9dagogiques innovants. Les enfants ont pu participer \u00e0 diff\u00e9rentes activit\u00e9s cr\u00e9atives, notamment l&rsquo;atelier \u00ab\u00a0\u00c9cris un paragraphe sur l&rsquo;\u00c9mir Abdelkader\u00a0\u00bb et \u00ab\u00a0Incarne la personnalit\u00e9 de l&rsquo;\u00c9mir Abdelkader\u00a0\u00bb. Les jeunes membres de la biblioth\u00e8que ont \u00e9galement pr\u00e9sent\u00e9 des lectures de la biographie de l&rsquo;\u00c9mir, d\u00e9montrant l&rsquo;importance de la transmission interg\u00e9n\u00e9rationnelle de ce patrimoine historique. Un concours litt\u00e9raire \u00ab\u00a0Extrait de la biographie de l&rsquo;\u00c9mir Abdelkader\u00a0\u00bb et un concours culturel \u00ab\u00a0Meilleure incarnation de la personnalit\u00e9 de l&rsquo;\u00c9mir\u00a0\u00bb ont stimul\u00e9 la cr\u00e9ativit\u00e9 des participants. Selon Madame Hakimi, cette manifestation, organis\u00e9e en partenariat avec la direction de la Culture et des Arts, poursuit un double objectif : encourager la recherche historique sur l&rsquo;\u00c9mir Abdelkader et renforcer la conscience historique collective \u00e0 travers des \u00e9tudes acad\u00e9miques document\u00e9es et une analyse historique rigoureuse. Elle souligne l&rsquo;importance de mettre en lumi\u00e8re le r\u00f4le d\u00e9terminant de l&rsquo;\u00c9mir dans l&rsquo;\u00e9tablissement des fondements de l&rsquo;\u00c9tat alg\u00e9rien moderne. La c\u00e9r\u00e9monie de cl\u00f4ture a \u00e9t\u00e9 particuli\u00e8rement \u00e9mouvante avec la pr\u00e9sence du prince Khaled El-Djaza\u00efri, arri\u00e8re-petit-fils de l&rsquo;\u00c9mir Abdelkader, invit\u00e9 d&rsquo;honneur de l&rsquo;\u00e9v\u00e9nement. Cette pr\u00e9sence a ajout\u00e9 une dimension personnelle et vivante \u00e0 la comm\u00e9moration, cr\u00e9ant un pont tangible entre le pass\u00e9 et le pr\u00e9sent. La remise des prix aux laur\u00e9ats des diff\u00e9rents concours, aux participants \u00e0 l&rsquo;exposition du mus\u00e9e du livre, ainsi qu&rsquo;aux enseignants, conf\u00e9renciers, po\u00e8tes et \u00e9crivains a conclu cette semaine riche en \u00e9changes et en d\u00e9couvertes. Cette \u00e9dition 2025 de la Semaine de l&rsquo;\u00c9mir Abdelkader \u00e0 Sidi Bel Abb\u00e8s s&rsquo;inscrit dans une dynamique plus large de valorisation du patrimoine historique alg\u00e9rien, d\u00e9montrant la capacit\u00e9 des institutions culturelles \u00e0 renouveler les formats de transmission de l&rsquo;histoire nationale aupr\u00e8s des nouvelles g\u00e9n\u00e9rations.<\/p>\n\n\n\n<p>M.S.<\/p>\n","protected":false},"excerpt":{"rendered":"<p>La ville de Sidi Bel Abb\u00e8s vient de cl\u00f4turer sa \u00ab\u00a0Semaine de l&rsquo;\u00c9mir Abdelkader\u00a0\u00bb, une manifestation culturelle d&rsquo;envergure organis\u00e9e \u00e0<\/p>\n","protected":false},"author":6,"featured_media":10322,"comment_status":"open","ping_status":"closed","sticky":false,"template":"","format":"standard","meta":{"colormag_page_container_layout":"default_layout","colormag_page_sidebar_layout":"default_layout","om_disable_all_campaigns":false,"_monsterinsights_skip_tracking":false,"_monsterinsights_sitenote_active":false,"_monsterinsights_sitenote_note":"","_monsterinsights_sitenote_category":0,"footnotes":"","_wpscppro_dont_share_socialmedia":false,"_wpscppro_custom_social_share_image":0,"_facebook_share_type":"default","_twitter_share_type":"default","_linkedin_share_type":"default","_pinterest_share_type":"default","_linkedin_share_type_page":"","_instagram_share_type":"default","_medium_share_type":"default","_threads_share_type":"","_google_business_share_type":"","_selected_social_profile":[],"_wpsp_enable_custom_social_template":false,"_wpsp_social_scheduling":{"enabled":false,"datetime":null,"platforms":[],"status":"template_only","dateOption":"today","timeOption":"now","customDays":"","customHours":"","customDate":"","customTime":"","schedulingType":"absolute"},"_wpsp_active_default_template":true},"categories":[36],"tags":[],"class_list":["post-62821","post","type-post","status-publish","format-standard","has-post-thumbnail","hentry","category-culture"],"aioseo_notices":[],"yoast_head":"<!-- This site is optimized with the Yoast SEO plugin v27.5 - https:\/\/yoast.com\/product\/yoast-seo-wordpress\/ -->\n<title>Une semaine de festivit\u00e9s entre histoire et transmission: L&rsquo;h\u00e9ritage de l&rsquo;\u00c9mir Abdelkader c\u00e9l\u00e9br\u00e9 - La Sentinelle<\/title>\n<meta name=\"robots\" content=\"index, follow, max-snippet:-1, max-image-preview:large, max-video-preview:-1\" \/>\n<link rel=\"canonical\" href=\"https:\/\/lasentinelle.dz\/index.php\/2025\/02\/11\/une-semaine-de-festivites-entre-histoire-et-transmission-lheritage-de-lemir-abdelkader-celebre\/\" \/>\n<meta property=\"og:locale\" content=\"fr_FR\" \/>\n<meta property=\"og:type\" content=\"article\" \/>\n<meta property=\"og:title\" content=\"Une semaine de festivit\u00e9s entre histoire et transmission: L&rsquo;h\u00e9ritage de l&rsquo;\u00c9mir Abdelkader c\u00e9l\u00e9br\u00e9 - La Sentinelle\" \/>\n<meta property=\"og:description\" content=\"La ville de Sidi Bel Abb\u00e8s vient de cl\u00f4turer sa \u00ab\u00a0Semaine de l&rsquo;\u00c9mir Abdelkader\u00a0\u00bb, une manifestation culturelle d&rsquo;envergure organis\u00e9e \u00e0\" \/>\n<meta property=\"og:url\" content=\"https:\/\/lasentinelle.dz\/index.php\/2025\/02\/11\/une-semaine-de-festivites-entre-histoire-et-transmission-lheritage-de-lemir-abdelkader-celebre\/\" \/>\n<meta property=\"og:site_name\" content=\"La Sentinelle\" \/>\n<meta property=\"article:publisher\" content=\"https:\/\/www.facebook.com\/La-Sentinelle-104059864394773\" \/>\n<meta property=\"article:published_time\" content=\"2025-02-11T10:50:35+00:00\" \/>\n<meta property=\"og:image\" content=\"https:\/\/lasentinelle.dz\/wp-content\/uploads\/2021\/10\/emir-abdelkader-e1701204905123.jpeg\" \/>\n\t<meta property=\"og:image:width\" content=\"1343\" \/>\n\t<meta property=\"og:image:height\" content=\"1056\" \/>\n\t<meta property=\"og:image:type\" content=\"image\/jpeg\" \/>\n<meta name=\"author\" content=\"admin\" \/>\n<meta name=\"twitter:card\" content=\"summary_large_image\" \/>\n<meta name=\"twitter:label1\" content=\"\u00c9crit par\" \/>\n\t<meta name=\"twitter:data1\" content=\"admin\" \/>\n\t<meta name=\"twitter:label2\" content=\"Dur\u00e9e de lecture estim\u00e9e\" \/>\n\t<meta name=\"twitter:data2\" content=\"3 minutes\" \/>\n<script type=\"application\/ld+json\" class=\"yoast-schema-graph\">{\"@context\":\"https:\\\/\\\/schema.org\",\"@graph\":[{\"@type\":\"Article\",\"@id\":\"https:\\\/\\\/lasentinelle.dz\\\/index.php\\\/2025\\\/02\\\/11\\\/une-semaine-de-festivites-entre-histoire-et-transmission-lheritage-de-lemir-abdelkader-celebre\\\/#article\",\"isPartOf\":{\"@id\":\"https:\\\/\\\/lasentinelle.dz\\\/index.php\\\/2025\\\/02\\\/11\\\/une-semaine-de-festivites-entre-histoire-et-transmission-lheritage-de-lemir-abdelkader-celebre\\\/\"},\"author\":{\"name\":\"admin\",\"@id\":\"https:\\\/\\\/lasentinelle.dz\\\/#\\\/schema\\\/person\\\/729ee0024f24e0b8c5ec17232f8e8b41\"},\"headline\":\"Une semaine de festivit\u00e9s entre histoire et transmission: L&rsquo;h\u00e9ritage de l&rsquo;\u00c9mir Abdelkader c\u00e9l\u00e9br\u00e9\",\"datePublished\":\"2025-02-11T10:50:35+00:00\",\"mainEntityOfPage\":{\"@id\":\"https:\\\/\\\/lasentinelle.dz\\\/index.php\\\/2025\\\/02\\\/11\\\/une-semaine-de-festivites-entre-histoire-et-transmission-lheritage-de-lemir-abdelkader-celebre\\\/\"},\"wordCount\":627,\"commentCount\":0,\"publisher\":{\"@id\":\"https:\\\/\\\/lasentinelle.dz\\\/#organization\"},\"image\":{\"@id\":\"https:\\\/\\\/lasentinelle.dz\\\/index.php\\\/2025\\\/02\\\/11\\\/une-semaine-de-festivites-entre-histoire-et-transmission-lheritage-de-lemir-abdelkader-celebre\\\/#primaryimage\"},\"thumbnailUrl\":\"https:\\\/\\\/lasentinelle.dz\\\/wp-content\\\/uploads\\\/2021\\\/10\\\/emir-abdelkader-e1701204905123.jpeg\",\"articleSection\":[\"Culture\"],\"inLanguage\":\"fr-FR\",\"potentialAction\":[{\"@type\":\"CommentAction\",\"name\":\"Comment\",\"target\":[\"https:\\\/\\\/lasentinelle.dz\\\/index.php\\\/2025\\\/02\\\/11\\\/une-semaine-de-festivites-entre-histoire-et-transmission-lheritage-de-lemir-abdelkader-celebre\\\/#respond\"]}]},{\"@type\":\"WebPage\",\"@id\":\"https:\\\/\\\/lasentinelle.dz\\\/index.php\\\/2025\\\/02\\\/11\\\/une-semaine-de-festivites-entre-histoire-et-transmission-lheritage-de-lemir-abdelkader-celebre\\\/\",\"url\":\"https:\\\/\\\/lasentinelle.dz\\\/index.php\\\/2025\\\/02\\\/11\\\/une-semaine-de-festivites-entre-histoire-et-transmission-lheritage-de-lemir-abdelkader-celebre\\\/\",\"name\":\"Une semaine de festivit\u00e9s entre histoire et transmission: L&rsquo;h\u00e9ritage de l&rsquo;\u00c9mir Abdelkader c\u00e9l\u00e9br\u00e9 - La Sentinelle\",\"isPartOf\":{\"@id\":\"https:\\\/\\\/lasentinelle.dz\\\/#website\"},\"primaryImageOfPage\":{\"@id\":\"https:\\\/\\\/lasentinelle.dz\\\/index.php\\\/2025\\\/02\\\/11\\\/une-semaine-de-festivites-entre-histoire-et-transmission-lheritage-de-lemir-abdelkader-celebre\\\/#primaryimage\"},\"image\":{\"@id\":\"https:\\\/\\\/lasentinelle.dz\\\/index.php\\\/2025\\\/02\\\/11\\\/une-semaine-de-festivites-entre-histoire-et-transmission-lheritage-de-lemir-abdelkader-celebre\\\/#primaryimage\"},\"thumbnailUrl\":\"https:\\\/\\\/lasentinelle.dz\\\/wp-content\\\/uploads\\\/2021\\\/10\\\/emir-abdelkader-e1701204905123.jpeg\",\"datePublished\":\"2025-02-11T10:50:35+00:00\",\"breadcrumb\":{\"@id\":\"https:\\\/\\\/lasentinelle.dz\\\/index.php\\\/2025\\\/02\\\/11\\\/une-semaine-de-festivites-entre-histoire-et-transmission-lheritage-de-lemir-abdelkader-celebre\\\/#breadcrumb\"},\"inLanguage\":\"fr-FR\",\"potentialAction\":[{\"@type\":\"ReadAction\",\"target\":[\"https:\\\/\\\/lasentinelle.dz\\\/index.php\\\/2025\\\/02\\\/11\\\/une-semaine-de-festivites-entre-histoire-et-transmission-lheritage-de-lemir-abdelkader-celebre\\\/\"]}]},{\"@type\":\"ImageObject\",\"inLanguage\":\"fr-FR\",\"@id\":\"https:\\\/\\\/lasentinelle.dz\\\/index.php\\\/2025\\\/02\\\/11\\\/une-semaine-de-festivites-entre-histoire-et-transmission-lheritage-de-lemir-abdelkader-celebre\\\/#primaryimage\",\"url\":\"https:\\\/\\\/lasentinelle.dz\\\/wp-content\\\/uploads\\\/2021\\\/10\\\/emir-abdelkader-e1701204905123.jpeg\",\"contentUrl\":\"https:\\\/\\\/lasentinelle.dz\\\/wp-content\\\/uploads\\\/2021\\\/10\\\/emir-abdelkader-e1701204905123.jpeg\",\"width\":1343,\"height\":1056,\"caption\":\"E ZIANI THEMES 174\"},{\"@type\":\"BreadcrumbList\",\"@id\":\"https:\\\/\\\/lasentinelle.dz\\\/index.php\\\/2025\\\/02\\\/11\\\/une-semaine-de-festivites-entre-histoire-et-transmission-lheritage-de-lemir-abdelkader-celebre\\\/#breadcrumb\",\"itemListElement\":[{\"@type\":\"ListItem\",\"position\":1,\"name\":\"Accueil\",\"item\":\"https:\\\/\\\/lasentinelle.dz\\\/\"},{\"@type\":\"ListItem\",\"position\":2,\"name\":\"Une semaine de festivit\u00e9s entre histoire et transmission: L&rsquo;h\u00e9ritage de l&rsquo;\u00c9mir Abdelkader c\u00e9l\u00e9br\u00e9\"}]},{\"@type\":\"WebSite\",\"@id\":\"https:\\\/\\\/lasentinelle.dz\\\/#website\",\"url\":\"https:\\\/\\\/lasentinelle.dz\\\/\",\"name\":\"La Sentinelle\",\"description\":\"Quotidien national d&#039;information\",\"publisher\":{\"@id\":\"https:\\\/\\\/lasentinelle.dz\\\/#organization\"},\"potentialAction\":[{\"@type\":\"SearchAction\",\"target\":{\"@type\":\"EntryPoint\",\"urlTemplate\":\"https:\\\/\\\/lasentinelle.dz\\\/?s={search_term_string}\"},\"query-input\":{\"@type\":\"PropertyValueSpecification\",\"valueRequired\":true,\"valueName\":\"search_term_string\"}}],\"inLanguage\":\"fr-FR\"},{\"@type\":\"Organization\",\"@id\":\"https:\\\/\\\/lasentinelle.dz\\\/#organization\",\"name\":\"Quotidien La Sentinelle\",\"url\":\"https:\\\/\\\/lasentinelle.dz\\\/\",\"logo\":{\"@type\":\"ImageObject\",\"inLanguage\":\"fr-FR\",\"@id\":\"https:\\\/\\\/lasentinelle.dz\\\/#\\\/schema\\\/logo\\\/image\\\/\",\"url\":\"https:\\\/\\\/lasentinelle.dz\\\/wp-content\\\/uploads\\\/2021\\\/09\\\/logo-sentinelleSLOGAN-1.png\",\"contentUrl\":\"https:\\\/\\\/lasentinelle.dz\\\/wp-content\\\/uploads\\\/2021\\\/09\\\/logo-sentinelleSLOGAN-1.png\",\"width\":615,\"height\":142,\"caption\":\"Quotidien La Sentinelle\"},\"image\":{\"@id\":\"https:\\\/\\\/lasentinelle.dz\\\/#\\\/schema\\\/logo\\\/image\\\/\"},\"sameAs\":[\"https:\\\/\\\/www.facebook.com\\\/La-Sentinelle-104059864394773\"]},{\"@type\":\"Person\",\"@id\":\"https:\\\/\\\/lasentinelle.dz\\\/#\\\/schema\\\/person\\\/729ee0024f24e0b8c5ec17232f8e8b41\",\"name\":\"admin\",\"image\":{\"@type\":\"ImageObject\",\"inLanguage\":\"fr-FR\",\"@id\":\"https:\\\/\\\/secure.gravatar.com\\\/avatar\\\/4c81fed838786e9b53f540bf46533e750f5d292099ae3b66cfc6fb1982e29df7?s=96&d=mm&r=g\",\"url\":\"https:\\\/\\\/secure.gravatar.com\\\/avatar\\\/4c81fed838786e9b53f540bf46533e750f5d292099ae3b66cfc6fb1982e29df7?s=96&d=mm&r=g\",\"contentUrl\":\"https:\\\/\\\/secure.gravatar.com\\\/avatar\\\/4c81fed838786e9b53f540bf46533e750f5d292099ae3b66cfc6fb1982e29df7?s=96&d=mm&r=g\",\"caption\":\"admin\"},\"description\":\"admin\",\"url\":\"https:\\\/\\\/lasentinelle.dz\\\/author\\\/admin\\\/\"}]}<\/script>\n<!-- \/ Yoast SEO plugin. -->","yoast_head_json":{"title":"Une semaine de festivit\u00e9s entre histoire et transmission: L&rsquo;h\u00e9ritage de l&rsquo;\u00c9mir Abdelkader c\u00e9l\u00e9br\u00e9 - La Sentinelle","robots":{"index":"index","follow":"follow","max-snippet":"max-snippet:-1","max-image-preview":"max-image-preview:large","max-video-preview":"max-video-preview:-1"},"canonical":"https:\/\/lasentinelle.dz\/index.php\/2025\/02\/11\/une-semaine-de-festivites-entre-histoire-et-transmission-lheritage-de-lemir-abdelkader-celebre\/","og_locale":"fr_FR","og_type":"article","og_title":"Une semaine de festivit\u00e9s entre histoire et transmission: L&rsquo;h\u00e9ritage de l&rsquo;\u00c9mir Abdelkader c\u00e9l\u00e9br\u00e9 - La Sentinelle","og_description":"La ville de Sidi Bel Abb\u00e8s vient de cl\u00f4turer sa \u00ab\u00a0Semaine de l&rsquo;\u00c9mir Abdelkader\u00a0\u00bb, une manifestation culturelle d&rsquo;envergure organis\u00e9e \u00e0","og_url":"https:\/\/lasentinelle.dz\/index.php\/2025\/02\/11\/une-semaine-de-festivites-entre-histoire-et-transmission-lheritage-de-lemir-abdelkader-celebre\/","og_site_name":"La Sentinelle","article_publisher":"https:\/\/www.facebook.com\/La-Sentinelle-104059864394773","article_published_time":"2025-02-11T10:50:35+00:00","og_image":[{"width":1343,"height":1056,"url":"https:\/\/lasentinelle.dz\/wp-content\/uploads\/2021\/10\/emir-abdelkader-e1701204905123.jpeg","type":"image\/jpeg"}],"author":"admin","twitter_card":"summary_large_image","twitter_misc":{"\u00c9crit par":"admin","Dur\u00e9e de lecture estim\u00e9e":"3 minutes"},"schema":{"@context":"https:\/\/schema.org","@graph":[{"@type":"Article","@id":"https:\/\/lasentinelle.dz\/index.php\/2025\/02\/11\/une-semaine-de-festivites-entre-histoire-et-transmission-lheritage-de-lemir-abdelkader-celebre\/#article","isPartOf":{"@id":"https:\/\/lasentinelle.dz\/index.php\/2025\/02\/11\/une-semaine-de-festivites-entre-histoire-et-transmission-lheritage-de-lemir-abdelkader-celebre\/"},"author":{"name":"admin","@id":"https:\/\/lasentinelle.dz\/#\/schema\/person\/729ee0024f24e0b8c5ec17232f8e8b41"},"headline":"Une semaine de festivit\u00e9s entre histoire et transmission: L&rsquo;h\u00e9ritage de l&rsquo;\u00c9mir Abdelkader c\u00e9l\u00e9br\u00e9","datePublished":"2025-02-11T10:50:35+00:00","mainEntityOfPage":{"@id":"https:\/\/lasentinelle.dz\/index.php\/2025\/02\/11\/une-semaine-de-festivites-entre-histoire-et-transmission-lheritage-de-lemir-abdelkader-celebre\/"},"wordCount":627,"commentCount":0,"publisher":{"@id":"https:\/\/lasentinelle.dz\/#organization"},"image":{"@id":"https:\/\/lasentinelle.dz\/index.php\/2025\/02\/11\/une-semaine-de-festivites-entre-histoire-et-transmission-lheritage-de-lemir-abdelkader-celebre\/#primaryimage"},"thumbnailUrl":"https:\/\/lasentinelle.dz\/wp-content\/uploads\/2021\/10\/emir-abdelkader-e1701204905123.jpeg","articleSection":["Culture"],"inLanguage":"fr-FR","potentialAction":[{"@type":"CommentAction","name":"Comment","target":["https:\/\/lasentinelle.dz\/index.php\/2025\/02\/11\/une-semaine-de-festivites-entre-histoire-et-transmission-lheritage-de-lemir-abdelkader-celebre\/#respond"]}]},{"@type":"WebPage","@id":"https:\/\/lasentinelle.dz\/index.php\/2025\/02\/11\/une-semaine-de-festivites-entre-histoire-et-transmission-lheritage-de-lemir-abdelkader-celebre\/","url":"https:\/\/lasentinelle.dz\/index.php\/2025\/02\/11\/une-semaine-de-festivites-entre-histoire-et-transmission-lheritage-de-lemir-abdelkader-celebre\/","name":"Une semaine de festivit\u00e9s entre histoire et transmission: L&rsquo;h\u00e9ritage de l&rsquo;\u00c9mir Abdelkader c\u00e9l\u00e9br\u00e9 - La Sentinelle","isPartOf":{"@id":"https:\/\/lasentinelle.dz\/#website"},"primaryImageOfPage":{"@id":"https:\/\/lasentinelle.dz\/index.php\/2025\/02\/11\/une-semaine-de-festivites-entre-histoire-et-transmission-lheritage-de-lemir-abdelkader-celebre\/#primaryimage"},"image":{"@id":"https:\/\/lasentinelle.dz\/index.php\/2025\/02\/11\/une-semaine-de-festivites-entre-histoire-et-transmission-lheritage-de-lemir-abdelkader-celebre\/#primaryimage"},"thumbnailUrl":"https:\/\/lasentinelle.dz\/wp-content\/uploads\/2021\/10\/emir-abdelkader-e1701204905123.jpeg","datePublished":"2025-02-11T10:50:35+00:00","breadcrumb":{"@id":"https:\/\/lasentinelle.dz\/index.php\/2025\/02\/11\/une-semaine-de-festivites-entre-histoire-et-transmission-lheritage-de-lemir-abdelkader-celebre\/#breadcrumb"},"inLanguage":"fr-FR","potentialAction":[{"@type":"ReadAction","target":["https:\/\/lasentinelle.dz\/index.php\/2025\/02\/11\/une-semaine-de-festivites-entre-histoire-et-transmission-lheritage-de-lemir-abdelkader-celebre\/"]}]},{"@type":"ImageObject","inLanguage":"fr-FR","@id":"https:\/\/lasentinelle.dz\/index.php\/2025\/02\/11\/une-semaine-de-festivites-entre-histoire-et-transmission-lheritage-de-lemir-abdelkader-celebre\/#primaryimage","url":"https:\/\/lasentinelle.dz\/wp-content\/uploads\/2021\/10\/emir-abdelkader-e1701204905123.jpeg","contentUrl":"https:\/\/lasentinelle.dz\/wp-content\/uploads\/2021\/10\/emir-abdelkader-e1701204905123.jpeg","width":1343,"height":1056,"caption":"E ZIANI THEMES 174"},{"@type":"BreadcrumbList","@id":"https:\/\/lasentinelle.dz\/index.php\/2025\/02\/11\/une-semaine-de-festivites-entre-histoire-et-transmission-lheritage-de-lemir-abdelkader-celebre\/#breadcrumb","itemListElement":[{"@type":"ListItem","position":1,"name":"Accueil","item":"https:\/\/lasentinelle.dz\/"},{"@type":"ListItem","position":2,"name":"Une semaine de festivit\u00e9s entre histoire et transmission: L&rsquo;h\u00e9ritage de l&rsquo;\u00c9mir Abdelkader c\u00e9l\u00e9br\u00e9"}]},{"@type":"WebSite","@id":"https:\/\/lasentinelle.dz\/#website","url":"https:\/\/lasentinelle.dz\/","name":"La Sentinelle","description":"Quotidien national d&#039;information","publisher":{"@id":"https:\/\/lasentinelle.dz\/#organization"},"potentialAction":[{"@type":"SearchAction","target":{"@type":"EntryPoint","urlTemplate":"https:\/\/lasentinelle.dz\/?s={search_term_string}"},"query-input":{"@type":"PropertyValueSpecification","valueRequired":true,"valueName":"search_term_string"}}],"inLanguage":"fr-FR"},{"@type":"Organization","@id":"https:\/\/lasentinelle.dz\/#organization","name":"Quotidien La Sentinelle","url":"https:\/\/lasentinelle.dz\/","logo":{"@type":"ImageObject","inLanguage":"fr-FR","@id":"https:\/\/lasentinelle.dz\/#\/schema\/logo\/image\/","url":"https:\/\/lasentinelle.dz\/wp-content\/uploads\/2021\/09\/logo-sentinelleSLOGAN-1.png","contentUrl":"https:\/\/lasentinelle.dz\/wp-content\/uploads\/2021\/09\/logo-sentinelleSLOGAN-1.png","width":615,"height":142,"caption":"Quotidien La Sentinelle"},"image":{"@id":"https:\/\/lasentinelle.dz\/#\/schema\/logo\/image\/"},"sameAs":["https:\/\/www.facebook.com\/La-Sentinelle-104059864394773"]},{"@type":"Person","@id":"https:\/\/lasentinelle.dz\/#\/schema\/person\/729ee0024f24e0b8c5ec17232f8e8b41","name":"admin","image":{"@type":"ImageObject","inLanguage":"fr-FR","@id":"https:\/\/secure.gravatar.com\/avatar\/4c81fed838786e9b53f540bf46533e750f5d292099ae3b66cfc6fb1982e29df7?s=96&d=mm&r=g","url":"https:\/\/secure.gravatar.com\/avatar\/4c81fed838786e9b53f540bf46533e750f5d292099ae3b66cfc6fb1982e29df7?s=96&d=mm&r=g","contentUrl":"https:\/\/secure.gravatar.com\/avatar\/4c81fed838786e9b53f540bf46533e750f5d292099ae3b66cfc6fb1982e29df7?s=96&d=mm&r=g","caption":"admin"},"description":"admin","url":"https:\/\/lasentinelle.dz\/author\/admin\/"}]}},"_links":{"self":[{"href":"https:\/\/lasentinelle.dz\/index.php\/wp-json\/wp\/v2\/posts\/62821","targetHints":{"allow":["GET"]}}],"collection":[{"href":"https:\/\/lasentinelle.dz\/index.php\/wp-json\/wp\/v2\/posts"}],"about":[{"href":"https:\/\/lasentinelle.dz\/index.php\/wp-json\/wp\/v2\/types\/post"}],"author":[{"embeddable":true,"href":"https:\/\/lasentinelle.dz\/index.php\/wp-json\/wp\/v2\/users\/6"}],"replies":[{"embeddable":true,"href":"https:\/\/lasentinelle.dz\/index.php\/wp-json\/wp\/v2\/comments?post=62821"}],"version-history":[{"count":2,"href":"https:\/\/lasentinelle.dz\/index.php\/wp-json\/wp\/v2\/posts\/62821\/revisions"}],"predecessor-version":[{"id":62823,"href":"https:\/\/lasentinelle.dz\/index.php\/wp-json\/wp\/v2\/posts\/62821\/revisions\/62823"}],"wp:featuredmedia":[{"embeddable":true,"href":"https:\/\/lasentinelle.dz\/index.php\/wp-json\/wp\/v2\/media\/10322"}],"wp:attachment":[{"href":"https:\/\/lasentinelle.dz\/index.php\/wp-json\/wp\/v2\/media?parent=62821"}],"wp:term":[{"taxonomy":"category","embeddable":true,"href":"https:\/\/lasentinelle.dz\/index.php\/wp-json\/wp\/v2\/categories?post=62821"},{"taxonomy":"post_tag","embeddable":true,"href":"https:\/\/lasentinelle.dz\/index.php\/wp-json\/wp\/v2\/tags?post=62821"}],"curies":[{"name":"wp","href":"https:\/\/api.w.org\/{rel}","templated":true}]}}