{"id":62836,"date":"2025-02-11T11:54:53","date_gmt":"2025-02-11T10:54:53","guid":{"rendered":"https:\/\/lasentinelle.dz\/?p=62836"},"modified":"2025-02-11T11:54:54","modified_gmt":"2025-02-11T10:54:54","slug":"tour-dalgerie-cycliste-hamza-yacine-remporte-la-2e-etape","status":"publish","type":"post","link":"https:\/\/lasentinelle.dz\/index.php\/2025\/02\/11\/tour-dalgerie-cycliste-hamza-yacine-remporte-la-2e-etape\/","title":{"rendered":"Tour d&rsquo;Alg\u00e9rie cycliste: Hamza Yacine remporte la 2e \u00e9tape"},"content":{"rendered":"\n<p>Le Tour d&rsquo;Alg\u00e9rie cycliste 2025 continue son \u00e9pop\u00e9e spectaculaire avec une deuxi\u00e8me \u00e9tape aussi haletante qu&rsquo;un sprint final de grand championnat ! Hamza Yacine, v\u00e9ritable h\u00e9ros du moment, a une nouvelle fois prouv\u00e9 sa domination en s&rsquo;adjugeant la victoire entre Constantine et S\u00e9tif, parcourant les 145,5 kilom\u00e8tres en un temps canon de 3 heures, 28 minutes et 51 secondes. Sa performance est d&rsquo;autant plus impressionnante qu&rsquo;il conserve son maillot jaune de leader, confirmant son statut de coureur le plus en vue de cette 25e \u00e9dition. Dans un final qui a tenu toutes ses promesses, Yacine a devanc\u00e9 avec brio Maekele Milkiyas de l&rsquo;\u00e9quipe nationale d&rsquo;Erythr\u00e9e et Mohamed Nadjib Assal du MC Alger, tous deux cr\u00e9dit\u00e9s du m\u00eame temps. Cette \u00e9tape s&rsquo;inscrit dans un Tour d&rsquo;Alg\u00e9rie qui promet monts et merveilles, avec un parcours traversant pas moins de dix villes, de Guelma \u00e0 Ouargla, offrant aux coureurs un panorama \u00e9poustouflant de la diversit\u00e9 g\u00e9ographique alg\u00e9rienne. Quatre-vingt-trois coureurs ont pris le d\u00e9part de cette \u00e9tape, t\u00e9moignant de l&rsquo;attractivit\u00e9 croissante de l&rsquo;\u00e9preuve. La premi\u00e8re \u00e9tape avait d\u00e9j\u00e0 sacr\u00e9 Hamza Yacine, qui avait non seulement remport\u00e9 l&rsquo;\u00e9tape mais aussi enfil\u00e9 le maillot jaune de leader, le maillot vert du meilleur sprinter, le maillot rouge du meilleur alg\u00e9rien et le maillot bleu de vainqueur d&rsquo;\u00e9tape. Un exploit qui en dit long sur sa forme \u00e9blouissante. Mais le suspense ne fait que commencer : mardi, le peloton mettra le cap sur Batna pour une troisi\u00e8me \u00e9tape de 130,6 km qui promet d&rsquo;\u00eatre aussi ind\u00e9cise que passionnante. L&rsquo;\u00e9v\u00e9nement s&rsquo;inscrit dans le calendrier de l&rsquo;Africa Tour de l&rsquo;Union cycliste internationale, avec un enjeu de taille : r\u00e9colter des points en vue des Championnats du monde sur route 2025, qui se d\u00e9rouleront pour la premi\u00e8re fois sur le continent africain, au Rwanda. Un objectif qui transcende la simple comp\u00e9tition et dessine les contours d&rsquo;une ambition continentale. En marge du Tour, deux \u00e9v\u00e9nements viendront enrichir cette \u00e9dition 2025 : le Grand Prix de la Sonatrach le 20 f\u00e9vrier \u00e0 Hassi Messaoud, rendant hommage \u00e0 la nationalisation des hydrocarbures, et le Grand Prix d&rsquo;Alger \u00ab\u00a0Djamel Boukercha\u00a0\u00bb le 22 f\u00e9vrier, en m\u00e9moire d&rsquo;un journaliste sportif embl\u00e9matique. Ces comp\u00e9titions seront plac\u00e9es sous le contr\u00f4le d&rsquo;un coll\u00e8ge de commissaires pr\u00e9sid\u00e9 par le Belge Patrick Demunter, garant de l&rsquo;\u00e9quit\u00e9 et de la r\u00e9gularit\u00e9 de la course. Seules deux abandons ont \u00e9t\u00e9 enregistr\u00e9s jusqu&rsquo;\u00e0 pr\u00e9sent : Fares Lekhal de l&rsquo;\u00e9quipe nationale espoirs et Khaled Mansouri de Madj El Guerrara, preuve que le niveau de comp\u00e9tition est particuli\u00e8rement \u00e9lev\u00e9. Hamza Yacine a d\u00e9sormais tous les atouts en main pour marquer de son empreinte cette \u00e9dition 2025 du Tour d&rsquo;Alg\u00e9rie, un \u00e9v\u00e9nement qui d\u00e9passe largement le cadre sportif pour devenir un v\u00e9ritable rendez-vous culturel et populaire.<\/p>\n\n\n\n<p>M.D.<\/p>\n","protected":false},"excerpt":{"rendered":"<p>Le Tour d&rsquo;Alg\u00e9rie cycliste 2025 continue son \u00e9pop\u00e9e spectaculaire avec une deuxi\u00e8me \u00e9tape aussi haletante qu&rsquo;un sprint final de grand<\/p>\n","protected":false},"author":6,"featured_media":62837,"comment_status":"open","ping_status":"closed","sticky":false,"template":"","format":"standard","meta":{"colormag_page_container_layout":"default_layout","colormag_page_sidebar_layout":"default_layout","om_disable_all_campaigns":false,"_monsterinsights_skip_tracking":false,"_monsterinsights_sitenote_active":false,"_monsterinsights_sitenote_note":"","_monsterinsights_sitenote_category":0,"footnotes":"","_wpscppro_dont_share_socialmedia":false,"_wpscppro_custom_social_share_image":0,"_facebook_share_type":"default","_twitter_share_type":"default","_linkedin_share_type":"default","_pinterest_share_type":"default","_linkedin_share_type_page":"","_instagram_share_type":"default","_medium_share_type":"default","_threads_share_type":"","_google_business_share_type":"","_selected_social_profile":[],"_wpsp_enable_custom_social_template":false,"_wpsp_social_scheduling":{"enabled":false,"datetime":null,"platforms":[],"status":"template_only","dateOption":"today","timeOption":"now","customDays":"","customHours":"","customDate":"","customTime":"","schedulingType":"absolute"},"_wpsp_active_default_template":true},"categories":[33],"tags":[],"class_list":["post-62836","post","type-post","status-publish","format-standard","has-post-thumbnail","hentry","category-sports"],"aioseo_notices":[],"yoast_head":"<!-- This site is optimized with the Yoast SEO plugin v27.5 - https:\/\/yoast.com\/product\/yoast-seo-wordpress\/ -->\n<title>Tour d&rsquo;Alg\u00e9rie cycliste: Hamza Yacine remporte la 2e \u00e9tape - La Sentinelle<\/title>\n<meta name=\"robots\" content=\"index, follow, max-snippet:-1, max-image-preview:large, max-video-preview:-1\" \/>\n<link rel=\"canonical\" href=\"https:\/\/lasentinelle.dz\/index.php\/2025\/02\/11\/tour-dalgerie-cycliste-hamza-yacine-remporte-la-2e-etape\/\" \/>\n<meta property=\"og:locale\" content=\"fr_FR\" \/>\n<meta property=\"og:type\" content=\"article\" \/>\n<meta property=\"og:title\" content=\"Tour d&rsquo;Alg\u00e9rie cycliste: Hamza Yacine remporte la 2e \u00e9tape - La Sentinelle\" \/>\n<meta property=\"og:description\" content=\"Le Tour d&rsquo;Alg\u00e9rie cycliste 2025 continue son \u00e9pop\u00e9e spectaculaire avec une deuxi\u00e8me \u00e9tape aussi haletante qu&rsquo;un sprint final de grand\" \/>\n<meta property=\"og:url\" content=\"https:\/\/lasentinelle.dz\/index.php\/2025\/02\/11\/tour-dalgerie-cycliste-hamza-yacine-remporte-la-2e-etape\/\" \/>\n<meta property=\"og:site_name\" content=\"La Sentinelle\" \/>\n<meta property=\"article:publisher\" content=\"https:\/\/www.facebook.com\/La-Sentinelle-104059864394773\" \/>\n<meta property=\"article:published_time\" content=\"2025-02-11T10:54:53+00:00\" \/>\n<meta property=\"article:modified_time\" content=\"2025-02-11T10:54:54+00:00\" \/>\n<meta property=\"og:image\" content=\"https:\/\/lasentinelle.dz\/wp-content\/uploads\/2025\/02\/velo.jpg\" \/>\n\t<meta property=\"og:image:width\" content=\"960\" \/>\n\t<meta property=\"og:image:height\" content=\"541\" \/>\n\t<meta property=\"og:image:type\" content=\"image\/jpeg\" \/>\n<meta name=\"author\" content=\"admin\" \/>\n<meta name=\"twitter:card\" content=\"summary_large_image\" \/>\n<meta name=\"twitter:label1\" content=\"\u00c9crit par\" \/>\n\t<meta name=\"twitter:data1\" content=\"admin\" \/>\n\t<meta name=\"twitter:label2\" content=\"Dur\u00e9e de lecture estim\u00e9e\" \/>\n\t<meta name=\"twitter:data2\" content=\"3 minutes\" \/>\n<script type=\"application\/ld+json\" class=\"yoast-schema-graph\">{\"@context\":\"https:\\\/\\\/schema.org\",\"@graph\":[{\"@type\":\"Article\",\"@id\":\"https:\\\/\\\/lasentinelle.dz\\\/index.php\\\/2025\\\/02\\\/11\\\/tour-dalgerie-cycliste-hamza-yacine-remporte-la-2e-etape\\\/#article\",\"isPartOf\":{\"@id\":\"https:\\\/\\\/lasentinelle.dz\\\/index.php\\\/2025\\\/02\\\/11\\\/tour-dalgerie-cycliste-hamza-yacine-remporte-la-2e-etape\\\/\"},\"author\":{\"name\":\"admin\",\"@id\":\"https:\\\/\\\/lasentinelle.dz\\\/#\\\/schema\\\/person\\\/729ee0024f24e0b8c5ec17232f8e8b41\"},\"headline\":\"Tour d&rsquo;Alg\u00e9rie cycliste: Hamza Yacine remporte la 2e \u00e9tape\",\"datePublished\":\"2025-02-11T10:54:53+00:00\",\"dateModified\":\"2025-02-11T10:54:54+00:00\",\"mainEntityOfPage\":{\"@id\":\"https:\\\/\\\/lasentinelle.dz\\\/index.php\\\/2025\\\/02\\\/11\\\/tour-dalgerie-cycliste-hamza-yacine-remporte-la-2e-etape\\\/\"},\"wordCount\":514,\"commentCount\":0,\"publisher\":{\"@id\":\"https:\\\/\\\/lasentinelle.dz\\\/#organization\"},\"image\":{\"@id\":\"https:\\\/\\\/lasentinelle.dz\\\/index.php\\\/2025\\\/02\\\/11\\\/tour-dalgerie-cycliste-hamza-yacine-remporte-la-2e-etape\\\/#primaryimage\"},\"thumbnailUrl\":\"https:\\\/\\\/lasentinelle.dz\\\/wp-content\\\/uploads\\\/2025\\\/02\\\/velo.jpg\",\"articleSection\":[\"Sports\"],\"inLanguage\":\"fr-FR\",\"potentialAction\":[{\"@type\":\"CommentAction\",\"name\":\"Comment\",\"target\":[\"https:\\\/\\\/lasentinelle.dz\\\/index.php\\\/2025\\\/02\\\/11\\\/tour-dalgerie-cycliste-hamza-yacine-remporte-la-2e-etape\\\/#respond\"]}]},{\"@type\":\"WebPage\",\"@id\":\"https:\\\/\\\/lasentinelle.dz\\\/index.php\\\/2025\\\/02\\\/11\\\/tour-dalgerie-cycliste-hamza-yacine-remporte-la-2e-etape\\\/\",\"url\":\"https:\\\/\\\/lasentinelle.dz\\\/index.php\\\/2025\\\/02\\\/11\\\/tour-dalgerie-cycliste-hamza-yacine-remporte-la-2e-etape\\\/\",\"name\":\"Tour d&rsquo;Alg\u00e9rie cycliste: Hamza Yacine remporte la 2e \u00e9tape - La Sentinelle\",\"isPartOf\":{\"@id\":\"https:\\\/\\\/lasentinelle.dz\\\/#website\"},\"primaryImageOfPage\":{\"@id\":\"https:\\\/\\\/lasentinelle.dz\\\/index.php\\\/2025\\\/02\\\/11\\\/tour-dalgerie-cycliste-hamza-yacine-remporte-la-2e-etape\\\/#primaryimage\"},\"image\":{\"@id\":\"https:\\\/\\\/lasentinelle.dz\\\/index.php\\\/2025\\\/02\\\/11\\\/tour-dalgerie-cycliste-hamza-yacine-remporte-la-2e-etape\\\/#primaryimage\"},\"thumbnailUrl\":\"https:\\\/\\\/lasentinelle.dz\\\/wp-content\\\/uploads\\\/2025\\\/02\\\/velo.jpg\",\"datePublished\":\"2025-02-11T10:54:53+00:00\",\"dateModified\":\"2025-02-11T10:54:54+00:00\",\"breadcrumb\":{\"@id\":\"https:\\\/\\\/lasentinelle.dz\\\/index.php\\\/2025\\\/02\\\/11\\\/tour-dalgerie-cycliste-hamza-yacine-remporte-la-2e-etape\\\/#breadcrumb\"},\"inLanguage\":\"fr-FR\",\"potentialAction\":[{\"@type\":\"ReadAction\",\"target\":[\"https:\\\/\\\/lasentinelle.dz\\\/index.php\\\/2025\\\/02\\\/11\\\/tour-dalgerie-cycliste-hamza-yacine-remporte-la-2e-etape\\\/\"]}]},{\"@type\":\"ImageObject\",\"inLanguage\":\"fr-FR\",\"@id\":\"https:\\\/\\\/lasentinelle.dz\\\/index.php\\\/2025\\\/02\\\/11\\\/tour-dalgerie-cycliste-hamza-yacine-remporte-la-2e-etape\\\/#primaryimage\",\"url\":\"https:\\\/\\\/lasentinelle.dz\\\/wp-content\\\/uploads\\\/2025\\\/02\\\/velo.jpg\",\"contentUrl\":\"https:\\\/\\\/lasentinelle.dz\\\/wp-content\\\/uploads\\\/2025\\\/02\\\/velo.jpg\",\"width\":960,\"height\":541},{\"@type\":\"BreadcrumbList\",\"@id\":\"https:\\\/\\\/lasentinelle.dz\\\/index.php\\\/2025\\\/02\\\/11\\\/tour-dalgerie-cycliste-hamza-yacine-remporte-la-2e-etape\\\/#breadcrumb\",\"itemListElement\":[{\"@type\":\"ListItem\",\"position\":1,\"name\":\"Accueil\",\"item\":\"https:\\\/\\\/lasentinelle.dz\\\/\"},{\"@type\":\"ListItem\",\"position\":2,\"name\":\"Tour d&rsquo;Alg\u00e9rie cycliste: Hamza Yacine remporte la 2e \u00e9tape\"}]},{\"@type\":\"WebSite\",\"@id\":\"https:\\\/\\\/lasentinelle.dz\\\/#website\",\"url\":\"https:\\\/\\\/lasentinelle.dz\\\/\",\"name\":\"La Sentinelle\",\"description\":\"Quotidien national d&#039;information\",\"publisher\":{\"@id\":\"https:\\\/\\\/lasentinelle.dz\\\/#organization\"},\"potentialAction\":[{\"@type\":\"SearchAction\",\"target\":{\"@type\":\"EntryPoint\",\"urlTemplate\":\"https:\\\/\\\/lasentinelle.dz\\\/?s={search_term_string}\"},\"query-input\":{\"@type\":\"PropertyValueSpecification\",\"valueRequired\":true,\"valueName\":\"search_term_string\"}}],\"inLanguage\":\"fr-FR\"},{\"@type\":\"Organization\",\"@id\":\"https:\\\/\\\/lasentinelle.dz\\\/#organization\",\"name\":\"Quotidien La Sentinelle\",\"url\":\"https:\\\/\\\/lasentinelle.dz\\\/\",\"logo\":{\"@type\":\"ImageObject\",\"inLanguage\":\"fr-FR\",\"@id\":\"https:\\\/\\\/lasentinelle.dz\\\/#\\\/schema\\\/logo\\\/image\\\/\",\"url\":\"https:\\\/\\\/lasentinelle.dz\\\/wp-content\\\/uploads\\\/2021\\\/09\\\/logo-sentinelleSLOGAN-1.png\",\"contentUrl\":\"https:\\\/\\\/lasentinelle.dz\\\/wp-content\\\/uploads\\\/2021\\\/09\\\/logo-sentinelleSLOGAN-1.png\",\"width\":615,\"height\":142,\"caption\":\"Quotidien La Sentinelle\"},\"image\":{\"@id\":\"https:\\\/\\\/lasentinelle.dz\\\/#\\\/schema\\\/logo\\\/image\\\/\"},\"sameAs\":[\"https:\\\/\\\/www.facebook.com\\\/La-Sentinelle-104059864394773\"]},{\"@type\":\"Person\",\"@id\":\"https:\\\/\\\/lasentinelle.dz\\\/#\\\/schema\\\/person\\\/729ee0024f24e0b8c5ec17232f8e8b41\",\"name\":\"admin\",\"image\":{\"@type\":\"ImageObject\",\"inLanguage\":\"fr-FR\",\"@id\":\"https:\\\/\\\/secure.gravatar.com\\\/avatar\\\/4c81fed838786e9b53f540bf46533e750f5d292099ae3b66cfc6fb1982e29df7?s=96&d=mm&r=g\",\"url\":\"https:\\\/\\\/secure.gravatar.com\\\/avatar\\\/4c81fed838786e9b53f540bf46533e750f5d292099ae3b66cfc6fb1982e29df7?s=96&d=mm&r=g\",\"contentUrl\":\"https:\\\/\\\/secure.gravatar.com\\\/avatar\\\/4c81fed838786e9b53f540bf46533e750f5d292099ae3b66cfc6fb1982e29df7?s=96&d=mm&r=g\",\"caption\":\"admin\"},\"description\":\"admin\",\"url\":\"https:\\\/\\\/lasentinelle.dz\\\/author\\\/admin\\\/\"}]}<\/script>\n<!-- \/ Yoast SEO plugin. -->","yoast_head_json":{"title":"Tour d&rsquo;Alg\u00e9rie cycliste: Hamza Yacine remporte la 2e \u00e9tape - La Sentinelle","robots":{"index":"index","follow":"follow","max-snippet":"max-snippet:-1","max-image-preview":"max-image-preview:large","max-video-preview":"max-video-preview:-1"},"canonical":"https:\/\/lasentinelle.dz\/index.php\/2025\/02\/11\/tour-dalgerie-cycliste-hamza-yacine-remporte-la-2e-etape\/","og_locale":"fr_FR","og_type":"article","og_title":"Tour d&rsquo;Alg\u00e9rie cycliste: Hamza Yacine remporte la 2e \u00e9tape - La Sentinelle","og_description":"Le Tour d&rsquo;Alg\u00e9rie cycliste 2025 continue son \u00e9pop\u00e9e spectaculaire avec une deuxi\u00e8me \u00e9tape aussi haletante qu&rsquo;un sprint final de grand","og_url":"https:\/\/lasentinelle.dz\/index.php\/2025\/02\/11\/tour-dalgerie-cycliste-hamza-yacine-remporte-la-2e-etape\/","og_site_name":"La Sentinelle","article_publisher":"https:\/\/www.facebook.com\/La-Sentinelle-104059864394773","article_published_time":"2025-02-11T10:54:53+00:00","article_modified_time":"2025-02-11T10:54:54+00:00","og_image":[{"width":960,"height":541,"url":"https:\/\/lasentinelle.dz\/wp-content\/uploads\/2025\/02\/velo.jpg","type":"image\/jpeg"}],"author":"admin","twitter_card":"summary_large_image","twitter_misc":{"\u00c9crit par":"admin","Dur\u00e9e de lecture estim\u00e9e":"3 minutes"},"schema":{"@context":"https:\/\/schema.org","@graph":[{"@type":"Article","@id":"https:\/\/lasentinelle.dz\/index.php\/2025\/02\/11\/tour-dalgerie-cycliste-hamza-yacine-remporte-la-2e-etape\/#article","isPartOf":{"@id":"https:\/\/lasentinelle.dz\/index.php\/2025\/02\/11\/tour-dalgerie-cycliste-hamza-yacine-remporte-la-2e-etape\/"},"author":{"name":"admin","@id":"https:\/\/lasentinelle.dz\/#\/schema\/person\/729ee0024f24e0b8c5ec17232f8e8b41"},"headline":"Tour d&rsquo;Alg\u00e9rie cycliste: Hamza Yacine remporte la 2e \u00e9tape","datePublished":"2025-02-11T10:54:53+00:00","dateModified":"2025-02-11T10:54:54+00:00","mainEntityOfPage":{"@id":"https:\/\/lasentinelle.dz\/index.php\/2025\/02\/11\/tour-dalgerie-cycliste-hamza-yacine-remporte-la-2e-etape\/"},"wordCount":514,"commentCount":0,"publisher":{"@id":"https:\/\/lasentinelle.dz\/#organization"},"image":{"@id":"https:\/\/lasentinelle.dz\/index.php\/2025\/02\/11\/tour-dalgerie-cycliste-hamza-yacine-remporte-la-2e-etape\/#primaryimage"},"thumbnailUrl":"https:\/\/lasentinelle.dz\/wp-content\/uploads\/2025\/02\/velo.jpg","articleSection":["Sports"],"inLanguage":"fr-FR","potentialAction":[{"@type":"CommentAction","name":"Comment","target":["https:\/\/lasentinelle.dz\/index.php\/2025\/02\/11\/tour-dalgerie-cycliste-hamza-yacine-remporte-la-2e-etape\/#respond"]}]},{"@type":"WebPage","@id":"https:\/\/lasentinelle.dz\/index.php\/2025\/02\/11\/tour-dalgerie-cycliste-hamza-yacine-remporte-la-2e-etape\/","url":"https:\/\/lasentinelle.dz\/index.php\/2025\/02\/11\/tour-dalgerie-cycliste-hamza-yacine-remporte-la-2e-etape\/","name":"Tour d&rsquo;Alg\u00e9rie cycliste: Hamza Yacine remporte la 2e \u00e9tape - La Sentinelle","isPartOf":{"@id":"https:\/\/lasentinelle.dz\/#website"},"primaryImageOfPage":{"@id":"https:\/\/lasentinelle.dz\/index.php\/2025\/02\/11\/tour-dalgerie-cycliste-hamza-yacine-remporte-la-2e-etape\/#primaryimage"},"image":{"@id":"https:\/\/lasentinelle.dz\/index.php\/2025\/02\/11\/tour-dalgerie-cycliste-hamza-yacine-remporte-la-2e-etape\/#primaryimage"},"thumbnailUrl":"https:\/\/lasentinelle.dz\/wp-content\/uploads\/2025\/02\/velo.jpg","datePublished":"2025-02-11T10:54:53+00:00","dateModified":"2025-02-11T10:54:54+00:00","breadcrumb":{"@id":"https:\/\/lasentinelle.dz\/index.php\/2025\/02\/11\/tour-dalgerie-cycliste-hamza-yacine-remporte-la-2e-etape\/#breadcrumb"},"inLanguage":"fr-FR","potentialAction":[{"@type":"ReadAction","target":["https:\/\/lasentinelle.dz\/index.php\/2025\/02\/11\/tour-dalgerie-cycliste-hamza-yacine-remporte-la-2e-etape\/"]}]},{"@type":"ImageObject","inLanguage":"fr-FR","@id":"https:\/\/lasentinelle.dz\/index.php\/2025\/02\/11\/tour-dalgerie-cycliste-hamza-yacine-remporte-la-2e-etape\/#primaryimage","url":"https:\/\/lasentinelle.dz\/wp-content\/uploads\/2025\/02\/velo.jpg","contentUrl":"https:\/\/lasentinelle.dz\/wp-content\/uploads\/2025\/02\/velo.jpg","width":960,"height":541},{"@type":"BreadcrumbList","@id":"https:\/\/lasentinelle.dz\/index.php\/2025\/02\/11\/tour-dalgerie-cycliste-hamza-yacine-remporte-la-2e-etape\/#breadcrumb","itemListElement":[{"@type":"ListItem","position":1,"name":"Accueil","item":"https:\/\/lasentinelle.dz\/"},{"@type":"ListItem","position":2,"name":"Tour d&rsquo;Alg\u00e9rie cycliste: Hamza Yacine remporte la 2e \u00e9tape"}]},{"@type":"WebSite","@id":"https:\/\/lasentinelle.dz\/#website","url":"https:\/\/lasentinelle.dz\/","name":"La Sentinelle","description":"Quotidien national d&#039;information","publisher":{"@id":"https:\/\/lasentinelle.dz\/#organization"},"potentialAction":[{"@type":"SearchAction","target":{"@type":"EntryPoint","urlTemplate":"https:\/\/lasentinelle.dz\/?s={search_term_string}"},"query-input":{"@type":"PropertyValueSpecification","valueRequired":true,"valueName":"search_term_string"}}],"inLanguage":"fr-FR"},{"@type":"Organization","@id":"https:\/\/lasentinelle.dz\/#organization","name":"Quotidien La Sentinelle","url":"https:\/\/lasentinelle.dz\/","logo":{"@type":"ImageObject","inLanguage":"fr-FR","@id":"https:\/\/lasentinelle.dz\/#\/schema\/logo\/image\/","url":"https:\/\/lasentinelle.dz\/wp-content\/uploads\/2021\/09\/logo-sentinelleSLOGAN-1.png","contentUrl":"https:\/\/lasentinelle.dz\/wp-content\/uploads\/2021\/09\/logo-sentinelleSLOGAN-1.png","width":615,"height":142,"caption":"Quotidien La Sentinelle"},"image":{"@id":"https:\/\/lasentinelle.dz\/#\/schema\/logo\/image\/"},"sameAs":["https:\/\/www.facebook.com\/La-Sentinelle-104059864394773"]},{"@type":"Person","@id":"https:\/\/lasentinelle.dz\/#\/schema\/person\/729ee0024f24e0b8c5ec17232f8e8b41","name":"admin","image":{"@type":"ImageObject","inLanguage":"fr-FR","@id":"https:\/\/secure.gravatar.com\/avatar\/4c81fed838786e9b53f540bf46533e750f5d292099ae3b66cfc6fb1982e29df7?s=96&d=mm&r=g","url":"https:\/\/secure.gravatar.com\/avatar\/4c81fed838786e9b53f540bf46533e750f5d292099ae3b66cfc6fb1982e29df7?s=96&d=mm&r=g","contentUrl":"https:\/\/secure.gravatar.com\/avatar\/4c81fed838786e9b53f540bf46533e750f5d292099ae3b66cfc6fb1982e29df7?s=96&d=mm&r=g","caption":"admin"},"description":"admin","url":"https:\/\/lasentinelle.dz\/author\/admin\/"}]}},"_links":{"self":[{"href":"https:\/\/lasentinelle.dz\/index.php\/wp-json\/wp\/v2\/posts\/62836","targetHints":{"allow":["GET"]}}],"collection":[{"href":"https:\/\/lasentinelle.dz\/index.php\/wp-json\/wp\/v2\/posts"}],"about":[{"href":"https:\/\/lasentinelle.dz\/index.php\/wp-json\/wp\/v2\/types\/post"}],"author":[{"embeddable":true,"href":"https:\/\/lasentinelle.dz\/index.php\/wp-json\/wp\/v2\/users\/6"}],"replies":[{"embeddable":true,"href":"https:\/\/lasentinelle.dz\/index.php\/wp-json\/wp\/v2\/comments?post=62836"}],"version-history":[{"count":2,"href":"https:\/\/lasentinelle.dz\/index.php\/wp-json\/wp\/v2\/posts\/62836\/revisions"}],"predecessor-version":[{"id":62839,"href":"https:\/\/lasentinelle.dz\/index.php\/wp-json\/wp\/v2\/posts\/62836\/revisions\/62839"}],"wp:featuredmedia":[{"embeddable":true,"href":"https:\/\/lasentinelle.dz\/index.php\/wp-json\/wp\/v2\/media\/62837"}],"wp:attachment":[{"href":"https:\/\/lasentinelle.dz\/index.php\/wp-json\/wp\/v2\/media?parent=62836"}],"wp:term":[{"taxonomy":"category","embeddable":true,"href":"https:\/\/lasentinelle.dz\/index.php\/wp-json\/wp\/v2\/categories?post=62836"},{"taxonomy":"post_tag","embeddable":true,"href":"https:\/\/lasentinelle.dz\/index.php\/wp-json\/wp\/v2\/tags?post=62836"}],"curies":[{"name":"wp","href":"https:\/\/api.w.org\/{rel}","templated":true}]}}