{"id":62897,"date":"2025-02-12T11:23:51","date_gmt":"2025-02-12T10:23:51","guid":{"rendered":"https:\/\/lasentinelle.dz\/?p=62897"},"modified":"2025-02-12T11:23:52","modified_gmt":"2025-02-12T10:23:52","slug":"industrie-du-livre-une-hausse-substantielle-du-soutien-de-letat","status":"publish","type":"post","link":"https:\/\/lasentinelle.dz\/index.php\/2025\/02\/12\/industrie-du-livre-une-hausse-substantielle-du-soutien-de-letat\/","title":{"rendered":"Industrie du livre: Une hausse substantielle du soutien de l&rsquo;\u00c9tat"},"content":{"rendered":"\n<p>Le Salon national du livre d&rsquo;Oran, inaugur\u00e9 lundi soir au mus\u00e9e d&rsquo;art moderne et contemporain (MAMO), s&rsquo;inscrit dans une dynamique nationale de promotion de la lecture publique, marqu\u00e9e par une augmentation significative du soutien \u00e9tatique au secteur de l&rsquo;\u00e9dition pour l&rsquo;ann\u00e9e 2025. Cette manifestation culturelle, plac\u00e9e sous le slogan \u00ab\u00a0Oran, la ville qui lit\u00a0\u00bb, b\u00e9n\u00e9ficie du double patronage du ministre de la Culture et des Arts, Zohir Ballalou, et du wali d&rsquo;Oran, Samir Chibani, t\u00e9moignant de l&rsquo;engagement des autorit\u00e9s locales et nationales en faveur du d\u00e9veloppement du secteur du livre. Lors de l&rsquo;ouverture de l&rsquo;\u00e9v\u00e9nement, le Directeur central du livre et de la lecture publique au minist\u00e8re, Tidjani Tama, a annonc\u00e9 une hausse substantielle du soutien au livre pour l&rsquo;ann\u00e9e en cours, conform\u00e9ment aux orientations minist\u00e9rielles. Cette d\u00e9cision s&rsquo;inscrit dans la continuit\u00e9 d&rsquo;une politique culturelle ambitieuse, comme en t\u00e9moignent les chiffres de 2024 o\u00f9 plus de 88.000 exemplaires de livres, couvrant divers domaines de la cr\u00e9ation culturelle et intellectuelle, ont b\u00e9n\u00e9fici\u00e9 du soutien de l&rsquo;\u00c9tat. Dans sa d\u00e9claration \u00e0 la presse, Tidjani Tama a soulign\u00e9 que \u00ab\u00a0le minist\u00e8re de la Culture et des Arts veille \u00e0 soutenir les \u00e9diteurs en leur offrant des espaces gratuits, en plus de prendre en charge leurs frais de s\u00e9jour pour les encourager \u00e0 continuer leur activit\u00e9 d&rsquo;\u00e9dition et de publication de livres\u00a0\u00bb. Cette strat\u00e9gie multidimensionnelle vise non seulement \u00e0 soutenir les acteurs de la cha\u00eene du livre mais \u00e9galement \u00e0 cr\u00e9er les conditions propices \u00e0 l&rsquo;\u00e9largissement du lectorat et \u00e0 la diffusion du livre sur l&rsquo;ensemble du territoire national. Le repr\u00e9sentant du secteur a particuli\u00e8rement insist\u00e9 sur l&rsquo;importance d&rsquo;\u00e9tablir des connexions durables avec les lecteurs, notamment les jeunes, pour ancrer durablement les pratiques de lecture dans la soci\u00e9t\u00e9 alg\u00e9rienne. L&rsquo;\u00e9v\u00e9nement, qui se poursuit jusqu&rsquo;au 17 f\u00e9vrier, rassemble plus de 90 maisons d&rsquo;\u00e9dition nationales, comme l&rsquo;a pr\u00e9cis\u00e9 la directrice locale de la culture et des arts, Bouchera Salah. Ces \u00e9diteurs pr\u00e9sentent leurs derni\u00e8res publications dans une vari\u00e9t\u00e9 de domaines intellectuels et litt\u00e9raires, offrant ainsi un panorama complet de la production \u00e9ditoriale alg\u00e9rienne contemporaine. Le salon ne se limite pas \u00e0 la simple exposition-vente de livres mais propose \u00e9galement un programme culturel et litt\u00e9raire diversifi\u00e9. La maison de la culture et des arts \u00ab\u00a0Zeddour Brahim Belkacem\u00a0\u00bb accueille des rencontres intellectuelles, tandis que le mus\u00e9e MAMO h\u00e9berge des ateliers de formation, des spectacles interactifs autour de la lecture, des activit\u00e9s li\u00e9es aux beaux-arts, ainsi que des sessions d\u00e9di\u00e9es au d\u00e9veloppement des comp\u00e9tences en lecture et \u00e9criture cr\u00e9ative. Une attention particuli\u00e8re a \u00e9t\u00e9 port\u00e9e \u00e0 l&rsquo;inclusion, avec des activit\u00e9s sp\u00e9cifiquement con\u00e7ues pour les enfants et les personnes en situation de handicap, organis\u00e9es en collaboration avec diverses associations culturelles. Cette programmation riche et vari\u00e9e illustre la volont\u00e9 des organisateurs de faire de ce salon un v\u00e9ritable carrefour culturel, capable de toucher tous les publics et de promouvoir la lecture sous toutes ses formes. L&rsquo;organisation de ce salon s&rsquo;inscrit dans une s\u00e9rie d&rsquo;\u00e9v\u00e9nements similaires organis\u00e9s \u00e0 travers le pays, d\u00e9montrant une volont\u00e9 nationale de dynamiser le secteur du livre et de la lecture publique. Cette politique culturelle ambitieuse, mat\u00e9rialis\u00e9e par des soutiens concrets aux acteurs du livre et par l&rsquo;organisation d&rsquo;\u00e9v\u00e9nements d&rsquo;envergure, t\u00e9moigne de l&rsquo;engagement des autorit\u00e9s en faveur du d\u00e9veloppement culturel et intellectuel du pays.<\/p>\n\n\n\n<p>M.S.<\/p>\n","protected":false},"excerpt":{"rendered":"<p>Le Salon national du livre d&rsquo;Oran, inaugur\u00e9 lundi soir au mus\u00e9e d&rsquo;art moderne et contemporain (MAMO), s&rsquo;inscrit dans une dynamique<\/p>\n","protected":false},"author":6,"featured_media":62562,"comment_status":"open","ping_status":"closed","sticky":false,"template":"","format":"standard","meta":{"colormag_page_container_layout":"default_layout","colormag_page_sidebar_layout":"default_layout","om_disable_all_campaigns":false,"_monsterinsights_skip_tracking":false,"_monsterinsights_sitenote_active":false,"_monsterinsights_sitenote_note":"","_monsterinsights_sitenote_category":0,"footnotes":"","_wpscppro_dont_share_socialmedia":false,"_wpscppro_custom_social_share_image":0,"_facebook_share_type":"default","_twitter_share_type":"default","_linkedin_share_type":"default","_pinterest_share_type":"default","_linkedin_share_type_page":"","_instagram_share_type":"default","_medium_share_type":"default","_threads_share_type":"","_google_business_share_type":"","_selected_social_profile":[],"_wpsp_enable_custom_social_template":false,"_wpsp_social_scheduling":{"enabled":false,"datetime":null,"platforms":[],"status":"template_only","dateOption":"today","timeOption":"now","customDays":"","customHours":"","customDate":"","customTime":"","schedulingType":"absolute"},"_wpsp_active_default_template":true},"categories":[36],"tags":[],"class_list":["post-62897","post","type-post","status-publish","format-standard","has-post-thumbnail","hentry","category-culture"],"aioseo_notices":[],"yoast_head":"<!-- This site is optimized with the Yoast SEO plugin v27.5 - https:\/\/yoast.com\/product\/yoast-seo-wordpress\/ -->\n<title>Industrie du livre: Une hausse substantielle du soutien de l&rsquo;\u00c9tat - La Sentinelle<\/title>\n<meta name=\"robots\" content=\"index, follow, max-snippet:-1, max-image-preview:large, max-video-preview:-1\" \/>\n<link rel=\"canonical\" href=\"https:\/\/lasentinelle.dz\/index.php\/2025\/02\/12\/industrie-du-livre-une-hausse-substantielle-du-soutien-de-letat\/\" \/>\n<meta property=\"og:locale\" content=\"fr_FR\" \/>\n<meta property=\"og:type\" content=\"article\" \/>\n<meta property=\"og:title\" content=\"Industrie du livre: Une hausse substantielle du soutien de l&rsquo;\u00c9tat - La Sentinelle\" \/>\n<meta property=\"og:description\" content=\"Le Salon national du livre d&rsquo;Oran, inaugur\u00e9 lundi soir au mus\u00e9e d&rsquo;art moderne et contemporain (MAMO), s&rsquo;inscrit dans une dynamique\" \/>\n<meta property=\"og:url\" content=\"https:\/\/lasentinelle.dz\/index.php\/2025\/02\/12\/industrie-du-livre-une-hausse-substantielle-du-soutien-de-letat\/\" \/>\n<meta property=\"og:site_name\" content=\"La Sentinelle\" \/>\n<meta property=\"article:publisher\" content=\"https:\/\/www.facebook.com\/La-Sentinelle-104059864394773\" \/>\n<meta property=\"article:published_time\" content=\"2025-02-12T10:23:51+00:00\" \/>\n<meta property=\"article:modified_time\" content=\"2025-02-12T10:23:52+00:00\" \/>\n<meta property=\"og:image\" content=\"https:\/\/lasentinelle.dz\/wp-content\/uploads\/2025\/02\/Livre.jpg\" \/>\n\t<meta property=\"og:image:width\" content=\"980\" \/>\n\t<meta property=\"og:image:height\" content=\"551\" \/>\n\t<meta property=\"og:image:type\" content=\"image\/jpeg\" \/>\n<meta name=\"author\" content=\"admin\" \/>\n<meta name=\"twitter:card\" content=\"summary_large_image\" \/>\n<meta name=\"twitter:label1\" content=\"\u00c9crit par\" \/>\n\t<meta name=\"twitter:data1\" content=\"admin\" \/>\n\t<meta name=\"twitter:label2\" content=\"Dur\u00e9e de lecture estim\u00e9e\" \/>\n\t<meta name=\"twitter:data2\" content=\"3 minutes\" \/>\n<script type=\"application\/ld+json\" class=\"yoast-schema-graph\">{\"@context\":\"https:\\\/\\\/schema.org\",\"@graph\":[{\"@type\":\"Article\",\"@id\":\"https:\\\/\\\/lasentinelle.dz\\\/index.php\\\/2025\\\/02\\\/12\\\/industrie-du-livre-une-hausse-substantielle-du-soutien-de-letat\\\/#article\",\"isPartOf\":{\"@id\":\"https:\\\/\\\/lasentinelle.dz\\\/index.php\\\/2025\\\/02\\\/12\\\/industrie-du-livre-une-hausse-substantielle-du-soutien-de-letat\\\/\"},\"author\":{\"name\":\"admin\",\"@id\":\"https:\\\/\\\/lasentinelle.dz\\\/#\\\/schema\\\/person\\\/729ee0024f24e0b8c5ec17232f8e8b41\"},\"headline\":\"Industrie du livre: Une hausse substantielle du soutien de l&rsquo;\u00c9tat\",\"datePublished\":\"2025-02-12T10:23:51+00:00\",\"dateModified\":\"2025-02-12T10:23:52+00:00\",\"mainEntityOfPage\":{\"@id\":\"https:\\\/\\\/lasentinelle.dz\\\/index.php\\\/2025\\\/02\\\/12\\\/industrie-du-livre-une-hausse-substantielle-du-soutien-de-letat\\\/\"},\"wordCount\":630,\"commentCount\":0,\"publisher\":{\"@id\":\"https:\\\/\\\/lasentinelle.dz\\\/#organization\"},\"image\":{\"@id\":\"https:\\\/\\\/lasentinelle.dz\\\/index.php\\\/2025\\\/02\\\/12\\\/industrie-du-livre-une-hausse-substantielle-du-soutien-de-letat\\\/#primaryimage\"},\"thumbnailUrl\":\"https:\\\/\\\/lasentinelle.dz\\\/wp-content\\\/uploads\\\/2025\\\/02\\\/Livre.jpg\",\"articleSection\":[\"Culture\"],\"inLanguage\":\"fr-FR\",\"potentialAction\":[{\"@type\":\"CommentAction\",\"name\":\"Comment\",\"target\":[\"https:\\\/\\\/lasentinelle.dz\\\/index.php\\\/2025\\\/02\\\/12\\\/industrie-du-livre-une-hausse-substantielle-du-soutien-de-letat\\\/#respond\"]}]},{\"@type\":\"WebPage\",\"@id\":\"https:\\\/\\\/lasentinelle.dz\\\/index.php\\\/2025\\\/02\\\/12\\\/industrie-du-livre-une-hausse-substantielle-du-soutien-de-letat\\\/\",\"url\":\"https:\\\/\\\/lasentinelle.dz\\\/index.php\\\/2025\\\/02\\\/12\\\/industrie-du-livre-une-hausse-substantielle-du-soutien-de-letat\\\/\",\"name\":\"Industrie du livre: Une hausse substantielle du soutien de l&rsquo;\u00c9tat - La Sentinelle\",\"isPartOf\":{\"@id\":\"https:\\\/\\\/lasentinelle.dz\\\/#website\"},\"primaryImageOfPage\":{\"@id\":\"https:\\\/\\\/lasentinelle.dz\\\/index.php\\\/2025\\\/02\\\/12\\\/industrie-du-livre-une-hausse-substantielle-du-soutien-de-letat\\\/#primaryimage\"},\"image\":{\"@id\":\"https:\\\/\\\/lasentinelle.dz\\\/index.php\\\/2025\\\/02\\\/12\\\/industrie-du-livre-une-hausse-substantielle-du-soutien-de-letat\\\/#primaryimage\"},\"thumbnailUrl\":\"https:\\\/\\\/lasentinelle.dz\\\/wp-content\\\/uploads\\\/2025\\\/02\\\/Livre.jpg\",\"datePublished\":\"2025-02-12T10:23:51+00:00\",\"dateModified\":\"2025-02-12T10:23:52+00:00\",\"breadcrumb\":{\"@id\":\"https:\\\/\\\/lasentinelle.dz\\\/index.php\\\/2025\\\/02\\\/12\\\/industrie-du-livre-une-hausse-substantielle-du-soutien-de-letat\\\/#breadcrumb\"},\"inLanguage\":\"fr-FR\",\"potentialAction\":[{\"@type\":\"ReadAction\",\"target\":[\"https:\\\/\\\/lasentinelle.dz\\\/index.php\\\/2025\\\/02\\\/12\\\/industrie-du-livre-une-hausse-substantielle-du-soutien-de-letat\\\/\"]}]},{\"@type\":\"ImageObject\",\"inLanguage\":\"fr-FR\",\"@id\":\"https:\\\/\\\/lasentinelle.dz\\\/index.php\\\/2025\\\/02\\\/12\\\/industrie-du-livre-une-hausse-substantielle-du-soutien-de-letat\\\/#primaryimage\",\"url\":\"https:\\\/\\\/lasentinelle.dz\\\/wp-content\\\/uploads\\\/2025\\\/02\\\/Livre.jpg\",\"contentUrl\":\"https:\\\/\\\/lasentinelle.dz\\\/wp-content\\\/uploads\\\/2025\\\/02\\\/Livre.jpg\",\"width\":980,\"height\":551},{\"@type\":\"BreadcrumbList\",\"@id\":\"https:\\\/\\\/lasentinelle.dz\\\/index.php\\\/2025\\\/02\\\/12\\\/industrie-du-livre-une-hausse-substantielle-du-soutien-de-letat\\\/#breadcrumb\",\"itemListElement\":[{\"@type\":\"ListItem\",\"position\":1,\"name\":\"Accueil\",\"item\":\"https:\\\/\\\/lasentinelle.dz\\\/\"},{\"@type\":\"ListItem\",\"position\":2,\"name\":\"Industrie du livre: Une hausse substantielle du soutien de l&rsquo;\u00c9tat\"}]},{\"@type\":\"WebSite\",\"@id\":\"https:\\\/\\\/lasentinelle.dz\\\/#website\",\"url\":\"https:\\\/\\\/lasentinelle.dz\\\/\",\"name\":\"La Sentinelle\",\"description\":\"Quotidien national d&#039;information\",\"publisher\":{\"@id\":\"https:\\\/\\\/lasentinelle.dz\\\/#organization\"},\"potentialAction\":[{\"@type\":\"SearchAction\",\"target\":{\"@type\":\"EntryPoint\",\"urlTemplate\":\"https:\\\/\\\/lasentinelle.dz\\\/?s={search_term_string}\"},\"query-input\":{\"@type\":\"PropertyValueSpecification\",\"valueRequired\":true,\"valueName\":\"search_term_string\"}}],\"inLanguage\":\"fr-FR\"},{\"@type\":\"Organization\",\"@id\":\"https:\\\/\\\/lasentinelle.dz\\\/#organization\",\"name\":\"Quotidien La Sentinelle\",\"url\":\"https:\\\/\\\/lasentinelle.dz\\\/\",\"logo\":{\"@type\":\"ImageObject\",\"inLanguage\":\"fr-FR\",\"@id\":\"https:\\\/\\\/lasentinelle.dz\\\/#\\\/schema\\\/logo\\\/image\\\/\",\"url\":\"https:\\\/\\\/lasentinelle.dz\\\/wp-content\\\/uploads\\\/2021\\\/09\\\/logo-sentinelleSLOGAN-1.png\",\"contentUrl\":\"https:\\\/\\\/lasentinelle.dz\\\/wp-content\\\/uploads\\\/2021\\\/09\\\/logo-sentinelleSLOGAN-1.png\",\"width\":615,\"height\":142,\"caption\":\"Quotidien La Sentinelle\"},\"image\":{\"@id\":\"https:\\\/\\\/lasentinelle.dz\\\/#\\\/schema\\\/logo\\\/image\\\/\"},\"sameAs\":[\"https:\\\/\\\/www.facebook.com\\\/La-Sentinelle-104059864394773\"]},{\"@type\":\"Person\",\"@id\":\"https:\\\/\\\/lasentinelle.dz\\\/#\\\/schema\\\/person\\\/729ee0024f24e0b8c5ec17232f8e8b41\",\"name\":\"admin\",\"image\":{\"@type\":\"ImageObject\",\"inLanguage\":\"fr-FR\",\"@id\":\"https:\\\/\\\/secure.gravatar.com\\\/avatar\\\/4c81fed838786e9b53f540bf46533e750f5d292099ae3b66cfc6fb1982e29df7?s=96&d=mm&r=g\",\"url\":\"https:\\\/\\\/secure.gravatar.com\\\/avatar\\\/4c81fed838786e9b53f540bf46533e750f5d292099ae3b66cfc6fb1982e29df7?s=96&d=mm&r=g\",\"contentUrl\":\"https:\\\/\\\/secure.gravatar.com\\\/avatar\\\/4c81fed838786e9b53f540bf46533e750f5d292099ae3b66cfc6fb1982e29df7?s=96&d=mm&r=g\",\"caption\":\"admin\"},\"description\":\"admin\",\"url\":\"https:\\\/\\\/lasentinelle.dz\\\/author\\\/admin\\\/\"}]}<\/script>\n<!-- \/ Yoast SEO plugin. -->","yoast_head_json":{"title":"Industrie du livre: Une hausse substantielle du soutien de l&rsquo;\u00c9tat - La Sentinelle","robots":{"index":"index","follow":"follow","max-snippet":"max-snippet:-1","max-image-preview":"max-image-preview:large","max-video-preview":"max-video-preview:-1"},"canonical":"https:\/\/lasentinelle.dz\/index.php\/2025\/02\/12\/industrie-du-livre-une-hausse-substantielle-du-soutien-de-letat\/","og_locale":"fr_FR","og_type":"article","og_title":"Industrie du livre: Une hausse substantielle du soutien de l&rsquo;\u00c9tat - La Sentinelle","og_description":"Le Salon national du livre d&rsquo;Oran, inaugur\u00e9 lundi soir au mus\u00e9e d&rsquo;art moderne et contemporain (MAMO), s&rsquo;inscrit dans une dynamique","og_url":"https:\/\/lasentinelle.dz\/index.php\/2025\/02\/12\/industrie-du-livre-une-hausse-substantielle-du-soutien-de-letat\/","og_site_name":"La Sentinelle","article_publisher":"https:\/\/www.facebook.com\/La-Sentinelle-104059864394773","article_published_time":"2025-02-12T10:23:51+00:00","article_modified_time":"2025-02-12T10:23:52+00:00","og_image":[{"width":980,"height":551,"url":"https:\/\/lasentinelle.dz\/wp-content\/uploads\/2025\/02\/Livre.jpg","type":"image\/jpeg"}],"author":"admin","twitter_card":"summary_large_image","twitter_misc":{"\u00c9crit par":"admin","Dur\u00e9e de lecture estim\u00e9e":"3 minutes"},"schema":{"@context":"https:\/\/schema.org","@graph":[{"@type":"Article","@id":"https:\/\/lasentinelle.dz\/index.php\/2025\/02\/12\/industrie-du-livre-une-hausse-substantielle-du-soutien-de-letat\/#article","isPartOf":{"@id":"https:\/\/lasentinelle.dz\/index.php\/2025\/02\/12\/industrie-du-livre-une-hausse-substantielle-du-soutien-de-letat\/"},"author":{"name":"admin","@id":"https:\/\/lasentinelle.dz\/#\/schema\/person\/729ee0024f24e0b8c5ec17232f8e8b41"},"headline":"Industrie du livre: Une hausse substantielle du soutien de l&rsquo;\u00c9tat","datePublished":"2025-02-12T10:23:51+00:00","dateModified":"2025-02-12T10:23:52+00:00","mainEntityOfPage":{"@id":"https:\/\/lasentinelle.dz\/index.php\/2025\/02\/12\/industrie-du-livre-une-hausse-substantielle-du-soutien-de-letat\/"},"wordCount":630,"commentCount":0,"publisher":{"@id":"https:\/\/lasentinelle.dz\/#organization"},"image":{"@id":"https:\/\/lasentinelle.dz\/index.php\/2025\/02\/12\/industrie-du-livre-une-hausse-substantielle-du-soutien-de-letat\/#primaryimage"},"thumbnailUrl":"https:\/\/lasentinelle.dz\/wp-content\/uploads\/2025\/02\/Livre.jpg","articleSection":["Culture"],"inLanguage":"fr-FR","potentialAction":[{"@type":"CommentAction","name":"Comment","target":["https:\/\/lasentinelle.dz\/index.php\/2025\/02\/12\/industrie-du-livre-une-hausse-substantielle-du-soutien-de-letat\/#respond"]}]},{"@type":"WebPage","@id":"https:\/\/lasentinelle.dz\/index.php\/2025\/02\/12\/industrie-du-livre-une-hausse-substantielle-du-soutien-de-letat\/","url":"https:\/\/lasentinelle.dz\/index.php\/2025\/02\/12\/industrie-du-livre-une-hausse-substantielle-du-soutien-de-letat\/","name":"Industrie du livre: Une hausse substantielle du soutien de l&rsquo;\u00c9tat - La Sentinelle","isPartOf":{"@id":"https:\/\/lasentinelle.dz\/#website"},"primaryImageOfPage":{"@id":"https:\/\/lasentinelle.dz\/index.php\/2025\/02\/12\/industrie-du-livre-une-hausse-substantielle-du-soutien-de-letat\/#primaryimage"},"image":{"@id":"https:\/\/lasentinelle.dz\/index.php\/2025\/02\/12\/industrie-du-livre-une-hausse-substantielle-du-soutien-de-letat\/#primaryimage"},"thumbnailUrl":"https:\/\/lasentinelle.dz\/wp-content\/uploads\/2025\/02\/Livre.jpg","datePublished":"2025-02-12T10:23:51+00:00","dateModified":"2025-02-12T10:23:52+00:00","breadcrumb":{"@id":"https:\/\/lasentinelle.dz\/index.php\/2025\/02\/12\/industrie-du-livre-une-hausse-substantielle-du-soutien-de-letat\/#breadcrumb"},"inLanguage":"fr-FR","potentialAction":[{"@type":"ReadAction","target":["https:\/\/lasentinelle.dz\/index.php\/2025\/02\/12\/industrie-du-livre-une-hausse-substantielle-du-soutien-de-letat\/"]}]},{"@type":"ImageObject","inLanguage":"fr-FR","@id":"https:\/\/lasentinelle.dz\/index.php\/2025\/02\/12\/industrie-du-livre-une-hausse-substantielle-du-soutien-de-letat\/#primaryimage","url":"https:\/\/lasentinelle.dz\/wp-content\/uploads\/2025\/02\/Livre.jpg","contentUrl":"https:\/\/lasentinelle.dz\/wp-content\/uploads\/2025\/02\/Livre.jpg","width":980,"height":551},{"@type":"BreadcrumbList","@id":"https:\/\/lasentinelle.dz\/index.php\/2025\/02\/12\/industrie-du-livre-une-hausse-substantielle-du-soutien-de-letat\/#breadcrumb","itemListElement":[{"@type":"ListItem","position":1,"name":"Accueil","item":"https:\/\/lasentinelle.dz\/"},{"@type":"ListItem","position":2,"name":"Industrie du livre: Une hausse substantielle du soutien de l&rsquo;\u00c9tat"}]},{"@type":"WebSite","@id":"https:\/\/lasentinelle.dz\/#website","url":"https:\/\/lasentinelle.dz\/","name":"La Sentinelle","description":"Quotidien national d&#039;information","publisher":{"@id":"https:\/\/lasentinelle.dz\/#organization"},"potentialAction":[{"@type":"SearchAction","target":{"@type":"EntryPoint","urlTemplate":"https:\/\/lasentinelle.dz\/?s={search_term_string}"},"query-input":{"@type":"PropertyValueSpecification","valueRequired":true,"valueName":"search_term_string"}}],"inLanguage":"fr-FR"},{"@type":"Organization","@id":"https:\/\/lasentinelle.dz\/#organization","name":"Quotidien La Sentinelle","url":"https:\/\/lasentinelle.dz\/","logo":{"@type":"ImageObject","inLanguage":"fr-FR","@id":"https:\/\/lasentinelle.dz\/#\/schema\/logo\/image\/","url":"https:\/\/lasentinelle.dz\/wp-content\/uploads\/2021\/09\/logo-sentinelleSLOGAN-1.png","contentUrl":"https:\/\/lasentinelle.dz\/wp-content\/uploads\/2021\/09\/logo-sentinelleSLOGAN-1.png","width":615,"height":142,"caption":"Quotidien La Sentinelle"},"image":{"@id":"https:\/\/lasentinelle.dz\/#\/schema\/logo\/image\/"},"sameAs":["https:\/\/www.facebook.com\/La-Sentinelle-104059864394773"]},{"@type":"Person","@id":"https:\/\/lasentinelle.dz\/#\/schema\/person\/729ee0024f24e0b8c5ec17232f8e8b41","name":"admin","image":{"@type":"ImageObject","inLanguage":"fr-FR","@id":"https:\/\/secure.gravatar.com\/avatar\/4c81fed838786e9b53f540bf46533e750f5d292099ae3b66cfc6fb1982e29df7?s=96&d=mm&r=g","url":"https:\/\/secure.gravatar.com\/avatar\/4c81fed838786e9b53f540bf46533e750f5d292099ae3b66cfc6fb1982e29df7?s=96&d=mm&r=g","contentUrl":"https:\/\/secure.gravatar.com\/avatar\/4c81fed838786e9b53f540bf46533e750f5d292099ae3b66cfc6fb1982e29df7?s=96&d=mm&r=g","caption":"admin"},"description":"admin","url":"https:\/\/lasentinelle.dz\/author\/admin\/"}]}},"_links":{"self":[{"href":"https:\/\/lasentinelle.dz\/index.php\/wp-json\/wp\/v2\/posts\/62897","targetHints":{"allow":["GET"]}}],"collection":[{"href":"https:\/\/lasentinelle.dz\/index.php\/wp-json\/wp\/v2\/posts"}],"about":[{"href":"https:\/\/lasentinelle.dz\/index.php\/wp-json\/wp\/v2\/types\/post"}],"author":[{"embeddable":true,"href":"https:\/\/lasentinelle.dz\/index.php\/wp-json\/wp\/v2\/users\/6"}],"replies":[{"embeddable":true,"href":"https:\/\/lasentinelle.dz\/index.php\/wp-json\/wp\/v2\/comments?post=62897"}],"version-history":[{"count":2,"href":"https:\/\/lasentinelle.dz\/index.php\/wp-json\/wp\/v2\/posts\/62897\/revisions"}],"predecessor-version":[{"id":62899,"href":"https:\/\/lasentinelle.dz\/index.php\/wp-json\/wp\/v2\/posts\/62897\/revisions\/62899"}],"wp:featuredmedia":[{"embeddable":true,"href":"https:\/\/lasentinelle.dz\/index.php\/wp-json\/wp\/v2\/media\/62562"}],"wp:attachment":[{"href":"https:\/\/lasentinelle.dz\/index.php\/wp-json\/wp\/v2\/media?parent=62897"}],"wp:term":[{"taxonomy":"category","embeddable":true,"href":"https:\/\/lasentinelle.dz\/index.php\/wp-json\/wp\/v2\/categories?post=62897"},{"taxonomy":"post_tag","embeddable":true,"href":"https:\/\/lasentinelle.dz\/index.php\/wp-json\/wp\/v2\/tags?post=62897"}],"curies":[{"name":"wp","href":"https:\/\/api.w.org\/{rel}","templated":true}]}}