{"id":62938,"date":"2025-02-12T12:04:00","date_gmt":"2025-02-12T11:04:00","guid":{"rendered":"https:\/\/lasentinelle.dz\/?p=62938"},"modified":"2025-02-12T12:25:08","modified_gmt":"2025-02-12T11:25:08","slug":"algerie-ue-journee-dinformation-sur-lappel-a-projets-relatif-a-la-transition-verte","status":"publish","type":"post","link":"https:\/\/lasentinelle.dz\/index.php\/2025\/02\/12\/algerie-ue-journee-dinformation-sur-lappel-a-projets-relatif-a-la-transition-verte\/","title":{"rendered":"Alg\u00e9rie-UE: Journ\u00e9e d&rsquo;information sur l&rsquo;appel \u00e0 projets relatif \u00e0 la transition verte"},"content":{"rendered":"\n<p>Une journ\u00e9e d&rsquo;information a \u00e9t\u00e9 organis\u00e9e mardi \u00e0 Alger, sur le lancement du deuxi\u00e8me appel \u00e0 projets concernant la transition verte, dans le cadre du programme \u00ab\u00a0Interreg NEXT MED\u00a0\u00bb de la coop\u00e9ration transfrontali\u00e8re de l&rsquo;Union europ\u00e9enne (UE). Les axes de ce deuxi\u00e8me appel portent sur les d\u00e9fis communs auxquels sont confront\u00e9s les pays du bassin m\u00e9diterran\u00e9en, tels que le changement climatique, l&rsquo;\u00e9conomie verte et circulaire. Le directeur du Centre national d&rsquo;\u00e9tudes et d&rsquo;analyses pour la population et le d\u00e9veloppement (CENEAP), relevant du minist\u00e8re de l&rsquo;Int\u00e9rieur, des Collectivit\u00e9s locales et de l&rsquo;Am\u00e9nagement du territoire, Mustapha Haddam, a expliqu\u00e9 qu&rsquo;apr\u00e8s la premi\u00e8re phase du projet de coop\u00e9ration avec l&rsquo;UE, visant \u00e0 renforcer les petites entreprises et les porteurs de microprojets, l&rsquo;Alg\u00e9rie participe au deuxi\u00e8me appel, qui porte sur le d\u00e9veloppement durable et la transition vers une \u00e9conomie verte. M. Haddam a ajout\u00e9 que cette initiative vise \u00e0 \u00ab\u00a0encourager la transition de l&rsquo;\u00e9conomie traditionnelle, qui repose principalement sur les richesses souterraines, vers l&rsquo;\u00e9conomie verte et circulaire, l&rsquo;\u00e9nergie solaire, les \u00e9nergies renouvelables et la pr\u00e9servation de l&rsquo;environnement\u00a0\u00bb. Soulignant l&rsquo;importance d&rsquo;encourager, notamment les jeunes, \u00e0 s&rsquo;int\u00e9resser \u00e0 ce domaine pour cr\u00e9er des entreprises durables, le responsable a pr\u00e9cis\u00e9 que l&rsquo;Alg\u00e9rie, au regard de ses engagements internationaux dans ce domaine, accorde une \u00ab\u00a0grande attention\u00a0\u00bb \u00e0 la question de la transition progressive de l&rsquo;\u00e9conomie traditionnelle vers la transition verte. Au cours de cette journ\u00e9e d&rsquo;information, \u00e0 laquelle ont particip\u00e9 des repr\u00e9sentants de plusieurs organismes et minist\u00e8res, les crit\u00e8res et conditions de participation \u00e0 l&rsquo;appel \u00e0 projets ainsi que les modes de financement ont \u00e9t\u00e9 pr\u00e9sent\u00e9s. De son c\u00f4t\u00e9, le repr\u00e9sentant du Programme de l&rsquo;UE, Martin Heibel, a indiqu\u00e9 qu&rsquo;une plateforme num\u00e9rique a \u00e9t\u00e9 lanc\u00e9e pour accueillir les projets li\u00e9s \u00e0 cet appel, tout en encourageant les jeunes \u00e0 contribuer \u00e0 cette initiative, r\u00e9affirmant l&rsquo;engagement du Programme \u00e0 accompagner les efforts de l&rsquo;Alg\u00e9rie pour concr\u00e9tiser sa politique visant \u00e0 r\u00e9aliser la transition \u00e9nerg\u00e9tique.<\/p>\n\n\n\n<p>APS<\/p>\n","protected":false},"excerpt":{"rendered":"<p>Une journ\u00e9e d&rsquo;information a \u00e9t\u00e9 organis\u00e9e mardi \u00e0 Alger, sur le lancement du deuxi\u00e8me appel \u00e0 projets concernant la transition<\/p>\n","protected":false},"author":6,"featured_media":23844,"comment_status":"open","ping_status":"closed","sticky":false,"template":"","format":"standard","meta":{"colormag_page_container_layout":"default_layout","colormag_page_sidebar_layout":"default_layout","om_disable_all_campaigns":false,"_monsterinsights_skip_tracking":false,"_monsterinsights_sitenote_active":false,"_monsterinsights_sitenote_note":"","_monsterinsights_sitenote_category":0,"footnotes":"","_wpscppro_dont_share_socialmedia":false,"_wpscppro_custom_social_share_image":0,"_facebook_share_type":"default","_twitter_share_type":"default","_linkedin_share_type":"default","_pinterest_share_type":"default","_linkedin_share_type_page":"","_instagram_share_type":"default","_medium_share_type":"default","_threads_share_type":"","_google_business_share_type":"","_selected_social_profile":[],"_wpsp_enable_custom_social_template":false,"_wpsp_social_scheduling":{"enabled":false,"datetime":null,"platforms":[],"status":"template_only","dateOption":"today","timeOption":"now","customDays":"","customHours":"","customDate":"","customTime":"","schedulingType":"absolute"},"_wpsp_active_default_template":true},"categories":[29],"tags":[],"class_list":["post-62938","post","type-post","status-publish","format-standard","has-post-thumbnail","hentry","category-economie"],"aioseo_notices":[],"yoast_head":"<!-- This site is optimized with the Yoast SEO plugin v27.5 - https:\/\/yoast.com\/product\/yoast-seo-wordpress\/ -->\n<title>Alg\u00e9rie-UE: Journ\u00e9e d&rsquo;information sur l&rsquo;appel \u00e0 projets relatif \u00e0 la transition verte - La Sentinelle<\/title>\n<meta name=\"robots\" content=\"index, follow, max-snippet:-1, max-image-preview:large, max-video-preview:-1\" \/>\n<link rel=\"canonical\" href=\"https:\/\/lasentinelle.dz\/index.php\/2025\/02\/12\/algerie-ue-journee-dinformation-sur-lappel-a-projets-relatif-a-la-transition-verte\/\" \/>\n<meta property=\"og:locale\" content=\"fr_FR\" \/>\n<meta property=\"og:type\" content=\"article\" \/>\n<meta property=\"og:title\" content=\"Alg\u00e9rie-UE: Journ\u00e9e d&rsquo;information sur l&rsquo;appel \u00e0 projets relatif \u00e0 la transition verte - La Sentinelle\" \/>\n<meta property=\"og:description\" content=\"Une journ\u00e9e d&rsquo;information a \u00e9t\u00e9 organis\u00e9e mardi \u00e0 Alger, sur le lancement du deuxi\u00e8me appel \u00e0 projets concernant la transition\" \/>\n<meta property=\"og:url\" content=\"https:\/\/lasentinelle.dz\/index.php\/2025\/02\/12\/algerie-ue-journee-dinformation-sur-lappel-a-projets-relatif-a-la-transition-verte\/\" \/>\n<meta property=\"og:site_name\" content=\"La Sentinelle\" \/>\n<meta property=\"article:publisher\" content=\"https:\/\/www.facebook.com\/La-Sentinelle-104059864394773\" \/>\n<meta property=\"article:published_time\" content=\"2025-02-12T11:04:00+00:00\" \/>\n<meta property=\"article:modified_time\" content=\"2025-02-12T11:25:08+00:00\" \/>\n<meta property=\"og:image\" content=\"https:\/\/lasentinelle.dz\/wp-content\/uploads\/2022\/07\/ENR-1024x538.png\" \/>\n\t<meta property=\"og:image:width\" content=\"1024\" \/>\n\t<meta property=\"og:image:height\" content=\"538\" \/>\n\t<meta property=\"og:image:type\" content=\"image\/png\" \/>\n<meta name=\"author\" content=\"admin\" \/>\n<meta name=\"twitter:card\" content=\"summary_large_image\" \/>\n<meta name=\"twitter:label1\" content=\"\u00c9crit par\" \/>\n\t<meta name=\"twitter:data1\" content=\"admin\" \/>\n\t<meta name=\"twitter:label2\" content=\"Dur\u00e9e de lecture estim\u00e9e\" \/>\n\t<meta name=\"twitter:data2\" content=\"2 minutes\" \/>\n<script type=\"application\/ld+json\" class=\"yoast-schema-graph\">{\"@context\":\"https:\\\/\\\/schema.org\",\"@graph\":[{\"@type\":\"Article\",\"@id\":\"https:\\\/\\\/lasentinelle.dz\\\/index.php\\\/2025\\\/02\\\/12\\\/algerie-ue-journee-dinformation-sur-lappel-a-projets-relatif-a-la-transition-verte\\\/#article\",\"isPartOf\":{\"@id\":\"https:\\\/\\\/lasentinelle.dz\\\/index.php\\\/2025\\\/02\\\/12\\\/algerie-ue-journee-dinformation-sur-lappel-a-projets-relatif-a-la-transition-verte\\\/\"},\"author\":{\"name\":\"admin\",\"@id\":\"https:\\\/\\\/lasentinelle.dz\\\/#\\\/schema\\\/person\\\/729ee0024f24e0b8c5ec17232f8e8b41\"},\"headline\":\"Alg\u00e9rie-UE: Journ\u00e9e d&rsquo;information sur l&rsquo;appel \u00e0 projets relatif \u00e0 la transition verte\",\"datePublished\":\"2025-02-12T11:04:00+00:00\",\"dateModified\":\"2025-02-12T11:25:08+00:00\",\"mainEntityOfPage\":{\"@id\":\"https:\\\/\\\/lasentinelle.dz\\\/index.php\\\/2025\\\/02\\\/12\\\/algerie-ue-journee-dinformation-sur-lappel-a-projets-relatif-a-la-transition-verte\\\/\"},\"wordCount\":385,\"commentCount\":0,\"publisher\":{\"@id\":\"https:\\\/\\\/lasentinelle.dz\\\/#organization\"},\"image\":{\"@id\":\"https:\\\/\\\/lasentinelle.dz\\\/index.php\\\/2025\\\/02\\\/12\\\/algerie-ue-journee-dinformation-sur-lappel-a-projets-relatif-a-la-transition-verte\\\/#primaryimage\"},\"thumbnailUrl\":\"https:\\\/\\\/lasentinelle.dz\\\/wp-content\\\/uploads\\\/2022\\\/07\\\/ENR.png\",\"articleSection\":[\"\u00c9conomie\"],\"inLanguage\":\"fr-FR\",\"potentialAction\":[{\"@type\":\"CommentAction\",\"name\":\"Comment\",\"target\":[\"https:\\\/\\\/lasentinelle.dz\\\/index.php\\\/2025\\\/02\\\/12\\\/algerie-ue-journee-dinformation-sur-lappel-a-projets-relatif-a-la-transition-verte\\\/#respond\"]}]},{\"@type\":\"WebPage\",\"@id\":\"https:\\\/\\\/lasentinelle.dz\\\/index.php\\\/2025\\\/02\\\/12\\\/algerie-ue-journee-dinformation-sur-lappel-a-projets-relatif-a-la-transition-verte\\\/\",\"url\":\"https:\\\/\\\/lasentinelle.dz\\\/index.php\\\/2025\\\/02\\\/12\\\/algerie-ue-journee-dinformation-sur-lappel-a-projets-relatif-a-la-transition-verte\\\/\",\"name\":\"Alg\u00e9rie-UE: Journ\u00e9e d&rsquo;information sur l&rsquo;appel \u00e0 projets relatif \u00e0 la transition verte - La Sentinelle\",\"isPartOf\":{\"@id\":\"https:\\\/\\\/lasentinelle.dz\\\/#website\"},\"primaryImageOfPage\":{\"@id\":\"https:\\\/\\\/lasentinelle.dz\\\/index.php\\\/2025\\\/02\\\/12\\\/algerie-ue-journee-dinformation-sur-lappel-a-projets-relatif-a-la-transition-verte\\\/#primaryimage\"},\"image\":{\"@id\":\"https:\\\/\\\/lasentinelle.dz\\\/index.php\\\/2025\\\/02\\\/12\\\/algerie-ue-journee-dinformation-sur-lappel-a-projets-relatif-a-la-transition-verte\\\/#primaryimage\"},\"thumbnailUrl\":\"https:\\\/\\\/lasentinelle.dz\\\/wp-content\\\/uploads\\\/2022\\\/07\\\/ENR.png\",\"datePublished\":\"2025-02-12T11:04:00+00:00\",\"dateModified\":\"2025-02-12T11:25:08+00:00\",\"breadcrumb\":{\"@id\":\"https:\\\/\\\/lasentinelle.dz\\\/index.php\\\/2025\\\/02\\\/12\\\/algerie-ue-journee-dinformation-sur-lappel-a-projets-relatif-a-la-transition-verte\\\/#breadcrumb\"},\"inLanguage\":\"fr-FR\",\"potentialAction\":[{\"@type\":\"ReadAction\",\"target\":[\"https:\\\/\\\/lasentinelle.dz\\\/index.php\\\/2025\\\/02\\\/12\\\/algerie-ue-journee-dinformation-sur-lappel-a-projets-relatif-a-la-transition-verte\\\/\"]}]},{\"@type\":\"ImageObject\",\"inLanguage\":\"fr-FR\",\"@id\":\"https:\\\/\\\/lasentinelle.dz\\\/index.php\\\/2025\\\/02\\\/12\\\/algerie-ue-journee-dinformation-sur-lappel-a-projets-relatif-a-la-transition-verte\\\/#primaryimage\",\"url\":\"https:\\\/\\\/lasentinelle.dz\\\/wp-content\\\/uploads\\\/2022\\\/07\\\/ENR.png\",\"contentUrl\":\"https:\\\/\\\/lasentinelle.dz\\\/wp-content\\\/uploads\\\/2022\\\/07\\\/ENR.png\",\"width\":1714,\"height\":900},{\"@type\":\"BreadcrumbList\",\"@id\":\"https:\\\/\\\/lasentinelle.dz\\\/index.php\\\/2025\\\/02\\\/12\\\/algerie-ue-journee-dinformation-sur-lappel-a-projets-relatif-a-la-transition-verte\\\/#breadcrumb\",\"itemListElement\":[{\"@type\":\"ListItem\",\"position\":1,\"name\":\"Accueil\",\"item\":\"https:\\\/\\\/lasentinelle.dz\\\/\"},{\"@type\":\"ListItem\",\"position\":2,\"name\":\"Alg\u00e9rie-UE: Journ\u00e9e d&rsquo;information sur l&rsquo;appel \u00e0 projets relatif \u00e0 la transition verte\"}]},{\"@type\":\"WebSite\",\"@id\":\"https:\\\/\\\/lasentinelle.dz\\\/#website\",\"url\":\"https:\\\/\\\/lasentinelle.dz\\\/\",\"name\":\"La Sentinelle\",\"description\":\"Quotidien national d&#039;information\",\"publisher\":{\"@id\":\"https:\\\/\\\/lasentinelle.dz\\\/#organization\"},\"potentialAction\":[{\"@type\":\"SearchAction\",\"target\":{\"@type\":\"EntryPoint\",\"urlTemplate\":\"https:\\\/\\\/lasentinelle.dz\\\/?s={search_term_string}\"},\"query-input\":{\"@type\":\"PropertyValueSpecification\",\"valueRequired\":true,\"valueName\":\"search_term_string\"}}],\"inLanguage\":\"fr-FR\"},{\"@type\":\"Organization\",\"@id\":\"https:\\\/\\\/lasentinelle.dz\\\/#organization\",\"name\":\"Quotidien La Sentinelle\",\"url\":\"https:\\\/\\\/lasentinelle.dz\\\/\",\"logo\":{\"@type\":\"ImageObject\",\"inLanguage\":\"fr-FR\",\"@id\":\"https:\\\/\\\/lasentinelle.dz\\\/#\\\/schema\\\/logo\\\/image\\\/\",\"url\":\"https:\\\/\\\/lasentinelle.dz\\\/wp-content\\\/uploads\\\/2021\\\/09\\\/logo-sentinelleSLOGAN-1.png\",\"contentUrl\":\"https:\\\/\\\/lasentinelle.dz\\\/wp-content\\\/uploads\\\/2021\\\/09\\\/logo-sentinelleSLOGAN-1.png\",\"width\":615,\"height\":142,\"caption\":\"Quotidien La Sentinelle\"},\"image\":{\"@id\":\"https:\\\/\\\/lasentinelle.dz\\\/#\\\/schema\\\/logo\\\/image\\\/\"},\"sameAs\":[\"https:\\\/\\\/www.facebook.com\\\/La-Sentinelle-104059864394773\"]},{\"@type\":\"Person\",\"@id\":\"https:\\\/\\\/lasentinelle.dz\\\/#\\\/schema\\\/person\\\/729ee0024f24e0b8c5ec17232f8e8b41\",\"name\":\"admin\",\"image\":{\"@type\":\"ImageObject\",\"inLanguage\":\"fr-FR\",\"@id\":\"https:\\\/\\\/secure.gravatar.com\\\/avatar\\\/4c81fed838786e9b53f540bf46533e750f5d292099ae3b66cfc6fb1982e29df7?s=96&d=mm&r=g\",\"url\":\"https:\\\/\\\/secure.gravatar.com\\\/avatar\\\/4c81fed838786e9b53f540bf46533e750f5d292099ae3b66cfc6fb1982e29df7?s=96&d=mm&r=g\",\"contentUrl\":\"https:\\\/\\\/secure.gravatar.com\\\/avatar\\\/4c81fed838786e9b53f540bf46533e750f5d292099ae3b66cfc6fb1982e29df7?s=96&d=mm&r=g\",\"caption\":\"admin\"},\"description\":\"admin\",\"url\":\"https:\\\/\\\/lasentinelle.dz\\\/author\\\/admin\\\/\"}]}<\/script>\n<!-- \/ Yoast SEO plugin. -->","yoast_head_json":{"title":"Alg\u00e9rie-UE: Journ\u00e9e d&rsquo;information sur l&rsquo;appel \u00e0 projets relatif \u00e0 la transition verte - La Sentinelle","robots":{"index":"index","follow":"follow","max-snippet":"max-snippet:-1","max-image-preview":"max-image-preview:large","max-video-preview":"max-video-preview:-1"},"canonical":"https:\/\/lasentinelle.dz\/index.php\/2025\/02\/12\/algerie-ue-journee-dinformation-sur-lappel-a-projets-relatif-a-la-transition-verte\/","og_locale":"fr_FR","og_type":"article","og_title":"Alg\u00e9rie-UE: Journ\u00e9e d&rsquo;information sur l&rsquo;appel \u00e0 projets relatif \u00e0 la transition verte - La Sentinelle","og_description":"Une journ\u00e9e d&rsquo;information a \u00e9t\u00e9 organis\u00e9e mardi \u00e0 Alger, sur le lancement du deuxi\u00e8me appel \u00e0 projets concernant la transition","og_url":"https:\/\/lasentinelle.dz\/index.php\/2025\/02\/12\/algerie-ue-journee-dinformation-sur-lappel-a-projets-relatif-a-la-transition-verte\/","og_site_name":"La Sentinelle","article_publisher":"https:\/\/www.facebook.com\/La-Sentinelle-104059864394773","article_published_time":"2025-02-12T11:04:00+00:00","article_modified_time":"2025-02-12T11:25:08+00:00","og_image":[{"width":1024,"height":538,"url":"https:\/\/lasentinelle.dz\/wp-content\/uploads\/2022\/07\/ENR-1024x538.png","type":"image\/png"}],"author":"admin","twitter_card":"summary_large_image","twitter_misc":{"\u00c9crit par":"admin","Dur\u00e9e de lecture estim\u00e9e":"2 minutes"},"schema":{"@context":"https:\/\/schema.org","@graph":[{"@type":"Article","@id":"https:\/\/lasentinelle.dz\/index.php\/2025\/02\/12\/algerie-ue-journee-dinformation-sur-lappel-a-projets-relatif-a-la-transition-verte\/#article","isPartOf":{"@id":"https:\/\/lasentinelle.dz\/index.php\/2025\/02\/12\/algerie-ue-journee-dinformation-sur-lappel-a-projets-relatif-a-la-transition-verte\/"},"author":{"name":"admin","@id":"https:\/\/lasentinelle.dz\/#\/schema\/person\/729ee0024f24e0b8c5ec17232f8e8b41"},"headline":"Alg\u00e9rie-UE: Journ\u00e9e d&rsquo;information sur l&rsquo;appel \u00e0 projets relatif \u00e0 la transition verte","datePublished":"2025-02-12T11:04:00+00:00","dateModified":"2025-02-12T11:25:08+00:00","mainEntityOfPage":{"@id":"https:\/\/lasentinelle.dz\/index.php\/2025\/02\/12\/algerie-ue-journee-dinformation-sur-lappel-a-projets-relatif-a-la-transition-verte\/"},"wordCount":385,"commentCount":0,"publisher":{"@id":"https:\/\/lasentinelle.dz\/#organization"},"image":{"@id":"https:\/\/lasentinelle.dz\/index.php\/2025\/02\/12\/algerie-ue-journee-dinformation-sur-lappel-a-projets-relatif-a-la-transition-verte\/#primaryimage"},"thumbnailUrl":"https:\/\/lasentinelle.dz\/wp-content\/uploads\/2022\/07\/ENR.png","articleSection":["\u00c9conomie"],"inLanguage":"fr-FR","potentialAction":[{"@type":"CommentAction","name":"Comment","target":["https:\/\/lasentinelle.dz\/index.php\/2025\/02\/12\/algerie-ue-journee-dinformation-sur-lappel-a-projets-relatif-a-la-transition-verte\/#respond"]}]},{"@type":"WebPage","@id":"https:\/\/lasentinelle.dz\/index.php\/2025\/02\/12\/algerie-ue-journee-dinformation-sur-lappel-a-projets-relatif-a-la-transition-verte\/","url":"https:\/\/lasentinelle.dz\/index.php\/2025\/02\/12\/algerie-ue-journee-dinformation-sur-lappel-a-projets-relatif-a-la-transition-verte\/","name":"Alg\u00e9rie-UE: Journ\u00e9e d&rsquo;information sur l&rsquo;appel \u00e0 projets relatif \u00e0 la transition verte - La Sentinelle","isPartOf":{"@id":"https:\/\/lasentinelle.dz\/#website"},"primaryImageOfPage":{"@id":"https:\/\/lasentinelle.dz\/index.php\/2025\/02\/12\/algerie-ue-journee-dinformation-sur-lappel-a-projets-relatif-a-la-transition-verte\/#primaryimage"},"image":{"@id":"https:\/\/lasentinelle.dz\/index.php\/2025\/02\/12\/algerie-ue-journee-dinformation-sur-lappel-a-projets-relatif-a-la-transition-verte\/#primaryimage"},"thumbnailUrl":"https:\/\/lasentinelle.dz\/wp-content\/uploads\/2022\/07\/ENR.png","datePublished":"2025-02-12T11:04:00+00:00","dateModified":"2025-02-12T11:25:08+00:00","breadcrumb":{"@id":"https:\/\/lasentinelle.dz\/index.php\/2025\/02\/12\/algerie-ue-journee-dinformation-sur-lappel-a-projets-relatif-a-la-transition-verte\/#breadcrumb"},"inLanguage":"fr-FR","potentialAction":[{"@type":"ReadAction","target":["https:\/\/lasentinelle.dz\/index.php\/2025\/02\/12\/algerie-ue-journee-dinformation-sur-lappel-a-projets-relatif-a-la-transition-verte\/"]}]},{"@type":"ImageObject","inLanguage":"fr-FR","@id":"https:\/\/lasentinelle.dz\/index.php\/2025\/02\/12\/algerie-ue-journee-dinformation-sur-lappel-a-projets-relatif-a-la-transition-verte\/#primaryimage","url":"https:\/\/lasentinelle.dz\/wp-content\/uploads\/2022\/07\/ENR.png","contentUrl":"https:\/\/lasentinelle.dz\/wp-content\/uploads\/2022\/07\/ENR.png","width":1714,"height":900},{"@type":"BreadcrumbList","@id":"https:\/\/lasentinelle.dz\/index.php\/2025\/02\/12\/algerie-ue-journee-dinformation-sur-lappel-a-projets-relatif-a-la-transition-verte\/#breadcrumb","itemListElement":[{"@type":"ListItem","position":1,"name":"Accueil","item":"https:\/\/lasentinelle.dz\/"},{"@type":"ListItem","position":2,"name":"Alg\u00e9rie-UE: Journ\u00e9e d&rsquo;information sur l&rsquo;appel \u00e0 projets relatif \u00e0 la transition verte"}]},{"@type":"WebSite","@id":"https:\/\/lasentinelle.dz\/#website","url":"https:\/\/lasentinelle.dz\/","name":"La Sentinelle","description":"Quotidien national d&#039;information","publisher":{"@id":"https:\/\/lasentinelle.dz\/#organization"},"potentialAction":[{"@type":"SearchAction","target":{"@type":"EntryPoint","urlTemplate":"https:\/\/lasentinelle.dz\/?s={search_term_string}"},"query-input":{"@type":"PropertyValueSpecification","valueRequired":true,"valueName":"search_term_string"}}],"inLanguage":"fr-FR"},{"@type":"Organization","@id":"https:\/\/lasentinelle.dz\/#organization","name":"Quotidien La Sentinelle","url":"https:\/\/lasentinelle.dz\/","logo":{"@type":"ImageObject","inLanguage":"fr-FR","@id":"https:\/\/lasentinelle.dz\/#\/schema\/logo\/image\/","url":"https:\/\/lasentinelle.dz\/wp-content\/uploads\/2021\/09\/logo-sentinelleSLOGAN-1.png","contentUrl":"https:\/\/lasentinelle.dz\/wp-content\/uploads\/2021\/09\/logo-sentinelleSLOGAN-1.png","width":615,"height":142,"caption":"Quotidien La Sentinelle"},"image":{"@id":"https:\/\/lasentinelle.dz\/#\/schema\/logo\/image\/"},"sameAs":["https:\/\/www.facebook.com\/La-Sentinelle-104059864394773"]},{"@type":"Person","@id":"https:\/\/lasentinelle.dz\/#\/schema\/person\/729ee0024f24e0b8c5ec17232f8e8b41","name":"admin","image":{"@type":"ImageObject","inLanguage":"fr-FR","@id":"https:\/\/secure.gravatar.com\/avatar\/4c81fed838786e9b53f540bf46533e750f5d292099ae3b66cfc6fb1982e29df7?s=96&d=mm&r=g","url":"https:\/\/secure.gravatar.com\/avatar\/4c81fed838786e9b53f540bf46533e750f5d292099ae3b66cfc6fb1982e29df7?s=96&d=mm&r=g","contentUrl":"https:\/\/secure.gravatar.com\/avatar\/4c81fed838786e9b53f540bf46533e750f5d292099ae3b66cfc6fb1982e29df7?s=96&d=mm&r=g","caption":"admin"},"description":"admin","url":"https:\/\/lasentinelle.dz\/author\/admin\/"}]}},"_links":{"self":[{"href":"https:\/\/lasentinelle.dz\/index.php\/wp-json\/wp\/v2\/posts\/62938","targetHints":{"allow":["GET"]}}],"collection":[{"href":"https:\/\/lasentinelle.dz\/index.php\/wp-json\/wp\/v2\/posts"}],"about":[{"href":"https:\/\/lasentinelle.dz\/index.php\/wp-json\/wp\/v2\/types\/post"}],"author":[{"embeddable":true,"href":"https:\/\/lasentinelle.dz\/index.php\/wp-json\/wp\/v2\/users\/6"}],"replies":[{"embeddable":true,"href":"https:\/\/lasentinelle.dz\/index.php\/wp-json\/wp\/v2\/comments?post=62938"}],"version-history":[{"count":2,"href":"https:\/\/lasentinelle.dz\/index.php\/wp-json\/wp\/v2\/posts\/62938\/revisions"}],"predecessor-version":[{"id":62940,"href":"https:\/\/lasentinelle.dz\/index.php\/wp-json\/wp\/v2\/posts\/62938\/revisions\/62940"}],"wp:featuredmedia":[{"embeddable":true,"href":"https:\/\/lasentinelle.dz\/index.php\/wp-json\/wp\/v2\/media\/23844"}],"wp:attachment":[{"href":"https:\/\/lasentinelle.dz\/index.php\/wp-json\/wp\/v2\/media?parent=62938"}],"wp:term":[{"taxonomy":"category","embeddable":true,"href":"https:\/\/lasentinelle.dz\/index.php\/wp-json\/wp\/v2\/categories?post=62938"},{"taxonomy":"post_tag","embeddable":true,"href":"https:\/\/lasentinelle.dz\/index.php\/wp-json\/wp\/v2\/tags?post=62938"}],"curies":[{"name":"wp","href":"https:\/\/api.w.org\/{rel}","templated":true}]}}