{"id":62948,"date":"2025-02-12T12:31:28","date_gmt":"2025-02-12T11:31:28","guid":{"rendered":"https:\/\/lasentinelle.dz\/?p=62948"},"modified":"2025-02-12T12:31:29","modified_gmt":"2025-02-12T11:31:29","slug":"un-crime-detat-imprescriptible","status":"publish","type":"post","link":"https:\/\/lasentinelle.dz\/index.php\/2025\/02\/12\/un-crime-detat-imprescriptible\/","title":{"rendered":"Un crime d&rsquo;\u00c9tat imprescriptible"},"content":{"rendered":"\n<p>Le 13 f\u00e9vrier 1960 marque le d\u00e9but d&rsquo;une page sombre de l&rsquo;histoire coloniale fran\u00e7aise en Alg\u00e9rie avec la premi\u00e8re explosion nucl\u00e9aire dans la r\u00e9gion de Reggane, au c\u0153ur du Sahara alg\u00e9rien. Cette premi\u00e8re bombe, baptis\u00e9e \u00ab\u00a0Gerboise bleue\u00a0\u00bb, d&rsquo;une puissance estim\u00e9e entre 60.000 et 70.000 tonnes d&rsquo;explosifs &#8211; soit cinq fois celle d&rsquo;Hiroshima &#8211; allait \u00eatre suivie de nombreuses autres explosions aux cons\u00e9quences d\u00e9vastatrices sur l&rsquo;environnement et les populations locales. Selon le chercheur universitaire Abdelfettah Bela\u00e2roussi, ces essais constituent \u00ab\u00a0un crime et un terrorisme d&rsquo;\u00c9tat imprescriptible commis par la France coloniale \u00e0 l&rsquo;encontre du peuple alg\u00e9rien sans d\u00e9fense.\u00a0\u00bb L\u2019acad\u00e9micien, chercheur en histoire des explosions nucl\u00e9aires fran\u00e7aises dans la r\u00e9gion (universit\u00e9 d&rsquo;Adrar) a indiqu\u00e9 \u00e0 l&rsquo;APS que \u00ab\u00a0l\u2019Etat fran\u00e7ais avait alors choisi la r\u00e9gion de Reggane, Sud du pays, comme sc\u00e8ne de son crime d\u2019Etat, dans son acception enti\u00e8re, et dont l\u2019arme et la sc\u00e8ne du crime sont encore perceptibles\u00a0\u00bb. \u00ab\u00a0M\u00eame les victimes sont encore l\u00e0 et les s\u00e9quelles qu\u2019elles portent encore t\u00e9moignent de l\u2019abominable crime et de ses effets n\u00e9fastes sur l\u2019homme et son environnement\u00a0\u00bb, a-t-il ajout\u00e9. Entre 1960 et 1966, la France a proc\u00e9d\u00e9 \u00e0 un total de 57 essais nucl\u00e9aires sur le territoire alg\u00e9rien : quatre explosions a\u00e9riennes \u00e0 Reggane, treize explosions souterraines \u00e0 In Ecker, trente-cinq explosions suppl\u00e9mentaires \u00e0 Hammoudia et cinq essais sur le plutonium \u00e0 In Ecker. Contrairement aux affirmations des autorit\u00e9s fran\u00e7aises de l&rsquo;\u00e9poque qui pr\u00e9tendaient effectuer ces essais dans des zones inhabit\u00e9es, pr\u00e8s de 20.000 civils vivaient dans ces r\u00e9gions. Les cons\u00e9quences de ces explosions continuent aujourd&rsquo;hui d&rsquo;affecter gravement la population et l&rsquo;environnement. Bela\u00e2roussi souligne que \u00ab\u00a0ces explosions radioactives dans le Sahara alg\u00e9rien ont \u00e9t\u00e9 \u00e0 l&rsquo;origine de lourdes maladies, dont diff\u00e9rents types de cancer, en plus de l&rsquo;apparition de malformations cong\u00e9nitales chez les nouveaux n\u00e9s, de maladies ophtalmologiques et d&rsquo;autres pathologies chroniques caus\u00e9es par la radioactivit\u00e9, qui n&rsquo;a rien \u00e9pargn\u00e9, y compris le couvert v\u00e9g\u00e9tal de la r\u00e9gion.\u00a0\u00bb La contamination s&rsquo;est d&rsquo;ailleurs aggrav\u00e9e au fil du temps en raison des facteurs naturels comme les vents et les temp\u00eates de sable qui dispersent les particules radioactives, dont l&rsquo;impact peut perdurer sur des milliers d&rsquo;ann\u00e9es selon certaines \u00e9tudes scientifiques. Face \u00e0 cette situation, l&rsquo;Alg\u00e9rie a inscrit dans sa l\u00e9gislation environnementale nationale la demande de tenir la France pour responsable de l&rsquo;\u00e9limination des r\u00e9sidus de ces explosions nucl\u00e9aires. Le pr\u00e9sident Abdelmadjid Tebboune a d&rsquo;ailleurs affirm\u00e9 que \u00ab\u00a0les Alg\u00e9riens ont un droit imprescriptible et ils exigent la reconnaissance des massacres commis par le colonisateur\u00a0\u00bb et que \u00ab\u00a0le colonisateur a laiss\u00e9 en Alg\u00e9rie des maladies r\u00e9sultant de ses essais nucl\u00e9aires dont souffrent encore aujourd&rsquo;hui nos compatriotes dans le Sud.\u00a0\u00bb<\/p>\n\n\n\n<p><strong>Paris fait la sourde oreille<\/strong><\/p>\n\n\n\n<p>Pour le pr\u00e9sident de la Fondation du 8-Mai 1945, Abdelhamid Salakdji, le contexte historique de ces essais s&rsquo;inscrit dans la volont\u00e9 de la France de \u00ab\u00a0se doter de l&rsquo;arme nucl\u00e9aire pour se hisser au diapason des puissances de l&rsquo;\u00e9poque, notamment les \u00c9tats-Unis d&rsquo;Am\u00e9rique, l&rsquo;Union sovi\u00e9tique et le Royaume-Uni.\u00a0\u00bb Il souligne que la France \u00ab\u00a0porta naturellement son choix sur le sol alg\u00e9rien qu&rsquo;elle occupait, spoliait sans vergogne et administrait, en faisant fi des cons\u00e9quences que cela pouvait avoir sur les populations autochtones, d\u00e9poss\u00e9d\u00e9es de leurs terres.\u00a0\u00bb L&rsquo;Alg\u00e9rie exige aujourd&rsquo;hui que la France assume ses responsabilit\u00e9s en fournissant les cartes des sites d&rsquo;enfouissement des d\u00e9chets nucl\u00e9aires, en proc\u00e9dant \u00e0 la d\u00e9contamination des zones affect\u00e9es et en restituant les archives techniques et m\u00e9dicales li\u00e9es \u00e0 ces essais.<\/p>\n\n\n\n<p>En 2021, l&rsquo;\u00c9tat a cr\u00e9\u00e9 l&rsquo;Agence nationale de r\u00e9habilitation des anciens sites d&rsquo;essais et d&rsquo;explosions nucl\u00e9aires pour faire face aux risques de pollution radioactive. Le pr\u00e9sident Tebboune a soulign\u00e9 que le dossier du nettoyage des sites des explosions nucl\u00e9aires est \u00ab\u00a0n\u00e9cessaire\u00a0\u00bb et constitue \u00ab\u00a0un devoir humanitaire, moral, politique et militaire.\u00a0\u00bb Malgr\u00e9 les recommandations du rapport de l&rsquo;historien Benjamin Stora remis au pr\u00e9sident Emmanuel Macron en 2021, la France continue de faire la sourde oreille \u00e0 ces revendications qui constituent pourtant un enjeu central dans les relations alg\u00e9ro-fran\u00e7aises. Cette situation illustre la persistance d&rsquo;un contentieux historique majeur entre les deux pays, dont la r\u00e9solution appara\u00eet comme une condition pr\u00e9alable \u00e0 l&rsquo;\u00e9tablissement de relations bilat\u00e9rales apais\u00e9es. Comme le conclut Abdelhamid Salakdji : \u00ab\u00a0Nous avons pay\u00e9 un tribut extr\u00eamement lourd pour le recouvrement de notre souverainet\u00e9 et, aujourd&rsquo;hui, notre Fondation refuse de payer le tribut de l&rsquo;oubli.\u00a0\u00bb<\/p>\n\n\n\n<p>Chokri Hafed<\/p>\n","protected":false},"excerpt":{"rendered":"<p>Le 13 f\u00e9vrier 1960 marque le d\u00e9but d&rsquo;une page sombre de l&rsquo;histoire coloniale fran\u00e7aise en Alg\u00e9rie avec la premi\u00e8re explosion<\/p>\n","protected":false},"author":6,"featured_media":62949,"comment_status":"open","ping_status":"closed","sticky":false,"template":"","format":"standard","meta":{"colormag_page_container_layout":"default_layout","colormag_page_sidebar_layout":"default_layout","om_disable_all_campaigns":false,"_monsterinsights_skip_tracking":false,"_monsterinsights_sitenote_active":false,"_monsterinsights_sitenote_note":"","_monsterinsights_sitenote_category":0,"footnotes":"","_wpscppro_dont_share_socialmedia":false,"_wpscppro_custom_social_share_image":0,"_facebook_share_type":"default","_twitter_share_type":"default","_linkedin_share_type":"default","_pinterest_share_type":"default","_linkedin_share_type_page":"","_instagram_share_type":"default","_medium_share_type":"default","_threads_share_type":"","_google_business_share_type":"","_selected_social_profile":[],"_wpsp_enable_custom_social_template":false,"_wpsp_social_scheduling":{"enabled":false,"datetime":null,"platforms":[],"status":"template_only","dateOption":"today","timeOption":"now","customDays":"","customHours":"","customDate":"","customTime":"","schedulingType":"absolute"},"_wpsp_active_default_template":true},"categories":[27],"tags":[],"class_list":["post-62948","post","type-post","status-publish","format-standard","has-post-thumbnail","hentry","category-actualite"],"aioseo_notices":[],"yoast_head":"<!-- This site is optimized with the Yoast SEO plugin v27.4 - https:\/\/yoast.com\/product\/yoast-seo-wordpress\/ -->\n<title>Un crime d&rsquo;\u00c9tat imprescriptible - La Sentinelle<\/title>\n<meta name=\"robots\" content=\"index, follow, max-snippet:-1, max-image-preview:large, max-video-preview:-1\" \/>\n<link rel=\"canonical\" href=\"https:\/\/lasentinelle.dz\/index.php\/2025\/02\/12\/un-crime-detat-imprescriptible\/\" \/>\n<meta property=\"og:locale\" content=\"fr_FR\" \/>\n<meta property=\"og:type\" content=\"article\" \/>\n<meta property=\"og:title\" content=\"Un crime d&rsquo;\u00c9tat imprescriptible - La Sentinelle\" \/>\n<meta property=\"og:description\" content=\"Le 13 f\u00e9vrier 1960 marque le d\u00e9but d&rsquo;une page sombre de l&rsquo;histoire coloniale fran\u00e7aise en Alg\u00e9rie avec la premi\u00e8re explosion\" \/>\n<meta property=\"og:url\" content=\"https:\/\/lasentinelle.dz\/index.php\/2025\/02\/12\/un-crime-detat-imprescriptible\/\" \/>\n<meta property=\"og:site_name\" content=\"La Sentinelle\" \/>\n<meta property=\"article:publisher\" content=\"https:\/\/www.facebook.com\/La-Sentinelle-104059864394773\" \/>\n<meta property=\"article:published_time\" content=\"2025-02-12T11:31:28+00:00\" \/>\n<meta property=\"article:modified_time\" content=\"2025-02-12T11:31:29+00:00\" \/>\n<meta property=\"og:image\" content=\"https:\/\/lasentinelle.dz\/wp-content\/uploads\/2025\/02\/cobayes.jpeg\" \/>\n\t<meta property=\"og:image:width\" content=\"745\" \/>\n\t<meta property=\"og:image:height\" content=\"470\" \/>\n\t<meta property=\"og:image:type\" content=\"image\/jpeg\" \/>\n<meta name=\"author\" content=\"admin\" \/>\n<meta name=\"twitter:card\" content=\"summary_large_image\" \/>\n<meta name=\"twitter:label1\" content=\"\u00c9crit par\" \/>\n\t<meta name=\"twitter:data1\" content=\"admin\" \/>\n\t<meta name=\"twitter:label2\" content=\"Dur\u00e9e de lecture estim\u00e9e\" \/>\n\t<meta name=\"twitter:data2\" content=\"4 minutes\" \/>\n<script type=\"application\/ld+json\" class=\"yoast-schema-graph\">{\"@context\":\"https:\\\/\\\/schema.org\",\"@graph\":[{\"@type\":\"Article\",\"@id\":\"https:\\\/\\\/lasentinelle.dz\\\/index.php\\\/2025\\\/02\\\/12\\\/un-crime-detat-imprescriptible\\\/#article\",\"isPartOf\":{\"@id\":\"https:\\\/\\\/lasentinelle.dz\\\/index.php\\\/2025\\\/02\\\/12\\\/un-crime-detat-imprescriptible\\\/\"},\"author\":{\"name\":\"admin\",\"@id\":\"https:\\\/\\\/lasentinelle.dz\\\/#\\\/schema\\\/person\\\/729ee0024f24e0b8c5ec17232f8e8b41\"},\"headline\":\"Un crime d&rsquo;\u00c9tat imprescriptible\",\"datePublished\":\"2025-02-12T11:31:28+00:00\",\"dateModified\":\"2025-02-12T11:31:29+00:00\",\"mainEntityOfPage\":{\"@id\":\"https:\\\/\\\/lasentinelle.dz\\\/index.php\\\/2025\\\/02\\\/12\\\/un-crime-detat-imprescriptible\\\/\"},\"wordCount\":832,\"commentCount\":0,\"publisher\":{\"@id\":\"https:\\\/\\\/lasentinelle.dz\\\/#organization\"},\"image\":{\"@id\":\"https:\\\/\\\/lasentinelle.dz\\\/index.php\\\/2025\\\/02\\\/12\\\/un-crime-detat-imprescriptible\\\/#primaryimage\"},\"thumbnailUrl\":\"https:\\\/\\\/lasentinelle.dz\\\/wp-content\\\/uploads\\\/2025\\\/02\\\/cobayes.jpeg\",\"articleSection\":[\"Actualit\u00e9\"],\"inLanguage\":\"fr-FR\",\"potentialAction\":[{\"@type\":\"CommentAction\",\"name\":\"Comment\",\"target\":[\"https:\\\/\\\/lasentinelle.dz\\\/index.php\\\/2025\\\/02\\\/12\\\/un-crime-detat-imprescriptible\\\/#respond\"]}]},{\"@type\":\"WebPage\",\"@id\":\"https:\\\/\\\/lasentinelle.dz\\\/index.php\\\/2025\\\/02\\\/12\\\/un-crime-detat-imprescriptible\\\/\",\"url\":\"https:\\\/\\\/lasentinelle.dz\\\/index.php\\\/2025\\\/02\\\/12\\\/un-crime-detat-imprescriptible\\\/\",\"name\":\"Un crime d&rsquo;\u00c9tat imprescriptible - La Sentinelle\",\"isPartOf\":{\"@id\":\"https:\\\/\\\/lasentinelle.dz\\\/#website\"},\"primaryImageOfPage\":{\"@id\":\"https:\\\/\\\/lasentinelle.dz\\\/index.php\\\/2025\\\/02\\\/12\\\/un-crime-detat-imprescriptible\\\/#primaryimage\"},\"image\":{\"@id\":\"https:\\\/\\\/lasentinelle.dz\\\/index.php\\\/2025\\\/02\\\/12\\\/un-crime-detat-imprescriptible\\\/#primaryimage\"},\"thumbnailUrl\":\"https:\\\/\\\/lasentinelle.dz\\\/wp-content\\\/uploads\\\/2025\\\/02\\\/cobayes.jpeg\",\"datePublished\":\"2025-02-12T11:31:28+00:00\",\"dateModified\":\"2025-02-12T11:31:29+00:00\",\"breadcrumb\":{\"@id\":\"https:\\\/\\\/lasentinelle.dz\\\/index.php\\\/2025\\\/02\\\/12\\\/un-crime-detat-imprescriptible\\\/#breadcrumb\"},\"inLanguage\":\"fr-FR\",\"potentialAction\":[{\"@type\":\"ReadAction\",\"target\":[\"https:\\\/\\\/lasentinelle.dz\\\/index.php\\\/2025\\\/02\\\/12\\\/un-crime-detat-imprescriptible\\\/\"]}]},{\"@type\":\"ImageObject\",\"inLanguage\":\"fr-FR\",\"@id\":\"https:\\\/\\\/lasentinelle.dz\\\/index.php\\\/2025\\\/02\\\/12\\\/un-crime-detat-imprescriptible\\\/#primaryimage\",\"url\":\"https:\\\/\\\/lasentinelle.dz\\\/wp-content\\\/uploads\\\/2025\\\/02\\\/cobayes.jpeg\",\"contentUrl\":\"https:\\\/\\\/lasentinelle.dz\\\/wp-content\\\/uploads\\\/2025\\\/02\\\/cobayes.jpeg\",\"width\":745,\"height\":470},{\"@type\":\"BreadcrumbList\",\"@id\":\"https:\\\/\\\/lasentinelle.dz\\\/index.php\\\/2025\\\/02\\\/12\\\/un-crime-detat-imprescriptible\\\/#breadcrumb\",\"itemListElement\":[{\"@type\":\"ListItem\",\"position\":1,\"name\":\"Accueil\",\"item\":\"https:\\\/\\\/lasentinelle.dz\\\/\"},{\"@type\":\"ListItem\",\"position\":2,\"name\":\"Un crime d&rsquo;\u00c9tat imprescriptible\"}]},{\"@type\":\"WebSite\",\"@id\":\"https:\\\/\\\/lasentinelle.dz\\\/#website\",\"url\":\"https:\\\/\\\/lasentinelle.dz\\\/\",\"name\":\"La Sentinelle\",\"description\":\"Quotidien national d&#039;information\",\"publisher\":{\"@id\":\"https:\\\/\\\/lasentinelle.dz\\\/#organization\"},\"potentialAction\":[{\"@type\":\"SearchAction\",\"target\":{\"@type\":\"EntryPoint\",\"urlTemplate\":\"https:\\\/\\\/lasentinelle.dz\\\/?s={search_term_string}\"},\"query-input\":{\"@type\":\"PropertyValueSpecification\",\"valueRequired\":true,\"valueName\":\"search_term_string\"}}],\"inLanguage\":\"fr-FR\"},{\"@type\":\"Organization\",\"@id\":\"https:\\\/\\\/lasentinelle.dz\\\/#organization\",\"name\":\"Quotidien La Sentinelle\",\"url\":\"https:\\\/\\\/lasentinelle.dz\\\/\",\"logo\":{\"@type\":\"ImageObject\",\"inLanguage\":\"fr-FR\",\"@id\":\"https:\\\/\\\/lasentinelle.dz\\\/#\\\/schema\\\/logo\\\/image\\\/\",\"url\":\"https:\\\/\\\/lasentinelle.dz\\\/wp-content\\\/uploads\\\/2021\\\/09\\\/logo-sentinelleSLOGAN-1.png\",\"contentUrl\":\"https:\\\/\\\/lasentinelle.dz\\\/wp-content\\\/uploads\\\/2021\\\/09\\\/logo-sentinelleSLOGAN-1.png\",\"width\":615,\"height\":142,\"caption\":\"Quotidien La Sentinelle\"},\"image\":{\"@id\":\"https:\\\/\\\/lasentinelle.dz\\\/#\\\/schema\\\/logo\\\/image\\\/\"},\"sameAs\":[\"https:\\\/\\\/www.facebook.com\\\/La-Sentinelle-104059864394773\"]},{\"@type\":\"Person\",\"@id\":\"https:\\\/\\\/lasentinelle.dz\\\/#\\\/schema\\\/person\\\/729ee0024f24e0b8c5ec17232f8e8b41\",\"name\":\"admin\",\"image\":{\"@type\":\"ImageObject\",\"inLanguage\":\"fr-FR\",\"@id\":\"https:\\\/\\\/secure.gravatar.com\\\/avatar\\\/4c81fed838786e9b53f540bf46533e750f5d292099ae3b66cfc6fb1982e29df7?s=96&d=mm&r=g\",\"url\":\"https:\\\/\\\/secure.gravatar.com\\\/avatar\\\/4c81fed838786e9b53f540bf46533e750f5d292099ae3b66cfc6fb1982e29df7?s=96&d=mm&r=g\",\"contentUrl\":\"https:\\\/\\\/secure.gravatar.com\\\/avatar\\\/4c81fed838786e9b53f540bf46533e750f5d292099ae3b66cfc6fb1982e29df7?s=96&d=mm&r=g\",\"caption\":\"admin\"},\"description\":\"admin\",\"url\":\"https:\\\/\\\/lasentinelle.dz\\\/author\\\/admin\\\/\"}]}<\/script>\n<!-- \/ Yoast SEO plugin. -->","yoast_head_json":{"title":"Un crime d&rsquo;\u00c9tat imprescriptible - La Sentinelle","robots":{"index":"index","follow":"follow","max-snippet":"max-snippet:-1","max-image-preview":"max-image-preview:large","max-video-preview":"max-video-preview:-1"},"canonical":"https:\/\/lasentinelle.dz\/index.php\/2025\/02\/12\/un-crime-detat-imprescriptible\/","og_locale":"fr_FR","og_type":"article","og_title":"Un crime d&rsquo;\u00c9tat imprescriptible - La Sentinelle","og_description":"Le 13 f\u00e9vrier 1960 marque le d\u00e9but d&rsquo;une page sombre de l&rsquo;histoire coloniale fran\u00e7aise en Alg\u00e9rie avec la premi\u00e8re explosion","og_url":"https:\/\/lasentinelle.dz\/index.php\/2025\/02\/12\/un-crime-detat-imprescriptible\/","og_site_name":"La Sentinelle","article_publisher":"https:\/\/www.facebook.com\/La-Sentinelle-104059864394773","article_published_time":"2025-02-12T11:31:28+00:00","article_modified_time":"2025-02-12T11:31:29+00:00","og_image":[{"width":745,"height":470,"url":"https:\/\/lasentinelle.dz\/wp-content\/uploads\/2025\/02\/cobayes.jpeg","type":"image\/jpeg"}],"author":"admin","twitter_card":"summary_large_image","twitter_misc":{"\u00c9crit par":"admin","Dur\u00e9e de lecture estim\u00e9e":"4 minutes"},"schema":{"@context":"https:\/\/schema.org","@graph":[{"@type":"Article","@id":"https:\/\/lasentinelle.dz\/index.php\/2025\/02\/12\/un-crime-detat-imprescriptible\/#article","isPartOf":{"@id":"https:\/\/lasentinelle.dz\/index.php\/2025\/02\/12\/un-crime-detat-imprescriptible\/"},"author":{"name":"admin","@id":"https:\/\/lasentinelle.dz\/#\/schema\/person\/729ee0024f24e0b8c5ec17232f8e8b41"},"headline":"Un crime d&rsquo;\u00c9tat imprescriptible","datePublished":"2025-02-12T11:31:28+00:00","dateModified":"2025-02-12T11:31:29+00:00","mainEntityOfPage":{"@id":"https:\/\/lasentinelle.dz\/index.php\/2025\/02\/12\/un-crime-detat-imprescriptible\/"},"wordCount":832,"commentCount":0,"publisher":{"@id":"https:\/\/lasentinelle.dz\/#organization"},"image":{"@id":"https:\/\/lasentinelle.dz\/index.php\/2025\/02\/12\/un-crime-detat-imprescriptible\/#primaryimage"},"thumbnailUrl":"https:\/\/lasentinelle.dz\/wp-content\/uploads\/2025\/02\/cobayes.jpeg","articleSection":["Actualit\u00e9"],"inLanguage":"fr-FR","potentialAction":[{"@type":"CommentAction","name":"Comment","target":["https:\/\/lasentinelle.dz\/index.php\/2025\/02\/12\/un-crime-detat-imprescriptible\/#respond"]}]},{"@type":"WebPage","@id":"https:\/\/lasentinelle.dz\/index.php\/2025\/02\/12\/un-crime-detat-imprescriptible\/","url":"https:\/\/lasentinelle.dz\/index.php\/2025\/02\/12\/un-crime-detat-imprescriptible\/","name":"Un crime d&rsquo;\u00c9tat imprescriptible - La Sentinelle","isPartOf":{"@id":"https:\/\/lasentinelle.dz\/#website"},"primaryImageOfPage":{"@id":"https:\/\/lasentinelle.dz\/index.php\/2025\/02\/12\/un-crime-detat-imprescriptible\/#primaryimage"},"image":{"@id":"https:\/\/lasentinelle.dz\/index.php\/2025\/02\/12\/un-crime-detat-imprescriptible\/#primaryimage"},"thumbnailUrl":"https:\/\/lasentinelle.dz\/wp-content\/uploads\/2025\/02\/cobayes.jpeg","datePublished":"2025-02-12T11:31:28+00:00","dateModified":"2025-02-12T11:31:29+00:00","breadcrumb":{"@id":"https:\/\/lasentinelle.dz\/index.php\/2025\/02\/12\/un-crime-detat-imprescriptible\/#breadcrumb"},"inLanguage":"fr-FR","potentialAction":[{"@type":"ReadAction","target":["https:\/\/lasentinelle.dz\/index.php\/2025\/02\/12\/un-crime-detat-imprescriptible\/"]}]},{"@type":"ImageObject","inLanguage":"fr-FR","@id":"https:\/\/lasentinelle.dz\/index.php\/2025\/02\/12\/un-crime-detat-imprescriptible\/#primaryimage","url":"https:\/\/lasentinelle.dz\/wp-content\/uploads\/2025\/02\/cobayes.jpeg","contentUrl":"https:\/\/lasentinelle.dz\/wp-content\/uploads\/2025\/02\/cobayes.jpeg","width":745,"height":470},{"@type":"BreadcrumbList","@id":"https:\/\/lasentinelle.dz\/index.php\/2025\/02\/12\/un-crime-detat-imprescriptible\/#breadcrumb","itemListElement":[{"@type":"ListItem","position":1,"name":"Accueil","item":"https:\/\/lasentinelle.dz\/"},{"@type":"ListItem","position":2,"name":"Un crime d&rsquo;\u00c9tat imprescriptible"}]},{"@type":"WebSite","@id":"https:\/\/lasentinelle.dz\/#website","url":"https:\/\/lasentinelle.dz\/","name":"La Sentinelle","description":"Quotidien national d&#039;information","publisher":{"@id":"https:\/\/lasentinelle.dz\/#organization"},"potentialAction":[{"@type":"SearchAction","target":{"@type":"EntryPoint","urlTemplate":"https:\/\/lasentinelle.dz\/?s={search_term_string}"},"query-input":{"@type":"PropertyValueSpecification","valueRequired":true,"valueName":"search_term_string"}}],"inLanguage":"fr-FR"},{"@type":"Organization","@id":"https:\/\/lasentinelle.dz\/#organization","name":"Quotidien La Sentinelle","url":"https:\/\/lasentinelle.dz\/","logo":{"@type":"ImageObject","inLanguage":"fr-FR","@id":"https:\/\/lasentinelle.dz\/#\/schema\/logo\/image\/","url":"https:\/\/lasentinelle.dz\/wp-content\/uploads\/2021\/09\/logo-sentinelleSLOGAN-1.png","contentUrl":"https:\/\/lasentinelle.dz\/wp-content\/uploads\/2021\/09\/logo-sentinelleSLOGAN-1.png","width":615,"height":142,"caption":"Quotidien La Sentinelle"},"image":{"@id":"https:\/\/lasentinelle.dz\/#\/schema\/logo\/image\/"},"sameAs":["https:\/\/www.facebook.com\/La-Sentinelle-104059864394773"]},{"@type":"Person","@id":"https:\/\/lasentinelle.dz\/#\/schema\/person\/729ee0024f24e0b8c5ec17232f8e8b41","name":"admin","image":{"@type":"ImageObject","inLanguage":"fr-FR","@id":"https:\/\/secure.gravatar.com\/avatar\/4c81fed838786e9b53f540bf46533e750f5d292099ae3b66cfc6fb1982e29df7?s=96&d=mm&r=g","url":"https:\/\/secure.gravatar.com\/avatar\/4c81fed838786e9b53f540bf46533e750f5d292099ae3b66cfc6fb1982e29df7?s=96&d=mm&r=g","contentUrl":"https:\/\/secure.gravatar.com\/avatar\/4c81fed838786e9b53f540bf46533e750f5d292099ae3b66cfc6fb1982e29df7?s=96&d=mm&r=g","caption":"admin"},"description":"admin","url":"https:\/\/lasentinelle.dz\/author\/admin\/"}]}},"_links":{"self":[{"href":"https:\/\/lasentinelle.dz\/index.php\/wp-json\/wp\/v2\/posts\/62948","targetHints":{"allow":["GET"]}}],"collection":[{"href":"https:\/\/lasentinelle.dz\/index.php\/wp-json\/wp\/v2\/posts"}],"about":[{"href":"https:\/\/lasentinelle.dz\/index.php\/wp-json\/wp\/v2\/types\/post"}],"author":[{"embeddable":true,"href":"https:\/\/lasentinelle.dz\/index.php\/wp-json\/wp\/v2\/users\/6"}],"replies":[{"embeddable":true,"href":"https:\/\/lasentinelle.dz\/index.php\/wp-json\/wp\/v2\/comments?post=62948"}],"version-history":[{"count":2,"href":"https:\/\/lasentinelle.dz\/index.php\/wp-json\/wp\/v2\/posts\/62948\/revisions"}],"predecessor-version":[{"id":62951,"href":"https:\/\/lasentinelle.dz\/index.php\/wp-json\/wp\/v2\/posts\/62948\/revisions\/62951"}],"wp:featuredmedia":[{"embeddable":true,"href":"https:\/\/lasentinelle.dz\/index.php\/wp-json\/wp\/v2\/media\/62949"}],"wp:attachment":[{"href":"https:\/\/lasentinelle.dz\/index.php\/wp-json\/wp\/v2\/media?parent=62948"}],"wp:term":[{"taxonomy":"category","embeddable":true,"href":"https:\/\/lasentinelle.dz\/index.php\/wp-json\/wp\/v2\/categories?post=62948"},{"taxonomy":"post_tag","embeddable":true,"href":"https:\/\/lasentinelle.dz\/index.php\/wp-json\/wp\/v2\/tags?post=62948"}],"curies":[{"name":"wp","href":"https:\/\/api.w.org\/{rel}","templated":true}]}}