{"id":62956,"date":"2025-02-16T12:59:01","date_gmt":"2025-02-16T11:59:01","guid":{"rendered":"https:\/\/lasentinelle.dz\/?p=62956"},"modified":"2025-02-16T12:59:02","modified_gmt":"2025-02-16T11:59:02","slug":"la-semaine-nationale-de-la-prevention-pour-un-ramadhan-sain-et-en-securite","status":"publish","type":"post","link":"https:\/\/lasentinelle.dz\/index.php\/2025\/02\/16\/la-semaine-nationale-de-la-prevention-pour-un-ramadhan-sain-et-en-securite\/","title":{"rendered":"La Semaine nationale de la pr\u00e9vention : Pour un Ramadhan sain et en s\u00e9curit\u00e9"},"content":{"rendered":"\n<p>Dans le cadre de ses efforts continus pour am\u00e9liorer la sant\u00e9 publique, le minist\u00e8re de la Sant\u00e9 a annonc\u00e9 le lancement de la troisi\u00e8me \u00e9dition de la Semaine nationale de la pr\u00e9vention \u00e0 partir d&rsquo;aujourd&rsquo;hui. Selon un communiqu\u00e9 publi\u00e9 hier, les festivit\u00e9s d\u00e9buteront officiellement depuis la wilaya de Tipasa, marquant le d\u00e9but d&rsquo;une s\u00e9rie d&rsquo;activit\u00e9s qui se poursuivront jusqu&rsquo;au 20 f\u00e9vrier. Plac\u00e9e sous le slogan \u00e9vocateur \u00ab\u00a0Pour un Ramadhan sain et s\u00fbr, \u00e9vitons les exc\u00e8s pour notre sant\u00e9\u00a0\u00bb, cette initiative vise plusieurs objectifs cruciaux. Le minist\u00e8re explique qu&rsquo;il s&rsquo;agit notamment de \u00ab\u00a0sensibiliser \u00e0 l&rsquo;importance de la pr\u00e9vention pour pr\u00e9server la sant\u00e9, notamment durant le mois de Ramadhan, d&rsquo;encourager les professionnels de la sant\u00e9 \u00e0 promouvoir la pr\u00e9vention par la mise en \u0153uvre des programmes nationaux de pr\u00e9vention, \u00e0 travers leur \u00e9valuation et leur suivi, et d&rsquo;impliquer tous les secteurs concern\u00e9s dans la sensibilisation et le respect des mesures pr\u00e9ventives afin de pr\u00e9server la sant\u00e9 des individus et de la population\u00a0\u00bb. Les th\u00e9matiques abord\u00e9es durant cette semaine couvriront un large spectre de pr\u00e9occupations sanitaires. L&rsquo;accent sera mis particuli\u00e8rement sur \u00ab\u00a0la promotion d&rsquo;une alimentation \u00e9quilibr\u00e9e et d&rsquo;un mode de vie sain durant le mois de Ramadhan, la lutte contre les facteurs de risque de plusieurs maladies, \u00e0 l&rsquo;instar du diab\u00e8te et de l&rsquo;hypertension, la pr\u00e9vention contre les drogues et le tabagisme, la sensibilisation sur le programme national \u00e9largi de vaccination des enfants et le bon suivi des femmes enceintes\u00a0\u00bb. Le communiqu\u00e9 pr\u00e9cise \u00e9galement que l&rsquo;importance de l&rsquo;allaitement maternel sera soulign\u00e9e, tout en \u00ab\u00a0jetant la lumi\u00e8re sur les maladies chroniques et m\u00e9taboliques\u00a0\u00bb. Pour concr\u00e9tiser ces objectifs, le minist\u00e8re d\u00e9ploiera des moyens substantiels sur le terrain. Notamment, cinq cliniques mobiles seront mobilis\u00e9es au niveau du Centre de jeunesse et de sport de Tipasa. Ces unit\u00e9s sont sp\u00e9cialement \u00e9quip\u00e9es pour le d\u00e9pistage et le diagnostic pr\u00e9coce de plusieurs pathologies importantes : cancer du sein, cancer du col de l&rsquo;ut\u00e9rus, diab\u00e8te, hypertension et maladies oculaires. Le minist\u00e8re pr\u00e9voit d&rsquo;\u00e9tendre les activit\u00e9s \u00e0 l&rsquo;ensemble du territoire national. Parmi les actions programm\u00e9es figurent \u00ab\u00a0des journ\u00e9es portes ouvertes au niveau des structures de sant\u00e9 et dans des lieux publics, des conf\u00e9rences au profit des professionnels de la sant\u00e9, avec la programmation d&rsquo;\u00e9missions, en partenariat avec les m\u00e9dias locaux, sur les th\u00e8mes choisis afin de sensibiliser la population aux cons\u00e9quences n\u00e9fastes sur la sant\u00e9, l&rsquo;\u00e9conomie et l&rsquo;environnement\u00a0\u00bb. Le communiqu\u00e9 souligne \u00e9galement que des \u00ab\u00a0activit\u00e9s visant \u00e0 promouvoir un mode de vie sain\u00a0\u00bb seront organis\u00e9es \u00ab\u00a0en collaboration avec tous les secteurs et la soci\u00e9t\u00e9 civile\u00a0\u00bb. Cette Semaine nationale de la pr\u00e9vention s&rsquo;inscrit dans une d\u00e9marche globale du minist\u00e8re de la Sant\u00e9 visant \u00e0 renforcer la culture de la pr\u00e9vention au sein de la soci\u00e9t\u00e9 alg\u00e9rienne, particuli\u00e8rement en pr\u00e9vision du mois sacr\u00e9 de Ramadhan, p\u00e9riode souvent marqu\u00e9e par des changements significatifs dans les habitudes alimentaires et le mode de vie des citoyens.<\/p>\n\n\n\n<p>Lyna Larbi<\/p>\n","protected":false},"excerpt":{"rendered":"<p>Dans le cadre de ses efforts continus pour am\u00e9liorer la sant\u00e9 publique, le minist\u00e8re de la Sant\u00e9 a annonc\u00e9 le<\/p>\n","protected":false},"author":6,"featured_media":24482,"comment_status":"open","ping_status":"closed","sticky":false,"template":"","format":"standard","meta":{"colormag_page_container_layout":"default_layout","colormag_page_sidebar_layout":"default_layout","om_disable_all_campaigns":false,"_monsterinsights_skip_tracking":false,"_monsterinsights_sitenote_active":false,"_monsterinsights_sitenote_note":"","_monsterinsights_sitenote_category":0,"footnotes":"","_wpscppro_dont_share_socialmedia":false,"_wpscppro_custom_social_share_image":0,"_facebook_share_type":"default","_twitter_share_type":"default","_linkedin_share_type":"default","_pinterest_share_type":"default","_linkedin_share_type_page":"","_instagram_share_type":"default","_medium_share_type":"default","_threads_share_type":"","_google_business_share_type":"","_selected_social_profile":[],"_wpsp_enable_custom_social_template":false,"_wpsp_social_scheduling":{"enabled":false,"datetime":null,"platforms":[],"status":"template_only","dateOption":"today","timeOption":"now","customDays":"","customHours":"","customDate":"","customTime":"","schedulingType":"absolute"},"_wpsp_active_default_template":true},"categories":[27],"tags":[],"class_list":["post-62956","post","type-post","status-publish","format-standard","has-post-thumbnail","hentry","category-actualite"],"aioseo_notices":[],"yoast_head":"<!-- This site is optimized with the Yoast SEO plugin v27.5 - https:\/\/yoast.com\/product\/yoast-seo-wordpress\/ -->\n<title>La Semaine nationale de la pr\u00e9vention : Pour un Ramadhan sain et en s\u00e9curit\u00e9 - La Sentinelle<\/title>\n<meta name=\"robots\" content=\"index, follow, max-snippet:-1, max-image-preview:large, max-video-preview:-1\" \/>\n<link rel=\"canonical\" href=\"https:\/\/lasentinelle.dz\/index.php\/2025\/02\/16\/la-semaine-nationale-de-la-prevention-pour-un-ramadhan-sain-et-en-securite\/\" \/>\n<meta property=\"og:locale\" content=\"fr_FR\" \/>\n<meta property=\"og:type\" content=\"article\" \/>\n<meta property=\"og:title\" content=\"La Semaine nationale de la pr\u00e9vention : Pour un Ramadhan sain et en s\u00e9curit\u00e9 - La Sentinelle\" \/>\n<meta property=\"og:description\" content=\"Dans le cadre de ses efforts continus pour am\u00e9liorer la sant\u00e9 publique, le minist\u00e8re de la Sant\u00e9 a annonc\u00e9 le\" \/>\n<meta property=\"og:url\" content=\"https:\/\/lasentinelle.dz\/index.php\/2025\/02\/16\/la-semaine-nationale-de-la-prevention-pour-un-ramadhan-sain-et-en-securite\/\" \/>\n<meta property=\"og:site_name\" content=\"La Sentinelle\" \/>\n<meta property=\"article:publisher\" content=\"https:\/\/www.facebook.com\/La-Sentinelle-104059864394773\" \/>\n<meta property=\"article:published_time\" content=\"2025-02-16T11:59:01+00:00\" \/>\n<meta property=\"article:modified_time\" content=\"2025-02-16T11:59:02+00:00\" \/>\n<meta property=\"og:image\" content=\"https:\/\/lasentinelle.dz\/wp-content\/uploads\/2022\/07\/Ministere-de-la-Sante.png\" \/>\n\t<meta property=\"og:image:width\" content=\"1599\" \/>\n\t<meta property=\"og:image:height\" content=\"900\" \/>\n\t<meta property=\"og:image:type\" content=\"image\/png\" \/>\n<meta name=\"author\" content=\"admin\" \/>\n<meta name=\"twitter:card\" content=\"summary_large_image\" \/>\n<meta name=\"twitter:label1\" content=\"\u00c9crit par\" \/>\n\t<meta name=\"twitter:data1\" content=\"admin\" \/>\n\t<meta name=\"twitter:label2\" content=\"Dur\u00e9e de lecture estim\u00e9e\" \/>\n\t<meta name=\"twitter:data2\" content=\"3 minutes\" \/>\n<script type=\"application\/ld+json\" class=\"yoast-schema-graph\">{\"@context\":\"https:\\\/\\\/schema.org\",\"@graph\":[{\"@type\":\"Article\",\"@id\":\"https:\\\/\\\/lasentinelle.dz\\\/index.php\\\/2025\\\/02\\\/16\\\/la-semaine-nationale-de-la-prevention-pour-un-ramadhan-sain-et-en-securite\\\/#article\",\"isPartOf\":{\"@id\":\"https:\\\/\\\/lasentinelle.dz\\\/index.php\\\/2025\\\/02\\\/16\\\/la-semaine-nationale-de-la-prevention-pour-un-ramadhan-sain-et-en-securite\\\/\"},\"author\":{\"name\":\"admin\",\"@id\":\"https:\\\/\\\/lasentinelle.dz\\\/#\\\/schema\\\/person\\\/729ee0024f24e0b8c5ec17232f8e8b41\"},\"headline\":\"La Semaine nationale de la pr\u00e9vention : Pour un Ramadhan sain et en s\u00e9curit\u00e9\",\"datePublished\":\"2025-02-16T11:59:01+00:00\",\"dateModified\":\"2025-02-16T11:59:02+00:00\",\"mainEntityOfPage\":{\"@id\":\"https:\\\/\\\/lasentinelle.dz\\\/index.php\\\/2025\\\/02\\\/16\\\/la-semaine-nationale-de-la-prevention-pour-un-ramadhan-sain-et-en-securite\\\/\"},\"wordCount\":567,\"commentCount\":0,\"publisher\":{\"@id\":\"https:\\\/\\\/lasentinelle.dz\\\/#organization\"},\"image\":{\"@id\":\"https:\\\/\\\/lasentinelle.dz\\\/index.php\\\/2025\\\/02\\\/16\\\/la-semaine-nationale-de-la-prevention-pour-un-ramadhan-sain-et-en-securite\\\/#primaryimage\"},\"thumbnailUrl\":\"https:\\\/\\\/lasentinelle.dz\\\/wp-content\\\/uploads\\\/2022\\\/07\\\/Ministere-de-la-Sante.png\",\"articleSection\":[\"Actualit\u00e9\"],\"inLanguage\":\"fr-FR\",\"potentialAction\":[{\"@type\":\"CommentAction\",\"name\":\"Comment\",\"target\":[\"https:\\\/\\\/lasentinelle.dz\\\/index.php\\\/2025\\\/02\\\/16\\\/la-semaine-nationale-de-la-prevention-pour-un-ramadhan-sain-et-en-securite\\\/#respond\"]}]},{\"@type\":\"WebPage\",\"@id\":\"https:\\\/\\\/lasentinelle.dz\\\/index.php\\\/2025\\\/02\\\/16\\\/la-semaine-nationale-de-la-prevention-pour-un-ramadhan-sain-et-en-securite\\\/\",\"url\":\"https:\\\/\\\/lasentinelle.dz\\\/index.php\\\/2025\\\/02\\\/16\\\/la-semaine-nationale-de-la-prevention-pour-un-ramadhan-sain-et-en-securite\\\/\",\"name\":\"La Semaine nationale de la pr\u00e9vention : Pour un Ramadhan sain et en s\u00e9curit\u00e9 - La Sentinelle\",\"isPartOf\":{\"@id\":\"https:\\\/\\\/lasentinelle.dz\\\/#website\"},\"primaryImageOfPage\":{\"@id\":\"https:\\\/\\\/lasentinelle.dz\\\/index.php\\\/2025\\\/02\\\/16\\\/la-semaine-nationale-de-la-prevention-pour-un-ramadhan-sain-et-en-securite\\\/#primaryimage\"},\"image\":{\"@id\":\"https:\\\/\\\/lasentinelle.dz\\\/index.php\\\/2025\\\/02\\\/16\\\/la-semaine-nationale-de-la-prevention-pour-un-ramadhan-sain-et-en-securite\\\/#primaryimage\"},\"thumbnailUrl\":\"https:\\\/\\\/lasentinelle.dz\\\/wp-content\\\/uploads\\\/2022\\\/07\\\/Ministere-de-la-Sante.png\",\"datePublished\":\"2025-02-16T11:59:01+00:00\",\"dateModified\":\"2025-02-16T11:59:02+00:00\",\"breadcrumb\":{\"@id\":\"https:\\\/\\\/lasentinelle.dz\\\/index.php\\\/2025\\\/02\\\/16\\\/la-semaine-nationale-de-la-prevention-pour-un-ramadhan-sain-et-en-securite\\\/#breadcrumb\"},\"inLanguage\":\"fr-FR\",\"potentialAction\":[{\"@type\":\"ReadAction\",\"target\":[\"https:\\\/\\\/lasentinelle.dz\\\/index.php\\\/2025\\\/02\\\/16\\\/la-semaine-nationale-de-la-prevention-pour-un-ramadhan-sain-et-en-securite\\\/\"]}]},{\"@type\":\"ImageObject\",\"inLanguage\":\"fr-FR\",\"@id\":\"https:\\\/\\\/lasentinelle.dz\\\/index.php\\\/2025\\\/02\\\/16\\\/la-semaine-nationale-de-la-prevention-pour-un-ramadhan-sain-et-en-securite\\\/#primaryimage\",\"url\":\"https:\\\/\\\/lasentinelle.dz\\\/wp-content\\\/uploads\\\/2022\\\/07\\\/Ministere-de-la-Sante.png\",\"contentUrl\":\"https:\\\/\\\/lasentinelle.dz\\\/wp-content\\\/uploads\\\/2022\\\/07\\\/Ministere-de-la-Sante.png\",\"width\":1599,\"height\":900},{\"@type\":\"BreadcrumbList\",\"@id\":\"https:\\\/\\\/lasentinelle.dz\\\/index.php\\\/2025\\\/02\\\/16\\\/la-semaine-nationale-de-la-prevention-pour-un-ramadhan-sain-et-en-securite\\\/#breadcrumb\",\"itemListElement\":[{\"@type\":\"ListItem\",\"position\":1,\"name\":\"Accueil\",\"item\":\"https:\\\/\\\/lasentinelle.dz\\\/\"},{\"@type\":\"ListItem\",\"position\":2,\"name\":\"La Semaine nationale de la pr\u00e9vention : Pour un Ramadhan sain et en s\u00e9curit\u00e9\"}]},{\"@type\":\"WebSite\",\"@id\":\"https:\\\/\\\/lasentinelle.dz\\\/#website\",\"url\":\"https:\\\/\\\/lasentinelle.dz\\\/\",\"name\":\"La Sentinelle\",\"description\":\"Quotidien national d&#039;information\",\"publisher\":{\"@id\":\"https:\\\/\\\/lasentinelle.dz\\\/#organization\"},\"potentialAction\":[{\"@type\":\"SearchAction\",\"target\":{\"@type\":\"EntryPoint\",\"urlTemplate\":\"https:\\\/\\\/lasentinelle.dz\\\/?s={search_term_string}\"},\"query-input\":{\"@type\":\"PropertyValueSpecification\",\"valueRequired\":true,\"valueName\":\"search_term_string\"}}],\"inLanguage\":\"fr-FR\"},{\"@type\":\"Organization\",\"@id\":\"https:\\\/\\\/lasentinelle.dz\\\/#organization\",\"name\":\"Quotidien La Sentinelle\",\"url\":\"https:\\\/\\\/lasentinelle.dz\\\/\",\"logo\":{\"@type\":\"ImageObject\",\"inLanguage\":\"fr-FR\",\"@id\":\"https:\\\/\\\/lasentinelle.dz\\\/#\\\/schema\\\/logo\\\/image\\\/\",\"url\":\"https:\\\/\\\/lasentinelle.dz\\\/wp-content\\\/uploads\\\/2021\\\/09\\\/logo-sentinelleSLOGAN-1.png\",\"contentUrl\":\"https:\\\/\\\/lasentinelle.dz\\\/wp-content\\\/uploads\\\/2021\\\/09\\\/logo-sentinelleSLOGAN-1.png\",\"width\":615,\"height\":142,\"caption\":\"Quotidien La Sentinelle\"},\"image\":{\"@id\":\"https:\\\/\\\/lasentinelle.dz\\\/#\\\/schema\\\/logo\\\/image\\\/\"},\"sameAs\":[\"https:\\\/\\\/www.facebook.com\\\/La-Sentinelle-104059864394773\"]},{\"@type\":\"Person\",\"@id\":\"https:\\\/\\\/lasentinelle.dz\\\/#\\\/schema\\\/person\\\/729ee0024f24e0b8c5ec17232f8e8b41\",\"name\":\"admin\",\"image\":{\"@type\":\"ImageObject\",\"inLanguage\":\"fr-FR\",\"@id\":\"https:\\\/\\\/secure.gravatar.com\\\/avatar\\\/4c81fed838786e9b53f540bf46533e750f5d292099ae3b66cfc6fb1982e29df7?s=96&d=mm&r=g\",\"url\":\"https:\\\/\\\/secure.gravatar.com\\\/avatar\\\/4c81fed838786e9b53f540bf46533e750f5d292099ae3b66cfc6fb1982e29df7?s=96&d=mm&r=g\",\"contentUrl\":\"https:\\\/\\\/secure.gravatar.com\\\/avatar\\\/4c81fed838786e9b53f540bf46533e750f5d292099ae3b66cfc6fb1982e29df7?s=96&d=mm&r=g\",\"caption\":\"admin\"},\"description\":\"admin\",\"url\":\"https:\\\/\\\/lasentinelle.dz\\\/author\\\/admin\\\/\"}]}<\/script>\n<!-- \/ Yoast SEO plugin. -->","yoast_head_json":{"title":"La Semaine nationale de la pr\u00e9vention : Pour un Ramadhan sain et en s\u00e9curit\u00e9 - La Sentinelle","robots":{"index":"index","follow":"follow","max-snippet":"max-snippet:-1","max-image-preview":"max-image-preview:large","max-video-preview":"max-video-preview:-1"},"canonical":"https:\/\/lasentinelle.dz\/index.php\/2025\/02\/16\/la-semaine-nationale-de-la-prevention-pour-un-ramadhan-sain-et-en-securite\/","og_locale":"fr_FR","og_type":"article","og_title":"La Semaine nationale de la pr\u00e9vention : Pour un Ramadhan sain et en s\u00e9curit\u00e9 - La Sentinelle","og_description":"Dans le cadre de ses efforts continus pour am\u00e9liorer la sant\u00e9 publique, le minist\u00e8re de la Sant\u00e9 a annonc\u00e9 le","og_url":"https:\/\/lasentinelle.dz\/index.php\/2025\/02\/16\/la-semaine-nationale-de-la-prevention-pour-un-ramadhan-sain-et-en-securite\/","og_site_name":"La Sentinelle","article_publisher":"https:\/\/www.facebook.com\/La-Sentinelle-104059864394773","article_published_time":"2025-02-16T11:59:01+00:00","article_modified_time":"2025-02-16T11:59:02+00:00","og_image":[{"width":1599,"height":900,"url":"https:\/\/lasentinelle.dz\/wp-content\/uploads\/2022\/07\/Ministere-de-la-Sante.png","type":"image\/png"}],"author":"admin","twitter_card":"summary_large_image","twitter_misc":{"\u00c9crit par":"admin","Dur\u00e9e de lecture estim\u00e9e":"3 minutes"},"schema":{"@context":"https:\/\/schema.org","@graph":[{"@type":"Article","@id":"https:\/\/lasentinelle.dz\/index.php\/2025\/02\/16\/la-semaine-nationale-de-la-prevention-pour-un-ramadhan-sain-et-en-securite\/#article","isPartOf":{"@id":"https:\/\/lasentinelle.dz\/index.php\/2025\/02\/16\/la-semaine-nationale-de-la-prevention-pour-un-ramadhan-sain-et-en-securite\/"},"author":{"name":"admin","@id":"https:\/\/lasentinelle.dz\/#\/schema\/person\/729ee0024f24e0b8c5ec17232f8e8b41"},"headline":"La Semaine nationale de la pr\u00e9vention : Pour un Ramadhan sain et en s\u00e9curit\u00e9","datePublished":"2025-02-16T11:59:01+00:00","dateModified":"2025-02-16T11:59:02+00:00","mainEntityOfPage":{"@id":"https:\/\/lasentinelle.dz\/index.php\/2025\/02\/16\/la-semaine-nationale-de-la-prevention-pour-un-ramadhan-sain-et-en-securite\/"},"wordCount":567,"commentCount":0,"publisher":{"@id":"https:\/\/lasentinelle.dz\/#organization"},"image":{"@id":"https:\/\/lasentinelle.dz\/index.php\/2025\/02\/16\/la-semaine-nationale-de-la-prevention-pour-un-ramadhan-sain-et-en-securite\/#primaryimage"},"thumbnailUrl":"https:\/\/lasentinelle.dz\/wp-content\/uploads\/2022\/07\/Ministere-de-la-Sante.png","articleSection":["Actualit\u00e9"],"inLanguage":"fr-FR","potentialAction":[{"@type":"CommentAction","name":"Comment","target":["https:\/\/lasentinelle.dz\/index.php\/2025\/02\/16\/la-semaine-nationale-de-la-prevention-pour-un-ramadhan-sain-et-en-securite\/#respond"]}]},{"@type":"WebPage","@id":"https:\/\/lasentinelle.dz\/index.php\/2025\/02\/16\/la-semaine-nationale-de-la-prevention-pour-un-ramadhan-sain-et-en-securite\/","url":"https:\/\/lasentinelle.dz\/index.php\/2025\/02\/16\/la-semaine-nationale-de-la-prevention-pour-un-ramadhan-sain-et-en-securite\/","name":"La Semaine nationale de la pr\u00e9vention : Pour un Ramadhan sain et en s\u00e9curit\u00e9 - La Sentinelle","isPartOf":{"@id":"https:\/\/lasentinelle.dz\/#website"},"primaryImageOfPage":{"@id":"https:\/\/lasentinelle.dz\/index.php\/2025\/02\/16\/la-semaine-nationale-de-la-prevention-pour-un-ramadhan-sain-et-en-securite\/#primaryimage"},"image":{"@id":"https:\/\/lasentinelle.dz\/index.php\/2025\/02\/16\/la-semaine-nationale-de-la-prevention-pour-un-ramadhan-sain-et-en-securite\/#primaryimage"},"thumbnailUrl":"https:\/\/lasentinelle.dz\/wp-content\/uploads\/2022\/07\/Ministere-de-la-Sante.png","datePublished":"2025-02-16T11:59:01+00:00","dateModified":"2025-02-16T11:59:02+00:00","breadcrumb":{"@id":"https:\/\/lasentinelle.dz\/index.php\/2025\/02\/16\/la-semaine-nationale-de-la-prevention-pour-un-ramadhan-sain-et-en-securite\/#breadcrumb"},"inLanguage":"fr-FR","potentialAction":[{"@type":"ReadAction","target":["https:\/\/lasentinelle.dz\/index.php\/2025\/02\/16\/la-semaine-nationale-de-la-prevention-pour-un-ramadhan-sain-et-en-securite\/"]}]},{"@type":"ImageObject","inLanguage":"fr-FR","@id":"https:\/\/lasentinelle.dz\/index.php\/2025\/02\/16\/la-semaine-nationale-de-la-prevention-pour-un-ramadhan-sain-et-en-securite\/#primaryimage","url":"https:\/\/lasentinelle.dz\/wp-content\/uploads\/2022\/07\/Ministere-de-la-Sante.png","contentUrl":"https:\/\/lasentinelle.dz\/wp-content\/uploads\/2022\/07\/Ministere-de-la-Sante.png","width":1599,"height":900},{"@type":"BreadcrumbList","@id":"https:\/\/lasentinelle.dz\/index.php\/2025\/02\/16\/la-semaine-nationale-de-la-prevention-pour-un-ramadhan-sain-et-en-securite\/#breadcrumb","itemListElement":[{"@type":"ListItem","position":1,"name":"Accueil","item":"https:\/\/lasentinelle.dz\/"},{"@type":"ListItem","position":2,"name":"La Semaine nationale de la pr\u00e9vention : Pour un Ramadhan sain et en s\u00e9curit\u00e9"}]},{"@type":"WebSite","@id":"https:\/\/lasentinelle.dz\/#website","url":"https:\/\/lasentinelle.dz\/","name":"La Sentinelle","description":"Quotidien national d&#039;information","publisher":{"@id":"https:\/\/lasentinelle.dz\/#organization"},"potentialAction":[{"@type":"SearchAction","target":{"@type":"EntryPoint","urlTemplate":"https:\/\/lasentinelle.dz\/?s={search_term_string}"},"query-input":{"@type":"PropertyValueSpecification","valueRequired":true,"valueName":"search_term_string"}}],"inLanguage":"fr-FR"},{"@type":"Organization","@id":"https:\/\/lasentinelle.dz\/#organization","name":"Quotidien La Sentinelle","url":"https:\/\/lasentinelle.dz\/","logo":{"@type":"ImageObject","inLanguage":"fr-FR","@id":"https:\/\/lasentinelle.dz\/#\/schema\/logo\/image\/","url":"https:\/\/lasentinelle.dz\/wp-content\/uploads\/2021\/09\/logo-sentinelleSLOGAN-1.png","contentUrl":"https:\/\/lasentinelle.dz\/wp-content\/uploads\/2021\/09\/logo-sentinelleSLOGAN-1.png","width":615,"height":142,"caption":"Quotidien La Sentinelle"},"image":{"@id":"https:\/\/lasentinelle.dz\/#\/schema\/logo\/image\/"},"sameAs":["https:\/\/www.facebook.com\/La-Sentinelle-104059864394773"]},{"@type":"Person","@id":"https:\/\/lasentinelle.dz\/#\/schema\/person\/729ee0024f24e0b8c5ec17232f8e8b41","name":"admin","image":{"@type":"ImageObject","inLanguage":"fr-FR","@id":"https:\/\/secure.gravatar.com\/avatar\/4c81fed838786e9b53f540bf46533e750f5d292099ae3b66cfc6fb1982e29df7?s=96&d=mm&r=g","url":"https:\/\/secure.gravatar.com\/avatar\/4c81fed838786e9b53f540bf46533e750f5d292099ae3b66cfc6fb1982e29df7?s=96&d=mm&r=g","contentUrl":"https:\/\/secure.gravatar.com\/avatar\/4c81fed838786e9b53f540bf46533e750f5d292099ae3b66cfc6fb1982e29df7?s=96&d=mm&r=g","caption":"admin"},"description":"admin","url":"https:\/\/lasentinelle.dz\/author\/admin\/"}]}},"_links":{"self":[{"href":"https:\/\/lasentinelle.dz\/index.php\/wp-json\/wp\/v2\/posts\/62956","targetHints":{"allow":["GET"]}}],"collection":[{"href":"https:\/\/lasentinelle.dz\/index.php\/wp-json\/wp\/v2\/posts"}],"about":[{"href":"https:\/\/lasentinelle.dz\/index.php\/wp-json\/wp\/v2\/types\/post"}],"author":[{"embeddable":true,"href":"https:\/\/lasentinelle.dz\/index.php\/wp-json\/wp\/v2\/users\/6"}],"replies":[{"embeddable":true,"href":"https:\/\/lasentinelle.dz\/index.php\/wp-json\/wp\/v2\/comments?post=62956"}],"version-history":[{"count":1,"href":"https:\/\/lasentinelle.dz\/index.php\/wp-json\/wp\/v2\/posts\/62956\/revisions"}],"predecessor-version":[{"id":62957,"href":"https:\/\/lasentinelle.dz\/index.php\/wp-json\/wp\/v2\/posts\/62956\/revisions\/62957"}],"wp:featuredmedia":[{"embeddable":true,"href":"https:\/\/lasentinelle.dz\/index.php\/wp-json\/wp\/v2\/media\/24482"}],"wp:attachment":[{"href":"https:\/\/lasentinelle.dz\/index.php\/wp-json\/wp\/v2\/media?parent=62956"}],"wp:term":[{"taxonomy":"category","embeddable":true,"href":"https:\/\/lasentinelle.dz\/index.php\/wp-json\/wp\/v2\/categories?post=62956"},{"taxonomy":"post_tag","embeddable":true,"href":"https:\/\/lasentinelle.dz\/index.php\/wp-json\/wp\/v2\/tags?post=62956"}],"curies":[{"name":"wp","href":"https:\/\/api.w.org\/{rel}","templated":true}]}}