{"id":63023,"date":"2025-02-16T13:25:16","date_gmt":"2025-02-16T12:25:16","guid":{"rendered":"https:\/\/lasentinelle.dz\/?p=63023"},"modified":"2025-02-16T13:25:17","modified_gmt":"2025-02-16T12:25:17","slug":"selma-malika-haddadi-elue-au-poste-de-vice-presidente-de-la-commission-de-lua-la-diplomatie-algerienne-en-action","status":"publish","type":"post","link":"https:\/\/lasentinelle.dz\/index.php\/2025\/02\/16\/selma-malika-haddadi-elue-au-poste-de-vice-presidente-de-la-commission-de-lua-la-diplomatie-algerienne-en-action\/","title":{"rendered":"Selma Malika Haddadi \u00e9lue au poste de vice-pr\u00e9sidente de la commission de l&rsquo;UA: La diplomatie alg\u00e9rienne en action"},"content":{"rendered":"\n<p>La diplomatie alg\u00e9rienne a marqu\u00e9 hier une victoire importante avec l&rsquo;\u00e9lection triomphale de l&rsquo;ambassadeure Selma Malika Haddadi au poste de vice-pr\u00e9sidente de la Commission de l&rsquo;Union africaine. Cette victoire \u00e9crasante, avec 33 voix en sa faveur, et qui lui permis d&rsquo;\u00e9craser sa concurrente marocaine,&nbsp; confirme une fois de plus la place pr\u00e9pond\u00e9rante de l&rsquo;Alg\u00e9rie sur l&rsquo;\u00e9chiquier continental et consacre l&rsquo;excellence de sa diplomatie.<\/p>\n\n\n\n<p>Cette \u00e9lection, qui s&rsquo;est d\u00e9roul\u00e9e lors du 38e sommet de l&rsquo;organisation panafricaine \u00e0 Addis-Abeba, marque un tournant significatif dans la repr\u00e9sentation nord-africaine au sein des instances dirigeantes de l&rsquo;UA. Mme Haddadi, qui succ\u00e8de \u00e0 la Rwandaise Monique Nsanzabaganwa, s&rsquo;est impos\u00e9e face \u00e0 sa concurrente marocaine apr\u00e8s le retrait des candidates libyenne et \u00e9gyptienne, respectivement au premier et au troisi\u00e8me tour. Le parcours de Selma Malika Haddadi t\u00e9moigne d&rsquo;une expertise diplomatique forg\u00e9e sur plus de deux d\u00e9cennies au service de la paix et de l&rsquo;unit\u00e9 africaine. \u00c0 47 ans, cette diplomate chevronn\u00e9e cumule des exp\u00e9riences strat\u00e9giques qui ont fa\u00e7onn\u00e9 sa vision panafricaine et consolid\u00e9 sa compr\u00e9hension des enjeux continentaux. Son dernier poste en tant que directrice g\u00e9n\u00e9rale Afrique au minist\u00e8re des Affaires \u00e9trang\u00e8res, de mars 2023 \u00e0 avril 2024, a couronn\u00e9 une carri\u00e8re jalonn\u00e9e de responsabilit\u00e9s croissantes. Avant cela, elle avait brillamment occup\u00e9 le poste d&rsquo;ambassadrice extraordinaire et pl\u00e9nipotentiaire au Kenya et au Soudan du Sud de 2019 \u00e0 2023, d\u00e9montrant sa capacit\u00e9 \u00e0 g\u00e9rer des relations diplomatiques complexes dans une r\u00e9gion strat\u00e9gique du continent. Son exp\u00e9rience en tant que ministre conseill\u00e8re et cheffe de mission adjointe \u00e0 l&rsquo;ambassade d&rsquo;Alg\u00e9rie en \u00c9thiopie et aupr\u00e8s de l&rsquo;Union africaine, de 2015 \u00e0 2019, lui a permis d&rsquo;acqu\u00e9rir une connaissance approfondie des m\u00e9canismes de l&rsquo;organisation panafricaine. La force de Mme Haddadi r\u00e9side \u00e9galement dans sa ma\u00eetrise des questions sociales et de d\u00e9veloppement. Entre 2013 et 2015, en tant que sous-directrice du d\u00e9veloppement social au niveau de la direction g\u00e9n\u00e9rale des affaires politiques et de la s\u00e9curit\u00e9 internationale, elle a coordonn\u00e9 la participation de l&rsquo;Alg\u00e9rie aux discussions mondiales sur des questions cruciales telles que la famille, les femmes, les enfants, la sant\u00e9, la jeunesse, et les Objectifs de d\u00e9veloppement durable. Sa vision pour l&rsquo;UA, profond\u00e9ment ancr\u00e9e dans son \u00ab\u00a0d\u00e9vouement \u00e0 l&rsquo;Afrique\u00a0\u00bb et sa \u00ab\u00a0loyaut\u00e9\u00a0\u00bb envers l&rsquo;organisation, propose un retour aux fondamentaux \u00e9tablis par les p\u00e8res fondateurs. Elle s&rsquo;est engag\u00e9e \u00e0 renforcer la gestion administrative et financi\u00e8re de la Commission, tout en instaurant une culture d&rsquo;efficacit\u00e9, de transparence et de redevabilit\u00e9 \u00e0 tous les niveaux.<\/p>\n\n\n\n<p>Tentatives de d\u00e9stabilisation de la part du Maroc<\/p>\n\n\n\n<p>Cette \u00e9lection s&rsquo;est d\u00e9roul\u00e9e dans un contexte particulier, marqu\u00e9 par des tentatives de d\u00e9stabilisation de la part du Maroc, qui a essay\u00e9 d&rsquo;entraver la candidature alg\u00e9rienne. Cependant, ces man\u0153uvres ont \u00e9chou\u00e9 face \u00e0 la solidit\u00e9 du dossier pr\u00e9sent\u00e9 par Mme Haddadi et \u00e0 la reconnaissance de ses comp\u00e9tences par ses pairs africains. Sa ma\u00eetrise des trois principales langues de l&rsquo;Union africaine &#8211; l&rsquo;arabe, l&rsquo;anglais et le fran\u00e7ais &#8211; ainsi que son expertise dans la gestion des missions diplomatiques complexes ont largement contribu\u00e9 \u00e0 ce succ\u00e8s. L&rsquo;\u00e9lection de Mme Haddadi s&rsquo;inscrit dans un renouvellement plus large des instances de l&rsquo;UA, qui a \u00e9galement vu l&rsquo;\u00e9lection du Djiboutien Mahmoud Ali Youssouf \u00e0 la pr\u00e9sidence de la Commission, et la prise de fonction de l&rsquo;Angola \u00e0 la pr\u00e9sidence tournante de l&rsquo;Union pour l&rsquo;ann\u00e9e 2025. Ces changements surviennent \u00e0 un moment crucial o\u00f9 l&rsquo;organisation cherche \u00e0 renforcer son efficacit\u00e9 et sa pr\u00e9sence sur la sc\u00e8ne internationale. Pour concr\u00e9tiser sa vision, Mme Haddadi s&rsquo;est engag\u00e9e \u00e0 favoriser la priorisation et le renforcement des partenariats avec les institutions africaines de d\u00e9veloppement, notamment la BAD, l&rsquo;Afreximbank et l&rsquo;AUDA-NEPAD. Cette approche vise \u00e0 garantir une meilleure appropriation des programmes de l&rsquo;UA par les \u00c9tats membres et \u00e0 acc\u00e9l\u00e9rer la r\u00e9alisation des objectifs de l&rsquo;Agenda 2063. Cette victoire diplomatique alg\u00e9rienne illustre la capacit\u00e9 du pays \u00e0 s&rsquo;imposer sur la sc\u00e8ne continentale malgr\u00e9 les tentatives de d\u00e9stabilisation. Elle d\u00e9montre \u00e9galement la reconnaissance par les \u00c9tats membres de l&rsquo;UA des comp\u00e9tences et de l&rsquo;engagement de l&rsquo;Alg\u00e9rie envers le d\u00e9veloppement du continent. La nomination de Selma Malika Haddadi ouvre ainsi une nouvelle page dans l&rsquo;histoire de la diplomatie alg\u00e9rienne et promet de renforcer le r\u00f4le de l&rsquo;Afrique dans les relations internationales.<\/p>\n\n\n\n<p><strong>Salim Amokrane<\/strong><\/p>\n","protected":false},"excerpt":{"rendered":"<p>La diplomatie alg\u00e9rienne a marqu\u00e9 hier une victoire importante avec l&rsquo;\u00e9lection triomphale de l&rsquo;ambassadeure Selma Malika Haddadi au poste de<\/p>\n","protected":false},"author":6,"featured_media":63024,"comment_status":"open","ping_status":"closed","sticky":false,"template":"","format":"standard","meta":{"colormag_page_container_layout":"default_layout","colormag_page_sidebar_layout":"default_layout","om_disable_all_campaigns":false,"_monsterinsights_skip_tracking":false,"_monsterinsights_sitenote_active":false,"_monsterinsights_sitenote_note":"","_monsterinsights_sitenote_category":0,"footnotes":"","_wpscppro_dont_share_socialmedia":false,"_wpscppro_custom_social_share_image":0,"_facebook_share_type":"default","_twitter_share_type":"default","_linkedin_share_type":"default","_pinterest_share_type":"default","_linkedin_share_type_page":"","_instagram_share_type":"default","_medium_share_type":"default","_threads_share_type":"","_google_business_share_type":"","_selected_social_profile":[],"_wpsp_enable_custom_social_template":false,"_wpsp_social_scheduling":{"enabled":false,"datetime":null,"platforms":[],"status":"template_only","dateOption":"today","timeOption":"now","customDays":"","customHours":"","customDate":"","customTime":"","schedulingType":"absolute"},"_wpsp_active_default_template":true},"categories":[52,27],"tags":[],"class_list":["post-63023","post","type-post","status-publish","format-standard","has-post-thumbnail","hentry","category-a-la-une","category-actualite"],"aioseo_notices":[],"yoast_head":"<!-- This site is optimized with the Yoast SEO plugin v27.5 - https:\/\/yoast.com\/product\/yoast-seo-wordpress\/ -->\n<title>Selma Malika Haddadi \u00e9lue au poste de vice-pr\u00e9sidente de la commission de l&rsquo;UA: La diplomatie alg\u00e9rienne en action - La Sentinelle<\/title>\n<meta name=\"robots\" content=\"index, follow, max-snippet:-1, max-image-preview:large, max-video-preview:-1\" \/>\n<link rel=\"canonical\" href=\"https:\/\/lasentinelle.dz\/index.php\/2025\/02\/16\/selma-malika-haddadi-elue-au-poste-de-vice-presidente-de-la-commission-de-lua-la-diplomatie-algerienne-en-action\/\" \/>\n<meta property=\"og:locale\" content=\"fr_FR\" \/>\n<meta property=\"og:type\" content=\"article\" \/>\n<meta property=\"og:title\" content=\"Selma Malika Haddadi \u00e9lue au poste de vice-pr\u00e9sidente de la commission de l&rsquo;UA: La diplomatie alg\u00e9rienne en action - La Sentinelle\" \/>\n<meta property=\"og:description\" content=\"La diplomatie alg\u00e9rienne a marqu\u00e9 hier une victoire importante avec l&rsquo;\u00e9lection triomphale de l&rsquo;ambassadeure Selma Malika Haddadi au poste de\" \/>\n<meta property=\"og:url\" content=\"https:\/\/lasentinelle.dz\/index.php\/2025\/02\/16\/selma-malika-haddadi-elue-au-poste-de-vice-presidente-de-la-commission-de-lua-la-diplomatie-algerienne-en-action\/\" \/>\n<meta property=\"og:site_name\" content=\"La Sentinelle\" \/>\n<meta property=\"article:publisher\" content=\"https:\/\/www.facebook.com\/La-Sentinelle-104059864394773\" \/>\n<meta property=\"article:published_time\" content=\"2025-02-16T12:25:16+00:00\" \/>\n<meta property=\"article:modified_time\" content=\"2025-02-16T12:25:17+00:00\" \/>\n<meta property=\"og:image\" content=\"https:\/\/lasentinelle.dz\/wp-content\/uploads\/2025\/02\/Selma-Malika-Haddadi-.webp\" \/>\n\t<meta property=\"og:image:width\" content=\"900\" \/>\n\t<meta property=\"og:image:height\" content=\"675\" \/>\n\t<meta property=\"og:image:type\" content=\"image\/webp\" \/>\n<meta name=\"author\" content=\"admin\" \/>\n<meta name=\"twitter:card\" content=\"summary_large_image\" \/>\n<meta name=\"twitter:label1\" content=\"\u00c9crit par\" \/>\n\t<meta name=\"twitter:data1\" content=\"admin\" \/>\n\t<meta name=\"twitter:label2\" content=\"Dur\u00e9e de lecture estim\u00e9e\" \/>\n\t<meta name=\"twitter:data2\" content=\"4 minutes\" \/>\n<script type=\"application\/ld+json\" class=\"yoast-schema-graph\">{\"@context\":\"https:\\\/\\\/schema.org\",\"@graph\":[{\"@type\":\"Article\",\"@id\":\"https:\\\/\\\/lasentinelle.dz\\\/index.php\\\/2025\\\/02\\\/16\\\/selma-malika-haddadi-elue-au-poste-de-vice-presidente-de-la-commission-de-lua-la-diplomatie-algerienne-en-action\\\/#article\",\"isPartOf\":{\"@id\":\"https:\\\/\\\/lasentinelle.dz\\\/index.php\\\/2025\\\/02\\\/16\\\/selma-malika-haddadi-elue-au-poste-de-vice-presidente-de-la-commission-de-lua-la-diplomatie-algerienne-en-action\\\/\"},\"author\":{\"name\":\"admin\",\"@id\":\"https:\\\/\\\/lasentinelle.dz\\\/#\\\/schema\\\/person\\\/729ee0024f24e0b8c5ec17232f8e8b41\"},\"headline\":\"Selma Malika Haddadi \u00e9lue au poste de vice-pr\u00e9sidente de la commission de l&rsquo;UA: La diplomatie alg\u00e9rienne en action\",\"datePublished\":\"2025-02-16T12:25:16+00:00\",\"dateModified\":\"2025-02-16T12:25:17+00:00\",\"mainEntityOfPage\":{\"@id\":\"https:\\\/\\\/lasentinelle.dz\\\/index.php\\\/2025\\\/02\\\/16\\\/selma-malika-haddadi-elue-au-poste-de-vice-presidente-de-la-commission-de-lua-la-diplomatie-algerienne-en-action\\\/\"},\"wordCount\":812,\"commentCount\":0,\"publisher\":{\"@id\":\"https:\\\/\\\/lasentinelle.dz\\\/#organization\"},\"image\":{\"@id\":\"https:\\\/\\\/lasentinelle.dz\\\/index.php\\\/2025\\\/02\\\/16\\\/selma-malika-haddadi-elue-au-poste-de-vice-presidente-de-la-commission-de-lua-la-diplomatie-algerienne-en-action\\\/#primaryimage\"},\"thumbnailUrl\":\"https:\\\/\\\/lasentinelle.dz\\\/wp-content\\\/uploads\\\/2025\\\/02\\\/Selma-Malika-Haddadi-.webp\",\"articleSection\":[\"\u00c0 la Une\",\"Actualit\u00e9\"],\"inLanguage\":\"fr-FR\",\"potentialAction\":[{\"@type\":\"CommentAction\",\"name\":\"Comment\",\"target\":[\"https:\\\/\\\/lasentinelle.dz\\\/index.php\\\/2025\\\/02\\\/16\\\/selma-malika-haddadi-elue-au-poste-de-vice-presidente-de-la-commission-de-lua-la-diplomatie-algerienne-en-action\\\/#respond\"]}]},{\"@type\":\"WebPage\",\"@id\":\"https:\\\/\\\/lasentinelle.dz\\\/index.php\\\/2025\\\/02\\\/16\\\/selma-malika-haddadi-elue-au-poste-de-vice-presidente-de-la-commission-de-lua-la-diplomatie-algerienne-en-action\\\/\",\"url\":\"https:\\\/\\\/lasentinelle.dz\\\/index.php\\\/2025\\\/02\\\/16\\\/selma-malika-haddadi-elue-au-poste-de-vice-presidente-de-la-commission-de-lua-la-diplomatie-algerienne-en-action\\\/\",\"name\":\"Selma Malika Haddadi \u00e9lue au poste de vice-pr\u00e9sidente de la commission de l&rsquo;UA: La diplomatie alg\u00e9rienne en action - La Sentinelle\",\"isPartOf\":{\"@id\":\"https:\\\/\\\/lasentinelle.dz\\\/#website\"},\"primaryImageOfPage\":{\"@id\":\"https:\\\/\\\/lasentinelle.dz\\\/index.php\\\/2025\\\/02\\\/16\\\/selma-malika-haddadi-elue-au-poste-de-vice-presidente-de-la-commission-de-lua-la-diplomatie-algerienne-en-action\\\/#primaryimage\"},\"image\":{\"@id\":\"https:\\\/\\\/lasentinelle.dz\\\/index.php\\\/2025\\\/02\\\/16\\\/selma-malika-haddadi-elue-au-poste-de-vice-presidente-de-la-commission-de-lua-la-diplomatie-algerienne-en-action\\\/#primaryimage\"},\"thumbnailUrl\":\"https:\\\/\\\/lasentinelle.dz\\\/wp-content\\\/uploads\\\/2025\\\/02\\\/Selma-Malika-Haddadi-.webp\",\"datePublished\":\"2025-02-16T12:25:16+00:00\",\"dateModified\":\"2025-02-16T12:25:17+00:00\",\"breadcrumb\":{\"@id\":\"https:\\\/\\\/lasentinelle.dz\\\/index.php\\\/2025\\\/02\\\/16\\\/selma-malika-haddadi-elue-au-poste-de-vice-presidente-de-la-commission-de-lua-la-diplomatie-algerienne-en-action\\\/#breadcrumb\"},\"inLanguage\":\"fr-FR\",\"potentialAction\":[{\"@type\":\"ReadAction\",\"target\":[\"https:\\\/\\\/lasentinelle.dz\\\/index.php\\\/2025\\\/02\\\/16\\\/selma-malika-haddadi-elue-au-poste-de-vice-presidente-de-la-commission-de-lua-la-diplomatie-algerienne-en-action\\\/\"]}]},{\"@type\":\"ImageObject\",\"inLanguage\":\"fr-FR\",\"@id\":\"https:\\\/\\\/lasentinelle.dz\\\/index.php\\\/2025\\\/02\\\/16\\\/selma-malika-haddadi-elue-au-poste-de-vice-presidente-de-la-commission-de-lua-la-diplomatie-algerienne-en-action\\\/#primaryimage\",\"url\":\"https:\\\/\\\/lasentinelle.dz\\\/wp-content\\\/uploads\\\/2025\\\/02\\\/Selma-Malika-Haddadi-.webp\",\"contentUrl\":\"https:\\\/\\\/lasentinelle.dz\\\/wp-content\\\/uploads\\\/2025\\\/02\\\/Selma-Malika-Haddadi-.webp\",\"width\":900,\"height\":675},{\"@type\":\"BreadcrumbList\",\"@id\":\"https:\\\/\\\/lasentinelle.dz\\\/index.php\\\/2025\\\/02\\\/16\\\/selma-malika-haddadi-elue-au-poste-de-vice-presidente-de-la-commission-de-lua-la-diplomatie-algerienne-en-action\\\/#breadcrumb\",\"itemListElement\":[{\"@type\":\"ListItem\",\"position\":1,\"name\":\"Accueil\",\"item\":\"https:\\\/\\\/lasentinelle.dz\\\/\"},{\"@type\":\"ListItem\",\"position\":2,\"name\":\"Selma Malika Haddadi \u00e9lue au poste de vice-pr\u00e9sidente de la commission de l&rsquo;UA: La diplomatie alg\u00e9rienne en action\"}]},{\"@type\":\"WebSite\",\"@id\":\"https:\\\/\\\/lasentinelle.dz\\\/#website\",\"url\":\"https:\\\/\\\/lasentinelle.dz\\\/\",\"name\":\"La Sentinelle\",\"description\":\"Quotidien national d&#039;information\",\"publisher\":{\"@id\":\"https:\\\/\\\/lasentinelle.dz\\\/#organization\"},\"potentialAction\":[{\"@type\":\"SearchAction\",\"target\":{\"@type\":\"EntryPoint\",\"urlTemplate\":\"https:\\\/\\\/lasentinelle.dz\\\/?s={search_term_string}\"},\"query-input\":{\"@type\":\"PropertyValueSpecification\",\"valueRequired\":true,\"valueName\":\"search_term_string\"}}],\"inLanguage\":\"fr-FR\"},{\"@type\":\"Organization\",\"@id\":\"https:\\\/\\\/lasentinelle.dz\\\/#organization\",\"name\":\"Quotidien La Sentinelle\",\"url\":\"https:\\\/\\\/lasentinelle.dz\\\/\",\"logo\":{\"@type\":\"ImageObject\",\"inLanguage\":\"fr-FR\",\"@id\":\"https:\\\/\\\/lasentinelle.dz\\\/#\\\/schema\\\/logo\\\/image\\\/\",\"url\":\"https:\\\/\\\/lasentinelle.dz\\\/wp-content\\\/uploads\\\/2021\\\/09\\\/logo-sentinelleSLOGAN-1.png\",\"contentUrl\":\"https:\\\/\\\/lasentinelle.dz\\\/wp-content\\\/uploads\\\/2021\\\/09\\\/logo-sentinelleSLOGAN-1.png\",\"width\":615,\"height\":142,\"caption\":\"Quotidien La Sentinelle\"},\"image\":{\"@id\":\"https:\\\/\\\/lasentinelle.dz\\\/#\\\/schema\\\/logo\\\/image\\\/\"},\"sameAs\":[\"https:\\\/\\\/www.facebook.com\\\/La-Sentinelle-104059864394773\"]},{\"@type\":\"Person\",\"@id\":\"https:\\\/\\\/lasentinelle.dz\\\/#\\\/schema\\\/person\\\/729ee0024f24e0b8c5ec17232f8e8b41\",\"name\":\"admin\",\"image\":{\"@type\":\"ImageObject\",\"inLanguage\":\"fr-FR\",\"@id\":\"https:\\\/\\\/secure.gravatar.com\\\/avatar\\\/4c81fed838786e9b53f540bf46533e750f5d292099ae3b66cfc6fb1982e29df7?s=96&d=mm&r=g\",\"url\":\"https:\\\/\\\/secure.gravatar.com\\\/avatar\\\/4c81fed838786e9b53f540bf46533e750f5d292099ae3b66cfc6fb1982e29df7?s=96&d=mm&r=g\",\"contentUrl\":\"https:\\\/\\\/secure.gravatar.com\\\/avatar\\\/4c81fed838786e9b53f540bf46533e750f5d292099ae3b66cfc6fb1982e29df7?s=96&d=mm&r=g\",\"caption\":\"admin\"},\"description\":\"admin\",\"url\":\"https:\\\/\\\/lasentinelle.dz\\\/author\\\/admin\\\/\"}]}<\/script>\n<!-- \/ Yoast SEO plugin. -->","yoast_head_json":{"title":"Selma Malika Haddadi \u00e9lue au poste de vice-pr\u00e9sidente de la commission de l&rsquo;UA: La diplomatie alg\u00e9rienne en action - La Sentinelle","robots":{"index":"index","follow":"follow","max-snippet":"max-snippet:-1","max-image-preview":"max-image-preview:large","max-video-preview":"max-video-preview:-1"},"canonical":"https:\/\/lasentinelle.dz\/index.php\/2025\/02\/16\/selma-malika-haddadi-elue-au-poste-de-vice-presidente-de-la-commission-de-lua-la-diplomatie-algerienne-en-action\/","og_locale":"fr_FR","og_type":"article","og_title":"Selma Malika Haddadi \u00e9lue au poste de vice-pr\u00e9sidente de la commission de l&rsquo;UA: La diplomatie alg\u00e9rienne en action - La Sentinelle","og_description":"La diplomatie alg\u00e9rienne a marqu\u00e9 hier une victoire importante avec l&rsquo;\u00e9lection triomphale de l&rsquo;ambassadeure Selma Malika Haddadi au poste de","og_url":"https:\/\/lasentinelle.dz\/index.php\/2025\/02\/16\/selma-malika-haddadi-elue-au-poste-de-vice-presidente-de-la-commission-de-lua-la-diplomatie-algerienne-en-action\/","og_site_name":"La Sentinelle","article_publisher":"https:\/\/www.facebook.com\/La-Sentinelle-104059864394773","article_published_time":"2025-02-16T12:25:16+00:00","article_modified_time":"2025-02-16T12:25:17+00:00","og_image":[{"width":900,"height":675,"url":"https:\/\/lasentinelle.dz\/wp-content\/uploads\/2025\/02\/Selma-Malika-Haddadi-.webp","type":"image\/webp"}],"author":"admin","twitter_card":"summary_large_image","twitter_misc":{"\u00c9crit par":"admin","Dur\u00e9e de lecture estim\u00e9e":"4 minutes"},"schema":{"@context":"https:\/\/schema.org","@graph":[{"@type":"Article","@id":"https:\/\/lasentinelle.dz\/index.php\/2025\/02\/16\/selma-malika-haddadi-elue-au-poste-de-vice-presidente-de-la-commission-de-lua-la-diplomatie-algerienne-en-action\/#article","isPartOf":{"@id":"https:\/\/lasentinelle.dz\/index.php\/2025\/02\/16\/selma-malika-haddadi-elue-au-poste-de-vice-presidente-de-la-commission-de-lua-la-diplomatie-algerienne-en-action\/"},"author":{"name":"admin","@id":"https:\/\/lasentinelle.dz\/#\/schema\/person\/729ee0024f24e0b8c5ec17232f8e8b41"},"headline":"Selma Malika Haddadi \u00e9lue au poste de vice-pr\u00e9sidente de la commission de l&rsquo;UA: La diplomatie alg\u00e9rienne en action","datePublished":"2025-02-16T12:25:16+00:00","dateModified":"2025-02-16T12:25:17+00:00","mainEntityOfPage":{"@id":"https:\/\/lasentinelle.dz\/index.php\/2025\/02\/16\/selma-malika-haddadi-elue-au-poste-de-vice-presidente-de-la-commission-de-lua-la-diplomatie-algerienne-en-action\/"},"wordCount":812,"commentCount":0,"publisher":{"@id":"https:\/\/lasentinelle.dz\/#organization"},"image":{"@id":"https:\/\/lasentinelle.dz\/index.php\/2025\/02\/16\/selma-malika-haddadi-elue-au-poste-de-vice-presidente-de-la-commission-de-lua-la-diplomatie-algerienne-en-action\/#primaryimage"},"thumbnailUrl":"https:\/\/lasentinelle.dz\/wp-content\/uploads\/2025\/02\/Selma-Malika-Haddadi-.webp","articleSection":["\u00c0 la Une","Actualit\u00e9"],"inLanguage":"fr-FR","potentialAction":[{"@type":"CommentAction","name":"Comment","target":["https:\/\/lasentinelle.dz\/index.php\/2025\/02\/16\/selma-malika-haddadi-elue-au-poste-de-vice-presidente-de-la-commission-de-lua-la-diplomatie-algerienne-en-action\/#respond"]}]},{"@type":"WebPage","@id":"https:\/\/lasentinelle.dz\/index.php\/2025\/02\/16\/selma-malika-haddadi-elue-au-poste-de-vice-presidente-de-la-commission-de-lua-la-diplomatie-algerienne-en-action\/","url":"https:\/\/lasentinelle.dz\/index.php\/2025\/02\/16\/selma-malika-haddadi-elue-au-poste-de-vice-presidente-de-la-commission-de-lua-la-diplomatie-algerienne-en-action\/","name":"Selma Malika Haddadi \u00e9lue au poste de vice-pr\u00e9sidente de la commission de l&rsquo;UA: La diplomatie alg\u00e9rienne en action - La Sentinelle","isPartOf":{"@id":"https:\/\/lasentinelle.dz\/#website"},"primaryImageOfPage":{"@id":"https:\/\/lasentinelle.dz\/index.php\/2025\/02\/16\/selma-malika-haddadi-elue-au-poste-de-vice-presidente-de-la-commission-de-lua-la-diplomatie-algerienne-en-action\/#primaryimage"},"image":{"@id":"https:\/\/lasentinelle.dz\/index.php\/2025\/02\/16\/selma-malika-haddadi-elue-au-poste-de-vice-presidente-de-la-commission-de-lua-la-diplomatie-algerienne-en-action\/#primaryimage"},"thumbnailUrl":"https:\/\/lasentinelle.dz\/wp-content\/uploads\/2025\/02\/Selma-Malika-Haddadi-.webp","datePublished":"2025-02-16T12:25:16+00:00","dateModified":"2025-02-16T12:25:17+00:00","breadcrumb":{"@id":"https:\/\/lasentinelle.dz\/index.php\/2025\/02\/16\/selma-malika-haddadi-elue-au-poste-de-vice-presidente-de-la-commission-de-lua-la-diplomatie-algerienne-en-action\/#breadcrumb"},"inLanguage":"fr-FR","potentialAction":[{"@type":"ReadAction","target":["https:\/\/lasentinelle.dz\/index.php\/2025\/02\/16\/selma-malika-haddadi-elue-au-poste-de-vice-presidente-de-la-commission-de-lua-la-diplomatie-algerienne-en-action\/"]}]},{"@type":"ImageObject","inLanguage":"fr-FR","@id":"https:\/\/lasentinelle.dz\/index.php\/2025\/02\/16\/selma-malika-haddadi-elue-au-poste-de-vice-presidente-de-la-commission-de-lua-la-diplomatie-algerienne-en-action\/#primaryimage","url":"https:\/\/lasentinelle.dz\/wp-content\/uploads\/2025\/02\/Selma-Malika-Haddadi-.webp","contentUrl":"https:\/\/lasentinelle.dz\/wp-content\/uploads\/2025\/02\/Selma-Malika-Haddadi-.webp","width":900,"height":675},{"@type":"BreadcrumbList","@id":"https:\/\/lasentinelle.dz\/index.php\/2025\/02\/16\/selma-malika-haddadi-elue-au-poste-de-vice-presidente-de-la-commission-de-lua-la-diplomatie-algerienne-en-action\/#breadcrumb","itemListElement":[{"@type":"ListItem","position":1,"name":"Accueil","item":"https:\/\/lasentinelle.dz\/"},{"@type":"ListItem","position":2,"name":"Selma Malika Haddadi \u00e9lue au poste de vice-pr\u00e9sidente de la commission de l&rsquo;UA: La diplomatie alg\u00e9rienne en action"}]},{"@type":"WebSite","@id":"https:\/\/lasentinelle.dz\/#website","url":"https:\/\/lasentinelle.dz\/","name":"La Sentinelle","description":"Quotidien national d&#039;information","publisher":{"@id":"https:\/\/lasentinelle.dz\/#organization"},"potentialAction":[{"@type":"SearchAction","target":{"@type":"EntryPoint","urlTemplate":"https:\/\/lasentinelle.dz\/?s={search_term_string}"},"query-input":{"@type":"PropertyValueSpecification","valueRequired":true,"valueName":"search_term_string"}}],"inLanguage":"fr-FR"},{"@type":"Organization","@id":"https:\/\/lasentinelle.dz\/#organization","name":"Quotidien La Sentinelle","url":"https:\/\/lasentinelle.dz\/","logo":{"@type":"ImageObject","inLanguage":"fr-FR","@id":"https:\/\/lasentinelle.dz\/#\/schema\/logo\/image\/","url":"https:\/\/lasentinelle.dz\/wp-content\/uploads\/2021\/09\/logo-sentinelleSLOGAN-1.png","contentUrl":"https:\/\/lasentinelle.dz\/wp-content\/uploads\/2021\/09\/logo-sentinelleSLOGAN-1.png","width":615,"height":142,"caption":"Quotidien La Sentinelle"},"image":{"@id":"https:\/\/lasentinelle.dz\/#\/schema\/logo\/image\/"},"sameAs":["https:\/\/www.facebook.com\/La-Sentinelle-104059864394773"]},{"@type":"Person","@id":"https:\/\/lasentinelle.dz\/#\/schema\/person\/729ee0024f24e0b8c5ec17232f8e8b41","name":"admin","image":{"@type":"ImageObject","inLanguage":"fr-FR","@id":"https:\/\/secure.gravatar.com\/avatar\/4c81fed838786e9b53f540bf46533e750f5d292099ae3b66cfc6fb1982e29df7?s=96&d=mm&r=g","url":"https:\/\/secure.gravatar.com\/avatar\/4c81fed838786e9b53f540bf46533e750f5d292099ae3b66cfc6fb1982e29df7?s=96&d=mm&r=g","contentUrl":"https:\/\/secure.gravatar.com\/avatar\/4c81fed838786e9b53f540bf46533e750f5d292099ae3b66cfc6fb1982e29df7?s=96&d=mm&r=g","caption":"admin"},"description":"admin","url":"https:\/\/lasentinelle.dz\/author\/admin\/"}]}},"_links":{"self":[{"href":"https:\/\/lasentinelle.dz\/index.php\/wp-json\/wp\/v2\/posts\/63023","targetHints":{"allow":["GET"]}}],"collection":[{"href":"https:\/\/lasentinelle.dz\/index.php\/wp-json\/wp\/v2\/posts"}],"about":[{"href":"https:\/\/lasentinelle.dz\/index.php\/wp-json\/wp\/v2\/types\/post"}],"author":[{"embeddable":true,"href":"https:\/\/lasentinelle.dz\/index.php\/wp-json\/wp\/v2\/users\/6"}],"replies":[{"embeddable":true,"href":"https:\/\/lasentinelle.dz\/index.php\/wp-json\/wp\/v2\/comments?post=63023"}],"version-history":[{"count":2,"href":"https:\/\/lasentinelle.dz\/index.php\/wp-json\/wp\/v2\/posts\/63023\/revisions"}],"predecessor-version":[{"id":63026,"href":"https:\/\/lasentinelle.dz\/index.php\/wp-json\/wp\/v2\/posts\/63023\/revisions\/63026"}],"wp:featuredmedia":[{"embeddable":true,"href":"https:\/\/lasentinelle.dz\/index.php\/wp-json\/wp\/v2\/media\/63024"}],"wp:attachment":[{"href":"https:\/\/lasentinelle.dz\/index.php\/wp-json\/wp\/v2\/media?parent=63023"}],"wp:term":[{"taxonomy":"category","embeddable":true,"href":"https:\/\/lasentinelle.dz\/index.php\/wp-json\/wp\/v2\/categories?post=63023"},{"taxonomy":"post_tag","embeddable":true,"href":"https:\/\/lasentinelle.dz\/index.php\/wp-json\/wp\/v2\/tags?post=63023"}],"curies":[{"name":"wp","href":"https:\/\/api.w.org\/{rel}","templated":true}]}}