{"id":63036,"date":"2025-02-13T13:36:06","date_gmt":"2025-02-13T12:36:06","guid":{"rendered":"https:\/\/lasentinelle.dz\/?p=63036"},"modified":"2025-02-16T13:36:32","modified_gmt":"2025-02-16T12:36:32","slug":"lart-au-service-du-patrimoine-illizi-celebre-les-couleurs-du-tassili","status":"publish","type":"post","link":"https:\/\/lasentinelle.dz\/index.php\/2025\/02\/13\/lart-au-service-du-patrimoine-illizi-celebre-les-couleurs-du-tassili\/","title":{"rendered":"L&rsquo;Art au service du patrimoine \u00a0: Illizi c\u00e9l\u00e8bre les couleurs du Tassili"},"content":{"rendered":"\n<p>Au c\u0153ur du Sahara alg\u00e9rien, la ville d&rsquo;Illizi s&rsquo;impose comme un carrefour artistique majeur avec l&rsquo;exposition N&rsquo;Ajjer d&rsquo;arts plastiques. Sous le th\u00e8me \u00e9vocateur \u00ab\u00a0rythmes visuels sur les \u00e9tendues du Tassili\u00a0\u00bb, cette manifestation culturelle r\u00e9unit vingt-deux artistes venus d&rsquo;horizons divers pour c\u00e9l\u00e9brer et r\u00e9interpr\u00e9ter le patrimoine exceptionnel de cette r\u00e9gion. La maison de la culture Othmane Bali, haut lieu culturel de la r\u00e9gion, accueille du 10 au 13 f\u00e9vrier 2025 cet \u00e9v\u00e9nement qui transcende les fronti\u00e8res. Quatorze artistes alg\u00e9riens c\u00f4toient leurs homologues tunisiens et libyens, tissant ainsi des liens cr\u00e9atifs \u00e0 travers le Maghreb. Cette diversit\u00e9 g\u00e9ographique s&rsquo;accompagne d&rsquo;une richesse stylistique remarquable, comme le souligne Ahmed Mellouki, directeur de l&rsquo;\u00e9tablissement culturel : les \u0153uvres pr\u00e9sent\u00e9es embrassent un large spectre artistique, \u00ab\u00a0allant du r\u00e9alisme \u00e0 l&rsquo;abstrait en passant par le classicisme\u00a0\u00bb. L&rsquo;exposition N&rsquo;Ajjer s&rsquo;inscrit dans une d\u00e9marche ambitieuse de valorisation du patrimoine culturel saharien. Au-del\u00e0 de la simple pr\u00e9sentation d&rsquo;\u0153uvres d&rsquo;art, elle se veut un v\u00e9ritable laboratoire d&rsquo;\u00e9changes et d&rsquo;exp\u00e9rimentations artistiques. Cette dimension collaborative est au c\u0153ur du projet, comme l&rsquo;explique Ahmed Mellouki. L&rsquo;\u00e9v\u00e9nement vise en effet \u00e0 \u00ab\u00a0encourager les participants \u00e0 valoriser leurs \u0153uvres, proc\u00e9der \u00e0 un \u00e9change de connaissances et d&rsquo;exp\u00e9riences artistiques\u00a0\u00bb. Mais l&rsquo;ambition de cette manifestation ne s&rsquo;arr\u00eate pas l\u00e0. Elle s&rsquo;inscrit dans une vision plus large de pr\u00e9servation et de promotion du patrimoine local. Les organisateurs ont clairement affich\u00e9 leur volont\u00e9 de \u00ab\u00a0mettre en exergue l&rsquo;importance de cet art dans la pr\u00e9servation du legs culturel\u00a0\u00bb. Une mission qui prend tout son sens dans une r\u00e9gion comme le Tassili, dont les peintures rupestres mill\u00e9naires t\u00e9moignent d&rsquo;une tradition artistique ancestrale. L&rsquo;exposition joue \u00e9galement un r\u00f4le crucial dans le d\u00e9veloppement touristique de la r\u00e9gion. En effet, l&rsquo;art contemporain devient ici un m\u00e9diateur privil\u00e9gi\u00e9 pour faire d\u00e9couvrir les richesses naturelles et culturelles d&rsquo;Illizi. Cette synergie entre cr\u00e9ation artistique et promotion territoriale illustre parfaitement la vision moderne du d\u00e9veloppement culturel port\u00e9e par les autorit\u00e9s locales.<\/p>\n\n\n\n<p>L&rsquo;accueil enthousiaste r\u00e9serv\u00e9 \u00e0 l&rsquo;exposition par le public et les participants confirme la pertinence de cette initiative. Comme le rapporte l&rsquo;APS, visiteurs et artistes \u00ab\u00a0ont salu\u00e9 l&rsquo;organisation de ce type de manifestations qui constituent un plus \u00e0 la sc\u00e8ne culturelle dans la wilaya d&rsquo;Illizi\u00a0\u00bb. Cette r\u00e9ception positive encourage \u00e0 p\u00e9renniser et d\u00e9velopper ce type d&rsquo;\u00e9v\u00e9nements qui enrichissent le paysage culturel local. Cette manifestation d\u00e9montre la capacit\u00e9 d&rsquo;Illizi \u00e0 se positionner comme un p\u00f4le culturel dynamique, capable de faire dialoguer tradition et modernit\u00e9, art et patrimoine, local et international. \u00c0 travers ces \u00ab\u00a0rythmes visuels sur les \u00e9tendues du Tassili\u00a0\u00bb, c&rsquo;est toute une r\u00e9gion qui affirme sa vitalit\u00e9 culturelle et sa capacit\u00e9 \u00e0 se projeter dans l&rsquo;avenir tout en pr\u00e9servant son pr\u00e9cieux h\u00e9ritage. Une belle d\u00e9monstration de la fa\u00e7on dont l&rsquo;art peut servir de pont entre les \u00e9poques et les cultures, tout en contribuant au d\u00e9veloppement durable d&rsquo;un territoire.<\/p>\n\n\n\n<p>M.S.<\/p>\n","protected":false},"excerpt":{"rendered":"<p>Au c\u0153ur du Sahara alg\u00e9rien, la ville d&rsquo;Illizi s&rsquo;impose comme un carrefour artistique majeur avec l&rsquo;exposition N&rsquo;Ajjer d&rsquo;arts plastiques. Sous<\/p>\n","protected":false},"author":6,"featured_media":63037,"comment_status":"open","ping_status":"closed","sticky":false,"template":"","format":"standard","meta":{"colormag_page_container_layout":"default_layout","colormag_page_sidebar_layout":"default_layout","om_disable_all_campaigns":false,"_monsterinsights_skip_tracking":false,"_monsterinsights_sitenote_active":false,"_monsterinsights_sitenote_note":"","_monsterinsights_sitenote_category":0,"footnotes":"","_wpscppro_dont_share_socialmedia":false,"_wpscppro_custom_social_share_image":0,"_facebook_share_type":"default","_twitter_share_type":"default","_linkedin_share_type":"default","_pinterest_share_type":"default","_linkedin_share_type_page":"","_instagram_share_type":"default","_medium_share_type":"default","_threads_share_type":"","_google_business_share_type":"","_selected_social_profile":[],"_wpsp_enable_custom_social_template":false,"_wpsp_social_scheduling":{"enabled":false,"datetime":null,"platforms":[],"status":"template_only","dateOption":"today","timeOption":"now","customDays":"","customHours":"","customDate":"","customTime":"","schedulingType":"absolute"},"_wpsp_active_default_template":true},"categories":[36],"tags":[],"class_list":["post-63036","post","type-post","status-publish","format-standard","has-post-thumbnail","hentry","category-culture"],"aioseo_notices":[],"yoast_head":"<!-- This site is optimized with the Yoast SEO plugin v27.5 - https:\/\/yoast.com\/product\/yoast-seo-wordpress\/ -->\n<title>L&rsquo;Art au service du patrimoine \u00a0: Illizi c\u00e9l\u00e8bre les couleurs du Tassili - La Sentinelle<\/title>\n<meta name=\"robots\" content=\"index, follow, max-snippet:-1, max-image-preview:large, max-video-preview:-1\" \/>\n<link rel=\"canonical\" href=\"https:\/\/lasentinelle.dz\/index.php\/2025\/02\/13\/lart-au-service-du-patrimoine-illizi-celebre-les-couleurs-du-tassili\/\" \/>\n<meta property=\"og:locale\" content=\"fr_FR\" \/>\n<meta property=\"og:type\" content=\"article\" \/>\n<meta property=\"og:title\" content=\"L&rsquo;Art au service du patrimoine \u00a0: Illizi c\u00e9l\u00e8bre les couleurs du Tassili - La Sentinelle\" \/>\n<meta property=\"og:description\" content=\"Au c\u0153ur du Sahara alg\u00e9rien, la ville d&rsquo;Illizi s&rsquo;impose comme un carrefour artistique majeur avec l&rsquo;exposition N&rsquo;Ajjer d&rsquo;arts plastiques. Sous\" \/>\n<meta property=\"og:url\" content=\"https:\/\/lasentinelle.dz\/index.php\/2025\/02\/13\/lart-au-service-du-patrimoine-illizi-celebre-les-couleurs-du-tassili\/\" \/>\n<meta property=\"og:site_name\" content=\"La Sentinelle\" \/>\n<meta property=\"article:publisher\" content=\"https:\/\/www.facebook.com\/La-Sentinelle-104059864394773\" \/>\n<meta property=\"article:published_time\" content=\"2025-02-13T12:36:06+00:00\" \/>\n<meta property=\"article:modified_time\" content=\"2025-02-16T12:36:32+00:00\" \/>\n<meta property=\"og:image\" content=\"https:\/\/lasentinelle.dz\/wp-content\/uploads\/2025\/02\/Expo.jpg\" \/>\n\t<meta property=\"og:image:width\" content=\"1280\" \/>\n\t<meta property=\"og:image:height\" content=\"720\" \/>\n\t<meta property=\"og:image:type\" content=\"image\/jpeg\" \/>\n<meta name=\"author\" content=\"admin\" \/>\n<meta name=\"twitter:card\" content=\"summary_large_image\" \/>\n<meta name=\"twitter:label1\" content=\"\u00c9crit par\" \/>\n\t<meta name=\"twitter:data1\" content=\"admin\" \/>\n\t<meta name=\"twitter:label2\" content=\"Dur\u00e9e de lecture estim\u00e9e\" \/>\n\t<meta name=\"twitter:data2\" content=\"3 minutes\" \/>\n<script type=\"application\/ld+json\" class=\"yoast-schema-graph\">{\"@context\":\"https:\\\/\\\/schema.org\",\"@graph\":[{\"@type\":\"Article\",\"@id\":\"https:\\\/\\\/lasentinelle.dz\\\/index.php\\\/2025\\\/02\\\/13\\\/lart-au-service-du-patrimoine-illizi-celebre-les-couleurs-du-tassili\\\/#article\",\"isPartOf\":{\"@id\":\"https:\\\/\\\/lasentinelle.dz\\\/index.php\\\/2025\\\/02\\\/13\\\/lart-au-service-du-patrimoine-illizi-celebre-les-couleurs-du-tassili\\\/\"},\"author\":{\"name\":\"admin\",\"@id\":\"https:\\\/\\\/lasentinelle.dz\\\/#\\\/schema\\\/person\\\/729ee0024f24e0b8c5ec17232f8e8b41\"},\"headline\":\"L&rsquo;Art au service du patrimoine \u00a0: Illizi c\u00e9l\u00e8bre les couleurs du Tassili\",\"datePublished\":\"2025-02-13T12:36:06+00:00\",\"dateModified\":\"2025-02-16T12:36:32+00:00\",\"mainEntityOfPage\":{\"@id\":\"https:\\\/\\\/lasentinelle.dz\\\/index.php\\\/2025\\\/02\\\/13\\\/lart-au-service-du-patrimoine-illizi-celebre-les-couleurs-du-tassili\\\/\"},\"wordCount\":559,\"commentCount\":0,\"publisher\":{\"@id\":\"https:\\\/\\\/lasentinelle.dz\\\/#organization\"},\"image\":{\"@id\":\"https:\\\/\\\/lasentinelle.dz\\\/index.php\\\/2025\\\/02\\\/13\\\/lart-au-service-du-patrimoine-illizi-celebre-les-couleurs-du-tassili\\\/#primaryimage\"},\"thumbnailUrl\":\"https:\\\/\\\/lasentinelle.dz\\\/wp-content\\\/uploads\\\/2025\\\/02\\\/Expo.jpg\",\"articleSection\":[\"Culture\"],\"inLanguage\":\"fr-FR\",\"potentialAction\":[{\"@type\":\"CommentAction\",\"name\":\"Comment\",\"target\":[\"https:\\\/\\\/lasentinelle.dz\\\/index.php\\\/2025\\\/02\\\/13\\\/lart-au-service-du-patrimoine-illizi-celebre-les-couleurs-du-tassili\\\/#respond\"]}]},{\"@type\":\"WebPage\",\"@id\":\"https:\\\/\\\/lasentinelle.dz\\\/index.php\\\/2025\\\/02\\\/13\\\/lart-au-service-du-patrimoine-illizi-celebre-les-couleurs-du-tassili\\\/\",\"url\":\"https:\\\/\\\/lasentinelle.dz\\\/index.php\\\/2025\\\/02\\\/13\\\/lart-au-service-du-patrimoine-illizi-celebre-les-couleurs-du-tassili\\\/\",\"name\":\"L&rsquo;Art au service du patrimoine \u00a0: Illizi c\u00e9l\u00e8bre les couleurs du Tassili - La Sentinelle\",\"isPartOf\":{\"@id\":\"https:\\\/\\\/lasentinelle.dz\\\/#website\"},\"primaryImageOfPage\":{\"@id\":\"https:\\\/\\\/lasentinelle.dz\\\/index.php\\\/2025\\\/02\\\/13\\\/lart-au-service-du-patrimoine-illizi-celebre-les-couleurs-du-tassili\\\/#primaryimage\"},\"image\":{\"@id\":\"https:\\\/\\\/lasentinelle.dz\\\/index.php\\\/2025\\\/02\\\/13\\\/lart-au-service-du-patrimoine-illizi-celebre-les-couleurs-du-tassili\\\/#primaryimage\"},\"thumbnailUrl\":\"https:\\\/\\\/lasentinelle.dz\\\/wp-content\\\/uploads\\\/2025\\\/02\\\/Expo.jpg\",\"datePublished\":\"2025-02-13T12:36:06+00:00\",\"dateModified\":\"2025-02-16T12:36:32+00:00\",\"breadcrumb\":{\"@id\":\"https:\\\/\\\/lasentinelle.dz\\\/index.php\\\/2025\\\/02\\\/13\\\/lart-au-service-du-patrimoine-illizi-celebre-les-couleurs-du-tassili\\\/#breadcrumb\"},\"inLanguage\":\"fr-FR\",\"potentialAction\":[{\"@type\":\"ReadAction\",\"target\":[\"https:\\\/\\\/lasentinelle.dz\\\/index.php\\\/2025\\\/02\\\/13\\\/lart-au-service-du-patrimoine-illizi-celebre-les-couleurs-du-tassili\\\/\"]}]},{\"@type\":\"ImageObject\",\"inLanguage\":\"fr-FR\",\"@id\":\"https:\\\/\\\/lasentinelle.dz\\\/index.php\\\/2025\\\/02\\\/13\\\/lart-au-service-du-patrimoine-illizi-celebre-les-couleurs-du-tassili\\\/#primaryimage\",\"url\":\"https:\\\/\\\/lasentinelle.dz\\\/wp-content\\\/uploads\\\/2025\\\/02\\\/Expo.jpg\",\"contentUrl\":\"https:\\\/\\\/lasentinelle.dz\\\/wp-content\\\/uploads\\\/2025\\\/02\\\/Expo.jpg\",\"width\":1280,\"height\":720},{\"@type\":\"BreadcrumbList\",\"@id\":\"https:\\\/\\\/lasentinelle.dz\\\/index.php\\\/2025\\\/02\\\/13\\\/lart-au-service-du-patrimoine-illizi-celebre-les-couleurs-du-tassili\\\/#breadcrumb\",\"itemListElement\":[{\"@type\":\"ListItem\",\"position\":1,\"name\":\"Accueil\",\"item\":\"https:\\\/\\\/lasentinelle.dz\\\/\"},{\"@type\":\"ListItem\",\"position\":2,\"name\":\"L&rsquo;Art au service du patrimoine \u00a0: Illizi c\u00e9l\u00e8bre les couleurs du Tassili\"}]},{\"@type\":\"WebSite\",\"@id\":\"https:\\\/\\\/lasentinelle.dz\\\/#website\",\"url\":\"https:\\\/\\\/lasentinelle.dz\\\/\",\"name\":\"La Sentinelle\",\"description\":\"Quotidien national d&#039;information\",\"publisher\":{\"@id\":\"https:\\\/\\\/lasentinelle.dz\\\/#organization\"},\"potentialAction\":[{\"@type\":\"SearchAction\",\"target\":{\"@type\":\"EntryPoint\",\"urlTemplate\":\"https:\\\/\\\/lasentinelle.dz\\\/?s={search_term_string}\"},\"query-input\":{\"@type\":\"PropertyValueSpecification\",\"valueRequired\":true,\"valueName\":\"search_term_string\"}}],\"inLanguage\":\"fr-FR\"},{\"@type\":\"Organization\",\"@id\":\"https:\\\/\\\/lasentinelle.dz\\\/#organization\",\"name\":\"Quotidien La Sentinelle\",\"url\":\"https:\\\/\\\/lasentinelle.dz\\\/\",\"logo\":{\"@type\":\"ImageObject\",\"inLanguage\":\"fr-FR\",\"@id\":\"https:\\\/\\\/lasentinelle.dz\\\/#\\\/schema\\\/logo\\\/image\\\/\",\"url\":\"https:\\\/\\\/lasentinelle.dz\\\/wp-content\\\/uploads\\\/2021\\\/09\\\/logo-sentinelleSLOGAN-1.png\",\"contentUrl\":\"https:\\\/\\\/lasentinelle.dz\\\/wp-content\\\/uploads\\\/2021\\\/09\\\/logo-sentinelleSLOGAN-1.png\",\"width\":615,\"height\":142,\"caption\":\"Quotidien La Sentinelle\"},\"image\":{\"@id\":\"https:\\\/\\\/lasentinelle.dz\\\/#\\\/schema\\\/logo\\\/image\\\/\"},\"sameAs\":[\"https:\\\/\\\/www.facebook.com\\\/La-Sentinelle-104059864394773\"]},{\"@type\":\"Person\",\"@id\":\"https:\\\/\\\/lasentinelle.dz\\\/#\\\/schema\\\/person\\\/729ee0024f24e0b8c5ec17232f8e8b41\",\"name\":\"admin\",\"image\":{\"@type\":\"ImageObject\",\"inLanguage\":\"fr-FR\",\"@id\":\"https:\\\/\\\/secure.gravatar.com\\\/avatar\\\/4c81fed838786e9b53f540bf46533e750f5d292099ae3b66cfc6fb1982e29df7?s=96&d=mm&r=g\",\"url\":\"https:\\\/\\\/secure.gravatar.com\\\/avatar\\\/4c81fed838786e9b53f540bf46533e750f5d292099ae3b66cfc6fb1982e29df7?s=96&d=mm&r=g\",\"contentUrl\":\"https:\\\/\\\/secure.gravatar.com\\\/avatar\\\/4c81fed838786e9b53f540bf46533e750f5d292099ae3b66cfc6fb1982e29df7?s=96&d=mm&r=g\",\"caption\":\"admin\"},\"description\":\"admin\",\"url\":\"https:\\\/\\\/lasentinelle.dz\\\/author\\\/admin\\\/\"}]}<\/script>\n<!-- \/ Yoast SEO plugin. -->","yoast_head_json":{"title":"L&rsquo;Art au service du patrimoine \u00a0: Illizi c\u00e9l\u00e8bre les couleurs du Tassili - La Sentinelle","robots":{"index":"index","follow":"follow","max-snippet":"max-snippet:-1","max-image-preview":"max-image-preview:large","max-video-preview":"max-video-preview:-1"},"canonical":"https:\/\/lasentinelle.dz\/index.php\/2025\/02\/13\/lart-au-service-du-patrimoine-illizi-celebre-les-couleurs-du-tassili\/","og_locale":"fr_FR","og_type":"article","og_title":"L&rsquo;Art au service du patrimoine \u00a0: Illizi c\u00e9l\u00e8bre les couleurs du Tassili - La Sentinelle","og_description":"Au c\u0153ur du Sahara alg\u00e9rien, la ville d&rsquo;Illizi s&rsquo;impose comme un carrefour artistique majeur avec l&rsquo;exposition N&rsquo;Ajjer d&rsquo;arts plastiques. Sous","og_url":"https:\/\/lasentinelle.dz\/index.php\/2025\/02\/13\/lart-au-service-du-patrimoine-illizi-celebre-les-couleurs-du-tassili\/","og_site_name":"La Sentinelle","article_publisher":"https:\/\/www.facebook.com\/La-Sentinelle-104059864394773","article_published_time":"2025-02-13T12:36:06+00:00","article_modified_time":"2025-02-16T12:36:32+00:00","og_image":[{"width":1280,"height":720,"url":"https:\/\/lasentinelle.dz\/wp-content\/uploads\/2025\/02\/Expo.jpg","type":"image\/jpeg"}],"author":"admin","twitter_card":"summary_large_image","twitter_misc":{"\u00c9crit par":"admin","Dur\u00e9e de lecture estim\u00e9e":"3 minutes"},"schema":{"@context":"https:\/\/schema.org","@graph":[{"@type":"Article","@id":"https:\/\/lasentinelle.dz\/index.php\/2025\/02\/13\/lart-au-service-du-patrimoine-illizi-celebre-les-couleurs-du-tassili\/#article","isPartOf":{"@id":"https:\/\/lasentinelle.dz\/index.php\/2025\/02\/13\/lart-au-service-du-patrimoine-illizi-celebre-les-couleurs-du-tassili\/"},"author":{"name":"admin","@id":"https:\/\/lasentinelle.dz\/#\/schema\/person\/729ee0024f24e0b8c5ec17232f8e8b41"},"headline":"L&rsquo;Art au service du patrimoine \u00a0: Illizi c\u00e9l\u00e8bre les couleurs du Tassili","datePublished":"2025-02-13T12:36:06+00:00","dateModified":"2025-02-16T12:36:32+00:00","mainEntityOfPage":{"@id":"https:\/\/lasentinelle.dz\/index.php\/2025\/02\/13\/lart-au-service-du-patrimoine-illizi-celebre-les-couleurs-du-tassili\/"},"wordCount":559,"commentCount":0,"publisher":{"@id":"https:\/\/lasentinelle.dz\/#organization"},"image":{"@id":"https:\/\/lasentinelle.dz\/index.php\/2025\/02\/13\/lart-au-service-du-patrimoine-illizi-celebre-les-couleurs-du-tassili\/#primaryimage"},"thumbnailUrl":"https:\/\/lasentinelle.dz\/wp-content\/uploads\/2025\/02\/Expo.jpg","articleSection":["Culture"],"inLanguage":"fr-FR","potentialAction":[{"@type":"CommentAction","name":"Comment","target":["https:\/\/lasentinelle.dz\/index.php\/2025\/02\/13\/lart-au-service-du-patrimoine-illizi-celebre-les-couleurs-du-tassili\/#respond"]}]},{"@type":"WebPage","@id":"https:\/\/lasentinelle.dz\/index.php\/2025\/02\/13\/lart-au-service-du-patrimoine-illizi-celebre-les-couleurs-du-tassili\/","url":"https:\/\/lasentinelle.dz\/index.php\/2025\/02\/13\/lart-au-service-du-patrimoine-illizi-celebre-les-couleurs-du-tassili\/","name":"L&rsquo;Art au service du patrimoine \u00a0: Illizi c\u00e9l\u00e8bre les couleurs du Tassili - La Sentinelle","isPartOf":{"@id":"https:\/\/lasentinelle.dz\/#website"},"primaryImageOfPage":{"@id":"https:\/\/lasentinelle.dz\/index.php\/2025\/02\/13\/lart-au-service-du-patrimoine-illizi-celebre-les-couleurs-du-tassili\/#primaryimage"},"image":{"@id":"https:\/\/lasentinelle.dz\/index.php\/2025\/02\/13\/lart-au-service-du-patrimoine-illizi-celebre-les-couleurs-du-tassili\/#primaryimage"},"thumbnailUrl":"https:\/\/lasentinelle.dz\/wp-content\/uploads\/2025\/02\/Expo.jpg","datePublished":"2025-02-13T12:36:06+00:00","dateModified":"2025-02-16T12:36:32+00:00","breadcrumb":{"@id":"https:\/\/lasentinelle.dz\/index.php\/2025\/02\/13\/lart-au-service-du-patrimoine-illizi-celebre-les-couleurs-du-tassili\/#breadcrumb"},"inLanguage":"fr-FR","potentialAction":[{"@type":"ReadAction","target":["https:\/\/lasentinelle.dz\/index.php\/2025\/02\/13\/lart-au-service-du-patrimoine-illizi-celebre-les-couleurs-du-tassili\/"]}]},{"@type":"ImageObject","inLanguage":"fr-FR","@id":"https:\/\/lasentinelle.dz\/index.php\/2025\/02\/13\/lart-au-service-du-patrimoine-illizi-celebre-les-couleurs-du-tassili\/#primaryimage","url":"https:\/\/lasentinelle.dz\/wp-content\/uploads\/2025\/02\/Expo.jpg","contentUrl":"https:\/\/lasentinelle.dz\/wp-content\/uploads\/2025\/02\/Expo.jpg","width":1280,"height":720},{"@type":"BreadcrumbList","@id":"https:\/\/lasentinelle.dz\/index.php\/2025\/02\/13\/lart-au-service-du-patrimoine-illizi-celebre-les-couleurs-du-tassili\/#breadcrumb","itemListElement":[{"@type":"ListItem","position":1,"name":"Accueil","item":"https:\/\/lasentinelle.dz\/"},{"@type":"ListItem","position":2,"name":"L&rsquo;Art au service du patrimoine \u00a0: Illizi c\u00e9l\u00e8bre les couleurs du Tassili"}]},{"@type":"WebSite","@id":"https:\/\/lasentinelle.dz\/#website","url":"https:\/\/lasentinelle.dz\/","name":"La Sentinelle","description":"Quotidien national d&#039;information","publisher":{"@id":"https:\/\/lasentinelle.dz\/#organization"},"potentialAction":[{"@type":"SearchAction","target":{"@type":"EntryPoint","urlTemplate":"https:\/\/lasentinelle.dz\/?s={search_term_string}"},"query-input":{"@type":"PropertyValueSpecification","valueRequired":true,"valueName":"search_term_string"}}],"inLanguage":"fr-FR"},{"@type":"Organization","@id":"https:\/\/lasentinelle.dz\/#organization","name":"Quotidien La Sentinelle","url":"https:\/\/lasentinelle.dz\/","logo":{"@type":"ImageObject","inLanguage":"fr-FR","@id":"https:\/\/lasentinelle.dz\/#\/schema\/logo\/image\/","url":"https:\/\/lasentinelle.dz\/wp-content\/uploads\/2021\/09\/logo-sentinelleSLOGAN-1.png","contentUrl":"https:\/\/lasentinelle.dz\/wp-content\/uploads\/2021\/09\/logo-sentinelleSLOGAN-1.png","width":615,"height":142,"caption":"Quotidien La Sentinelle"},"image":{"@id":"https:\/\/lasentinelle.dz\/#\/schema\/logo\/image\/"},"sameAs":["https:\/\/www.facebook.com\/La-Sentinelle-104059864394773"]},{"@type":"Person","@id":"https:\/\/lasentinelle.dz\/#\/schema\/person\/729ee0024f24e0b8c5ec17232f8e8b41","name":"admin","image":{"@type":"ImageObject","inLanguage":"fr-FR","@id":"https:\/\/secure.gravatar.com\/avatar\/4c81fed838786e9b53f540bf46533e750f5d292099ae3b66cfc6fb1982e29df7?s=96&d=mm&r=g","url":"https:\/\/secure.gravatar.com\/avatar\/4c81fed838786e9b53f540bf46533e750f5d292099ae3b66cfc6fb1982e29df7?s=96&d=mm&r=g","contentUrl":"https:\/\/secure.gravatar.com\/avatar\/4c81fed838786e9b53f540bf46533e750f5d292099ae3b66cfc6fb1982e29df7?s=96&d=mm&r=g","caption":"admin"},"description":"admin","url":"https:\/\/lasentinelle.dz\/author\/admin\/"}]}},"_links":{"self":[{"href":"https:\/\/lasentinelle.dz\/index.php\/wp-json\/wp\/v2\/posts\/63036","targetHints":{"allow":["GET"]}}],"collection":[{"href":"https:\/\/lasentinelle.dz\/index.php\/wp-json\/wp\/v2\/posts"}],"about":[{"href":"https:\/\/lasentinelle.dz\/index.php\/wp-json\/wp\/v2\/types\/post"}],"author":[{"embeddable":true,"href":"https:\/\/lasentinelle.dz\/index.php\/wp-json\/wp\/v2\/users\/6"}],"replies":[{"embeddable":true,"href":"https:\/\/lasentinelle.dz\/index.php\/wp-json\/wp\/v2\/comments?post=63036"}],"version-history":[{"count":2,"href":"https:\/\/lasentinelle.dz\/index.php\/wp-json\/wp\/v2\/posts\/63036\/revisions"}],"predecessor-version":[{"id":63039,"href":"https:\/\/lasentinelle.dz\/index.php\/wp-json\/wp\/v2\/posts\/63036\/revisions\/63039"}],"wp:featuredmedia":[{"embeddable":true,"href":"https:\/\/lasentinelle.dz\/index.php\/wp-json\/wp\/v2\/media\/63037"}],"wp:attachment":[{"href":"https:\/\/lasentinelle.dz\/index.php\/wp-json\/wp\/v2\/media?parent=63036"}],"wp:term":[{"taxonomy":"category","embeddable":true,"href":"https:\/\/lasentinelle.dz\/index.php\/wp-json\/wp\/v2\/categories?post=63036"},{"taxonomy":"post_tag","embeddable":true,"href":"https:\/\/lasentinelle.dz\/index.php\/wp-json\/wp\/v2\/tags?post=63036"}],"curies":[{"name":"wp","href":"https:\/\/api.w.org\/{rel}","templated":true}]}}