{"id":63057,"date":"2025-02-13T13:41:37","date_gmt":"2025-02-13T12:41:37","guid":{"rendered":"https:\/\/lasentinelle.dz\/?p=63057"},"modified":"2025-02-16T13:42:18","modified_gmt":"2025-02-16T12:42:18","slug":"annaba-troisieme-rencontre-regionale-sur-la-pisciculture","status":"publish","type":"post","link":"https:\/\/lasentinelle.dz\/index.php\/2025\/02\/13\/annaba-troisieme-rencontre-regionale-sur-la-pisciculture\/","title":{"rendered":"Annaba\u00a0 : Troisi\u00e8me rencontre r\u00e9gionale sur la pisciculture"},"content":{"rendered":"\n<p>Un troisi\u00e8me rassemblement r\u00e9gional sur la pisciculture \u00e0 Annaba s\u2019est focalis\u00e9, entre autres, sur les d\u00e9fis auxquels la fili\u00e8re est confront\u00e9e.<\/p>\n\n\n\n<p>Parmi ces d\u00e9fis figurent le manque d&rsquo;infrastructures, de technologies adapt\u00e9es, les probl\u00e8mes d&rsquo;approvisionnement en aliments pour poissons, ainsi que les&nbsp; difficult\u00e9s d&rsquo;acc\u00e8s aux ressources en eau douce et les impacts des changements climatiques.&nbsp; Cette rencontre r\u00e9gionale, troisi\u00e8me du genre, \u00e9tait une occasion pour les participants qui&nbsp; ont&nbsp; recens\u00e9 les contraintes et obstacles&nbsp; entravant les projets de la pisciculture en cours, dont les cons\u00e9quences freinent le d\u00e9veloppement de cette fili\u00e8re strat\u00e9gique. Il a \u00e9t\u00e9 fait \u00e9tat, dans ce sens, des contraintes administratives en tant que premier obstacle. Au titre de cette rencontre, qui s&rsquo;inscrit dans le cadre d&rsquo;une s\u00e9rie de rencontres r\u00e9gionales,&nbsp; plusieurs propositions et de solutions a \u00e9t\u00e9 adopt\u00e9e. Ces recommandations, selon les intervenants,&nbsp; visent \u00e0 permettre aux porteurs de projets d&rsquo;acc\u00e9l\u00e9rer le rythme des travaux et d&rsquo;exploiter pleinement cette fili\u00e8re. Car, le principal objectif, se sont accord\u00e9s \u00e0 soutenir les pr\u00e9sents, est de garantir une croissance durable de ce potentiel, qualifi\u00e9&nbsp; de l\u2019un des piliers strat\u00e9gique pour le d\u00e9veloppement&nbsp; \u00e9conomique du pays et un levier du d\u00e9veloppement durable. En somme, les professionnels de la fili\u00e8re de la pisciculture dans la r\u00e9gion Est du pays ont focalis\u00e9 leurs d\u00e9bats sur les m\u00e9canismes de l\u2019investissement dans cette fili\u00e8re strat\u00e9gique porteuse de richesses et de postes d\u2019emplois. La tenue de ce rassemblement purement \u00e9conomique fait suite, convient-il de le souligner, aux directives du ministre de l&rsquo;agriculture, du d\u00e9veloppement rural et de la P\u00eache. D\u2019o\u00f9, l\u2019organisation, hier de cette 3\u00e9me rencontre r\u00e9gionale, par la chambre alg\u00e9rienne de la p\u00eache et de l&rsquo;aquaculture (CAPA),&nbsp; en coordination avec la chambre de la p\u00eache et de l&rsquo;aquaculture d&rsquo;Annaba. L&rsquo;\u00e9v\u00e9nement tenu \u00e0 l&rsquo;\u00c9cole technique de la p\u00eache et d&rsquo;aquaculture (Annaba), a r\u00e9uni les repr\u00e9sentants du minist\u00e8re de l&rsquo;Agriculture, du D\u00e9veloppement rural et de la P\u00eache, le directeur g\u00e9n\u00e9ral de la chambre alg\u00e9rienne de la p\u00eache, ainsi que des directeurs et des cadres relevant d&rsquo;autres chambres de la p\u00eache repr\u00e9sentants les wilayas de la r\u00e9gion est du pays, dont les wilayas de Skikda, Jijel, B\u00e9ja\u00efa et El Tarf.&nbsp; Ont \u00e9galement \u00e9t\u00e9 pr\u00e9sents en force, des porteurs de projets dans le domaine de la pisciculture et d&rsquo;autres professionnels du secteur. \u00c0&nbsp; noter que la fili\u00e8re de la pisciculture fait l\u2019objet d\u2019un engouement particulier, dans la wilaya d\u2019Annaba, notamment au sein des jeunes, femmes et hommes, porteurs de projets. En t\u00e9moignent les cycles de formations dont ont b\u00e9n\u00e9fici\u00e9 en ao\u00fbt dernier, 30 femmes rurales de plusieurs communes de la wilaya d\u2019Annaba. Il sagit d\u2019une formation \u00e0 la pisciculture int\u00e9gr\u00e9e \u00e0 l\u2019agriculture dans le cadre du programme de formation trac\u00e9&nbsp; conjointement par la cellule de la femme rurale, la direction des services agricoles (DSA) et l\u2019Ecole locale de formation technique \u00e0 la p\u00eache et l\u2019aquaculture. Cette formation s\u2019est ax\u00e9e outre la pr\u00e9sentation des diverses esp\u00e8ces de poisson concern\u00e9es par cette activit\u00e9, sur leurs phases de d\u00e9veloppement, mais surtout sur l\u2019impact positif des bassins d\u2019\u00e9levage dans&nbsp; l\u2019am\u00e9lioration des&nbsp; rendements agricoles.<\/p>\n\n\n\n<p><strong>Sofia Chahine<\/strong><\/p>\n\n\n\n<p><\/p>\n","protected":false},"excerpt":{"rendered":"<p>Un troisi\u00e8me rassemblement r\u00e9gional sur la pisciculture \u00e0 Annaba s\u2019est focalis\u00e9, entre autres, sur les d\u00e9fis auxquels la fili\u00e8re est<\/p>\n","protected":false},"author":6,"featured_media":1608,"comment_status":"open","ping_status":"closed","sticky":false,"template":"","format":"standard","meta":{"colormag_page_container_layout":"default_layout","colormag_page_sidebar_layout":"default_layout","om_disable_all_campaigns":false,"_monsterinsights_skip_tracking":false,"_monsterinsights_sitenote_active":false,"_monsterinsights_sitenote_note":"","_monsterinsights_sitenote_category":0,"footnotes":"","_wpscppro_dont_share_socialmedia":false,"_wpscppro_custom_social_share_image":0,"_facebook_share_type":"default","_twitter_share_type":"default","_linkedin_share_type":"default","_pinterest_share_type":"default","_linkedin_share_type_page":"","_instagram_share_type":"default","_medium_share_type":"default","_threads_share_type":"","_google_business_share_type":"","_selected_social_profile":[],"_wpsp_enable_custom_social_template":false,"_wpsp_social_scheduling":{"enabled":false,"datetime":null,"platforms":[],"status":"template_only","dateOption":"today","timeOption":"now","customDays":"","customHours":"","customDate":"","customTime":"","schedulingType":"absolute"},"_wpsp_active_default_template":true},"categories":[31],"tags":[],"class_list":["post-63057","post","type-post","status-publish","format-standard","has-post-thumbnail","hentry","category-regions"],"aioseo_notices":[],"yoast_head":"<!-- This site is optimized with the Yoast SEO plugin v27.5 - https:\/\/yoast.com\/product\/yoast-seo-wordpress\/ -->\n<title>Annaba\u00a0 : Troisi\u00e8me rencontre r\u00e9gionale sur la pisciculture - La Sentinelle<\/title>\n<meta name=\"robots\" content=\"index, follow, max-snippet:-1, max-image-preview:large, max-video-preview:-1\" \/>\n<link rel=\"canonical\" href=\"https:\/\/lasentinelle.dz\/index.php\/2025\/02\/13\/annaba-troisieme-rencontre-regionale-sur-la-pisciculture\/\" \/>\n<meta property=\"og:locale\" content=\"fr_FR\" \/>\n<meta property=\"og:type\" content=\"article\" \/>\n<meta property=\"og:title\" content=\"Annaba\u00a0 : Troisi\u00e8me rencontre r\u00e9gionale sur la pisciculture - La Sentinelle\" \/>\n<meta property=\"og:description\" content=\"Un troisi\u00e8me rassemblement r\u00e9gional sur la pisciculture \u00e0 Annaba s\u2019est focalis\u00e9, entre autres, sur les d\u00e9fis auxquels la fili\u00e8re est\" \/>\n<meta property=\"og:url\" content=\"https:\/\/lasentinelle.dz\/index.php\/2025\/02\/13\/annaba-troisieme-rencontre-regionale-sur-la-pisciculture\/\" \/>\n<meta property=\"og:site_name\" content=\"La Sentinelle\" \/>\n<meta property=\"article:publisher\" content=\"https:\/\/www.facebook.com\/La-Sentinelle-104059864394773\" \/>\n<meta property=\"article:published_time\" content=\"2025-02-13T12:41:37+00:00\" \/>\n<meta property=\"article:modified_time\" content=\"2025-02-16T12:42:18+00:00\" \/>\n<meta property=\"og:image\" content=\"https:\/\/lasentinelle.dz\/wp-content\/uploads\/2021\/07\/aquaculture.png\" \/>\n\t<meta property=\"og:image:width\" content=\"934\" \/>\n\t<meta property=\"og:image:height\" content=\"900\" \/>\n\t<meta property=\"og:image:type\" content=\"image\/png\" \/>\n<meta name=\"author\" content=\"admin\" \/>\n<meta name=\"twitter:card\" content=\"summary_large_image\" \/>\n<meta name=\"twitter:label1\" content=\"\u00c9crit par\" \/>\n\t<meta name=\"twitter:data1\" content=\"admin\" \/>\n\t<meta name=\"twitter:label2\" content=\"Dur\u00e9e de lecture estim\u00e9e\" \/>\n\t<meta name=\"twitter:data2\" content=\"3 minutes\" \/>\n<script type=\"application\/ld+json\" class=\"yoast-schema-graph\">{\"@context\":\"https:\\\/\\\/schema.org\",\"@graph\":[{\"@type\":\"Article\",\"@id\":\"https:\\\/\\\/lasentinelle.dz\\\/index.php\\\/2025\\\/02\\\/13\\\/annaba-troisieme-rencontre-regionale-sur-la-pisciculture\\\/#article\",\"isPartOf\":{\"@id\":\"https:\\\/\\\/lasentinelle.dz\\\/index.php\\\/2025\\\/02\\\/13\\\/annaba-troisieme-rencontre-regionale-sur-la-pisciculture\\\/\"},\"author\":{\"name\":\"admin\",\"@id\":\"https:\\\/\\\/lasentinelle.dz\\\/#\\\/schema\\\/person\\\/729ee0024f24e0b8c5ec17232f8e8b41\"},\"headline\":\"Annaba\u00a0 : Troisi\u00e8me rencontre r\u00e9gionale sur la pisciculture\",\"datePublished\":\"2025-02-13T12:41:37+00:00\",\"dateModified\":\"2025-02-16T12:42:18+00:00\",\"mainEntityOfPage\":{\"@id\":\"https:\\\/\\\/lasentinelle.dz\\\/index.php\\\/2025\\\/02\\\/13\\\/annaba-troisieme-rencontre-regionale-sur-la-pisciculture\\\/\"},\"wordCount\":621,\"commentCount\":0,\"publisher\":{\"@id\":\"https:\\\/\\\/lasentinelle.dz\\\/#organization\"},\"image\":{\"@id\":\"https:\\\/\\\/lasentinelle.dz\\\/index.php\\\/2025\\\/02\\\/13\\\/annaba-troisieme-rencontre-regionale-sur-la-pisciculture\\\/#primaryimage\"},\"thumbnailUrl\":\"https:\\\/\\\/lasentinelle.dz\\\/wp-content\\\/uploads\\\/2021\\\/07\\\/aquaculture.png\",\"articleSection\":[\"R\u00e9gions\"],\"inLanguage\":\"fr-FR\",\"potentialAction\":[{\"@type\":\"CommentAction\",\"name\":\"Comment\",\"target\":[\"https:\\\/\\\/lasentinelle.dz\\\/index.php\\\/2025\\\/02\\\/13\\\/annaba-troisieme-rencontre-regionale-sur-la-pisciculture\\\/#respond\"]}]},{\"@type\":\"WebPage\",\"@id\":\"https:\\\/\\\/lasentinelle.dz\\\/index.php\\\/2025\\\/02\\\/13\\\/annaba-troisieme-rencontre-regionale-sur-la-pisciculture\\\/\",\"url\":\"https:\\\/\\\/lasentinelle.dz\\\/index.php\\\/2025\\\/02\\\/13\\\/annaba-troisieme-rencontre-regionale-sur-la-pisciculture\\\/\",\"name\":\"Annaba\u00a0 : Troisi\u00e8me rencontre r\u00e9gionale sur la pisciculture - La Sentinelle\",\"isPartOf\":{\"@id\":\"https:\\\/\\\/lasentinelle.dz\\\/#website\"},\"primaryImageOfPage\":{\"@id\":\"https:\\\/\\\/lasentinelle.dz\\\/index.php\\\/2025\\\/02\\\/13\\\/annaba-troisieme-rencontre-regionale-sur-la-pisciculture\\\/#primaryimage\"},\"image\":{\"@id\":\"https:\\\/\\\/lasentinelle.dz\\\/index.php\\\/2025\\\/02\\\/13\\\/annaba-troisieme-rencontre-regionale-sur-la-pisciculture\\\/#primaryimage\"},\"thumbnailUrl\":\"https:\\\/\\\/lasentinelle.dz\\\/wp-content\\\/uploads\\\/2021\\\/07\\\/aquaculture.png\",\"datePublished\":\"2025-02-13T12:41:37+00:00\",\"dateModified\":\"2025-02-16T12:42:18+00:00\",\"breadcrumb\":{\"@id\":\"https:\\\/\\\/lasentinelle.dz\\\/index.php\\\/2025\\\/02\\\/13\\\/annaba-troisieme-rencontre-regionale-sur-la-pisciculture\\\/#breadcrumb\"},\"inLanguage\":\"fr-FR\",\"potentialAction\":[{\"@type\":\"ReadAction\",\"target\":[\"https:\\\/\\\/lasentinelle.dz\\\/index.php\\\/2025\\\/02\\\/13\\\/annaba-troisieme-rencontre-regionale-sur-la-pisciculture\\\/\"]}]},{\"@type\":\"ImageObject\",\"inLanguage\":\"fr-FR\",\"@id\":\"https:\\\/\\\/lasentinelle.dz\\\/index.php\\\/2025\\\/02\\\/13\\\/annaba-troisieme-rencontre-regionale-sur-la-pisciculture\\\/#primaryimage\",\"url\":\"https:\\\/\\\/lasentinelle.dz\\\/wp-content\\\/uploads\\\/2021\\\/07\\\/aquaculture.png\",\"contentUrl\":\"https:\\\/\\\/lasentinelle.dz\\\/wp-content\\\/uploads\\\/2021\\\/07\\\/aquaculture.png\",\"width\":934,\"height\":900},{\"@type\":\"BreadcrumbList\",\"@id\":\"https:\\\/\\\/lasentinelle.dz\\\/index.php\\\/2025\\\/02\\\/13\\\/annaba-troisieme-rencontre-regionale-sur-la-pisciculture\\\/#breadcrumb\",\"itemListElement\":[{\"@type\":\"ListItem\",\"position\":1,\"name\":\"Accueil\",\"item\":\"https:\\\/\\\/lasentinelle.dz\\\/\"},{\"@type\":\"ListItem\",\"position\":2,\"name\":\"Annaba\u00a0 : Troisi\u00e8me rencontre r\u00e9gionale sur la pisciculture\"}]},{\"@type\":\"WebSite\",\"@id\":\"https:\\\/\\\/lasentinelle.dz\\\/#website\",\"url\":\"https:\\\/\\\/lasentinelle.dz\\\/\",\"name\":\"La Sentinelle\",\"description\":\"Quotidien national d&#039;information\",\"publisher\":{\"@id\":\"https:\\\/\\\/lasentinelle.dz\\\/#organization\"},\"potentialAction\":[{\"@type\":\"SearchAction\",\"target\":{\"@type\":\"EntryPoint\",\"urlTemplate\":\"https:\\\/\\\/lasentinelle.dz\\\/?s={search_term_string}\"},\"query-input\":{\"@type\":\"PropertyValueSpecification\",\"valueRequired\":true,\"valueName\":\"search_term_string\"}}],\"inLanguage\":\"fr-FR\"},{\"@type\":\"Organization\",\"@id\":\"https:\\\/\\\/lasentinelle.dz\\\/#organization\",\"name\":\"Quotidien La Sentinelle\",\"url\":\"https:\\\/\\\/lasentinelle.dz\\\/\",\"logo\":{\"@type\":\"ImageObject\",\"inLanguage\":\"fr-FR\",\"@id\":\"https:\\\/\\\/lasentinelle.dz\\\/#\\\/schema\\\/logo\\\/image\\\/\",\"url\":\"https:\\\/\\\/lasentinelle.dz\\\/wp-content\\\/uploads\\\/2021\\\/09\\\/logo-sentinelleSLOGAN-1.png\",\"contentUrl\":\"https:\\\/\\\/lasentinelle.dz\\\/wp-content\\\/uploads\\\/2021\\\/09\\\/logo-sentinelleSLOGAN-1.png\",\"width\":615,\"height\":142,\"caption\":\"Quotidien La Sentinelle\"},\"image\":{\"@id\":\"https:\\\/\\\/lasentinelle.dz\\\/#\\\/schema\\\/logo\\\/image\\\/\"},\"sameAs\":[\"https:\\\/\\\/www.facebook.com\\\/La-Sentinelle-104059864394773\"]},{\"@type\":\"Person\",\"@id\":\"https:\\\/\\\/lasentinelle.dz\\\/#\\\/schema\\\/person\\\/729ee0024f24e0b8c5ec17232f8e8b41\",\"name\":\"admin\",\"image\":{\"@type\":\"ImageObject\",\"inLanguage\":\"fr-FR\",\"@id\":\"https:\\\/\\\/secure.gravatar.com\\\/avatar\\\/4c81fed838786e9b53f540bf46533e750f5d292099ae3b66cfc6fb1982e29df7?s=96&d=mm&r=g\",\"url\":\"https:\\\/\\\/secure.gravatar.com\\\/avatar\\\/4c81fed838786e9b53f540bf46533e750f5d292099ae3b66cfc6fb1982e29df7?s=96&d=mm&r=g\",\"contentUrl\":\"https:\\\/\\\/secure.gravatar.com\\\/avatar\\\/4c81fed838786e9b53f540bf46533e750f5d292099ae3b66cfc6fb1982e29df7?s=96&d=mm&r=g\",\"caption\":\"admin\"},\"description\":\"admin\",\"url\":\"https:\\\/\\\/lasentinelle.dz\\\/author\\\/admin\\\/\"}]}<\/script>\n<!-- \/ Yoast SEO plugin. -->","yoast_head_json":{"title":"Annaba\u00a0 : Troisi\u00e8me rencontre r\u00e9gionale sur la pisciculture - La Sentinelle","robots":{"index":"index","follow":"follow","max-snippet":"max-snippet:-1","max-image-preview":"max-image-preview:large","max-video-preview":"max-video-preview:-1"},"canonical":"https:\/\/lasentinelle.dz\/index.php\/2025\/02\/13\/annaba-troisieme-rencontre-regionale-sur-la-pisciculture\/","og_locale":"fr_FR","og_type":"article","og_title":"Annaba\u00a0 : Troisi\u00e8me rencontre r\u00e9gionale sur la pisciculture - La Sentinelle","og_description":"Un troisi\u00e8me rassemblement r\u00e9gional sur la pisciculture \u00e0 Annaba s\u2019est focalis\u00e9, entre autres, sur les d\u00e9fis auxquels la fili\u00e8re est","og_url":"https:\/\/lasentinelle.dz\/index.php\/2025\/02\/13\/annaba-troisieme-rencontre-regionale-sur-la-pisciculture\/","og_site_name":"La Sentinelle","article_publisher":"https:\/\/www.facebook.com\/La-Sentinelle-104059864394773","article_published_time":"2025-02-13T12:41:37+00:00","article_modified_time":"2025-02-16T12:42:18+00:00","og_image":[{"width":934,"height":900,"url":"https:\/\/lasentinelle.dz\/wp-content\/uploads\/2021\/07\/aquaculture.png","type":"image\/png"}],"author":"admin","twitter_card":"summary_large_image","twitter_misc":{"\u00c9crit par":"admin","Dur\u00e9e de lecture estim\u00e9e":"3 minutes"},"schema":{"@context":"https:\/\/schema.org","@graph":[{"@type":"Article","@id":"https:\/\/lasentinelle.dz\/index.php\/2025\/02\/13\/annaba-troisieme-rencontre-regionale-sur-la-pisciculture\/#article","isPartOf":{"@id":"https:\/\/lasentinelle.dz\/index.php\/2025\/02\/13\/annaba-troisieme-rencontre-regionale-sur-la-pisciculture\/"},"author":{"name":"admin","@id":"https:\/\/lasentinelle.dz\/#\/schema\/person\/729ee0024f24e0b8c5ec17232f8e8b41"},"headline":"Annaba\u00a0 : Troisi\u00e8me rencontre r\u00e9gionale sur la pisciculture","datePublished":"2025-02-13T12:41:37+00:00","dateModified":"2025-02-16T12:42:18+00:00","mainEntityOfPage":{"@id":"https:\/\/lasentinelle.dz\/index.php\/2025\/02\/13\/annaba-troisieme-rencontre-regionale-sur-la-pisciculture\/"},"wordCount":621,"commentCount":0,"publisher":{"@id":"https:\/\/lasentinelle.dz\/#organization"},"image":{"@id":"https:\/\/lasentinelle.dz\/index.php\/2025\/02\/13\/annaba-troisieme-rencontre-regionale-sur-la-pisciculture\/#primaryimage"},"thumbnailUrl":"https:\/\/lasentinelle.dz\/wp-content\/uploads\/2021\/07\/aquaculture.png","articleSection":["R\u00e9gions"],"inLanguage":"fr-FR","potentialAction":[{"@type":"CommentAction","name":"Comment","target":["https:\/\/lasentinelle.dz\/index.php\/2025\/02\/13\/annaba-troisieme-rencontre-regionale-sur-la-pisciculture\/#respond"]}]},{"@type":"WebPage","@id":"https:\/\/lasentinelle.dz\/index.php\/2025\/02\/13\/annaba-troisieme-rencontre-regionale-sur-la-pisciculture\/","url":"https:\/\/lasentinelle.dz\/index.php\/2025\/02\/13\/annaba-troisieme-rencontre-regionale-sur-la-pisciculture\/","name":"Annaba\u00a0 : Troisi\u00e8me rencontre r\u00e9gionale sur la pisciculture - La Sentinelle","isPartOf":{"@id":"https:\/\/lasentinelle.dz\/#website"},"primaryImageOfPage":{"@id":"https:\/\/lasentinelle.dz\/index.php\/2025\/02\/13\/annaba-troisieme-rencontre-regionale-sur-la-pisciculture\/#primaryimage"},"image":{"@id":"https:\/\/lasentinelle.dz\/index.php\/2025\/02\/13\/annaba-troisieme-rencontre-regionale-sur-la-pisciculture\/#primaryimage"},"thumbnailUrl":"https:\/\/lasentinelle.dz\/wp-content\/uploads\/2021\/07\/aquaculture.png","datePublished":"2025-02-13T12:41:37+00:00","dateModified":"2025-02-16T12:42:18+00:00","breadcrumb":{"@id":"https:\/\/lasentinelle.dz\/index.php\/2025\/02\/13\/annaba-troisieme-rencontre-regionale-sur-la-pisciculture\/#breadcrumb"},"inLanguage":"fr-FR","potentialAction":[{"@type":"ReadAction","target":["https:\/\/lasentinelle.dz\/index.php\/2025\/02\/13\/annaba-troisieme-rencontre-regionale-sur-la-pisciculture\/"]}]},{"@type":"ImageObject","inLanguage":"fr-FR","@id":"https:\/\/lasentinelle.dz\/index.php\/2025\/02\/13\/annaba-troisieme-rencontre-regionale-sur-la-pisciculture\/#primaryimage","url":"https:\/\/lasentinelle.dz\/wp-content\/uploads\/2021\/07\/aquaculture.png","contentUrl":"https:\/\/lasentinelle.dz\/wp-content\/uploads\/2021\/07\/aquaculture.png","width":934,"height":900},{"@type":"BreadcrumbList","@id":"https:\/\/lasentinelle.dz\/index.php\/2025\/02\/13\/annaba-troisieme-rencontre-regionale-sur-la-pisciculture\/#breadcrumb","itemListElement":[{"@type":"ListItem","position":1,"name":"Accueil","item":"https:\/\/lasentinelle.dz\/"},{"@type":"ListItem","position":2,"name":"Annaba\u00a0 : Troisi\u00e8me rencontre r\u00e9gionale sur la pisciculture"}]},{"@type":"WebSite","@id":"https:\/\/lasentinelle.dz\/#website","url":"https:\/\/lasentinelle.dz\/","name":"La Sentinelle","description":"Quotidien national d&#039;information","publisher":{"@id":"https:\/\/lasentinelle.dz\/#organization"},"potentialAction":[{"@type":"SearchAction","target":{"@type":"EntryPoint","urlTemplate":"https:\/\/lasentinelle.dz\/?s={search_term_string}"},"query-input":{"@type":"PropertyValueSpecification","valueRequired":true,"valueName":"search_term_string"}}],"inLanguage":"fr-FR"},{"@type":"Organization","@id":"https:\/\/lasentinelle.dz\/#organization","name":"Quotidien La Sentinelle","url":"https:\/\/lasentinelle.dz\/","logo":{"@type":"ImageObject","inLanguage":"fr-FR","@id":"https:\/\/lasentinelle.dz\/#\/schema\/logo\/image\/","url":"https:\/\/lasentinelle.dz\/wp-content\/uploads\/2021\/09\/logo-sentinelleSLOGAN-1.png","contentUrl":"https:\/\/lasentinelle.dz\/wp-content\/uploads\/2021\/09\/logo-sentinelleSLOGAN-1.png","width":615,"height":142,"caption":"Quotidien La Sentinelle"},"image":{"@id":"https:\/\/lasentinelle.dz\/#\/schema\/logo\/image\/"},"sameAs":["https:\/\/www.facebook.com\/La-Sentinelle-104059864394773"]},{"@type":"Person","@id":"https:\/\/lasentinelle.dz\/#\/schema\/person\/729ee0024f24e0b8c5ec17232f8e8b41","name":"admin","image":{"@type":"ImageObject","inLanguage":"fr-FR","@id":"https:\/\/secure.gravatar.com\/avatar\/4c81fed838786e9b53f540bf46533e750f5d292099ae3b66cfc6fb1982e29df7?s=96&d=mm&r=g","url":"https:\/\/secure.gravatar.com\/avatar\/4c81fed838786e9b53f540bf46533e750f5d292099ae3b66cfc6fb1982e29df7?s=96&d=mm&r=g","contentUrl":"https:\/\/secure.gravatar.com\/avatar\/4c81fed838786e9b53f540bf46533e750f5d292099ae3b66cfc6fb1982e29df7?s=96&d=mm&r=g","caption":"admin"},"description":"admin","url":"https:\/\/lasentinelle.dz\/author\/admin\/"}]}},"_links":{"self":[{"href":"https:\/\/lasentinelle.dz\/index.php\/wp-json\/wp\/v2\/posts\/63057","targetHints":{"allow":["GET"]}}],"collection":[{"href":"https:\/\/lasentinelle.dz\/index.php\/wp-json\/wp\/v2\/posts"}],"about":[{"href":"https:\/\/lasentinelle.dz\/index.php\/wp-json\/wp\/v2\/types\/post"}],"author":[{"embeddable":true,"href":"https:\/\/lasentinelle.dz\/index.php\/wp-json\/wp\/v2\/users\/6"}],"replies":[{"embeddable":true,"href":"https:\/\/lasentinelle.dz\/index.php\/wp-json\/wp\/v2\/comments?post=63057"}],"version-history":[{"count":1,"href":"https:\/\/lasentinelle.dz\/index.php\/wp-json\/wp\/v2\/posts\/63057\/revisions"}],"predecessor-version":[{"id":63058,"href":"https:\/\/lasentinelle.dz\/index.php\/wp-json\/wp\/v2\/posts\/63057\/revisions\/63058"}],"wp:featuredmedia":[{"embeddable":true,"href":"https:\/\/lasentinelle.dz\/index.php\/wp-json\/wp\/v2\/media\/1608"}],"wp:attachment":[{"href":"https:\/\/lasentinelle.dz\/index.php\/wp-json\/wp\/v2\/media?parent=63057"}],"wp:term":[{"taxonomy":"category","embeddable":true,"href":"https:\/\/lasentinelle.dz\/index.php\/wp-json\/wp\/v2\/categories?post=63057"},{"taxonomy":"post_tag","embeddable":true,"href":"https:\/\/lasentinelle.dz\/index.php\/wp-json\/wp\/v2\/tags?post=63057"}],"curies":[{"name":"wp","href":"https:\/\/api.w.org\/{rel}","templated":true}]}}