{"id":63071,"date":"2025-02-13T13:48:32","date_gmt":"2025-02-13T12:48:32","guid":{"rendered":"https:\/\/lasentinelle.dz\/?p=63071"},"modified":"2025-02-16T13:49:01","modified_gmt":"2025-02-16T12:49:01","slug":"ports-cap-sur-la-reduction-et-loptimisation-des-couts","status":"publish","type":"post","link":"https:\/\/lasentinelle.dz\/index.php\/2025\/02\/13\/ports-cap-sur-la-reduction-et-loptimisation-des-couts\/","title":{"rendered":"Ports: Cap sur la r\u00e9duction et l&rsquo;optimisation des co\u00fbts"},"content":{"rendered":"\n<p>Face aux enjeux \u00e9conomiques croissants et \u00e0 la n\u00e9cessit\u00e9 d&rsquo;optimiser les performances du secteur maritime alg\u00e9rien, le ministre des Transports, Sa\u00efd Sayoud, a pr\u00e9sid\u00e9 une importante r\u00e9union de coordination ax\u00e9e sur la modernisation et l&rsquo;efficience des infrastructures portuaires. Cette rencontre, qui s&rsquo;inscrit dans le cadre plus large de la strat\u00e9gie nationale de diversification \u00e9conomique, a rassembl\u00e9 les principaux acteurs du secteur maritime et terrestre, notamment les responsables du groupe des services portuaires (Serport), les directeurs g\u00e9n\u00e9raux des entreprises portuaires, ainsi que le dirigeant du Groupement d&rsquo;int\u00e9r\u00eat commun des entreprises portuaires (GICEP). Au c\u0153ur des discussions, la question de l&rsquo;optimisation des ressources s&rsquo;est impos\u00e9e comme une priorit\u00e9 absolue. \u00ab\u00a0Il est imp\u00e9ratif de privil\u00e9gier le travail d&rsquo;\u00e9quipe et de redoubler d&rsquo;efforts pour relancer le secteur du transport maritime et portuaire par une gestion rigoureuse des \u00e9quipes et des moyens\u00a0\u00bb, a soulign\u00e9 le ministre, mettant l&rsquo;accent sur la n\u00e9cessit\u00e9 d&rsquo;une exploitation maximale des capacit\u00e9s existantes. Dans cette optique, Sayoud a explicitement ordonn\u00e9 \u00ab\u00a0l&rsquo;exploitation optimale de toutes les ressources mat\u00e9rielles et humaines, ainsi que l&rsquo;adoption du syst\u00e8me de travail 24h\/24 et 7j\/7\u00a0\u00bb, une mesure visant particuli\u00e8rement les ports \u00e0 forte activit\u00e9 \u00e9conomique tels que Djendjen, Alger, Beja\u00efa, Annaba, Oran et Mostaganem. Cette initiative s&rsquo;inscrit dans une strat\u00e9gie plus large de r\u00e9duction des co\u00fbts op\u00e9rationnels et d&rsquo;am\u00e9lioration de la comp\u00e9titivit\u00e9 des ports alg\u00e9riens. Le ministre a notamment insist\u00e9 sur l&rsquo;urgence \u00ab\u00a0d&rsquo;acc\u00e9l\u00e9rer le traitement des navires en rade pour r\u00e9duire les frais de surestaries, avec l&rsquo;association de l&rsquo;ensemble des acteurs et op\u00e9rateurs portuaires et ce avant la fin du mois en cours\u00a0\u00bb. Pour garantir l&rsquo;efficacit\u00e9 de ces mesures, Sayoud a \u00e9galement exig\u00e9 \u00ab\u00a0d&rsquo;acc\u00e9l\u00e9rer la cadence des travaux des projets en cours de r\u00e9alisation au niveau de tous les ports et de proc\u00e9der \u00e0 l&rsquo;installation d&rsquo;une commission de suivi et de contr\u00f4le du syst\u00e8me de travail permanent 24h\/24\u00a0\u00bb. La r\u00e9union a \u00e9galement abord\u00e9 les questions de transport terrestre, notamment en r\u00e9ponse aux besoins croissants des nouveaux p\u00f4les urbains de la wilaya de Blida. Des instructions ont \u00e9t\u00e9 donn\u00e9es pour \u00e9valuer les besoins en mati\u00e8re de lignes et de nombre de bus n\u00e9cessaires, particuli\u00e8rement pour les liaisons entre Alger et les zones de Larba\u00e2, Meftah et Houch Errih. Les difficult\u00e9s rencontr\u00e9es par l&rsquo;entreprise \u00ab\u00a0El Djamiaya Linakl Oua El Khadamet\u00a0\u00bb, notamment concernant l&rsquo;\u00e9tat de sa flotte de bus, ont \u00e9t\u00e9 expos\u00e9es, le ministre s&rsquo;engageant \u00e0 apporter son soutien pour surmonter ces obstacles.<\/p>\n\n\n\n<p>Samir Benisid<\/p>\n","protected":false},"excerpt":{"rendered":"<p>Face aux enjeux \u00e9conomiques croissants et \u00e0 la n\u00e9cessit\u00e9 d&rsquo;optimiser les performances du secteur maritime alg\u00e9rien, le ministre des Transports,<\/p>\n","protected":false},"author":6,"featured_media":56316,"comment_status":"open","ping_status":"closed","sticky":false,"template":"","format":"standard","meta":{"colormag_page_container_layout":"default_layout","colormag_page_sidebar_layout":"default_layout","om_disable_all_campaigns":false,"_monsterinsights_skip_tracking":false,"_monsterinsights_sitenote_active":false,"_monsterinsights_sitenote_note":"","_monsterinsights_sitenote_category":0,"footnotes":"","_wpscppro_dont_share_socialmedia":false,"_wpscppro_custom_social_share_image":0,"_facebook_share_type":"default","_twitter_share_type":"default","_linkedin_share_type":"default","_pinterest_share_type":"default","_linkedin_share_type_page":"","_instagram_share_type":"default","_medium_share_type":"default","_threads_share_type":"","_google_business_share_type":"","_selected_social_profile":[],"_wpsp_enable_custom_social_template":false,"_wpsp_social_scheduling":{"enabled":false,"datetime":null,"platforms":[],"status":"template_only","dateOption":"today","timeOption":"now","customDays":"","customHours":"","customDate":"","customTime":"","schedulingType":"absolute"},"_wpsp_active_default_template":true},"categories":[27],"tags":[],"class_list":["post-63071","post","type-post","status-publish","format-standard","has-post-thumbnail","hentry","category-actualite"],"aioseo_notices":[],"yoast_head":"<!-- This site is optimized with the Yoast SEO plugin v27.5 - https:\/\/yoast.com\/product\/yoast-seo-wordpress\/ -->\n<title>Ports: Cap sur la r\u00e9duction et l&rsquo;optimisation des co\u00fbts - La Sentinelle<\/title>\n<meta name=\"robots\" content=\"index, follow, max-snippet:-1, max-image-preview:large, max-video-preview:-1\" \/>\n<link rel=\"canonical\" href=\"https:\/\/lasentinelle.dz\/index.php\/2025\/02\/13\/ports-cap-sur-la-reduction-et-loptimisation-des-couts\/\" \/>\n<meta property=\"og:locale\" content=\"fr_FR\" \/>\n<meta property=\"og:type\" content=\"article\" \/>\n<meta property=\"og:title\" content=\"Ports: Cap sur la r\u00e9duction et l&rsquo;optimisation des co\u00fbts - La Sentinelle\" \/>\n<meta property=\"og:description\" content=\"Face aux enjeux \u00e9conomiques croissants et \u00e0 la n\u00e9cessit\u00e9 d&rsquo;optimiser les performances du secteur maritime alg\u00e9rien, le ministre des Transports,\" \/>\n<meta property=\"og:url\" content=\"https:\/\/lasentinelle.dz\/index.php\/2025\/02\/13\/ports-cap-sur-la-reduction-et-loptimisation-des-couts\/\" \/>\n<meta property=\"og:site_name\" content=\"La Sentinelle\" \/>\n<meta property=\"article:publisher\" content=\"https:\/\/www.facebook.com\/La-Sentinelle-104059864394773\" \/>\n<meta property=\"article:published_time\" content=\"2025-02-13T12:48:32+00:00\" \/>\n<meta property=\"article:modified_time\" content=\"2025-02-16T12:49:01+00:00\" \/>\n<meta property=\"og:image\" content=\"https:\/\/lasentinelle.dz\/wp-content\/uploads\/2024\/08\/Port-scaled.jpg\" \/>\n\t<meta property=\"og:image:width\" content=\"2560\" \/>\n\t<meta property=\"og:image:height\" content=\"1700\" \/>\n\t<meta property=\"og:image:type\" content=\"image\/jpeg\" \/>\n<meta name=\"author\" content=\"admin\" \/>\n<meta name=\"twitter:card\" content=\"summary_large_image\" \/>\n<meta name=\"twitter:label1\" content=\"\u00c9crit par\" \/>\n\t<meta name=\"twitter:data1\" content=\"admin\" \/>\n\t<meta name=\"twitter:label2\" content=\"Dur\u00e9e de lecture estim\u00e9e\" \/>\n\t<meta name=\"twitter:data2\" content=\"3 minutes\" \/>\n<script type=\"application\/ld+json\" class=\"yoast-schema-graph\">{\"@context\":\"https:\\\/\\\/schema.org\",\"@graph\":[{\"@type\":\"Article\",\"@id\":\"https:\\\/\\\/lasentinelle.dz\\\/index.php\\\/2025\\\/02\\\/13\\\/ports-cap-sur-la-reduction-et-loptimisation-des-couts\\\/#article\",\"isPartOf\":{\"@id\":\"https:\\\/\\\/lasentinelle.dz\\\/index.php\\\/2025\\\/02\\\/13\\\/ports-cap-sur-la-reduction-et-loptimisation-des-couts\\\/\"},\"author\":{\"name\":\"admin\",\"@id\":\"https:\\\/\\\/lasentinelle.dz\\\/#\\\/schema\\\/person\\\/729ee0024f24e0b8c5ec17232f8e8b41\"},\"headline\":\"Ports: Cap sur la r\u00e9duction et l&rsquo;optimisation des co\u00fbts\",\"datePublished\":\"2025-02-13T12:48:32+00:00\",\"dateModified\":\"2025-02-16T12:49:01+00:00\",\"mainEntityOfPage\":{\"@id\":\"https:\\\/\\\/lasentinelle.dz\\\/index.php\\\/2025\\\/02\\\/13\\\/ports-cap-sur-la-reduction-et-loptimisation-des-couts\\\/\"},\"wordCount\":477,\"commentCount\":0,\"publisher\":{\"@id\":\"https:\\\/\\\/lasentinelle.dz\\\/#organization\"},\"image\":{\"@id\":\"https:\\\/\\\/lasentinelle.dz\\\/index.php\\\/2025\\\/02\\\/13\\\/ports-cap-sur-la-reduction-et-loptimisation-des-couts\\\/#primaryimage\"},\"thumbnailUrl\":\"https:\\\/\\\/lasentinelle.dz\\\/wp-content\\\/uploads\\\/2024\\\/08\\\/Port-scaled.jpg\",\"articleSection\":[\"Actualit\u00e9\"],\"inLanguage\":\"fr-FR\",\"potentialAction\":[{\"@type\":\"CommentAction\",\"name\":\"Comment\",\"target\":[\"https:\\\/\\\/lasentinelle.dz\\\/index.php\\\/2025\\\/02\\\/13\\\/ports-cap-sur-la-reduction-et-loptimisation-des-couts\\\/#respond\"]}]},{\"@type\":\"WebPage\",\"@id\":\"https:\\\/\\\/lasentinelle.dz\\\/index.php\\\/2025\\\/02\\\/13\\\/ports-cap-sur-la-reduction-et-loptimisation-des-couts\\\/\",\"url\":\"https:\\\/\\\/lasentinelle.dz\\\/index.php\\\/2025\\\/02\\\/13\\\/ports-cap-sur-la-reduction-et-loptimisation-des-couts\\\/\",\"name\":\"Ports: Cap sur la r\u00e9duction et l&rsquo;optimisation des co\u00fbts - La Sentinelle\",\"isPartOf\":{\"@id\":\"https:\\\/\\\/lasentinelle.dz\\\/#website\"},\"primaryImageOfPage\":{\"@id\":\"https:\\\/\\\/lasentinelle.dz\\\/index.php\\\/2025\\\/02\\\/13\\\/ports-cap-sur-la-reduction-et-loptimisation-des-couts\\\/#primaryimage\"},\"image\":{\"@id\":\"https:\\\/\\\/lasentinelle.dz\\\/index.php\\\/2025\\\/02\\\/13\\\/ports-cap-sur-la-reduction-et-loptimisation-des-couts\\\/#primaryimage\"},\"thumbnailUrl\":\"https:\\\/\\\/lasentinelle.dz\\\/wp-content\\\/uploads\\\/2024\\\/08\\\/Port-scaled.jpg\",\"datePublished\":\"2025-02-13T12:48:32+00:00\",\"dateModified\":\"2025-02-16T12:49:01+00:00\",\"breadcrumb\":{\"@id\":\"https:\\\/\\\/lasentinelle.dz\\\/index.php\\\/2025\\\/02\\\/13\\\/ports-cap-sur-la-reduction-et-loptimisation-des-couts\\\/#breadcrumb\"},\"inLanguage\":\"fr-FR\",\"potentialAction\":[{\"@type\":\"ReadAction\",\"target\":[\"https:\\\/\\\/lasentinelle.dz\\\/index.php\\\/2025\\\/02\\\/13\\\/ports-cap-sur-la-reduction-et-loptimisation-des-couts\\\/\"]}]},{\"@type\":\"ImageObject\",\"inLanguage\":\"fr-FR\",\"@id\":\"https:\\\/\\\/lasentinelle.dz\\\/index.php\\\/2025\\\/02\\\/13\\\/ports-cap-sur-la-reduction-et-loptimisation-des-couts\\\/#primaryimage\",\"url\":\"https:\\\/\\\/lasentinelle.dz\\\/wp-content\\\/uploads\\\/2024\\\/08\\\/Port-scaled.jpg\",\"contentUrl\":\"https:\\\/\\\/lasentinelle.dz\\\/wp-content\\\/uploads\\\/2024\\\/08\\\/Port-scaled.jpg\",\"width\":2560,\"height\":1700},{\"@type\":\"BreadcrumbList\",\"@id\":\"https:\\\/\\\/lasentinelle.dz\\\/index.php\\\/2025\\\/02\\\/13\\\/ports-cap-sur-la-reduction-et-loptimisation-des-couts\\\/#breadcrumb\",\"itemListElement\":[{\"@type\":\"ListItem\",\"position\":1,\"name\":\"Accueil\",\"item\":\"https:\\\/\\\/lasentinelle.dz\\\/\"},{\"@type\":\"ListItem\",\"position\":2,\"name\":\"Ports: Cap sur la r\u00e9duction et l&rsquo;optimisation des co\u00fbts\"}]},{\"@type\":\"WebSite\",\"@id\":\"https:\\\/\\\/lasentinelle.dz\\\/#website\",\"url\":\"https:\\\/\\\/lasentinelle.dz\\\/\",\"name\":\"La Sentinelle\",\"description\":\"Quotidien national d&#039;information\",\"publisher\":{\"@id\":\"https:\\\/\\\/lasentinelle.dz\\\/#organization\"},\"potentialAction\":[{\"@type\":\"SearchAction\",\"target\":{\"@type\":\"EntryPoint\",\"urlTemplate\":\"https:\\\/\\\/lasentinelle.dz\\\/?s={search_term_string}\"},\"query-input\":{\"@type\":\"PropertyValueSpecification\",\"valueRequired\":true,\"valueName\":\"search_term_string\"}}],\"inLanguage\":\"fr-FR\"},{\"@type\":\"Organization\",\"@id\":\"https:\\\/\\\/lasentinelle.dz\\\/#organization\",\"name\":\"Quotidien La Sentinelle\",\"url\":\"https:\\\/\\\/lasentinelle.dz\\\/\",\"logo\":{\"@type\":\"ImageObject\",\"inLanguage\":\"fr-FR\",\"@id\":\"https:\\\/\\\/lasentinelle.dz\\\/#\\\/schema\\\/logo\\\/image\\\/\",\"url\":\"https:\\\/\\\/lasentinelle.dz\\\/wp-content\\\/uploads\\\/2021\\\/09\\\/logo-sentinelleSLOGAN-1.png\",\"contentUrl\":\"https:\\\/\\\/lasentinelle.dz\\\/wp-content\\\/uploads\\\/2021\\\/09\\\/logo-sentinelleSLOGAN-1.png\",\"width\":615,\"height\":142,\"caption\":\"Quotidien La Sentinelle\"},\"image\":{\"@id\":\"https:\\\/\\\/lasentinelle.dz\\\/#\\\/schema\\\/logo\\\/image\\\/\"},\"sameAs\":[\"https:\\\/\\\/www.facebook.com\\\/La-Sentinelle-104059864394773\"]},{\"@type\":\"Person\",\"@id\":\"https:\\\/\\\/lasentinelle.dz\\\/#\\\/schema\\\/person\\\/729ee0024f24e0b8c5ec17232f8e8b41\",\"name\":\"admin\",\"image\":{\"@type\":\"ImageObject\",\"inLanguage\":\"fr-FR\",\"@id\":\"https:\\\/\\\/secure.gravatar.com\\\/avatar\\\/4c81fed838786e9b53f540bf46533e750f5d292099ae3b66cfc6fb1982e29df7?s=96&d=mm&r=g\",\"url\":\"https:\\\/\\\/secure.gravatar.com\\\/avatar\\\/4c81fed838786e9b53f540bf46533e750f5d292099ae3b66cfc6fb1982e29df7?s=96&d=mm&r=g\",\"contentUrl\":\"https:\\\/\\\/secure.gravatar.com\\\/avatar\\\/4c81fed838786e9b53f540bf46533e750f5d292099ae3b66cfc6fb1982e29df7?s=96&d=mm&r=g\",\"caption\":\"admin\"},\"description\":\"admin\",\"url\":\"https:\\\/\\\/lasentinelle.dz\\\/author\\\/admin\\\/\"}]}<\/script>\n<!-- \/ Yoast SEO plugin. -->","yoast_head_json":{"title":"Ports: Cap sur la r\u00e9duction et l&rsquo;optimisation des co\u00fbts - La Sentinelle","robots":{"index":"index","follow":"follow","max-snippet":"max-snippet:-1","max-image-preview":"max-image-preview:large","max-video-preview":"max-video-preview:-1"},"canonical":"https:\/\/lasentinelle.dz\/index.php\/2025\/02\/13\/ports-cap-sur-la-reduction-et-loptimisation-des-couts\/","og_locale":"fr_FR","og_type":"article","og_title":"Ports: Cap sur la r\u00e9duction et l&rsquo;optimisation des co\u00fbts - La Sentinelle","og_description":"Face aux enjeux \u00e9conomiques croissants et \u00e0 la n\u00e9cessit\u00e9 d&rsquo;optimiser les performances du secteur maritime alg\u00e9rien, le ministre des Transports,","og_url":"https:\/\/lasentinelle.dz\/index.php\/2025\/02\/13\/ports-cap-sur-la-reduction-et-loptimisation-des-couts\/","og_site_name":"La Sentinelle","article_publisher":"https:\/\/www.facebook.com\/La-Sentinelle-104059864394773","article_published_time":"2025-02-13T12:48:32+00:00","article_modified_time":"2025-02-16T12:49:01+00:00","og_image":[{"width":2560,"height":1700,"url":"https:\/\/lasentinelle.dz\/wp-content\/uploads\/2024\/08\/Port-scaled.jpg","type":"image\/jpeg"}],"author":"admin","twitter_card":"summary_large_image","twitter_misc":{"\u00c9crit par":"admin","Dur\u00e9e de lecture estim\u00e9e":"3 minutes"},"schema":{"@context":"https:\/\/schema.org","@graph":[{"@type":"Article","@id":"https:\/\/lasentinelle.dz\/index.php\/2025\/02\/13\/ports-cap-sur-la-reduction-et-loptimisation-des-couts\/#article","isPartOf":{"@id":"https:\/\/lasentinelle.dz\/index.php\/2025\/02\/13\/ports-cap-sur-la-reduction-et-loptimisation-des-couts\/"},"author":{"name":"admin","@id":"https:\/\/lasentinelle.dz\/#\/schema\/person\/729ee0024f24e0b8c5ec17232f8e8b41"},"headline":"Ports: Cap sur la r\u00e9duction et l&rsquo;optimisation des co\u00fbts","datePublished":"2025-02-13T12:48:32+00:00","dateModified":"2025-02-16T12:49:01+00:00","mainEntityOfPage":{"@id":"https:\/\/lasentinelle.dz\/index.php\/2025\/02\/13\/ports-cap-sur-la-reduction-et-loptimisation-des-couts\/"},"wordCount":477,"commentCount":0,"publisher":{"@id":"https:\/\/lasentinelle.dz\/#organization"},"image":{"@id":"https:\/\/lasentinelle.dz\/index.php\/2025\/02\/13\/ports-cap-sur-la-reduction-et-loptimisation-des-couts\/#primaryimage"},"thumbnailUrl":"https:\/\/lasentinelle.dz\/wp-content\/uploads\/2024\/08\/Port-scaled.jpg","articleSection":["Actualit\u00e9"],"inLanguage":"fr-FR","potentialAction":[{"@type":"CommentAction","name":"Comment","target":["https:\/\/lasentinelle.dz\/index.php\/2025\/02\/13\/ports-cap-sur-la-reduction-et-loptimisation-des-couts\/#respond"]}]},{"@type":"WebPage","@id":"https:\/\/lasentinelle.dz\/index.php\/2025\/02\/13\/ports-cap-sur-la-reduction-et-loptimisation-des-couts\/","url":"https:\/\/lasentinelle.dz\/index.php\/2025\/02\/13\/ports-cap-sur-la-reduction-et-loptimisation-des-couts\/","name":"Ports: Cap sur la r\u00e9duction et l&rsquo;optimisation des co\u00fbts - La Sentinelle","isPartOf":{"@id":"https:\/\/lasentinelle.dz\/#website"},"primaryImageOfPage":{"@id":"https:\/\/lasentinelle.dz\/index.php\/2025\/02\/13\/ports-cap-sur-la-reduction-et-loptimisation-des-couts\/#primaryimage"},"image":{"@id":"https:\/\/lasentinelle.dz\/index.php\/2025\/02\/13\/ports-cap-sur-la-reduction-et-loptimisation-des-couts\/#primaryimage"},"thumbnailUrl":"https:\/\/lasentinelle.dz\/wp-content\/uploads\/2024\/08\/Port-scaled.jpg","datePublished":"2025-02-13T12:48:32+00:00","dateModified":"2025-02-16T12:49:01+00:00","breadcrumb":{"@id":"https:\/\/lasentinelle.dz\/index.php\/2025\/02\/13\/ports-cap-sur-la-reduction-et-loptimisation-des-couts\/#breadcrumb"},"inLanguage":"fr-FR","potentialAction":[{"@type":"ReadAction","target":["https:\/\/lasentinelle.dz\/index.php\/2025\/02\/13\/ports-cap-sur-la-reduction-et-loptimisation-des-couts\/"]}]},{"@type":"ImageObject","inLanguage":"fr-FR","@id":"https:\/\/lasentinelle.dz\/index.php\/2025\/02\/13\/ports-cap-sur-la-reduction-et-loptimisation-des-couts\/#primaryimage","url":"https:\/\/lasentinelle.dz\/wp-content\/uploads\/2024\/08\/Port-scaled.jpg","contentUrl":"https:\/\/lasentinelle.dz\/wp-content\/uploads\/2024\/08\/Port-scaled.jpg","width":2560,"height":1700},{"@type":"BreadcrumbList","@id":"https:\/\/lasentinelle.dz\/index.php\/2025\/02\/13\/ports-cap-sur-la-reduction-et-loptimisation-des-couts\/#breadcrumb","itemListElement":[{"@type":"ListItem","position":1,"name":"Accueil","item":"https:\/\/lasentinelle.dz\/"},{"@type":"ListItem","position":2,"name":"Ports: Cap sur la r\u00e9duction et l&rsquo;optimisation des co\u00fbts"}]},{"@type":"WebSite","@id":"https:\/\/lasentinelle.dz\/#website","url":"https:\/\/lasentinelle.dz\/","name":"La Sentinelle","description":"Quotidien national d&#039;information","publisher":{"@id":"https:\/\/lasentinelle.dz\/#organization"},"potentialAction":[{"@type":"SearchAction","target":{"@type":"EntryPoint","urlTemplate":"https:\/\/lasentinelle.dz\/?s={search_term_string}"},"query-input":{"@type":"PropertyValueSpecification","valueRequired":true,"valueName":"search_term_string"}}],"inLanguage":"fr-FR"},{"@type":"Organization","@id":"https:\/\/lasentinelle.dz\/#organization","name":"Quotidien La Sentinelle","url":"https:\/\/lasentinelle.dz\/","logo":{"@type":"ImageObject","inLanguage":"fr-FR","@id":"https:\/\/lasentinelle.dz\/#\/schema\/logo\/image\/","url":"https:\/\/lasentinelle.dz\/wp-content\/uploads\/2021\/09\/logo-sentinelleSLOGAN-1.png","contentUrl":"https:\/\/lasentinelle.dz\/wp-content\/uploads\/2021\/09\/logo-sentinelleSLOGAN-1.png","width":615,"height":142,"caption":"Quotidien La Sentinelle"},"image":{"@id":"https:\/\/lasentinelle.dz\/#\/schema\/logo\/image\/"},"sameAs":["https:\/\/www.facebook.com\/La-Sentinelle-104059864394773"]},{"@type":"Person","@id":"https:\/\/lasentinelle.dz\/#\/schema\/person\/729ee0024f24e0b8c5ec17232f8e8b41","name":"admin","image":{"@type":"ImageObject","inLanguage":"fr-FR","@id":"https:\/\/secure.gravatar.com\/avatar\/4c81fed838786e9b53f540bf46533e750f5d292099ae3b66cfc6fb1982e29df7?s=96&d=mm&r=g","url":"https:\/\/secure.gravatar.com\/avatar\/4c81fed838786e9b53f540bf46533e750f5d292099ae3b66cfc6fb1982e29df7?s=96&d=mm&r=g","contentUrl":"https:\/\/secure.gravatar.com\/avatar\/4c81fed838786e9b53f540bf46533e750f5d292099ae3b66cfc6fb1982e29df7?s=96&d=mm&r=g","caption":"admin"},"description":"admin","url":"https:\/\/lasentinelle.dz\/author\/admin\/"}]}},"_links":{"self":[{"href":"https:\/\/lasentinelle.dz\/index.php\/wp-json\/wp\/v2\/posts\/63071","targetHints":{"allow":["GET"]}}],"collection":[{"href":"https:\/\/lasentinelle.dz\/index.php\/wp-json\/wp\/v2\/posts"}],"about":[{"href":"https:\/\/lasentinelle.dz\/index.php\/wp-json\/wp\/v2\/types\/post"}],"author":[{"embeddable":true,"href":"https:\/\/lasentinelle.dz\/index.php\/wp-json\/wp\/v2\/users\/6"}],"replies":[{"embeddable":true,"href":"https:\/\/lasentinelle.dz\/index.php\/wp-json\/wp\/v2\/comments?post=63071"}],"version-history":[{"count":2,"href":"https:\/\/lasentinelle.dz\/index.php\/wp-json\/wp\/v2\/posts\/63071\/revisions"}],"predecessor-version":[{"id":63073,"href":"https:\/\/lasentinelle.dz\/index.php\/wp-json\/wp\/v2\/posts\/63071\/revisions\/63073"}],"wp:featuredmedia":[{"embeddable":true,"href":"https:\/\/lasentinelle.dz\/index.php\/wp-json\/wp\/v2\/media\/56316"}],"wp:attachment":[{"href":"https:\/\/lasentinelle.dz\/index.php\/wp-json\/wp\/v2\/media?parent=63071"}],"wp:term":[{"taxonomy":"category","embeddable":true,"href":"https:\/\/lasentinelle.dz\/index.php\/wp-json\/wp\/v2\/categories?post=63071"},{"taxonomy":"post_tag","embeddable":true,"href":"https:\/\/lasentinelle.dz\/index.php\/wp-json\/wp\/v2\/tags?post=63071"}],"curies":[{"name":"wp","href":"https:\/\/api.w.org\/{rel}","templated":true}]}}