{"id":63076,"date":"2025-02-13T13:50:16","date_gmt":"2025-02-13T12:50:16","guid":{"rendered":"https:\/\/lasentinelle.dz\/?p=63076"},"modified":"2025-02-16T13:51:09","modified_gmt":"2025-02-16T12:51:09","slug":"paternalisme-arrogance-et-deux-poids-deux-mesures-un-rapport-du-senat-francais-etrille-la-politique-africaine-de-macron","status":"publish","type":"post","link":"https:\/\/lasentinelle.dz\/index.php\/2025\/02\/13\/paternalisme-arrogance-et-deux-poids-deux-mesures-un-rapport-du-senat-francais-etrille-la-politique-africaine-de-macron\/","title":{"rendered":"Paternalisme, arrogance et deux poids, deux mesures: Un rapport du s\u00e9nat fran\u00e7ais \u00e9trille la politique africaine de Macron"},"content":{"rendered":"\n<p>Le dernier rapport du S\u00e9nat fran\u00e7ais vient confirmer ce que les nations africaines, et particuli\u00e8rement l&rsquo;Alg\u00e9rie, observent depuis des ann\u00e9es : la fin de l&rsquo;h\u00e9g\u00e9monie fran\u00e7aise sur le continent africain. Cette conclusion, tir\u00e9e d&rsquo;un document accablant de la Commission des affaires \u00e9trang\u00e8res du S\u00e9nat fran\u00e7ais, r\u00e9v\u00e8le l&rsquo;\u00e9chec cuisant de la politique africaine d&rsquo;Emmanuel Macron. Le pr\u00e9sident fran\u00e7ais, qui se targuait d&rsquo;appartenir \u00e0 une \u00ab\u00a0g\u00e9n\u00e9ration nouvelle\u00a0\u00bb cens\u00e9e rompre avec les pratiques n\u00e9ocoloniales, n&rsquo;a fait que perp\u00e9tuer l&rsquo;arrogance et le paternalisme caract\u00e9ristiques de l&rsquo;ancien empire colonial, comme l&rsquo;ont si souvent d\u00e9nonc\u00e9 les intellectuels et leaders africains, notamment alg\u00e9riens. Les tentatives superficielles de Macron de \u00ab\u00a0renouveler\u00a0\u00bb les relations avec l&rsquo;Afrique, que ce soit \u00e0 travers ses visites en Alg\u00e9rie ou l&rsquo;organisation du sommet de Montpellier, n&rsquo;ont fait que confirmer l&rsquo;incapacit\u00e9 de Paris \u00e0 se d\u00e9faire de ses r\u00e9flexes colonialistes. Le plus r\u00e9v\u00e9lateur est sans doute la politique du \u00ab\u00a0deux poids, deux mesures\u00a0\u00bb d\u00e9nonc\u00e9e dans le rapport, notamment dans le traitement diff\u00e9renci\u00e9 des transitions politiques au Tchad et dans d&rsquo;autres pays africains, une pratique qui rappelle douloureusement les manipulations historiques de la France dans les affaires internes des nations africaines. Cette attitude n&rsquo;est pas sans rappeler les ann\u00e9es sombres de la Fran\u00e7afrique. Le retrait forc\u00e9 des forces militaires fran\u00e7aises du Niger, du Mali, de la Centrafrique et du Burkina Faso repr\u00e9sente une victoire symbolique majeure pour la souverainet\u00e9 africaine. La diversification des partenariats internationaux, avec l&rsquo;\u00e9mergence de nouvelles alliances avec la Russie, la Turquie, la Chine et les pays du Moyen-Orient, marque un tournant d\u00e9cisif dans l&rsquo;histoire du continent. M\u00eame si le rapport s\u00e9natorial tente de minimiser ces nouvelles alliances en les qualifiant d'\u00a0\u00bbambigu\u00ebs\u00a0\u00bb, elles repr\u00e9sentent pour les nations africaines une r\u00e9elle opportunit\u00e9 de s&rsquo;\u00e9manciper de l&rsquo;influence fran\u00e7aise. La perte d&rsquo;influence de la France, manifest\u00e9e notamment par la fin des programmes de formation militaire qui touchaient pr\u00e8s de 17 000 militaires africains par an, t\u00e9moigne d&rsquo;une transformation profonde des relations internationales en Afrique. Cette \u00e9volution, particuli\u00e8rement significative pour des pays comme l&rsquo;Alg\u00e9rie qui ont longtemps plaid\u00e9 pour une v\u00e9ritable ind\u00e9pendance strat\u00e9gique du continent, marque peut-\u00eatre la fin d\u00e9finitive de l&rsquo;\u00e8re n\u00e9ocoloniale fran\u00e7aise en Afrique. L&rsquo;\u00e9chec de la politique africaine de Macron, document\u00e9 par ce rapport, n&rsquo;est pas simplement celui d&rsquo;un pr\u00e9sident ou d&rsquo;un quinquennat, mais celui d&rsquo;un syst\u00e8me post-colonial qui n&rsquo;a jamais su se r\u00e9inventer. Pour l&rsquo;ensemble du continent africain, cette situation repr\u00e9sente une opportunit\u00e9 historique de red\u00e9finir les relations internationales sur des bases v\u00e9ritablement \u00e9galitaires, loin des sch\u00e9mas de domination h\u00e9rit\u00e9s du pass\u00e9 colonial. La francophonie, que Paris consid\u00e8re encore comme un \u00ab\u00a0atout\u00a0\u00bb, appara\u00eet d\u00e9sormais comme le dernier vestige d&rsquo;une influence en d\u00e9clin, face \u00e0 l&rsquo;\u00e9mergence d&rsquo;une Afrique qui s&rsquo;affirme et choisit librement ses partenaires strat\u00e9giques.<\/p>\n\n\n\n<p>Salim Amokrane<\/p>\n","protected":false},"excerpt":{"rendered":"<p>Le dernier rapport du S\u00e9nat fran\u00e7ais vient confirmer ce que les nations africaines, et particuli\u00e8rement l&rsquo;Alg\u00e9rie, observent depuis des ann\u00e9es<\/p>\n","protected":false},"author":6,"featured_media":61691,"comment_status":"open","ping_status":"closed","sticky":false,"template":"","format":"standard","meta":{"colormag_page_container_layout":"default_layout","colormag_page_sidebar_layout":"default_layout","om_disable_all_campaigns":false,"_monsterinsights_skip_tracking":false,"_monsterinsights_sitenote_active":false,"_monsterinsights_sitenote_note":"","_monsterinsights_sitenote_category":0,"footnotes":"","_wpscppro_dont_share_socialmedia":false,"_wpscppro_custom_social_share_image":0,"_facebook_share_type":"default","_twitter_share_type":"default","_linkedin_share_type":"default","_pinterest_share_type":"default","_linkedin_share_type_page":"","_instagram_share_type":"default","_medium_share_type":"default","_threads_share_type":"","_google_business_share_type":"","_selected_social_profile":[],"_wpsp_enable_custom_social_template":false,"_wpsp_social_scheduling":{"enabled":false,"datetime":null,"platforms":[],"status":"template_only","dateOption":"today","timeOption":"now","customDays":"","customHours":"","customDate":"","customTime":"","schedulingType":"absolute"},"_wpsp_active_default_template":true},"categories":[27],"tags":[],"class_list":["post-63076","post","type-post","status-publish","format-standard","has-post-thumbnail","hentry","category-actualite"],"aioseo_notices":[],"yoast_head":"<!-- This site is optimized with the Yoast SEO plugin v27.5 - https:\/\/yoast.com\/product\/yoast-seo-wordpress\/ -->\n<title>Paternalisme, arrogance et deux poids, deux mesures: Un rapport du s\u00e9nat fran\u00e7ais \u00e9trille la politique africaine de Macron - La Sentinelle<\/title>\n<meta name=\"robots\" content=\"index, follow, max-snippet:-1, max-image-preview:large, max-video-preview:-1\" \/>\n<link rel=\"canonical\" href=\"https:\/\/lasentinelle.dz\/index.php\/2025\/02\/13\/paternalisme-arrogance-et-deux-poids-deux-mesures-un-rapport-du-senat-francais-etrille-la-politique-africaine-de-macron\/\" \/>\n<meta property=\"og:locale\" content=\"fr_FR\" \/>\n<meta property=\"og:type\" content=\"article\" \/>\n<meta property=\"og:title\" content=\"Paternalisme, arrogance et deux poids, deux mesures: Un rapport du s\u00e9nat fran\u00e7ais \u00e9trille la politique africaine de Macron - La Sentinelle\" \/>\n<meta property=\"og:description\" content=\"Le dernier rapport du S\u00e9nat fran\u00e7ais vient confirmer ce que les nations africaines, et particuli\u00e8rement l&rsquo;Alg\u00e9rie, observent depuis des ann\u00e9es\" \/>\n<meta property=\"og:url\" content=\"https:\/\/lasentinelle.dz\/index.php\/2025\/02\/13\/paternalisme-arrogance-et-deux-poids-deux-mesures-un-rapport-du-senat-francais-etrille-la-politique-africaine-de-macron\/\" \/>\n<meta property=\"og:site_name\" content=\"La Sentinelle\" \/>\n<meta property=\"article:publisher\" content=\"https:\/\/www.facebook.com\/La-Sentinelle-104059864394773\" \/>\n<meta property=\"article:published_time\" content=\"2025-02-13T12:50:16+00:00\" \/>\n<meta property=\"article:modified_time\" content=\"2025-02-16T12:51:09+00:00\" \/>\n<meta property=\"og:image\" content=\"https:\/\/lasentinelle.dz\/wp-content\/uploads\/2025\/01\/Macronie.jpeg\" \/>\n\t<meta property=\"og:image:width\" content=\"1200\" \/>\n\t<meta property=\"og:image:height\" content=\"630\" \/>\n\t<meta property=\"og:image:type\" content=\"image\/jpeg\" \/>\n<meta name=\"author\" content=\"admin\" \/>\n<meta name=\"twitter:card\" content=\"summary_large_image\" \/>\n<meta name=\"twitter:label1\" content=\"\u00c9crit par\" \/>\n\t<meta name=\"twitter:data1\" content=\"admin\" \/>\n\t<meta name=\"twitter:label2\" content=\"Dur\u00e9e de lecture estim\u00e9e\" \/>\n\t<meta name=\"twitter:data2\" content=\"3 minutes\" \/>\n<script type=\"application\/ld+json\" class=\"yoast-schema-graph\">{\"@context\":\"https:\\\/\\\/schema.org\",\"@graph\":[{\"@type\":\"Article\",\"@id\":\"https:\\\/\\\/lasentinelle.dz\\\/index.php\\\/2025\\\/02\\\/13\\\/paternalisme-arrogance-et-deux-poids-deux-mesures-un-rapport-du-senat-francais-etrille-la-politique-africaine-de-macron\\\/#article\",\"isPartOf\":{\"@id\":\"https:\\\/\\\/lasentinelle.dz\\\/index.php\\\/2025\\\/02\\\/13\\\/paternalisme-arrogance-et-deux-poids-deux-mesures-un-rapport-du-senat-francais-etrille-la-politique-africaine-de-macron\\\/\"},\"author\":{\"name\":\"admin\",\"@id\":\"https:\\\/\\\/lasentinelle.dz\\\/#\\\/schema\\\/person\\\/729ee0024f24e0b8c5ec17232f8e8b41\"},\"headline\":\"Paternalisme, arrogance et deux poids, deux mesures: Un rapport du s\u00e9nat fran\u00e7ais \u00e9trille la politique africaine de Macron\",\"datePublished\":\"2025-02-13T12:50:16+00:00\",\"dateModified\":\"2025-02-16T12:51:09+00:00\",\"mainEntityOfPage\":{\"@id\":\"https:\\\/\\\/lasentinelle.dz\\\/index.php\\\/2025\\\/02\\\/13\\\/paternalisme-arrogance-et-deux-poids-deux-mesures-un-rapport-du-senat-francais-etrille-la-politique-africaine-de-macron\\\/\"},\"wordCount\":563,\"commentCount\":0,\"publisher\":{\"@id\":\"https:\\\/\\\/lasentinelle.dz\\\/#organization\"},\"image\":{\"@id\":\"https:\\\/\\\/lasentinelle.dz\\\/index.php\\\/2025\\\/02\\\/13\\\/paternalisme-arrogance-et-deux-poids-deux-mesures-un-rapport-du-senat-francais-etrille-la-politique-africaine-de-macron\\\/#primaryimage\"},\"thumbnailUrl\":\"https:\\\/\\\/lasentinelle.dz\\\/wp-content\\\/uploads\\\/2025\\\/01\\\/Macronie.jpeg\",\"articleSection\":[\"Actualit\u00e9\"],\"inLanguage\":\"fr-FR\",\"potentialAction\":[{\"@type\":\"CommentAction\",\"name\":\"Comment\",\"target\":[\"https:\\\/\\\/lasentinelle.dz\\\/index.php\\\/2025\\\/02\\\/13\\\/paternalisme-arrogance-et-deux-poids-deux-mesures-un-rapport-du-senat-francais-etrille-la-politique-africaine-de-macron\\\/#respond\"]}]},{\"@type\":\"WebPage\",\"@id\":\"https:\\\/\\\/lasentinelle.dz\\\/index.php\\\/2025\\\/02\\\/13\\\/paternalisme-arrogance-et-deux-poids-deux-mesures-un-rapport-du-senat-francais-etrille-la-politique-africaine-de-macron\\\/\",\"url\":\"https:\\\/\\\/lasentinelle.dz\\\/index.php\\\/2025\\\/02\\\/13\\\/paternalisme-arrogance-et-deux-poids-deux-mesures-un-rapport-du-senat-francais-etrille-la-politique-africaine-de-macron\\\/\",\"name\":\"Paternalisme, arrogance et deux poids, deux mesures: Un rapport du s\u00e9nat fran\u00e7ais \u00e9trille la politique africaine de Macron - La Sentinelle\",\"isPartOf\":{\"@id\":\"https:\\\/\\\/lasentinelle.dz\\\/#website\"},\"primaryImageOfPage\":{\"@id\":\"https:\\\/\\\/lasentinelle.dz\\\/index.php\\\/2025\\\/02\\\/13\\\/paternalisme-arrogance-et-deux-poids-deux-mesures-un-rapport-du-senat-francais-etrille-la-politique-africaine-de-macron\\\/#primaryimage\"},\"image\":{\"@id\":\"https:\\\/\\\/lasentinelle.dz\\\/index.php\\\/2025\\\/02\\\/13\\\/paternalisme-arrogance-et-deux-poids-deux-mesures-un-rapport-du-senat-francais-etrille-la-politique-africaine-de-macron\\\/#primaryimage\"},\"thumbnailUrl\":\"https:\\\/\\\/lasentinelle.dz\\\/wp-content\\\/uploads\\\/2025\\\/01\\\/Macronie.jpeg\",\"datePublished\":\"2025-02-13T12:50:16+00:00\",\"dateModified\":\"2025-02-16T12:51:09+00:00\",\"breadcrumb\":{\"@id\":\"https:\\\/\\\/lasentinelle.dz\\\/index.php\\\/2025\\\/02\\\/13\\\/paternalisme-arrogance-et-deux-poids-deux-mesures-un-rapport-du-senat-francais-etrille-la-politique-africaine-de-macron\\\/#breadcrumb\"},\"inLanguage\":\"fr-FR\",\"potentialAction\":[{\"@type\":\"ReadAction\",\"target\":[\"https:\\\/\\\/lasentinelle.dz\\\/index.php\\\/2025\\\/02\\\/13\\\/paternalisme-arrogance-et-deux-poids-deux-mesures-un-rapport-du-senat-francais-etrille-la-politique-africaine-de-macron\\\/\"]}]},{\"@type\":\"ImageObject\",\"inLanguage\":\"fr-FR\",\"@id\":\"https:\\\/\\\/lasentinelle.dz\\\/index.php\\\/2025\\\/02\\\/13\\\/paternalisme-arrogance-et-deux-poids-deux-mesures-un-rapport-du-senat-francais-etrille-la-politique-africaine-de-macron\\\/#primaryimage\",\"url\":\"https:\\\/\\\/lasentinelle.dz\\\/wp-content\\\/uploads\\\/2025\\\/01\\\/Macronie.jpeg\",\"contentUrl\":\"https:\\\/\\\/lasentinelle.dz\\\/wp-content\\\/uploads\\\/2025\\\/01\\\/Macronie.jpeg\",\"width\":1200,\"height\":630},{\"@type\":\"BreadcrumbList\",\"@id\":\"https:\\\/\\\/lasentinelle.dz\\\/index.php\\\/2025\\\/02\\\/13\\\/paternalisme-arrogance-et-deux-poids-deux-mesures-un-rapport-du-senat-francais-etrille-la-politique-africaine-de-macron\\\/#breadcrumb\",\"itemListElement\":[{\"@type\":\"ListItem\",\"position\":1,\"name\":\"Accueil\",\"item\":\"https:\\\/\\\/lasentinelle.dz\\\/\"},{\"@type\":\"ListItem\",\"position\":2,\"name\":\"Paternalisme, arrogance et deux poids, deux mesures: Un rapport du s\u00e9nat fran\u00e7ais \u00e9trille la politique africaine de Macron\"}]},{\"@type\":\"WebSite\",\"@id\":\"https:\\\/\\\/lasentinelle.dz\\\/#website\",\"url\":\"https:\\\/\\\/lasentinelle.dz\\\/\",\"name\":\"La Sentinelle\",\"description\":\"Quotidien national d&#039;information\",\"publisher\":{\"@id\":\"https:\\\/\\\/lasentinelle.dz\\\/#organization\"},\"potentialAction\":[{\"@type\":\"SearchAction\",\"target\":{\"@type\":\"EntryPoint\",\"urlTemplate\":\"https:\\\/\\\/lasentinelle.dz\\\/?s={search_term_string}\"},\"query-input\":{\"@type\":\"PropertyValueSpecification\",\"valueRequired\":true,\"valueName\":\"search_term_string\"}}],\"inLanguage\":\"fr-FR\"},{\"@type\":\"Organization\",\"@id\":\"https:\\\/\\\/lasentinelle.dz\\\/#organization\",\"name\":\"Quotidien La Sentinelle\",\"url\":\"https:\\\/\\\/lasentinelle.dz\\\/\",\"logo\":{\"@type\":\"ImageObject\",\"inLanguage\":\"fr-FR\",\"@id\":\"https:\\\/\\\/lasentinelle.dz\\\/#\\\/schema\\\/logo\\\/image\\\/\",\"url\":\"https:\\\/\\\/lasentinelle.dz\\\/wp-content\\\/uploads\\\/2021\\\/09\\\/logo-sentinelleSLOGAN-1.png\",\"contentUrl\":\"https:\\\/\\\/lasentinelle.dz\\\/wp-content\\\/uploads\\\/2021\\\/09\\\/logo-sentinelleSLOGAN-1.png\",\"width\":615,\"height\":142,\"caption\":\"Quotidien La Sentinelle\"},\"image\":{\"@id\":\"https:\\\/\\\/lasentinelle.dz\\\/#\\\/schema\\\/logo\\\/image\\\/\"},\"sameAs\":[\"https:\\\/\\\/www.facebook.com\\\/La-Sentinelle-104059864394773\"]},{\"@type\":\"Person\",\"@id\":\"https:\\\/\\\/lasentinelle.dz\\\/#\\\/schema\\\/person\\\/729ee0024f24e0b8c5ec17232f8e8b41\",\"name\":\"admin\",\"image\":{\"@type\":\"ImageObject\",\"inLanguage\":\"fr-FR\",\"@id\":\"https:\\\/\\\/secure.gravatar.com\\\/avatar\\\/4c81fed838786e9b53f540bf46533e750f5d292099ae3b66cfc6fb1982e29df7?s=96&d=mm&r=g\",\"url\":\"https:\\\/\\\/secure.gravatar.com\\\/avatar\\\/4c81fed838786e9b53f540bf46533e750f5d292099ae3b66cfc6fb1982e29df7?s=96&d=mm&r=g\",\"contentUrl\":\"https:\\\/\\\/secure.gravatar.com\\\/avatar\\\/4c81fed838786e9b53f540bf46533e750f5d292099ae3b66cfc6fb1982e29df7?s=96&d=mm&r=g\",\"caption\":\"admin\"},\"description\":\"admin\",\"url\":\"https:\\\/\\\/lasentinelle.dz\\\/author\\\/admin\\\/\"}]}<\/script>\n<!-- \/ Yoast SEO plugin. -->","yoast_head_json":{"title":"Paternalisme, arrogance et deux poids, deux mesures: Un rapport du s\u00e9nat fran\u00e7ais \u00e9trille la politique africaine de Macron - La Sentinelle","robots":{"index":"index","follow":"follow","max-snippet":"max-snippet:-1","max-image-preview":"max-image-preview:large","max-video-preview":"max-video-preview:-1"},"canonical":"https:\/\/lasentinelle.dz\/index.php\/2025\/02\/13\/paternalisme-arrogance-et-deux-poids-deux-mesures-un-rapport-du-senat-francais-etrille-la-politique-africaine-de-macron\/","og_locale":"fr_FR","og_type":"article","og_title":"Paternalisme, arrogance et deux poids, deux mesures: Un rapport du s\u00e9nat fran\u00e7ais \u00e9trille la politique africaine de Macron - La Sentinelle","og_description":"Le dernier rapport du S\u00e9nat fran\u00e7ais vient confirmer ce que les nations africaines, et particuli\u00e8rement l&rsquo;Alg\u00e9rie, observent depuis des ann\u00e9es","og_url":"https:\/\/lasentinelle.dz\/index.php\/2025\/02\/13\/paternalisme-arrogance-et-deux-poids-deux-mesures-un-rapport-du-senat-francais-etrille-la-politique-africaine-de-macron\/","og_site_name":"La Sentinelle","article_publisher":"https:\/\/www.facebook.com\/La-Sentinelle-104059864394773","article_published_time":"2025-02-13T12:50:16+00:00","article_modified_time":"2025-02-16T12:51:09+00:00","og_image":[{"width":1200,"height":630,"url":"https:\/\/lasentinelle.dz\/wp-content\/uploads\/2025\/01\/Macronie.jpeg","type":"image\/jpeg"}],"author":"admin","twitter_card":"summary_large_image","twitter_misc":{"\u00c9crit par":"admin","Dur\u00e9e de lecture estim\u00e9e":"3 minutes"},"schema":{"@context":"https:\/\/schema.org","@graph":[{"@type":"Article","@id":"https:\/\/lasentinelle.dz\/index.php\/2025\/02\/13\/paternalisme-arrogance-et-deux-poids-deux-mesures-un-rapport-du-senat-francais-etrille-la-politique-africaine-de-macron\/#article","isPartOf":{"@id":"https:\/\/lasentinelle.dz\/index.php\/2025\/02\/13\/paternalisme-arrogance-et-deux-poids-deux-mesures-un-rapport-du-senat-francais-etrille-la-politique-africaine-de-macron\/"},"author":{"name":"admin","@id":"https:\/\/lasentinelle.dz\/#\/schema\/person\/729ee0024f24e0b8c5ec17232f8e8b41"},"headline":"Paternalisme, arrogance et deux poids, deux mesures: Un rapport du s\u00e9nat fran\u00e7ais \u00e9trille la politique africaine de Macron","datePublished":"2025-02-13T12:50:16+00:00","dateModified":"2025-02-16T12:51:09+00:00","mainEntityOfPage":{"@id":"https:\/\/lasentinelle.dz\/index.php\/2025\/02\/13\/paternalisme-arrogance-et-deux-poids-deux-mesures-un-rapport-du-senat-francais-etrille-la-politique-africaine-de-macron\/"},"wordCount":563,"commentCount":0,"publisher":{"@id":"https:\/\/lasentinelle.dz\/#organization"},"image":{"@id":"https:\/\/lasentinelle.dz\/index.php\/2025\/02\/13\/paternalisme-arrogance-et-deux-poids-deux-mesures-un-rapport-du-senat-francais-etrille-la-politique-africaine-de-macron\/#primaryimage"},"thumbnailUrl":"https:\/\/lasentinelle.dz\/wp-content\/uploads\/2025\/01\/Macronie.jpeg","articleSection":["Actualit\u00e9"],"inLanguage":"fr-FR","potentialAction":[{"@type":"CommentAction","name":"Comment","target":["https:\/\/lasentinelle.dz\/index.php\/2025\/02\/13\/paternalisme-arrogance-et-deux-poids-deux-mesures-un-rapport-du-senat-francais-etrille-la-politique-africaine-de-macron\/#respond"]}]},{"@type":"WebPage","@id":"https:\/\/lasentinelle.dz\/index.php\/2025\/02\/13\/paternalisme-arrogance-et-deux-poids-deux-mesures-un-rapport-du-senat-francais-etrille-la-politique-africaine-de-macron\/","url":"https:\/\/lasentinelle.dz\/index.php\/2025\/02\/13\/paternalisme-arrogance-et-deux-poids-deux-mesures-un-rapport-du-senat-francais-etrille-la-politique-africaine-de-macron\/","name":"Paternalisme, arrogance et deux poids, deux mesures: Un rapport du s\u00e9nat fran\u00e7ais \u00e9trille la politique africaine de Macron - La Sentinelle","isPartOf":{"@id":"https:\/\/lasentinelle.dz\/#website"},"primaryImageOfPage":{"@id":"https:\/\/lasentinelle.dz\/index.php\/2025\/02\/13\/paternalisme-arrogance-et-deux-poids-deux-mesures-un-rapport-du-senat-francais-etrille-la-politique-africaine-de-macron\/#primaryimage"},"image":{"@id":"https:\/\/lasentinelle.dz\/index.php\/2025\/02\/13\/paternalisme-arrogance-et-deux-poids-deux-mesures-un-rapport-du-senat-francais-etrille-la-politique-africaine-de-macron\/#primaryimage"},"thumbnailUrl":"https:\/\/lasentinelle.dz\/wp-content\/uploads\/2025\/01\/Macronie.jpeg","datePublished":"2025-02-13T12:50:16+00:00","dateModified":"2025-02-16T12:51:09+00:00","breadcrumb":{"@id":"https:\/\/lasentinelle.dz\/index.php\/2025\/02\/13\/paternalisme-arrogance-et-deux-poids-deux-mesures-un-rapport-du-senat-francais-etrille-la-politique-africaine-de-macron\/#breadcrumb"},"inLanguage":"fr-FR","potentialAction":[{"@type":"ReadAction","target":["https:\/\/lasentinelle.dz\/index.php\/2025\/02\/13\/paternalisme-arrogance-et-deux-poids-deux-mesures-un-rapport-du-senat-francais-etrille-la-politique-africaine-de-macron\/"]}]},{"@type":"ImageObject","inLanguage":"fr-FR","@id":"https:\/\/lasentinelle.dz\/index.php\/2025\/02\/13\/paternalisme-arrogance-et-deux-poids-deux-mesures-un-rapport-du-senat-francais-etrille-la-politique-africaine-de-macron\/#primaryimage","url":"https:\/\/lasentinelle.dz\/wp-content\/uploads\/2025\/01\/Macronie.jpeg","contentUrl":"https:\/\/lasentinelle.dz\/wp-content\/uploads\/2025\/01\/Macronie.jpeg","width":1200,"height":630},{"@type":"BreadcrumbList","@id":"https:\/\/lasentinelle.dz\/index.php\/2025\/02\/13\/paternalisme-arrogance-et-deux-poids-deux-mesures-un-rapport-du-senat-francais-etrille-la-politique-africaine-de-macron\/#breadcrumb","itemListElement":[{"@type":"ListItem","position":1,"name":"Accueil","item":"https:\/\/lasentinelle.dz\/"},{"@type":"ListItem","position":2,"name":"Paternalisme, arrogance et deux poids, deux mesures: Un rapport du s\u00e9nat fran\u00e7ais \u00e9trille la politique africaine de Macron"}]},{"@type":"WebSite","@id":"https:\/\/lasentinelle.dz\/#website","url":"https:\/\/lasentinelle.dz\/","name":"La Sentinelle","description":"Quotidien national d&#039;information","publisher":{"@id":"https:\/\/lasentinelle.dz\/#organization"},"potentialAction":[{"@type":"SearchAction","target":{"@type":"EntryPoint","urlTemplate":"https:\/\/lasentinelle.dz\/?s={search_term_string}"},"query-input":{"@type":"PropertyValueSpecification","valueRequired":true,"valueName":"search_term_string"}}],"inLanguage":"fr-FR"},{"@type":"Organization","@id":"https:\/\/lasentinelle.dz\/#organization","name":"Quotidien La Sentinelle","url":"https:\/\/lasentinelle.dz\/","logo":{"@type":"ImageObject","inLanguage":"fr-FR","@id":"https:\/\/lasentinelle.dz\/#\/schema\/logo\/image\/","url":"https:\/\/lasentinelle.dz\/wp-content\/uploads\/2021\/09\/logo-sentinelleSLOGAN-1.png","contentUrl":"https:\/\/lasentinelle.dz\/wp-content\/uploads\/2021\/09\/logo-sentinelleSLOGAN-1.png","width":615,"height":142,"caption":"Quotidien La Sentinelle"},"image":{"@id":"https:\/\/lasentinelle.dz\/#\/schema\/logo\/image\/"},"sameAs":["https:\/\/www.facebook.com\/La-Sentinelle-104059864394773"]},{"@type":"Person","@id":"https:\/\/lasentinelle.dz\/#\/schema\/person\/729ee0024f24e0b8c5ec17232f8e8b41","name":"admin","image":{"@type":"ImageObject","inLanguage":"fr-FR","@id":"https:\/\/secure.gravatar.com\/avatar\/4c81fed838786e9b53f540bf46533e750f5d292099ae3b66cfc6fb1982e29df7?s=96&d=mm&r=g","url":"https:\/\/secure.gravatar.com\/avatar\/4c81fed838786e9b53f540bf46533e750f5d292099ae3b66cfc6fb1982e29df7?s=96&d=mm&r=g","contentUrl":"https:\/\/secure.gravatar.com\/avatar\/4c81fed838786e9b53f540bf46533e750f5d292099ae3b66cfc6fb1982e29df7?s=96&d=mm&r=g","caption":"admin"},"description":"admin","url":"https:\/\/lasentinelle.dz\/author\/admin\/"}]}},"_links":{"self":[{"href":"https:\/\/lasentinelle.dz\/index.php\/wp-json\/wp\/v2\/posts\/63076","targetHints":{"allow":["GET"]}}],"collection":[{"href":"https:\/\/lasentinelle.dz\/index.php\/wp-json\/wp\/v2\/posts"}],"about":[{"href":"https:\/\/lasentinelle.dz\/index.php\/wp-json\/wp\/v2\/types\/post"}],"author":[{"embeddable":true,"href":"https:\/\/lasentinelle.dz\/index.php\/wp-json\/wp\/v2\/users\/6"}],"replies":[{"embeddable":true,"href":"https:\/\/lasentinelle.dz\/index.php\/wp-json\/wp\/v2\/comments?post=63076"}],"version-history":[{"count":1,"href":"https:\/\/lasentinelle.dz\/index.php\/wp-json\/wp\/v2\/posts\/63076\/revisions"}],"predecessor-version":[{"id":63077,"href":"https:\/\/lasentinelle.dz\/index.php\/wp-json\/wp\/v2\/posts\/63076\/revisions\/63077"}],"wp:featuredmedia":[{"embeddable":true,"href":"https:\/\/lasentinelle.dz\/index.php\/wp-json\/wp\/v2\/media\/61691"}],"wp:attachment":[{"href":"https:\/\/lasentinelle.dz\/index.php\/wp-json\/wp\/v2\/media?parent=63076"}],"wp:term":[{"taxonomy":"category","embeddable":true,"href":"https:\/\/lasentinelle.dz\/index.php\/wp-json\/wp\/v2\/categories?post=63076"},{"taxonomy":"post_tag","embeddable":true,"href":"https:\/\/lasentinelle.dz\/index.php\/wp-json\/wp\/v2\/tags?post=63076"}],"curies":[{"name":"wp","href":"https:\/\/api.w.org\/{rel}","templated":true}]}}