{"id":63117,"date":"2025-02-17T11:06:58","date_gmt":"2025-02-17T10:06:58","guid":{"rendered":"https:\/\/lasentinelle.dz\/?p=63117"},"modified":"2025-02-17T11:06:59","modified_gmt":"2025-02-17T10:06:59","slug":"avec-un-double-eblouissant-gouiri-enflamme-deja-marseille","status":"publish","type":"post","link":"https:\/\/lasentinelle.dz\/index.php\/2025\/02\/17\/avec-un-double-eblouissant-gouiri-enflamme-deja-marseille\/","title":{"rendered":"Avec un doubl\u00e9 \u00e9blouissant : Gouiri enflamme d\u00e9j\u00e0 Marseille"},"content":{"rendered":"\n<p>L&rsquo;histoire d&rsquo;amour entre Amine Gouiri et l&rsquo;Olympique de Marseille ne pouvait pas mieux commencer. Arriv\u00e9 cet hiver en provenance du Stade Rennais, l&rsquo;international alg\u00e9rien a illumin\u00e9 le V\u00e9lodrome samedi soir en signant un doubl\u00e9 retentissant lors de la large victoire des Phoc\u00e9ens face \u00e0 Saint-\u00c9tienne (5-1). Une performance majuscule qui confirme l&rsquo;impact imm\u00e9diat de la recrue hivernale dans le collectif marseillais et qui ravit d\u00e9j\u00e0 les supporters comme le staff technique.<\/p>\n\n\n\n<p>D\u00e8s les premi\u00e8res minutes de la rencontre, Gouiri a montr\u00e9 l&rsquo;\u00e9tendue de son talent en fr\u00f4lant l&rsquo;ouverture du score \u00e0 la 7e minute avec un centre enroul\u00e9 qui a failli surprendre Larsonneur. Mais ce n&rsquo;\u00e9tait que partie remise pour l&rsquo;ancien Lyonnais qui, \u00e0 la 27e minute, a d\u00e9bloqu\u00e9 le compteur d&rsquo;une frappe enroul\u00e9e magistrale qui s&rsquo;est log\u00e9e dans la lucarne oppos\u00e9e du portier st\u00e9phanois. Une r\u00e9alisation de grande classe qui a fait exploser le V\u00e9lodrome et donn\u00e9 le ton d&rsquo;une soir\u00e9e parfaite pour le num\u00e9ro 9 marseillais. Insatiable, l&rsquo;attaquant alg\u00e9rien ne s&rsquo;est pas arr\u00eat\u00e9 l\u00e0. Apr\u00e8s avoir provoqu\u00e9 le penalty transform\u00e9 par Greenwood (51e) et particip\u00e9 au troisi\u00e8me but marseillais inscrit par Murillo (58e), Gouiri a parachev\u00e9 son \u0153uvre \u00e0 l&rsquo;heure de jeu d&rsquo;un piqu\u00e9 d\u00e9licat pour s&rsquo;offrir son premier doubl\u00e9 sous ses nouvelles couleurs. Une action initi\u00e9e par son compatriote Isma\u00ebl Bennacer, lui aussi arriv\u00e9 lors du mercato d&rsquo;hiver et d\u00e9j\u00e0 parfaitement int\u00e9gr\u00e9 dans l&rsquo;entrejeu phoc\u00e9en. Le festival offensif s&rsquo;est poursuivi avec le but de Rabiot (77e), encore une fois servi par un Gouiri omnipr\u00e9sent, avant que Stassin ne sauve l&rsquo;honneur pour les Verts (79e).<\/p>\n\n\n\n<p>\u00c9lu homme du match et cr\u00e9dit\u00e9 d&rsquo;un 9\/10 Foot Mercato, l&rsquo;Alg\u00e9rien a finalement c\u00e9d\u00e9 sa place \u00e0 la 81e minute, sous une ovation m\u00e9rit\u00e9e du public marseillais, conquis par la prestation XXL de sa nouvelle idole. Cette performance vient confirmer les d\u00e9buts prometteurs de Gouiri sous le maillot olympien, lui qui avait d\u00e9j\u00e0 d\u00e9livr\u00e9 trois passes d\u00e9cisives lors de ses deux premi\u00e8res apparitions.<\/p>\n\n\n\n<p>Pour son bapt\u00eame du feu au V\u00e9lodrome contre son club formateur, l&rsquo;Olympique Lyonnais, il n&rsquo;avait eu besoin que de trois petites minutes pour se mettre en \u00e9vidence en offrant une passe d\u00e9cisive \u00e0 Mason Greenwood, permettant \u00e0 l&rsquo;OM d&rsquo;\u00e9galiser avant de l&#8217;emporter (3-2). La semaine suivante, titularis\u00e9 face \u00e0 Angers (0-2), il avait encore r\u00e9gal\u00e9 avec deux nouvelles offrandes pour ses partenaires. Un d\u00e9but de parcours remarquable qui n&rsquo;a fait que confirmer les attentes plac\u00e9es en lui par Roberto De Zerbi.<\/p>\n\n\n\n<p>\u00ab\u00a0Un 9 unique\u00a0\u00bb<\/p>\n\n\n\n<p>L&rsquo;entra\u00eeneur italien ne tarit d&rsquo;ailleurs pas d&rsquo;\u00e9loges sur son nouvel attaquant : \u00ab J&rsquo;aime beaucoup ce joueur, il a de grandes qualit\u00e9s et on le savait. C&rsquo;est un 9 unique, qui propose quelque chose de diff\u00e9rent, son profil sera tr\u00e8s important pour l&rsquo;OM \u00e0 l&rsquo;avenir \u00bb, avait-il d\u00e9clar\u00e9 au micro de DAZN apr\u00e8s ses premi\u00e8res prestations. Des propos qu&rsquo;il a r\u00e9it\u00e9r\u00e9s apr\u00e8s la d\u00e9monstration face aux St\u00e9phanois : \u00ab Gouiri est un joueur tr\u00e8s fort. Il doit penser ce que c&rsquo;est un vrai num\u00e9ro 9. J&rsquo;en ai parl\u00e9 avec lui, il faut qu&rsquo;il se sp\u00e9cialise dans ce r\u00f4le. Il doit savoir o\u00f9 se trouve toujours le but et avoir cette conclusion parfaite. Quand il r\u00e9ussira \u00e0 am\u00e9liorer ces aspects, il sera un joueur de premier niveau europ\u00e9en parce que c&rsquo;est d\u00e9j\u00e0 quelqu&rsquo;un de fondamental pour l&rsquo;\u00e9quipe. \u00bb<\/p>\n\n\n\n<p>De Zerbi s&rsquo;est \u00e9galement f\u00e9licit\u00e9 du mercato hivernal r\u00e9alis\u00e9 par ses dirigeants : \u00ab On s&rsquo;est am\u00e9lior\u00e9 sur tous les niveaux, sur les performances des joueurs. Benatia et Longoria ont fait un super travail sur le recrutement, avec quatre joueurs tr\u00e8s importants pour nous \u00bb, a-t-il confi\u00e9 au micro de BeIN Sports apr\u00e8s la rencontre. Un sentiment partag\u00e9 par Pierre-Emile H\u00f8jbjerg, impressionn\u00e9 par la dimension collective de cette \u00e9quipe marseillaise revigor\u00e9e : \u00ab Franchement je l&rsquo;ai dit \u00e0 Adri (Rabiot, ndlr), c&rsquo;est LE moment de l&rsquo;ann\u00e9e, sans mettre les choses trop hautes, notre match aujourd&rsquo;hui est tellement complet et tellement ma\u00eetris\u00e9, notre 2e et 3e but je crois c&rsquo;\u00e9tait\u2026 non je me suis encore vraiment amus\u00e9 aujourd&rsquo;hui. Quand tu t&rsquo;amuses comme \u00e7a, tu veux tout d\u00e9chirer pour l&rsquo;\u00e9quipe, tu veux aller de l&rsquo;avant, j&rsquo;ai voulu aussi marquer pour l&rsquo;\u00e9quipe. Apr\u00e8s deux passes d\u00e9cisives, c&rsquo;est pas mal. \u00bb<\/p>\n\n\n\n<p>Le principal int\u00e9ress\u00e9 savoure lui aussi ces d\u00e9buts tonitruants, tout en gardant les pieds sur terre : \u00ab J&rsquo;essaie de faire de mon mieux. J&rsquo;aurais pu marquer plus de buts, faire plus de passes d\u00e9cisives. Je suis tr\u00e8s content de ma performance, d&rsquo;avoir marqu\u00e9 mes premiers buts avec Marseille \u00e0 la maison. On a pris du plaisir. Le coach nous montre des sch\u00e9mas \u00e0 l&rsquo;entra\u00eenement pendant la semaine. Il nous laisse un peu libre dans les 30 derniers m\u00e8tres pour faire parler notre instinct et notre talent. Ce sont de bons d\u00e9buts. J&rsquo;ai \u00e9t\u00e9 tr\u00e8s bien accueilli \u00bb, a d\u00e9clar\u00e9 Gouiri en zone mixte apr\u00e8s le match. L&rsquo;arriv\u00e9e simultan\u00e9e de Gouiri et Bennacer s&rsquo;inscrit dans une strat\u00e9gie plus large de l&rsquo;OM.<\/p>\n\n\n\n<p>Moncef Dahleb<\/p>\n","protected":false},"excerpt":{"rendered":"<p>L&rsquo;histoire d&rsquo;amour entre Amine Gouiri et l&rsquo;Olympique de Marseille ne pouvait pas mieux commencer. Arriv\u00e9 cet hiver en provenance du<\/p>\n","protected":false},"author":6,"featured_media":63118,"comment_status":"open","ping_status":"closed","sticky":false,"template":"","format":"standard","meta":{"colormag_page_container_layout":"default_layout","colormag_page_sidebar_layout":"default_layout","om_disable_all_campaigns":false,"_monsterinsights_skip_tracking":false,"_monsterinsights_sitenote_active":false,"_monsterinsights_sitenote_note":"","_monsterinsights_sitenote_category":0,"footnotes":"","_wpscppro_dont_share_socialmedia":false,"_wpscppro_custom_social_share_image":0,"_facebook_share_type":"default","_twitter_share_type":"default","_linkedin_share_type":"default","_pinterest_share_type":"default","_linkedin_share_type_page":"","_instagram_share_type":"default","_medium_share_type":"default","_threads_share_type":"","_google_business_share_type":"","_selected_social_profile":[],"_wpsp_enable_custom_social_template":false,"_wpsp_social_scheduling":{"enabled":false,"datetime":null,"platforms":[],"status":"template_only","dateOption":"today","timeOption":"now","customDays":"","customHours":"","customDate":"","customTime":"","schedulingType":"absolute"},"_wpsp_active_default_template":true},"categories":[52,33],"tags":[],"class_list":["post-63117","post","type-post","status-publish","format-standard","has-post-thumbnail","hentry","category-a-la-une","category-sports"],"aioseo_notices":[],"yoast_head":"<!-- This site is optimized with the Yoast SEO plugin v27.5 - https:\/\/yoast.com\/product\/yoast-seo-wordpress\/ -->\n<title>Avec un doubl\u00e9 \u00e9blouissant : Gouiri enflamme d\u00e9j\u00e0 Marseille - La Sentinelle<\/title>\n<meta name=\"robots\" content=\"index, follow, max-snippet:-1, max-image-preview:large, max-video-preview:-1\" \/>\n<link rel=\"canonical\" href=\"https:\/\/lasentinelle.dz\/index.php\/2025\/02\/17\/avec-un-double-eblouissant-gouiri-enflamme-deja-marseille\/\" \/>\n<meta property=\"og:locale\" content=\"fr_FR\" \/>\n<meta property=\"og:type\" content=\"article\" \/>\n<meta property=\"og:title\" content=\"Avec un doubl\u00e9 \u00e9blouissant : Gouiri enflamme d\u00e9j\u00e0 Marseille - La Sentinelle\" \/>\n<meta property=\"og:description\" content=\"L&rsquo;histoire d&rsquo;amour entre Amine Gouiri et l&rsquo;Olympique de Marseille ne pouvait pas mieux commencer. Arriv\u00e9 cet hiver en provenance du\" \/>\n<meta property=\"og:url\" content=\"https:\/\/lasentinelle.dz\/index.php\/2025\/02\/17\/avec-un-double-eblouissant-gouiri-enflamme-deja-marseille\/\" \/>\n<meta property=\"og:site_name\" content=\"La Sentinelle\" \/>\n<meta property=\"article:publisher\" content=\"https:\/\/www.facebook.com\/La-Sentinelle-104059864394773\" \/>\n<meta property=\"article:published_time\" content=\"2025-02-17T10:06:58+00:00\" \/>\n<meta property=\"article:modified_time\" content=\"2025-02-17T10:06:59+00:00\" \/>\n<meta property=\"og:image\" content=\"https:\/\/lasentinelle.dz\/wp-content\/uploads\/2025\/02\/Gouiri.jpg\" \/>\n\t<meta property=\"og:image:width\" content=\"932\" \/>\n\t<meta property=\"og:image:height\" content=\"582\" \/>\n\t<meta property=\"og:image:type\" content=\"image\/jpeg\" \/>\n<meta name=\"author\" content=\"admin\" \/>\n<meta name=\"twitter:card\" content=\"summary_large_image\" \/>\n<meta name=\"twitter:label1\" content=\"\u00c9crit par\" \/>\n\t<meta name=\"twitter:data1\" content=\"admin\" \/>\n\t<meta name=\"twitter:label2\" content=\"Dur\u00e9e de lecture estim\u00e9e\" \/>\n\t<meta name=\"twitter:data2\" content=\"5 minutes\" \/>\n<script type=\"application\/ld+json\" class=\"yoast-schema-graph\">{\"@context\":\"https:\\\/\\\/schema.org\",\"@graph\":[{\"@type\":\"Article\",\"@id\":\"https:\\\/\\\/lasentinelle.dz\\\/index.php\\\/2025\\\/02\\\/17\\\/avec-un-double-eblouissant-gouiri-enflamme-deja-marseille\\\/#article\",\"isPartOf\":{\"@id\":\"https:\\\/\\\/lasentinelle.dz\\\/index.php\\\/2025\\\/02\\\/17\\\/avec-un-double-eblouissant-gouiri-enflamme-deja-marseille\\\/\"},\"author\":{\"name\":\"admin\",\"@id\":\"https:\\\/\\\/lasentinelle.dz\\\/#\\\/schema\\\/person\\\/729ee0024f24e0b8c5ec17232f8e8b41\"},\"headline\":\"Avec un doubl\u00e9 \u00e9blouissant : Gouiri enflamme d\u00e9j\u00e0 Marseille\",\"datePublished\":\"2025-02-17T10:06:58+00:00\",\"dateModified\":\"2025-02-17T10:06:59+00:00\",\"mainEntityOfPage\":{\"@id\":\"https:\\\/\\\/lasentinelle.dz\\\/index.php\\\/2025\\\/02\\\/17\\\/avec-un-double-eblouissant-gouiri-enflamme-deja-marseille\\\/\"},\"wordCount\":943,\"commentCount\":0,\"publisher\":{\"@id\":\"https:\\\/\\\/lasentinelle.dz\\\/#organization\"},\"image\":{\"@id\":\"https:\\\/\\\/lasentinelle.dz\\\/index.php\\\/2025\\\/02\\\/17\\\/avec-un-double-eblouissant-gouiri-enflamme-deja-marseille\\\/#primaryimage\"},\"thumbnailUrl\":\"https:\\\/\\\/lasentinelle.dz\\\/wp-content\\\/uploads\\\/2025\\\/02\\\/Gouiri.jpg\",\"articleSection\":[\"\u00c0 la Une\",\"Sports\"],\"inLanguage\":\"fr-FR\",\"potentialAction\":[{\"@type\":\"CommentAction\",\"name\":\"Comment\",\"target\":[\"https:\\\/\\\/lasentinelle.dz\\\/index.php\\\/2025\\\/02\\\/17\\\/avec-un-double-eblouissant-gouiri-enflamme-deja-marseille\\\/#respond\"]}]},{\"@type\":\"WebPage\",\"@id\":\"https:\\\/\\\/lasentinelle.dz\\\/index.php\\\/2025\\\/02\\\/17\\\/avec-un-double-eblouissant-gouiri-enflamme-deja-marseille\\\/\",\"url\":\"https:\\\/\\\/lasentinelle.dz\\\/index.php\\\/2025\\\/02\\\/17\\\/avec-un-double-eblouissant-gouiri-enflamme-deja-marseille\\\/\",\"name\":\"Avec un doubl\u00e9 \u00e9blouissant : Gouiri enflamme d\u00e9j\u00e0 Marseille - La Sentinelle\",\"isPartOf\":{\"@id\":\"https:\\\/\\\/lasentinelle.dz\\\/#website\"},\"primaryImageOfPage\":{\"@id\":\"https:\\\/\\\/lasentinelle.dz\\\/index.php\\\/2025\\\/02\\\/17\\\/avec-un-double-eblouissant-gouiri-enflamme-deja-marseille\\\/#primaryimage\"},\"image\":{\"@id\":\"https:\\\/\\\/lasentinelle.dz\\\/index.php\\\/2025\\\/02\\\/17\\\/avec-un-double-eblouissant-gouiri-enflamme-deja-marseille\\\/#primaryimage\"},\"thumbnailUrl\":\"https:\\\/\\\/lasentinelle.dz\\\/wp-content\\\/uploads\\\/2025\\\/02\\\/Gouiri.jpg\",\"datePublished\":\"2025-02-17T10:06:58+00:00\",\"dateModified\":\"2025-02-17T10:06:59+00:00\",\"breadcrumb\":{\"@id\":\"https:\\\/\\\/lasentinelle.dz\\\/index.php\\\/2025\\\/02\\\/17\\\/avec-un-double-eblouissant-gouiri-enflamme-deja-marseille\\\/#breadcrumb\"},\"inLanguage\":\"fr-FR\",\"potentialAction\":[{\"@type\":\"ReadAction\",\"target\":[\"https:\\\/\\\/lasentinelle.dz\\\/index.php\\\/2025\\\/02\\\/17\\\/avec-un-double-eblouissant-gouiri-enflamme-deja-marseille\\\/\"]}]},{\"@type\":\"ImageObject\",\"inLanguage\":\"fr-FR\",\"@id\":\"https:\\\/\\\/lasentinelle.dz\\\/index.php\\\/2025\\\/02\\\/17\\\/avec-un-double-eblouissant-gouiri-enflamme-deja-marseille\\\/#primaryimage\",\"url\":\"https:\\\/\\\/lasentinelle.dz\\\/wp-content\\\/uploads\\\/2025\\\/02\\\/Gouiri.jpg\",\"contentUrl\":\"https:\\\/\\\/lasentinelle.dz\\\/wp-content\\\/uploads\\\/2025\\\/02\\\/Gouiri.jpg\",\"width\":932,\"height\":582,\"caption\":\"09 Amine GOUIRI (om) during the Ligue 1 match between Marseille and Saint-Etienne at Orange Velodrome on February 15, 2025 in Marseille, France. (Photo by Dave Winter\\\/FEP\\\/Icon Sport)\"},{\"@type\":\"BreadcrumbList\",\"@id\":\"https:\\\/\\\/lasentinelle.dz\\\/index.php\\\/2025\\\/02\\\/17\\\/avec-un-double-eblouissant-gouiri-enflamme-deja-marseille\\\/#breadcrumb\",\"itemListElement\":[{\"@type\":\"ListItem\",\"position\":1,\"name\":\"Accueil\",\"item\":\"https:\\\/\\\/lasentinelle.dz\\\/\"},{\"@type\":\"ListItem\",\"position\":2,\"name\":\"Avec un doubl\u00e9 \u00e9blouissant : Gouiri enflamme d\u00e9j\u00e0 Marseille\"}]},{\"@type\":\"WebSite\",\"@id\":\"https:\\\/\\\/lasentinelle.dz\\\/#website\",\"url\":\"https:\\\/\\\/lasentinelle.dz\\\/\",\"name\":\"La Sentinelle\",\"description\":\"Quotidien national d&#039;information\",\"publisher\":{\"@id\":\"https:\\\/\\\/lasentinelle.dz\\\/#organization\"},\"potentialAction\":[{\"@type\":\"SearchAction\",\"target\":{\"@type\":\"EntryPoint\",\"urlTemplate\":\"https:\\\/\\\/lasentinelle.dz\\\/?s={search_term_string}\"},\"query-input\":{\"@type\":\"PropertyValueSpecification\",\"valueRequired\":true,\"valueName\":\"search_term_string\"}}],\"inLanguage\":\"fr-FR\"},{\"@type\":\"Organization\",\"@id\":\"https:\\\/\\\/lasentinelle.dz\\\/#organization\",\"name\":\"Quotidien La Sentinelle\",\"url\":\"https:\\\/\\\/lasentinelle.dz\\\/\",\"logo\":{\"@type\":\"ImageObject\",\"inLanguage\":\"fr-FR\",\"@id\":\"https:\\\/\\\/lasentinelle.dz\\\/#\\\/schema\\\/logo\\\/image\\\/\",\"url\":\"https:\\\/\\\/lasentinelle.dz\\\/wp-content\\\/uploads\\\/2021\\\/09\\\/logo-sentinelleSLOGAN-1.png\",\"contentUrl\":\"https:\\\/\\\/lasentinelle.dz\\\/wp-content\\\/uploads\\\/2021\\\/09\\\/logo-sentinelleSLOGAN-1.png\",\"width\":615,\"height\":142,\"caption\":\"Quotidien La Sentinelle\"},\"image\":{\"@id\":\"https:\\\/\\\/lasentinelle.dz\\\/#\\\/schema\\\/logo\\\/image\\\/\"},\"sameAs\":[\"https:\\\/\\\/www.facebook.com\\\/La-Sentinelle-104059864394773\"]},{\"@type\":\"Person\",\"@id\":\"https:\\\/\\\/lasentinelle.dz\\\/#\\\/schema\\\/person\\\/729ee0024f24e0b8c5ec17232f8e8b41\",\"name\":\"admin\",\"image\":{\"@type\":\"ImageObject\",\"inLanguage\":\"fr-FR\",\"@id\":\"https:\\\/\\\/secure.gravatar.com\\\/avatar\\\/4c81fed838786e9b53f540bf46533e750f5d292099ae3b66cfc6fb1982e29df7?s=96&d=mm&r=g\",\"url\":\"https:\\\/\\\/secure.gravatar.com\\\/avatar\\\/4c81fed838786e9b53f540bf46533e750f5d292099ae3b66cfc6fb1982e29df7?s=96&d=mm&r=g\",\"contentUrl\":\"https:\\\/\\\/secure.gravatar.com\\\/avatar\\\/4c81fed838786e9b53f540bf46533e750f5d292099ae3b66cfc6fb1982e29df7?s=96&d=mm&r=g\",\"caption\":\"admin\"},\"description\":\"admin\",\"url\":\"https:\\\/\\\/lasentinelle.dz\\\/author\\\/admin\\\/\"}]}<\/script>\n<!-- \/ Yoast SEO plugin. -->","yoast_head_json":{"title":"Avec un doubl\u00e9 \u00e9blouissant : Gouiri enflamme d\u00e9j\u00e0 Marseille - La Sentinelle","robots":{"index":"index","follow":"follow","max-snippet":"max-snippet:-1","max-image-preview":"max-image-preview:large","max-video-preview":"max-video-preview:-1"},"canonical":"https:\/\/lasentinelle.dz\/index.php\/2025\/02\/17\/avec-un-double-eblouissant-gouiri-enflamme-deja-marseille\/","og_locale":"fr_FR","og_type":"article","og_title":"Avec un doubl\u00e9 \u00e9blouissant : Gouiri enflamme d\u00e9j\u00e0 Marseille - La Sentinelle","og_description":"L&rsquo;histoire d&rsquo;amour entre Amine Gouiri et l&rsquo;Olympique de Marseille ne pouvait pas mieux commencer. Arriv\u00e9 cet hiver en provenance du","og_url":"https:\/\/lasentinelle.dz\/index.php\/2025\/02\/17\/avec-un-double-eblouissant-gouiri-enflamme-deja-marseille\/","og_site_name":"La Sentinelle","article_publisher":"https:\/\/www.facebook.com\/La-Sentinelle-104059864394773","article_published_time":"2025-02-17T10:06:58+00:00","article_modified_time":"2025-02-17T10:06:59+00:00","og_image":[{"width":932,"height":582,"url":"https:\/\/lasentinelle.dz\/wp-content\/uploads\/2025\/02\/Gouiri.jpg","type":"image\/jpeg"}],"author":"admin","twitter_card":"summary_large_image","twitter_misc":{"\u00c9crit par":"admin","Dur\u00e9e de lecture estim\u00e9e":"5 minutes"},"schema":{"@context":"https:\/\/schema.org","@graph":[{"@type":"Article","@id":"https:\/\/lasentinelle.dz\/index.php\/2025\/02\/17\/avec-un-double-eblouissant-gouiri-enflamme-deja-marseille\/#article","isPartOf":{"@id":"https:\/\/lasentinelle.dz\/index.php\/2025\/02\/17\/avec-un-double-eblouissant-gouiri-enflamme-deja-marseille\/"},"author":{"name":"admin","@id":"https:\/\/lasentinelle.dz\/#\/schema\/person\/729ee0024f24e0b8c5ec17232f8e8b41"},"headline":"Avec un doubl\u00e9 \u00e9blouissant : Gouiri enflamme d\u00e9j\u00e0 Marseille","datePublished":"2025-02-17T10:06:58+00:00","dateModified":"2025-02-17T10:06:59+00:00","mainEntityOfPage":{"@id":"https:\/\/lasentinelle.dz\/index.php\/2025\/02\/17\/avec-un-double-eblouissant-gouiri-enflamme-deja-marseille\/"},"wordCount":943,"commentCount":0,"publisher":{"@id":"https:\/\/lasentinelle.dz\/#organization"},"image":{"@id":"https:\/\/lasentinelle.dz\/index.php\/2025\/02\/17\/avec-un-double-eblouissant-gouiri-enflamme-deja-marseille\/#primaryimage"},"thumbnailUrl":"https:\/\/lasentinelle.dz\/wp-content\/uploads\/2025\/02\/Gouiri.jpg","articleSection":["\u00c0 la Une","Sports"],"inLanguage":"fr-FR","potentialAction":[{"@type":"CommentAction","name":"Comment","target":["https:\/\/lasentinelle.dz\/index.php\/2025\/02\/17\/avec-un-double-eblouissant-gouiri-enflamme-deja-marseille\/#respond"]}]},{"@type":"WebPage","@id":"https:\/\/lasentinelle.dz\/index.php\/2025\/02\/17\/avec-un-double-eblouissant-gouiri-enflamme-deja-marseille\/","url":"https:\/\/lasentinelle.dz\/index.php\/2025\/02\/17\/avec-un-double-eblouissant-gouiri-enflamme-deja-marseille\/","name":"Avec un doubl\u00e9 \u00e9blouissant : Gouiri enflamme d\u00e9j\u00e0 Marseille - La Sentinelle","isPartOf":{"@id":"https:\/\/lasentinelle.dz\/#website"},"primaryImageOfPage":{"@id":"https:\/\/lasentinelle.dz\/index.php\/2025\/02\/17\/avec-un-double-eblouissant-gouiri-enflamme-deja-marseille\/#primaryimage"},"image":{"@id":"https:\/\/lasentinelle.dz\/index.php\/2025\/02\/17\/avec-un-double-eblouissant-gouiri-enflamme-deja-marseille\/#primaryimage"},"thumbnailUrl":"https:\/\/lasentinelle.dz\/wp-content\/uploads\/2025\/02\/Gouiri.jpg","datePublished":"2025-02-17T10:06:58+00:00","dateModified":"2025-02-17T10:06:59+00:00","breadcrumb":{"@id":"https:\/\/lasentinelle.dz\/index.php\/2025\/02\/17\/avec-un-double-eblouissant-gouiri-enflamme-deja-marseille\/#breadcrumb"},"inLanguage":"fr-FR","potentialAction":[{"@type":"ReadAction","target":["https:\/\/lasentinelle.dz\/index.php\/2025\/02\/17\/avec-un-double-eblouissant-gouiri-enflamme-deja-marseille\/"]}]},{"@type":"ImageObject","inLanguage":"fr-FR","@id":"https:\/\/lasentinelle.dz\/index.php\/2025\/02\/17\/avec-un-double-eblouissant-gouiri-enflamme-deja-marseille\/#primaryimage","url":"https:\/\/lasentinelle.dz\/wp-content\/uploads\/2025\/02\/Gouiri.jpg","contentUrl":"https:\/\/lasentinelle.dz\/wp-content\/uploads\/2025\/02\/Gouiri.jpg","width":932,"height":582,"caption":"09 Amine GOUIRI (om) during the Ligue 1 match between Marseille and Saint-Etienne at Orange Velodrome on February 15, 2025 in Marseille, France. (Photo by Dave Winter\/FEP\/Icon Sport)"},{"@type":"BreadcrumbList","@id":"https:\/\/lasentinelle.dz\/index.php\/2025\/02\/17\/avec-un-double-eblouissant-gouiri-enflamme-deja-marseille\/#breadcrumb","itemListElement":[{"@type":"ListItem","position":1,"name":"Accueil","item":"https:\/\/lasentinelle.dz\/"},{"@type":"ListItem","position":2,"name":"Avec un doubl\u00e9 \u00e9blouissant : Gouiri enflamme d\u00e9j\u00e0 Marseille"}]},{"@type":"WebSite","@id":"https:\/\/lasentinelle.dz\/#website","url":"https:\/\/lasentinelle.dz\/","name":"La Sentinelle","description":"Quotidien national d&#039;information","publisher":{"@id":"https:\/\/lasentinelle.dz\/#organization"},"potentialAction":[{"@type":"SearchAction","target":{"@type":"EntryPoint","urlTemplate":"https:\/\/lasentinelle.dz\/?s={search_term_string}"},"query-input":{"@type":"PropertyValueSpecification","valueRequired":true,"valueName":"search_term_string"}}],"inLanguage":"fr-FR"},{"@type":"Organization","@id":"https:\/\/lasentinelle.dz\/#organization","name":"Quotidien La Sentinelle","url":"https:\/\/lasentinelle.dz\/","logo":{"@type":"ImageObject","inLanguage":"fr-FR","@id":"https:\/\/lasentinelle.dz\/#\/schema\/logo\/image\/","url":"https:\/\/lasentinelle.dz\/wp-content\/uploads\/2021\/09\/logo-sentinelleSLOGAN-1.png","contentUrl":"https:\/\/lasentinelle.dz\/wp-content\/uploads\/2021\/09\/logo-sentinelleSLOGAN-1.png","width":615,"height":142,"caption":"Quotidien La Sentinelle"},"image":{"@id":"https:\/\/lasentinelle.dz\/#\/schema\/logo\/image\/"},"sameAs":["https:\/\/www.facebook.com\/La-Sentinelle-104059864394773"]},{"@type":"Person","@id":"https:\/\/lasentinelle.dz\/#\/schema\/person\/729ee0024f24e0b8c5ec17232f8e8b41","name":"admin","image":{"@type":"ImageObject","inLanguage":"fr-FR","@id":"https:\/\/secure.gravatar.com\/avatar\/4c81fed838786e9b53f540bf46533e750f5d292099ae3b66cfc6fb1982e29df7?s=96&d=mm&r=g","url":"https:\/\/secure.gravatar.com\/avatar\/4c81fed838786e9b53f540bf46533e750f5d292099ae3b66cfc6fb1982e29df7?s=96&d=mm&r=g","contentUrl":"https:\/\/secure.gravatar.com\/avatar\/4c81fed838786e9b53f540bf46533e750f5d292099ae3b66cfc6fb1982e29df7?s=96&d=mm&r=g","caption":"admin"},"description":"admin","url":"https:\/\/lasentinelle.dz\/author\/admin\/"}]}},"_links":{"self":[{"href":"https:\/\/lasentinelle.dz\/index.php\/wp-json\/wp\/v2\/posts\/63117","targetHints":{"allow":["GET"]}}],"collection":[{"href":"https:\/\/lasentinelle.dz\/index.php\/wp-json\/wp\/v2\/posts"}],"about":[{"href":"https:\/\/lasentinelle.dz\/index.php\/wp-json\/wp\/v2\/types\/post"}],"author":[{"embeddable":true,"href":"https:\/\/lasentinelle.dz\/index.php\/wp-json\/wp\/v2\/users\/6"}],"replies":[{"embeddable":true,"href":"https:\/\/lasentinelle.dz\/index.php\/wp-json\/wp\/v2\/comments?post=63117"}],"version-history":[{"count":1,"href":"https:\/\/lasentinelle.dz\/index.php\/wp-json\/wp\/v2\/posts\/63117\/revisions"}],"predecessor-version":[{"id":63119,"href":"https:\/\/lasentinelle.dz\/index.php\/wp-json\/wp\/v2\/posts\/63117\/revisions\/63119"}],"wp:featuredmedia":[{"embeddable":true,"href":"https:\/\/lasentinelle.dz\/index.php\/wp-json\/wp\/v2\/media\/63118"}],"wp:attachment":[{"href":"https:\/\/lasentinelle.dz\/index.php\/wp-json\/wp\/v2\/media?parent=63117"}],"wp:term":[{"taxonomy":"category","embeddable":true,"href":"https:\/\/lasentinelle.dz\/index.php\/wp-json\/wp\/v2\/categories?post=63117"},{"taxonomy":"post_tag","embeddable":true,"href":"https:\/\/lasentinelle.dz\/index.php\/wp-json\/wp\/v2\/tags?post=63117"}],"curies":[{"name":"wp","href":"https:\/\/api.w.org\/{rel}","templated":true}]}}