{"id":63151,"date":"2025-02-17T11:22:12","date_gmt":"2025-02-17T10:22:12","guid":{"rendered":"https:\/\/lasentinelle.dz\/?p=63151"},"modified":"2025-02-17T11:22:13","modified_gmt":"2025-02-17T10:22:13","slug":"elle-denonce-le-genocide-en-palestine-occupee-lua-appelle-a-mettre-fin-a-la-normalisation-avec-lentite-sioniste","status":"publish","type":"post","link":"https:\/\/lasentinelle.dz\/index.php\/2025\/02\/17\/elle-denonce-le-genocide-en-palestine-occupee-lua-appelle-a-mettre-fin-a-la-normalisation-avec-lentite-sioniste\/","title":{"rendered":"Elle d\u00e9nonce le g\u00e9nocide en Palestine occup\u00e9e: L&rsquo;UA appelle \u00e0 mettre fin \u00e0 la normalisation avec l&rsquo;entit\u00e9 sioniste"},"content":{"rendered":"\n<p>L&rsquo;Union africaine (UA) a pris une position ferme lors de son 38e sommet ordinaire qui s&rsquo;est achev\u00e9 hier \u00e0 Addis-Abeba, en d\u00e9non\u00e7ant le &nbsp;g\u00e9nocide sioniste contre les Palestiniens. &nbsp;Dans un communiqu\u00e9 final sans \u00e9quivoque, l&rsquo;organisation panafricaine a appel\u00e9 \u00e0 suspendre tout processus de normalisation des relations avec l&rsquo;entit\u00e9 sioniste jusqu&rsquo;\u00e0 ce que son administration mette fin \u00e0 l&rsquo;occupation des territoires palestiniens. Le texte adopt\u00e9 par les dirigeants africains et les repr\u00e9sentants d&rsquo;organisations internationales et r\u00e9gionales pr\u00e9sents au sommet condamne explicitement les violations du droit international commises par l&rsquo;entit\u00e9 sioniste, particuli\u00e8rement le ciblage d\u00e9lib\u00e9r\u00e9 des civils et des infrastructures. \u00ab Isra\u00ebl commet un g\u00e9nocide contre les Palestiniens et doit \u00eatre poursuivi au niveau international \u00bb, pr\u00e9cise le communiqu\u00e9. Cette prise de position survient dans un contexte international tendu, marqu\u00e9 par un v\u00e9ritable g\u00e9nocide men\u00e9 par l&rsquo;occupation isra\u00e9lienne \u00e0 Ghaza adoss\u00e9 \u00e0 des projets d&rsquo;\u00e9puration ethnique aussi bien dans l&rsquo;enclave palestinienne qu&rsquo;en Cisjordanie occup\u00e9e, o\u00f9 l&rsquo;occupant m\u00e8nent des agressions violentes et r\u00e9p\u00e9t\u00e9es depuis octobre 2023, notamment \u00e0 Jenine o\u00f9 des dizaines de milliers de Palestiniens ont \u00e9t\u00e9 r\u00e9cemment de se d\u00e9placer. \u00c0 cela s&rsquo;ajoute un plan insidieux de l&rsquo;administration Trump destin\u00e9 \u00e0 d\u00e9porter les deux millions d&rsquo;habitants de la Bande de Ghaza vers d&rsquo;autres pays, \u00e0 l&rsquo;image de l&rsquo;\u00c9gypte et la Jordanie qui ont cat\u00e9goriquement rejet\u00e9 cette proposition, ou encore la Somalie et le Maroc. Cet appel intervient \u00e9galement alors que certains pays arabes ont normalis\u00e9 ces derni\u00e8res ann\u00e9es leurs relations avec l&rsquo;entit\u00e9 sioniste dans le cadre des accords d&rsquo;Abraham sans aucune contrepartie pour les Palestiniens comme le fut le cas notamment pour le Maroc, le Bahrein et les \u00c9mirats arabes unis en 2020.<\/p>\n\n\n\n<p>Lors de l&rsquo;ouverture du sommet, Moussa Faki Mahamat, qui vient de c\u00e9der ses fonctions de pr\u00e9sident de la commission de l&rsquo;UA, a d\u00e9nonc\u00e9 l&rsquo;indiff\u00e9rence internationale face \u00e0 la situation \u00e0 Ghaza : \u00ab La guerre \u00e0 Ghaza continue de se d\u00e9rouler dans le silence presque total des puissances du monde, si ce n&rsquo;est l&rsquo;appel par certains, \u00e0 la d\u00e9portation syst\u00e9matique des Palestiniens hors de leurs terres, c&rsquo;est un comble \u00bb. Il a notamment point\u00e9 du doigt la proposition du pr\u00e9sident am\u00e9ricain concernant une prise de contr\u00f4le am\u00e9ricaine de l&rsquo;enclave palestinienne et un d\u00e9placement forc\u00e9 de sa population. Cette d\u00e9claration souligne l&rsquo;opposition cat\u00e9gorique de l&rsquo;organisation panafricaine \u00e0 toute forme de d\u00e9placement forc\u00e9 de population, rappelant les traumatismes historiques similaires v\u00e9cus sur le continent africain. L&rsquo;UA, qui regroupe les 55 \u00c9tats du continent africain et a succ\u00e9d\u00e9 en 2002 \u00e0 l&rsquo;Organisation de l&rsquo;Unit\u00e9 africaine (OUA, 1963-1999), affirme ainsi son engagement en faveur du droit international et de la protection des populations civiles.<\/p>\n\n\n\n<p>Salim Amokrane<\/p>\n\n\n\n<p><strong>M. Attaf re\u00e7oit un appel t\u00e9l\u00e9phonique du Premier ministre libanais<\/strong><\/p>\n\n\n\n<p>Le ministre d&rsquo;Etat, ministre des Affaires \u00e9trang\u00e8res, de la Communaut\u00e9 nationale \u00e0 l&rsquo;\u00e9tranger et des Affaires africaines, M. Ahmed Attaf, a re\u00e7u, dimanche un appel t\u00e9l\u00e9phonique du Premier ministre libanais, M. Nawaf Salam, indique un communiqu\u00e9 du minist\u00e8re. Lors de cet appel qui fait suite \u00e0 la visite officielle effectu\u00e9e par le ministre d&rsquo;Etat, \u00e0 Beyrouth, en qualit\u00e9 d&rsquo;envoy\u00e9 sp\u00e9cial du pr\u00e9sident de la R\u00e9publique, M. Abdelmadjid Tebboune, les deux parties ont \u00e9voqu\u00e9 \u00ab\u00a0les d\u00e9veloppements dans le Sud du Liban, notamment la mise en \u0153uvre de l&rsquo;accord de cessez-le-feu et le retrait des forces d&rsquo;occupation isra\u00e9liennes des territoires libanais\u00a0\u00bb, selon le communiqu\u00e9. M. Attaf a, \u00e0 cet \u00e9gard, \u00ab\u00a0r\u00e9it\u00e9r\u00e9 la solidarit\u00e9 de l&rsquo;Alg\u00e9rie avec le Liban face aux violations flagrantes de sa souverainet\u00e9 et de son int\u00e9grit\u00e9 territoriale\u00a0\u00bb, affirmant \u00ab\u00a0la disponibilit\u00e9 de l&rsquo;Alg\u00e9rie \u00e0 poursuivre son soutien en faveur du Liban, notamment en sa qualit\u00e9 de membre non-permanent au Conseil de s\u00e9curit\u00e9 des Nations Unies\u00a0\u00bb, ajoute le communiqu\u00e9. (APS)<\/p>\n","protected":false},"excerpt":{"rendered":"<p>L&rsquo;Union africaine (UA) a pris une position ferme lors de son 38e sommet ordinaire qui s&rsquo;est achev\u00e9 hier \u00e0 Addis-Abeba,<\/p>\n","protected":false},"author":6,"featured_media":63152,"comment_status":"open","ping_status":"closed","sticky":false,"template":"","format":"standard","meta":{"colormag_page_container_layout":"default_layout","colormag_page_sidebar_layout":"default_layout","om_disable_all_campaigns":false,"_monsterinsights_skip_tracking":false,"_monsterinsights_sitenote_active":false,"_monsterinsights_sitenote_note":"","_monsterinsights_sitenote_category":0,"footnotes":"","_wpscppro_dont_share_socialmedia":false,"_wpscppro_custom_social_share_image":0,"_facebook_share_type":"default","_twitter_share_type":"default","_linkedin_share_type":"default","_pinterest_share_type":"default","_linkedin_share_type_page":"","_instagram_share_type":"default","_medium_share_type":"default","_threads_share_type":"","_google_business_share_type":"","_selected_social_profile":[],"_wpsp_enable_custom_social_template":false,"_wpsp_social_scheduling":{"enabled":false,"datetime":null,"platforms":[],"status":"template_only","dateOption":"today","timeOption":"now","customDays":"","customHours":"","customDate":"","customTime":"","schedulingType":"absolute"},"_wpsp_active_default_template":true},"categories":[52,27],"tags":[],"class_list":["post-63151","post","type-post","status-publish","format-standard","has-post-thumbnail","hentry","category-a-la-une","category-actualite"],"aioseo_notices":[],"yoast_head":"<!-- This site is optimized with the Yoast SEO plugin v27.5 - https:\/\/yoast.com\/product\/yoast-seo-wordpress\/ -->\n<title>Elle d\u00e9nonce le g\u00e9nocide en Palestine occup\u00e9e: L&rsquo;UA appelle \u00e0 mettre fin \u00e0 la normalisation avec l&rsquo;entit\u00e9 sioniste - La Sentinelle<\/title>\n<meta name=\"robots\" content=\"index, follow, max-snippet:-1, max-image-preview:large, max-video-preview:-1\" \/>\n<link rel=\"canonical\" href=\"https:\/\/lasentinelle.dz\/index.php\/2025\/02\/17\/elle-denonce-le-genocide-en-palestine-occupee-lua-appelle-a-mettre-fin-a-la-normalisation-avec-lentite-sioniste\/\" \/>\n<meta property=\"og:locale\" content=\"fr_FR\" \/>\n<meta property=\"og:type\" content=\"article\" \/>\n<meta property=\"og:title\" content=\"Elle d\u00e9nonce le g\u00e9nocide en Palestine occup\u00e9e: L&rsquo;UA appelle \u00e0 mettre fin \u00e0 la normalisation avec l&rsquo;entit\u00e9 sioniste - La Sentinelle\" \/>\n<meta property=\"og:description\" content=\"L&rsquo;Union africaine (UA) a pris une position ferme lors de son 38e sommet ordinaire qui s&rsquo;est achev\u00e9 hier \u00e0 Addis-Abeba,\" \/>\n<meta property=\"og:url\" content=\"https:\/\/lasentinelle.dz\/index.php\/2025\/02\/17\/elle-denonce-le-genocide-en-palestine-occupee-lua-appelle-a-mettre-fin-a-la-normalisation-avec-lentite-sioniste\/\" \/>\n<meta property=\"og:site_name\" content=\"La Sentinelle\" \/>\n<meta property=\"article:publisher\" content=\"https:\/\/www.facebook.com\/La-Sentinelle-104059864394773\" \/>\n<meta property=\"article:published_time\" content=\"2025-02-17T10:22:12+00:00\" \/>\n<meta property=\"article:modified_time\" content=\"2025-02-17T10:22:13+00:00\" \/>\n<meta property=\"og:image\" content=\"https:\/\/lasentinelle.dz\/wp-content\/uploads\/2025\/02\/UA.jpg\" \/>\n\t<meta property=\"og:image:width\" content=\"400\" \/>\n\t<meta property=\"og:image:height\" content=\"267\" \/>\n\t<meta property=\"og:image:type\" content=\"image\/jpeg\" \/>\n<meta name=\"author\" content=\"admin\" \/>\n<meta name=\"twitter:card\" content=\"summary_large_image\" \/>\n<meta name=\"twitter:label1\" content=\"\u00c9crit par\" \/>\n\t<meta name=\"twitter:data1\" content=\"admin\" \/>\n\t<meta name=\"twitter:label2\" content=\"Dur\u00e9e de lecture estim\u00e9e\" \/>\n\t<meta name=\"twitter:data2\" content=\"4 minutes\" \/>\n<script type=\"application\/ld+json\" class=\"yoast-schema-graph\">{\"@context\":\"https:\\\/\\\/schema.org\",\"@graph\":[{\"@type\":\"Article\",\"@id\":\"https:\\\/\\\/lasentinelle.dz\\\/index.php\\\/2025\\\/02\\\/17\\\/elle-denonce-le-genocide-en-palestine-occupee-lua-appelle-a-mettre-fin-a-la-normalisation-avec-lentite-sioniste\\\/#article\",\"isPartOf\":{\"@id\":\"https:\\\/\\\/lasentinelle.dz\\\/index.php\\\/2025\\\/02\\\/17\\\/elle-denonce-le-genocide-en-palestine-occupee-lua-appelle-a-mettre-fin-a-la-normalisation-avec-lentite-sioniste\\\/\"},\"author\":{\"name\":\"admin\",\"@id\":\"https:\\\/\\\/lasentinelle.dz\\\/#\\\/schema\\\/person\\\/729ee0024f24e0b8c5ec17232f8e8b41\"},\"headline\":\"Elle d\u00e9nonce le g\u00e9nocide en Palestine occup\u00e9e: L&rsquo;UA appelle \u00e0 mettre fin \u00e0 la normalisation avec l&rsquo;entit\u00e9 sioniste\",\"datePublished\":\"2025-02-17T10:22:12+00:00\",\"dateModified\":\"2025-02-17T10:22:13+00:00\",\"mainEntityOfPage\":{\"@id\":\"https:\\\/\\\/lasentinelle.dz\\\/index.php\\\/2025\\\/02\\\/17\\\/elle-denonce-le-genocide-en-palestine-occupee-lua-appelle-a-mettre-fin-a-la-normalisation-avec-lentite-sioniste\\\/\"},\"wordCount\":702,\"commentCount\":0,\"publisher\":{\"@id\":\"https:\\\/\\\/lasentinelle.dz\\\/#organization\"},\"image\":{\"@id\":\"https:\\\/\\\/lasentinelle.dz\\\/index.php\\\/2025\\\/02\\\/17\\\/elle-denonce-le-genocide-en-palestine-occupee-lua-appelle-a-mettre-fin-a-la-normalisation-avec-lentite-sioniste\\\/#primaryimage\"},\"thumbnailUrl\":\"https:\\\/\\\/lasentinelle.dz\\\/wp-content\\\/uploads\\\/2025\\\/02\\\/UA.jpg\",\"articleSection\":[\"\u00c0 la Une\",\"Actualit\u00e9\"],\"inLanguage\":\"fr-FR\",\"potentialAction\":[{\"@type\":\"CommentAction\",\"name\":\"Comment\",\"target\":[\"https:\\\/\\\/lasentinelle.dz\\\/index.php\\\/2025\\\/02\\\/17\\\/elle-denonce-le-genocide-en-palestine-occupee-lua-appelle-a-mettre-fin-a-la-normalisation-avec-lentite-sioniste\\\/#respond\"]}]},{\"@type\":\"WebPage\",\"@id\":\"https:\\\/\\\/lasentinelle.dz\\\/index.php\\\/2025\\\/02\\\/17\\\/elle-denonce-le-genocide-en-palestine-occupee-lua-appelle-a-mettre-fin-a-la-normalisation-avec-lentite-sioniste\\\/\",\"url\":\"https:\\\/\\\/lasentinelle.dz\\\/index.php\\\/2025\\\/02\\\/17\\\/elle-denonce-le-genocide-en-palestine-occupee-lua-appelle-a-mettre-fin-a-la-normalisation-avec-lentite-sioniste\\\/\",\"name\":\"Elle d\u00e9nonce le g\u00e9nocide en Palestine occup\u00e9e: L&rsquo;UA appelle \u00e0 mettre fin \u00e0 la normalisation avec l&rsquo;entit\u00e9 sioniste - La Sentinelle\",\"isPartOf\":{\"@id\":\"https:\\\/\\\/lasentinelle.dz\\\/#website\"},\"primaryImageOfPage\":{\"@id\":\"https:\\\/\\\/lasentinelle.dz\\\/index.php\\\/2025\\\/02\\\/17\\\/elle-denonce-le-genocide-en-palestine-occupee-lua-appelle-a-mettre-fin-a-la-normalisation-avec-lentite-sioniste\\\/#primaryimage\"},\"image\":{\"@id\":\"https:\\\/\\\/lasentinelle.dz\\\/index.php\\\/2025\\\/02\\\/17\\\/elle-denonce-le-genocide-en-palestine-occupee-lua-appelle-a-mettre-fin-a-la-normalisation-avec-lentite-sioniste\\\/#primaryimage\"},\"thumbnailUrl\":\"https:\\\/\\\/lasentinelle.dz\\\/wp-content\\\/uploads\\\/2025\\\/02\\\/UA.jpg\",\"datePublished\":\"2025-02-17T10:22:12+00:00\",\"dateModified\":\"2025-02-17T10:22:13+00:00\",\"breadcrumb\":{\"@id\":\"https:\\\/\\\/lasentinelle.dz\\\/index.php\\\/2025\\\/02\\\/17\\\/elle-denonce-le-genocide-en-palestine-occupee-lua-appelle-a-mettre-fin-a-la-normalisation-avec-lentite-sioniste\\\/#breadcrumb\"},\"inLanguage\":\"fr-FR\",\"potentialAction\":[{\"@type\":\"ReadAction\",\"target\":[\"https:\\\/\\\/lasentinelle.dz\\\/index.php\\\/2025\\\/02\\\/17\\\/elle-denonce-le-genocide-en-palestine-occupee-lua-appelle-a-mettre-fin-a-la-normalisation-avec-lentite-sioniste\\\/\"]}]},{\"@type\":\"ImageObject\",\"inLanguage\":\"fr-FR\",\"@id\":\"https:\\\/\\\/lasentinelle.dz\\\/index.php\\\/2025\\\/02\\\/17\\\/elle-denonce-le-genocide-en-palestine-occupee-lua-appelle-a-mettre-fin-a-la-normalisation-avec-lentite-sioniste\\\/#primaryimage\",\"url\":\"https:\\\/\\\/lasentinelle.dz\\\/wp-content\\\/uploads\\\/2025\\\/02\\\/UA.jpg\",\"contentUrl\":\"https:\\\/\\\/lasentinelle.dz\\\/wp-content\\\/uploads\\\/2025\\\/02\\\/UA.jpg\",\"width\":400,\"height\":267},{\"@type\":\"BreadcrumbList\",\"@id\":\"https:\\\/\\\/lasentinelle.dz\\\/index.php\\\/2025\\\/02\\\/17\\\/elle-denonce-le-genocide-en-palestine-occupee-lua-appelle-a-mettre-fin-a-la-normalisation-avec-lentite-sioniste\\\/#breadcrumb\",\"itemListElement\":[{\"@type\":\"ListItem\",\"position\":1,\"name\":\"Accueil\",\"item\":\"https:\\\/\\\/lasentinelle.dz\\\/\"},{\"@type\":\"ListItem\",\"position\":2,\"name\":\"Elle d\u00e9nonce le g\u00e9nocide en Palestine occup\u00e9e: L&rsquo;UA appelle \u00e0 mettre fin \u00e0 la normalisation avec l&rsquo;entit\u00e9 sioniste\"}]},{\"@type\":\"WebSite\",\"@id\":\"https:\\\/\\\/lasentinelle.dz\\\/#website\",\"url\":\"https:\\\/\\\/lasentinelle.dz\\\/\",\"name\":\"La Sentinelle\",\"description\":\"Quotidien national d&#039;information\",\"publisher\":{\"@id\":\"https:\\\/\\\/lasentinelle.dz\\\/#organization\"},\"potentialAction\":[{\"@type\":\"SearchAction\",\"target\":{\"@type\":\"EntryPoint\",\"urlTemplate\":\"https:\\\/\\\/lasentinelle.dz\\\/?s={search_term_string}\"},\"query-input\":{\"@type\":\"PropertyValueSpecification\",\"valueRequired\":true,\"valueName\":\"search_term_string\"}}],\"inLanguage\":\"fr-FR\"},{\"@type\":\"Organization\",\"@id\":\"https:\\\/\\\/lasentinelle.dz\\\/#organization\",\"name\":\"Quotidien La Sentinelle\",\"url\":\"https:\\\/\\\/lasentinelle.dz\\\/\",\"logo\":{\"@type\":\"ImageObject\",\"inLanguage\":\"fr-FR\",\"@id\":\"https:\\\/\\\/lasentinelle.dz\\\/#\\\/schema\\\/logo\\\/image\\\/\",\"url\":\"https:\\\/\\\/lasentinelle.dz\\\/wp-content\\\/uploads\\\/2021\\\/09\\\/logo-sentinelleSLOGAN-1.png\",\"contentUrl\":\"https:\\\/\\\/lasentinelle.dz\\\/wp-content\\\/uploads\\\/2021\\\/09\\\/logo-sentinelleSLOGAN-1.png\",\"width\":615,\"height\":142,\"caption\":\"Quotidien La Sentinelle\"},\"image\":{\"@id\":\"https:\\\/\\\/lasentinelle.dz\\\/#\\\/schema\\\/logo\\\/image\\\/\"},\"sameAs\":[\"https:\\\/\\\/www.facebook.com\\\/La-Sentinelle-104059864394773\"]},{\"@type\":\"Person\",\"@id\":\"https:\\\/\\\/lasentinelle.dz\\\/#\\\/schema\\\/person\\\/729ee0024f24e0b8c5ec17232f8e8b41\",\"name\":\"admin\",\"image\":{\"@type\":\"ImageObject\",\"inLanguage\":\"fr-FR\",\"@id\":\"https:\\\/\\\/secure.gravatar.com\\\/avatar\\\/4c81fed838786e9b53f540bf46533e750f5d292099ae3b66cfc6fb1982e29df7?s=96&d=mm&r=g\",\"url\":\"https:\\\/\\\/secure.gravatar.com\\\/avatar\\\/4c81fed838786e9b53f540bf46533e750f5d292099ae3b66cfc6fb1982e29df7?s=96&d=mm&r=g\",\"contentUrl\":\"https:\\\/\\\/secure.gravatar.com\\\/avatar\\\/4c81fed838786e9b53f540bf46533e750f5d292099ae3b66cfc6fb1982e29df7?s=96&d=mm&r=g\",\"caption\":\"admin\"},\"description\":\"admin\",\"url\":\"https:\\\/\\\/lasentinelle.dz\\\/author\\\/admin\\\/\"}]}<\/script>\n<!-- \/ Yoast SEO plugin. -->","yoast_head_json":{"title":"Elle d\u00e9nonce le g\u00e9nocide en Palestine occup\u00e9e: L&rsquo;UA appelle \u00e0 mettre fin \u00e0 la normalisation avec l&rsquo;entit\u00e9 sioniste - La Sentinelle","robots":{"index":"index","follow":"follow","max-snippet":"max-snippet:-1","max-image-preview":"max-image-preview:large","max-video-preview":"max-video-preview:-1"},"canonical":"https:\/\/lasentinelle.dz\/index.php\/2025\/02\/17\/elle-denonce-le-genocide-en-palestine-occupee-lua-appelle-a-mettre-fin-a-la-normalisation-avec-lentite-sioniste\/","og_locale":"fr_FR","og_type":"article","og_title":"Elle d\u00e9nonce le g\u00e9nocide en Palestine occup\u00e9e: L&rsquo;UA appelle \u00e0 mettre fin \u00e0 la normalisation avec l&rsquo;entit\u00e9 sioniste - La Sentinelle","og_description":"L&rsquo;Union africaine (UA) a pris une position ferme lors de son 38e sommet ordinaire qui s&rsquo;est achev\u00e9 hier \u00e0 Addis-Abeba,","og_url":"https:\/\/lasentinelle.dz\/index.php\/2025\/02\/17\/elle-denonce-le-genocide-en-palestine-occupee-lua-appelle-a-mettre-fin-a-la-normalisation-avec-lentite-sioniste\/","og_site_name":"La Sentinelle","article_publisher":"https:\/\/www.facebook.com\/La-Sentinelle-104059864394773","article_published_time":"2025-02-17T10:22:12+00:00","article_modified_time":"2025-02-17T10:22:13+00:00","og_image":[{"width":400,"height":267,"url":"https:\/\/lasentinelle.dz\/wp-content\/uploads\/2025\/02\/UA.jpg","type":"image\/jpeg"}],"author":"admin","twitter_card":"summary_large_image","twitter_misc":{"\u00c9crit par":"admin","Dur\u00e9e de lecture estim\u00e9e":"4 minutes"},"schema":{"@context":"https:\/\/schema.org","@graph":[{"@type":"Article","@id":"https:\/\/lasentinelle.dz\/index.php\/2025\/02\/17\/elle-denonce-le-genocide-en-palestine-occupee-lua-appelle-a-mettre-fin-a-la-normalisation-avec-lentite-sioniste\/#article","isPartOf":{"@id":"https:\/\/lasentinelle.dz\/index.php\/2025\/02\/17\/elle-denonce-le-genocide-en-palestine-occupee-lua-appelle-a-mettre-fin-a-la-normalisation-avec-lentite-sioniste\/"},"author":{"name":"admin","@id":"https:\/\/lasentinelle.dz\/#\/schema\/person\/729ee0024f24e0b8c5ec17232f8e8b41"},"headline":"Elle d\u00e9nonce le g\u00e9nocide en Palestine occup\u00e9e: L&rsquo;UA appelle \u00e0 mettre fin \u00e0 la normalisation avec l&rsquo;entit\u00e9 sioniste","datePublished":"2025-02-17T10:22:12+00:00","dateModified":"2025-02-17T10:22:13+00:00","mainEntityOfPage":{"@id":"https:\/\/lasentinelle.dz\/index.php\/2025\/02\/17\/elle-denonce-le-genocide-en-palestine-occupee-lua-appelle-a-mettre-fin-a-la-normalisation-avec-lentite-sioniste\/"},"wordCount":702,"commentCount":0,"publisher":{"@id":"https:\/\/lasentinelle.dz\/#organization"},"image":{"@id":"https:\/\/lasentinelle.dz\/index.php\/2025\/02\/17\/elle-denonce-le-genocide-en-palestine-occupee-lua-appelle-a-mettre-fin-a-la-normalisation-avec-lentite-sioniste\/#primaryimage"},"thumbnailUrl":"https:\/\/lasentinelle.dz\/wp-content\/uploads\/2025\/02\/UA.jpg","articleSection":["\u00c0 la Une","Actualit\u00e9"],"inLanguage":"fr-FR","potentialAction":[{"@type":"CommentAction","name":"Comment","target":["https:\/\/lasentinelle.dz\/index.php\/2025\/02\/17\/elle-denonce-le-genocide-en-palestine-occupee-lua-appelle-a-mettre-fin-a-la-normalisation-avec-lentite-sioniste\/#respond"]}]},{"@type":"WebPage","@id":"https:\/\/lasentinelle.dz\/index.php\/2025\/02\/17\/elle-denonce-le-genocide-en-palestine-occupee-lua-appelle-a-mettre-fin-a-la-normalisation-avec-lentite-sioniste\/","url":"https:\/\/lasentinelle.dz\/index.php\/2025\/02\/17\/elle-denonce-le-genocide-en-palestine-occupee-lua-appelle-a-mettre-fin-a-la-normalisation-avec-lentite-sioniste\/","name":"Elle d\u00e9nonce le g\u00e9nocide en Palestine occup\u00e9e: L&rsquo;UA appelle \u00e0 mettre fin \u00e0 la normalisation avec l&rsquo;entit\u00e9 sioniste - La Sentinelle","isPartOf":{"@id":"https:\/\/lasentinelle.dz\/#website"},"primaryImageOfPage":{"@id":"https:\/\/lasentinelle.dz\/index.php\/2025\/02\/17\/elle-denonce-le-genocide-en-palestine-occupee-lua-appelle-a-mettre-fin-a-la-normalisation-avec-lentite-sioniste\/#primaryimage"},"image":{"@id":"https:\/\/lasentinelle.dz\/index.php\/2025\/02\/17\/elle-denonce-le-genocide-en-palestine-occupee-lua-appelle-a-mettre-fin-a-la-normalisation-avec-lentite-sioniste\/#primaryimage"},"thumbnailUrl":"https:\/\/lasentinelle.dz\/wp-content\/uploads\/2025\/02\/UA.jpg","datePublished":"2025-02-17T10:22:12+00:00","dateModified":"2025-02-17T10:22:13+00:00","breadcrumb":{"@id":"https:\/\/lasentinelle.dz\/index.php\/2025\/02\/17\/elle-denonce-le-genocide-en-palestine-occupee-lua-appelle-a-mettre-fin-a-la-normalisation-avec-lentite-sioniste\/#breadcrumb"},"inLanguage":"fr-FR","potentialAction":[{"@type":"ReadAction","target":["https:\/\/lasentinelle.dz\/index.php\/2025\/02\/17\/elle-denonce-le-genocide-en-palestine-occupee-lua-appelle-a-mettre-fin-a-la-normalisation-avec-lentite-sioniste\/"]}]},{"@type":"ImageObject","inLanguage":"fr-FR","@id":"https:\/\/lasentinelle.dz\/index.php\/2025\/02\/17\/elle-denonce-le-genocide-en-palestine-occupee-lua-appelle-a-mettre-fin-a-la-normalisation-avec-lentite-sioniste\/#primaryimage","url":"https:\/\/lasentinelle.dz\/wp-content\/uploads\/2025\/02\/UA.jpg","contentUrl":"https:\/\/lasentinelle.dz\/wp-content\/uploads\/2025\/02\/UA.jpg","width":400,"height":267},{"@type":"BreadcrumbList","@id":"https:\/\/lasentinelle.dz\/index.php\/2025\/02\/17\/elle-denonce-le-genocide-en-palestine-occupee-lua-appelle-a-mettre-fin-a-la-normalisation-avec-lentite-sioniste\/#breadcrumb","itemListElement":[{"@type":"ListItem","position":1,"name":"Accueil","item":"https:\/\/lasentinelle.dz\/"},{"@type":"ListItem","position":2,"name":"Elle d\u00e9nonce le g\u00e9nocide en Palestine occup\u00e9e: L&rsquo;UA appelle \u00e0 mettre fin \u00e0 la normalisation avec l&rsquo;entit\u00e9 sioniste"}]},{"@type":"WebSite","@id":"https:\/\/lasentinelle.dz\/#website","url":"https:\/\/lasentinelle.dz\/","name":"La Sentinelle","description":"Quotidien national d&#039;information","publisher":{"@id":"https:\/\/lasentinelle.dz\/#organization"},"potentialAction":[{"@type":"SearchAction","target":{"@type":"EntryPoint","urlTemplate":"https:\/\/lasentinelle.dz\/?s={search_term_string}"},"query-input":{"@type":"PropertyValueSpecification","valueRequired":true,"valueName":"search_term_string"}}],"inLanguage":"fr-FR"},{"@type":"Organization","@id":"https:\/\/lasentinelle.dz\/#organization","name":"Quotidien La Sentinelle","url":"https:\/\/lasentinelle.dz\/","logo":{"@type":"ImageObject","inLanguage":"fr-FR","@id":"https:\/\/lasentinelle.dz\/#\/schema\/logo\/image\/","url":"https:\/\/lasentinelle.dz\/wp-content\/uploads\/2021\/09\/logo-sentinelleSLOGAN-1.png","contentUrl":"https:\/\/lasentinelle.dz\/wp-content\/uploads\/2021\/09\/logo-sentinelleSLOGAN-1.png","width":615,"height":142,"caption":"Quotidien La Sentinelle"},"image":{"@id":"https:\/\/lasentinelle.dz\/#\/schema\/logo\/image\/"},"sameAs":["https:\/\/www.facebook.com\/La-Sentinelle-104059864394773"]},{"@type":"Person","@id":"https:\/\/lasentinelle.dz\/#\/schema\/person\/729ee0024f24e0b8c5ec17232f8e8b41","name":"admin","image":{"@type":"ImageObject","inLanguage":"fr-FR","@id":"https:\/\/secure.gravatar.com\/avatar\/4c81fed838786e9b53f540bf46533e750f5d292099ae3b66cfc6fb1982e29df7?s=96&d=mm&r=g","url":"https:\/\/secure.gravatar.com\/avatar\/4c81fed838786e9b53f540bf46533e750f5d292099ae3b66cfc6fb1982e29df7?s=96&d=mm&r=g","contentUrl":"https:\/\/secure.gravatar.com\/avatar\/4c81fed838786e9b53f540bf46533e750f5d292099ae3b66cfc6fb1982e29df7?s=96&d=mm&r=g","caption":"admin"},"description":"admin","url":"https:\/\/lasentinelle.dz\/author\/admin\/"}]}},"_links":{"self":[{"href":"https:\/\/lasentinelle.dz\/index.php\/wp-json\/wp\/v2\/posts\/63151","targetHints":{"allow":["GET"]}}],"collection":[{"href":"https:\/\/lasentinelle.dz\/index.php\/wp-json\/wp\/v2\/posts"}],"about":[{"href":"https:\/\/lasentinelle.dz\/index.php\/wp-json\/wp\/v2\/types\/post"}],"author":[{"embeddable":true,"href":"https:\/\/lasentinelle.dz\/index.php\/wp-json\/wp\/v2\/users\/6"}],"replies":[{"embeddable":true,"href":"https:\/\/lasentinelle.dz\/index.php\/wp-json\/wp\/v2\/comments?post=63151"}],"version-history":[{"count":2,"href":"https:\/\/lasentinelle.dz\/index.php\/wp-json\/wp\/v2\/posts\/63151\/revisions"}],"predecessor-version":[{"id":63154,"href":"https:\/\/lasentinelle.dz\/index.php\/wp-json\/wp\/v2\/posts\/63151\/revisions\/63154"}],"wp:featuredmedia":[{"embeddable":true,"href":"https:\/\/lasentinelle.dz\/index.php\/wp-json\/wp\/v2\/media\/63152"}],"wp:attachment":[{"href":"https:\/\/lasentinelle.dz\/index.php\/wp-json\/wp\/v2\/media?parent=63151"}],"wp:term":[{"taxonomy":"category","embeddable":true,"href":"https:\/\/lasentinelle.dz\/index.php\/wp-json\/wp\/v2\/categories?post=63151"},{"taxonomy":"post_tag","embeddable":true,"href":"https:\/\/lasentinelle.dz\/index.php\/wp-json\/wp\/v2\/tags?post=63151"}],"curies":[{"name":"wp","href":"https:\/\/api.w.org\/{rel}","templated":true}]}}