{"id":63157,"date":"2025-02-17T11:25:42","date_gmt":"2025-02-17T10:25:42","guid":{"rendered":"https:\/\/lasentinelle.dz\/?p=63157"},"modified":"2025-02-17T11:25:43","modified_gmt":"2025-02-17T10:25:43","slug":"developpement-de-lentrepreneuriat-et-des-start-ups-des-mecanismes-pour-associer-la-diaspora","status":"publish","type":"post","link":"https:\/\/lasentinelle.dz\/index.php\/2025\/02\/17\/developpement-de-lentrepreneuriat-et-des-start-ups-des-mecanismes-pour-associer-la-diaspora\/","title":{"rendered":"D\u00e9veloppement de l&rsquo;entrepreneuriat et des start-ups : Des m\u00e9canismes pour associer la diaspora"},"content":{"rendered":"\n<p>Un groupe de r\u00e9flexion th\u00e9matique virtuel r\u00e9unissant les jeunes de la diaspora alg\u00e9rienne autour du th\u00e8me \u00ab\u00a0Environnement des affaires et start-ups en Alg\u00e9rie\u00a0\u00bb a \u00e9t\u00e9 lanc\u00e9 hier \u00e0 l&rsquo;\u00c9cole nationale polytechnique d&rsquo;El Harrach (Alger). Cette initiative d&rsquo;envergure a \u00e9t\u00e9 inaugur\u00e9e par trois membres du gouvernement : le ministre de la Jeunesse charg\u00e9 du Conseil sup\u00e9rieur de la jeunesse, Mustapha Hidaoui, le ministre de l&rsquo;\u00c9conomie de la connaissance, des Start-ups et des Micro-entreprises, Noureddine Ouadah, ainsi que le Secr\u00e9taire d&rsquo;\u00c9tat charg\u00e9 de la Communaut\u00e9 nationale \u00e0 l&rsquo;\u00e9tranger, Sofiane Chaib. Dans son intervention, M. Hidaoui a particuli\u00e8rement insist\u00e9 sur l&rsquo;importance strat\u00e9gique accord\u00e9e par l&rsquo;Alg\u00e9rie \u00e0 sa jeunesse, qu&rsquo;elle soit \u00e9tablie sur le territoire national ou \u00e0 l&rsquo;\u00e9tranger, affirmant que \u00ab\u00a0la nouvelle Alg\u00e9rie \u0153uvre au renforcement des liens avec les jeunes de la diaspora \u00e0 travers l&rsquo;\u00e9tablissement d&rsquo;un syst\u00e8me qui consacre cette communication\u00a0\u00bb. Il a notamment soulign\u00e9 que les jeunes de la diaspora, forts de leurs connaissances acquises dans diff\u00e9rentes sp\u00e9cialit\u00e9s, repr\u00e9sentent \u00ab\u00a0une valeur ajout\u00e9e\u00a0\u00bb essentielle pour impulser le d\u00e9collage \u00e9conomique, notamment gr\u00e2ce aux facilit\u00e9s offertes par l&rsquo;\u00c9tat alg\u00e9rien dans le domaine de l&rsquo;entrepreneuriat. Le ministre Ouadah a quant \u00e0 lui salu\u00e9 les efforts consid\u00e9rables d\u00e9ploy\u00e9s par l&rsquo;\u00c9tat alg\u00e9rien pour am\u00e9liorer le climat des affaires et stimuler l&rsquo;esprit d&rsquo;initiative chez les jeunes, tout en soulignant l&rsquo;importance cruciale d&rsquo;impliquer les comp\u00e9tences nationales r\u00e9sidant \u00e0 l&rsquo;\u00e9tranger dans la dynamique de d\u00e9veloppement. Dans la m\u00eame journ\u00e9e, une autre initiative significative s&rsquo;est tenue en visioconf\u00e9rence, organis\u00e9e par le consulat g\u00e9n\u00e9ral d&rsquo;Alg\u00e9rie \u00e0 Francfort en collaboration avec l&rsquo;Association des m\u00e9decins alg\u00e9riens en Allemagne, pr\u00e9sid\u00e9e par le Dr Abderrahim Chennouf. Cette rencontre consultative sur \u00ab\u00a0L&rsquo;entrepreneuriat m\u00e9dical en Alg\u00e9rie\u00a0\u00bb, \u00e0 laquelle a particip\u00e9 le Secr\u00e9taire d&rsquo;\u00c9tat Sofiane Chaib, visait \u00e0 explorer les opportunit\u00e9s d&rsquo;investissement dans le secteur m\u00e9dical. Lors de cette session, M. Chaib a mis en exergue \u00ab\u00a0l&rsquo;importance primordiale qu&rsquo;accorde le Pr\u00e9sident de la R\u00e9publique, M. Abdelmadjid Tebboune, \u00e0 l&rsquo;encouragement de notre communaut\u00e9 \u00e0 saisir les opportunit\u00e9s d&rsquo;investissement disponibles en Alg\u00e9rie\u00a0\u00bb. Il a particuli\u00e8rement insist\u00e9 sur \u00ab\u00a0le r\u00f4le pivot de nos \u00e9lites et nos comp\u00e9tences \u00e0 l&rsquo;\u00e9tranger dans la dynamisation du secteur de la sant\u00e9\u00a0\u00bb, tout en soulignant \u00ab\u00a0la volont\u00e9 des autorit\u00e9s \u00e0 faciliter toute initiative visant \u00e0 rapprocher les m\u00e9decins alg\u00e9riens r\u00e9sidant en Alg\u00e9rie de ceux r\u00e9sidant \u00e0 l&rsquo;\u00e9tranger\u00a0\u00bb. Ces deux initiatives compl\u00e9mentaires t\u00e9moignent de la strat\u00e9gie globale de l&rsquo;Alg\u00e9rie visant \u00e0 mobiliser les comp\u00e9tences de sa diaspora, particuli\u00e8rement dans les secteurs strat\u00e9giques de l&rsquo;\u00e9conomie de la connaissance et de la sant\u00e9, pour contribuer activement au d\u00e9veloppement national.<\/p>\n\n\n\n<p>Chokri Hafed<\/p>\n","protected":false},"excerpt":{"rendered":"<p>Un groupe de r\u00e9flexion th\u00e9matique virtuel r\u00e9unissant les jeunes de la diaspora alg\u00e9rienne autour du th\u00e8me \u00ab\u00a0Environnement des affaires et<\/p>\n","protected":false},"author":6,"featured_media":63158,"comment_status":"open","ping_status":"closed","sticky":false,"template":"","format":"standard","meta":{"colormag_page_container_layout":"default_layout","colormag_page_sidebar_layout":"default_layout","om_disable_all_campaigns":false,"_monsterinsights_skip_tracking":false,"_monsterinsights_sitenote_active":false,"_monsterinsights_sitenote_note":"","_monsterinsights_sitenote_category":0,"footnotes":"","_wpscppro_dont_share_socialmedia":false,"_wpscppro_custom_social_share_image":0,"_facebook_share_type":"default","_twitter_share_type":"default","_linkedin_share_type":"default","_pinterest_share_type":"default","_linkedin_share_type_page":"","_instagram_share_type":"default","_medium_share_type":"default","_threads_share_type":"","_google_business_share_type":"","_selected_social_profile":[],"_wpsp_enable_custom_social_template":false,"_wpsp_social_scheduling":{"enabled":false,"datetime":null,"platforms":[],"status":"template_only","dateOption":"today","timeOption":"now","customDays":"","customHours":"","customDate":"","customTime":"","schedulingType":"absolute"},"_wpsp_active_default_template":true},"categories":[27],"tags":[],"class_list":["post-63157","post","type-post","status-publish","format-standard","has-post-thumbnail","hentry","category-actualite"],"aioseo_notices":[],"yoast_head":"<!-- This site is optimized with the Yoast SEO plugin v27.5 - https:\/\/yoast.com\/product\/yoast-seo-wordpress\/ -->\n<title>D\u00e9veloppement de l&rsquo;entrepreneuriat et des start-ups : Des m\u00e9canismes pour associer la diaspora - La Sentinelle<\/title>\n<meta name=\"robots\" content=\"index, follow, max-snippet:-1, max-image-preview:large, max-video-preview:-1\" \/>\n<link rel=\"canonical\" href=\"https:\/\/lasentinelle.dz\/index.php\/2025\/02\/17\/developpement-de-lentrepreneuriat-et-des-start-ups-des-mecanismes-pour-associer-la-diaspora\/\" \/>\n<meta property=\"og:locale\" content=\"fr_FR\" \/>\n<meta property=\"og:type\" content=\"article\" \/>\n<meta property=\"og:title\" content=\"D\u00e9veloppement de l&rsquo;entrepreneuriat et des start-ups : Des m\u00e9canismes pour associer la diaspora - La Sentinelle\" \/>\n<meta property=\"og:description\" content=\"Un groupe de r\u00e9flexion th\u00e9matique virtuel r\u00e9unissant les jeunes de la diaspora alg\u00e9rienne autour du th\u00e8me \u00ab\u00a0Environnement des affaires et\" \/>\n<meta property=\"og:url\" content=\"https:\/\/lasentinelle.dz\/index.php\/2025\/02\/17\/developpement-de-lentrepreneuriat-et-des-start-ups-des-mecanismes-pour-associer-la-diaspora\/\" \/>\n<meta property=\"og:site_name\" content=\"La Sentinelle\" \/>\n<meta property=\"article:publisher\" content=\"https:\/\/www.facebook.com\/La-Sentinelle-104059864394773\" \/>\n<meta property=\"article:published_time\" content=\"2025-02-17T10:25:42+00:00\" \/>\n<meta property=\"article:modified_time\" content=\"2025-02-17T10:25:43+00:00\" \/>\n<meta property=\"og:image\" content=\"https:\/\/lasentinelle.dz\/wp-content\/uploads\/2025\/02\/476779350_628771826557843_6853364006735176507_n.webp\" \/>\n\t<meta property=\"og:image:width\" content=\"900\" \/>\n\t<meta property=\"og:image:height\" content=\"675\" \/>\n\t<meta property=\"og:image:type\" content=\"image\/webp\" \/>\n<meta name=\"author\" content=\"admin\" \/>\n<meta name=\"twitter:card\" content=\"summary_large_image\" \/>\n<meta name=\"twitter:label1\" content=\"\u00c9crit par\" \/>\n\t<meta name=\"twitter:data1\" content=\"admin\" \/>\n\t<meta name=\"twitter:label2\" content=\"Dur\u00e9e de lecture estim\u00e9e\" \/>\n\t<meta name=\"twitter:data2\" content=\"3 minutes\" \/>\n<script type=\"application\/ld+json\" class=\"yoast-schema-graph\">{\"@context\":\"https:\\\/\\\/schema.org\",\"@graph\":[{\"@type\":\"Article\",\"@id\":\"https:\\\/\\\/lasentinelle.dz\\\/index.php\\\/2025\\\/02\\\/17\\\/developpement-de-lentrepreneuriat-et-des-start-ups-des-mecanismes-pour-associer-la-diaspora\\\/#article\",\"isPartOf\":{\"@id\":\"https:\\\/\\\/lasentinelle.dz\\\/index.php\\\/2025\\\/02\\\/17\\\/developpement-de-lentrepreneuriat-et-des-start-ups-des-mecanismes-pour-associer-la-diaspora\\\/\"},\"author\":{\"name\":\"admin\",\"@id\":\"https:\\\/\\\/lasentinelle.dz\\\/#\\\/schema\\\/person\\\/729ee0024f24e0b8c5ec17232f8e8b41\"},\"headline\":\"D\u00e9veloppement de l&rsquo;entrepreneuriat et des start-ups : Des m\u00e9canismes pour associer la diaspora\",\"datePublished\":\"2025-02-17T10:25:42+00:00\",\"dateModified\":\"2025-02-17T10:25:43+00:00\",\"mainEntityOfPage\":{\"@id\":\"https:\\\/\\\/lasentinelle.dz\\\/index.php\\\/2025\\\/02\\\/17\\\/developpement-de-lentrepreneuriat-et-des-start-ups-des-mecanismes-pour-associer-la-diaspora\\\/\"},\"wordCount\":513,\"commentCount\":0,\"publisher\":{\"@id\":\"https:\\\/\\\/lasentinelle.dz\\\/#organization\"},\"image\":{\"@id\":\"https:\\\/\\\/lasentinelle.dz\\\/index.php\\\/2025\\\/02\\\/17\\\/developpement-de-lentrepreneuriat-et-des-start-ups-des-mecanismes-pour-associer-la-diaspora\\\/#primaryimage\"},\"thumbnailUrl\":\"https:\\\/\\\/lasentinelle.dz\\\/wp-content\\\/uploads\\\/2025\\\/02\\\/476779350_628771826557843_6853364006735176507_n.webp\",\"articleSection\":[\"Actualit\u00e9\"],\"inLanguage\":\"fr-FR\",\"potentialAction\":[{\"@type\":\"CommentAction\",\"name\":\"Comment\",\"target\":[\"https:\\\/\\\/lasentinelle.dz\\\/index.php\\\/2025\\\/02\\\/17\\\/developpement-de-lentrepreneuriat-et-des-start-ups-des-mecanismes-pour-associer-la-diaspora\\\/#respond\"]}]},{\"@type\":\"WebPage\",\"@id\":\"https:\\\/\\\/lasentinelle.dz\\\/index.php\\\/2025\\\/02\\\/17\\\/developpement-de-lentrepreneuriat-et-des-start-ups-des-mecanismes-pour-associer-la-diaspora\\\/\",\"url\":\"https:\\\/\\\/lasentinelle.dz\\\/index.php\\\/2025\\\/02\\\/17\\\/developpement-de-lentrepreneuriat-et-des-start-ups-des-mecanismes-pour-associer-la-diaspora\\\/\",\"name\":\"D\u00e9veloppement de l&rsquo;entrepreneuriat et des start-ups : Des m\u00e9canismes pour associer la diaspora - La Sentinelle\",\"isPartOf\":{\"@id\":\"https:\\\/\\\/lasentinelle.dz\\\/#website\"},\"primaryImageOfPage\":{\"@id\":\"https:\\\/\\\/lasentinelle.dz\\\/index.php\\\/2025\\\/02\\\/17\\\/developpement-de-lentrepreneuriat-et-des-start-ups-des-mecanismes-pour-associer-la-diaspora\\\/#primaryimage\"},\"image\":{\"@id\":\"https:\\\/\\\/lasentinelle.dz\\\/index.php\\\/2025\\\/02\\\/17\\\/developpement-de-lentrepreneuriat-et-des-start-ups-des-mecanismes-pour-associer-la-diaspora\\\/#primaryimage\"},\"thumbnailUrl\":\"https:\\\/\\\/lasentinelle.dz\\\/wp-content\\\/uploads\\\/2025\\\/02\\\/476779350_628771826557843_6853364006735176507_n.webp\",\"datePublished\":\"2025-02-17T10:25:42+00:00\",\"dateModified\":\"2025-02-17T10:25:43+00:00\",\"breadcrumb\":{\"@id\":\"https:\\\/\\\/lasentinelle.dz\\\/index.php\\\/2025\\\/02\\\/17\\\/developpement-de-lentrepreneuriat-et-des-start-ups-des-mecanismes-pour-associer-la-diaspora\\\/#breadcrumb\"},\"inLanguage\":\"fr-FR\",\"potentialAction\":[{\"@type\":\"ReadAction\",\"target\":[\"https:\\\/\\\/lasentinelle.dz\\\/index.php\\\/2025\\\/02\\\/17\\\/developpement-de-lentrepreneuriat-et-des-start-ups-des-mecanismes-pour-associer-la-diaspora\\\/\"]}]},{\"@type\":\"ImageObject\",\"inLanguage\":\"fr-FR\",\"@id\":\"https:\\\/\\\/lasentinelle.dz\\\/index.php\\\/2025\\\/02\\\/17\\\/developpement-de-lentrepreneuriat-et-des-start-ups-des-mecanismes-pour-associer-la-diaspora\\\/#primaryimage\",\"url\":\"https:\\\/\\\/lasentinelle.dz\\\/wp-content\\\/uploads\\\/2025\\\/02\\\/476779350_628771826557843_6853364006735176507_n.webp\",\"contentUrl\":\"https:\\\/\\\/lasentinelle.dz\\\/wp-content\\\/uploads\\\/2025\\\/02\\\/476779350_628771826557843_6853364006735176507_n.webp\",\"width\":900,\"height\":675},{\"@type\":\"BreadcrumbList\",\"@id\":\"https:\\\/\\\/lasentinelle.dz\\\/index.php\\\/2025\\\/02\\\/17\\\/developpement-de-lentrepreneuriat-et-des-start-ups-des-mecanismes-pour-associer-la-diaspora\\\/#breadcrumb\",\"itemListElement\":[{\"@type\":\"ListItem\",\"position\":1,\"name\":\"Accueil\",\"item\":\"https:\\\/\\\/lasentinelle.dz\\\/\"},{\"@type\":\"ListItem\",\"position\":2,\"name\":\"D\u00e9veloppement de l&rsquo;entrepreneuriat et des start-ups : Des m\u00e9canismes pour associer la diaspora\"}]},{\"@type\":\"WebSite\",\"@id\":\"https:\\\/\\\/lasentinelle.dz\\\/#website\",\"url\":\"https:\\\/\\\/lasentinelle.dz\\\/\",\"name\":\"La Sentinelle\",\"description\":\"Quotidien national d&#039;information\",\"publisher\":{\"@id\":\"https:\\\/\\\/lasentinelle.dz\\\/#organization\"},\"potentialAction\":[{\"@type\":\"SearchAction\",\"target\":{\"@type\":\"EntryPoint\",\"urlTemplate\":\"https:\\\/\\\/lasentinelle.dz\\\/?s={search_term_string}\"},\"query-input\":{\"@type\":\"PropertyValueSpecification\",\"valueRequired\":true,\"valueName\":\"search_term_string\"}}],\"inLanguage\":\"fr-FR\"},{\"@type\":\"Organization\",\"@id\":\"https:\\\/\\\/lasentinelle.dz\\\/#organization\",\"name\":\"Quotidien La Sentinelle\",\"url\":\"https:\\\/\\\/lasentinelle.dz\\\/\",\"logo\":{\"@type\":\"ImageObject\",\"inLanguage\":\"fr-FR\",\"@id\":\"https:\\\/\\\/lasentinelle.dz\\\/#\\\/schema\\\/logo\\\/image\\\/\",\"url\":\"https:\\\/\\\/lasentinelle.dz\\\/wp-content\\\/uploads\\\/2021\\\/09\\\/logo-sentinelleSLOGAN-1.png\",\"contentUrl\":\"https:\\\/\\\/lasentinelle.dz\\\/wp-content\\\/uploads\\\/2021\\\/09\\\/logo-sentinelleSLOGAN-1.png\",\"width\":615,\"height\":142,\"caption\":\"Quotidien La Sentinelle\"},\"image\":{\"@id\":\"https:\\\/\\\/lasentinelle.dz\\\/#\\\/schema\\\/logo\\\/image\\\/\"},\"sameAs\":[\"https:\\\/\\\/www.facebook.com\\\/La-Sentinelle-104059864394773\"]},{\"@type\":\"Person\",\"@id\":\"https:\\\/\\\/lasentinelle.dz\\\/#\\\/schema\\\/person\\\/729ee0024f24e0b8c5ec17232f8e8b41\",\"name\":\"admin\",\"image\":{\"@type\":\"ImageObject\",\"inLanguage\":\"fr-FR\",\"@id\":\"https:\\\/\\\/secure.gravatar.com\\\/avatar\\\/4c81fed838786e9b53f540bf46533e750f5d292099ae3b66cfc6fb1982e29df7?s=96&d=mm&r=g\",\"url\":\"https:\\\/\\\/secure.gravatar.com\\\/avatar\\\/4c81fed838786e9b53f540bf46533e750f5d292099ae3b66cfc6fb1982e29df7?s=96&d=mm&r=g\",\"contentUrl\":\"https:\\\/\\\/secure.gravatar.com\\\/avatar\\\/4c81fed838786e9b53f540bf46533e750f5d292099ae3b66cfc6fb1982e29df7?s=96&d=mm&r=g\",\"caption\":\"admin\"},\"description\":\"admin\",\"url\":\"https:\\\/\\\/lasentinelle.dz\\\/author\\\/admin\\\/\"}]}<\/script>\n<!-- \/ Yoast SEO plugin. -->","yoast_head_json":{"title":"D\u00e9veloppement de l&rsquo;entrepreneuriat et des start-ups : Des m\u00e9canismes pour associer la diaspora - La Sentinelle","robots":{"index":"index","follow":"follow","max-snippet":"max-snippet:-1","max-image-preview":"max-image-preview:large","max-video-preview":"max-video-preview:-1"},"canonical":"https:\/\/lasentinelle.dz\/index.php\/2025\/02\/17\/developpement-de-lentrepreneuriat-et-des-start-ups-des-mecanismes-pour-associer-la-diaspora\/","og_locale":"fr_FR","og_type":"article","og_title":"D\u00e9veloppement de l&rsquo;entrepreneuriat et des start-ups : Des m\u00e9canismes pour associer la diaspora - La Sentinelle","og_description":"Un groupe de r\u00e9flexion th\u00e9matique virtuel r\u00e9unissant les jeunes de la diaspora alg\u00e9rienne autour du th\u00e8me \u00ab\u00a0Environnement des affaires et","og_url":"https:\/\/lasentinelle.dz\/index.php\/2025\/02\/17\/developpement-de-lentrepreneuriat-et-des-start-ups-des-mecanismes-pour-associer-la-diaspora\/","og_site_name":"La Sentinelle","article_publisher":"https:\/\/www.facebook.com\/La-Sentinelle-104059864394773","article_published_time":"2025-02-17T10:25:42+00:00","article_modified_time":"2025-02-17T10:25:43+00:00","og_image":[{"width":900,"height":675,"url":"https:\/\/lasentinelle.dz\/wp-content\/uploads\/2025\/02\/476779350_628771826557843_6853364006735176507_n.webp","type":"image\/webp"}],"author":"admin","twitter_card":"summary_large_image","twitter_misc":{"\u00c9crit par":"admin","Dur\u00e9e de lecture estim\u00e9e":"3 minutes"},"schema":{"@context":"https:\/\/schema.org","@graph":[{"@type":"Article","@id":"https:\/\/lasentinelle.dz\/index.php\/2025\/02\/17\/developpement-de-lentrepreneuriat-et-des-start-ups-des-mecanismes-pour-associer-la-diaspora\/#article","isPartOf":{"@id":"https:\/\/lasentinelle.dz\/index.php\/2025\/02\/17\/developpement-de-lentrepreneuriat-et-des-start-ups-des-mecanismes-pour-associer-la-diaspora\/"},"author":{"name":"admin","@id":"https:\/\/lasentinelle.dz\/#\/schema\/person\/729ee0024f24e0b8c5ec17232f8e8b41"},"headline":"D\u00e9veloppement de l&rsquo;entrepreneuriat et des start-ups : Des m\u00e9canismes pour associer la diaspora","datePublished":"2025-02-17T10:25:42+00:00","dateModified":"2025-02-17T10:25:43+00:00","mainEntityOfPage":{"@id":"https:\/\/lasentinelle.dz\/index.php\/2025\/02\/17\/developpement-de-lentrepreneuriat-et-des-start-ups-des-mecanismes-pour-associer-la-diaspora\/"},"wordCount":513,"commentCount":0,"publisher":{"@id":"https:\/\/lasentinelle.dz\/#organization"},"image":{"@id":"https:\/\/lasentinelle.dz\/index.php\/2025\/02\/17\/developpement-de-lentrepreneuriat-et-des-start-ups-des-mecanismes-pour-associer-la-diaspora\/#primaryimage"},"thumbnailUrl":"https:\/\/lasentinelle.dz\/wp-content\/uploads\/2025\/02\/476779350_628771826557843_6853364006735176507_n.webp","articleSection":["Actualit\u00e9"],"inLanguage":"fr-FR","potentialAction":[{"@type":"CommentAction","name":"Comment","target":["https:\/\/lasentinelle.dz\/index.php\/2025\/02\/17\/developpement-de-lentrepreneuriat-et-des-start-ups-des-mecanismes-pour-associer-la-diaspora\/#respond"]}]},{"@type":"WebPage","@id":"https:\/\/lasentinelle.dz\/index.php\/2025\/02\/17\/developpement-de-lentrepreneuriat-et-des-start-ups-des-mecanismes-pour-associer-la-diaspora\/","url":"https:\/\/lasentinelle.dz\/index.php\/2025\/02\/17\/developpement-de-lentrepreneuriat-et-des-start-ups-des-mecanismes-pour-associer-la-diaspora\/","name":"D\u00e9veloppement de l&rsquo;entrepreneuriat et des start-ups : Des m\u00e9canismes pour associer la diaspora - La Sentinelle","isPartOf":{"@id":"https:\/\/lasentinelle.dz\/#website"},"primaryImageOfPage":{"@id":"https:\/\/lasentinelle.dz\/index.php\/2025\/02\/17\/developpement-de-lentrepreneuriat-et-des-start-ups-des-mecanismes-pour-associer-la-diaspora\/#primaryimage"},"image":{"@id":"https:\/\/lasentinelle.dz\/index.php\/2025\/02\/17\/developpement-de-lentrepreneuriat-et-des-start-ups-des-mecanismes-pour-associer-la-diaspora\/#primaryimage"},"thumbnailUrl":"https:\/\/lasentinelle.dz\/wp-content\/uploads\/2025\/02\/476779350_628771826557843_6853364006735176507_n.webp","datePublished":"2025-02-17T10:25:42+00:00","dateModified":"2025-02-17T10:25:43+00:00","breadcrumb":{"@id":"https:\/\/lasentinelle.dz\/index.php\/2025\/02\/17\/developpement-de-lentrepreneuriat-et-des-start-ups-des-mecanismes-pour-associer-la-diaspora\/#breadcrumb"},"inLanguage":"fr-FR","potentialAction":[{"@type":"ReadAction","target":["https:\/\/lasentinelle.dz\/index.php\/2025\/02\/17\/developpement-de-lentrepreneuriat-et-des-start-ups-des-mecanismes-pour-associer-la-diaspora\/"]}]},{"@type":"ImageObject","inLanguage":"fr-FR","@id":"https:\/\/lasentinelle.dz\/index.php\/2025\/02\/17\/developpement-de-lentrepreneuriat-et-des-start-ups-des-mecanismes-pour-associer-la-diaspora\/#primaryimage","url":"https:\/\/lasentinelle.dz\/wp-content\/uploads\/2025\/02\/476779350_628771826557843_6853364006735176507_n.webp","contentUrl":"https:\/\/lasentinelle.dz\/wp-content\/uploads\/2025\/02\/476779350_628771826557843_6853364006735176507_n.webp","width":900,"height":675},{"@type":"BreadcrumbList","@id":"https:\/\/lasentinelle.dz\/index.php\/2025\/02\/17\/developpement-de-lentrepreneuriat-et-des-start-ups-des-mecanismes-pour-associer-la-diaspora\/#breadcrumb","itemListElement":[{"@type":"ListItem","position":1,"name":"Accueil","item":"https:\/\/lasentinelle.dz\/"},{"@type":"ListItem","position":2,"name":"D\u00e9veloppement de l&rsquo;entrepreneuriat et des start-ups : Des m\u00e9canismes pour associer la diaspora"}]},{"@type":"WebSite","@id":"https:\/\/lasentinelle.dz\/#website","url":"https:\/\/lasentinelle.dz\/","name":"La Sentinelle","description":"Quotidien national d&#039;information","publisher":{"@id":"https:\/\/lasentinelle.dz\/#organization"},"potentialAction":[{"@type":"SearchAction","target":{"@type":"EntryPoint","urlTemplate":"https:\/\/lasentinelle.dz\/?s={search_term_string}"},"query-input":{"@type":"PropertyValueSpecification","valueRequired":true,"valueName":"search_term_string"}}],"inLanguage":"fr-FR"},{"@type":"Organization","@id":"https:\/\/lasentinelle.dz\/#organization","name":"Quotidien La Sentinelle","url":"https:\/\/lasentinelle.dz\/","logo":{"@type":"ImageObject","inLanguage":"fr-FR","@id":"https:\/\/lasentinelle.dz\/#\/schema\/logo\/image\/","url":"https:\/\/lasentinelle.dz\/wp-content\/uploads\/2021\/09\/logo-sentinelleSLOGAN-1.png","contentUrl":"https:\/\/lasentinelle.dz\/wp-content\/uploads\/2021\/09\/logo-sentinelleSLOGAN-1.png","width":615,"height":142,"caption":"Quotidien La Sentinelle"},"image":{"@id":"https:\/\/lasentinelle.dz\/#\/schema\/logo\/image\/"},"sameAs":["https:\/\/www.facebook.com\/La-Sentinelle-104059864394773"]},{"@type":"Person","@id":"https:\/\/lasentinelle.dz\/#\/schema\/person\/729ee0024f24e0b8c5ec17232f8e8b41","name":"admin","image":{"@type":"ImageObject","inLanguage":"fr-FR","@id":"https:\/\/secure.gravatar.com\/avatar\/4c81fed838786e9b53f540bf46533e750f5d292099ae3b66cfc6fb1982e29df7?s=96&d=mm&r=g","url":"https:\/\/secure.gravatar.com\/avatar\/4c81fed838786e9b53f540bf46533e750f5d292099ae3b66cfc6fb1982e29df7?s=96&d=mm&r=g","contentUrl":"https:\/\/secure.gravatar.com\/avatar\/4c81fed838786e9b53f540bf46533e750f5d292099ae3b66cfc6fb1982e29df7?s=96&d=mm&r=g","caption":"admin"},"description":"admin","url":"https:\/\/lasentinelle.dz\/author\/admin\/"}]}},"_links":{"self":[{"href":"https:\/\/lasentinelle.dz\/index.php\/wp-json\/wp\/v2\/posts\/63157","targetHints":{"allow":["GET"]}}],"collection":[{"href":"https:\/\/lasentinelle.dz\/index.php\/wp-json\/wp\/v2\/posts"}],"about":[{"href":"https:\/\/lasentinelle.dz\/index.php\/wp-json\/wp\/v2\/types\/post"}],"author":[{"embeddable":true,"href":"https:\/\/lasentinelle.dz\/index.php\/wp-json\/wp\/v2\/users\/6"}],"replies":[{"embeddable":true,"href":"https:\/\/lasentinelle.dz\/index.php\/wp-json\/wp\/v2\/comments?post=63157"}],"version-history":[{"count":2,"href":"https:\/\/lasentinelle.dz\/index.php\/wp-json\/wp\/v2\/posts\/63157\/revisions"}],"predecessor-version":[{"id":63160,"href":"https:\/\/lasentinelle.dz\/index.php\/wp-json\/wp\/v2\/posts\/63157\/revisions\/63160"}],"wp:featuredmedia":[{"embeddable":true,"href":"https:\/\/lasentinelle.dz\/index.php\/wp-json\/wp\/v2\/media\/63158"}],"wp:attachment":[{"href":"https:\/\/lasentinelle.dz\/index.php\/wp-json\/wp\/v2\/media?parent=63157"}],"wp:term":[{"taxonomy":"category","embeddable":true,"href":"https:\/\/lasentinelle.dz\/index.php\/wp-json\/wp\/v2\/categories?post=63157"},{"taxonomy":"post_tag","embeddable":true,"href":"https:\/\/lasentinelle.dz\/index.php\/wp-json\/wp\/v2\/tags?post=63157"}],"curies":[{"name":"wp","href":"https:\/\/api.w.org\/{rel}","templated":true}]}}