{"id":63161,"date":"2025-02-17T11:27:04","date_gmt":"2025-02-17T10:27:04","guid":{"rendered":"https:\/\/lasentinelle.dz\/?p=63161"},"modified":"2025-02-17T11:27:35","modified_gmt":"2025-02-17T10:27:35","slug":"relance-des-unites-industrielles-recuperees-dans-le-cadre-de-la-lutte-contre-la-corruption-letat-accelere-la-cadence","status":"publish","type":"post","link":"https:\/\/lasentinelle.dz\/index.php\/2025\/02\/17\/relance-des-unites-industrielles-recuperees-dans-le-cadre-de-la-lutte-contre-la-corruption-letat-accelere-la-cadence\/","title":{"rendered":"Relance des unit\u00e9s industrielles r\u00e9cup\u00e9r\u00e9es dans le cadre de la lutte contre la corruption : L&rsquo;\u00c9tat acc\u00e9l\u00e8re la cadence"},"content":{"rendered":"\n<p>&nbsp;Plus d&rsquo;une centaine d&rsquo;actifs ont \u00e9t\u00e9 saisies dans le cadre des proc\u00e8s pour corruption et vers\u00e9s dans le patrimoine du secteur public, dont plusieurs unit\u00e9s industrielles, que les pouvoirs publics entendent relancer tr\u00e8s rapidement pour leur permettre de contribuer au d\u00e9veloppement et la diversification de l&rsquo;\u00e9conomie du pays.<\/p>\n\n\n\n<p>Le Premier ministre, Nadir Larbaoui, a pr\u00e9sid\u00e9 hier au Palais du Gouvernement une nouvelle r\u00e9union&nbsp; du Conseil des participations de l&rsquo;\u00c9tat (CPE) d\u00e9di\u00e9e au processus de r\u00e9cup\u00e9ration et de valorisation des biens confisqu\u00e9s dans le cadre des affaires de corruption. Selon le communiqu\u00e9 des services du Premier ministre, \u00ab\u00a0M. Larbaoui a pr\u00e9sid\u00e9 les travaux de la 193e session du CPE, consacr\u00e9e \u00e0 la poursuite du transfert, \u00e0 titre on\u00e9reux, au profit des institutions et organismes publics, de plusieurs biens meubles et immeubles confisqu\u00e9s par d\u00e9cisions judiciaires d\u00e9finitives dans le cadre des affaires de lutte contre la corruption\u00a0\u00bb. Au cours de cette session, \u00ab\u00a0l&rsquo;accent a \u00e9t\u00e9 mis sur la n\u00e9cessit\u00e9 d&rsquo;acc\u00e9l\u00e9rer la prise des mesures n\u00e9cessaires pour garantir l&rsquo;exploitation optimale des unit\u00e9s de production transf\u00e9r\u00e9es au profit de la collectivit\u00e9 nationale, conform\u00e9ment aux directives du pr\u00e9sident de la R\u00e9publique\u00a0\u00bb. Cette nouvelle r\u00e9union s&rsquo;inscrit dans la continuit\u00e9 d&rsquo;un processus de grande ampleur initi\u00e9 ces derni\u00e8res ann\u00e9es pour r\u00e9cup\u00e9rer et valoriser les biens issus des d\u00e9cisions de justice d\u00e9finitives prononc\u00e9es contre plusieurs hommes d&rsquo;affaires, notamment Ali Haddad, Mahieddine Tahkout, Hassan Larbaoui, Ahmed Ma\u00e2zouz, Mourad Oulmi et les fr\u00e8res Kouninef. Le bilan de cette op\u00e9ration est particuli\u00e8rement significatif : pas moins de 108 actifs ont \u00e9t\u00e9 transf\u00e9r\u00e9s vers des entreprises publiques \u00e9conomiques entre 2022 et 2024, couvrant des secteurs strat\u00e9giques tels que l&rsquo;industrie, le tourisme, l&rsquo;\u00e9nergie, les mines et les travaux publics. L&rsquo;ann\u00e9e 2022 avait d\u00e9j\u00e0 marqu\u00e9 une premi\u00e8re \u00e9tape importante avec le transfert de 31 biens, dont 15 soci\u00e9t\u00e9s et 8 unit\u00e9s de production. Cette dynamique s&rsquo;est consid\u00e9rablement acc\u00e9l\u00e9r\u00e9e en 2024 avec la r\u00e9cup\u00e9ration de 77 actifs suppl\u00e9mentaires en deux vagues successives. Le secteur industriel appara\u00eet comme le principal b\u00e9n\u00e9ficiaire de cette politique avec 42 actifs transf\u00e9r\u00e9s sur la p\u00e9riode, des unit\u00e9s d&rsquo;industrie agroalimentaire vers les groupes publics &nbsp;AGRODIV et Madar Holding et plusieurs entreprises m\u00e9caniques rattach\u00e9es au groupe IMetal. L&rsquo;importance \u00e9conomique de ces transferts est consid\u00e9rable : la premi\u00e8re tranche des biens saisis en 2024, qui comprend 23 unit\u00e9s industrielles employant plus de 3.500 travailleurs, repr\u00e9sente une valeur estim\u00e9e \u00e0 37 milliards de dinars. Le secteur agricole a \u00e9galement b\u00e9n\u00e9fici\u00e9 de cette dynamique avec la r\u00e9cup\u00e9ration de trois entreprises strat\u00e9giques : une sp\u00e9cialis\u00e9e dans la production de viande blanche et d&rsquo;\u0153ufs, d\u00e9sormais rattach\u00e9e au groupe AGROLOG, une autre dans la production de fromages int\u00e9gr\u00e9e \u00e0 GIPLAIT, et une soci\u00e9t\u00e9 de production d&rsquo;huile d&rsquo;olive transf\u00e9r\u00e9e \u00e0 la DCAS. Le secteur touristique n&rsquo;est pas en reste, avec le transfert au GHTT de plusieurs \u00e9tablissements h\u00f4teliers, dont deux \u00e0 Alger int\u00e9gr\u00e9s \u00e0 l&rsquo;EGH El-Djaza\u00efr, ainsi que des installations touristiques \u00e0 Tizi Ouzou et Ouargla. Parmi les projets structurels majeurs figurent notamment une usine de tubes en acier \u00e0 Oran et le complexe de trituration des graines ol\u00e9agineuses de Jijel, dont la mise en service est pr\u00e9vue tr\u00e8s prochainement et lequel permettra de couvrir 40 % des besoins du march\u00e9 en huile de table laquelle sera int\u00e9gralement produite en Alg\u00e9rie du champ \u00e0 la bouteille. Ce projet strat\u00e9gique sera compl\u00e9t\u00e9 par un complexe de de production de sucre 100% int\u00e9gr\u00e9 Tafadis, situ\u00e9e dans la zone industrielle de Larbatache (Boumerd\u00e8s), lequel illustre parfaitement cette dynamique de redressement. R\u00e9cemment r\u00e9cup\u00e9r\u00e9e dans le cadre du processus de confiscation, cette unit\u00e9 qui entrera prochainement en phase de production dispose d&rsquo;une capacit\u00e9 de 2.000 tonnes par jour. Lors d&rsquo;une r\u00e9cente visite d&rsquo;inspection, le ministre de l&rsquo;Industrie a d&rsquo;ailleurs soulign\u00e9 que ce projet constituait un mod\u00e8le de relance des unit\u00e9s industrielles r\u00e9cup\u00e9r\u00e9es. Au mois de janvier dernier il avait rappel\u00e9 qu&rsquo;il \u00ab\u00a0appartient de relancer l&rsquo;activit\u00e9 des biens \u00e9conomiques saisis et r\u00e9cup\u00e9r\u00e9s, en vue de renforcer l&rsquo;action de d\u00e9veloppement \u00e9conomique et sociale\u00a0\u00bb, tout en insistant sur \u00ab\u00a0l&rsquo;imp\u00e9ratif respect des \u00e9ch\u00e9ances arr\u00eat\u00e9es pour la relance de ces projets qui auront un impact positif sur le d\u00e9veloppement \u00e9conomique\u00a0\u00bb. Cette vaste op\u00e9ration de r\u00e9cup\u00e9ration et de valorisation des biens confisqu\u00e9s s&rsquo;inscrit ainsi dans une strat\u00e9gie globale visant non seulement \u00e0 assainir le paysage \u00e9conomique national, mais aussi \u00e0 pr\u00e9server et cr\u00e9er des emplois, tout en contribuant \u00e0 la modernisation de l&rsquo;\u00e9conomie alg\u00e9rienne.<\/p>\n\n\n\n<p><strong>Samir Benisid<\/strong><\/p>\n","protected":false},"excerpt":{"rendered":"<p>&nbsp;Plus d&rsquo;une centaine d&rsquo;actifs ont \u00e9t\u00e9 saisies dans le cadre des proc\u00e8s pour corruption et vers\u00e9s dans le patrimoine du<\/p>\n","protected":false},"author":6,"featured_media":63162,"comment_status":"open","ping_status":"closed","sticky":false,"template":"","format":"standard","meta":{"colormag_page_container_layout":"default_layout","colormag_page_sidebar_layout":"default_layout","om_disable_all_campaigns":false,"_monsterinsights_skip_tracking":false,"_monsterinsights_sitenote_active":false,"_monsterinsights_sitenote_note":"","_monsterinsights_sitenote_category":0,"footnotes":"","_wpscppro_dont_share_socialmedia":false,"_wpscppro_custom_social_share_image":0,"_facebook_share_type":"default","_twitter_share_type":"default","_linkedin_share_type":"default","_pinterest_share_type":"default","_linkedin_share_type_page":"","_instagram_share_type":"default","_medium_share_type":"default","_threads_share_type":"","_google_business_share_type":"","_selected_social_profile":[],"_wpsp_enable_custom_social_template":false,"_wpsp_social_scheduling":{"enabled":false,"datetime":null,"platforms":[],"status":"template_only","dateOption":"today","timeOption":"now","customDays":"","customHours":"","customDate":"","customTime":"","schedulingType":"absolute"},"_wpsp_active_default_template":true},"categories":[52,27],"tags":[],"class_list":["post-63161","post","type-post","status-publish","format-standard","has-post-thumbnail","hentry","category-a-la-une","category-actualite"],"aioseo_notices":[],"yoast_head":"<!-- This site is optimized with the Yoast SEO plugin v27.5 - https:\/\/yoast.com\/product\/yoast-seo-wordpress\/ -->\n<title>Relance des unit\u00e9s industrielles r\u00e9cup\u00e9r\u00e9es dans le cadre de la lutte contre la corruption : L&rsquo;\u00c9tat acc\u00e9l\u00e8re la cadence - La Sentinelle<\/title>\n<meta name=\"robots\" content=\"index, follow, max-snippet:-1, max-image-preview:large, max-video-preview:-1\" \/>\n<link rel=\"canonical\" href=\"https:\/\/lasentinelle.dz\/index.php\/2025\/02\/17\/relance-des-unites-industrielles-recuperees-dans-le-cadre-de-la-lutte-contre-la-corruption-letat-accelere-la-cadence\/\" \/>\n<meta property=\"og:locale\" content=\"fr_FR\" \/>\n<meta property=\"og:type\" content=\"article\" \/>\n<meta property=\"og:title\" content=\"Relance des unit\u00e9s industrielles r\u00e9cup\u00e9r\u00e9es dans le cadre de la lutte contre la corruption : L&rsquo;\u00c9tat acc\u00e9l\u00e8re la cadence - La Sentinelle\" \/>\n<meta property=\"og:description\" content=\"&nbsp;Plus d&rsquo;une centaine d&rsquo;actifs ont \u00e9t\u00e9 saisies dans le cadre des proc\u00e8s pour corruption et vers\u00e9s dans le patrimoine du\" \/>\n<meta property=\"og:url\" content=\"https:\/\/lasentinelle.dz\/index.php\/2025\/02\/17\/relance-des-unites-industrielles-recuperees-dans-le-cadre-de-la-lutte-contre-la-corruption-letat-accelere-la-cadence\/\" \/>\n<meta property=\"og:site_name\" content=\"La Sentinelle\" \/>\n<meta property=\"article:publisher\" content=\"https:\/\/www.facebook.com\/La-Sentinelle-104059864394773\" \/>\n<meta property=\"article:published_time\" content=\"2025-02-17T10:27:04+00:00\" \/>\n<meta property=\"article:modified_time\" content=\"2025-02-17T10:27:35+00:00\" \/>\n<meta property=\"og:image\" content=\"https:\/\/lasentinelle.dz\/wp-content\/uploads\/2025\/02\/Industrie.jpg\" \/>\n\t<meta property=\"og:image:width\" content=\"1080\" \/>\n\t<meta property=\"og:image:height\" content=\"720\" \/>\n\t<meta property=\"og:image:type\" content=\"image\/jpeg\" \/>\n<meta name=\"author\" content=\"admin\" \/>\n<meta name=\"twitter:card\" content=\"summary_large_image\" \/>\n<meta name=\"twitter:label1\" content=\"\u00c9crit par\" \/>\n\t<meta name=\"twitter:data1\" content=\"admin\" \/>\n\t<meta name=\"twitter:label2\" content=\"Dur\u00e9e de lecture estim\u00e9e\" \/>\n\t<meta name=\"twitter:data2\" content=\"4 minutes\" \/>\n<script type=\"application\/ld+json\" class=\"yoast-schema-graph\">{\"@context\":\"https:\\\/\\\/schema.org\",\"@graph\":[{\"@type\":\"Article\",\"@id\":\"https:\\\/\\\/lasentinelle.dz\\\/index.php\\\/2025\\\/02\\\/17\\\/relance-des-unites-industrielles-recuperees-dans-le-cadre-de-la-lutte-contre-la-corruption-letat-accelere-la-cadence\\\/#article\",\"isPartOf\":{\"@id\":\"https:\\\/\\\/lasentinelle.dz\\\/index.php\\\/2025\\\/02\\\/17\\\/relance-des-unites-industrielles-recuperees-dans-le-cadre-de-la-lutte-contre-la-corruption-letat-accelere-la-cadence\\\/\"},\"author\":{\"name\":\"admin\",\"@id\":\"https:\\\/\\\/lasentinelle.dz\\\/#\\\/schema\\\/person\\\/729ee0024f24e0b8c5ec17232f8e8b41\"},\"headline\":\"Relance des unit\u00e9s industrielles r\u00e9cup\u00e9r\u00e9es dans le cadre de la lutte contre la corruption : L&rsquo;\u00c9tat acc\u00e9l\u00e8re la cadence\",\"datePublished\":\"2025-02-17T10:27:04+00:00\",\"dateModified\":\"2025-02-17T10:27:35+00:00\",\"mainEntityOfPage\":{\"@id\":\"https:\\\/\\\/lasentinelle.dz\\\/index.php\\\/2025\\\/02\\\/17\\\/relance-des-unites-industrielles-recuperees-dans-le-cadre-de-la-lutte-contre-la-corruption-letat-accelere-la-cadence\\\/\"},\"wordCount\":868,\"commentCount\":0,\"publisher\":{\"@id\":\"https:\\\/\\\/lasentinelle.dz\\\/#organization\"},\"image\":{\"@id\":\"https:\\\/\\\/lasentinelle.dz\\\/index.php\\\/2025\\\/02\\\/17\\\/relance-des-unites-industrielles-recuperees-dans-le-cadre-de-la-lutte-contre-la-corruption-letat-accelere-la-cadence\\\/#primaryimage\"},\"thumbnailUrl\":\"https:\\\/\\\/lasentinelle.dz\\\/wp-content\\\/uploads\\\/2025\\\/02\\\/Industrie.jpg\",\"articleSection\":[\"\u00c0 la Une\",\"Actualit\u00e9\"],\"inLanguage\":\"fr-FR\",\"potentialAction\":[{\"@type\":\"CommentAction\",\"name\":\"Comment\",\"target\":[\"https:\\\/\\\/lasentinelle.dz\\\/index.php\\\/2025\\\/02\\\/17\\\/relance-des-unites-industrielles-recuperees-dans-le-cadre-de-la-lutte-contre-la-corruption-letat-accelere-la-cadence\\\/#respond\"]}]},{\"@type\":\"WebPage\",\"@id\":\"https:\\\/\\\/lasentinelle.dz\\\/index.php\\\/2025\\\/02\\\/17\\\/relance-des-unites-industrielles-recuperees-dans-le-cadre-de-la-lutte-contre-la-corruption-letat-accelere-la-cadence\\\/\",\"url\":\"https:\\\/\\\/lasentinelle.dz\\\/index.php\\\/2025\\\/02\\\/17\\\/relance-des-unites-industrielles-recuperees-dans-le-cadre-de-la-lutte-contre-la-corruption-letat-accelere-la-cadence\\\/\",\"name\":\"Relance des unit\u00e9s industrielles r\u00e9cup\u00e9r\u00e9es dans le cadre de la lutte contre la corruption : L&rsquo;\u00c9tat acc\u00e9l\u00e8re la cadence - La Sentinelle\",\"isPartOf\":{\"@id\":\"https:\\\/\\\/lasentinelle.dz\\\/#website\"},\"primaryImageOfPage\":{\"@id\":\"https:\\\/\\\/lasentinelle.dz\\\/index.php\\\/2025\\\/02\\\/17\\\/relance-des-unites-industrielles-recuperees-dans-le-cadre-de-la-lutte-contre-la-corruption-letat-accelere-la-cadence\\\/#primaryimage\"},\"image\":{\"@id\":\"https:\\\/\\\/lasentinelle.dz\\\/index.php\\\/2025\\\/02\\\/17\\\/relance-des-unites-industrielles-recuperees-dans-le-cadre-de-la-lutte-contre-la-corruption-letat-accelere-la-cadence\\\/#primaryimage\"},\"thumbnailUrl\":\"https:\\\/\\\/lasentinelle.dz\\\/wp-content\\\/uploads\\\/2025\\\/02\\\/Industrie.jpg\",\"datePublished\":\"2025-02-17T10:27:04+00:00\",\"dateModified\":\"2025-02-17T10:27:35+00:00\",\"breadcrumb\":{\"@id\":\"https:\\\/\\\/lasentinelle.dz\\\/index.php\\\/2025\\\/02\\\/17\\\/relance-des-unites-industrielles-recuperees-dans-le-cadre-de-la-lutte-contre-la-corruption-letat-accelere-la-cadence\\\/#breadcrumb\"},\"inLanguage\":\"fr-FR\",\"potentialAction\":[{\"@type\":\"ReadAction\",\"target\":[\"https:\\\/\\\/lasentinelle.dz\\\/index.php\\\/2025\\\/02\\\/17\\\/relance-des-unites-industrielles-recuperees-dans-le-cadre-de-la-lutte-contre-la-corruption-letat-accelere-la-cadence\\\/\"]}]},{\"@type\":\"ImageObject\",\"inLanguage\":\"fr-FR\",\"@id\":\"https:\\\/\\\/lasentinelle.dz\\\/index.php\\\/2025\\\/02\\\/17\\\/relance-des-unites-industrielles-recuperees-dans-le-cadre-de-la-lutte-contre-la-corruption-letat-accelere-la-cadence\\\/#primaryimage\",\"url\":\"https:\\\/\\\/lasentinelle.dz\\\/wp-content\\\/uploads\\\/2025\\\/02\\\/Industrie.jpg\",\"contentUrl\":\"https:\\\/\\\/lasentinelle.dz\\\/wp-content\\\/uploads\\\/2025\\\/02\\\/Industrie.jpg\",\"width\":1080,\"height\":720},{\"@type\":\"BreadcrumbList\",\"@id\":\"https:\\\/\\\/lasentinelle.dz\\\/index.php\\\/2025\\\/02\\\/17\\\/relance-des-unites-industrielles-recuperees-dans-le-cadre-de-la-lutte-contre-la-corruption-letat-accelere-la-cadence\\\/#breadcrumb\",\"itemListElement\":[{\"@type\":\"ListItem\",\"position\":1,\"name\":\"Accueil\",\"item\":\"https:\\\/\\\/lasentinelle.dz\\\/\"},{\"@type\":\"ListItem\",\"position\":2,\"name\":\"Relance des unit\u00e9s industrielles r\u00e9cup\u00e9r\u00e9es dans le cadre de la lutte contre la corruption : L&rsquo;\u00c9tat acc\u00e9l\u00e8re la cadence\"}]},{\"@type\":\"WebSite\",\"@id\":\"https:\\\/\\\/lasentinelle.dz\\\/#website\",\"url\":\"https:\\\/\\\/lasentinelle.dz\\\/\",\"name\":\"La Sentinelle\",\"description\":\"Quotidien national d&#039;information\",\"publisher\":{\"@id\":\"https:\\\/\\\/lasentinelle.dz\\\/#organization\"},\"potentialAction\":[{\"@type\":\"SearchAction\",\"target\":{\"@type\":\"EntryPoint\",\"urlTemplate\":\"https:\\\/\\\/lasentinelle.dz\\\/?s={search_term_string}\"},\"query-input\":{\"@type\":\"PropertyValueSpecification\",\"valueRequired\":true,\"valueName\":\"search_term_string\"}}],\"inLanguage\":\"fr-FR\"},{\"@type\":\"Organization\",\"@id\":\"https:\\\/\\\/lasentinelle.dz\\\/#organization\",\"name\":\"Quotidien La Sentinelle\",\"url\":\"https:\\\/\\\/lasentinelle.dz\\\/\",\"logo\":{\"@type\":\"ImageObject\",\"inLanguage\":\"fr-FR\",\"@id\":\"https:\\\/\\\/lasentinelle.dz\\\/#\\\/schema\\\/logo\\\/image\\\/\",\"url\":\"https:\\\/\\\/lasentinelle.dz\\\/wp-content\\\/uploads\\\/2021\\\/09\\\/logo-sentinelleSLOGAN-1.png\",\"contentUrl\":\"https:\\\/\\\/lasentinelle.dz\\\/wp-content\\\/uploads\\\/2021\\\/09\\\/logo-sentinelleSLOGAN-1.png\",\"width\":615,\"height\":142,\"caption\":\"Quotidien La Sentinelle\"},\"image\":{\"@id\":\"https:\\\/\\\/lasentinelle.dz\\\/#\\\/schema\\\/logo\\\/image\\\/\"},\"sameAs\":[\"https:\\\/\\\/www.facebook.com\\\/La-Sentinelle-104059864394773\"]},{\"@type\":\"Person\",\"@id\":\"https:\\\/\\\/lasentinelle.dz\\\/#\\\/schema\\\/person\\\/729ee0024f24e0b8c5ec17232f8e8b41\",\"name\":\"admin\",\"image\":{\"@type\":\"ImageObject\",\"inLanguage\":\"fr-FR\",\"@id\":\"https:\\\/\\\/secure.gravatar.com\\\/avatar\\\/4c81fed838786e9b53f540bf46533e750f5d292099ae3b66cfc6fb1982e29df7?s=96&d=mm&r=g\",\"url\":\"https:\\\/\\\/secure.gravatar.com\\\/avatar\\\/4c81fed838786e9b53f540bf46533e750f5d292099ae3b66cfc6fb1982e29df7?s=96&d=mm&r=g\",\"contentUrl\":\"https:\\\/\\\/secure.gravatar.com\\\/avatar\\\/4c81fed838786e9b53f540bf46533e750f5d292099ae3b66cfc6fb1982e29df7?s=96&d=mm&r=g\",\"caption\":\"admin\"},\"description\":\"admin\",\"url\":\"https:\\\/\\\/lasentinelle.dz\\\/author\\\/admin\\\/\"}]}<\/script>\n<!-- \/ Yoast SEO plugin. -->","yoast_head_json":{"title":"Relance des unit\u00e9s industrielles r\u00e9cup\u00e9r\u00e9es dans le cadre de la lutte contre la corruption : L&rsquo;\u00c9tat acc\u00e9l\u00e8re la cadence - La Sentinelle","robots":{"index":"index","follow":"follow","max-snippet":"max-snippet:-1","max-image-preview":"max-image-preview:large","max-video-preview":"max-video-preview:-1"},"canonical":"https:\/\/lasentinelle.dz\/index.php\/2025\/02\/17\/relance-des-unites-industrielles-recuperees-dans-le-cadre-de-la-lutte-contre-la-corruption-letat-accelere-la-cadence\/","og_locale":"fr_FR","og_type":"article","og_title":"Relance des unit\u00e9s industrielles r\u00e9cup\u00e9r\u00e9es dans le cadre de la lutte contre la corruption : L&rsquo;\u00c9tat acc\u00e9l\u00e8re la cadence - La Sentinelle","og_description":"&nbsp;Plus d&rsquo;une centaine d&rsquo;actifs ont \u00e9t\u00e9 saisies dans le cadre des proc\u00e8s pour corruption et vers\u00e9s dans le patrimoine du","og_url":"https:\/\/lasentinelle.dz\/index.php\/2025\/02\/17\/relance-des-unites-industrielles-recuperees-dans-le-cadre-de-la-lutte-contre-la-corruption-letat-accelere-la-cadence\/","og_site_name":"La Sentinelle","article_publisher":"https:\/\/www.facebook.com\/La-Sentinelle-104059864394773","article_published_time":"2025-02-17T10:27:04+00:00","article_modified_time":"2025-02-17T10:27:35+00:00","og_image":[{"width":1080,"height":720,"url":"https:\/\/lasentinelle.dz\/wp-content\/uploads\/2025\/02\/Industrie.jpg","type":"image\/jpeg"}],"author":"admin","twitter_card":"summary_large_image","twitter_misc":{"\u00c9crit par":"admin","Dur\u00e9e de lecture estim\u00e9e":"4 minutes"},"schema":{"@context":"https:\/\/schema.org","@graph":[{"@type":"Article","@id":"https:\/\/lasentinelle.dz\/index.php\/2025\/02\/17\/relance-des-unites-industrielles-recuperees-dans-le-cadre-de-la-lutte-contre-la-corruption-letat-accelere-la-cadence\/#article","isPartOf":{"@id":"https:\/\/lasentinelle.dz\/index.php\/2025\/02\/17\/relance-des-unites-industrielles-recuperees-dans-le-cadre-de-la-lutte-contre-la-corruption-letat-accelere-la-cadence\/"},"author":{"name":"admin","@id":"https:\/\/lasentinelle.dz\/#\/schema\/person\/729ee0024f24e0b8c5ec17232f8e8b41"},"headline":"Relance des unit\u00e9s industrielles r\u00e9cup\u00e9r\u00e9es dans le cadre de la lutte contre la corruption : L&rsquo;\u00c9tat acc\u00e9l\u00e8re la cadence","datePublished":"2025-02-17T10:27:04+00:00","dateModified":"2025-02-17T10:27:35+00:00","mainEntityOfPage":{"@id":"https:\/\/lasentinelle.dz\/index.php\/2025\/02\/17\/relance-des-unites-industrielles-recuperees-dans-le-cadre-de-la-lutte-contre-la-corruption-letat-accelere-la-cadence\/"},"wordCount":868,"commentCount":0,"publisher":{"@id":"https:\/\/lasentinelle.dz\/#organization"},"image":{"@id":"https:\/\/lasentinelle.dz\/index.php\/2025\/02\/17\/relance-des-unites-industrielles-recuperees-dans-le-cadre-de-la-lutte-contre-la-corruption-letat-accelere-la-cadence\/#primaryimage"},"thumbnailUrl":"https:\/\/lasentinelle.dz\/wp-content\/uploads\/2025\/02\/Industrie.jpg","articleSection":["\u00c0 la Une","Actualit\u00e9"],"inLanguage":"fr-FR","potentialAction":[{"@type":"CommentAction","name":"Comment","target":["https:\/\/lasentinelle.dz\/index.php\/2025\/02\/17\/relance-des-unites-industrielles-recuperees-dans-le-cadre-de-la-lutte-contre-la-corruption-letat-accelere-la-cadence\/#respond"]}]},{"@type":"WebPage","@id":"https:\/\/lasentinelle.dz\/index.php\/2025\/02\/17\/relance-des-unites-industrielles-recuperees-dans-le-cadre-de-la-lutte-contre-la-corruption-letat-accelere-la-cadence\/","url":"https:\/\/lasentinelle.dz\/index.php\/2025\/02\/17\/relance-des-unites-industrielles-recuperees-dans-le-cadre-de-la-lutte-contre-la-corruption-letat-accelere-la-cadence\/","name":"Relance des unit\u00e9s industrielles r\u00e9cup\u00e9r\u00e9es dans le cadre de la lutte contre la corruption : L&rsquo;\u00c9tat acc\u00e9l\u00e8re la cadence - La Sentinelle","isPartOf":{"@id":"https:\/\/lasentinelle.dz\/#website"},"primaryImageOfPage":{"@id":"https:\/\/lasentinelle.dz\/index.php\/2025\/02\/17\/relance-des-unites-industrielles-recuperees-dans-le-cadre-de-la-lutte-contre-la-corruption-letat-accelere-la-cadence\/#primaryimage"},"image":{"@id":"https:\/\/lasentinelle.dz\/index.php\/2025\/02\/17\/relance-des-unites-industrielles-recuperees-dans-le-cadre-de-la-lutte-contre-la-corruption-letat-accelere-la-cadence\/#primaryimage"},"thumbnailUrl":"https:\/\/lasentinelle.dz\/wp-content\/uploads\/2025\/02\/Industrie.jpg","datePublished":"2025-02-17T10:27:04+00:00","dateModified":"2025-02-17T10:27:35+00:00","breadcrumb":{"@id":"https:\/\/lasentinelle.dz\/index.php\/2025\/02\/17\/relance-des-unites-industrielles-recuperees-dans-le-cadre-de-la-lutte-contre-la-corruption-letat-accelere-la-cadence\/#breadcrumb"},"inLanguage":"fr-FR","potentialAction":[{"@type":"ReadAction","target":["https:\/\/lasentinelle.dz\/index.php\/2025\/02\/17\/relance-des-unites-industrielles-recuperees-dans-le-cadre-de-la-lutte-contre-la-corruption-letat-accelere-la-cadence\/"]}]},{"@type":"ImageObject","inLanguage":"fr-FR","@id":"https:\/\/lasentinelle.dz\/index.php\/2025\/02\/17\/relance-des-unites-industrielles-recuperees-dans-le-cadre-de-la-lutte-contre-la-corruption-letat-accelere-la-cadence\/#primaryimage","url":"https:\/\/lasentinelle.dz\/wp-content\/uploads\/2025\/02\/Industrie.jpg","contentUrl":"https:\/\/lasentinelle.dz\/wp-content\/uploads\/2025\/02\/Industrie.jpg","width":1080,"height":720},{"@type":"BreadcrumbList","@id":"https:\/\/lasentinelle.dz\/index.php\/2025\/02\/17\/relance-des-unites-industrielles-recuperees-dans-le-cadre-de-la-lutte-contre-la-corruption-letat-accelere-la-cadence\/#breadcrumb","itemListElement":[{"@type":"ListItem","position":1,"name":"Accueil","item":"https:\/\/lasentinelle.dz\/"},{"@type":"ListItem","position":2,"name":"Relance des unit\u00e9s industrielles r\u00e9cup\u00e9r\u00e9es dans le cadre de la lutte contre la corruption : L&rsquo;\u00c9tat acc\u00e9l\u00e8re la cadence"}]},{"@type":"WebSite","@id":"https:\/\/lasentinelle.dz\/#website","url":"https:\/\/lasentinelle.dz\/","name":"La Sentinelle","description":"Quotidien national d&#039;information","publisher":{"@id":"https:\/\/lasentinelle.dz\/#organization"},"potentialAction":[{"@type":"SearchAction","target":{"@type":"EntryPoint","urlTemplate":"https:\/\/lasentinelle.dz\/?s={search_term_string}"},"query-input":{"@type":"PropertyValueSpecification","valueRequired":true,"valueName":"search_term_string"}}],"inLanguage":"fr-FR"},{"@type":"Organization","@id":"https:\/\/lasentinelle.dz\/#organization","name":"Quotidien La Sentinelle","url":"https:\/\/lasentinelle.dz\/","logo":{"@type":"ImageObject","inLanguage":"fr-FR","@id":"https:\/\/lasentinelle.dz\/#\/schema\/logo\/image\/","url":"https:\/\/lasentinelle.dz\/wp-content\/uploads\/2021\/09\/logo-sentinelleSLOGAN-1.png","contentUrl":"https:\/\/lasentinelle.dz\/wp-content\/uploads\/2021\/09\/logo-sentinelleSLOGAN-1.png","width":615,"height":142,"caption":"Quotidien La Sentinelle"},"image":{"@id":"https:\/\/lasentinelle.dz\/#\/schema\/logo\/image\/"},"sameAs":["https:\/\/www.facebook.com\/La-Sentinelle-104059864394773"]},{"@type":"Person","@id":"https:\/\/lasentinelle.dz\/#\/schema\/person\/729ee0024f24e0b8c5ec17232f8e8b41","name":"admin","image":{"@type":"ImageObject","inLanguage":"fr-FR","@id":"https:\/\/secure.gravatar.com\/avatar\/4c81fed838786e9b53f540bf46533e750f5d292099ae3b66cfc6fb1982e29df7?s=96&d=mm&r=g","url":"https:\/\/secure.gravatar.com\/avatar\/4c81fed838786e9b53f540bf46533e750f5d292099ae3b66cfc6fb1982e29df7?s=96&d=mm&r=g","contentUrl":"https:\/\/secure.gravatar.com\/avatar\/4c81fed838786e9b53f540bf46533e750f5d292099ae3b66cfc6fb1982e29df7?s=96&d=mm&r=g","caption":"admin"},"description":"admin","url":"https:\/\/lasentinelle.dz\/author\/admin\/"}]}},"_links":{"self":[{"href":"https:\/\/lasentinelle.dz\/index.php\/wp-json\/wp\/v2\/posts\/63161","targetHints":{"allow":["GET"]}}],"collection":[{"href":"https:\/\/lasentinelle.dz\/index.php\/wp-json\/wp\/v2\/posts"}],"about":[{"href":"https:\/\/lasentinelle.dz\/index.php\/wp-json\/wp\/v2\/types\/post"}],"author":[{"embeddable":true,"href":"https:\/\/lasentinelle.dz\/index.php\/wp-json\/wp\/v2\/users\/6"}],"replies":[{"embeddable":true,"href":"https:\/\/lasentinelle.dz\/index.php\/wp-json\/wp\/v2\/comments?post=63161"}],"version-history":[{"count":4,"href":"https:\/\/lasentinelle.dz\/index.php\/wp-json\/wp\/v2\/posts\/63161\/revisions"}],"predecessor-version":[{"id":63166,"href":"https:\/\/lasentinelle.dz\/index.php\/wp-json\/wp\/v2\/posts\/63161\/revisions\/63166"}],"wp:featuredmedia":[{"embeddable":true,"href":"https:\/\/lasentinelle.dz\/index.php\/wp-json\/wp\/v2\/media\/63162"}],"wp:attachment":[{"href":"https:\/\/lasentinelle.dz\/index.php\/wp-json\/wp\/v2\/media?parent=63161"}],"wp:term":[{"taxonomy":"category","embeddable":true,"href":"https:\/\/lasentinelle.dz\/index.php\/wp-json\/wp\/v2\/categories?post=63161"},{"taxonomy":"post_tag","embeddable":true,"href":"https:\/\/lasentinelle.dz\/index.php\/wp-json\/wp\/v2\/tags?post=63161"}],"curies":[{"name":"wp","href":"https:\/\/api.w.org\/{rel}","templated":true}]}}