{"id":63172,"date":"2025-02-18T12:55:44","date_gmt":"2025-02-18T11:55:44","guid":{"rendered":"https:\/\/lasentinelle.dz\/?p=63172"},"modified":"2025-02-18T12:55:45","modified_gmt":"2025-02-18T11:55:45","slug":"maroc-les-prisons-cimetieres-de-la-dignite-humaine-et-de-la-tragedie-sans-limites","status":"publish","type":"post","link":"https:\/\/lasentinelle.dz\/index.php\/2025\/02\/18\/maroc-les-prisons-cimetieres-de-la-dignite-humaine-et-de-la-tragedie-sans-limites\/","title":{"rendered":"Maroc: Les prisons, cimeti\u00e8res de la dignit\u00e9 humaine et de la trag\u00e9die sans limites"},"content":{"rendered":"\n<p>Dans un contexte d&rsquo;intensification de la r\u00e9pression politique, les prisons marocaines sont devenues de v\u00e9ritables cimeti\u00e8res de la dignit\u00e9 humaine. Surpopulation extr\u00eame, malnutrition, torture psychologique et physique, n\u00e9gligence m\u00e9dicale et m\u00eame trafic d&rsquo;organes humains y r\u00e8gnent, selon des t\u00e9moignages accablants.<\/p>\n\n\n\n<p>La surpopulation carc\u00e9rale constitue l&rsquo;un des probl\u00e8mes majeurs. Comme en t\u00e9moigne un ancien d\u00e9tenu : \u00ab\u00a0les prisons marocaines sont des lieux d&rsquo;enfer o\u00f9 les d\u00e9tenus vivent dans des conditions insoutenables, sans aucun espoir de r\u00e9insertion\u00a0\u00bb. Cette situation se mat\u00e9rialise par des cellules surpeupl\u00e9es o\u00f9, selon les t\u00e9moignages, \u00ab\u00a0l&rsquo;air est irrespirable, la lumi\u00e8re inexistante et les prisonniers dorment \u00e0 m\u00eame le sol, au milieu d&rsquo;odeurs insupportables\u00a0\u00bb. Les conditions sanitaires et alimentaires sont particuli\u00e8rement pr\u00e9occupantes. La malnutrition s\u00e9vit de mani\u00e8re end\u00e9mique, cr\u00e9ant des situations de tension extr\u00eame entre les d\u00e9tenus. Comme le souligne le t\u00e9moignage recueilli, \u00ab\u00a0les repas sont si insuffisants que certains en viennent \u00e0 voler leurs cod\u00e9tenus pour calmer leur faim\u00a0\u00bb. L&rsquo;acc\u00e8s aux soins m\u00e9dicaux repr\u00e9sente un autre aspect critique de cette crise. \u00ab\u00a0Les soins sont quasi inexistants. Les malades de la tuberculose ou du VIH sont laiss\u00e9s sans traitement, et beaucoup meurent dans l&rsquo;indiff\u00e9rence totale\u00a0\u00bb. Cette n\u00e9gligence m\u00e9dicale syst\u00e9matique constitue une violation flagrante des droits humains les plus \u00e9l\u00e9mentaires. La situation est particuli\u00e8rement grave dans certains \u00e9tablissements, comme la prison de F\u00e8s, o\u00f9 des accusations tr\u00e8s s\u00e9rieuses ont \u00e9merg\u00e9. Selon les t\u00e9moignages, \u00ab\u00a0des actes de corruption, de meurtres et de trafic d&rsquo;organes humains ont \u00e9t\u00e9 constat\u00e9s\u00a0\u00bb, des pratiques qualifi\u00e9es de \u00ab\u00a0crimes contre l&rsquo;humanit\u00e9 n\u00e9cessitant une intervention internationale urgente\u00a0\u00bb. La violence structurelle du syst\u00e8me se manifeste \u00e9galement \u00e0 travers la corruption du personnel p\u00e9nitentiaire. \u00ab\u00a0Certains gardiens profitent de cette situation pour extorquer les prisonniers, tandis que d&rsquo;autres d\u00e9tournent le regard\u00a0\u00bb, r\u00e9v\u00e8le le t\u00e9moignage, mettant en lumi\u00e8re un syst\u00e8me o\u00f9 l&rsquo;impunit\u00e9 r\u00e8gne. Cette situation critique s&rsquo;inscrit dans un contexte plus large de durcissement politique au Maroc. L&rsquo;\u00e9tat des prisons refl\u00e8te une d\u00e9t\u00e9rioration g\u00e9n\u00e9rale du respect des droits humains, particuli\u00e8rement pr\u00e9occupante dans le pays.<\/p>\n\n\n\n<p>L.S.<\/p>\n","protected":false},"excerpt":{"rendered":"<p>Dans un contexte d&rsquo;intensification de la r\u00e9pression politique, les prisons marocaines sont devenues de v\u00e9ritables cimeti\u00e8res de la dignit\u00e9 humaine.<\/p>\n","protected":false},"author":6,"featured_media":63173,"comment_status":"open","ping_status":"closed","sticky":false,"template":"","format":"standard","meta":{"colormag_page_container_layout":"default_layout","colormag_page_sidebar_layout":"default_layout","om_disable_all_campaigns":false,"_monsterinsights_skip_tracking":false,"_monsterinsights_sitenote_active":false,"_monsterinsights_sitenote_note":"","_monsterinsights_sitenote_category":0,"footnotes":"","_wpscppro_dont_share_socialmedia":false,"_wpscppro_custom_social_share_image":0,"_facebook_share_type":"default","_twitter_share_type":"default","_linkedin_share_type":"default","_pinterest_share_type":"default","_linkedin_share_type_page":"","_instagram_share_type":"default","_medium_share_type":"default","_threads_share_type":"","_google_business_share_type":"","_selected_social_profile":[],"_wpsp_enable_custom_social_template":false,"_wpsp_social_scheduling":{"enabled":false,"datetime":null,"platforms":[],"status":"template_only","dateOption":"today","timeOption":"now","customDays":"","customHours":"","customDate":"","customTime":"","schedulingType":"absolute"},"_wpsp_active_default_template":true},"categories":[37],"tags":[],"class_list":["post-63172","post","type-post","status-publish","format-standard","has-post-thumbnail","hentry","category-monde"],"aioseo_notices":[],"yoast_head":"<!-- This site is optimized with the Yoast SEO plugin v27.5 - https:\/\/yoast.com\/product\/yoast-seo-wordpress\/ -->\n<title>Maroc: Les prisons, cimeti\u00e8res de la dignit\u00e9 humaine et de la trag\u00e9die sans limites - La Sentinelle<\/title>\n<meta name=\"robots\" content=\"index, follow, max-snippet:-1, max-image-preview:large, max-video-preview:-1\" \/>\n<link rel=\"canonical\" href=\"https:\/\/lasentinelle.dz\/index.php\/2025\/02\/18\/maroc-les-prisons-cimetieres-de-la-dignite-humaine-et-de-la-tragedie-sans-limites\/\" \/>\n<meta property=\"og:locale\" content=\"fr_FR\" \/>\n<meta property=\"og:type\" content=\"article\" \/>\n<meta property=\"og:title\" content=\"Maroc: Les prisons, cimeti\u00e8res de la dignit\u00e9 humaine et de la trag\u00e9die sans limites - La Sentinelle\" \/>\n<meta property=\"og:description\" content=\"Dans un contexte d&rsquo;intensification de la r\u00e9pression politique, les prisons marocaines sont devenues de v\u00e9ritables cimeti\u00e8res de la dignit\u00e9 humaine.\" \/>\n<meta property=\"og:url\" content=\"https:\/\/lasentinelle.dz\/index.php\/2025\/02\/18\/maroc-les-prisons-cimetieres-de-la-dignite-humaine-et-de-la-tragedie-sans-limites\/\" \/>\n<meta property=\"og:site_name\" content=\"La Sentinelle\" \/>\n<meta property=\"article:publisher\" content=\"https:\/\/www.facebook.com\/La-Sentinelle-104059864394773\" \/>\n<meta property=\"article:published_time\" content=\"2025-02-18T11:55:44+00:00\" \/>\n<meta property=\"article:modified_time\" content=\"2025-02-18T11:55:45+00:00\" \/>\n<meta property=\"og:image\" content=\"https:\/\/lasentinelle.dz\/wp-content\/uploads\/2025\/02\/prison.webp\" \/>\n\t<meta property=\"og:image:width\" content=\"900\" \/>\n\t<meta property=\"og:image:height\" content=\"675\" \/>\n\t<meta property=\"og:image:type\" content=\"image\/webp\" \/>\n<meta name=\"author\" content=\"admin\" \/>\n<meta name=\"twitter:card\" content=\"summary_large_image\" \/>\n<meta name=\"twitter:label1\" content=\"\u00c9crit par\" \/>\n\t<meta name=\"twitter:data1\" content=\"admin\" \/>\n\t<meta name=\"twitter:label2\" content=\"Dur\u00e9e de lecture estim\u00e9e\" \/>\n\t<meta name=\"twitter:data2\" content=\"2 minutes\" \/>\n<script type=\"application\/ld+json\" class=\"yoast-schema-graph\">{\"@context\":\"https:\\\/\\\/schema.org\",\"@graph\":[{\"@type\":\"Article\",\"@id\":\"https:\\\/\\\/lasentinelle.dz\\\/index.php\\\/2025\\\/02\\\/18\\\/maroc-les-prisons-cimetieres-de-la-dignite-humaine-et-de-la-tragedie-sans-limites\\\/#article\",\"isPartOf\":{\"@id\":\"https:\\\/\\\/lasentinelle.dz\\\/index.php\\\/2025\\\/02\\\/18\\\/maroc-les-prisons-cimetieres-de-la-dignite-humaine-et-de-la-tragedie-sans-limites\\\/\"},\"author\":{\"name\":\"admin\",\"@id\":\"https:\\\/\\\/lasentinelle.dz\\\/#\\\/schema\\\/person\\\/729ee0024f24e0b8c5ec17232f8e8b41\"},\"headline\":\"Maroc: Les prisons, cimeti\u00e8res de la dignit\u00e9 humaine et de la trag\u00e9die sans limites\",\"datePublished\":\"2025-02-18T11:55:44+00:00\",\"dateModified\":\"2025-02-18T11:55:45+00:00\",\"mainEntityOfPage\":{\"@id\":\"https:\\\/\\\/lasentinelle.dz\\\/index.php\\\/2025\\\/02\\\/18\\\/maroc-les-prisons-cimetieres-de-la-dignite-humaine-et-de-la-tragedie-sans-limites\\\/\"},\"wordCount\":413,\"commentCount\":0,\"publisher\":{\"@id\":\"https:\\\/\\\/lasentinelle.dz\\\/#organization\"},\"image\":{\"@id\":\"https:\\\/\\\/lasentinelle.dz\\\/index.php\\\/2025\\\/02\\\/18\\\/maroc-les-prisons-cimetieres-de-la-dignite-humaine-et-de-la-tragedie-sans-limites\\\/#primaryimage\"},\"thumbnailUrl\":\"https:\\\/\\\/lasentinelle.dz\\\/wp-content\\\/uploads\\\/2025\\\/02\\\/prison.webp\",\"articleSection\":[\"Monde\"],\"inLanguage\":\"fr-FR\",\"potentialAction\":[{\"@type\":\"CommentAction\",\"name\":\"Comment\",\"target\":[\"https:\\\/\\\/lasentinelle.dz\\\/index.php\\\/2025\\\/02\\\/18\\\/maroc-les-prisons-cimetieres-de-la-dignite-humaine-et-de-la-tragedie-sans-limites\\\/#respond\"]}]},{\"@type\":\"WebPage\",\"@id\":\"https:\\\/\\\/lasentinelle.dz\\\/index.php\\\/2025\\\/02\\\/18\\\/maroc-les-prisons-cimetieres-de-la-dignite-humaine-et-de-la-tragedie-sans-limites\\\/\",\"url\":\"https:\\\/\\\/lasentinelle.dz\\\/index.php\\\/2025\\\/02\\\/18\\\/maroc-les-prisons-cimetieres-de-la-dignite-humaine-et-de-la-tragedie-sans-limites\\\/\",\"name\":\"Maroc: Les prisons, cimeti\u00e8res de la dignit\u00e9 humaine et de la trag\u00e9die sans limites - La Sentinelle\",\"isPartOf\":{\"@id\":\"https:\\\/\\\/lasentinelle.dz\\\/#website\"},\"primaryImageOfPage\":{\"@id\":\"https:\\\/\\\/lasentinelle.dz\\\/index.php\\\/2025\\\/02\\\/18\\\/maroc-les-prisons-cimetieres-de-la-dignite-humaine-et-de-la-tragedie-sans-limites\\\/#primaryimage\"},\"image\":{\"@id\":\"https:\\\/\\\/lasentinelle.dz\\\/index.php\\\/2025\\\/02\\\/18\\\/maroc-les-prisons-cimetieres-de-la-dignite-humaine-et-de-la-tragedie-sans-limites\\\/#primaryimage\"},\"thumbnailUrl\":\"https:\\\/\\\/lasentinelle.dz\\\/wp-content\\\/uploads\\\/2025\\\/02\\\/prison.webp\",\"datePublished\":\"2025-02-18T11:55:44+00:00\",\"dateModified\":\"2025-02-18T11:55:45+00:00\",\"breadcrumb\":{\"@id\":\"https:\\\/\\\/lasentinelle.dz\\\/index.php\\\/2025\\\/02\\\/18\\\/maroc-les-prisons-cimetieres-de-la-dignite-humaine-et-de-la-tragedie-sans-limites\\\/#breadcrumb\"},\"inLanguage\":\"fr-FR\",\"potentialAction\":[{\"@type\":\"ReadAction\",\"target\":[\"https:\\\/\\\/lasentinelle.dz\\\/index.php\\\/2025\\\/02\\\/18\\\/maroc-les-prisons-cimetieres-de-la-dignite-humaine-et-de-la-tragedie-sans-limites\\\/\"]}]},{\"@type\":\"ImageObject\",\"inLanguage\":\"fr-FR\",\"@id\":\"https:\\\/\\\/lasentinelle.dz\\\/index.php\\\/2025\\\/02\\\/18\\\/maroc-les-prisons-cimetieres-de-la-dignite-humaine-et-de-la-tragedie-sans-limites\\\/#primaryimage\",\"url\":\"https:\\\/\\\/lasentinelle.dz\\\/wp-content\\\/uploads\\\/2025\\\/02\\\/prison.webp\",\"contentUrl\":\"https:\\\/\\\/lasentinelle.dz\\\/wp-content\\\/uploads\\\/2025\\\/02\\\/prison.webp\",\"width\":900,\"height\":675},{\"@type\":\"BreadcrumbList\",\"@id\":\"https:\\\/\\\/lasentinelle.dz\\\/index.php\\\/2025\\\/02\\\/18\\\/maroc-les-prisons-cimetieres-de-la-dignite-humaine-et-de-la-tragedie-sans-limites\\\/#breadcrumb\",\"itemListElement\":[{\"@type\":\"ListItem\",\"position\":1,\"name\":\"Accueil\",\"item\":\"https:\\\/\\\/lasentinelle.dz\\\/\"},{\"@type\":\"ListItem\",\"position\":2,\"name\":\"Maroc: Les prisons, cimeti\u00e8res de la dignit\u00e9 humaine et de la trag\u00e9die sans limites\"}]},{\"@type\":\"WebSite\",\"@id\":\"https:\\\/\\\/lasentinelle.dz\\\/#website\",\"url\":\"https:\\\/\\\/lasentinelle.dz\\\/\",\"name\":\"La Sentinelle\",\"description\":\"Quotidien national d&#039;information\",\"publisher\":{\"@id\":\"https:\\\/\\\/lasentinelle.dz\\\/#organization\"},\"potentialAction\":[{\"@type\":\"SearchAction\",\"target\":{\"@type\":\"EntryPoint\",\"urlTemplate\":\"https:\\\/\\\/lasentinelle.dz\\\/?s={search_term_string}\"},\"query-input\":{\"@type\":\"PropertyValueSpecification\",\"valueRequired\":true,\"valueName\":\"search_term_string\"}}],\"inLanguage\":\"fr-FR\"},{\"@type\":\"Organization\",\"@id\":\"https:\\\/\\\/lasentinelle.dz\\\/#organization\",\"name\":\"Quotidien La Sentinelle\",\"url\":\"https:\\\/\\\/lasentinelle.dz\\\/\",\"logo\":{\"@type\":\"ImageObject\",\"inLanguage\":\"fr-FR\",\"@id\":\"https:\\\/\\\/lasentinelle.dz\\\/#\\\/schema\\\/logo\\\/image\\\/\",\"url\":\"https:\\\/\\\/lasentinelle.dz\\\/wp-content\\\/uploads\\\/2021\\\/09\\\/logo-sentinelleSLOGAN-1.png\",\"contentUrl\":\"https:\\\/\\\/lasentinelle.dz\\\/wp-content\\\/uploads\\\/2021\\\/09\\\/logo-sentinelleSLOGAN-1.png\",\"width\":615,\"height\":142,\"caption\":\"Quotidien La Sentinelle\"},\"image\":{\"@id\":\"https:\\\/\\\/lasentinelle.dz\\\/#\\\/schema\\\/logo\\\/image\\\/\"},\"sameAs\":[\"https:\\\/\\\/www.facebook.com\\\/La-Sentinelle-104059864394773\"]},{\"@type\":\"Person\",\"@id\":\"https:\\\/\\\/lasentinelle.dz\\\/#\\\/schema\\\/person\\\/729ee0024f24e0b8c5ec17232f8e8b41\",\"name\":\"admin\",\"image\":{\"@type\":\"ImageObject\",\"inLanguage\":\"fr-FR\",\"@id\":\"https:\\\/\\\/secure.gravatar.com\\\/avatar\\\/4c81fed838786e9b53f540bf46533e750f5d292099ae3b66cfc6fb1982e29df7?s=96&d=mm&r=g\",\"url\":\"https:\\\/\\\/secure.gravatar.com\\\/avatar\\\/4c81fed838786e9b53f540bf46533e750f5d292099ae3b66cfc6fb1982e29df7?s=96&d=mm&r=g\",\"contentUrl\":\"https:\\\/\\\/secure.gravatar.com\\\/avatar\\\/4c81fed838786e9b53f540bf46533e750f5d292099ae3b66cfc6fb1982e29df7?s=96&d=mm&r=g\",\"caption\":\"admin\"},\"description\":\"admin\",\"url\":\"https:\\\/\\\/lasentinelle.dz\\\/author\\\/admin\\\/\"}]}<\/script>\n<!-- \/ Yoast SEO plugin. -->","yoast_head_json":{"title":"Maroc: Les prisons, cimeti\u00e8res de la dignit\u00e9 humaine et de la trag\u00e9die sans limites - La Sentinelle","robots":{"index":"index","follow":"follow","max-snippet":"max-snippet:-1","max-image-preview":"max-image-preview:large","max-video-preview":"max-video-preview:-1"},"canonical":"https:\/\/lasentinelle.dz\/index.php\/2025\/02\/18\/maroc-les-prisons-cimetieres-de-la-dignite-humaine-et-de-la-tragedie-sans-limites\/","og_locale":"fr_FR","og_type":"article","og_title":"Maroc: Les prisons, cimeti\u00e8res de la dignit\u00e9 humaine et de la trag\u00e9die sans limites - La Sentinelle","og_description":"Dans un contexte d&rsquo;intensification de la r\u00e9pression politique, les prisons marocaines sont devenues de v\u00e9ritables cimeti\u00e8res de la dignit\u00e9 humaine.","og_url":"https:\/\/lasentinelle.dz\/index.php\/2025\/02\/18\/maroc-les-prisons-cimetieres-de-la-dignite-humaine-et-de-la-tragedie-sans-limites\/","og_site_name":"La Sentinelle","article_publisher":"https:\/\/www.facebook.com\/La-Sentinelle-104059864394773","article_published_time":"2025-02-18T11:55:44+00:00","article_modified_time":"2025-02-18T11:55:45+00:00","og_image":[{"width":900,"height":675,"url":"https:\/\/lasentinelle.dz\/wp-content\/uploads\/2025\/02\/prison.webp","type":"image\/webp"}],"author":"admin","twitter_card":"summary_large_image","twitter_misc":{"\u00c9crit par":"admin","Dur\u00e9e de lecture estim\u00e9e":"2 minutes"},"schema":{"@context":"https:\/\/schema.org","@graph":[{"@type":"Article","@id":"https:\/\/lasentinelle.dz\/index.php\/2025\/02\/18\/maroc-les-prisons-cimetieres-de-la-dignite-humaine-et-de-la-tragedie-sans-limites\/#article","isPartOf":{"@id":"https:\/\/lasentinelle.dz\/index.php\/2025\/02\/18\/maroc-les-prisons-cimetieres-de-la-dignite-humaine-et-de-la-tragedie-sans-limites\/"},"author":{"name":"admin","@id":"https:\/\/lasentinelle.dz\/#\/schema\/person\/729ee0024f24e0b8c5ec17232f8e8b41"},"headline":"Maroc: Les prisons, cimeti\u00e8res de la dignit\u00e9 humaine et de la trag\u00e9die sans limites","datePublished":"2025-02-18T11:55:44+00:00","dateModified":"2025-02-18T11:55:45+00:00","mainEntityOfPage":{"@id":"https:\/\/lasentinelle.dz\/index.php\/2025\/02\/18\/maroc-les-prisons-cimetieres-de-la-dignite-humaine-et-de-la-tragedie-sans-limites\/"},"wordCount":413,"commentCount":0,"publisher":{"@id":"https:\/\/lasentinelle.dz\/#organization"},"image":{"@id":"https:\/\/lasentinelle.dz\/index.php\/2025\/02\/18\/maroc-les-prisons-cimetieres-de-la-dignite-humaine-et-de-la-tragedie-sans-limites\/#primaryimage"},"thumbnailUrl":"https:\/\/lasentinelle.dz\/wp-content\/uploads\/2025\/02\/prison.webp","articleSection":["Monde"],"inLanguage":"fr-FR","potentialAction":[{"@type":"CommentAction","name":"Comment","target":["https:\/\/lasentinelle.dz\/index.php\/2025\/02\/18\/maroc-les-prisons-cimetieres-de-la-dignite-humaine-et-de-la-tragedie-sans-limites\/#respond"]}]},{"@type":"WebPage","@id":"https:\/\/lasentinelle.dz\/index.php\/2025\/02\/18\/maroc-les-prisons-cimetieres-de-la-dignite-humaine-et-de-la-tragedie-sans-limites\/","url":"https:\/\/lasentinelle.dz\/index.php\/2025\/02\/18\/maroc-les-prisons-cimetieres-de-la-dignite-humaine-et-de-la-tragedie-sans-limites\/","name":"Maroc: Les prisons, cimeti\u00e8res de la dignit\u00e9 humaine et de la trag\u00e9die sans limites - La Sentinelle","isPartOf":{"@id":"https:\/\/lasentinelle.dz\/#website"},"primaryImageOfPage":{"@id":"https:\/\/lasentinelle.dz\/index.php\/2025\/02\/18\/maroc-les-prisons-cimetieres-de-la-dignite-humaine-et-de-la-tragedie-sans-limites\/#primaryimage"},"image":{"@id":"https:\/\/lasentinelle.dz\/index.php\/2025\/02\/18\/maroc-les-prisons-cimetieres-de-la-dignite-humaine-et-de-la-tragedie-sans-limites\/#primaryimage"},"thumbnailUrl":"https:\/\/lasentinelle.dz\/wp-content\/uploads\/2025\/02\/prison.webp","datePublished":"2025-02-18T11:55:44+00:00","dateModified":"2025-02-18T11:55:45+00:00","breadcrumb":{"@id":"https:\/\/lasentinelle.dz\/index.php\/2025\/02\/18\/maroc-les-prisons-cimetieres-de-la-dignite-humaine-et-de-la-tragedie-sans-limites\/#breadcrumb"},"inLanguage":"fr-FR","potentialAction":[{"@type":"ReadAction","target":["https:\/\/lasentinelle.dz\/index.php\/2025\/02\/18\/maroc-les-prisons-cimetieres-de-la-dignite-humaine-et-de-la-tragedie-sans-limites\/"]}]},{"@type":"ImageObject","inLanguage":"fr-FR","@id":"https:\/\/lasentinelle.dz\/index.php\/2025\/02\/18\/maroc-les-prisons-cimetieres-de-la-dignite-humaine-et-de-la-tragedie-sans-limites\/#primaryimage","url":"https:\/\/lasentinelle.dz\/wp-content\/uploads\/2025\/02\/prison.webp","contentUrl":"https:\/\/lasentinelle.dz\/wp-content\/uploads\/2025\/02\/prison.webp","width":900,"height":675},{"@type":"BreadcrumbList","@id":"https:\/\/lasentinelle.dz\/index.php\/2025\/02\/18\/maroc-les-prisons-cimetieres-de-la-dignite-humaine-et-de-la-tragedie-sans-limites\/#breadcrumb","itemListElement":[{"@type":"ListItem","position":1,"name":"Accueil","item":"https:\/\/lasentinelle.dz\/"},{"@type":"ListItem","position":2,"name":"Maroc: Les prisons, cimeti\u00e8res de la dignit\u00e9 humaine et de la trag\u00e9die sans limites"}]},{"@type":"WebSite","@id":"https:\/\/lasentinelle.dz\/#website","url":"https:\/\/lasentinelle.dz\/","name":"La Sentinelle","description":"Quotidien national d&#039;information","publisher":{"@id":"https:\/\/lasentinelle.dz\/#organization"},"potentialAction":[{"@type":"SearchAction","target":{"@type":"EntryPoint","urlTemplate":"https:\/\/lasentinelle.dz\/?s={search_term_string}"},"query-input":{"@type":"PropertyValueSpecification","valueRequired":true,"valueName":"search_term_string"}}],"inLanguage":"fr-FR"},{"@type":"Organization","@id":"https:\/\/lasentinelle.dz\/#organization","name":"Quotidien La Sentinelle","url":"https:\/\/lasentinelle.dz\/","logo":{"@type":"ImageObject","inLanguage":"fr-FR","@id":"https:\/\/lasentinelle.dz\/#\/schema\/logo\/image\/","url":"https:\/\/lasentinelle.dz\/wp-content\/uploads\/2021\/09\/logo-sentinelleSLOGAN-1.png","contentUrl":"https:\/\/lasentinelle.dz\/wp-content\/uploads\/2021\/09\/logo-sentinelleSLOGAN-1.png","width":615,"height":142,"caption":"Quotidien La Sentinelle"},"image":{"@id":"https:\/\/lasentinelle.dz\/#\/schema\/logo\/image\/"},"sameAs":["https:\/\/www.facebook.com\/La-Sentinelle-104059864394773"]},{"@type":"Person","@id":"https:\/\/lasentinelle.dz\/#\/schema\/person\/729ee0024f24e0b8c5ec17232f8e8b41","name":"admin","image":{"@type":"ImageObject","inLanguage":"fr-FR","@id":"https:\/\/secure.gravatar.com\/avatar\/4c81fed838786e9b53f540bf46533e750f5d292099ae3b66cfc6fb1982e29df7?s=96&d=mm&r=g","url":"https:\/\/secure.gravatar.com\/avatar\/4c81fed838786e9b53f540bf46533e750f5d292099ae3b66cfc6fb1982e29df7?s=96&d=mm&r=g","contentUrl":"https:\/\/secure.gravatar.com\/avatar\/4c81fed838786e9b53f540bf46533e750f5d292099ae3b66cfc6fb1982e29df7?s=96&d=mm&r=g","caption":"admin"},"description":"admin","url":"https:\/\/lasentinelle.dz\/author\/admin\/"}]}},"_links":{"self":[{"href":"https:\/\/lasentinelle.dz\/index.php\/wp-json\/wp\/v2\/posts\/63172","targetHints":{"allow":["GET"]}}],"collection":[{"href":"https:\/\/lasentinelle.dz\/index.php\/wp-json\/wp\/v2\/posts"}],"about":[{"href":"https:\/\/lasentinelle.dz\/index.php\/wp-json\/wp\/v2\/types\/post"}],"author":[{"embeddable":true,"href":"https:\/\/lasentinelle.dz\/index.php\/wp-json\/wp\/v2\/users\/6"}],"replies":[{"embeddable":true,"href":"https:\/\/lasentinelle.dz\/index.php\/wp-json\/wp\/v2\/comments?post=63172"}],"version-history":[{"count":1,"href":"https:\/\/lasentinelle.dz\/index.php\/wp-json\/wp\/v2\/posts\/63172\/revisions"}],"predecessor-version":[{"id":63174,"href":"https:\/\/lasentinelle.dz\/index.php\/wp-json\/wp\/v2\/posts\/63172\/revisions\/63174"}],"wp:featuredmedia":[{"embeddable":true,"href":"https:\/\/lasentinelle.dz\/index.php\/wp-json\/wp\/v2\/media\/63173"}],"wp:attachment":[{"href":"https:\/\/lasentinelle.dz\/index.php\/wp-json\/wp\/v2\/media?parent=63172"}],"wp:term":[{"taxonomy":"category","embeddable":true,"href":"https:\/\/lasentinelle.dz\/index.php\/wp-json\/wp\/v2\/categories?post=63172"},{"taxonomy":"post_tag","embeddable":true,"href":"https:\/\/lasentinelle.dz\/index.php\/wp-json\/wp\/v2\/tags?post=63172"}],"curies":[{"name":"wp","href":"https:\/\/api.w.org\/{rel}","templated":true}]}}