{"id":63198,"date":"2025-02-18T13:05:28","date_gmt":"2025-02-18T12:05:28","guid":{"rendered":"https:\/\/lasentinelle.dz\/?p=63198"},"modified":"2025-02-18T13:05:29","modified_gmt":"2025-02-18T12:05:29","slug":"victime-dinsultes-racistes-la-faf-au-soutien-de-mehdi-dorval","status":"publish","type":"post","link":"https:\/\/lasentinelle.dz\/index.php\/2025\/02\/18\/victime-dinsultes-racistes-la-faf-au-soutien-de-mehdi-dorval\/","title":{"rendered":"Victime d&rsquo;insultes racistes: La FAF au soutien de Mehdi Dorval"},"content":{"rendered":"\n<p>F\u00e9d\u00e9ration Alg\u00e9rienne de Football (FAF) a apport\u00e9 son soutien jeune d\u00e9fenseur international alg\u00e9rien U23, Mehdi Dorval, cible d&rsquo;insultes racistes de la part du milieu de terrain argentin Franco V\u00e1zquez en Serie B italienne.<\/p>\n\n\n\n<p>Le football italien se retrouve une nouvelle fois au c\u0153ur d&rsquo;une pol\u00e9mique raciste, avec pour victime le jeune d\u00e9fenseur international alg\u00e9rien U23, Mehdi Dorval. Lors d&rsquo;une rencontre de Serie B opposant le SSC Bari \u00e0 la Cremonese, le joueur alg\u00e9rien a \u00e9t\u00e9 la cible d&rsquo;insultes racistes de la part du milieu de terrain argentin Franco V\u00e1zquez. Face \u00e0 cet incident d&rsquo;une gravit\u00e9 exceptionnelle, la F\u00e9d\u00e9ration Alg\u00e9rienne de Football (FAF) n&rsquo;a pas tard\u00e9 \u00e0 r\u00e9agir en publiant un communiqu\u00e9 officiel exprimant son soutien ind\u00e9fectible \u00e0 son joueur. La r\u00e9action officielle de l&rsquo;instance dirigeante du football alg\u00e9rien t\u00e9moigne de la gravit\u00e9 de la situation et de la n\u00e9cessit\u00e9 d&rsquo;une r\u00e9ponse forte face \u00e0 ces comportements inacceptables qui persistent dans le football europ\u00e9en. Dans son communiqu\u00e9, la FAF, par la voix de son pr\u00e9sident Walid Sadi, a tenu \u00e0 \u00ab\u00a0exprimer son soutien ind\u00e9fectible et inconditionnel \u00e0 l&rsquo;\u00e9gard de son joueur, Mehdi Dorval, victime d&rsquo;insultes racistes inacceptables.\u00a0\u00bb L&rsquo;instance souligne que \u00ab\u00a0cet incident regrettable va \u00e0 l&rsquo;encontre des valeurs fondamentales du sport, qui doivent \u00eatre synonymes de respect, de tol\u00e9rance et de fair-play.\u00a0\u00bb La f\u00e9d\u00e9ration ne s&rsquo;est pas content\u00e9e d&rsquo;apporter son soutien \u00e0 son joueur, mais a \u00e9galement profit\u00e9 de cette tribune pour \u00ab\u00a0r\u00e9affirmer avec force son engagement contre toute forme de discrimination, qu&rsquo;elle soit fond\u00e9e sur l&rsquo;origine, la couleur de peau, la religion ou toute autre consid\u00e9ration.\u00a0\u00bb Dans son message, la FAF a par ailleurs rappel\u00e9 son alignement avec les instances internationales en \u00ab\u00a0r\u00e9it\u00e9rant son soutien aux initiatives et aux mesures mises en place par la FIFA et les instances internationales afin de lutter efficacement contre le racisme et les comportements haineux dans le monde du football.\u00a0\u00bb L&rsquo;instance faiti\u00e8re &nbsp;insiste sur \u00ab\u00a0l&rsquo;imp\u00e9ratif que des actions concr\u00e8tes soient prises pour \u00e9radiquer ces fl\u00e9aux et garantir un environnement sain et respectueux pour tous les joueurs, quels que soient leur origine et leur parcours.\u00a0\u00bb Le communiqu\u00e9 se conclut sur une note d&rsquo;espoir et d&rsquo;engagement, soulignant que \u00ab\u00a0le football doit rester un vecteur de rapprochement entre les peuples, un espace o\u00f9 l&rsquo;\u00e9galit\u00e9 et l&rsquo;inclusion pr\u00e9valent sur toutes formes de division.\u00a0\u00bb La FAF affirme qu&rsquo;elle \u00ab\u00a0continuera de militer activement en faveur de ces valeurs et d&rsquo;apporter son soutien \u00e0 toute initiative visant \u00e0 combattre le racisme sur et en dehors des terrains.\u00a0\u00bb L&rsquo;incident qui a d\u00e9clench\u00e9 cette r\u00e9action officielle s&rsquo;est produit dans des circonstances particuli\u00e8rement choquantes. Dorval n&rsquo;a pas pu contenir son \u00e9motion face aux propos qui lui ont \u00e9t\u00e9 adress\u00e9s par V\u00e1zquez, \u00e2g\u00e9 de 35 ans. Le jeune d\u00e9fenseur a quitt\u00e9 le terrain en larmes, sous le regard stup\u00e9fait des spectateurs et de ses co\u00e9quipiers. L&rsquo;entra\u00eeneur de Bari, Moreno Longo, s&rsquo;est imm\u00e9diatement positionn\u00e9 en d\u00e9fenseur de son joueur, d\u00e9non\u00e7ant l&rsquo;inacceptabilit\u00e9 de tels comportements en 2025. De son c\u00f4t\u00e9, Paolo Armenia, l&rsquo;entra\u00eeneur de la Cremonese, a tent\u00e9 de minimiser l&rsquo;incident en s&rsquo;appuyant sur le d\u00e9menti de V\u00e1zquez. Ce qui rend cette situation d&rsquo;autant plus pr\u00e9occupante, c&rsquo;est qu&rsquo;il s&rsquo;agit du deuxi\u00e8me incident raciste visant Dorval en l&rsquo;espace d&rsquo;un mois. Le 13 janvier dernier, lors d&rsquo;un match contre la Reggina, il avait d\u00e9j\u00e0 \u00e9t\u00e9 la cible de cris de singe venant des tribunes, conduisant \u00e0 une interruption du match pendant sept minutes. La r\u00e9silience dont avait fait preuve le joueur \u00e0 cette occasion, continuant \u00e0 jouer et livrant une performance remarquable (7,2\/10 selon Sofascore), n&rsquo;avait fait que souligner davantage l&rsquo;injustice de la situation.<\/p>\n\n\n\n<p><strong>Moncef Dahleb<\/strong><\/p>\n","protected":false},"excerpt":{"rendered":"<p>F\u00e9d\u00e9ration Alg\u00e9rienne de Football (FAF) a apport\u00e9 son soutien jeune d\u00e9fenseur international alg\u00e9rien U23, Mehdi Dorval, cible d&rsquo;insultes racistes de<\/p>\n","protected":false},"author":6,"featured_media":63199,"comment_status":"open","ping_status":"closed","sticky":false,"template":"","format":"standard","meta":{"colormag_page_container_layout":"default_layout","colormag_page_sidebar_layout":"default_layout","om_disable_all_campaigns":false,"_monsterinsights_skip_tracking":false,"_monsterinsights_sitenote_active":false,"_monsterinsights_sitenote_note":"","_monsterinsights_sitenote_category":0,"footnotes":"","_wpscppro_dont_share_socialmedia":false,"_wpscppro_custom_social_share_image":0,"_facebook_share_type":"default","_twitter_share_type":"default","_linkedin_share_type":"default","_pinterest_share_type":"default","_linkedin_share_type_page":"","_instagram_share_type":"default","_medium_share_type":"default","_threads_share_type":"","_google_business_share_type":"","_selected_social_profile":[],"_wpsp_enable_custom_social_template":false,"_wpsp_social_scheduling":{"enabled":false,"datetime":null,"platforms":[],"status":"template_only","dateOption":"today","timeOption":"now","customDays":"","customHours":"","customDate":"","customTime":"","schedulingType":"absolute"},"_wpsp_active_default_template":true},"categories":[52,33],"tags":[],"class_list":["post-63198","post","type-post","status-publish","format-standard","has-post-thumbnail","hentry","category-a-la-une","category-sports"],"aioseo_notices":[],"yoast_head":"<!-- This site is optimized with the Yoast SEO plugin v27.5 - https:\/\/yoast.com\/product\/yoast-seo-wordpress\/ -->\n<title>Victime d&rsquo;insultes racistes: La FAF au soutien de Mehdi Dorval - La Sentinelle<\/title>\n<meta name=\"robots\" content=\"index, follow, max-snippet:-1, max-image-preview:large, max-video-preview:-1\" \/>\n<link rel=\"canonical\" href=\"https:\/\/lasentinelle.dz\/index.php\/2025\/02\/18\/victime-dinsultes-racistes-la-faf-au-soutien-de-mehdi-dorval\/\" \/>\n<meta property=\"og:locale\" content=\"fr_FR\" \/>\n<meta property=\"og:type\" content=\"article\" \/>\n<meta property=\"og:title\" content=\"Victime d&rsquo;insultes racistes: La FAF au soutien de Mehdi Dorval - La Sentinelle\" \/>\n<meta property=\"og:description\" content=\"F\u00e9d\u00e9ration Alg\u00e9rienne de Football (FAF) a apport\u00e9 son soutien jeune d\u00e9fenseur international alg\u00e9rien U23, Mehdi Dorval, cible d&rsquo;insultes racistes de\" \/>\n<meta property=\"og:url\" content=\"https:\/\/lasentinelle.dz\/index.php\/2025\/02\/18\/victime-dinsultes-racistes-la-faf-au-soutien-de-mehdi-dorval\/\" \/>\n<meta property=\"og:site_name\" content=\"La Sentinelle\" \/>\n<meta property=\"article:publisher\" content=\"https:\/\/www.facebook.com\/La-Sentinelle-104059864394773\" \/>\n<meta property=\"article:published_time\" content=\"2025-02-18T12:05:28+00:00\" \/>\n<meta property=\"article:modified_time\" content=\"2025-02-18T12:05:29+00:00\" \/>\n<meta property=\"og:image\" content=\"https:\/\/lasentinelle.dz\/wp-content\/uploads\/2025\/02\/Dorval.jpg\" \/>\n\t<meta property=\"og:image:width\" content=\"1248\" \/>\n\t<meta property=\"og:image:height\" content=\"702\" \/>\n\t<meta property=\"og:image:type\" content=\"image\/jpeg\" \/>\n<meta name=\"author\" content=\"admin\" \/>\n<meta name=\"twitter:card\" content=\"summary_large_image\" \/>\n<meta name=\"twitter:label1\" content=\"\u00c9crit par\" \/>\n\t<meta name=\"twitter:data1\" content=\"admin\" \/>\n\t<meta name=\"twitter:label2\" content=\"Dur\u00e9e de lecture estim\u00e9e\" \/>\n\t<meta name=\"twitter:data2\" content=\"4 minutes\" \/>\n<script type=\"application\/ld+json\" class=\"yoast-schema-graph\">{\"@context\":\"https:\\\/\\\/schema.org\",\"@graph\":[{\"@type\":\"Article\",\"@id\":\"https:\\\/\\\/lasentinelle.dz\\\/index.php\\\/2025\\\/02\\\/18\\\/victime-dinsultes-racistes-la-faf-au-soutien-de-mehdi-dorval\\\/#article\",\"isPartOf\":{\"@id\":\"https:\\\/\\\/lasentinelle.dz\\\/index.php\\\/2025\\\/02\\\/18\\\/victime-dinsultes-racistes-la-faf-au-soutien-de-mehdi-dorval\\\/\"},\"author\":{\"name\":\"admin\",\"@id\":\"https:\\\/\\\/lasentinelle.dz\\\/#\\\/schema\\\/person\\\/729ee0024f24e0b8c5ec17232f8e8b41\"},\"headline\":\"Victime d&rsquo;insultes racistes: La FAF au soutien de Mehdi Dorval\",\"datePublished\":\"2025-02-18T12:05:28+00:00\",\"dateModified\":\"2025-02-18T12:05:29+00:00\",\"mainEntityOfPage\":{\"@id\":\"https:\\\/\\\/lasentinelle.dz\\\/index.php\\\/2025\\\/02\\\/18\\\/victime-dinsultes-racistes-la-faf-au-soutien-de-mehdi-dorval\\\/\"},\"wordCount\":684,\"commentCount\":0,\"publisher\":{\"@id\":\"https:\\\/\\\/lasentinelle.dz\\\/#organization\"},\"image\":{\"@id\":\"https:\\\/\\\/lasentinelle.dz\\\/index.php\\\/2025\\\/02\\\/18\\\/victime-dinsultes-racistes-la-faf-au-soutien-de-mehdi-dorval\\\/#primaryimage\"},\"thumbnailUrl\":\"https:\\\/\\\/lasentinelle.dz\\\/wp-content\\\/uploads\\\/2025\\\/02\\\/Dorval.jpg\",\"articleSection\":[\"\u00c0 la Une\",\"Sports\"],\"inLanguage\":\"fr-FR\",\"potentialAction\":[{\"@type\":\"CommentAction\",\"name\":\"Comment\",\"target\":[\"https:\\\/\\\/lasentinelle.dz\\\/index.php\\\/2025\\\/02\\\/18\\\/victime-dinsultes-racistes-la-faf-au-soutien-de-mehdi-dorval\\\/#respond\"]}]},{\"@type\":\"WebPage\",\"@id\":\"https:\\\/\\\/lasentinelle.dz\\\/index.php\\\/2025\\\/02\\\/18\\\/victime-dinsultes-racistes-la-faf-au-soutien-de-mehdi-dorval\\\/\",\"url\":\"https:\\\/\\\/lasentinelle.dz\\\/index.php\\\/2025\\\/02\\\/18\\\/victime-dinsultes-racistes-la-faf-au-soutien-de-mehdi-dorval\\\/\",\"name\":\"Victime d&rsquo;insultes racistes: La FAF au soutien de Mehdi Dorval - La Sentinelle\",\"isPartOf\":{\"@id\":\"https:\\\/\\\/lasentinelle.dz\\\/#website\"},\"primaryImageOfPage\":{\"@id\":\"https:\\\/\\\/lasentinelle.dz\\\/index.php\\\/2025\\\/02\\\/18\\\/victime-dinsultes-racistes-la-faf-au-soutien-de-mehdi-dorval\\\/#primaryimage\"},\"image\":{\"@id\":\"https:\\\/\\\/lasentinelle.dz\\\/index.php\\\/2025\\\/02\\\/18\\\/victime-dinsultes-racistes-la-faf-au-soutien-de-mehdi-dorval\\\/#primaryimage\"},\"thumbnailUrl\":\"https:\\\/\\\/lasentinelle.dz\\\/wp-content\\\/uploads\\\/2025\\\/02\\\/Dorval.jpg\",\"datePublished\":\"2025-02-18T12:05:28+00:00\",\"dateModified\":\"2025-02-18T12:05:29+00:00\",\"breadcrumb\":{\"@id\":\"https:\\\/\\\/lasentinelle.dz\\\/index.php\\\/2025\\\/02\\\/18\\\/victime-dinsultes-racistes-la-faf-au-soutien-de-mehdi-dorval\\\/#breadcrumb\"},\"inLanguage\":\"fr-FR\",\"potentialAction\":[{\"@type\":\"ReadAction\",\"target\":[\"https:\\\/\\\/lasentinelle.dz\\\/index.php\\\/2025\\\/02\\\/18\\\/victime-dinsultes-racistes-la-faf-au-soutien-de-mehdi-dorval\\\/\"]}]},{\"@type\":\"ImageObject\",\"inLanguage\":\"fr-FR\",\"@id\":\"https:\\\/\\\/lasentinelle.dz\\\/index.php\\\/2025\\\/02\\\/18\\\/victime-dinsultes-racistes-la-faf-au-soutien-de-mehdi-dorval\\\/#primaryimage\",\"url\":\"https:\\\/\\\/lasentinelle.dz\\\/wp-content\\\/uploads\\\/2025\\\/02\\\/Dorval.jpg\",\"contentUrl\":\"https:\\\/\\\/lasentinelle.dz\\\/wp-content\\\/uploads\\\/2025\\\/02\\\/Dorval.jpg\",\"width\":1248,\"height\":702},{\"@type\":\"BreadcrumbList\",\"@id\":\"https:\\\/\\\/lasentinelle.dz\\\/index.php\\\/2025\\\/02\\\/18\\\/victime-dinsultes-racistes-la-faf-au-soutien-de-mehdi-dorval\\\/#breadcrumb\",\"itemListElement\":[{\"@type\":\"ListItem\",\"position\":1,\"name\":\"Accueil\",\"item\":\"https:\\\/\\\/lasentinelle.dz\\\/\"},{\"@type\":\"ListItem\",\"position\":2,\"name\":\"Victime d&rsquo;insultes racistes: La FAF au soutien de Mehdi Dorval\"}]},{\"@type\":\"WebSite\",\"@id\":\"https:\\\/\\\/lasentinelle.dz\\\/#website\",\"url\":\"https:\\\/\\\/lasentinelle.dz\\\/\",\"name\":\"La Sentinelle\",\"description\":\"Quotidien national d&#039;information\",\"publisher\":{\"@id\":\"https:\\\/\\\/lasentinelle.dz\\\/#organization\"},\"potentialAction\":[{\"@type\":\"SearchAction\",\"target\":{\"@type\":\"EntryPoint\",\"urlTemplate\":\"https:\\\/\\\/lasentinelle.dz\\\/?s={search_term_string}\"},\"query-input\":{\"@type\":\"PropertyValueSpecification\",\"valueRequired\":true,\"valueName\":\"search_term_string\"}}],\"inLanguage\":\"fr-FR\"},{\"@type\":\"Organization\",\"@id\":\"https:\\\/\\\/lasentinelle.dz\\\/#organization\",\"name\":\"Quotidien La Sentinelle\",\"url\":\"https:\\\/\\\/lasentinelle.dz\\\/\",\"logo\":{\"@type\":\"ImageObject\",\"inLanguage\":\"fr-FR\",\"@id\":\"https:\\\/\\\/lasentinelle.dz\\\/#\\\/schema\\\/logo\\\/image\\\/\",\"url\":\"https:\\\/\\\/lasentinelle.dz\\\/wp-content\\\/uploads\\\/2021\\\/09\\\/logo-sentinelleSLOGAN-1.png\",\"contentUrl\":\"https:\\\/\\\/lasentinelle.dz\\\/wp-content\\\/uploads\\\/2021\\\/09\\\/logo-sentinelleSLOGAN-1.png\",\"width\":615,\"height\":142,\"caption\":\"Quotidien La Sentinelle\"},\"image\":{\"@id\":\"https:\\\/\\\/lasentinelle.dz\\\/#\\\/schema\\\/logo\\\/image\\\/\"},\"sameAs\":[\"https:\\\/\\\/www.facebook.com\\\/La-Sentinelle-104059864394773\"]},{\"@type\":\"Person\",\"@id\":\"https:\\\/\\\/lasentinelle.dz\\\/#\\\/schema\\\/person\\\/729ee0024f24e0b8c5ec17232f8e8b41\",\"name\":\"admin\",\"image\":{\"@type\":\"ImageObject\",\"inLanguage\":\"fr-FR\",\"@id\":\"https:\\\/\\\/secure.gravatar.com\\\/avatar\\\/4c81fed838786e9b53f540bf46533e750f5d292099ae3b66cfc6fb1982e29df7?s=96&d=mm&r=g\",\"url\":\"https:\\\/\\\/secure.gravatar.com\\\/avatar\\\/4c81fed838786e9b53f540bf46533e750f5d292099ae3b66cfc6fb1982e29df7?s=96&d=mm&r=g\",\"contentUrl\":\"https:\\\/\\\/secure.gravatar.com\\\/avatar\\\/4c81fed838786e9b53f540bf46533e750f5d292099ae3b66cfc6fb1982e29df7?s=96&d=mm&r=g\",\"caption\":\"admin\"},\"description\":\"admin\",\"url\":\"https:\\\/\\\/lasentinelle.dz\\\/author\\\/admin\\\/\"}]}<\/script>\n<!-- \/ Yoast SEO plugin. -->","yoast_head_json":{"title":"Victime d&rsquo;insultes racistes: La FAF au soutien de Mehdi Dorval - La Sentinelle","robots":{"index":"index","follow":"follow","max-snippet":"max-snippet:-1","max-image-preview":"max-image-preview:large","max-video-preview":"max-video-preview:-1"},"canonical":"https:\/\/lasentinelle.dz\/index.php\/2025\/02\/18\/victime-dinsultes-racistes-la-faf-au-soutien-de-mehdi-dorval\/","og_locale":"fr_FR","og_type":"article","og_title":"Victime d&rsquo;insultes racistes: La FAF au soutien de Mehdi Dorval - La Sentinelle","og_description":"F\u00e9d\u00e9ration Alg\u00e9rienne de Football (FAF) a apport\u00e9 son soutien jeune d\u00e9fenseur international alg\u00e9rien U23, Mehdi Dorval, cible d&rsquo;insultes racistes de","og_url":"https:\/\/lasentinelle.dz\/index.php\/2025\/02\/18\/victime-dinsultes-racistes-la-faf-au-soutien-de-mehdi-dorval\/","og_site_name":"La Sentinelle","article_publisher":"https:\/\/www.facebook.com\/La-Sentinelle-104059864394773","article_published_time":"2025-02-18T12:05:28+00:00","article_modified_time":"2025-02-18T12:05:29+00:00","og_image":[{"width":1248,"height":702,"url":"https:\/\/lasentinelle.dz\/wp-content\/uploads\/2025\/02\/Dorval.jpg","type":"image\/jpeg"}],"author":"admin","twitter_card":"summary_large_image","twitter_misc":{"\u00c9crit par":"admin","Dur\u00e9e de lecture estim\u00e9e":"4 minutes"},"schema":{"@context":"https:\/\/schema.org","@graph":[{"@type":"Article","@id":"https:\/\/lasentinelle.dz\/index.php\/2025\/02\/18\/victime-dinsultes-racistes-la-faf-au-soutien-de-mehdi-dorval\/#article","isPartOf":{"@id":"https:\/\/lasentinelle.dz\/index.php\/2025\/02\/18\/victime-dinsultes-racistes-la-faf-au-soutien-de-mehdi-dorval\/"},"author":{"name":"admin","@id":"https:\/\/lasentinelle.dz\/#\/schema\/person\/729ee0024f24e0b8c5ec17232f8e8b41"},"headline":"Victime d&rsquo;insultes racistes: La FAF au soutien de Mehdi Dorval","datePublished":"2025-02-18T12:05:28+00:00","dateModified":"2025-02-18T12:05:29+00:00","mainEntityOfPage":{"@id":"https:\/\/lasentinelle.dz\/index.php\/2025\/02\/18\/victime-dinsultes-racistes-la-faf-au-soutien-de-mehdi-dorval\/"},"wordCount":684,"commentCount":0,"publisher":{"@id":"https:\/\/lasentinelle.dz\/#organization"},"image":{"@id":"https:\/\/lasentinelle.dz\/index.php\/2025\/02\/18\/victime-dinsultes-racistes-la-faf-au-soutien-de-mehdi-dorval\/#primaryimage"},"thumbnailUrl":"https:\/\/lasentinelle.dz\/wp-content\/uploads\/2025\/02\/Dorval.jpg","articleSection":["\u00c0 la Une","Sports"],"inLanguage":"fr-FR","potentialAction":[{"@type":"CommentAction","name":"Comment","target":["https:\/\/lasentinelle.dz\/index.php\/2025\/02\/18\/victime-dinsultes-racistes-la-faf-au-soutien-de-mehdi-dorval\/#respond"]}]},{"@type":"WebPage","@id":"https:\/\/lasentinelle.dz\/index.php\/2025\/02\/18\/victime-dinsultes-racistes-la-faf-au-soutien-de-mehdi-dorval\/","url":"https:\/\/lasentinelle.dz\/index.php\/2025\/02\/18\/victime-dinsultes-racistes-la-faf-au-soutien-de-mehdi-dorval\/","name":"Victime d&rsquo;insultes racistes: La FAF au soutien de Mehdi Dorval - La Sentinelle","isPartOf":{"@id":"https:\/\/lasentinelle.dz\/#website"},"primaryImageOfPage":{"@id":"https:\/\/lasentinelle.dz\/index.php\/2025\/02\/18\/victime-dinsultes-racistes-la-faf-au-soutien-de-mehdi-dorval\/#primaryimage"},"image":{"@id":"https:\/\/lasentinelle.dz\/index.php\/2025\/02\/18\/victime-dinsultes-racistes-la-faf-au-soutien-de-mehdi-dorval\/#primaryimage"},"thumbnailUrl":"https:\/\/lasentinelle.dz\/wp-content\/uploads\/2025\/02\/Dorval.jpg","datePublished":"2025-02-18T12:05:28+00:00","dateModified":"2025-02-18T12:05:29+00:00","breadcrumb":{"@id":"https:\/\/lasentinelle.dz\/index.php\/2025\/02\/18\/victime-dinsultes-racistes-la-faf-au-soutien-de-mehdi-dorval\/#breadcrumb"},"inLanguage":"fr-FR","potentialAction":[{"@type":"ReadAction","target":["https:\/\/lasentinelle.dz\/index.php\/2025\/02\/18\/victime-dinsultes-racistes-la-faf-au-soutien-de-mehdi-dorval\/"]}]},{"@type":"ImageObject","inLanguage":"fr-FR","@id":"https:\/\/lasentinelle.dz\/index.php\/2025\/02\/18\/victime-dinsultes-racistes-la-faf-au-soutien-de-mehdi-dorval\/#primaryimage","url":"https:\/\/lasentinelle.dz\/wp-content\/uploads\/2025\/02\/Dorval.jpg","contentUrl":"https:\/\/lasentinelle.dz\/wp-content\/uploads\/2025\/02\/Dorval.jpg","width":1248,"height":702},{"@type":"BreadcrumbList","@id":"https:\/\/lasentinelle.dz\/index.php\/2025\/02\/18\/victime-dinsultes-racistes-la-faf-au-soutien-de-mehdi-dorval\/#breadcrumb","itemListElement":[{"@type":"ListItem","position":1,"name":"Accueil","item":"https:\/\/lasentinelle.dz\/"},{"@type":"ListItem","position":2,"name":"Victime d&rsquo;insultes racistes: La FAF au soutien de Mehdi Dorval"}]},{"@type":"WebSite","@id":"https:\/\/lasentinelle.dz\/#website","url":"https:\/\/lasentinelle.dz\/","name":"La Sentinelle","description":"Quotidien national d&#039;information","publisher":{"@id":"https:\/\/lasentinelle.dz\/#organization"},"potentialAction":[{"@type":"SearchAction","target":{"@type":"EntryPoint","urlTemplate":"https:\/\/lasentinelle.dz\/?s={search_term_string}"},"query-input":{"@type":"PropertyValueSpecification","valueRequired":true,"valueName":"search_term_string"}}],"inLanguage":"fr-FR"},{"@type":"Organization","@id":"https:\/\/lasentinelle.dz\/#organization","name":"Quotidien La Sentinelle","url":"https:\/\/lasentinelle.dz\/","logo":{"@type":"ImageObject","inLanguage":"fr-FR","@id":"https:\/\/lasentinelle.dz\/#\/schema\/logo\/image\/","url":"https:\/\/lasentinelle.dz\/wp-content\/uploads\/2021\/09\/logo-sentinelleSLOGAN-1.png","contentUrl":"https:\/\/lasentinelle.dz\/wp-content\/uploads\/2021\/09\/logo-sentinelleSLOGAN-1.png","width":615,"height":142,"caption":"Quotidien La Sentinelle"},"image":{"@id":"https:\/\/lasentinelle.dz\/#\/schema\/logo\/image\/"},"sameAs":["https:\/\/www.facebook.com\/La-Sentinelle-104059864394773"]},{"@type":"Person","@id":"https:\/\/lasentinelle.dz\/#\/schema\/person\/729ee0024f24e0b8c5ec17232f8e8b41","name":"admin","image":{"@type":"ImageObject","inLanguage":"fr-FR","@id":"https:\/\/secure.gravatar.com\/avatar\/4c81fed838786e9b53f540bf46533e750f5d292099ae3b66cfc6fb1982e29df7?s=96&d=mm&r=g","url":"https:\/\/secure.gravatar.com\/avatar\/4c81fed838786e9b53f540bf46533e750f5d292099ae3b66cfc6fb1982e29df7?s=96&d=mm&r=g","contentUrl":"https:\/\/secure.gravatar.com\/avatar\/4c81fed838786e9b53f540bf46533e750f5d292099ae3b66cfc6fb1982e29df7?s=96&d=mm&r=g","caption":"admin"},"description":"admin","url":"https:\/\/lasentinelle.dz\/author\/admin\/"}]}},"_links":{"self":[{"href":"https:\/\/lasentinelle.dz\/index.php\/wp-json\/wp\/v2\/posts\/63198","targetHints":{"allow":["GET"]}}],"collection":[{"href":"https:\/\/lasentinelle.dz\/index.php\/wp-json\/wp\/v2\/posts"}],"about":[{"href":"https:\/\/lasentinelle.dz\/index.php\/wp-json\/wp\/v2\/types\/post"}],"author":[{"embeddable":true,"href":"https:\/\/lasentinelle.dz\/index.php\/wp-json\/wp\/v2\/users\/6"}],"replies":[{"embeddable":true,"href":"https:\/\/lasentinelle.dz\/index.php\/wp-json\/wp\/v2\/comments?post=63198"}],"version-history":[{"count":2,"href":"https:\/\/lasentinelle.dz\/index.php\/wp-json\/wp\/v2\/posts\/63198\/revisions"}],"predecessor-version":[{"id":63201,"href":"https:\/\/lasentinelle.dz\/index.php\/wp-json\/wp\/v2\/posts\/63198\/revisions\/63201"}],"wp:featuredmedia":[{"embeddable":true,"href":"https:\/\/lasentinelle.dz\/index.php\/wp-json\/wp\/v2\/media\/63199"}],"wp:attachment":[{"href":"https:\/\/lasentinelle.dz\/index.php\/wp-json\/wp\/v2\/media?parent=63198"}],"wp:term":[{"taxonomy":"category","embeddable":true,"href":"https:\/\/lasentinelle.dz\/index.php\/wp-json\/wp\/v2\/categories?post=63198"},{"taxonomy":"post_tag","embeddable":true,"href":"https:\/\/lasentinelle.dz\/index.php\/wp-json\/wp\/v2\/tags?post=63198"}],"curies":[{"name":"wp","href":"https:\/\/api.w.org\/{rel}","templated":true}]}}