{"id":63244,"date":"2025-02-18T13:34:19","date_gmt":"2025-02-18T12:34:19","guid":{"rendered":"https:\/\/lasentinelle.dz\/?p=63244"},"modified":"2025-02-18T13:34:20","modified_gmt":"2025-02-18T12:34:20","slug":"sommet-de-lua-appel-solennel-a-mettre-fin-aux-conflits-qui-dechirent-le-continent","status":"publish","type":"post","link":"https:\/\/lasentinelle.dz\/index.php\/2025\/02\/18\/sommet-de-lua-appel-solennel-a-mettre-fin-aux-conflits-qui-dechirent-le-continent\/","title":{"rendered":"Sommet de l&rsquo;UA: Appel solennel \u00e0 mettre fin aux conflits qui d\u00e9chirent le continent"},"content":{"rendered":"\n<p>Les dirigeants africains r\u00e9unis les 15 et 16 f\u00e9vrier 2025 \u00e0 Addis-Abeba pour le 38e sommet de l&rsquo;Union africaine ont lanc\u00e9 un appel pressant pour mettre fin aux conflits qui d\u00e9chirent le continent, notamment au Soudan et en R\u00e9publique d\u00e9mocratique du Congo. Dans leur d\u00e9claration finale, ils ont \u00ab\u00a0r\u00e9it\u00e9r\u00e9 l&rsquo;appel lanc\u00e9 \u00e0 toutes les parties bellig\u00e9rantes, dans les Etats membres aux prises avec des conflits violents, pour qu&rsquo;elles cessent imm\u00e9diatement et sans conditions toutes les hostilit\u00e9s\u00a0\u00bb. Les chefs d&rsquo;\u00c9tat et de gouvernement africains ont particuli\u00e8rement insist\u00e9 sur la n\u00e9cessit\u00e9 d&rsquo;instaurer \u00ab\u00a0un cessez-le-feu permanent\u00a0\u00bb et d&rsquo;adopter \u00ab\u00a0un dialogue et une r\u00e9conciliation authentiques et sans exclusion\u00a0\u00bb, qu&rsquo;ils consid\u00e8rent comme la \u00ab\u00a0seule approche viable pour parvenir \u00e0 des solutions consensuelles et durables\u00a0\u00bb. Cette position intervient dans un contexte particuli\u00e8rement tendu, alors que le Soudan est ravag\u00e9 depuis 22 mois par un conflit entre l&rsquo;arm\u00e9e nationale et les Forces de soutien rapide, provoquant le d\u00e9placement d&rsquo;un cinqui\u00e8me de la population et une grave crise alimentaire touchant pr\u00e8s de la moiti\u00e9 des habitants. En RDC, la situation n&rsquo;est gu\u00e8re plus encourageante avec la progression du groupe arm\u00e9 M23 qui, apr\u00e8s avoir pris Goma fin janvier, menace d\u00e9sormais Bukavu. Face \u00e0 ces d\u00e9fis, les dirigeants africains ont rappel\u00e9 l&rsquo;importance fondamentale des principes de l&rsquo;UA, notamment \u00ab\u00a0la souverainet\u00e9 des \u00c9tats membres, l&rsquo;int\u00e9grit\u00e9 territoriale, l&rsquo;unit\u00e9 nationale, la non-ing\u00e9rence dans les affaires int\u00e9rieures des \u00c9tats membres, la non-agression et le r\u00e8glement pacifique des conflits\u00a0\u00bb. La d\u00e9claration condamne fermement \u00ab\u00a0l&rsquo;implication d&rsquo;acteurs ext\u00e9rieurs \u00e9tatiques et non \u00e9tatiques dans les conflits africains, ainsi que l&rsquo;exploitation ill\u00e9gale des ressources naturelles par des groupes arm\u00e9s et terroristes en Afrique\u00a0\u00bb. Sur le plan des solutions, les chefs d&rsquo;\u00c9tat ont encourag\u00e9 leurs pairs \u00e0 \u00ab\u00a0s&rsquo;attaquer de mani\u00e8re globale aux causes profondes et structurelles des conflits violents et de l&rsquo;instabilit\u00e9\u00a0\u00bb, en mettant l&rsquo;accent sur le lien entre paix, s\u00e9curit\u00e9 et d\u00e9veloppement. Ils pr\u00e9conisent notamment la mise en place de \u00ab\u00a0programmes socio-\u00e9conomiques d\u00e9lib\u00e9r\u00e9s visant \u00e0 autonomiser les populations, particuli\u00e8rement les femmes et les jeunes\u00a0\u00bb. La question du financement occupe \u00e9galement une place centrale dans la d\u00e9claration. Les dirigeants africains ont soulign\u00e9 la n\u00e9cessit\u00e9 d&rsquo;une \u00ab\u00a0mise en \u0153uvre imm\u00e9diate et int\u00e9grale\u00a0\u00bb de la r\u00e9solution 2719 du Conseil de s\u00e9curit\u00e9 des Nations unies pour garantir le financement des op\u00e9rations de paix de l&rsquo;UA. Ils ont \u00e9galement appel\u00e9 \u00e0 \u00ab\u00a0explorer des moyens novateurs de mobilisation des ressources financi\u00e8res internes, notamment par le biais d&rsquo;engagements avec le secteur priv\u00e9 et les institutions financi\u00e8res africaines\u00a0\u00bb. La lutte contre le terrorisme n&rsquo;est pas en reste, avec un appel \u00e0 mettre en place des m\u00e9canismes r\u00e9gionaux pour \u00ab\u00a0s&rsquo;attaquer aux sources de financement du terrorisme afin de r\u00e9duire les activit\u00e9s des groupes terroristes et arm\u00e9s\u00a0\u00bb. Les dirigeants ont notamment exhort\u00e9 \u00e0 acc\u00e9l\u00e9rer la mise en \u0153uvre de la D\u00e9claration de Malabo sur le terrorisme et les changements anticonstitutionnels de gouvernement, adopt\u00e9e en mai 2022, ainsi que la D\u00e9claration d&rsquo;Abuja d&rsquo;avril 2024 sur la lutte contre le terrorisme. En conclusion, le sommet a r\u00e9affirm\u00e9 la n\u00e9cessit\u00e9 de \u00ab\u00a0redynamiser la diplomatie pr\u00e9ventive comme outil efficace de pr\u00e9vention, de gestion et de r\u00e8glement des conflits\u00a0\u00bb, soulignant ainsi l&rsquo;importance d&rsquo;une approche proactive dans la r\u00e9solution des crises sur le continent.<\/p>\n\n\n\n<p>Chokri Hafed<\/p>\n","protected":false},"excerpt":{"rendered":"<p>Les dirigeants africains r\u00e9unis les 15 et 16 f\u00e9vrier 2025 \u00e0 Addis-Abeba pour le 38e sommet de l&rsquo;Union africaine ont<\/p>\n","protected":false},"author":6,"featured_media":63237,"comment_status":"open","ping_status":"closed","sticky":false,"template":"","format":"standard","meta":{"colormag_page_container_layout":"default_layout","colormag_page_sidebar_layout":"default_layout","om_disable_all_campaigns":false,"_monsterinsights_skip_tracking":false,"_monsterinsights_sitenote_active":false,"_monsterinsights_sitenote_note":"","_monsterinsights_sitenote_category":0,"footnotes":"","_wpscppro_dont_share_socialmedia":false,"_wpscppro_custom_social_share_image":0,"_facebook_share_type":"default","_twitter_share_type":"default","_linkedin_share_type":"default","_pinterest_share_type":"default","_linkedin_share_type_page":"","_instagram_share_type":"default","_medium_share_type":"default","_threads_share_type":"","_google_business_share_type":"","_selected_social_profile":[],"_wpsp_enable_custom_social_template":false,"_wpsp_social_scheduling":{"enabled":false,"datetime":null,"platforms":[],"status":"template_only","dateOption":"today","timeOption":"now","customDays":"","customHours":"","customDate":"","customTime":"","schedulingType":"absolute"},"_wpsp_active_default_template":true},"categories":[27],"tags":[],"class_list":["post-63244","post","type-post","status-publish","format-standard","has-post-thumbnail","hentry","category-actualite"],"aioseo_notices":[],"yoast_head":"<!-- This site is optimized with the Yoast SEO plugin v27.5 - https:\/\/yoast.com\/product\/yoast-seo-wordpress\/ -->\n<title>Sommet de l&rsquo;UA: Appel solennel \u00e0 mettre fin aux conflits qui d\u00e9chirent le continent - La Sentinelle<\/title>\n<meta name=\"robots\" content=\"index, follow, max-snippet:-1, max-image-preview:large, max-video-preview:-1\" \/>\n<link rel=\"canonical\" href=\"https:\/\/lasentinelle.dz\/index.php\/2025\/02\/18\/sommet-de-lua-appel-solennel-a-mettre-fin-aux-conflits-qui-dechirent-le-continent\/\" \/>\n<meta property=\"og:locale\" content=\"fr_FR\" \/>\n<meta property=\"og:type\" content=\"article\" \/>\n<meta property=\"og:title\" content=\"Sommet de l&rsquo;UA: Appel solennel \u00e0 mettre fin aux conflits qui d\u00e9chirent le continent - La Sentinelle\" \/>\n<meta property=\"og:description\" content=\"Les dirigeants africains r\u00e9unis les 15 et 16 f\u00e9vrier 2025 \u00e0 Addis-Abeba pour le 38e sommet de l&rsquo;Union africaine ont\" \/>\n<meta property=\"og:url\" content=\"https:\/\/lasentinelle.dz\/index.php\/2025\/02\/18\/sommet-de-lua-appel-solennel-a-mettre-fin-aux-conflits-qui-dechirent-le-continent\/\" \/>\n<meta property=\"og:site_name\" content=\"La Sentinelle\" \/>\n<meta property=\"article:publisher\" content=\"https:\/\/www.facebook.com\/La-Sentinelle-104059864394773\" \/>\n<meta property=\"article:published_time\" content=\"2025-02-18T12:34:19+00:00\" \/>\n<meta property=\"article:modified_time\" content=\"2025-02-18T12:34:20+00:00\" \/>\n<meta property=\"og:image\" content=\"https:\/\/lasentinelle.dz\/wp-content\/uploads\/2025\/02\/Union-africaine.webp\" \/>\n\t<meta property=\"og:image:width\" content=\"900\" \/>\n\t<meta property=\"og:image:height\" content=\"675\" \/>\n\t<meta property=\"og:image:type\" content=\"image\/webp\" \/>\n<meta name=\"author\" content=\"admin\" \/>\n<meta name=\"twitter:card\" content=\"summary_large_image\" \/>\n<meta name=\"twitter:label1\" content=\"\u00c9crit par\" \/>\n\t<meta name=\"twitter:data1\" content=\"admin\" \/>\n\t<meta name=\"twitter:label2\" content=\"Dur\u00e9e de lecture estim\u00e9e\" \/>\n\t<meta name=\"twitter:data2\" content=\"3 minutes\" \/>\n<script type=\"application\/ld+json\" class=\"yoast-schema-graph\">{\"@context\":\"https:\\\/\\\/schema.org\",\"@graph\":[{\"@type\":\"Article\",\"@id\":\"https:\\\/\\\/lasentinelle.dz\\\/index.php\\\/2025\\\/02\\\/18\\\/sommet-de-lua-appel-solennel-a-mettre-fin-aux-conflits-qui-dechirent-le-continent\\\/#article\",\"isPartOf\":{\"@id\":\"https:\\\/\\\/lasentinelle.dz\\\/index.php\\\/2025\\\/02\\\/18\\\/sommet-de-lua-appel-solennel-a-mettre-fin-aux-conflits-qui-dechirent-le-continent\\\/\"},\"author\":{\"name\":\"admin\",\"@id\":\"https:\\\/\\\/lasentinelle.dz\\\/#\\\/schema\\\/person\\\/729ee0024f24e0b8c5ec17232f8e8b41\"},\"headline\":\"Sommet de l&rsquo;UA: Appel solennel \u00e0 mettre fin aux conflits qui d\u00e9chirent le continent\",\"datePublished\":\"2025-02-18T12:34:19+00:00\",\"dateModified\":\"2025-02-18T12:34:20+00:00\",\"mainEntityOfPage\":{\"@id\":\"https:\\\/\\\/lasentinelle.dz\\\/index.php\\\/2025\\\/02\\\/18\\\/sommet-de-lua-appel-solennel-a-mettre-fin-aux-conflits-qui-dechirent-le-continent\\\/\"},\"wordCount\":618,\"commentCount\":0,\"publisher\":{\"@id\":\"https:\\\/\\\/lasentinelle.dz\\\/#organization\"},\"image\":{\"@id\":\"https:\\\/\\\/lasentinelle.dz\\\/index.php\\\/2025\\\/02\\\/18\\\/sommet-de-lua-appel-solennel-a-mettre-fin-aux-conflits-qui-dechirent-le-continent\\\/#primaryimage\"},\"thumbnailUrl\":\"https:\\\/\\\/lasentinelle.dz\\\/wp-content\\\/uploads\\\/2025\\\/02\\\/Union-africaine.webp\",\"articleSection\":[\"Actualit\u00e9\"],\"inLanguage\":\"fr-FR\",\"potentialAction\":[{\"@type\":\"CommentAction\",\"name\":\"Comment\",\"target\":[\"https:\\\/\\\/lasentinelle.dz\\\/index.php\\\/2025\\\/02\\\/18\\\/sommet-de-lua-appel-solennel-a-mettre-fin-aux-conflits-qui-dechirent-le-continent\\\/#respond\"]}]},{\"@type\":\"WebPage\",\"@id\":\"https:\\\/\\\/lasentinelle.dz\\\/index.php\\\/2025\\\/02\\\/18\\\/sommet-de-lua-appel-solennel-a-mettre-fin-aux-conflits-qui-dechirent-le-continent\\\/\",\"url\":\"https:\\\/\\\/lasentinelle.dz\\\/index.php\\\/2025\\\/02\\\/18\\\/sommet-de-lua-appel-solennel-a-mettre-fin-aux-conflits-qui-dechirent-le-continent\\\/\",\"name\":\"Sommet de l&rsquo;UA: Appel solennel \u00e0 mettre fin aux conflits qui d\u00e9chirent le continent - La Sentinelle\",\"isPartOf\":{\"@id\":\"https:\\\/\\\/lasentinelle.dz\\\/#website\"},\"primaryImageOfPage\":{\"@id\":\"https:\\\/\\\/lasentinelle.dz\\\/index.php\\\/2025\\\/02\\\/18\\\/sommet-de-lua-appel-solennel-a-mettre-fin-aux-conflits-qui-dechirent-le-continent\\\/#primaryimage\"},\"image\":{\"@id\":\"https:\\\/\\\/lasentinelle.dz\\\/index.php\\\/2025\\\/02\\\/18\\\/sommet-de-lua-appel-solennel-a-mettre-fin-aux-conflits-qui-dechirent-le-continent\\\/#primaryimage\"},\"thumbnailUrl\":\"https:\\\/\\\/lasentinelle.dz\\\/wp-content\\\/uploads\\\/2025\\\/02\\\/Union-africaine.webp\",\"datePublished\":\"2025-02-18T12:34:19+00:00\",\"dateModified\":\"2025-02-18T12:34:20+00:00\",\"breadcrumb\":{\"@id\":\"https:\\\/\\\/lasentinelle.dz\\\/index.php\\\/2025\\\/02\\\/18\\\/sommet-de-lua-appel-solennel-a-mettre-fin-aux-conflits-qui-dechirent-le-continent\\\/#breadcrumb\"},\"inLanguage\":\"fr-FR\",\"potentialAction\":[{\"@type\":\"ReadAction\",\"target\":[\"https:\\\/\\\/lasentinelle.dz\\\/index.php\\\/2025\\\/02\\\/18\\\/sommet-de-lua-appel-solennel-a-mettre-fin-aux-conflits-qui-dechirent-le-continent\\\/\"]}]},{\"@type\":\"ImageObject\",\"inLanguage\":\"fr-FR\",\"@id\":\"https:\\\/\\\/lasentinelle.dz\\\/index.php\\\/2025\\\/02\\\/18\\\/sommet-de-lua-appel-solennel-a-mettre-fin-aux-conflits-qui-dechirent-le-continent\\\/#primaryimage\",\"url\":\"https:\\\/\\\/lasentinelle.dz\\\/wp-content\\\/uploads\\\/2025\\\/02\\\/Union-africaine.webp\",\"contentUrl\":\"https:\\\/\\\/lasentinelle.dz\\\/wp-content\\\/uploads\\\/2025\\\/02\\\/Union-africaine.webp\",\"width\":900,\"height\":675},{\"@type\":\"BreadcrumbList\",\"@id\":\"https:\\\/\\\/lasentinelle.dz\\\/index.php\\\/2025\\\/02\\\/18\\\/sommet-de-lua-appel-solennel-a-mettre-fin-aux-conflits-qui-dechirent-le-continent\\\/#breadcrumb\",\"itemListElement\":[{\"@type\":\"ListItem\",\"position\":1,\"name\":\"Accueil\",\"item\":\"https:\\\/\\\/lasentinelle.dz\\\/\"},{\"@type\":\"ListItem\",\"position\":2,\"name\":\"Sommet de l&rsquo;UA: Appel solennel \u00e0 mettre fin aux conflits qui d\u00e9chirent le continent\"}]},{\"@type\":\"WebSite\",\"@id\":\"https:\\\/\\\/lasentinelle.dz\\\/#website\",\"url\":\"https:\\\/\\\/lasentinelle.dz\\\/\",\"name\":\"La Sentinelle\",\"description\":\"Quotidien national d&#039;information\",\"publisher\":{\"@id\":\"https:\\\/\\\/lasentinelle.dz\\\/#organization\"},\"potentialAction\":[{\"@type\":\"SearchAction\",\"target\":{\"@type\":\"EntryPoint\",\"urlTemplate\":\"https:\\\/\\\/lasentinelle.dz\\\/?s={search_term_string}\"},\"query-input\":{\"@type\":\"PropertyValueSpecification\",\"valueRequired\":true,\"valueName\":\"search_term_string\"}}],\"inLanguage\":\"fr-FR\"},{\"@type\":\"Organization\",\"@id\":\"https:\\\/\\\/lasentinelle.dz\\\/#organization\",\"name\":\"Quotidien La Sentinelle\",\"url\":\"https:\\\/\\\/lasentinelle.dz\\\/\",\"logo\":{\"@type\":\"ImageObject\",\"inLanguage\":\"fr-FR\",\"@id\":\"https:\\\/\\\/lasentinelle.dz\\\/#\\\/schema\\\/logo\\\/image\\\/\",\"url\":\"https:\\\/\\\/lasentinelle.dz\\\/wp-content\\\/uploads\\\/2021\\\/09\\\/logo-sentinelleSLOGAN-1.png\",\"contentUrl\":\"https:\\\/\\\/lasentinelle.dz\\\/wp-content\\\/uploads\\\/2021\\\/09\\\/logo-sentinelleSLOGAN-1.png\",\"width\":615,\"height\":142,\"caption\":\"Quotidien La Sentinelle\"},\"image\":{\"@id\":\"https:\\\/\\\/lasentinelle.dz\\\/#\\\/schema\\\/logo\\\/image\\\/\"},\"sameAs\":[\"https:\\\/\\\/www.facebook.com\\\/La-Sentinelle-104059864394773\"]},{\"@type\":\"Person\",\"@id\":\"https:\\\/\\\/lasentinelle.dz\\\/#\\\/schema\\\/person\\\/729ee0024f24e0b8c5ec17232f8e8b41\",\"name\":\"admin\",\"image\":{\"@type\":\"ImageObject\",\"inLanguage\":\"fr-FR\",\"@id\":\"https:\\\/\\\/secure.gravatar.com\\\/avatar\\\/4c81fed838786e9b53f540bf46533e750f5d292099ae3b66cfc6fb1982e29df7?s=96&d=mm&r=g\",\"url\":\"https:\\\/\\\/secure.gravatar.com\\\/avatar\\\/4c81fed838786e9b53f540bf46533e750f5d292099ae3b66cfc6fb1982e29df7?s=96&d=mm&r=g\",\"contentUrl\":\"https:\\\/\\\/secure.gravatar.com\\\/avatar\\\/4c81fed838786e9b53f540bf46533e750f5d292099ae3b66cfc6fb1982e29df7?s=96&d=mm&r=g\",\"caption\":\"admin\"},\"description\":\"admin\",\"url\":\"https:\\\/\\\/lasentinelle.dz\\\/author\\\/admin\\\/\"}]}<\/script>\n<!-- \/ Yoast SEO plugin. -->","yoast_head_json":{"title":"Sommet de l&rsquo;UA: Appel solennel \u00e0 mettre fin aux conflits qui d\u00e9chirent le continent - La Sentinelle","robots":{"index":"index","follow":"follow","max-snippet":"max-snippet:-1","max-image-preview":"max-image-preview:large","max-video-preview":"max-video-preview:-1"},"canonical":"https:\/\/lasentinelle.dz\/index.php\/2025\/02\/18\/sommet-de-lua-appel-solennel-a-mettre-fin-aux-conflits-qui-dechirent-le-continent\/","og_locale":"fr_FR","og_type":"article","og_title":"Sommet de l&rsquo;UA: Appel solennel \u00e0 mettre fin aux conflits qui d\u00e9chirent le continent - La Sentinelle","og_description":"Les dirigeants africains r\u00e9unis les 15 et 16 f\u00e9vrier 2025 \u00e0 Addis-Abeba pour le 38e sommet de l&rsquo;Union africaine ont","og_url":"https:\/\/lasentinelle.dz\/index.php\/2025\/02\/18\/sommet-de-lua-appel-solennel-a-mettre-fin-aux-conflits-qui-dechirent-le-continent\/","og_site_name":"La Sentinelle","article_publisher":"https:\/\/www.facebook.com\/La-Sentinelle-104059864394773","article_published_time":"2025-02-18T12:34:19+00:00","article_modified_time":"2025-02-18T12:34:20+00:00","og_image":[{"width":900,"height":675,"url":"https:\/\/lasentinelle.dz\/wp-content\/uploads\/2025\/02\/Union-africaine.webp","type":"image\/webp"}],"author":"admin","twitter_card":"summary_large_image","twitter_misc":{"\u00c9crit par":"admin","Dur\u00e9e de lecture estim\u00e9e":"3 minutes"},"schema":{"@context":"https:\/\/schema.org","@graph":[{"@type":"Article","@id":"https:\/\/lasentinelle.dz\/index.php\/2025\/02\/18\/sommet-de-lua-appel-solennel-a-mettre-fin-aux-conflits-qui-dechirent-le-continent\/#article","isPartOf":{"@id":"https:\/\/lasentinelle.dz\/index.php\/2025\/02\/18\/sommet-de-lua-appel-solennel-a-mettre-fin-aux-conflits-qui-dechirent-le-continent\/"},"author":{"name":"admin","@id":"https:\/\/lasentinelle.dz\/#\/schema\/person\/729ee0024f24e0b8c5ec17232f8e8b41"},"headline":"Sommet de l&rsquo;UA: Appel solennel \u00e0 mettre fin aux conflits qui d\u00e9chirent le continent","datePublished":"2025-02-18T12:34:19+00:00","dateModified":"2025-02-18T12:34:20+00:00","mainEntityOfPage":{"@id":"https:\/\/lasentinelle.dz\/index.php\/2025\/02\/18\/sommet-de-lua-appel-solennel-a-mettre-fin-aux-conflits-qui-dechirent-le-continent\/"},"wordCount":618,"commentCount":0,"publisher":{"@id":"https:\/\/lasentinelle.dz\/#organization"},"image":{"@id":"https:\/\/lasentinelle.dz\/index.php\/2025\/02\/18\/sommet-de-lua-appel-solennel-a-mettre-fin-aux-conflits-qui-dechirent-le-continent\/#primaryimage"},"thumbnailUrl":"https:\/\/lasentinelle.dz\/wp-content\/uploads\/2025\/02\/Union-africaine.webp","articleSection":["Actualit\u00e9"],"inLanguage":"fr-FR","potentialAction":[{"@type":"CommentAction","name":"Comment","target":["https:\/\/lasentinelle.dz\/index.php\/2025\/02\/18\/sommet-de-lua-appel-solennel-a-mettre-fin-aux-conflits-qui-dechirent-le-continent\/#respond"]}]},{"@type":"WebPage","@id":"https:\/\/lasentinelle.dz\/index.php\/2025\/02\/18\/sommet-de-lua-appel-solennel-a-mettre-fin-aux-conflits-qui-dechirent-le-continent\/","url":"https:\/\/lasentinelle.dz\/index.php\/2025\/02\/18\/sommet-de-lua-appel-solennel-a-mettre-fin-aux-conflits-qui-dechirent-le-continent\/","name":"Sommet de l&rsquo;UA: Appel solennel \u00e0 mettre fin aux conflits qui d\u00e9chirent le continent - La Sentinelle","isPartOf":{"@id":"https:\/\/lasentinelle.dz\/#website"},"primaryImageOfPage":{"@id":"https:\/\/lasentinelle.dz\/index.php\/2025\/02\/18\/sommet-de-lua-appel-solennel-a-mettre-fin-aux-conflits-qui-dechirent-le-continent\/#primaryimage"},"image":{"@id":"https:\/\/lasentinelle.dz\/index.php\/2025\/02\/18\/sommet-de-lua-appel-solennel-a-mettre-fin-aux-conflits-qui-dechirent-le-continent\/#primaryimage"},"thumbnailUrl":"https:\/\/lasentinelle.dz\/wp-content\/uploads\/2025\/02\/Union-africaine.webp","datePublished":"2025-02-18T12:34:19+00:00","dateModified":"2025-02-18T12:34:20+00:00","breadcrumb":{"@id":"https:\/\/lasentinelle.dz\/index.php\/2025\/02\/18\/sommet-de-lua-appel-solennel-a-mettre-fin-aux-conflits-qui-dechirent-le-continent\/#breadcrumb"},"inLanguage":"fr-FR","potentialAction":[{"@type":"ReadAction","target":["https:\/\/lasentinelle.dz\/index.php\/2025\/02\/18\/sommet-de-lua-appel-solennel-a-mettre-fin-aux-conflits-qui-dechirent-le-continent\/"]}]},{"@type":"ImageObject","inLanguage":"fr-FR","@id":"https:\/\/lasentinelle.dz\/index.php\/2025\/02\/18\/sommet-de-lua-appel-solennel-a-mettre-fin-aux-conflits-qui-dechirent-le-continent\/#primaryimage","url":"https:\/\/lasentinelle.dz\/wp-content\/uploads\/2025\/02\/Union-africaine.webp","contentUrl":"https:\/\/lasentinelle.dz\/wp-content\/uploads\/2025\/02\/Union-africaine.webp","width":900,"height":675},{"@type":"BreadcrumbList","@id":"https:\/\/lasentinelle.dz\/index.php\/2025\/02\/18\/sommet-de-lua-appel-solennel-a-mettre-fin-aux-conflits-qui-dechirent-le-continent\/#breadcrumb","itemListElement":[{"@type":"ListItem","position":1,"name":"Accueil","item":"https:\/\/lasentinelle.dz\/"},{"@type":"ListItem","position":2,"name":"Sommet de l&rsquo;UA: Appel solennel \u00e0 mettre fin aux conflits qui d\u00e9chirent le continent"}]},{"@type":"WebSite","@id":"https:\/\/lasentinelle.dz\/#website","url":"https:\/\/lasentinelle.dz\/","name":"La Sentinelle","description":"Quotidien national d&#039;information","publisher":{"@id":"https:\/\/lasentinelle.dz\/#organization"},"potentialAction":[{"@type":"SearchAction","target":{"@type":"EntryPoint","urlTemplate":"https:\/\/lasentinelle.dz\/?s={search_term_string}"},"query-input":{"@type":"PropertyValueSpecification","valueRequired":true,"valueName":"search_term_string"}}],"inLanguage":"fr-FR"},{"@type":"Organization","@id":"https:\/\/lasentinelle.dz\/#organization","name":"Quotidien La Sentinelle","url":"https:\/\/lasentinelle.dz\/","logo":{"@type":"ImageObject","inLanguage":"fr-FR","@id":"https:\/\/lasentinelle.dz\/#\/schema\/logo\/image\/","url":"https:\/\/lasentinelle.dz\/wp-content\/uploads\/2021\/09\/logo-sentinelleSLOGAN-1.png","contentUrl":"https:\/\/lasentinelle.dz\/wp-content\/uploads\/2021\/09\/logo-sentinelleSLOGAN-1.png","width":615,"height":142,"caption":"Quotidien La Sentinelle"},"image":{"@id":"https:\/\/lasentinelle.dz\/#\/schema\/logo\/image\/"},"sameAs":["https:\/\/www.facebook.com\/La-Sentinelle-104059864394773"]},{"@type":"Person","@id":"https:\/\/lasentinelle.dz\/#\/schema\/person\/729ee0024f24e0b8c5ec17232f8e8b41","name":"admin","image":{"@type":"ImageObject","inLanguage":"fr-FR","@id":"https:\/\/secure.gravatar.com\/avatar\/4c81fed838786e9b53f540bf46533e750f5d292099ae3b66cfc6fb1982e29df7?s=96&d=mm&r=g","url":"https:\/\/secure.gravatar.com\/avatar\/4c81fed838786e9b53f540bf46533e750f5d292099ae3b66cfc6fb1982e29df7?s=96&d=mm&r=g","contentUrl":"https:\/\/secure.gravatar.com\/avatar\/4c81fed838786e9b53f540bf46533e750f5d292099ae3b66cfc6fb1982e29df7?s=96&d=mm&r=g","caption":"admin"},"description":"admin","url":"https:\/\/lasentinelle.dz\/author\/admin\/"}]}},"_links":{"self":[{"href":"https:\/\/lasentinelle.dz\/index.php\/wp-json\/wp\/v2\/posts\/63244","targetHints":{"allow":["GET"]}}],"collection":[{"href":"https:\/\/lasentinelle.dz\/index.php\/wp-json\/wp\/v2\/posts"}],"about":[{"href":"https:\/\/lasentinelle.dz\/index.php\/wp-json\/wp\/v2\/types\/post"}],"author":[{"embeddable":true,"href":"https:\/\/lasentinelle.dz\/index.php\/wp-json\/wp\/v2\/users\/6"}],"replies":[{"embeddable":true,"href":"https:\/\/lasentinelle.dz\/index.php\/wp-json\/wp\/v2\/comments?post=63244"}],"version-history":[{"count":2,"href":"https:\/\/lasentinelle.dz\/index.php\/wp-json\/wp\/v2\/posts\/63244\/revisions"}],"predecessor-version":[{"id":63246,"href":"https:\/\/lasentinelle.dz\/index.php\/wp-json\/wp\/v2\/posts\/63244\/revisions\/63246"}],"wp:featuredmedia":[{"embeddable":true,"href":"https:\/\/lasentinelle.dz\/index.php\/wp-json\/wp\/v2\/media\/63237"}],"wp:attachment":[{"href":"https:\/\/lasentinelle.dz\/index.php\/wp-json\/wp\/v2\/media?parent=63244"}],"wp:term":[{"taxonomy":"category","embeddable":true,"href":"https:\/\/lasentinelle.dz\/index.php\/wp-json\/wp\/v2\/categories?post=63244"},{"taxonomy":"post_tag","embeddable":true,"href":"https:\/\/lasentinelle.dz\/index.php\/wp-json\/wp\/v2\/tags?post=63244"}],"curies":[{"name":"wp","href":"https:\/\/api.w.org\/{rel}","templated":true}]}}