{"id":63297,"date":"2025-02-19T12:07:40","date_gmt":"2025-02-19T11:07:40","guid":{"rendered":"https:\/\/lasentinelle.dz\/?p=63297"},"modified":"2025-02-19T12:07:41","modified_gmt":"2025-02-19T11:07:41","slug":"le-gecf-avertit-contre-le-sous-investissement-dans-le-gaz-naturel","status":"publish","type":"post","link":"https:\/\/lasentinelle.dz\/index.php\/2025\/02\/19\/le-gecf-avertit-contre-le-sous-investissement-dans-le-gaz-naturel\/","title":{"rendered":"LE GECF avertit contre le sous-investissement dans le gaz naturel"},"content":{"rendered":"\n<p>Le gaz naturel s&rsquo;impose comme un pilier strat\u00e9gique de la transformation num\u00e9rique mondiale.<\/p>\n\n\n\n<p>Dans un contexte o\u00f9 la demande \u00e9nerg\u00e9tique du secteur technologique ne cesse de cro\u00eetre, Mohamed Hamel, Secr\u00e9taire g\u00e9n\u00e9ral du Forum des pays exportateurs de gaz (GECF), a livr\u00e9, lors du Salon du p\u00e9trole d&rsquo;Egypte (EGYPES 2025) au Caire, une analyse d\u00e9taill\u00e9e des enjeux lors d&rsquo;une table ronde majeure consacr\u00e9e au r\u00f4le du gaz dans l&rsquo;\u00e9conomie mondiale. Les chiffres pr\u00e9sent\u00e9s sont \u00e9loquents : la consommation \u00e9lectrique des centres de donn\u00e9es devrait plus que doubler d&rsquo;ici 2030, passant de 400 TWh \u00e0 plus de 1.000 TWh, une augmentation principalement port\u00e9e par l&rsquo;essor de l&rsquo;intelligence artificielle. Cette tendance confirme le r\u00f4le central du gaz naturel dans la transition \u00e9nerg\u00e9tique et num\u00e9rique. Comme l&rsquo;a soulign\u00e9 M. Hamel, \u00ab\u00a0le gaz naturel n&rsquo;est pas seulement un pont vers l&rsquo;avenir, mais une partie int\u00e9grante de l&rsquo;avenir\u00a0\u00bb. Cette affirmation s&rsquo;appuie sur des donn\u00e9es tangibles : l&rsquo;ann\u00e9e 2024 a \u00e9tabli un nouveau record de demande en gaz naturel, celui-ci repr\u00e9sentant \u00ab\u00a040% de la croissance mondiale de la consommation primaire d&rsquo;\u00e9nergie \u2013 plus que toute autre source d&rsquo;\u00e9nergie\u00a0\u00bb. Les projections du GECF anticipent une progression continue de la demande, estim\u00e9e \u00e0 32% d&rsquo;ici 2050, sous l&rsquo;effet conjugu\u00e9 de la croissance d\u00e9mographique mondiale et du d\u00e9veloppement \u00e9conomique. L&rsquo;un des arguments majeurs en faveur du gaz naturel r\u00e9side dans sa fiabilit\u00e9 pour l&rsquo;alimentation des infrastructures num\u00e9riques. Selon M. Hamel, il \u00ab\u00a0offre une \u00e9lectricit\u00e9 pilotable, \u00e9volutive et rentable \u00e0 la demande, garantissant ainsi que les centres de donn\u00e9es ne subissent jamais de p\u00e9nuries ou d&rsquo;instabilit\u00e9 d&rsquo;approvisionnement\u00a0\u00bb. Cette caract\u00e9ristique devient cruciale alors que les op\u00e9rations d&rsquo;intelligence artificielle consomment davantage d&rsquo;\u00e9nergie que les calculs conventionnels. Le GECF souligne \u00e9galement la compl\u00e9mentarit\u00e9 naturelle entre le gaz et les \u00e9nergies renouvelables, une synergie qui se manifeste de deux mani\u00e8res : d&rsquo;une part, les compagnies p\u00e9troli\u00e8res et gazi\u00e8res int\u00e8grent les \u00e9nergies renouvelables pour r\u00e9duire leur empreinte carbone op\u00e9rationnelle ; d&rsquo;autre part, le gaz naturel joue un r\u00f4le stabilisateur essentiel pour compenser l&rsquo;intermittence des \u00e9nergies renouvelables. Cette compl\u00e9mentarit\u00e9 s&rsquo;inscrit dans une vision plus large du d\u00e9veloppement durable, incluant des enjeux sociaux majeurs. Le gaz naturel appara\u00eet notamment comme une solution privil\u00e9gi\u00e9e pour faciliter la transition de plus de 2 milliards de personnes qui d\u00e9pendent encore de la biomasse traditionnelle pour la cuisine, source importante de pollution int\u00e9rieure. Cette probl\u00e9matique est particuli\u00e8rement pr\u00e9gnante en Afrique, o\u00f9 plusieurs initiatives r\u00e9centes, salu\u00e9es lors du dernier Sommet de l&rsquo;\u00e9nergie en Tanzanie, visent \u00e0 acc\u00e9l\u00e9rer l&rsquo;acc\u00e8s \u00e0 des solutions de cuisson propres. Dans ce contexte d&rsquo;expansion du march\u00e9, M. Hamel a soulign\u00e9 l&rsquo;importance cruciale de maintenir les investissements dans les infrastructures gazi\u00e8res. Avec un d\u00e9clin naturel de la production d&rsquo;environ 4% par an, tout sous-investissement risquerait de cr\u00e9er des tensions significatives sur le march\u00e9, p\u00e9nalisant tant les producteurs que les consommateurs. Ces d\u00e9veloppements confirment le r\u00f4le strat\u00e9gique du gaz naturel dans la transformation \u00e9nerg\u00e9tique mondiale, \u00e0 l&rsquo;intersection des enjeux climatiques, num\u00e9riques et sociaux.<\/p>\n\n\n\n<p>Samira Ghrib<\/p>\n","protected":false},"excerpt":{"rendered":"<p>Le gaz naturel s&rsquo;impose comme un pilier strat\u00e9gique de la transformation num\u00e9rique mondiale. Dans un contexte o\u00f9 la demande \u00e9nerg\u00e9tique<\/p>\n","protected":false},"author":6,"featured_media":52157,"comment_status":"open","ping_status":"closed","sticky":false,"template":"","format":"standard","meta":{"colormag_page_container_layout":"default_layout","colormag_page_sidebar_layout":"default_layout","om_disable_all_campaigns":false,"_monsterinsights_skip_tracking":false,"_monsterinsights_sitenote_active":false,"_monsterinsights_sitenote_note":"","_monsterinsights_sitenote_category":0,"footnotes":"","_wpscppro_dont_share_socialmedia":false,"_wpscppro_custom_social_share_image":0,"_facebook_share_type":"default","_twitter_share_type":"default","_linkedin_share_type":"default","_pinterest_share_type":"default","_linkedin_share_type_page":"","_instagram_share_type":"default","_medium_share_type":"default","_threads_share_type":"","_google_business_share_type":"","_selected_social_profile":[],"_wpsp_enable_custom_social_template":false,"_wpsp_social_scheduling":{"enabled":false,"datetime":null,"platforms":[],"status":"template_only","dateOption":"today","timeOption":"now","customDays":"","customHours":"","customDate":"","customTime":"","schedulingType":"absolute"},"_wpsp_active_default_template":true},"categories":[52,29],"tags":[],"class_list":["post-63297","post","type-post","status-publish","format-standard","has-post-thumbnail","hentry","category-a-la-une","category-economie"],"aioseo_notices":[],"yoast_head":"<!-- This site is optimized with the Yoast SEO plugin v27.5 - https:\/\/yoast.com\/product\/yoast-seo-wordpress\/ -->\n<title>LE GECF avertit contre le sous-investissement dans le gaz naturel - La Sentinelle<\/title>\n<meta name=\"robots\" content=\"index, follow, max-snippet:-1, max-image-preview:large, max-video-preview:-1\" \/>\n<link rel=\"canonical\" href=\"https:\/\/lasentinelle.dz\/index.php\/2025\/02\/19\/le-gecf-avertit-contre-le-sous-investissement-dans-le-gaz-naturel\/\" \/>\n<meta property=\"og:locale\" content=\"fr_FR\" \/>\n<meta property=\"og:type\" content=\"article\" \/>\n<meta property=\"og:title\" content=\"LE GECF avertit contre le sous-investissement dans le gaz naturel - La Sentinelle\" \/>\n<meta property=\"og:description\" content=\"Le gaz naturel s&rsquo;impose comme un pilier strat\u00e9gique de la transformation num\u00e9rique mondiale. Dans un contexte o\u00f9 la demande \u00e9nerg\u00e9tique\" \/>\n<meta property=\"og:url\" content=\"https:\/\/lasentinelle.dz\/index.php\/2025\/02\/19\/le-gecf-avertit-contre-le-sous-investissement-dans-le-gaz-naturel\/\" \/>\n<meta property=\"og:site_name\" content=\"La Sentinelle\" \/>\n<meta property=\"article:publisher\" content=\"https:\/\/www.facebook.com\/La-Sentinelle-104059864394773\" \/>\n<meta property=\"article:published_time\" content=\"2025-02-19T11:07:40+00:00\" \/>\n<meta property=\"article:modified_time\" content=\"2025-02-19T11:07:41+00:00\" \/>\n<meta property=\"og:image\" content=\"https:\/\/lasentinelle.dz\/wp-content\/uploads\/2024\/05\/Hamel.jpeg\" \/>\n\t<meta property=\"og:image:width\" content=\"1548\" \/>\n\t<meta property=\"og:image:height\" content=\"1032\" \/>\n\t<meta property=\"og:image:type\" content=\"image\/jpeg\" \/>\n<meta name=\"author\" content=\"admin\" \/>\n<meta name=\"twitter:card\" content=\"summary_large_image\" \/>\n<meta name=\"twitter:label1\" content=\"\u00c9crit par\" \/>\n\t<meta name=\"twitter:data1\" content=\"admin\" \/>\n\t<meta name=\"twitter:label2\" content=\"Dur\u00e9e de lecture estim\u00e9e\" \/>\n\t<meta name=\"twitter:data2\" content=\"3 minutes\" \/>\n<script type=\"application\/ld+json\" class=\"yoast-schema-graph\">{\"@context\":\"https:\\\/\\\/schema.org\",\"@graph\":[{\"@type\":\"Article\",\"@id\":\"https:\\\/\\\/lasentinelle.dz\\\/index.php\\\/2025\\\/02\\\/19\\\/le-gecf-avertit-contre-le-sous-investissement-dans-le-gaz-naturel\\\/#article\",\"isPartOf\":{\"@id\":\"https:\\\/\\\/lasentinelle.dz\\\/index.php\\\/2025\\\/02\\\/19\\\/le-gecf-avertit-contre-le-sous-investissement-dans-le-gaz-naturel\\\/\"},\"author\":{\"name\":\"admin\",\"@id\":\"https:\\\/\\\/lasentinelle.dz\\\/#\\\/schema\\\/person\\\/729ee0024f24e0b8c5ec17232f8e8b41\"},\"headline\":\"LE GECF avertit contre le sous-investissement dans le gaz naturel\",\"datePublished\":\"2025-02-19T11:07:40+00:00\",\"dateModified\":\"2025-02-19T11:07:41+00:00\",\"mainEntityOfPage\":{\"@id\":\"https:\\\/\\\/lasentinelle.dz\\\/index.php\\\/2025\\\/02\\\/19\\\/le-gecf-avertit-contre-le-sous-investissement-dans-le-gaz-naturel\\\/\"},\"wordCount\":571,\"commentCount\":0,\"publisher\":{\"@id\":\"https:\\\/\\\/lasentinelle.dz\\\/#organization\"},\"image\":{\"@id\":\"https:\\\/\\\/lasentinelle.dz\\\/index.php\\\/2025\\\/02\\\/19\\\/le-gecf-avertit-contre-le-sous-investissement-dans-le-gaz-naturel\\\/#primaryimage\"},\"thumbnailUrl\":\"https:\\\/\\\/lasentinelle.dz\\\/wp-content\\\/uploads\\\/2024\\\/05\\\/Hamel.jpeg\",\"articleSection\":[\"\u00c0 la Une\",\"\u00c9conomie\"],\"inLanguage\":\"fr-FR\",\"potentialAction\":[{\"@type\":\"CommentAction\",\"name\":\"Comment\",\"target\":[\"https:\\\/\\\/lasentinelle.dz\\\/index.php\\\/2025\\\/02\\\/19\\\/le-gecf-avertit-contre-le-sous-investissement-dans-le-gaz-naturel\\\/#respond\"]}]},{\"@type\":\"WebPage\",\"@id\":\"https:\\\/\\\/lasentinelle.dz\\\/index.php\\\/2025\\\/02\\\/19\\\/le-gecf-avertit-contre-le-sous-investissement-dans-le-gaz-naturel\\\/\",\"url\":\"https:\\\/\\\/lasentinelle.dz\\\/index.php\\\/2025\\\/02\\\/19\\\/le-gecf-avertit-contre-le-sous-investissement-dans-le-gaz-naturel\\\/\",\"name\":\"LE GECF avertit contre le sous-investissement dans le gaz naturel - La Sentinelle\",\"isPartOf\":{\"@id\":\"https:\\\/\\\/lasentinelle.dz\\\/#website\"},\"primaryImageOfPage\":{\"@id\":\"https:\\\/\\\/lasentinelle.dz\\\/index.php\\\/2025\\\/02\\\/19\\\/le-gecf-avertit-contre-le-sous-investissement-dans-le-gaz-naturel\\\/#primaryimage\"},\"image\":{\"@id\":\"https:\\\/\\\/lasentinelle.dz\\\/index.php\\\/2025\\\/02\\\/19\\\/le-gecf-avertit-contre-le-sous-investissement-dans-le-gaz-naturel\\\/#primaryimage\"},\"thumbnailUrl\":\"https:\\\/\\\/lasentinelle.dz\\\/wp-content\\\/uploads\\\/2024\\\/05\\\/Hamel.jpeg\",\"datePublished\":\"2025-02-19T11:07:40+00:00\",\"dateModified\":\"2025-02-19T11:07:41+00:00\",\"breadcrumb\":{\"@id\":\"https:\\\/\\\/lasentinelle.dz\\\/index.php\\\/2025\\\/02\\\/19\\\/le-gecf-avertit-contre-le-sous-investissement-dans-le-gaz-naturel\\\/#breadcrumb\"},\"inLanguage\":\"fr-FR\",\"potentialAction\":[{\"@type\":\"ReadAction\",\"target\":[\"https:\\\/\\\/lasentinelle.dz\\\/index.php\\\/2025\\\/02\\\/19\\\/le-gecf-avertit-contre-le-sous-investissement-dans-le-gaz-naturel\\\/\"]}]},{\"@type\":\"ImageObject\",\"inLanguage\":\"fr-FR\",\"@id\":\"https:\\\/\\\/lasentinelle.dz\\\/index.php\\\/2025\\\/02\\\/19\\\/le-gecf-avertit-contre-le-sous-investissement-dans-le-gaz-naturel\\\/#primaryimage\",\"url\":\"https:\\\/\\\/lasentinelle.dz\\\/wp-content\\\/uploads\\\/2024\\\/05\\\/Hamel.jpeg\",\"contentUrl\":\"https:\\\/\\\/lasentinelle.dz\\\/wp-content\\\/uploads\\\/2024\\\/05\\\/Hamel.jpeg\",\"width\":1548,\"height\":1032,\"caption\":\"JOE AGDEPPA\"},{\"@type\":\"BreadcrumbList\",\"@id\":\"https:\\\/\\\/lasentinelle.dz\\\/index.php\\\/2025\\\/02\\\/19\\\/le-gecf-avertit-contre-le-sous-investissement-dans-le-gaz-naturel\\\/#breadcrumb\",\"itemListElement\":[{\"@type\":\"ListItem\",\"position\":1,\"name\":\"Accueil\",\"item\":\"https:\\\/\\\/lasentinelle.dz\\\/\"},{\"@type\":\"ListItem\",\"position\":2,\"name\":\"LE GECF avertit contre le sous-investissement dans le gaz naturel\"}]},{\"@type\":\"WebSite\",\"@id\":\"https:\\\/\\\/lasentinelle.dz\\\/#website\",\"url\":\"https:\\\/\\\/lasentinelle.dz\\\/\",\"name\":\"La Sentinelle\",\"description\":\"Quotidien national d&#039;information\",\"publisher\":{\"@id\":\"https:\\\/\\\/lasentinelle.dz\\\/#organization\"},\"potentialAction\":[{\"@type\":\"SearchAction\",\"target\":{\"@type\":\"EntryPoint\",\"urlTemplate\":\"https:\\\/\\\/lasentinelle.dz\\\/?s={search_term_string}\"},\"query-input\":{\"@type\":\"PropertyValueSpecification\",\"valueRequired\":true,\"valueName\":\"search_term_string\"}}],\"inLanguage\":\"fr-FR\"},{\"@type\":\"Organization\",\"@id\":\"https:\\\/\\\/lasentinelle.dz\\\/#organization\",\"name\":\"Quotidien La Sentinelle\",\"url\":\"https:\\\/\\\/lasentinelle.dz\\\/\",\"logo\":{\"@type\":\"ImageObject\",\"inLanguage\":\"fr-FR\",\"@id\":\"https:\\\/\\\/lasentinelle.dz\\\/#\\\/schema\\\/logo\\\/image\\\/\",\"url\":\"https:\\\/\\\/lasentinelle.dz\\\/wp-content\\\/uploads\\\/2021\\\/09\\\/logo-sentinelleSLOGAN-1.png\",\"contentUrl\":\"https:\\\/\\\/lasentinelle.dz\\\/wp-content\\\/uploads\\\/2021\\\/09\\\/logo-sentinelleSLOGAN-1.png\",\"width\":615,\"height\":142,\"caption\":\"Quotidien La Sentinelle\"},\"image\":{\"@id\":\"https:\\\/\\\/lasentinelle.dz\\\/#\\\/schema\\\/logo\\\/image\\\/\"},\"sameAs\":[\"https:\\\/\\\/www.facebook.com\\\/La-Sentinelle-104059864394773\"]},{\"@type\":\"Person\",\"@id\":\"https:\\\/\\\/lasentinelle.dz\\\/#\\\/schema\\\/person\\\/729ee0024f24e0b8c5ec17232f8e8b41\",\"name\":\"admin\",\"image\":{\"@type\":\"ImageObject\",\"inLanguage\":\"fr-FR\",\"@id\":\"https:\\\/\\\/secure.gravatar.com\\\/avatar\\\/4c81fed838786e9b53f540bf46533e750f5d292099ae3b66cfc6fb1982e29df7?s=96&d=mm&r=g\",\"url\":\"https:\\\/\\\/secure.gravatar.com\\\/avatar\\\/4c81fed838786e9b53f540bf46533e750f5d292099ae3b66cfc6fb1982e29df7?s=96&d=mm&r=g\",\"contentUrl\":\"https:\\\/\\\/secure.gravatar.com\\\/avatar\\\/4c81fed838786e9b53f540bf46533e750f5d292099ae3b66cfc6fb1982e29df7?s=96&d=mm&r=g\",\"caption\":\"admin\"},\"description\":\"admin\",\"url\":\"https:\\\/\\\/lasentinelle.dz\\\/author\\\/admin\\\/\"}]}<\/script>\n<!-- \/ Yoast SEO plugin. -->","yoast_head_json":{"title":"LE GECF avertit contre le sous-investissement dans le gaz naturel - La Sentinelle","robots":{"index":"index","follow":"follow","max-snippet":"max-snippet:-1","max-image-preview":"max-image-preview:large","max-video-preview":"max-video-preview:-1"},"canonical":"https:\/\/lasentinelle.dz\/index.php\/2025\/02\/19\/le-gecf-avertit-contre-le-sous-investissement-dans-le-gaz-naturel\/","og_locale":"fr_FR","og_type":"article","og_title":"LE GECF avertit contre le sous-investissement dans le gaz naturel - La Sentinelle","og_description":"Le gaz naturel s&rsquo;impose comme un pilier strat\u00e9gique de la transformation num\u00e9rique mondiale. Dans un contexte o\u00f9 la demande \u00e9nerg\u00e9tique","og_url":"https:\/\/lasentinelle.dz\/index.php\/2025\/02\/19\/le-gecf-avertit-contre-le-sous-investissement-dans-le-gaz-naturel\/","og_site_name":"La Sentinelle","article_publisher":"https:\/\/www.facebook.com\/La-Sentinelle-104059864394773","article_published_time":"2025-02-19T11:07:40+00:00","article_modified_time":"2025-02-19T11:07:41+00:00","og_image":[{"width":1548,"height":1032,"url":"https:\/\/lasentinelle.dz\/wp-content\/uploads\/2024\/05\/Hamel.jpeg","type":"image\/jpeg"}],"author":"admin","twitter_card":"summary_large_image","twitter_misc":{"\u00c9crit par":"admin","Dur\u00e9e de lecture estim\u00e9e":"3 minutes"},"schema":{"@context":"https:\/\/schema.org","@graph":[{"@type":"Article","@id":"https:\/\/lasentinelle.dz\/index.php\/2025\/02\/19\/le-gecf-avertit-contre-le-sous-investissement-dans-le-gaz-naturel\/#article","isPartOf":{"@id":"https:\/\/lasentinelle.dz\/index.php\/2025\/02\/19\/le-gecf-avertit-contre-le-sous-investissement-dans-le-gaz-naturel\/"},"author":{"name":"admin","@id":"https:\/\/lasentinelle.dz\/#\/schema\/person\/729ee0024f24e0b8c5ec17232f8e8b41"},"headline":"LE GECF avertit contre le sous-investissement dans le gaz naturel","datePublished":"2025-02-19T11:07:40+00:00","dateModified":"2025-02-19T11:07:41+00:00","mainEntityOfPage":{"@id":"https:\/\/lasentinelle.dz\/index.php\/2025\/02\/19\/le-gecf-avertit-contre-le-sous-investissement-dans-le-gaz-naturel\/"},"wordCount":571,"commentCount":0,"publisher":{"@id":"https:\/\/lasentinelle.dz\/#organization"},"image":{"@id":"https:\/\/lasentinelle.dz\/index.php\/2025\/02\/19\/le-gecf-avertit-contre-le-sous-investissement-dans-le-gaz-naturel\/#primaryimage"},"thumbnailUrl":"https:\/\/lasentinelle.dz\/wp-content\/uploads\/2024\/05\/Hamel.jpeg","articleSection":["\u00c0 la Une","\u00c9conomie"],"inLanguage":"fr-FR","potentialAction":[{"@type":"CommentAction","name":"Comment","target":["https:\/\/lasentinelle.dz\/index.php\/2025\/02\/19\/le-gecf-avertit-contre-le-sous-investissement-dans-le-gaz-naturel\/#respond"]}]},{"@type":"WebPage","@id":"https:\/\/lasentinelle.dz\/index.php\/2025\/02\/19\/le-gecf-avertit-contre-le-sous-investissement-dans-le-gaz-naturel\/","url":"https:\/\/lasentinelle.dz\/index.php\/2025\/02\/19\/le-gecf-avertit-contre-le-sous-investissement-dans-le-gaz-naturel\/","name":"LE GECF avertit contre le sous-investissement dans le gaz naturel - La Sentinelle","isPartOf":{"@id":"https:\/\/lasentinelle.dz\/#website"},"primaryImageOfPage":{"@id":"https:\/\/lasentinelle.dz\/index.php\/2025\/02\/19\/le-gecf-avertit-contre-le-sous-investissement-dans-le-gaz-naturel\/#primaryimage"},"image":{"@id":"https:\/\/lasentinelle.dz\/index.php\/2025\/02\/19\/le-gecf-avertit-contre-le-sous-investissement-dans-le-gaz-naturel\/#primaryimage"},"thumbnailUrl":"https:\/\/lasentinelle.dz\/wp-content\/uploads\/2024\/05\/Hamel.jpeg","datePublished":"2025-02-19T11:07:40+00:00","dateModified":"2025-02-19T11:07:41+00:00","breadcrumb":{"@id":"https:\/\/lasentinelle.dz\/index.php\/2025\/02\/19\/le-gecf-avertit-contre-le-sous-investissement-dans-le-gaz-naturel\/#breadcrumb"},"inLanguage":"fr-FR","potentialAction":[{"@type":"ReadAction","target":["https:\/\/lasentinelle.dz\/index.php\/2025\/02\/19\/le-gecf-avertit-contre-le-sous-investissement-dans-le-gaz-naturel\/"]}]},{"@type":"ImageObject","inLanguage":"fr-FR","@id":"https:\/\/lasentinelle.dz\/index.php\/2025\/02\/19\/le-gecf-avertit-contre-le-sous-investissement-dans-le-gaz-naturel\/#primaryimage","url":"https:\/\/lasentinelle.dz\/wp-content\/uploads\/2024\/05\/Hamel.jpeg","contentUrl":"https:\/\/lasentinelle.dz\/wp-content\/uploads\/2024\/05\/Hamel.jpeg","width":1548,"height":1032,"caption":"JOE AGDEPPA"},{"@type":"BreadcrumbList","@id":"https:\/\/lasentinelle.dz\/index.php\/2025\/02\/19\/le-gecf-avertit-contre-le-sous-investissement-dans-le-gaz-naturel\/#breadcrumb","itemListElement":[{"@type":"ListItem","position":1,"name":"Accueil","item":"https:\/\/lasentinelle.dz\/"},{"@type":"ListItem","position":2,"name":"LE GECF avertit contre le sous-investissement dans le gaz naturel"}]},{"@type":"WebSite","@id":"https:\/\/lasentinelle.dz\/#website","url":"https:\/\/lasentinelle.dz\/","name":"La Sentinelle","description":"Quotidien national d&#039;information","publisher":{"@id":"https:\/\/lasentinelle.dz\/#organization"},"potentialAction":[{"@type":"SearchAction","target":{"@type":"EntryPoint","urlTemplate":"https:\/\/lasentinelle.dz\/?s={search_term_string}"},"query-input":{"@type":"PropertyValueSpecification","valueRequired":true,"valueName":"search_term_string"}}],"inLanguage":"fr-FR"},{"@type":"Organization","@id":"https:\/\/lasentinelle.dz\/#organization","name":"Quotidien La Sentinelle","url":"https:\/\/lasentinelle.dz\/","logo":{"@type":"ImageObject","inLanguage":"fr-FR","@id":"https:\/\/lasentinelle.dz\/#\/schema\/logo\/image\/","url":"https:\/\/lasentinelle.dz\/wp-content\/uploads\/2021\/09\/logo-sentinelleSLOGAN-1.png","contentUrl":"https:\/\/lasentinelle.dz\/wp-content\/uploads\/2021\/09\/logo-sentinelleSLOGAN-1.png","width":615,"height":142,"caption":"Quotidien La Sentinelle"},"image":{"@id":"https:\/\/lasentinelle.dz\/#\/schema\/logo\/image\/"},"sameAs":["https:\/\/www.facebook.com\/La-Sentinelle-104059864394773"]},{"@type":"Person","@id":"https:\/\/lasentinelle.dz\/#\/schema\/person\/729ee0024f24e0b8c5ec17232f8e8b41","name":"admin","image":{"@type":"ImageObject","inLanguage":"fr-FR","@id":"https:\/\/secure.gravatar.com\/avatar\/4c81fed838786e9b53f540bf46533e750f5d292099ae3b66cfc6fb1982e29df7?s=96&d=mm&r=g","url":"https:\/\/secure.gravatar.com\/avatar\/4c81fed838786e9b53f540bf46533e750f5d292099ae3b66cfc6fb1982e29df7?s=96&d=mm&r=g","contentUrl":"https:\/\/secure.gravatar.com\/avatar\/4c81fed838786e9b53f540bf46533e750f5d292099ae3b66cfc6fb1982e29df7?s=96&d=mm&r=g","caption":"admin"},"description":"admin","url":"https:\/\/lasentinelle.dz\/author\/admin\/"}]}},"_links":{"self":[{"href":"https:\/\/lasentinelle.dz\/index.php\/wp-json\/wp\/v2\/posts\/63297","targetHints":{"allow":["GET"]}}],"collection":[{"href":"https:\/\/lasentinelle.dz\/index.php\/wp-json\/wp\/v2\/posts"}],"about":[{"href":"https:\/\/lasentinelle.dz\/index.php\/wp-json\/wp\/v2\/types\/post"}],"author":[{"embeddable":true,"href":"https:\/\/lasentinelle.dz\/index.php\/wp-json\/wp\/v2\/users\/6"}],"replies":[{"embeddable":true,"href":"https:\/\/lasentinelle.dz\/index.php\/wp-json\/wp\/v2\/comments?post=63297"}],"version-history":[{"count":1,"href":"https:\/\/lasentinelle.dz\/index.php\/wp-json\/wp\/v2\/posts\/63297\/revisions"}],"predecessor-version":[{"id":63298,"href":"https:\/\/lasentinelle.dz\/index.php\/wp-json\/wp\/v2\/posts\/63297\/revisions\/63298"}],"wp:featuredmedia":[{"embeddable":true,"href":"https:\/\/lasentinelle.dz\/index.php\/wp-json\/wp\/v2\/media\/52157"}],"wp:attachment":[{"href":"https:\/\/lasentinelle.dz\/index.php\/wp-json\/wp\/v2\/media?parent=63297"}],"wp:term":[{"taxonomy":"category","embeddable":true,"href":"https:\/\/lasentinelle.dz\/index.php\/wp-json\/wp\/v2\/categories?post=63297"},{"taxonomy":"post_tag","embeddable":true,"href":"https:\/\/lasentinelle.dz\/index.php\/wp-json\/wp\/v2\/tags?post=63297"}],"curies":[{"name":"wp","href":"https:\/\/api.w.org\/{rel}","templated":true}]}}