{"id":63303,"date":"2025-02-19T12:10:12","date_gmt":"2025-02-19T11:10:12","guid":{"rendered":"https:\/\/lasentinelle.dz\/?p=63303"},"modified":"2025-02-19T12:10:13","modified_gmt":"2025-02-19T11:10:13","slug":"lalgerie-acteur-central-en-afrique-consolide-ses-relations-avec-le-mozambique","status":"publish","type":"post","link":"https:\/\/lasentinelle.dz\/index.php\/2025\/02\/19\/lalgerie-acteur-central-en-afrique-consolide-ses-relations-avec-le-mozambique\/","title":{"rendered":"L&rsquo;Alg\u00e9rie, acteur central en Afrique, consolide ses relations avec le Mozambique"},"content":{"rendered":"\n<p>Dans un contexte g\u00e9opolitique o\u00f9 l&rsquo;Afrique s&rsquo;affirme de plus en plus comme un continent d&rsquo;opportunit\u00e9s et de d\u00e9fis majeurs, l&rsquo;Alg\u00e9rie, acteur central sur le continent, poursuit activement sa politique de renforcement des relations avec les pays africains, comme en t\u00e9moigne la visite officielle du ministre d&rsquo;\u00c9tat, ministre des Affaires \u00e9trang\u00e8res, de la Communaut\u00e9 nationale \u00e0 l&rsquo;\u00e9tranger et des Affaires africaines, Ahmed Attaf au Mozambique. Cette visite, marqu\u00e9e par des rencontres au plus haut niveau, illustre la volont\u00e9 de l&rsquo;Alg\u00e9rie de consolider ses partenariae la ts strat\u00e9giques sur le continent. Le point culminant de ce d\u00e9placement diplomatique a \u00e9t\u00e9 l&rsquo;audience accord\u00e9e hier par le pr\u00e9sident mozambicain Daniel Francisco Chapo au ministre chef de la diplomatie alg\u00e9rienne. Lors de cette rencontre, Ahmed Attaf a transmis les \u00ab\u00a0salutations du pr\u00e9sident de la R\u00e9publique, M. Abdelmadjid Tebboune\u00a0\u00bb et a renouvel\u00e9 ses \u00ab\u00a0sinc\u00e8res f\u00e9licitations \u00e0 l&rsquo;occasion de son \u00e9lection \u00e0 la pr\u00e9sidence du pays\u00a0\u00bb, tout en lui adressant ses \u00ab\u00a0v\u0153ux de succ\u00e8s et de r\u00e9ussite dans l&rsquo;accomplissement de ses hautes fonctions\u00a0\u00bb. Cette d\u00e9marche protocolaire s&rsquo;est accompagn\u00e9e d&rsquo;un message fort du pr\u00e9sident Tebboune exprimant sa \u00ab\u00a0volont\u00e9 d&rsquo;\u0153uvrer de concert avec lui pour donner un plus grand \u00e9lan aux relations d&rsquo;amiti\u00e9 et de solidarit\u00e9 historiques entre les deux pays, afin de promouvoir la coop\u00e9ration bilat\u00e9rale \u00e0 des perspectives plus larges\u00a0\u00bb.<\/p>\n\n\n\n<p><strong>La Palestine et le Sahara occidental au menu des discussions<\/strong><\/p>\n\n\n\n<p>La dimension op\u00e9rationnelle de cette visite s&rsquo;est concr\u00e9tis\u00e9e par une s\u00e9ance de travail approfondie entre Ahmed Attaf et son homologue mozambicaine, Maria Manuela dos Santos Lucas. Les discussions ont notamment port\u00e9 sur \u00ab\u00a0les pr\u00e9paratifs de la 6e session de la Commission gouvernementale mixte\u00a0\u00bb, un m\u00e9canisme crucial pour structurer la coop\u00e9ration bilat\u00e9rale. Les deux parties ont explor\u00e9 les moyens d'\u00a0\u00bbobtenir davantage de r\u00e9sultats positifs \u00e0 m\u00eame de raffermir les relations entre les deux pays\u00a0\u00bb, avec un accent particulier mis sur des secteurs strat\u00e9giques tels que \u00ab\u00a0la d\u00e9fense, la s\u00e9curit\u00e9, l&rsquo;\u00e9nergie, l&rsquo;agriculture, le commerce, l&rsquo;information et l&rsquo;enseignement sup\u00e9rieur\u00a0\u00bb. Au-del\u00e0 des aspects bilat\u00e9raux, les entretiens ont \u00e9galement permis aux deux ministres d&rsquo;\u00e9changer leurs \u00ab\u00a0vues et analyses sur l&rsquo;\u00e9volution de la situation dans nombre de foyers de conflit dans le continent africain\u00a0\u00bb. Ils ont notamment soulign\u00e9 \u00ab\u00a0la n\u00e9cessit\u00e9 de poursuivre la coordination conjointe autour du soutien aux causes justes en Afrique et ailleurs, \u00e0 leur t\u00eate la cause palestinienne et la question de d\u00e9colonisation du Sahara occidental\u00a0\u00bb. Cette convergence de vues sur les questions internationales t\u00e9moigne de la profondeur des relations alg\u00e9ro-mozambicaines et de leur engagement commun en faveur des causes de justice et de d\u00e9colonisation. Cette visite illustre parfaitement la strat\u00e9gie africaine de l&rsquo;Alg\u00e9rie, qui combine diplomatie de haut niveau, coop\u00e9ration \u00e9conomique multisectorielle et coordination politique sur les grands enjeux continentaux et internationaux.<\/p>\n\n\n\n<p>Samir Benisid<\/p>\n","protected":false},"excerpt":{"rendered":"<p>Dans un contexte g\u00e9opolitique o\u00f9 l&rsquo;Afrique s&rsquo;affirme de plus en plus comme un continent d&rsquo;opportunit\u00e9s et de d\u00e9fis majeurs, l&rsquo;Alg\u00e9rie,<\/p>\n","protected":false},"author":6,"featured_media":0,"comment_status":"open","ping_status":"closed","sticky":false,"template":"","format":"standard","meta":{"colormag_page_container_layout":"default_layout","colormag_page_sidebar_layout":"default_layout","om_disable_all_campaigns":false,"_monsterinsights_skip_tracking":false,"_monsterinsights_sitenote_active":false,"_monsterinsights_sitenote_note":"","_monsterinsights_sitenote_category":0,"footnotes":"","_wpscppro_dont_share_socialmedia":false,"_wpscppro_custom_social_share_image":0,"_facebook_share_type":"default","_twitter_share_type":"default","_linkedin_share_type":"default","_pinterest_share_type":"default","_linkedin_share_type_page":"","_instagram_share_type":"default","_medium_share_type":"default","_threads_share_type":"","_google_business_share_type":"","_selected_social_profile":[],"_wpsp_enable_custom_social_template":false,"_wpsp_social_scheduling":{"enabled":false,"datetime":null,"platforms":[],"status":"template_only","dateOption":"today","timeOption":"now","customDays":"","customHours":"","customDate":"","customTime":"","schedulingType":"absolute"},"_wpsp_active_default_template":true},"categories":[27],"tags":[],"class_list":["post-63303","post","type-post","status-publish","format-standard","hentry","category-actualite"],"aioseo_notices":[],"yoast_head":"<!-- This site is optimized with the Yoast SEO plugin v27.5 - https:\/\/yoast.com\/product\/yoast-seo-wordpress\/ -->\n<title>L&rsquo;Alg\u00e9rie, acteur central en Afrique, consolide ses relations avec le Mozambique - La Sentinelle<\/title>\n<meta name=\"robots\" content=\"index, follow, max-snippet:-1, max-image-preview:large, max-video-preview:-1\" \/>\n<link rel=\"canonical\" href=\"https:\/\/lasentinelle.dz\/index.php\/2025\/02\/19\/lalgerie-acteur-central-en-afrique-consolide-ses-relations-avec-le-mozambique\/\" \/>\n<meta property=\"og:locale\" content=\"fr_FR\" \/>\n<meta property=\"og:type\" content=\"article\" \/>\n<meta property=\"og:title\" content=\"L&rsquo;Alg\u00e9rie, acteur central en Afrique, consolide ses relations avec le Mozambique - La Sentinelle\" \/>\n<meta property=\"og:description\" content=\"Dans un contexte g\u00e9opolitique o\u00f9 l&rsquo;Afrique s&rsquo;affirme de plus en plus comme un continent d&rsquo;opportunit\u00e9s et de d\u00e9fis majeurs, l&rsquo;Alg\u00e9rie,\" \/>\n<meta property=\"og:url\" content=\"https:\/\/lasentinelle.dz\/index.php\/2025\/02\/19\/lalgerie-acteur-central-en-afrique-consolide-ses-relations-avec-le-mozambique\/\" \/>\n<meta property=\"og:site_name\" content=\"La Sentinelle\" \/>\n<meta property=\"article:publisher\" content=\"https:\/\/www.facebook.com\/La-Sentinelle-104059864394773\" \/>\n<meta property=\"article:published_time\" content=\"2025-02-19T11:10:12+00:00\" \/>\n<meta property=\"article:modified_time\" content=\"2025-02-19T11:10:13+00:00\" \/>\n<meta name=\"author\" content=\"admin\" \/>\n<meta name=\"twitter:card\" content=\"summary_large_image\" \/>\n<meta name=\"twitter:label1\" content=\"\u00c9crit par\" \/>\n\t<meta name=\"twitter:data1\" content=\"admin\" \/>\n\t<meta name=\"twitter:label2\" content=\"Dur\u00e9e de lecture estim\u00e9e\" \/>\n\t<meta name=\"twitter:data2\" content=\"3 minutes\" \/>\n<script type=\"application\/ld+json\" class=\"yoast-schema-graph\">{\"@context\":\"https:\\\/\\\/schema.org\",\"@graph\":[{\"@type\":\"Article\",\"@id\":\"https:\\\/\\\/lasentinelle.dz\\\/index.php\\\/2025\\\/02\\\/19\\\/lalgerie-acteur-central-en-afrique-consolide-ses-relations-avec-le-mozambique\\\/#article\",\"isPartOf\":{\"@id\":\"https:\\\/\\\/lasentinelle.dz\\\/index.php\\\/2025\\\/02\\\/19\\\/lalgerie-acteur-central-en-afrique-consolide-ses-relations-avec-le-mozambique\\\/\"},\"author\":{\"name\":\"admin\",\"@id\":\"https:\\\/\\\/lasentinelle.dz\\\/#\\\/schema\\\/person\\\/729ee0024f24e0b8c5ec17232f8e8b41\"},\"headline\":\"L&rsquo;Alg\u00e9rie, acteur central en Afrique, consolide ses relations avec le Mozambique\",\"datePublished\":\"2025-02-19T11:10:12+00:00\",\"dateModified\":\"2025-02-19T11:10:13+00:00\",\"mainEntityOfPage\":{\"@id\":\"https:\\\/\\\/lasentinelle.dz\\\/index.php\\\/2025\\\/02\\\/19\\\/lalgerie-acteur-central-en-afrique-consolide-ses-relations-avec-le-mozambique\\\/\"},\"wordCount\":526,\"commentCount\":0,\"publisher\":{\"@id\":\"https:\\\/\\\/lasentinelle.dz\\\/#organization\"},\"articleSection\":[\"Actualit\u00e9\"],\"inLanguage\":\"fr-FR\",\"potentialAction\":[{\"@type\":\"CommentAction\",\"name\":\"Comment\",\"target\":[\"https:\\\/\\\/lasentinelle.dz\\\/index.php\\\/2025\\\/02\\\/19\\\/lalgerie-acteur-central-en-afrique-consolide-ses-relations-avec-le-mozambique\\\/#respond\"]}]},{\"@type\":\"WebPage\",\"@id\":\"https:\\\/\\\/lasentinelle.dz\\\/index.php\\\/2025\\\/02\\\/19\\\/lalgerie-acteur-central-en-afrique-consolide-ses-relations-avec-le-mozambique\\\/\",\"url\":\"https:\\\/\\\/lasentinelle.dz\\\/index.php\\\/2025\\\/02\\\/19\\\/lalgerie-acteur-central-en-afrique-consolide-ses-relations-avec-le-mozambique\\\/\",\"name\":\"L&rsquo;Alg\u00e9rie, acteur central en Afrique, consolide ses relations avec le Mozambique - La Sentinelle\",\"isPartOf\":{\"@id\":\"https:\\\/\\\/lasentinelle.dz\\\/#website\"},\"datePublished\":\"2025-02-19T11:10:12+00:00\",\"dateModified\":\"2025-02-19T11:10:13+00:00\",\"breadcrumb\":{\"@id\":\"https:\\\/\\\/lasentinelle.dz\\\/index.php\\\/2025\\\/02\\\/19\\\/lalgerie-acteur-central-en-afrique-consolide-ses-relations-avec-le-mozambique\\\/#breadcrumb\"},\"inLanguage\":\"fr-FR\",\"potentialAction\":[{\"@type\":\"ReadAction\",\"target\":[\"https:\\\/\\\/lasentinelle.dz\\\/index.php\\\/2025\\\/02\\\/19\\\/lalgerie-acteur-central-en-afrique-consolide-ses-relations-avec-le-mozambique\\\/\"]}]},{\"@type\":\"BreadcrumbList\",\"@id\":\"https:\\\/\\\/lasentinelle.dz\\\/index.php\\\/2025\\\/02\\\/19\\\/lalgerie-acteur-central-en-afrique-consolide-ses-relations-avec-le-mozambique\\\/#breadcrumb\",\"itemListElement\":[{\"@type\":\"ListItem\",\"position\":1,\"name\":\"Accueil\",\"item\":\"https:\\\/\\\/lasentinelle.dz\\\/\"},{\"@type\":\"ListItem\",\"position\":2,\"name\":\"L&rsquo;Alg\u00e9rie, acteur central en Afrique, consolide ses relations avec le Mozambique\"}]},{\"@type\":\"WebSite\",\"@id\":\"https:\\\/\\\/lasentinelle.dz\\\/#website\",\"url\":\"https:\\\/\\\/lasentinelle.dz\\\/\",\"name\":\"La Sentinelle\",\"description\":\"Quotidien national d&#039;information\",\"publisher\":{\"@id\":\"https:\\\/\\\/lasentinelle.dz\\\/#organization\"},\"potentialAction\":[{\"@type\":\"SearchAction\",\"target\":{\"@type\":\"EntryPoint\",\"urlTemplate\":\"https:\\\/\\\/lasentinelle.dz\\\/?s={search_term_string}\"},\"query-input\":{\"@type\":\"PropertyValueSpecification\",\"valueRequired\":true,\"valueName\":\"search_term_string\"}}],\"inLanguage\":\"fr-FR\"},{\"@type\":\"Organization\",\"@id\":\"https:\\\/\\\/lasentinelle.dz\\\/#organization\",\"name\":\"Quotidien La Sentinelle\",\"url\":\"https:\\\/\\\/lasentinelle.dz\\\/\",\"logo\":{\"@type\":\"ImageObject\",\"inLanguage\":\"fr-FR\",\"@id\":\"https:\\\/\\\/lasentinelle.dz\\\/#\\\/schema\\\/logo\\\/image\\\/\",\"url\":\"https:\\\/\\\/lasentinelle.dz\\\/wp-content\\\/uploads\\\/2021\\\/09\\\/logo-sentinelleSLOGAN-1.png\",\"contentUrl\":\"https:\\\/\\\/lasentinelle.dz\\\/wp-content\\\/uploads\\\/2021\\\/09\\\/logo-sentinelleSLOGAN-1.png\",\"width\":615,\"height\":142,\"caption\":\"Quotidien La Sentinelle\"},\"image\":{\"@id\":\"https:\\\/\\\/lasentinelle.dz\\\/#\\\/schema\\\/logo\\\/image\\\/\"},\"sameAs\":[\"https:\\\/\\\/www.facebook.com\\\/La-Sentinelle-104059864394773\"]},{\"@type\":\"Person\",\"@id\":\"https:\\\/\\\/lasentinelle.dz\\\/#\\\/schema\\\/person\\\/729ee0024f24e0b8c5ec17232f8e8b41\",\"name\":\"admin\",\"image\":{\"@type\":\"ImageObject\",\"inLanguage\":\"fr-FR\",\"@id\":\"https:\\\/\\\/secure.gravatar.com\\\/avatar\\\/4c81fed838786e9b53f540bf46533e750f5d292099ae3b66cfc6fb1982e29df7?s=96&d=mm&r=g\",\"url\":\"https:\\\/\\\/secure.gravatar.com\\\/avatar\\\/4c81fed838786e9b53f540bf46533e750f5d292099ae3b66cfc6fb1982e29df7?s=96&d=mm&r=g\",\"contentUrl\":\"https:\\\/\\\/secure.gravatar.com\\\/avatar\\\/4c81fed838786e9b53f540bf46533e750f5d292099ae3b66cfc6fb1982e29df7?s=96&d=mm&r=g\",\"caption\":\"admin\"},\"description\":\"admin\",\"url\":\"https:\\\/\\\/lasentinelle.dz\\\/author\\\/admin\\\/\"}]}<\/script>\n<!-- \/ Yoast SEO plugin. -->","yoast_head_json":{"title":"L&rsquo;Alg\u00e9rie, acteur central en Afrique, consolide ses relations avec le Mozambique - La Sentinelle","robots":{"index":"index","follow":"follow","max-snippet":"max-snippet:-1","max-image-preview":"max-image-preview:large","max-video-preview":"max-video-preview:-1"},"canonical":"https:\/\/lasentinelle.dz\/index.php\/2025\/02\/19\/lalgerie-acteur-central-en-afrique-consolide-ses-relations-avec-le-mozambique\/","og_locale":"fr_FR","og_type":"article","og_title":"L&rsquo;Alg\u00e9rie, acteur central en Afrique, consolide ses relations avec le Mozambique - La Sentinelle","og_description":"Dans un contexte g\u00e9opolitique o\u00f9 l&rsquo;Afrique s&rsquo;affirme de plus en plus comme un continent d&rsquo;opportunit\u00e9s et de d\u00e9fis majeurs, l&rsquo;Alg\u00e9rie,","og_url":"https:\/\/lasentinelle.dz\/index.php\/2025\/02\/19\/lalgerie-acteur-central-en-afrique-consolide-ses-relations-avec-le-mozambique\/","og_site_name":"La Sentinelle","article_publisher":"https:\/\/www.facebook.com\/La-Sentinelle-104059864394773","article_published_time":"2025-02-19T11:10:12+00:00","article_modified_time":"2025-02-19T11:10:13+00:00","author":"admin","twitter_card":"summary_large_image","twitter_misc":{"\u00c9crit par":"admin","Dur\u00e9e de lecture estim\u00e9e":"3 minutes"},"schema":{"@context":"https:\/\/schema.org","@graph":[{"@type":"Article","@id":"https:\/\/lasentinelle.dz\/index.php\/2025\/02\/19\/lalgerie-acteur-central-en-afrique-consolide-ses-relations-avec-le-mozambique\/#article","isPartOf":{"@id":"https:\/\/lasentinelle.dz\/index.php\/2025\/02\/19\/lalgerie-acteur-central-en-afrique-consolide-ses-relations-avec-le-mozambique\/"},"author":{"name":"admin","@id":"https:\/\/lasentinelle.dz\/#\/schema\/person\/729ee0024f24e0b8c5ec17232f8e8b41"},"headline":"L&rsquo;Alg\u00e9rie, acteur central en Afrique, consolide ses relations avec le Mozambique","datePublished":"2025-02-19T11:10:12+00:00","dateModified":"2025-02-19T11:10:13+00:00","mainEntityOfPage":{"@id":"https:\/\/lasentinelle.dz\/index.php\/2025\/02\/19\/lalgerie-acteur-central-en-afrique-consolide-ses-relations-avec-le-mozambique\/"},"wordCount":526,"commentCount":0,"publisher":{"@id":"https:\/\/lasentinelle.dz\/#organization"},"articleSection":["Actualit\u00e9"],"inLanguage":"fr-FR","potentialAction":[{"@type":"CommentAction","name":"Comment","target":["https:\/\/lasentinelle.dz\/index.php\/2025\/02\/19\/lalgerie-acteur-central-en-afrique-consolide-ses-relations-avec-le-mozambique\/#respond"]}]},{"@type":"WebPage","@id":"https:\/\/lasentinelle.dz\/index.php\/2025\/02\/19\/lalgerie-acteur-central-en-afrique-consolide-ses-relations-avec-le-mozambique\/","url":"https:\/\/lasentinelle.dz\/index.php\/2025\/02\/19\/lalgerie-acteur-central-en-afrique-consolide-ses-relations-avec-le-mozambique\/","name":"L&rsquo;Alg\u00e9rie, acteur central en Afrique, consolide ses relations avec le Mozambique - La Sentinelle","isPartOf":{"@id":"https:\/\/lasentinelle.dz\/#website"},"datePublished":"2025-02-19T11:10:12+00:00","dateModified":"2025-02-19T11:10:13+00:00","breadcrumb":{"@id":"https:\/\/lasentinelle.dz\/index.php\/2025\/02\/19\/lalgerie-acteur-central-en-afrique-consolide-ses-relations-avec-le-mozambique\/#breadcrumb"},"inLanguage":"fr-FR","potentialAction":[{"@type":"ReadAction","target":["https:\/\/lasentinelle.dz\/index.php\/2025\/02\/19\/lalgerie-acteur-central-en-afrique-consolide-ses-relations-avec-le-mozambique\/"]}]},{"@type":"BreadcrumbList","@id":"https:\/\/lasentinelle.dz\/index.php\/2025\/02\/19\/lalgerie-acteur-central-en-afrique-consolide-ses-relations-avec-le-mozambique\/#breadcrumb","itemListElement":[{"@type":"ListItem","position":1,"name":"Accueil","item":"https:\/\/lasentinelle.dz\/"},{"@type":"ListItem","position":2,"name":"L&rsquo;Alg\u00e9rie, acteur central en Afrique, consolide ses relations avec le Mozambique"}]},{"@type":"WebSite","@id":"https:\/\/lasentinelle.dz\/#website","url":"https:\/\/lasentinelle.dz\/","name":"La Sentinelle","description":"Quotidien national d&#039;information","publisher":{"@id":"https:\/\/lasentinelle.dz\/#organization"},"potentialAction":[{"@type":"SearchAction","target":{"@type":"EntryPoint","urlTemplate":"https:\/\/lasentinelle.dz\/?s={search_term_string}"},"query-input":{"@type":"PropertyValueSpecification","valueRequired":true,"valueName":"search_term_string"}}],"inLanguage":"fr-FR"},{"@type":"Organization","@id":"https:\/\/lasentinelle.dz\/#organization","name":"Quotidien La Sentinelle","url":"https:\/\/lasentinelle.dz\/","logo":{"@type":"ImageObject","inLanguage":"fr-FR","@id":"https:\/\/lasentinelle.dz\/#\/schema\/logo\/image\/","url":"https:\/\/lasentinelle.dz\/wp-content\/uploads\/2021\/09\/logo-sentinelleSLOGAN-1.png","contentUrl":"https:\/\/lasentinelle.dz\/wp-content\/uploads\/2021\/09\/logo-sentinelleSLOGAN-1.png","width":615,"height":142,"caption":"Quotidien La Sentinelle"},"image":{"@id":"https:\/\/lasentinelle.dz\/#\/schema\/logo\/image\/"},"sameAs":["https:\/\/www.facebook.com\/La-Sentinelle-104059864394773"]},{"@type":"Person","@id":"https:\/\/lasentinelle.dz\/#\/schema\/person\/729ee0024f24e0b8c5ec17232f8e8b41","name":"admin","image":{"@type":"ImageObject","inLanguage":"fr-FR","@id":"https:\/\/secure.gravatar.com\/avatar\/4c81fed838786e9b53f540bf46533e750f5d292099ae3b66cfc6fb1982e29df7?s=96&d=mm&r=g","url":"https:\/\/secure.gravatar.com\/avatar\/4c81fed838786e9b53f540bf46533e750f5d292099ae3b66cfc6fb1982e29df7?s=96&d=mm&r=g","contentUrl":"https:\/\/secure.gravatar.com\/avatar\/4c81fed838786e9b53f540bf46533e750f5d292099ae3b66cfc6fb1982e29df7?s=96&d=mm&r=g","caption":"admin"},"description":"admin","url":"https:\/\/lasentinelle.dz\/author\/admin\/"}]}},"_links":{"self":[{"href":"https:\/\/lasentinelle.dz\/index.php\/wp-json\/wp\/v2\/posts\/63303","targetHints":{"allow":["GET"]}}],"collection":[{"href":"https:\/\/lasentinelle.dz\/index.php\/wp-json\/wp\/v2\/posts"}],"about":[{"href":"https:\/\/lasentinelle.dz\/index.php\/wp-json\/wp\/v2\/types\/post"}],"author":[{"embeddable":true,"href":"https:\/\/lasentinelle.dz\/index.php\/wp-json\/wp\/v2\/users\/6"}],"replies":[{"embeddable":true,"href":"https:\/\/lasentinelle.dz\/index.php\/wp-json\/wp\/v2\/comments?post=63303"}],"version-history":[{"count":2,"href":"https:\/\/lasentinelle.dz\/index.php\/wp-json\/wp\/v2\/posts\/63303\/revisions"}],"predecessor-version":[{"id":63305,"href":"https:\/\/lasentinelle.dz\/index.php\/wp-json\/wp\/v2\/posts\/63303\/revisions\/63305"}],"wp:attachment":[{"href":"https:\/\/lasentinelle.dz\/index.php\/wp-json\/wp\/v2\/media?parent=63303"}],"wp:term":[{"taxonomy":"category","embeddable":true,"href":"https:\/\/lasentinelle.dz\/index.php\/wp-json\/wp\/v2\/categories?post=63303"},{"taxonomy":"post_tag","embeddable":true,"href":"https:\/\/lasentinelle.dz\/index.php\/wp-json\/wp\/v2\/tags?post=63303"}],"curies":[{"name":"wp","href":"https:\/\/api.w.org\/{rel}","templated":true}]}}