{"id":63306,"date":"2025-02-19T12:10:59","date_gmt":"2025-02-19T11:10:59","guid":{"rendered":"https:\/\/lasentinelle.dz\/?p=63306"},"modified":"2025-02-19T12:11:00","modified_gmt":"2025-02-19T11:11:00","slug":"visite-de-dati-dans-les-territoires-du-sahara-occidental-occupes-alger-denonce-un-mepris-de-la-legalite-internationale","status":"publish","type":"post","link":"https:\/\/lasentinelle.dz\/index.php\/2025\/02\/19\/visite-de-dati-dans-les-territoires-du-sahara-occidental-occupes-alger-denonce-un-mepris-de-la-legalite-internationale\/","title":{"rendered":"Visite de Dati dans les territoires du Sahara occidental occup\u00e9s: Alger d\u00e9nonce un m\u00e9pris de la l\u00e9galit\u00e9 internationale"},"content":{"rendered":"\n<p>Le minist\u00e8re des Affaires \u00e9trang\u00e8res, de la Communaut\u00e9 nationale \u00e0 l&rsquo;\u00e9tranger et des Affaires africaines a vivement r\u00e9agi hier \u00e0 la visite de la ministre fran\u00e7aise de la Culture, Rachida Dati, dans les territoires occup\u00e9s du Sahara occidental.<\/p>\n\n\n\n<p>Dans un communiqu\u00e9 sans ambigu\u00eft\u00e9, la diplomatie alg\u00e9rienne a qualifi\u00e9 cette visite \u00ab\u00a0d&rsquo;une gravit\u00e9 particuli\u00e8re\u00a0\u00bb, soulignant qu&rsquo;elle est &nbsp;\u00ab\u00a0condamnable \u00e0 plus d&rsquo;un titre\u00a0\u00bb. \u00ab\u00a0La visite d\u2019un membre du Gouvernement fran\u00e7ais au Sahara Occidental est d\u2019une gravit\u00e9 particuli\u00e8re. Elle est condamnable \u00e0 plus d\u2019un titre. Elle traduit un m\u00e9pris insigne de la l\u00e9galit\u00e9 internationale de la part d\u2019un membre permanent du Conseil de S\u00e9curit\u00e9\u00a0\u00bb, lit-on dans le communiqu\u00e9. \u00ab\u00a0Elle aide \u00e0 la consolidation du fait accompli marocain au Sahara Occidental, territoire o\u00f9 un processus de d\u00e9colonisation reste inachev\u00e9 et o\u00f9 l\u2019exercice d\u2019un droit \u00e0 l\u2019autod\u00e9termination demeure inaccompli\u00a0\u00bb, ajoute la m\u00eame source. Enfin, \u00ab\u00a0la visite malvenue du membre du Gouvernement fran\u00e7ais renvoie l\u2019image d\u00e9testable d\u2019une ancienne puissance coloniale solidaire d\u2019une nouvelle. Ce faisant, le Gouvernement fran\u00e7ais se disqualifie davantage et s\u2019isole par rapport \u00e0 l\u2019action des Nations Unies visant \u00e0 h\u00e2ter un r\u00e8glement du conflit du Sahara Occidental sur la base d\u2019un strict respect de la l\u00e9galit\u00e9 internationale\u00a0\u00bb, conclut le communiqu\u00e9. &nbsp;La visite de Mme Dati, qui s&rsquo;est rendue dans les villes occup\u00e9es de Dakhla et La\u00e2youne en compagnie du ministre marocain de la Jeunesse et des Sports, intervient alors que Paris s&rsquo;enfonce dans une logique qui va \u00e0 contre sens de droit et de la l\u00e9galit\u00e9 internationale, dans le cadre d&rsquo;une d\u00e9marche o\u00f9 une ancienne puissance coloniale soutien les plan d&rsquo;occupation d&rsquo;un nouveau r\u00e9gime colonial.<\/p>\n\n\n\n<p>La France \u00e0 contre-courant de l&rsquo;Histoire<\/p>\n\n\n\n<p>Cette nouvelle provocation fran\u00e7aise survient quelques mois apr\u00e8s la reconnaissance par Paris de la pr\u00e9tendue souverainet\u00e9 marocaine sur le Sahara occidental, une d\u00e9cision qui avait d\u00e9j\u00e0 conduit au rappel de l&rsquo;ambassadeur d&rsquo;Alg\u00e9rie en France. Le pr\u00e9sident Abdelmadjid Tebboune avait alors alert\u00e9 son homologue fran\u00e7ais lors d&rsquo;une rencontre en marge du G7 \u00e0 Bari en juin dernier .<\/p>\n\n\n\n<p>\u00ab\u00a0Nous avons parl\u00e9 avec le pr\u00e9sident Macron plus de 2 heures 30 en marge du sommet du G7 \u00e0 Bari, le 13 juin dernier. (&#8230;) Il m&rsquo;a alors annonc\u00e9 qu&rsquo;il allait faire un geste pour reconna\u00eetre la \u00ab\u00a0marocanit\u00e9\u00a0\u00bb du Sahara occidental, ce que nous savions d\u00e9j\u00e0. Je l&rsquo;ai alors pr\u00e9venu?: \u00ab\u00a0Vous faites une grave erreur?! Vous n&rsquo;allez rien gagner et vous allez nous perdre\u00a0\u00bb\u00a0\u00bb, a d\u00e9clar\u00e9 le pr\u00e9sident de la R\u00e9publique dans un r\u00e9cent entretien &nbsp;journal fran\u00e7ais \u00ab\u00a0l&rsquo;Opinion\u00a0\u00bb. \u00ab\u00a0Et vous oubliez que vous \u00eates un membre permanent du Conseil de s\u00e9curit\u00e9, donc protecteur de la l\u00e9galit\u00e9 internationale\u00a0\u00bb, a-t-il ajout\u00e9 dans un entretien \u00e0 ce quotidien. Affirmant que le conflit au Sahara occidental est \u00ab\u00a0une question de d\u00e9colonisation pour l&rsquo;ONU qui n&rsquo;a toujours pas \u00e9t\u00e9 r\u00e9gl\u00e9e\u00a0\u00bb, le pr\u00e9sident de la R\u00e9publique a rappel\u00e9 que \u00ab\u00a0l&rsquo;ind\u00e9pendance de l&rsquo;Alg\u00e9rie a \u00e9t\u00e9 obtenue apr\u00e8s cent trente ans de combat\u00a0\u00bb.<\/p>\n\n\n\n<p>\u00ab\u00a0Vous faites une grave erreur ! Vous n&rsquo;allez rien gagner et vous allez nous perdre\u00a0\u00bb. Le chef de l&rsquo;\u00c9tat alg\u00e9rien avait notamment rappel\u00e9 \u00e0 Emmanuel Macron ses obligations en tant que membre permanent du Conseil de s\u00e9curit\u00e9, cens\u00e9 \u00eatre le garant de la l\u00e9galit\u00e9 internationale. Cette position fran\u00e7aise va en effet \u00e0 l&rsquo;encontre des d\u00e9cisions de la Cour internationale de Justice qui, dans son avis consultatif de 1975, avait clairement \u00e9tabli l&rsquo;absence de liens de souverainet\u00e9 entre le Maroc et le Sahara occidental. Plus r\u00e9cemment, la Cour de justice de l&rsquo;Union europ\u00e9enne a r\u00e9affirm\u00e9 le statut distinct du territoire sahraoui en d\u00e9clarant ill\u00e9gaux les accords commerciaux entre le Maroc et l&rsquo;UE incluant les territoires occup\u00e9s.<\/p>\n\n\n\n<p>Des r\u00e9flexes coloniaux qui persistent<\/p>\n\n\n\n<p>Pour l&rsquo;Association de la jeunesse sahraouie de France, la visite de Rachida Dati n&rsquo;est qu&rsquo;une \u00ab\u00a0tentative de contournement des d\u00e9cisions des Nations unies et des arr\u00eats de la Cour de justice de l&rsquo;Union europ\u00e9enne\u00a0\u00bb. L&rsquo;association rappelle que le territoire sahraoui est soumis depuis 1975 \u00e0 un blocus militaire marocain, marqu\u00e9 par de graves violations des droits humains. Face \u00e0 cette situation, l&rsquo;Association de la jeunesse sahraouie de France appelle le gouvernement fran\u00e7ais \u00e0 \u00ab\u00a0respecter la l\u00e9galit\u00e9 internationale et \u00e0 se conformer aux r\u00e9solutions des Nations unies concernant le Sahara Occidental\u00a0\u00bb, condamnant \u00ab\u00a0fermement toute action politique, culturelle ou commerciale consid\u00e9rant le Sahara Occidental comme faisant partie du Maroc\u00a0\u00bb. La d\u00e9marche fran\u00e7aise traduit l&rsquo;image d\u00e9testable d&rsquo;une ancienne puissance coloniale solidaire d&rsquo;une nouvelle colonisation et par laquelle Paris s&rsquo;isole par rapport \u00e0 l&rsquo;action des Nations Unies visant \u00e0 h\u00e2ter un r\u00e8glement du conflit du Sahara Occidental sur la base d&rsquo;un strict respect de la l\u00e9galit\u00e9 internationale. Cette position fran\u00e7aise a suscit\u00e9 de vives critiques &nbsp;\u00e9galement des critiques au niveau international et au sein m\u00eame de la classe politique hexagonale. Le secr\u00e9taire g\u00e9n\u00e9ral du Parti communiste fran\u00e7ais, Fabien Roussel, a ainsi accus\u00e9 il y a quelques mois Emmanuel Macron d&rsquo;avoir \u00ab\u00a0trahi la position historique et \u00e9quilibr\u00e9e de la France sur les r\u00e9solutions des Nations Unies et les droits du peuple sahraoui\u00a0\u00bb, tandis que la secr\u00e9taire nationale des \u00e9cologistes, Marine Tondelier, d\u00e9nonce un \u00ab\u00a0fiasco international\u00a0\u00bb. Le peuple sahraoui, soutenu par une grande partie de la communaut\u00e9 internationale, reste d\u00e9termin\u00e9 \u00e0 poursuivre sa lutte pour l&rsquo;autod\u00e9termination, conform\u00e9ment aux r\u00e9solutions des Nations unies, malgr\u00e9 les tentatives franco-marocaines de l\u00e9gitimer l&rsquo;occupation.<\/p>\n\n\n\n<p>Hocine Fadheli<\/p>\n","protected":false},"excerpt":{"rendered":"<p>Le minist\u00e8re des Affaires \u00e9trang\u00e8res, de la Communaut\u00e9 nationale \u00e0 l&rsquo;\u00e9tranger et des Affaires africaines a vivement r\u00e9agi hier \u00e0<\/p>\n","protected":false},"author":6,"featured_media":61591,"comment_status":"open","ping_status":"closed","sticky":false,"template":"","format":"standard","meta":{"colormag_page_container_layout":"default_layout","colormag_page_sidebar_layout":"default_layout","om_disable_all_campaigns":false,"_monsterinsights_skip_tracking":false,"_monsterinsights_sitenote_active":false,"_monsterinsights_sitenote_note":"","_monsterinsights_sitenote_category":0,"footnotes":"","_wpscppro_dont_share_socialmedia":false,"_wpscppro_custom_social_share_image":0,"_facebook_share_type":"default","_twitter_share_type":"default","_linkedin_share_type":"default","_pinterest_share_type":"default","_linkedin_share_type_page":"","_instagram_share_type":"default","_medium_share_type":"default","_threads_share_type":"","_google_business_share_type":"","_selected_social_profile":[],"_wpsp_enable_custom_social_template":false,"_wpsp_social_scheduling":{"enabled":false,"datetime":null,"platforms":[],"status":"template_only","dateOption":"today","timeOption":"now","customDays":"","customHours":"","customDate":"","customTime":"","schedulingType":"absolute"},"_wpsp_active_default_template":true},"categories":[52,27],"tags":[],"class_list":["post-63306","post","type-post","status-publish","format-standard","has-post-thumbnail","hentry","category-a-la-une","category-actualite"],"aioseo_notices":[],"yoast_head":"<!-- This site is optimized with the Yoast SEO plugin v27.5 - https:\/\/yoast.com\/product\/yoast-seo-wordpress\/ -->\n<title>Visite de Dati dans les territoires du Sahara occidental occup\u00e9s: Alger d\u00e9nonce un m\u00e9pris de la l\u00e9galit\u00e9 internationale - La Sentinelle<\/title>\n<meta name=\"robots\" content=\"index, follow, max-snippet:-1, max-image-preview:large, max-video-preview:-1\" \/>\n<link rel=\"canonical\" href=\"https:\/\/lasentinelle.dz\/index.php\/2025\/02\/19\/visite-de-dati-dans-les-territoires-du-sahara-occidental-occupes-alger-denonce-un-mepris-de-la-legalite-internationale\/\" \/>\n<meta property=\"og:locale\" content=\"fr_FR\" \/>\n<meta property=\"og:type\" content=\"article\" \/>\n<meta property=\"og:title\" content=\"Visite de Dati dans les territoires du Sahara occidental occup\u00e9s: Alger d\u00e9nonce un m\u00e9pris de la l\u00e9galit\u00e9 internationale - La Sentinelle\" \/>\n<meta property=\"og:description\" content=\"Le minist\u00e8re des Affaires \u00e9trang\u00e8res, de la Communaut\u00e9 nationale \u00e0 l&rsquo;\u00e9tranger et des Affaires africaines a vivement r\u00e9agi hier \u00e0\" \/>\n<meta property=\"og:url\" content=\"https:\/\/lasentinelle.dz\/index.php\/2025\/02\/19\/visite-de-dati-dans-les-territoires-du-sahara-occidental-occupes-alger-denonce-un-mepris-de-la-legalite-internationale\/\" \/>\n<meta property=\"og:site_name\" content=\"La Sentinelle\" \/>\n<meta property=\"article:publisher\" content=\"https:\/\/www.facebook.com\/La-Sentinelle-104059864394773\" \/>\n<meta property=\"article:published_time\" content=\"2025-02-19T11:10:59+00:00\" \/>\n<meta property=\"article:modified_time\" content=\"2025-02-19T11:11:00+00:00\" \/>\n<meta property=\"og:image\" content=\"https:\/\/lasentinelle.dz\/wp-content\/uploads\/2025\/01\/dz-mae.jpeg\" \/>\n\t<meta property=\"og:image:width\" content=\"2135\" \/>\n\t<meta property=\"og:image:height\" content=\"1423\" \/>\n\t<meta property=\"og:image:type\" content=\"image\/jpeg\" \/>\n<meta name=\"author\" content=\"admin\" \/>\n<meta name=\"twitter:card\" content=\"summary_large_image\" \/>\n<meta name=\"twitter:label1\" content=\"\u00c9crit par\" \/>\n\t<meta name=\"twitter:data1\" content=\"admin\" \/>\n\t<meta name=\"twitter:label2\" content=\"Dur\u00e9e de lecture estim\u00e9e\" \/>\n\t<meta name=\"twitter:data2\" content=\"5 minutes\" \/>\n<script type=\"application\/ld+json\" class=\"yoast-schema-graph\">{\"@context\":\"https:\\\/\\\/schema.org\",\"@graph\":[{\"@type\":\"Article\",\"@id\":\"https:\\\/\\\/lasentinelle.dz\\\/index.php\\\/2025\\\/02\\\/19\\\/visite-de-dati-dans-les-territoires-du-sahara-occidental-occupes-alger-denonce-un-mepris-de-la-legalite-internationale\\\/#article\",\"isPartOf\":{\"@id\":\"https:\\\/\\\/lasentinelle.dz\\\/index.php\\\/2025\\\/02\\\/19\\\/visite-de-dati-dans-les-territoires-du-sahara-occidental-occupes-alger-denonce-un-mepris-de-la-legalite-internationale\\\/\"},\"author\":{\"name\":\"admin\",\"@id\":\"https:\\\/\\\/lasentinelle.dz\\\/#\\\/schema\\\/person\\\/729ee0024f24e0b8c5ec17232f8e8b41\"},\"headline\":\"Visite de Dati dans les territoires du Sahara occidental occup\u00e9s: Alger d\u00e9nonce un m\u00e9pris de la l\u00e9galit\u00e9 internationale\",\"datePublished\":\"2025-02-19T11:10:59+00:00\",\"dateModified\":\"2025-02-19T11:11:00+00:00\",\"mainEntityOfPage\":{\"@id\":\"https:\\\/\\\/lasentinelle.dz\\\/index.php\\\/2025\\\/02\\\/19\\\/visite-de-dati-dans-les-territoires-du-sahara-occidental-occupes-alger-denonce-un-mepris-de-la-legalite-internationale\\\/\"},\"wordCount\":1001,\"commentCount\":0,\"publisher\":{\"@id\":\"https:\\\/\\\/lasentinelle.dz\\\/#organization\"},\"image\":{\"@id\":\"https:\\\/\\\/lasentinelle.dz\\\/index.php\\\/2025\\\/02\\\/19\\\/visite-de-dati-dans-les-territoires-du-sahara-occidental-occupes-alger-denonce-un-mepris-de-la-legalite-internationale\\\/#primaryimage\"},\"thumbnailUrl\":\"https:\\\/\\\/lasentinelle.dz\\\/wp-content\\\/uploads\\\/2025\\\/01\\\/dz-mae.jpeg\",\"articleSection\":[\"\u00c0 la Une\",\"Actualit\u00e9\"],\"inLanguage\":\"fr-FR\",\"potentialAction\":[{\"@type\":\"CommentAction\",\"name\":\"Comment\",\"target\":[\"https:\\\/\\\/lasentinelle.dz\\\/index.php\\\/2025\\\/02\\\/19\\\/visite-de-dati-dans-les-territoires-du-sahara-occidental-occupes-alger-denonce-un-mepris-de-la-legalite-internationale\\\/#respond\"]}]},{\"@type\":\"WebPage\",\"@id\":\"https:\\\/\\\/lasentinelle.dz\\\/index.php\\\/2025\\\/02\\\/19\\\/visite-de-dati-dans-les-territoires-du-sahara-occidental-occupes-alger-denonce-un-mepris-de-la-legalite-internationale\\\/\",\"url\":\"https:\\\/\\\/lasentinelle.dz\\\/index.php\\\/2025\\\/02\\\/19\\\/visite-de-dati-dans-les-territoires-du-sahara-occidental-occupes-alger-denonce-un-mepris-de-la-legalite-internationale\\\/\",\"name\":\"Visite de Dati dans les territoires du Sahara occidental occup\u00e9s: Alger d\u00e9nonce un m\u00e9pris de la l\u00e9galit\u00e9 internationale - La Sentinelle\",\"isPartOf\":{\"@id\":\"https:\\\/\\\/lasentinelle.dz\\\/#website\"},\"primaryImageOfPage\":{\"@id\":\"https:\\\/\\\/lasentinelle.dz\\\/index.php\\\/2025\\\/02\\\/19\\\/visite-de-dati-dans-les-territoires-du-sahara-occidental-occupes-alger-denonce-un-mepris-de-la-legalite-internationale\\\/#primaryimage\"},\"image\":{\"@id\":\"https:\\\/\\\/lasentinelle.dz\\\/index.php\\\/2025\\\/02\\\/19\\\/visite-de-dati-dans-les-territoires-du-sahara-occidental-occupes-alger-denonce-un-mepris-de-la-legalite-internationale\\\/#primaryimage\"},\"thumbnailUrl\":\"https:\\\/\\\/lasentinelle.dz\\\/wp-content\\\/uploads\\\/2025\\\/01\\\/dz-mae.jpeg\",\"datePublished\":\"2025-02-19T11:10:59+00:00\",\"dateModified\":\"2025-02-19T11:11:00+00:00\",\"breadcrumb\":{\"@id\":\"https:\\\/\\\/lasentinelle.dz\\\/index.php\\\/2025\\\/02\\\/19\\\/visite-de-dati-dans-les-territoires-du-sahara-occidental-occupes-alger-denonce-un-mepris-de-la-legalite-internationale\\\/#breadcrumb\"},\"inLanguage\":\"fr-FR\",\"potentialAction\":[{\"@type\":\"ReadAction\",\"target\":[\"https:\\\/\\\/lasentinelle.dz\\\/index.php\\\/2025\\\/02\\\/19\\\/visite-de-dati-dans-les-territoires-du-sahara-occidental-occupes-alger-denonce-un-mepris-de-la-legalite-internationale\\\/\"]}]},{\"@type\":\"ImageObject\",\"inLanguage\":\"fr-FR\",\"@id\":\"https:\\\/\\\/lasentinelle.dz\\\/index.php\\\/2025\\\/02\\\/19\\\/visite-de-dati-dans-les-territoires-du-sahara-occidental-occupes-alger-denonce-un-mepris-de-la-legalite-internationale\\\/#primaryimage\",\"url\":\"https:\\\/\\\/lasentinelle.dz\\\/wp-content\\\/uploads\\\/2025\\\/01\\\/dz-mae.jpeg\",\"contentUrl\":\"https:\\\/\\\/lasentinelle.dz\\\/wp-content\\\/uploads\\\/2025\\\/01\\\/dz-mae.jpeg\",\"width\":2135,\"height\":1423,\"caption\":\"????????????????????????????????????\"},{\"@type\":\"BreadcrumbList\",\"@id\":\"https:\\\/\\\/lasentinelle.dz\\\/index.php\\\/2025\\\/02\\\/19\\\/visite-de-dati-dans-les-territoires-du-sahara-occidental-occupes-alger-denonce-un-mepris-de-la-legalite-internationale\\\/#breadcrumb\",\"itemListElement\":[{\"@type\":\"ListItem\",\"position\":1,\"name\":\"Accueil\",\"item\":\"https:\\\/\\\/lasentinelle.dz\\\/\"},{\"@type\":\"ListItem\",\"position\":2,\"name\":\"Visite de Dati dans les territoires du Sahara occidental occup\u00e9s: Alger d\u00e9nonce un m\u00e9pris de la l\u00e9galit\u00e9 internationale\"}]},{\"@type\":\"WebSite\",\"@id\":\"https:\\\/\\\/lasentinelle.dz\\\/#website\",\"url\":\"https:\\\/\\\/lasentinelle.dz\\\/\",\"name\":\"La Sentinelle\",\"description\":\"Quotidien national d&#039;information\",\"publisher\":{\"@id\":\"https:\\\/\\\/lasentinelle.dz\\\/#organization\"},\"potentialAction\":[{\"@type\":\"SearchAction\",\"target\":{\"@type\":\"EntryPoint\",\"urlTemplate\":\"https:\\\/\\\/lasentinelle.dz\\\/?s={search_term_string}\"},\"query-input\":{\"@type\":\"PropertyValueSpecification\",\"valueRequired\":true,\"valueName\":\"search_term_string\"}}],\"inLanguage\":\"fr-FR\"},{\"@type\":\"Organization\",\"@id\":\"https:\\\/\\\/lasentinelle.dz\\\/#organization\",\"name\":\"Quotidien La Sentinelle\",\"url\":\"https:\\\/\\\/lasentinelle.dz\\\/\",\"logo\":{\"@type\":\"ImageObject\",\"inLanguage\":\"fr-FR\",\"@id\":\"https:\\\/\\\/lasentinelle.dz\\\/#\\\/schema\\\/logo\\\/image\\\/\",\"url\":\"https:\\\/\\\/lasentinelle.dz\\\/wp-content\\\/uploads\\\/2021\\\/09\\\/logo-sentinelleSLOGAN-1.png\",\"contentUrl\":\"https:\\\/\\\/lasentinelle.dz\\\/wp-content\\\/uploads\\\/2021\\\/09\\\/logo-sentinelleSLOGAN-1.png\",\"width\":615,\"height\":142,\"caption\":\"Quotidien La Sentinelle\"},\"image\":{\"@id\":\"https:\\\/\\\/lasentinelle.dz\\\/#\\\/schema\\\/logo\\\/image\\\/\"},\"sameAs\":[\"https:\\\/\\\/www.facebook.com\\\/La-Sentinelle-104059864394773\"]},{\"@type\":\"Person\",\"@id\":\"https:\\\/\\\/lasentinelle.dz\\\/#\\\/schema\\\/person\\\/729ee0024f24e0b8c5ec17232f8e8b41\",\"name\":\"admin\",\"image\":{\"@type\":\"ImageObject\",\"inLanguage\":\"fr-FR\",\"@id\":\"https:\\\/\\\/secure.gravatar.com\\\/avatar\\\/4c81fed838786e9b53f540bf46533e750f5d292099ae3b66cfc6fb1982e29df7?s=96&d=mm&r=g\",\"url\":\"https:\\\/\\\/secure.gravatar.com\\\/avatar\\\/4c81fed838786e9b53f540bf46533e750f5d292099ae3b66cfc6fb1982e29df7?s=96&d=mm&r=g\",\"contentUrl\":\"https:\\\/\\\/secure.gravatar.com\\\/avatar\\\/4c81fed838786e9b53f540bf46533e750f5d292099ae3b66cfc6fb1982e29df7?s=96&d=mm&r=g\",\"caption\":\"admin\"},\"description\":\"admin\",\"url\":\"https:\\\/\\\/lasentinelle.dz\\\/author\\\/admin\\\/\"}]}<\/script>\n<!-- \/ Yoast SEO plugin. -->","yoast_head_json":{"title":"Visite de Dati dans les territoires du Sahara occidental occup\u00e9s: Alger d\u00e9nonce un m\u00e9pris de la l\u00e9galit\u00e9 internationale - La Sentinelle","robots":{"index":"index","follow":"follow","max-snippet":"max-snippet:-1","max-image-preview":"max-image-preview:large","max-video-preview":"max-video-preview:-1"},"canonical":"https:\/\/lasentinelle.dz\/index.php\/2025\/02\/19\/visite-de-dati-dans-les-territoires-du-sahara-occidental-occupes-alger-denonce-un-mepris-de-la-legalite-internationale\/","og_locale":"fr_FR","og_type":"article","og_title":"Visite de Dati dans les territoires du Sahara occidental occup\u00e9s: Alger d\u00e9nonce un m\u00e9pris de la l\u00e9galit\u00e9 internationale - La Sentinelle","og_description":"Le minist\u00e8re des Affaires \u00e9trang\u00e8res, de la Communaut\u00e9 nationale \u00e0 l&rsquo;\u00e9tranger et des Affaires africaines a vivement r\u00e9agi hier \u00e0","og_url":"https:\/\/lasentinelle.dz\/index.php\/2025\/02\/19\/visite-de-dati-dans-les-territoires-du-sahara-occidental-occupes-alger-denonce-un-mepris-de-la-legalite-internationale\/","og_site_name":"La Sentinelle","article_publisher":"https:\/\/www.facebook.com\/La-Sentinelle-104059864394773","article_published_time":"2025-02-19T11:10:59+00:00","article_modified_time":"2025-02-19T11:11:00+00:00","og_image":[{"width":2135,"height":1423,"url":"https:\/\/lasentinelle.dz\/wp-content\/uploads\/2025\/01\/dz-mae.jpeg","type":"image\/jpeg"}],"author":"admin","twitter_card":"summary_large_image","twitter_misc":{"\u00c9crit par":"admin","Dur\u00e9e de lecture estim\u00e9e":"5 minutes"},"schema":{"@context":"https:\/\/schema.org","@graph":[{"@type":"Article","@id":"https:\/\/lasentinelle.dz\/index.php\/2025\/02\/19\/visite-de-dati-dans-les-territoires-du-sahara-occidental-occupes-alger-denonce-un-mepris-de-la-legalite-internationale\/#article","isPartOf":{"@id":"https:\/\/lasentinelle.dz\/index.php\/2025\/02\/19\/visite-de-dati-dans-les-territoires-du-sahara-occidental-occupes-alger-denonce-un-mepris-de-la-legalite-internationale\/"},"author":{"name":"admin","@id":"https:\/\/lasentinelle.dz\/#\/schema\/person\/729ee0024f24e0b8c5ec17232f8e8b41"},"headline":"Visite de Dati dans les territoires du Sahara occidental occup\u00e9s: Alger d\u00e9nonce un m\u00e9pris de la l\u00e9galit\u00e9 internationale","datePublished":"2025-02-19T11:10:59+00:00","dateModified":"2025-02-19T11:11:00+00:00","mainEntityOfPage":{"@id":"https:\/\/lasentinelle.dz\/index.php\/2025\/02\/19\/visite-de-dati-dans-les-territoires-du-sahara-occidental-occupes-alger-denonce-un-mepris-de-la-legalite-internationale\/"},"wordCount":1001,"commentCount":0,"publisher":{"@id":"https:\/\/lasentinelle.dz\/#organization"},"image":{"@id":"https:\/\/lasentinelle.dz\/index.php\/2025\/02\/19\/visite-de-dati-dans-les-territoires-du-sahara-occidental-occupes-alger-denonce-un-mepris-de-la-legalite-internationale\/#primaryimage"},"thumbnailUrl":"https:\/\/lasentinelle.dz\/wp-content\/uploads\/2025\/01\/dz-mae.jpeg","articleSection":["\u00c0 la Une","Actualit\u00e9"],"inLanguage":"fr-FR","potentialAction":[{"@type":"CommentAction","name":"Comment","target":["https:\/\/lasentinelle.dz\/index.php\/2025\/02\/19\/visite-de-dati-dans-les-territoires-du-sahara-occidental-occupes-alger-denonce-un-mepris-de-la-legalite-internationale\/#respond"]}]},{"@type":"WebPage","@id":"https:\/\/lasentinelle.dz\/index.php\/2025\/02\/19\/visite-de-dati-dans-les-territoires-du-sahara-occidental-occupes-alger-denonce-un-mepris-de-la-legalite-internationale\/","url":"https:\/\/lasentinelle.dz\/index.php\/2025\/02\/19\/visite-de-dati-dans-les-territoires-du-sahara-occidental-occupes-alger-denonce-un-mepris-de-la-legalite-internationale\/","name":"Visite de Dati dans les territoires du Sahara occidental occup\u00e9s: Alger d\u00e9nonce un m\u00e9pris de la l\u00e9galit\u00e9 internationale - La Sentinelle","isPartOf":{"@id":"https:\/\/lasentinelle.dz\/#website"},"primaryImageOfPage":{"@id":"https:\/\/lasentinelle.dz\/index.php\/2025\/02\/19\/visite-de-dati-dans-les-territoires-du-sahara-occidental-occupes-alger-denonce-un-mepris-de-la-legalite-internationale\/#primaryimage"},"image":{"@id":"https:\/\/lasentinelle.dz\/index.php\/2025\/02\/19\/visite-de-dati-dans-les-territoires-du-sahara-occidental-occupes-alger-denonce-un-mepris-de-la-legalite-internationale\/#primaryimage"},"thumbnailUrl":"https:\/\/lasentinelle.dz\/wp-content\/uploads\/2025\/01\/dz-mae.jpeg","datePublished":"2025-02-19T11:10:59+00:00","dateModified":"2025-02-19T11:11:00+00:00","breadcrumb":{"@id":"https:\/\/lasentinelle.dz\/index.php\/2025\/02\/19\/visite-de-dati-dans-les-territoires-du-sahara-occidental-occupes-alger-denonce-un-mepris-de-la-legalite-internationale\/#breadcrumb"},"inLanguage":"fr-FR","potentialAction":[{"@type":"ReadAction","target":["https:\/\/lasentinelle.dz\/index.php\/2025\/02\/19\/visite-de-dati-dans-les-territoires-du-sahara-occidental-occupes-alger-denonce-un-mepris-de-la-legalite-internationale\/"]}]},{"@type":"ImageObject","inLanguage":"fr-FR","@id":"https:\/\/lasentinelle.dz\/index.php\/2025\/02\/19\/visite-de-dati-dans-les-territoires-du-sahara-occidental-occupes-alger-denonce-un-mepris-de-la-legalite-internationale\/#primaryimage","url":"https:\/\/lasentinelle.dz\/wp-content\/uploads\/2025\/01\/dz-mae.jpeg","contentUrl":"https:\/\/lasentinelle.dz\/wp-content\/uploads\/2025\/01\/dz-mae.jpeg","width":2135,"height":1423,"caption":"????????????????????????????????????"},{"@type":"BreadcrumbList","@id":"https:\/\/lasentinelle.dz\/index.php\/2025\/02\/19\/visite-de-dati-dans-les-territoires-du-sahara-occidental-occupes-alger-denonce-un-mepris-de-la-legalite-internationale\/#breadcrumb","itemListElement":[{"@type":"ListItem","position":1,"name":"Accueil","item":"https:\/\/lasentinelle.dz\/"},{"@type":"ListItem","position":2,"name":"Visite de Dati dans les territoires du Sahara occidental occup\u00e9s: Alger d\u00e9nonce un m\u00e9pris de la l\u00e9galit\u00e9 internationale"}]},{"@type":"WebSite","@id":"https:\/\/lasentinelle.dz\/#website","url":"https:\/\/lasentinelle.dz\/","name":"La Sentinelle","description":"Quotidien national d&#039;information","publisher":{"@id":"https:\/\/lasentinelle.dz\/#organization"},"potentialAction":[{"@type":"SearchAction","target":{"@type":"EntryPoint","urlTemplate":"https:\/\/lasentinelle.dz\/?s={search_term_string}"},"query-input":{"@type":"PropertyValueSpecification","valueRequired":true,"valueName":"search_term_string"}}],"inLanguage":"fr-FR"},{"@type":"Organization","@id":"https:\/\/lasentinelle.dz\/#organization","name":"Quotidien La Sentinelle","url":"https:\/\/lasentinelle.dz\/","logo":{"@type":"ImageObject","inLanguage":"fr-FR","@id":"https:\/\/lasentinelle.dz\/#\/schema\/logo\/image\/","url":"https:\/\/lasentinelle.dz\/wp-content\/uploads\/2021\/09\/logo-sentinelleSLOGAN-1.png","contentUrl":"https:\/\/lasentinelle.dz\/wp-content\/uploads\/2021\/09\/logo-sentinelleSLOGAN-1.png","width":615,"height":142,"caption":"Quotidien La Sentinelle"},"image":{"@id":"https:\/\/lasentinelle.dz\/#\/schema\/logo\/image\/"},"sameAs":["https:\/\/www.facebook.com\/La-Sentinelle-104059864394773"]},{"@type":"Person","@id":"https:\/\/lasentinelle.dz\/#\/schema\/person\/729ee0024f24e0b8c5ec17232f8e8b41","name":"admin","image":{"@type":"ImageObject","inLanguage":"fr-FR","@id":"https:\/\/secure.gravatar.com\/avatar\/4c81fed838786e9b53f540bf46533e750f5d292099ae3b66cfc6fb1982e29df7?s=96&d=mm&r=g","url":"https:\/\/secure.gravatar.com\/avatar\/4c81fed838786e9b53f540bf46533e750f5d292099ae3b66cfc6fb1982e29df7?s=96&d=mm&r=g","contentUrl":"https:\/\/secure.gravatar.com\/avatar\/4c81fed838786e9b53f540bf46533e750f5d292099ae3b66cfc6fb1982e29df7?s=96&d=mm&r=g","caption":"admin"},"description":"admin","url":"https:\/\/lasentinelle.dz\/author\/admin\/"}]}},"_links":{"self":[{"href":"https:\/\/lasentinelle.dz\/index.php\/wp-json\/wp\/v2\/posts\/63306","targetHints":{"allow":["GET"]}}],"collection":[{"href":"https:\/\/lasentinelle.dz\/index.php\/wp-json\/wp\/v2\/posts"}],"about":[{"href":"https:\/\/lasentinelle.dz\/index.php\/wp-json\/wp\/v2\/types\/post"}],"author":[{"embeddable":true,"href":"https:\/\/lasentinelle.dz\/index.php\/wp-json\/wp\/v2\/users\/6"}],"replies":[{"embeddable":true,"href":"https:\/\/lasentinelle.dz\/index.php\/wp-json\/wp\/v2\/comments?post=63306"}],"version-history":[{"count":1,"href":"https:\/\/lasentinelle.dz\/index.php\/wp-json\/wp\/v2\/posts\/63306\/revisions"}],"predecessor-version":[{"id":63307,"href":"https:\/\/lasentinelle.dz\/index.php\/wp-json\/wp\/v2\/posts\/63306\/revisions\/63307"}],"wp:featuredmedia":[{"embeddable":true,"href":"https:\/\/lasentinelle.dz\/index.php\/wp-json\/wp\/v2\/media\/61591"}],"wp:attachment":[{"href":"https:\/\/lasentinelle.dz\/index.php\/wp-json\/wp\/v2\/media?parent=63306"}],"wp:term":[{"taxonomy":"category","embeddable":true,"href":"https:\/\/lasentinelle.dz\/index.php\/wp-json\/wp\/v2\/categories?post=63306"},{"taxonomy":"post_tag","embeddable":true,"href":"https:\/\/lasentinelle.dz\/index.php\/wp-json\/wp\/v2\/tags?post=63306"}],"curies":[{"name":"wp","href":"https:\/\/api.w.org\/{rel}","templated":true}]}}