{"id":63319,"date":"2025-02-23T13:03:04","date_gmt":"2025-02-23T12:03:04","guid":{"rendered":"https:\/\/lasentinelle.dz\/?p=63319"},"modified":"2025-02-23T13:03:04","modified_gmt":"2025-02-23T12:03:04","slug":"rdc-le-conseil-de-securite-de-lonu-demande-le-retrait-des-troupes-rwandaises","status":"publish","type":"post","link":"https:\/\/lasentinelle.dz\/index.php\/2025\/02\/23\/rdc-le-conseil-de-securite-de-lonu-demande-le-retrait-des-troupes-rwandaises\/","title":{"rendered":"RDC : Le Conseil de s\u00e9curit\u00e9 de l&rsquo;ONU demande le retrait des troupes rwandaises\u00a0"},"content":{"rendered":"\n<p>Le Conseil de s\u00e9curit\u00e9 de l&rsquo;ONU a, pour la premi\u00e8re fois vendredi, condamn\u00e9 directement le Rwanda pour son soutien \u00e0 l&rsquo;offensive du M23 dans l&rsquo;est de la R\u00e9publique d\u00e9mocratique du Congo (RDC), r\u00e9clamant le retrait \u00ab\u00a0imm\u00e9diat\u00a0\u00bb de ses troupes. La r\u00e9solution qui \u00ab\u00a0condamne fermement l&rsquo;offensive et l&rsquo;avanc\u00e9e en cours du M23 au Nord-Kivu et au Sud-Kivu avec le soutien des forces de d\u00e9fense rwandaises\u00a0\u00bb, a \u00e9t\u00e9 adopt\u00e9e \u00e0 l&rsquo;unanimit\u00e9. La r\u00e9solution adopt\u00e9e \u00e0 l&rsquo;unanimit\u00e9 \u00ab\u00a0condamne fermement l&rsquo;offensive et l&rsquo;avanc\u00e9e en cours du M23 au Nord-Kivu et au Sud-Kivu avec le soutien des forces de d\u00e9fense rwandaises\u00a0\u00bb, dont 4 000 soldats appuient le M23, selon des experts de l&rsquo;ONU. Elle r\u00e9clame \u00e9galement le retrait du M23 des territoires, dont il a pris le contr\u00f4le, notamment Goma et Bukavu, et appelle les forces arm\u00e9es rwandaises \u00e0 \u00ab\u00a0cesser leur soutien au M23 et \u00e0 imm\u00e9diatement se retirer du territoire de la RDC, sans pr\u00e9conditions\u00a0\u00bb.<\/p>\n\n\n\n<p>Notons que les violences dans l&rsquo;est de la R\u00e9publique d\u00e9mocratique du Congo ont pouss\u00e9 quelque 42.000 personnes \u00e0 trouver refuge au Burundi en deux semaines, a indiqu\u00e9 vendredi l&rsquo;ONU, qui s&rsquo;attendait initialement \u00e0 58.000 arriv\u00e9es en trois mois. Cet afflux de r\u00e9fugi\u00e9s congolais face aux avanc\u00e9es des rebelles du mouvement M23 dans la r\u00e9gion est in\u00e9dit depuis 25 ans, avait pr\u00e9cis\u00e9 jeudi le Haut-Commissariat pour les r\u00e9fugi\u00e9s (HCR) de l&rsquo;ONU. \u00ab\u00a0Le plan d&rsquo;urgence pr\u00e9voyait un maximum de 58.000 personnes\u00a0\u00bb sur trois mois mais rien qu&rsquo;au cours des deux premi\u00e8res semaines, il y a eu \u00ab\u00a0environ 42.000 personnes demandant l&rsquo;asile\u00a0\u00bb, a d\u00e9clar\u00e9 la repr\u00e9sentante du HCR au Burundi, Brigitte Mukanga-Eno, lors d&rsquo;un point de presse. Par ailleurs, environ 15.000 autres personnes ont fui depuis janvier vers d&rsquo;autres pays voisins, dont plus de 13.000 en Ouganda, selon un communiqu\u00e9 de l&rsquo;agence onusienne. La grande majorit\u00e9 des personnes qui ont trouv\u00e9 refuge au Burundi y sont entr\u00e9s par des points de passage non officiels, beaucoup traversant la rivi\u00e8re Rusizi. Le HCR a aussi lanc\u00e9 vendredi un appel de fonds de plus de 40 millions de dollars pour aider les personnes d\u00e9plac\u00e9es dans ces deux provinces de l&rsquo;est de la R\u00e9publique d\u00e9mocratique du Congo (RDC) et dans les pays voisins, alors que les rebelles du M23 poursuivaient leur progression au Nord et Sud-Kivu.<\/p>\n\n\n\n<p>Apr\u00e8s s&rsquo;\u00eatre empar\u00e9s fin janvier dans une offensive \u00e9clair de Goma, capitale du Nord-Kivu, les rebelles du mouvement M23 ont pris dimanche le contr\u00f4le de Bukavu, chef-lieu du Sud-Kivu, situ\u00e9 \u00e0 seulement une cinquantaine de km du Burundi. Les combats continuent de s&rsquo;\u00e9tendre dans le Sud-Kivu, frontali\u00e8re du Rwanda et du Burundi. Et notamment vers le Sud-est, se rapprochant de la capitale \u00e9conomique burundaise Bujumbura et poussant de nombreux civils \u00e0 traverser la fronti\u00e8re. La cheffe de la mission de maintien de la paix de l&rsquo;ONU en RDC (Monusco), Bintou Keita, s&rsquo;est elle aussi inqui\u00e9t\u00e9e de l&rsquo;avanc\u00e9e du M23, qui est d\u00e9sormais \u00ab\u00a0au point de jonction des trois fronti\u00e8res entre la RDC, le Rwanda et le Burundi\u00a0\u00bb.<\/p>\n\n\n\n<p>R.I.<\/p>\n","protected":false},"excerpt":{"rendered":"<p>Le Conseil de s\u00e9curit\u00e9 de l&rsquo;ONU a, pour la premi\u00e8re fois vendredi, condamn\u00e9 directement le Rwanda pour son soutien \u00e0<\/p>\n","protected":false},"author":6,"featured_media":56566,"comment_status":"open","ping_status":"closed","sticky":false,"template":"","format":"standard","meta":{"colormag_page_container_layout":"default_layout","colormag_page_sidebar_layout":"default_layout","om_disable_all_campaigns":false,"_monsterinsights_skip_tracking":false,"_monsterinsights_sitenote_active":false,"_monsterinsights_sitenote_note":"","_monsterinsights_sitenote_category":0,"footnotes":"","_wpscppro_dont_share_socialmedia":false,"_wpscppro_custom_social_share_image":0,"_facebook_share_type":"default","_twitter_share_type":"default","_linkedin_share_type":"default","_pinterest_share_type":"default","_linkedin_share_type_page":"","_instagram_share_type":"default","_medium_share_type":"default","_threads_share_type":"","_google_business_share_type":"","_selected_social_profile":[],"_wpsp_enable_custom_social_template":false,"_wpsp_social_scheduling":{"enabled":false,"datetime":null,"platforms":[],"status":"template_only","dateOption":"today","timeOption":"now","customDays":"","customHours":"","customDate":"","customTime":"","schedulingType":"absolute"},"_wpsp_active_default_template":true},"categories":[37],"tags":[],"class_list":["post-63319","post","type-post","status-publish","format-standard","has-post-thumbnail","hentry","category-monde"],"aioseo_notices":[],"yoast_head":"<!-- This site is optimized with the Yoast SEO plugin v27.5 - https:\/\/yoast.com\/product\/yoast-seo-wordpress\/ -->\n<title>RDC : Le Conseil de s\u00e9curit\u00e9 de l&rsquo;ONU demande le retrait des troupes rwandaises\u00a0 - La Sentinelle<\/title>\n<meta name=\"robots\" content=\"index, follow, max-snippet:-1, max-image-preview:large, max-video-preview:-1\" \/>\n<link rel=\"canonical\" href=\"https:\/\/lasentinelle.dz\/index.php\/2025\/02\/23\/rdc-le-conseil-de-securite-de-lonu-demande-le-retrait-des-troupes-rwandaises\/\" \/>\n<meta property=\"og:locale\" content=\"fr_FR\" \/>\n<meta property=\"og:type\" content=\"article\" \/>\n<meta property=\"og:title\" content=\"RDC : Le Conseil de s\u00e9curit\u00e9 de l&rsquo;ONU demande le retrait des troupes rwandaises\u00a0 - La Sentinelle\" \/>\n<meta property=\"og:description\" content=\"Le Conseil de s\u00e9curit\u00e9 de l&rsquo;ONU a, pour la premi\u00e8re fois vendredi, condamn\u00e9 directement le Rwanda pour son soutien \u00e0\" \/>\n<meta property=\"og:url\" content=\"https:\/\/lasentinelle.dz\/index.php\/2025\/02\/23\/rdc-le-conseil-de-securite-de-lonu-demande-le-retrait-des-troupes-rwandaises\/\" \/>\n<meta property=\"og:site_name\" content=\"La Sentinelle\" \/>\n<meta property=\"article:publisher\" content=\"https:\/\/www.facebook.com\/La-Sentinelle-104059864394773\" \/>\n<meta property=\"article:published_time\" content=\"2025-02-23T12:03:04+00:00\" \/>\n<meta property=\"og:image\" content=\"https:\/\/lasentinelle.dz\/wp-content\/uploads\/2024\/09\/Conseil-de-securite.webp\" \/>\n\t<meta property=\"og:image:width\" content=\"1656\" \/>\n\t<meta property=\"og:image:height\" content=\"1060\" \/>\n\t<meta property=\"og:image:type\" content=\"image\/webp\" \/>\n<meta name=\"author\" content=\"admin\" \/>\n<meta name=\"twitter:card\" content=\"summary_large_image\" \/>\n<meta name=\"twitter:label1\" content=\"\u00c9crit par\" \/>\n\t<meta name=\"twitter:data1\" content=\"admin\" \/>\n\t<meta name=\"twitter:label2\" content=\"Dur\u00e9e de lecture estim\u00e9e\" \/>\n\t<meta name=\"twitter:data2\" content=\"3 minutes\" \/>\n<script type=\"application\/ld+json\" class=\"yoast-schema-graph\">{\"@context\":\"https:\\\/\\\/schema.org\",\"@graph\":[{\"@type\":\"Article\",\"@id\":\"https:\\\/\\\/lasentinelle.dz\\\/index.php\\\/2025\\\/02\\\/23\\\/rdc-le-conseil-de-securite-de-lonu-demande-le-retrait-des-troupes-rwandaises\\\/#article\",\"isPartOf\":{\"@id\":\"https:\\\/\\\/lasentinelle.dz\\\/index.php\\\/2025\\\/02\\\/23\\\/rdc-le-conseil-de-securite-de-lonu-demande-le-retrait-des-troupes-rwandaises\\\/\"},\"author\":{\"name\":\"admin\",\"@id\":\"https:\\\/\\\/lasentinelle.dz\\\/#\\\/schema\\\/person\\\/729ee0024f24e0b8c5ec17232f8e8b41\"},\"headline\":\"RDC : Le Conseil de s\u00e9curit\u00e9 de l&rsquo;ONU demande le retrait des troupes rwandaises\u00a0\",\"datePublished\":\"2025-02-23T12:03:04+00:00\",\"mainEntityOfPage\":{\"@id\":\"https:\\\/\\\/lasentinelle.dz\\\/index.php\\\/2025\\\/02\\\/23\\\/rdc-le-conseil-de-securite-de-lonu-demande-le-retrait-des-troupes-rwandaises\\\/\"},\"wordCount\":562,\"commentCount\":0,\"publisher\":{\"@id\":\"https:\\\/\\\/lasentinelle.dz\\\/#organization\"},\"image\":{\"@id\":\"https:\\\/\\\/lasentinelle.dz\\\/index.php\\\/2025\\\/02\\\/23\\\/rdc-le-conseil-de-securite-de-lonu-demande-le-retrait-des-troupes-rwandaises\\\/#primaryimage\"},\"thumbnailUrl\":\"https:\\\/\\\/lasentinelle.dz\\\/wp-content\\\/uploads\\\/2024\\\/09\\\/Conseil-de-securite.webp\",\"articleSection\":[\"Monde\"],\"inLanguage\":\"fr-FR\",\"potentialAction\":[{\"@type\":\"CommentAction\",\"name\":\"Comment\",\"target\":[\"https:\\\/\\\/lasentinelle.dz\\\/index.php\\\/2025\\\/02\\\/23\\\/rdc-le-conseil-de-securite-de-lonu-demande-le-retrait-des-troupes-rwandaises\\\/#respond\"]}]},{\"@type\":\"WebPage\",\"@id\":\"https:\\\/\\\/lasentinelle.dz\\\/index.php\\\/2025\\\/02\\\/23\\\/rdc-le-conseil-de-securite-de-lonu-demande-le-retrait-des-troupes-rwandaises\\\/\",\"url\":\"https:\\\/\\\/lasentinelle.dz\\\/index.php\\\/2025\\\/02\\\/23\\\/rdc-le-conseil-de-securite-de-lonu-demande-le-retrait-des-troupes-rwandaises\\\/\",\"name\":\"RDC : Le Conseil de s\u00e9curit\u00e9 de l&rsquo;ONU demande le retrait des troupes rwandaises\u00a0 - La Sentinelle\",\"isPartOf\":{\"@id\":\"https:\\\/\\\/lasentinelle.dz\\\/#website\"},\"primaryImageOfPage\":{\"@id\":\"https:\\\/\\\/lasentinelle.dz\\\/index.php\\\/2025\\\/02\\\/23\\\/rdc-le-conseil-de-securite-de-lonu-demande-le-retrait-des-troupes-rwandaises\\\/#primaryimage\"},\"image\":{\"@id\":\"https:\\\/\\\/lasentinelle.dz\\\/index.php\\\/2025\\\/02\\\/23\\\/rdc-le-conseil-de-securite-de-lonu-demande-le-retrait-des-troupes-rwandaises\\\/#primaryimage\"},\"thumbnailUrl\":\"https:\\\/\\\/lasentinelle.dz\\\/wp-content\\\/uploads\\\/2024\\\/09\\\/Conseil-de-securite.webp\",\"datePublished\":\"2025-02-23T12:03:04+00:00\",\"breadcrumb\":{\"@id\":\"https:\\\/\\\/lasentinelle.dz\\\/index.php\\\/2025\\\/02\\\/23\\\/rdc-le-conseil-de-securite-de-lonu-demande-le-retrait-des-troupes-rwandaises\\\/#breadcrumb\"},\"inLanguage\":\"fr-FR\",\"potentialAction\":[{\"@type\":\"ReadAction\",\"target\":[\"https:\\\/\\\/lasentinelle.dz\\\/index.php\\\/2025\\\/02\\\/23\\\/rdc-le-conseil-de-securite-de-lonu-demande-le-retrait-des-troupes-rwandaises\\\/\"]}]},{\"@type\":\"ImageObject\",\"inLanguage\":\"fr-FR\",\"@id\":\"https:\\\/\\\/lasentinelle.dz\\\/index.php\\\/2025\\\/02\\\/23\\\/rdc-le-conseil-de-securite-de-lonu-demande-le-retrait-des-troupes-rwandaises\\\/#primaryimage\",\"url\":\"https:\\\/\\\/lasentinelle.dz\\\/wp-content\\\/uploads\\\/2024\\\/09\\\/Conseil-de-securite.webp\",\"contentUrl\":\"https:\\\/\\\/lasentinelle.dz\\\/wp-content\\\/uploads\\\/2024\\\/09\\\/Conseil-de-securite.webp\",\"width\":1656,\"height\":1060},{\"@type\":\"BreadcrumbList\",\"@id\":\"https:\\\/\\\/lasentinelle.dz\\\/index.php\\\/2025\\\/02\\\/23\\\/rdc-le-conseil-de-securite-de-lonu-demande-le-retrait-des-troupes-rwandaises\\\/#breadcrumb\",\"itemListElement\":[{\"@type\":\"ListItem\",\"position\":1,\"name\":\"Accueil\",\"item\":\"https:\\\/\\\/lasentinelle.dz\\\/\"},{\"@type\":\"ListItem\",\"position\":2,\"name\":\"RDC : Le Conseil de s\u00e9curit\u00e9 de l&rsquo;ONU demande le retrait des troupes rwandaises\u00a0\"}]},{\"@type\":\"WebSite\",\"@id\":\"https:\\\/\\\/lasentinelle.dz\\\/#website\",\"url\":\"https:\\\/\\\/lasentinelle.dz\\\/\",\"name\":\"La Sentinelle\",\"description\":\"Quotidien national d&#039;information\",\"publisher\":{\"@id\":\"https:\\\/\\\/lasentinelle.dz\\\/#organization\"},\"potentialAction\":[{\"@type\":\"SearchAction\",\"target\":{\"@type\":\"EntryPoint\",\"urlTemplate\":\"https:\\\/\\\/lasentinelle.dz\\\/?s={search_term_string}\"},\"query-input\":{\"@type\":\"PropertyValueSpecification\",\"valueRequired\":true,\"valueName\":\"search_term_string\"}}],\"inLanguage\":\"fr-FR\"},{\"@type\":\"Organization\",\"@id\":\"https:\\\/\\\/lasentinelle.dz\\\/#organization\",\"name\":\"Quotidien La Sentinelle\",\"url\":\"https:\\\/\\\/lasentinelle.dz\\\/\",\"logo\":{\"@type\":\"ImageObject\",\"inLanguage\":\"fr-FR\",\"@id\":\"https:\\\/\\\/lasentinelle.dz\\\/#\\\/schema\\\/logo\\\/image\\\/\",\"url\":\"https:\\\/\\\/lasentinelle.dz\\\/wp-content\\\/uploads\\\/2021\\\/09\\\/logo-sentinelleSLOGAN-1.png\",\"contentUrl\":\"https:\\\/\\\/lasentinelle.dz\\\/wp-content\\\/uploads\\\/2021\\\/09\\\/logo-sentinelleSLOGAN-1.png\",\"width\":615,\"height\":142,\"caption\":\"Quotidien La Sentinelle\"},\"image\":{\"@id\":\"https:\\\/\\\/lasentinelle.dz\\\/#\\\/schema\\\/logo\\\/image\\\/\"},\"sameAs\":[\"https:\\\/\\\/www.facebook.com\\\/La-Sentinelle-104059864394773\"]},{\"@type\":\"Person\",\"@id\":\"https:\\\/\\\/lasentinelle.dz\\\/#\\\/schema\\\/person\\\/729ee0024f24e0b8c5ec17232f8e8b41\",\"name\":\"admin\",\"image\":{\"@type\":\"ImageObject\",\"inLanguage\":\"fr-FR\",\"@id\":\"https:\\\/\\\/secure.gravatar.com\\\/avatar\\\/4c81fed838786e9b53f540bf46533e750f5d292099ae3b66cfc6fb1982e29df7?s=96&d=mm&r=g\",\"url\":\"https:\\\/\\\/secure.gravatar.com\\\/avatar\\\/4c81fed838786e9b53f540bf46533e750f5d292099ae3b66cfc6fb1982e29df7?s=96&d=mm&r=g\",\"contentUrl\":\"https:\\\/\\\/secure.gravatar.com\\\/avatar\\\/4c81fed838786e9b53f540bf46533e750f5d292099ae3b66cfc6fb1982e29df7?s=96&d=mm&r=g\",\"caption\":\"admin\"},\"description\":\"admin\",\"url\":\"https:\\\/\\\/lasentinelle.dz\\\/author\\\/admin\\\/\"}]}<\/script>\n<!-- \/ Yoast SEO plugin. -->","yoast_head_json":{"title":"RDC : Le Conseil de s\u00e9curit\u00e9 de l&rsquo;ONU demande le retrait des troupes rwandaises\u00a0 - La Sentinelle","robots":{"index":"index","follow":"follow","max-snippet":"max-snippet:-1","max-image-preview":"max-image-preview:large","max-video-preview":"max-video-preview:-1"},"canonical":"https:\/\/lasentinelle.dz\/index.php\/2025\/02\/23\/rdc-le-conseil-de-securite-de-lonu-demande-le-retrait-des-troupes-rwandaises\/","og_locale":"fr_FR","og_type":"article","og_title":"RDC : Le Conseil de s\u00e9curit\u00e9 de l&rsquo;ONU demande le retrait des troupes rwandaises\u00a0 - La Sentinelle","og_description":"Le Conseil de s\u00e9curit\u00e9 de l&rsquo;ONU a, pour la premi\u00e8re fois vendredi, condamn\u00e9 directement le Rwanda pour son soutien \u00e0","og_url":"https:\/\/lasentinelle.dz\/index.php\/2025\/02\/23\/rdc-le-conseil-de-securite-de-lonu-demande-le-retrait-des-troupes-rwandaises\/","og_site_name":"La Sentinelle","article_publisher":"https:\/\/www.facebook.com\/La-Sentinelle-104059864394773","article_published_time":"2025-02-23T12:03:04+00:00","og_image":[{"width":1656,"height":1060,"url":"https:\/\/lasentinelle.dz\/wp-content\/uploads\/2024\/09\/Conseil-de-securite.webp","type":"image\/webp"}],"author":"admin","twitter_card":"summary_large_image","twitter_misc":{"\u00c9crit par":"admin","Dur\u00e9e de lecture estim\u00e9e":"3 minutes"},"schema":{"@context":"https:\/\/schema.org","@graph":[{"@type":"Article","@id":"https:\/\/lasentinelle.dz\/index.php\/2025\/02\/23\/rdc-le-conseil-de-securite-de-lonu-demande-le-retrait-des-troupes-rwandaises\/#article","isPartOf":{"@id":"https:\/\/lasentinelle.dz\/index.php\/2025\/02\/23\/rdc-le-conseil-de-securite-de-lonu-demande-le-retrait-des-troupes-rwandaises\/"},"author":{"name":"admin","@id":"https:\/\/lasentinelle.dz\/#\/schema\/person\/729ee0024f24e0b8c5ec17232f8e8b41"},"headline":"RDC : Le Conseil de s\u00e9curit\u00e9 de l&rsquo;ONU demande le retrait des troupes rwandaises\u00a0","datePublished":"2025-02-23T12:03:04+00:00","mainEntityOfPage":{"@id":"https:\/\/lasentinelle.dz\/index.php\/2025\/02\/23\/rdc-le-conseil-de-securite-de-lonu-demande-le-retrait-des-troupes-rwandaises\/"},"wordCount":562,"commentCount":0,"publisher":{"@id":"https:\/\/lasentinelle.dz\/#organization"},"image":{"@id":"https:\/\/lasentinelle.dz\/index.php\/2025\/02\/23\/rdc-le-conseil-de-securite-de-lonu-demande-le-retrait-des-troupes-rwandaises\/#primaryimage"},"thumbnailUrl":"https:\/\/lasentinelle.dz\/wp-content\/uploads\/2024\/09\/Conseil-de-securite.webp","articleSection":["Monde"],"inLanguage":"fr-FR","potentialAction":[{"@type":"CommentAction","name":"Comment","target":["https:\/\/lasentinelle.dz\/index.php\/2025\/02\/23\/rdc-le-conseil-de-securite-de-lonu-demande-le-retrait-des-troupes-rwandaises\/#respond"]}]},{"@type":"WebPage","@id":"https:\/\/lasentinelle.dz\/index.php\/2025\/02\/23\/rdc-le-conseil-de-securite-de-lonu-demande-le-retrait-des-troupes-rwandaises\/","url":"https:\/\/lasentinelle.dz\/index.php\/2025\/02\/23\/rdc-le-conseil-de-securite-de-lonu-demande-le-retrait-des-troupes-rwandaises\/","name":"RDC : Le Conseil de s\u00e9curit\u00e9 de l&rsquo;ONU demande le retrait des troupes rwandaises\u00a0 - La Sentinelle","isPartOf":{"@id":"https:\/\/lasentinelle.dz\/#website"},"primaryImageOfPage":{"@id":"https:\/\/lasentinelle.dz\/index.php\/2025\/02\/23\/rdc-le-conseil-de-securite-de-lonu-demande-le-retrait-des-troupes-rwandaises\/#primaryimage"},"image":{"@id":"https:\/\/lasentinelle.dz\/index.php\/2025\/02\/23\/rdc-le-conseil-de-securite-de-lonu-demande-le-retrait-des-troupes-rwandaises\/#primaryimage"},"thumbnailUrl":"https:\/\/lasentinelle.dz\/wp-content\/uploads\/2024\/09\/Conseil-de-securite.webp","datePublished":"2025-02-23T12:03:04+00:00","breadcrumb":{"@id":"https:\/\/lasentinelle.dz\/index.php\/2025\/02\/23\/rdc-le-conseil-de-securite-de-lonu-demande-le-retrait-des-troupes-rwandaises\/#breadcrumb"},"inLanguage":"fr-FR","potentialAction":[{"@type":"ReadAction","target":["https:\/\/lasentinelle.dz\/index.php\/2025\/02\/23\/rdc-le-conseil-de-securite-de-lonu-demande-le-retrait-des-troupes-rwandaises\/"]}]},{"@type":"ImageObject","inLanguage":"fr-FR","@id":"https:\/\/lasentinelle.dz\/index.php\/2025\/02\/23\/rdc-le-conseil-de-securite-de-lonu-demande-le-retrait-des-troupes-rwandaises\/#primaryimage","url":"https:\/\/lasentinelle.dz\/wp-content\/uploads\/2024\/09\/Conseil-de-securite.webp","contentUrl":"https:\/\/lasentinelle.dz\/wp-content\/uploads\/2024\/09\/Conseil-de-securite.webp","width":1656,"height":1060},{"@type":"BreadcrumbList","@id":"https:\/\/lasentinelle.dz\/index.php\/2025\/02\/23\/rdc-le-conseil-de-securite-de-lonu-demande-le-retrait-des-troupes-rwandaises\/#breadcrumb","itemListElement":[{"@type":"ListItem","position":1,"name":"Accueil","item":"https:\/\/lasentinelle.dz\/"},{"@type":"ListItem","position":2,"name":"RDC : Le Conseil de s\u00e9curit\u00e9 de l&rsquo;ONU demande le retrait des troupes rwandaises\u00a0"}]},{"@type":"WebSite","@id":"https:\/\/lasentinelle.dz\/#website","url":"https:\/\/lasentinelle.dz\/","name":"La Sentinelle","description":"Quotidien national d&#039;information","publisher":{"@id":"https:\/\/lasentinelle.dz\/#organization"},"potentialAction":[{"@type":"SearchAction","target":{"@type":"EntryPoint","urlTemplate":"https:\/\/lasentinelle.dz\/?s={search_term_string}"},"query-input":{"@type":"PropertyValueSpecification","valueRequired":true,"valueName":"search_term_string"}}],"inLanguage":"fr-FR"},{"@type":"Organization","@id":"https:\/\/lasentinelle.dz\/#organization","name":"Quotidien La Sentinelle","url":"https:\/\/lasentinelle.dz\/","logo":{"@type":"ImageObject","inLanguage":"fr-FR","@id":"https:\/\/lasentinelle.dz\/#\/schema\/logo\/image\/","url":"https:\/\/lasentinelle.dz\/wp-content\/uploads\/2021\/09\/logo-sentinelleSLOGAN-1.png","contentUrl":"https:\/\/lasentinelle.dz\/wp-content\/uploads\/2021\/09\/logo-sentinelleSLOGAN-1.png","width":615,"height":142,"caption":"Quotidien La Sentinelle"},"image":{"@id":"https:\/\/lasentinelle.dz\/#\/schema\/logo\/image\/"},"sameAs":["https:\/\/www.facebook.com\/La-Sentinelle-104059864394773"]},{"@type":"Person","@id":"https:\/\/lasentinelle.dz\/#\/schema\/person\/729ee0024f24e0b8c5ec17232f8e8b41","name":"admin","image":{"@type":"ImageObject","inLanguage":"fr-FR","@id":"https:\/\/secure.gravatar.com\/avatar\/4c81fed838786e9b53f540bf46533e750f5d292099ae3b66cfc6fb1982e29df7?s=96&d=mm&r=g","url":"https:\/\/secure.gravatar.com\/avatar\/4c81fed838786e9b53f540bf46533e750f5d292099ae3b66cfc6fb1982e29df7?s=96&d=mm&r=g","contentUrl":"https:\/\/secure.gravatar.com\/avatar\/4c81fed838786e9b53f540bf46533e750f5d292099ae3b66cfc6fb1982e29df7?s=96&d=mm&r=g","caption":"admin"},"description":"admin","url":"https:\/\/lasentinelle.dz\/author\/admin\/"}]}},"_links":{"self":[{"href":"https:\/\/lasentinelle.dz\/index.php\/wp-json\/wp\/v2\/posts\/63319","targetHints":{"allow":["GET"]}}],"collection":[{"href":"https:\/\/lasentinelle.dz\/index.php\/wp-json\/wp\/v2\/posts"}],"about":[{"href":"https:\/\/lasentinelle.dz\/index.php\/wp-json\/wp\/v2\/types\/post"}],"author":[{"embeddable":true,"href":"https:\/\/lasentinelle.dz\/index.php\/wp-json\/wp\/v2\/users\/6"}],"replies":[{"embeddable":true,"href":"https:\/\/lasentinelle.dz\/index.php\/wp-json\/wp\/v2\/comments?post=63319"}],"version-history":[{"count":2,"href":"https:\/\/lasentinelle.dz\/index.php\/wp-json\/wp\/v2\/posts\/63319\/revisions"}],"predecessor-version":[{"id":63321,"href":"https:\/\/lasentinelle.dz\/index.php\/wp-json\/wp\/v2\/posts\/63319\/revisions\/63321"}],"wp:featuredmedia":[{"embeddable":true,"href":"https:\/\/lasentinelle.dz\/index.php\/wp-json\/wp\/v2\/media\/56566"}],"wp:attachment":[{"href":"https:\/\/lasentinelle.dz\/index.php\/wp-json\/wp\/v2\/media?parent=63319"}],"wp:term":[{"taxonomy":"category","embeddable":true,"href":"https:\/\/lasentinelle.dz\/index.php\/wp-json\/wp\/v2\/categories?post=63319"},{"taxonomy":"post_tag","embeddable":true,"href":"https:\/\/lasentinelle.dz\/index.php\/wp-json\/wp\/v2\/tags?post=63319"}],"curies":[{"name":"wp","href":"https:\/\/api.w.org\/{rel}","templated":true}]}}