{"id":63324,"date":"2025-02-23T13:05:22","date_gmt":"2025-02-23T12:05:22","guid":{"rendered":"https:\/\/lasentinelle.dz\/?p=63324"},"modified":"2025-02-23T13:05:22","modified_gmt":"2025-02-23T12:05:22","slug":"cinema-le-festival-international-du-film-dimadghassen-institutionalise","status":"publish","type":"post","link":"https:\/\/lasentinelle.dz\/index.php\/2025\/02\/23\/cinema-le-festival-international-du-film-dimadghassen-institutionalise\/","title":{"rendered":"Cin\u00e9ma : Le Festival international du film d\u2019Imadghassen institutionalis\u00e9"},"content":{"rendered":"\n<p>Le Festival international \u00ab\u00a0cin\u00e9ma Imedghassen\u00a0\u00bb franchit une nouvelle \u00e9tape dans son d\u00e9veloppement avec son institutionnalisation officielle \u00e0 Batna, consacr\u00e9e par un arr\u00eat\u00e9 minist\u00e9riel publi\u00e9 au Journal officiel. Sign\u00e9 le 28 janvier 2025 par le ministre de la Culture et des Arts, Zouhir Ballalou, cet arr\u00eat\u00e9 s&rsquo;inscrit dans le cadre du d\u00e9cret ex\u00e9cutif n\u00b003-297 du 10 septembre 2003 qui d\u00e9finit les conditions et modalit\u00e9s d&rsquo;organisation des festivals culturels en Alg\u00e9rie. Cette reconnaissance institutionnelle vient couronner le parcours d&rsquo;un \u00e9v\u00e9nement cin\u00e9matographique qui, depuis sa cr\u00e9ation en 2019, s&rsquo;est impos\u00e9 comme un rendez-vous incontournable de la sc\u00e8ne culturelle alg\u00e9rienne. Organis\u00e9 par la coop\u00e9rative culturelle \u00ab\u00a0El Lemssa\u00a0\u00bb sous l&rsquo;\u00e9gide du minist\u00e8re de la Culture et des Arts, le festival tire son nom du majestueux mausol\u00e9e numide Imedghassen, t\u00e9moignage mill\u00e9naire de l&rsquo;histoire de l\u2019Alg\u00e9rie qui ancre profond\u00e9ment l&rsquo;\u00e9v\u00e9nement dans les Aures. La premi\u00e8re \u00e9dition, qui s&rsquo;est tenue en mars 2021, a marqu\u00e9 le d\u00e9but d&rsquo;une aventure culturelle ambitieuse visant \u00e0 dynamiser la sc\u00e8ne cin\u00e9matographique locale et nationale. Le festival se distingue par sa double vocation de comp\u00e9tition et de formation, offrant aux professionnels du 7e Art une plateforme d&rsquo;expression et d&rsquo;\u00e9change, tout en contribuant au d\u00e9veloppement des comp\u00e9tences dans le secteur. Les ateliers de formation constituent un pilier essentiel de la manifestation, couvrant des domaines cl\u00e9s tels que la r\u00e9alisation de courts-m\u00e9trages, l&rsquo;\u00e9criture de sc\u00e9narios et le jeu d&rsquo;acteur. Ces sessions sont anim\u00e9es par des artistes sp\u00e9cialis\u00e9s qui partagent leur expertise avec les participants. La programmation du festival ne se limite pas \u00e0 la comp\u00e9tition officielle, puisqu&rsquo;elle propose \u00e9galement, hors comp\u00e9tition, la projection de quatre longs-m\u00e9trages, permettant ainsi au public de d\u00e9couvrir des \u0153uvres cin\u00e9matographiques diverses. Au-del\u00e0 de sa dimension artistique, le Festival international \u00ab\u00a0cin\u00e9ma Imedghassen\u00a0\u00bb joue un r\u00f4le important dans la promotion du patrimoine culturel et naturel de la r\u00e9gion des Aur\u00e8s. Les participants et invit\u00e9s, qu&rsquo;ils viennent de Batna, d&rsquo;autres r\u00e9gions d&rsquo;Alg\u00e9rie ou de l&rsquo;\u00e9tranger, ont l&rsquo;opportunit\u00e9 de d\u00e9couvrir les richesses arch\u00e9ologiques et paysag\u00e8res de cette r\u00e9gion historique \u00e0 travers des excursions organis\u00e9es. Cette approche holistique, m\u00ealant cin\u00e9ma, formation et tourisme culturel, fait du festival un v\u00e9ritable catalyseur pour le d\u00e9veloppement culturel et \u00e9conomique de la r\u00e9gion. Son institutionnalisation marque une \u00e9tape d\u00e9cisive dans la p\u00e9rennisation de cet \u00e9v\u00e9nement qui contribue \u00e0 la relance de la vie culturelle alg\u00e9rienne tout en renfor\u00e7ant les liens internationaux dans le domaine du cin\u00e9ma.<\/p>\n\n\n\n<p><strong>M.S.<\/strong><\/p>\n","protected":false},"excerpt":{"rendered":"<p>Le Festival international \u00ab\u00a0cin\u00e9ma Imedghassen\u00a0\u00bb franchit une nouvelle \u00e9tape dans son d\u00e9veloppement avec son institutionnalisation officielle \u00e0 Batna, consacr\u00e9e par<\/p>\n","protected":false},"author":6,"featured_media":63325,"comment_status":"open","ping_status":"closed","sticky":false,"template":"","format":"standard","meta":{"colormag_page_container_layout":"default_layout","colormag_page_sidebar_layout":"default_layout","om_disable_all_campaigns":false,"_monsterinsights_skip_tracking":false,"_monsterinsights_sitenote_active":false,"_monsterinsights_sitenote_note":"","_monsterinsights_sitenote_category":0,"footnotes":"","_wpscppro_dont_share_socialmedia":false,"_wpscppro_custom_social_share_image":0,"_facebook_share_type":"default","_twitter_share_type":"default","_linkedin_share_type":"default","_pinterest_share_type":"default","_linkedin_share_type_page":"","_instagram_share_type":"default","_medium_share_type":"default","_threads_share_type":"","_google_business_share_type":"","_selected_social_profile":[],"_wpsp_enable_custom_social_template":false,"_wpsp_social_scheduling":{"enabled":false,"datetime":null,"platforms":[],"status":"template_only","dateOption":"today","timeOption":"now","customDays":"","customHours":"","customDate":"","customTime":"","schedulingType":"absolute"},"_wpsp_active_default_template":true},"categories":[36],"tags":[],"class_list":["post-63324","post","type-post","status-publish","format-standard","has-post-thumbnail","hentry","category-culture"],"aioseo_notices":[],"yoast_head":"<!-- This site is optimized with the Yoast SEO plugin v27.5 - https:\/\/yoast.com\/product\/yoast-seo-wordpress\/ -->\n<title>Cin\u00e9ma : Le Festival international du film d\u2019Imadghassen institutionalis\u00e9 - La Sentinelle<\/title>\n<meta name=\"robots\" content=\"index, follow, max-snippet:-1, max-image-preview:large, max-video-preview:-1\" \/>\n<link rel=\"canonical\" href=\"https:\/\/lasentinelle.dz\/index.php\/2025\/02\/23\/cinema-le-festival-international-du-film-dimadghassen-institutionalise\/\" \/>\n<meta property=\"og:locale\" content=\"fr_FR\" \/>\n<meta property=\"og:type\" content=\"article\" \/>\n<meta property=\"og:title\" content=\"Cin\u00e9ma : Le Festival international du film d\u2019Imadghassen institutionalis\u00e9 - La Sentinelle\" \/>\n<meta property=\"og:description\" content=\"Le Festival international \u00ab\u00a0cin\u00e9ma Imedghassen\u00a0\u00bb franchit une nouvelle \u00e9tape dans son d\u00e9veloppement avec son institutionnalisation officielle \u00e0 Batna, consacr\u00e9e par\" \/>\n<meta property=\"og:url\" content=\"https:\/\/lasentinelle.dz\/index.php\/2025\/02\/23\/cinema-le-festival-international-du-film-dimadghassen-institutionalise\/\" \/>\n<meta property=\"og:site_name\" content=\"La Sentinelle\" \/>\n<meta property=\"article:publisher\" content=\"https:\/\/www.facebook.com\/La-Sentinelle-104059864394773\" \/>\n<meta property=\"article:published_time\" content=\"2025-02-23T12:05:22+00:00\" \/>\n<meta property=\"og:image\" content=\"https:\/\/lasentinelle.dz\/wp-content\/uploads\/2025\/02\/Imedghassen.jpeg\" \/>\n\t<meta property=\"og:image:width\" content=\"1080\" \/>\n\t<meta property=\"og:image:height\" content=\"646\" \/>\n\t<meta property=\"og:image:type\" content=\"image\/jpeg\" \/>\n<meta name=\"author\" content=\"admin\" \/>\n<meta name=\"twitter:card\" content=\"summary_large_image\" \/>\n<meta name=\"twitter:label1\" content=\"\u00c9crit par\" \/>\n\t<meta name=\"twitter:data1\" content=\"admin\" \/>\n\t<meta name=\"twitter:label2\" content=\"Dur\u00e9e de lecture estim\u00e9e\" \/>\n\t<meta name=\"twitter:data2\" content=\"3 minutes\" \/>\n<script type=\"application\/ld+json\" class=\"yoast-schema-graph\">{\"@context\":\"https:\\\/\\\/schema.org\",\"@graph\":[{\"@type\":\"Article\",\"@id\":\"https:\\\/\\\/lasentinelle.dz\\\/index.php\\\/2025\\\/02\\\/23\\\/cinema-le-festival-international-du-film-dimadghassen-institutionalise\\\/#article\",\"isPartOf\":{\"@id\":\"https:\\\/\\\/lasentinelle.dz\\\/index.php\\\/2025\\\/02\\\/23\\\/cinema-le-festival-international-du-film-dimadghassen-institutionalise\\\/\"},\"author\":{\"name\":\"admin\",\"@id\":\"https:\\\/\\\/lasentinelle.dz\\\/#\\\/schema\\\/person\\\/729ee0024f24e0b8c5ec17232f8e8b41\"},\"headline\":\"Cin\u00e9ma : Le Festival international du film d\u2019Imadghassen institutionalis\u00e9\",\"datePublished\":\"2025-02-23T12:05:22+00:00\",\"mainEntityOfPage\":{\"@id\":\"https:\\\/\\\/lasentinelle.dz\\\/index.php\\\/2025\\\/02\\\/23\\\/cinema-le-festival-international-du-film-dimadghassen-institutionalise\\\/\"},\"wordCount\":475,\"commentCount\":0,\"publisher\":{\"@id\":\"https:\\\/\\\/lasentinelle.dz\\\/#organization\"},\"image\":{\"@id\":\"https:\\\/\\\/lasentinelle.dz\\\/index.php\\\/2025\\\/02\\\/23\\\/cinema-le-festival-international-du-film-dimadghassen-institutionalise\\\/#primaryimage\"},\"thumbnailUrl\":\"https:\\\/\\\/lasentinelle.dz\\\/wp-content\\\/uploads\\\/2025\\\/02\\\/Imedghassen.jpeg\",\"articleSection\":[\"Culture\"],\"inLanguage\":\"fr-FR\",\"potentialAction\":[{\"@type\":\"CommentAction\",\"name\":\"Comment\",\"target\":[\"https:\\\/\\\/lasentinelle.dz\\\/index.php\\\/2025\\\/02\\\/23\\\/cinema-le-festival-international-du-film-dimadghassen-institutionalise\\\/#respond\"]}]},{\"@type\":\"WebPage\",\"@id\":\"https:\\\/\\\/lasentinelle.dz\\\/index.php\\\/2025\\\/02\\\/23\\\/cinema-le-festival-international-du-film-dimadghassen-institutionalise\\\/\",\"url\":\"https:\\\/\\\/lasentinelle.dz\\\/index.php\\\/2025\\\/02\\\/23\\\/cinema-le-festival-international-du-film-dimadghassen-institutionalise\\\/\",\"name\":\"Cin\u00e9ma : Le Festival international du film d\u2019Imadghassen institutionalis\u00e9 - La Sentinelle\",\"isPartOf\":{\"@id\":\"https:\\\/\\\/lasentinelle.dz\\\/#website\"},\"primaryImageOfPage\":{\"@id\":\"https:\\\/\\\/lasentinelle.dz\\\/index.php\\\/2025\\\/02\\\/23\\\/cinema-le-festival-international-du-film-dimadghassen-institutionalise\\\/#primaryimage\"},\"image\":{\"@id\":\"https:\\\/\\\/lasentinelle.dz\\\/index.php\\\/2025\\\/02\\\/23\\\/cinema-le-festival-international-du-film-dimadghassen-institutionalise\\\/#primaryimage\"},\"thumbnailUrl\":\"https:\\\/\\\/lasentinelle.dz\\\/wp-content\\\/uploads\\\/2025\\\/02\\\/Imedghassen.jpeg\",\"datePublished\":\"2025-02-23T12:05:22+00:00\",\"breadcrumb\":{\"@id\":\"https:\\\/\\\/lasentinelle.dz\\\/index.php\\\/2025\\\/02\\\/23\\\/cinema-le-festival-international-du-film-dimadghassen-institutionalise\\\/#breadcrumb\"},\"inLanguage\":\"fr-FR\",\"potentialAction\":[{\"@type\":\"ReadAction\",\"target\":[\"https:\\\/\\\/lasentinelle.dz\\\/index.php\\\/2025\\\/02\\\/23\\\/cinema-le-festival-international-du-film-dimadghassen-institutionalise\\\/\"]}]},{\"@type\":\"ImageObject\",\"inLanguage\":\"fr-FR\",\"@id\":\"https:\\\/\\\/lasentinelle.dz\\\/index.php\\\/2025\\\/02\\\/23\\\/cinema-le-festival-international-du-film-dimadghassen-institutionalise\\\/#primaryimage\",\"url\":\"https:\\\/\\\/lasentinelle.dz\\\/wp-content\\\/uploads\\\/2025\\\/02\\\/Imedghassen.jpeg\",\"contentUrl\":\"https:\\\/\\\/lasentinelle.dz\\\/wp-content\\\/uploads\\\/2025\\\/02\\\/Imedghassen.jpeg\",\"width\":1080,\"height\":646},{\"@type\":\"BreadcrumbList\",\"@id\":\"https:\\\/\\\/lasentinelle.dz\\\/index.php\\\/2025\\\/02\\\/23\\\/cinema-le-festival-international-du-film-dimadghassen-institutionalise\\\/#breadcrumb\",\"itemListElement\":[{\"@type\":\"ListItem\",\"position\":1,\"name\":\"Accueil\",\"item\":\"https:\\\/\\\/lasentinelle.dz\\\/\"},{\"@type\":\"ListItem\",\"position\":2,\"name\":\"Cin\u00e9ma : Le Festival international du film d\u2019Imadghassen institutionalis\u00e9\"}]},{\"@type\":\"WebSite\",\"@id\":\"https:\\\/\\\/lasentinelle.dz\\\/#website\",\"url\":\"https:\\\/\\\/lasentinelle.dz\\\/\",\"name\":\"La Sentinelle\",\"description\":\"Quotidien national d&#039;information\",\"publisher\":{\"@id\":\"https:\\\/\\\/lasentinelle.dz\\\/#organization\"},\"potentialAction\":[{\"@type\":\"SearchAction\",\"target\":{\"@type\":\"EntryPoint\",\"urlTemplate\":\"https:\\\/\\\/lasentinelle.dz\\\/?s={search_term_string}\"},\"query-input\":{\"@type\":\"PropertyValueSpecification\",\"valueRequired\":true,\"valueName\":\"search_term_string\"}}],\"inLanguage\":\"fr-FR\"},{\"@type\":\"Organization\",\"@id\":\"https:\\\/\\\/lasentinelle.dz\\\/#organization\",\"name\":\"Quotidien La Sentinelle\",\"url\":\"https:\\\/\\\/lasentinelle.dz\\\/\",\"logo\":{\"@type\":\"ImageObject\",\"inLanguage\":\"fr-FR\",\"@id\":\"https:\\\/\\\/lasentinelle.dz\\\/#\\\/schema\\\/logo\\\/image\\\/\",\"url\":\"https:\\\/\\\/lasentinelle.dz\\\/wp-content\\\/uploads\\\/2021\\\/09\\\/logo-sentinelleSLOGAN-1.png\",\"contentUrl\":\"https:\\\/\\\/lasentinelle.dz\\\/wp-content\\\/uploads\\\/2021\\\/09\\\/logo-sentinelleSLOGAN-1.png\",\"width\":615,\"height\":142,\"caption\":\"Quotidien La Sentinelle\"},\"image\":{\"@id\":\"https:\\\/\\\/lasentinelle.dz\\\/#\\\/schema\\\/logo\\\/image\\\/\"},\"sameAs\":[\"https:\\\/\\\/www.facebook.com\\\/La-Sentinelle-104059864394773\"]},{\"@type\":\"Person\",\"@id\":\"https:\\\/\\\/lasentinelle.dz\\\/#\\\/schema\\\/person\\\/729ee0024f24e0b8c5ec17232f8e8b41\",\"name\":\"admin\",\"image\":{\"@type\":\"ImageObject\",\"inLanguage\":\"fr-FR\",\"@id\":\"https:\\\/\\\/secure.gravatar.com\\\/avatar\\\/4c81fed838786e9b53f540bf46533e750f5d292099ae3b66cfc6fb1982e29df7?s=96&d=mm&r=g\",\"url\":\"https:\\\/\\\/secure.gravatar.com\\\/avatar\\\/4c81fed838786e9b53f540bf46533e750f5d292099ae3b66cfc6fb1982e29df7?s=96&d=mm&r=g\",\"contentUrl\":\"https:\\\/\\\/secure.gravatar.com\\\/avatar\\\/4c81fed838786e9b53f540bf46533e750f5d292099ae3b66cfc6fb1982e29df7?s=96&d=mm&r=g\",\"caption\":\"admin\"},\"description\":\"admin\",\"url\":\"https:\\\/\\\/lasentinelle.dz\\\/author\\\/admin\\\/\"}]}<\/script>\n<!-- \/ Yoast SEO plugin. -->","yoast_head_json":{"title":"Cin\u00e9ma : Le Festival international du film d\u2019Imadghassen institutionalis\u00e9 - La Sentinelle","robots":{"index":"index","follow":"follow","max-snippet":"max-snippet:-1","max-image-preview":"max-image-preview:large","max-video-preview":"max-video-preview:-1"},"canonical":"https:\/\/lasentinelle.dz\/index.php\/2025\/02\/23\/cinema-le-festival-international-du-film-dimadghassen-institutionalise\/","og_locale":"fr_FR","og_type":"article","og_title":"Cin\u00e9ma : Le Festival international du film d\u2019Imadghassen institutionalis\u00e9 - La Sentinelle","og_description":"Le Festival international \u00ab\u00a0cin\u00e9ma Imedghassen\u00a0\u00bb franchit une nouvelle \u00e9tape dans son d\u00e9veloppement avec son institutionnalisation officielle \u00e0 Batna, consacr\u00e9e par","og_url":"https:\/\/lasentinelle.dz\/index.php\/2025\/02\/23\/cinema-le-festival-international-du-film-dimadghassen-institutionalise\/","og_site_name":"La Sentinelle","article_publisher":"https:\/\/www.facebook.com\/La-Sentinelle-104059864394773","article_published_time":"2025-02-23T12:05:22+00:00","og_image":[{"width":1080,"height":646,"url":"https:\/\/lasentinelle.dz\/wp-content\/uploads\/2025\/02\/Imedghassen.jpeg","type":"image\/jpeg"}],"author":"admin","twitter_card":"summary_large_image","twitter_misc":{"\u00c9crit par":"admin","Dur\u00e9e de lecture estim\u00e9e":"3 minutes"},"schema":{"@context":"https:\/\/schema.org","@graph":[{"@type":"Article","@id":"https:\/\/lasentinelle.dz\/index.php\/2025\/02\/23\/cinema-le-festival-international-du-film-dimadghassen-institutionalise\/#article","isPartOf":{"@id":"https:\/\/lasentinelle.dz\/index.php\/2025\/02\/23\/cinema-le-festival-international-du-film-dimadghassen-institutionalise\/"},"author":{"name":"admin","@id":"https:\/\/lasentinelle.dz\/#\/schema\/person\/729ee0024f24e0b8c5ec17232f8e8b41"},"headline":"Cin\u00e9ma : Le Festival international du film d\u2019Imadghassen institutionalis\u00e9","datePublished":"2025-02-23T12:05:22+00:00","mainEntityOfPage":{"@id":"https:\/\/lasentinelle.dz\/index.php\/2025\/02\/23\/cinema-le-festival-international-du-film-dimadghassen-institutionalise\/"},"wordCount":475,"commentCount":0,"publisher":{"@id":"https:\/\/lasentinelle.dz\/#organization"},"image":{"@id":"https:\/\/lasentinelle.dz\/index.php\/2025\/02\/23\/cinema-le-festival-international-du-film-dimadghassen-institutionalise\/#primaryimage"},"thumbnailUrl":"https:\/\/lasentinelle.dz\/wp-content\/uploads\/2025\/02\/Imedghassen.jpeg","articleSection":["Culture"],"inLanguage":"fr-FR","potentialAction":[{"@type":"CommentAction","name":"Comment","target":["https:\/\/lasentinelle.dz\/index.php\/2025\/02\/23\/cinema-le-festival-international-du-film-dimadghassen-institutionalise\/#respond"]}]},{"@type":"WebPage","@id":"https:\/\/lasentinelle.dz\/index.php\/2025\/02\/23\/cinema-le-festival-international-du-film-dimadghassen-institutionalise\/","url":"https:\/\/lasentinelle.dz\/index.php\/2025\/02\/23\/cinema-le-festival-international-du-film-dimadghassen-institutionalise\/","name":"Cin\u00e9ma : Le Festival international du film d\u2019Imadghassen institutionalis\u00e9 - La Sentinelle","isPartOf":{"@id":"https:\/\/lasentinelle.dz\/#website"},"primaryImageOfPage":{"@id":"https:\/\/lasentinelle.dz\/index.php\/2025\/02\/23\/cinema-le-festival-international-du-film-dimadghassen-institutionalise\/#primaryimage"},"image":{"@id":"https:\/\/lasentinelle.dz\/index.php\/2025\/02\/23\/cinema-le-festival-international-du-film-dimadghassen-institutionalise\/#primaryimage"},"thumbnailUrl":"https:\/\/lasentinelle.dz\/wp-content\/uploads\/2025\/02\/Imedghassen.jpeg","datePublished":"2025-02-23T12:05:22+00:00","breadcrumb":{"@id":"https:\/\/lasentinelle.dz\/index.php\/2025\/02\/23\/cinema-le-festival-international-du-film-dimadghassen-institutionalise\/#breadcrumb"},"inLanguage":"fr-FR","potentialAction":[{"@type":"ReadAction","target":["https:\/\/lasentinelle.dz\/index.php\/2025\/02\/23\/cinema-le-festival-international-du-film-dimadghassen-institutionalise\/"]}]},{"@type":"ImageObject","inLanguage":"fr-FR","@id":"https:\/\/lasentinelle.dz\/index.php\/2025\/02\/23\/cinema-le-festival-international-du-film-dimadghassen-institutionalise\/#primaryimage","url":"https:\/\/lasentinelle.dz\/wp-content\/uploads\/2025\/02\/Imedghassen.jpeg","contentUrl":"https:\/\/lasentinelle.dz\/wp-content\/uploads\/2025\/02\/Imedghassen.jpeg","width":1080,"height":646},{"@type":"BreadcrumbList","@id":"https:\/\/lasentinelle.dz\/index.php\/2025\/02\/23\/cinema-le-festival-international-du-film-dimadghassen-institutionalise\/#breadcrumb","itemListElement":[{"@type":"ListItem","position":1,"name":"Accueil","item":"https:\/\/lasentinelle.dz\/"},{"@type":"ListItem","position":2,"name":"Cin\u00e9ma : Le Festival international du film d\u2019Imadghassen institutionalis\u00e9"}]},{"@type":"WebSite","@id":"https:\/\/lasentinelle.dz\/#website","url":"https:\/\/lasentinelle.dz\/","name":"La Sentinelle","description":"Quotidien national d&#039;information","publisher":{"@id":"https:\/\/lasentinelle.dz\/#organization"},"potentialAction":[{"@type":"SearchAction","target":{"@type":"EntryPoint","urlTemplate":"https:\/\/lasentinelle.dz\/?s={search_term_string}"},"query-input":{"@type":"PropertyValueSpecification","valueRequired":true,"valueName":"search_term_string"}}],"inLanguage":"fr-FR"},{"@type":"Organization","@id":"https:\/\/lasentinelle.dz\/#organization","name":"Quotidien La Sentinelle","url":"https:\/\/lasentinelle.dz\/","logo":{"@type":"ImageObject","inLanguage":"fr-FR","@id":"https:\/\/lasentinelle.dz\/#\/schema\/logo\/image\/","url":"https:\/\/lasentinelle.dz\/wp-content\/uploads\/2021\/09\/logo-sentinelleSLOGAN-1.png","contentUrl":"https:\/\/lasentinelle.dz\/wp-content\/uploads\/2021\/09\/logo-sentinelleSLOGAN-1.png","width":615,"height":142,"caption":"Quotidien La Sentinelle"},"image":{"@id":"https:\/\/lasentinelle.dz\/#\/schema\/logo\/image\/"},"sameAs":["https:\/\/www.facebook.com\/La-Sentinelle-104059864394773"]},{"@type":"Person","@id":"https:\/\/lasentinelle.dz\/#\/schema\/person\/729ee0024f24e0b8c5ec17232f8e8b41","name":"admin","image":{"@type":"ImageObject","inLanguage":"fr-FR","@id":"https:\/\/secure.gravatar.com\/avatar\/4c81fed838786e9b53f540bf46533e750f5d292099ae3b66cfc6fb1982e29df7?s=96&d=mm&r=g","url":"https:\/\/secure.gravatar.com\/avatar\/4c81fed838786e9b53f540bf46533e750f5d292099ae3b66cfc6fb1982e29df7?s=96&d=mm&r=g","contentUrl":"https:\/\/secure.gravatar.com\/avatar\/4c81fed838786e9b53f540bf46533e750f5d292099ae3b66cfc6fb1982e29df7?s=96&d=mm&r=g","caption":"admin"},"description":"admin","url":"https:\/\/lasentinelle.dz\/author\/admin\/"}]}},"_links":{"self":[{"href":"https:\/\/lasentinelle.dz\/index.php\/wp-json\/wp\/v2\/posts\/63324","targetHints":{"allow":["GET"]}}],"collection":[{"href":"https:\/\/lasentinelle.dz\/index.php\/wp-json\/wp\/v2\/posts"}],"about":[{"href":"https:\/\/lasentinelle.dz\/index.php\/wp-json\/wp\/v2\/types\/post"}],"author":[{"embeddable":true,"href":"https:\/\/lasentinelle.dz\/index.php\/wp-json\/wp\/v2\/users\/6"}],"replies":[{"embeddable":true,"href":"https:\/\/lasentinelle.dz\/index.php\/wp-json\/wp\/v2\/comments?post=63324"}],"version-history":[{"count":1,"href":"https:\/\/lasentinelle.dz\/index.php\/wp-json\/wp\/v2\/posts\/63324\/revisions"}],"predecessor-version":[{"id":63326,"href":"https:\/\/lasentinelle.dz\/index.php\/wp-json\/wp\/v2\/posts\/63324\/revisions\/63326"}],"wp:featuredmedia":[{"embeddable":true,"href":"https:\/\/lasentinelle.dz\/index.php\/wp-json\/wp\/v2\/media\/63325"}],"wp:attachment":[{"href":"https:\/\/lasentinelle.dz\/index.php\/wp-json\/wp\/v2\/media?parent=63324"}],"wp:term":[{"taxonomy":"category","embeddable":true,"href":"https:\/\/lasentinelle.dz\/index.php\/wp-json\/wp\/v2\/categories?post=63324"},{"taxonomy":"post_tag","embeddable":true,"href":"https:\/\/lasentinelle.dz\/index.php\/wp-json\/wp\/v2\/tags?post=63324"}],"curies":[{"name":"wp","href":"https:\/\/api.w.org\/{rel}","templated":true}]}}