{"id":63343,"date":"2025-02-23T13:11:11","date_gmt":"2025-02-23T12:11:11","guid":{"rendered":"https:\/\/lasentinelle.dz\/?p=63343"},"modified":"2025-02-23T13:11:12","modified_gmt":"2025-02-23T12:11:12","slug":"industrie-automobile-vers-la-creation-dun-reseau-de-sous-traitance","status":"publish","type":"post","link":"https:\/\/lasentinelle.dz\/index.php\/2025\/02\/23\/industrie-automobile-vers-la-creation-dun-reseau-de-sous-traitance\/","title":{"rendered":"Industrie automobile : Vers la cr\u00e9ation d&rsquo;un r\u00e9seau de sous-traitance"},"content":{"rendered":"\n<p>L&rsquo;objectif principal de cette mise en r\u00e9seau est d&rsquo;augmenter le taux d&rsquo;int\u00e9gration nationale dans la production automobile et de cr\u00e9er une dynamique favorable \u00e0 l&rsquo;investissement industriel.<\/p>\n\n\n\n<p>Le ministre de l\u2019Industrie, Dr. Sifi Ghrieb, a annonc\u00e9 hier lors d&rsquo;une r\u00e9union avec les acteurs du secteur, tenue au si\u00e8ge de son d\u00e9partement, la cr\u00e9ation d&rsquo;un r\u00e9seau national de fabrication de pi\u00e8ces de rechange pour v\u00e9hicules. Cette initiative vise \u00e0 r\u00e9unir l&rsquo;ensemble des producteurs locaux afin de structurer et d\u00e9velopper cette industrie essentielle \u00e0 l&rsquo;\u00e9mergence d&rsquo;une fili\u00e8re automobile comp\u00e9titive en Alg\u00e9rie. L&rsquo;objectif principal de cette mise en r\u00e9seau est d&rsquo;augmenter le taux d&rsquo;int\u00e9gration nationale dans la production automobile et de cr\u00e9er une dynamique favorable \u00e0 l&rsquo;investissement industriel. Dans un premier temps, il s&rsquo;agit de recenser tous les producteurs nationaux impliqu\u00e9s dans la fabrication de pi\u00e8ces destin\u00e9es au march\u00e9 automobile. Une cartographie nationale du tissu industriel concern\u00e9 sera \u00e9tablie pour structurer cette nouvelle organisation selon deux axes principaux : d&rsquo;une part, les sp\u00e9cifications techniques des pi\u00e8ces et, d&rsquo;autre part, la structuration organisationnelle du r\u00e9seau pour assurer une meilleure coordination entre ses membres.<\/p>\n\n\n\n<p>Parmi les priorit\u00e9s imm\u00e9diates, la question de l&rsquo;homologation et de la certification des pi\u00e8ces produites occupe une place centrale. Il est indispensable de garantir la conformit\u00e9 des composants aux exigences des constructeurs automobiles pr\u00e9sents ou futurs en Alg\u00e9rie, a soulign\u00e9 dans ce sens le ministre. Pour ce faire, les autorit\u00e9s comptent s&rsquo;appuyer sur des organismes nationaux et internationaux de certification, ainsi que sur des expertises locales et \u00e9trang\u00e8res. Le ministre a insist\u00e9 sur le fait que cette initiative s&rsquo;inscrit dans la strat\u00e9gie globale du gouvernement visant \u00e0 encourager l&rsquo;investissement industriel et \u00e0 structurer les activit\u00e9s de sous-traitance, notamment celles li\u00e9es \u00e0 la production de pi\u00e8ces de rechange.<\/p>\n\n\n\n<p>En vue de faciliter l&rsquo;\u00e9mergence de cette nouvelle dynamique industrielle, le minist\u00e8re de l&rsquo;Industrie mettra en place un \u00ab\u00a0bureau vert\u00a0\u00bb au sein de son administration. Ce dispositif aura pour mission d&rsquo;accompagner les entreprises du secteur et d&rsquo;assurer un traitement rapide des projets industriels structurants. Cette mesure vise \u00e0 lever les obstacles administratifs et \u00e0 acc\u00e9l\u00e9rer le d\u00e9veloppement de l&rsquo;industrie automobile locale. Le ministre a soulign\u00e9 que le d\u00e9veloppement de la production de pi\u00e8ces d\u00e9tach\u00e9es constitue un pr\u00e9alable indispensable \u00e0 la consolidation d&rsquo;une v\u00e9ritable industrie automobile en Alg\u00e9rie. Notons que cette r\u00e9union s\u2019est tenue en pr\u00e9sence du ministre de l&rsquo;\u00c9conomie de la connaissance, des Startups et des Micro-entreprises, M. Nourredine Ouadah, ainsi que de plusieurs acteurs \u00e9conomiques et organisations professionnelles li\u00e9es \u00e0 la sous-traitance industrielle et \u00e0 la m\u00e9canique.<\/p>\n\n\n\n<p>Par ailleurs, l&rsquo;engagement des startups et des petites et moyennes entreprises (PME) dans ce projet est vivement encourag\u00e9. Actuellement, plus de 200 PME alg\u00e9riennes sont d\u00e9j\u00e0 capables d&rsquo;approvisionner le secteur automobile dans le cadre de la sous-traitance. Toutefois, elles rencontrent encore de nombreux d\u00e9fis, notamment en mati\u00e8re d&rsquo;acc\u00e8s au financement et de mise \u00e0 niveau technologique. Dans un entretien accord\u00e9 \u00e0 l\u2019APS au mois de septembre dernier, &nbsp;Kamel Agsous, pr\u00e9sident de la Bourse alg\u00e9rienne de la sous-traitance, a soulign\u00e9 que la certification des fabricants leur permettrait de moderniser leurs outils de production et d&rsquo;int\u00e9grer des technologies innovantes afin de r\u00e9pondre aux exigences de qualit\u00e9 et de s\u00e9curit\u00e9 du secteur automobile.<\/p>\n\n\n\n<p>Hormis le moteur, les entreprises de sous-traitance sont en mesure de fournir l&rsquo;ensemble des composants automobiles, qui se chiffrent \u00e0 environ 3 000 \u00e9l\u00e9ments, dans un d\u00e9lai de trois \u00e0 cinq ans, \u00e0 condition de disposer d&rsquo;une strat\u00e9gie industrielle claire et d&rsquo;un cadre incitatif adapt\u00e9, avait alors soulign\u00e9 le pr\u00e9sident de la BAST. Il est donc crucial de disposer d&rsquo;une vision \u00e9clair\u00e9e sur l&rsquo;\u00e9volution du march\u00e9 automobile en Alg\u00e9rie, notamment en ce qui concerne les projets des constructeurs pour les cinq prochaines ann\u00e9es. Certaines PME locales poss\u00e8dent d\u00e9j\u00e0 le savoir-faire et les capacit\u00e9s n\u00e9cessaires pour contribuer activement \u00e0 cette industrie en plein essor, mais elles ont besoin d&rsquo;un accompagnement strat\u00e9gique pour adapter leur offre technique et int\u00e9grer de nouveaux investisseurs dans le secteur selon des crit\u00e8res bien d\u00e9finis., avait-il plaid\u00e9 La cr\u00e9ation d&rsquo;un r\u00e9seau national de sous-traitance automobile constitue donc une \u00e9tape essentielle pour structurer et dynamiser l&rsquo;industrie automobile en Alg\u00e9rie. En favorisant l&rsquo;\u00e9mergence d&rsquo;un \u00e9cosyst\u00e8me industriel int\u00e9gr\u00e9, ce projet ambitionne de renforcer les capacit\u00e9s de production locales, d&rsquo;attirer des investissements et de positionner l&rsquo;Alg\u00e9rie comme un acteur majeur de l&rsquo;industrie automobile sur le continent africain.<\/p>\n\n\n\n<p>Sabrina Aziouez<\/p>\n","protected":false},"excerpt":{"rendered":"<p>L&rsquo;objectif principal de cette mise en r\u00e9seau est d&rsquo;augmenter le taux d&rsquo;int\u00e9gration nationale dans la production automobile et de cr\u00e9er<\/p>\n","protected":false},"author":6,"featured_media":63344,"comment_status":"open","ping_status":"closed","sticky":false,"template":"","format":"standard","meta":{"colormag_page_container_layout":"default_layout","colormag_page_sidebar_layout":"default_layout","om_disable_all_campaigns":false,"_monsterinsights_skip_tracking":false,"_monsterinsights_sitenote_active":false,"_monsterinsights_sitenote_note":"","_monsterinsights_sitenote_category":0,"footnotes":"","_wpscppro_dont_share_socialmedia":false,"_wpscppro_custom_social_share_image":0,"_facebook_share_type":"default","_twitter_share_type":"default","_linkedin_share_type":"default","_pinterest_share_type":"default","_linkedin_share_type_page":"","_instagram_share_type":"default","_medium_share_type":"default","_threads_share_type":"","_google_business_share_type":"","_selected_social_profile":[],"_wpsp_enable_custom_social_template":false,"_wpsp_social_scheduling":{"enabled":false,"datetime":null,"platforms":[],"status":"template_only","dateOption":"today","timeOption":"now","customDays":"","customHours":"","customDate":"","customTime":"","schedulingType":"absolute"},"_wpsp_active_default_template":true},"categories":[52,29],"tags":[],"class_list":["post-63343","post","type-post","status-publish","format-standard","has-post-thumbnail","hentry","category-a-la-une","category-economie"],"aioseo_notices":[],"yoast_head":"<!-- This site is optimized with the Yoast SEO plugin v27.5 - https:\/\/yoast.com\/product\/yoast-seo-wordpress\/ -->\n<title>Industrie automobile : Vers la cr\u00e9ation d&rsquo;un r\u00e9seau de sous-traitance - La Sentinelle<\/title>\n<meta name=\"robots\" content=\"index, follow, max-snippet:-1, max-image-preview:large, max-video-preview:-1\" \/>\n<link rel=\"canonical\" href=\"https:\/\/lasentinelle.dz\/index.php\/2025\/02\/23\/industrie-automobile-vers-la-creation-dun-reseau-de-sous-traitance\/\" \/>\n<meta property=\"og:locale\" content=\"fr_FR\" \/>\n<meta property=\"og:type\" content=\"article\" \/>\n<meta property=\"og:title\" content=\"Industrie automobile : Vers la cr\u00e9ation d&rsquo;un r\u00e9seau de sous-traitance - La Sentinelle\" \/>\n<meta property=\"og:description\" content=\"L&rsquo;objectif principal de cette mise en r\u00e9seau est d&rsquo;augmenter le taux d&rsquo;int\u00e9gration nationale dans la production automobile et de cr\u00e9er\" \/>\n<meta property=\"og:url\" content=\"https:\/\/lasentinelle.dz\/index.php\/2025\/02\/23\/industrie-automobile-vers-la-creation-dun-reseau-de-sous-traitance\/\" \/>\n<meta property=\"og:site_name\" content=\"La Sentinelle\" \/>\n<meta property=\"article:publisher\" content=\"https:\/\/www.facebook.com\/La-Sentinelle-104059864394773\" \/>\n<meta property=\"article:published_time\" content=\"2025-02-23T12:11:11+00:00\" \/>\n<meta property=\"article:modified_time\" content=\"2025-02-23T12:11:12+00:00\" \/>\n<meta property=\"og:image\" content=\"https:\/\/lasentinelle.dz\/wp-content\/uploads\/2025\/02\/reseau.jpeg\" \/>\n\t<meta property=\"og:image:width\" content=\"2048\" \/>\n\t<meta property=\"og:image:height\" content=\"1440\" \/>\n\t<meta property=\"og:image:type\" content=\"image\/jpeg\" \/>\n<meta name=\"author\" content=\"admin\" \/>\n<meta name=\"twitter:card\" content=\"summary_large_image\" \/>\n<meta name=\"twitter:label1\" content=\"\u00c9crit par\" \/>\n\t<meta name=\"twitter:data1\" content=\"admin\" \/>\n\t<meta name=\"twitter:label2\" content=\"Dur\u00e9e de lecture estim\u00e9e\" \/>\n\t<meta name=\"twitter:data2\" content=\"4 minutes\" \/>\n<script type=\"application\/ld+json\" class=\"yoast-schema-graph\">{\"@context\":\"https:\\\/\\\/schema.org\",\"@graph\":[{\"@type\":\"Article\",\"@id\":\"https:\\\/\\\/lasentinelle.dz\\\/index.php\\\/2025\\\/02\\\/23\\\/industrie-automobile-vers-la-creation-dun-reseau-de-sous-traitance\\\/#article\",\"isPartOf\":{\"@id\":\"https:\\\/\\\/lasentinelle.dz\\\/index.php\\\/2025\\\/02\\\/23\\\/industrie-automobile-vers-la-creation-dun-reseau-de-sous-traitance\\\/\"},\"author\":{\"name\":\"admin\",\"@id\":\"https:\\\/\\\/lasentinelle.dz\\\/#\\\/schema\\\/person\\\/729ee0024f24e0b8c5ec17232f8e8b41\"},\"headline\":\"Industrie automobile : Vers la cr\u00e9ation d&rsquo;un r\u00e9seau de sous-traitance\",\"datePublished\":\"2025-02-23T12:11:11+00:00\",\"dateModified\":\"2025-02-23T12:11:12+00:00\",\"mainEntityOfPage\":{\"@id\":\"https:\\\/\\\/lasentinelle.dz\\\/index.php\\\/2025\\\/02\\\/23\\\/industrie-automobile-vers-la-creation-dun-reseau-de-sous-traitance\\\/\"},\"wordCount\":832,\"commentCount\":0,\"publisher\":{\"@id\":\"https:\\\/\\\/lasentinelle.dz\\\/#organization\"},\"image\":{\"@id\":\"https:\\\/\\\/lasentinelle.dz\\\/index.php\\\/2025\\\/02\\\/23\\\/industrie-automobile-vers-la-creation-dun-reseau-de-sous-traitance\\\/#primaryimage\"},\"thumbnailUrl\":\"https:\\\/\\\/lasentinelle.dz\\\/wp-content\\\/uploads\\\/2025\\\/02\\\/reseau.jpeg\",\"articleSection\":[\"\u00c0 la Une\",\"\u00c9conomie\"],\"inLanguage\":\"fr-FR\",\"potentialAction\":[{\"@type\":\"CommentAction\",\"name\":\"Comment\",\"target\":[\"https:\\\/\\\/lasentinelle.dz\\\/index.php\\\/2025\\\/02\\\/23\\\/industrie-automobile-vers-la-creation-dun-reseau-de-sous-traitance\\\/#respond\"]}]},{\"@type\":\"WebPage\",\"@id\":\"https:\\\/\\\/lasentinelle.dz\\\/index.php\\\/2025\\\/02\\\/23\\\/industrie-automobile-vers-la-creation-dun-reseau-de-sous-traitance\\\/\",\"url\":\"https:\\\/\\\/lasentinelle.dz\\\/index.php\\\/2025\\\/02\\\/23\\\/industrie-automobile-vers-la-creation-dun-reseau-de-sous-traitance\\\/\",\"name\":\"Industrie automobile : Vers la cr\u00e9ation d&rsquo;un r\u00e9seau de sous-traitance - La Sentinelle\",\"isPartOf\":{\"@id\":\"https:\\\/\\\/lasentinelle.dz\\\/#website\"},\"primaryImageOfPage\":{\"@id\":\"https:\\\/\\\/lasentinelle.dz\\\/index.php\\\/2025\\\/02\\\/23\\\/industrie-automobile-vers-la-creation-dun-reseau-de-sous-traitance\\\/#primaryimage\"},\"image\":{\"@id\":\"https:\\\/\\\/lasentinelle.dz\\\/index.php\\\/2025\\\/02\\\/23\\\/industrie-automobile-vers-la-creation-dun-reseau-de-sous-traitance\\\/#primaryimage\"},\"thumbnailUrl\":\"https:\\\/\\\/lasentinelle.dz\\\/wp-content\\\/uploads\\\/2025\\\/02\\\/reseau.jpeg\",\"datePublished\":\"2025-02-23T12:11:11+00:00\",\"dateModified\":\"2025-02-23T12:11:12+00:00\",\"breadcrumb\":{\"@id\":\"https:\\\/\\\/lasentinelle.dz\\\/index.php\\\/2025\\\/02\\\/23\\\/industrie-automobile-vers-la-creation-dun-reseau-de-sous-traitance\\\/#breadcrumb\"},\"inLanguage\":\"fr-FR\",\"potentialAction\":[{\"@type\":\"ReadAction\",\"target\":[\"https:\\\/\\\/lasentinelle.dz\\\/index.php\\\/2025\\\/02\\\/23\\\/industrie-automobile-vers-la-creation-dun-reseau-de-sous-traitance\\\/\"]}]},{\"@type\":\"ImageObject\",\"inLanguage\":\"fr-FR\",\"@id\":\"https:\\\/\\\/lasentinelle.dz\\\/index.php\\\/2025\\\/02\\\/23\\\/industrie-automobile-vers-la-creation-dun-reseau-de-sous-traitance\\\/#primaryimage\",\"url\":\"https:\\\/\\\/lasentinelle.dz\\\/wp-content\\\/uploads\\\/2025\\\/02\\\/reseau.jpeg\",\"contentUrl\":\"https:\\\/\\\/lasentinelle.dz\\\/wp-content\\\/uploads\\\/2025\\\/02\\\/reseau.jpeg\",\"width\":2048,\"height\":1440},{\"@type\":\"BreadcrumbList\",\"@id\":\"https:\\\/\\\/lasentinelle.dz\\\/index.php\\\/2025\\\/02\\\/23\\\/industrie-automobile-vers-la-creation-dun-reseau-de-sous-traitance\\\/#breadcrumb\",\"itemListElement\":[{\"@type\":\"ListItem\",\"position\":1,\"name\":\"Accueil\",\"item\":\"https:\\\/\\\/lasentinelle.dz\\\/\"},{\"@type\":\"ListItem\",\"position\":2,\"name\":\"Industrie automobile : Vers la cr\u00e9ation d&rsquo;un r\u00e9seau de sous-traitance\"}]},{\"@type\":\"WebSite\",\"@id\":\"https:\\\/\\\/lasentinelle.dz\\\/#website\",\"url\":\"https:\\\/\\\/lasentinelle.dz\\\/\",\"name\":\"La Sentinelle\",\"description\":\"Quotidien national d&#039;information\",\"publisher\":{\"@id\":\"https:\\\/\\\/lasentinelle.dz\\\/#organization\"},\"potentialAction\":[{\"@type\":\"SearchAction\",\"target\":{\"@type\":\"EntryPoint\",\"urlTemplate\":\"https:\\\/\\\/lasentinelle.dz\\\/?s={search_term_string}\"},\"query-input\":{\"@type\":\"PropertyValueSpecification\",\"valueRequired\":true,\"valueName\":\"search_term_string\"}}],\"inLanguage\":\"fr-FR\"},{\"@type\":\"Organization\",\"@id\":\"https:\\\/\\\/lasentinelle.dz\\\/#organization\",\"name\":\"Quotidien La Sentinelle\",\"url\":\"https:\\\/\\\/lasentinelle.dz\\\/\",\"logo\":{\"@type\":\"ImageObject\",\"inLanguage\":\"fr-FR\",\"@id\":\"https:\\\/\\\/lasentinelle.dz\\\/#\\\/schema\\\/logo\\\/image\\\/\",\"url\":\"https:\\\/\\\/lasentinelle.dz\\\/wp-content\\\/uploads\\\/2021\\\/09\\\/logo-sentinelleSLOGAN-1.png\",\"contentUrl\":\"https:\\\/\\\/lasentinelle.dz\\\/wp-content\\\/uploads\\\/2021\\\/09\\\/logo-sentinelleSLOGAN-1.png\",\"width\":615,\"height\":142,\"caption\":\"Quotidien La Sentinelle\"},\"image\":{\"@id\":\"https:\\\/\\\/lasentinelle.dz\\\/#\\\/schema\\\/logo\\\/image\\\/\"},\"sameAs\":[\"https:\\\/\\\/www.facebook.com\\\/La-Sentinelle-104059864394773\"]},{\"@type\":\"Person\",\"@id\":\"https:\\\/\\\/lasentinelle.dz\\\/#\\\/schema\\\/person\\\/729ee0024f24e0b8c5ec17232f8e8b41\",\"name\":\"admin\",\"image\":{\"@type\":\"ImageObject\",\"inLanguage\":\"fr-FR\",\"@id\":\"https:\\\/\\\/secure.gravatar.com\\\/avatar\\\/4c81fed838786e9b53f540bf46533e750f5d292099ae3b66cfc6fb1982e29df7?s=96&d=mm&r=g\",\"url\":\"https:\\\/\\\/secure.gravatar.com\\\/avatar\\\/4c81fed838786e9b53f540bf46533e750f5d292099ae3b66cfc6fb1982e29df7?s=96&d=mm&r=g\",\"contentUrl\":\"https:\\\/\\\/secure.gravatar.com\\\/avatar\\\/4c81fed838786e9b53f540bf46533e750f5d292099ae3b66cfc6fb1982e29df7?s=96&d=mm&r=g\",\"caption\":\"admin\"},\"description\":\"admin\",\"url\":\"https:\\\/\\\/lasentinelle.dz\\\/author\\\/admin\\\/\"}]}<\/script>\n<!-- \/ Yoast SEO plugin. -->","yoast_head_json":{"title":"Industrie automobile : Vers la cr\u00e9ation d&rsquo;un r\u00e9seau de sous-traitance - La Sentinelle","robots":{"index":"index","follow":"follow","max-snippet":"max-snippet:-1","max-image-preview":"max-image-preview:large","max-video-preview":"max-video-preview:-1"},"canonical":"https:\/\/lasentinelle.dz\/index.php\/2025\/02\/23\/industrie-automobile-vers-la-creation-dun-reseau-de-sous-traitance\/","og_locale":"fr_FR","og_type":"article","og_title":"Industrie automobile : Vers la cr\u00e9ation d&rsquo;un r\u00e9seau de sous-traitance - La Sentinelle","og_description":"L&rsquo;objectif principal de cette mise en r\u00e9seau est d&rsquo;augmenter le taux d&rsquo;int\u00e9gration nationale dans la production automobile et de cr\u00e9er","og_url":"https:\/\/lasentinelle.dz\/index.php\/2025\/02\/23\/industrie-automobile-vers-la-creation-dun-reseau-de-sous-traitance\/","og_site_name":"La Sentinelle","article_publisher":"https:\/\/www.facebook.com\/La-Sentinelle-104059864394773","article_published_time":"2025-02-23T12:11:11+00:00","article_modified_time":"2025-02-23T12:11:12+00:00","og_image":[{"width":2048,"height":1440,"url":"https:\/\/lasentinelle.dz\/wp-content\/uploads\/2025\/02\/reseau.jpeg","type":"image\/jpeg"}],"author":"admin","twitter_card":"summary_large_image","twitter_misc":{"\u00c9crit par":"admin","Dur\u00e9e de lecture estim\u00e9e":"4 minutes"},"schema":{"@context":"https:\/\/schema.org","@graph":[{"@type":"Article","@id":"https:\/\/lasentinelle.dz\/index.php\/2025\/02\/23\/industrie-automobile-vers-la-creation-dun-reseau-de-sous-traitance\/#article","isPartOf":{"@id":"https:\/\/lasentinelle.dz\/index.php\/2025\/02\/23\/industrie-automobile-vers-la-creation-dun-reseau-de-sous-traitance\/"},"author":{"name":"admin","@id":"https:\/\/lasentinelle.dz\/#\/schema\/person\/729ee0024f24e0b8c5ec17232f8e8b41"},"headline":"Industrie automobile : Vers la cr\u00e9ation d&rsquo;un r\u00e9seau de sous-traitance","datePublished":"2025-02-23T12:11:11+00:00","dateModified":"2025-02-23T12:11:12+00:00","mainEntityOfPage":{"@id":"https:\/\/lasentinelle.dz\/index.php\/2025\/02\/23\/industrie-automobile-vers-la-creation-dun-reseau-de-sous-traitance\/"},"wordCount":832,"commentCount":0,"publisher":{"@id":"https:\/\/lasentinelle.dz\/#organization"},"image":{"@id":"https:\/\/lasentinelle.dz\/index.php\/2025\/02\/23\/industrie-automobile-vers-la-creation-dun-reseau-de-sous-traitance\/#primaryimage"},"thumbnailUrl":"https:\/\/lasentinelle.dz\/wp-content\/uploads\/2025\/02\/reseau.jpeg","articleSection":["\u00c0 la Une","\u00c9conomie"],"inLanguage":"fr-FR","potentialAction":[{"@type":"CommentAction","name":"Comment","target":["https:\/\/lasentinelle.dz\/index.php\/2025\/02\/23\/industrie-automobile-vers-la-creation-dun-reseau-de-sous-traitance\/#respond"]}]},{"@type":"WebPage","@id":"https:\/\/lasentinelle.dz\/index.php\/2025\/02\/23\/industrie-automobile-vers-la-creation-dun-reseau-de-sous-traitance\/","url":"https:\/\/lasentinelle.dz\/index.php\/2025\/02\/23\/industrie-automobile-vers-la-creation-dun-reseau-de-sous-traitance\/","name":"Industrie automobile : Vers la cr\u00e9ation d&rsquo;un r\u00e9seau de sous-traitance - La Sentinelle","isPartOf":{"@id":"https:\/\/lasentinelle.dz\/#website"},"primaryImageOfPage":{"@id":"https:\/\/lasentinelle.dz\/index.php\/2025\/02\/23\/industrie-automobile-vers-la-creation-dun-reseau-de-sous-traitance\/#primaryimage"},"image":{"@id":"https:\/\/lasentinelle.dz\/index.php\/2025\/02\/23\/industrie-automobile-vers-la-creation-dun-reseau-de-sous-traitance\/#primaryimage"},"thumbnailUrl":"https:\/\/lasentinelle.dz\/wp-content\/uploads\/2025\/02\/reseau.jpeg","datePublished":"2025-02-23T12:11:11+00:00","dateModified":"2025-02-23T12:11:12+00:00","breadcrumb":{"@id":"https:\/\/lasentinelle.dz\/index.php\/2025\/02\/23\/industrie-automobile-vers-la-creation-dun-reseau-de-sous-traitance\/#breadcrumb"},"inLanguage":"fr-FR","potentialAction":[{"@type":"ReadAction","target":["https:\/\/lasentinelle.dz\/index.php\/2025\/02\/23\/industrie-automobile-vers-la-creation-dun-reseau-de-sous-traitance\/"]}]},{"@type":"ImageObject","inLanguage":"fr-FR","@id":"https:\/\/lasentinelle.dz\/index.php\/2025\/02\/23\/industrie-automobile-vers-la-creation-dun-reseau-de-sous-traitance\/#primaryimage","url":"https:\/\/lasentinelle.dz\/wp-content\/uploads\/2025\/02\/reseau.jpeg","contentUrl":"https:\/\/lasentinelle.dz\/wp-content\/uploads\/2025\/02\/reseau.jpeg","width":2048,"height":1440},{"@type":"BreadcrumbList","@id":"https:\/\/lasentinelle.dz\/index.php\/2025\/02\/23\/industrie-automobile-vers-la-creation-dun-reseau-de-sous-traitance\/#breadcrumb","itemListElement":[{"@type":"ListItem","position":1,"name":"Accueil","item":"https:\/\/lasentinelle.dz\/"},{"@type":"ListItem","position":2,"name":"Industrie automobile : Vers la cr\u00e9ation d&rsquo;un r\u00e9seau de sous-traitance"}]},{"@type":"WebSite","@id":"https:\/\/lasentinelle.dz\/#website","url":"https:\/\/lasentinelle.dz\/","name":"La Sentinelle","description":"Quotidien national d&#039;information","publisher":{"@id":"https:\/\/lasentinelle.dz\/#organization"},"potentialAction":[{"@type":"SearchAction","target":{"@type":"EntryPoint","urlTemplate":"https:\/\/lasentinelle.dz\/?s={search_term_string}"},"query-input":{"@type":"PropertyValueSpecification","valueRequired":true,"valueName":"search_term_string"}}],"inLanguage":"fr-FR"},{"@type":"Organization","@id":"https:\/\/lasentinelle.dz\/#organization","name":"Quotidien La Sentinelle","url":"https:\/\/lasentinelle.dz\/","logo":{"@type":"ImageObject","inLanguage":"fr-FR","@id":"https:\/\/lasentinelle.dz\/#\/schema\/logo\/image\/","url":"https:\/\/lasentinelle.dz\/wp-content\/uploads\/2021\/09\/logo-sentinelleSLOGAN-1.png","contentUrl":"https:\/\/lasentinelle.dz\/wp-content\/uploads\/2021\/09\/logo-sentinelleSLOGAN-1.png","width":615,"height":142,"caption":"Quotidien La Sentinelle"},"image":{"@id":"https:\/\/lasentinelle.dz\/#\/schema\/logo\/image\/"},"sameAs":["https:\/\/www.facebook.com\/La-Sentinelle-104059864394773"]},{"@type":"Person","@id":"https:\/\/lasentinelle.dz\/#\/schema\/person\/729ee0024f24e0b8c5ec17232f8e8b41","name":"admin","image":{"@type":"ImageObject","inLanguage":"fr-FR","@id":"https:\/\/secure.gravatar.com\/avatar\/4c81fed838786e9b53f540bf46533e750f5d292099ae3b66cfc6fb1982e29df7?s=96&d=mm&r=g","url":"https:\/\/secure.gravatar.com\/avatar\/4c81fed838786e9b53f540bf46533e750f5d292099ae3b66cfc6fb1982e29df7?s=96&d=mm&r=g","contentUrl":"https:\/\/secure.gravatar.com\/avatar\/4c81fed838786e9b53f540bf46533e750f5d292099ae3b66cfc6fb1982e29df7?s=96&d=mm&r=g","caption":"admin"},"description":"admin","url":"https:\/\/lasentinelle.dz\/author\/admin\/"}]}},"_links":{"self":[{"href":"https:\/\/lasentinelle.dz\/index.php\/wp-json\/wp\/v2\/posts\/63343","targetHints":{"allow":["GET"]}}],"collection":[{"href":"https:\/\/lasentinelle.dz\/index.php\/wp-json\/wp\/v2\/posts"}],"about":[{"href":"https:\/\/lasentinelle.dz\/index.php\/wp-json\/wp\/v2\/types\/post"}],"author":[{"embeddable":true,"href":"https:\/\/lasentinelle.dz\/index.php\/wp-json\/wp\/v2\/users\/6"}],"replies":[{"embeddable":true,"href":"https:\/\/lasentinelle.dz\/index.php\/wp-json\/wp\/v2\/comments?post=63343"}],"version-history":[{"count":2,"href":"https:\/\/lasentinelle.dz\/index.php\/wp-json\/wp\/v2\/posts\/63343\/revisions"}],"predecessor-version":[{"id":63346,"href":"https:\/\/lasentinelle.dz\/index.php\/wp-json\/wp\/v2\/posts\/63343\/revisions\/63346"}],"wp:featuredmedia":[{"embeddable":true,"href":"https:\/\/lasentinelle.dz\/index.php\/wp-json\/wp\/v2\/media\/63344"}],"wp:attachment":[{"href":"https:\/\/lasentinelle.dz\/index.php\/wp-json\/wp\/v2\/media?parent=63343"}],"wp:term":[{"taxonomy":"category","embeddable":true,"href":"https:\/\/lasentinelle.dz\/index.php\/wp-json\/wp\/v2\/categories?post=63343"},{"taxonomy":"post_tag","embeddable":true,"href":"https:\/\/lasentinelle.dz\/index.php\/wp-json\/wp\/v2\/tags?post=63343"}],"curies":[{"name":"wp","href":"https:\/\/api.w.org\/{rel}","templated":true}]}}