{"id":63353,"date":"2025-02-23T13:13:04","date_gmt":"2025-02-23T12:13:04","guid":{"rendered":"https:\/\/lasentinelle.dz\/?p=63353"},"modified":"2025-02-23T13:13:05","modified_gmt":"2025-02-23T12:13:05","slug":"cafe-vert-importe-le-systeme-de-compensation-revise","status":"publish","type":"post","link":"https:\/\/lasentinelle.dz\/index.php\/2025\/02\/23\/cafe-vert-importe-le-systeme-de-compensation-revise\/","title":{"rendered":"Caf\u00e9 vert import\u00e9: Le syst\u00e8me de compensation r\u00e9vis\u00e9"},"content":{"rendered":"\n<p>Le syst\u00e8me de compensation des prix du caf\u00e9 vert import\u00e9 vient d\u2019\u00eatre r\u00e9vis\u00e9e. Une modification qui s&rsquo;inscrit dans le cadre des efforts continus des pouvoirs publics visant \u00e0 pr\u00e9server le pouvoir d&rsquo;achat des m\u00e9nages, efforts qui se sont d\u00e9j\u00e0 concr\u00e9tis\u00e9s notamment par le plafonnement du prix final de vente du caf\u00e9 \u00e0 250 dinars le paquet de 250 grammes. Cette r\u00e9vision, introduite par un arr\u00eat\u00e9 interminist\u00e9riel publi\u00e9 dans le Journal officiel num\u00e9ro 11 et dat\u00e9 du 16 janvier 2025, apporte des changements significatifs qui tiennent particuli\u00e8rement compte des sp\u00e9cificit\u00e9s de certains acteurs du secteur, notamment les propri\u00e9taires de petits ateliers de torr\u00e9faction. L&rsquo;une des principales innovations de cette r\u00e9forme r\u00e9side dans l&rsquo;instauration d&rsquo;une double tarification, rempla\u00e7ant l&rsquo;ancien syst\u00e8me qui ne pr\u00e9voyait qu&rsquo;un seul tarif. D\u00e9sormais, le dispositif distingue d&rsquo;une part le caf\u00e9 destin\u00e9 \u00e0 la \u00ab\u00a0revente en l&rsquo;\u00e9tat\u00a0\u00bb, avec des prix plafonds fix\u00e9s \u00e0 459,70 DA\/kg pour le caf\u00e9 vert Robusta et 646,74 DA\/kg pour l&rsquo;Arabica, et d&rsquo;autre part les \u00ab\u00a0produits issus du caf\u00e9 vert import\u00e9\u00a0\u00bb, dont les prix plafonds s&rsquo;\u00e9tablissent \u00e0 748,16 DA\/kg pour le caf\u00e9 torr\u00e9fi\u00e9 et\/ou moulu Robusta et 935,20 DA\/kg pour l&rsquo;Arabica. Cette diff\u00e9renciation permet une meilleure prise en compte des r\u00e9alit\u00e9s \u00e9conomiques des diff\u00e9rents acteurs de la fili\u00e8re caf\u00e9. Le m\u00e9canisme de compensation mis en place pr\u00e9voit que l&rsquo;\u00c9tat prenne en charge la diff\u00e9rence entre le prix de revient r\u00e9el et le prix de vente plafond, ce qui permet de maintenir des prix accessibles pour les consommateurs tout en pr\u00e9servant la viabilit\u00e9 \u00e9conomique des op\u00e9rateurs. Une autre innovation majeure de cet arr\u00eat\u00e9 concerne la m\u00e9thode de calcul du prix de revient r\u00e9el du caf\u00e9, qui int\u00e8gre d\u00e9sormais, en plus des frais d&rsquo;exploitation traditionnels (comprenant les prix d&rsquo;importation en devises \u00e9trang\u00e8res et en monnaie nationale, les frais d&rsquo;assurance, de transport et de production), une prise en compte des pertes de mati\u00e8re premi\u00e8re inh\u00e9rentes au processus de transformation. Ces pertes, limit\u00e9es \u00e0 un maximum de 20% du poids du caf\u00e9 lors des op\u00e9rations de torr\u00e9faction et de mouture, repr\u00e9sentent une r\u00e9alit\u00e9 technique importante pour les transformateurs, particuli\u00e8rement les petites structures. Cette r\u00e9forme t\u00e9moigne d&rsquo;une volont\u00e9 des autorit\u00e9s d&rsquo;adapter le cadre r\u00e9glementaire aux r\u00e9alit\u00e9s du terrain tout en maintenant l&rsquo;objectif fondamental de protection du pouvoir d&rsquo;achat des consommateurs. Elle illustre \u00e9galement la recherche d&rsquo;un \u00e9quilibre entre les int\u00e9r\u00eats des diff\u00e9rents acteurs de la fili\u00e8re caf\u00e9, des importateurs aux petits transformateurs, tout en garantissant l&rsquo;accessibilit\u00e9 de ce produit de grande consommation pour la population. Cette \u00e9volution du syst\u00e8me de compensation s&rsquo;inscrit dans une d\u00e9marche plus large de r\u00e9gulation du march\u00e9 national visant \u00e0 assurer la stabilit\u00e9 des prix des produits de premi\u00e8re n\u00e9cessit\u00e9, dont le caf\u00e9 fait partie int\u00e9grante dans les habitudes de consommation des m\u00e9nages.<\/p>\n\n\n\n<p>Lyna Larbi<\/p>\n","protected":false},"excerpt":{"rendered":"<p>Le syst\u00e8me de compensation des prix du caf\u00e9 vert import\u00e9 vient d\u2019\u00eatre r\u00e9vis\u00e9e. Une modification qui s&rsquo;inscrit dans le cadre<\/p>\n","protected":false},"author":6,"featured_media":63354,"comment_status":"open","ping_status":"closed","sticky":false,"template":"","format":"standard","meta":{"colormag_page_container_layout":"default_layout","colormag_page_sidebar_layout":"default_layout","om_disable_all_campaigns":false,"_monsterinsights_skip_tracking":false,"_monsterinsights_sitenote_active":false,"_monsterinsights_sitenote_note":"","_monsterinsights_sitenote_category":0,"footnotes":"","_wpscppro_dont_share_socialmedia":false,"_wpscppro_custom_social_share_image":0,"_facebook_share_type":"default","_twitter_share_type":"default","_linkedin_share_type":"default","_pinterest_share_type":"default","_linkedin_share_type_page":"","_instagram_share_type":"default","_medium_share_type":"default","_threads_share_type":"","_google_business_share_type":"","_selected_social_profile":[],"_wpsp_enable_custom_social_template":false,"_wpsp_social_scheduling":{"enabled":false,"datetime":null,"platforms":[],"status":"template_only","dateOption":"today","timeOption":"now","customDays":"","customHours":"","customDate":"","customTime":"","schedulingType":"absolute"},"_wpsp_active_default_template":true},"categories":[52,27],"tags":[],"class_list":["post-63353","post","type-post","status-publish","format-standard","has-post-thumbnail","hentry","category-a-la-une","category-actualite"],"aioseo_notices":[],"yoast_head":"<!-- This site is optimized with the Yoast SEO plugin v27.5 - https:\/\/yoast.com\/product\/yoast-seo-wordpress\/ -->\n<title>Caf\u00e9 vert import\u00e9: Le syst\u00e8me de compensation r\u00e9vis\u00e9 - La Sentinelle<\/title>\n<meta name=\"robots\" content=\"index, follow, max-snippet:-1, max-image-preview:large, max-video-preview:-1\" \/>\n<link rel=\"canonical\" href=\"https:\/\/lasentinelle.dz\/index.php\/2025\/02\/23\/cafe-vert-importe-le-systeme-de-compensation-revise\/\" \/>\n<meta property=\"og:locale\" content=\"fr_FR\" \/>\n<meta property=\"og:type\" content=\"article\" \/>\n<meta property=\"og:title\" content=\"Caf\u00e9 vert import\u00e9: Le syst\u00e8me de compensation r\u00e9vis\u00e9 - La Sentinelle\" \/>\n<meta property=\"og:description\" content=\"Le syst\u00e8me de compensation des prix du caf\u00e9 vert import\u00e9 vient d\u2019\u00eatre r\u00e9vis\u00e9e. Une modification qui s&rsquo;inscrit dans le cadre\" \/>\n<meta property=\"og:url\" content=\"https:\/\/lasentinelle.dz\/index.php\/2025\/02\/23\/cafe-vert-importe-le-systeme-de-compensation-revise\/\" \/>\n<meta property=\"og:site_name\" content=\"La Sentinelle\" \/>\n<meta property=\"article:publisher\" content=\"https:\/\/www.facebook.com\/La-Sentinelle-104059864394773\" \/>\n<meta property=\"article:published_time\" content=\"2025-02-23T12:13:04+00:00\" \/>\n<meta property=\"article:modified_time\" content=\"2025-02-23T12:13:05+00:00\" \/>\n<meta property=\"og:image\" content=\"https:\/\/lasentinelle.dz\/wp-content\/uploads\/2025\/02\/cafe.jpeg\" \/>\n\t<meta property=\"og:image:width\" content=\"580\" \/>\n\t<meta property=\"og:image:height\" content=\"350\" \/>\n\t<meta property=\"og:image:type\" content=\"image\/jpeg\" \/>\n<meta name=\"author\" content=\"admin\" \/>\n<meta name=\"twitter:card\" content=\"summary_large_image\" \/>\n<meta name=\"twitter:label1\" content=\"\u00c9crit par\" \/>\n\t<meta name=\"twitter:data1\" content=\"admin\" \/>\n\t<meta name=\"twitter:label2\" content=\"Dur\u00e9e de lecture estim\u00e9e\" \/>\n\t<meta name=\"twitter:data2\" content=\"3 minutes\" \/>\n<script type=\"application\/ld+json\" class=\"yoast-schema-graph\">{\"@context\":\"https:\\\/\\\/schema.org\",\"@graph\":[{\"@type\":\"Article\",\"@id\":\"https:\\\/\\\/lasentinelle.dz\\\/index.php\\\/2025\\\/02\\\/23\\\/cafe-vert-importe-le-systeme-de-compensation-revise\\\/#article\",\"isPartOf\":{\"@id\":\"https:\\\/\\\/lasentinelle.dz\\\/index.php\\\/2025\\\/02\\\/23\\\/cafe-vert-importe-le-systeme-de-compensation-revise\\\/\"},\"author\":{\"name\":\"admin\",\"@id\":\"https:\\\/\\\/lasentinelle.dz\\\/#\\\/schema\\\/person\\\/729ee0024f24e0b8c5ec17232f8e8b41\"},\"headline\":\"Caf\u00e9 vert import\u00e9: Le syst\u00e8me de compensation r\u00e9vis\u00e9\",\"datePublished\":\"2025-02-23T12:13:04+00:00\",\"dateModified\":\"2025-02-23T12:13:05+00:00\",\"mainEntityOfPage\":{\"@id\":\"https:\\\/\\\/lasentinelle.dz\\\/index.php\\\/2025\\\/02\\\/23\\\/cafe-vert-importe-le-systeme-de-compensation-revise\\\/\"},\"wordCount\":540,\"commentCount\":0,\"publisher\":{\"@id\":\"https:\\\/\\\/lasentinelle.dz\\\/#organization\"},\"image\":{\"@id\":\"https:\\\/\\\/lasentinelle.dz\\\/index.php\\\/2025\\\/02\\\/23\\\/cafe-vert-importe-le-systeme-de-compensation-revise\\\/#primaryimage\"},\"thumbnailUrl\":\"https:\\\/\\\/lasentinelle.dz\\\/wp-content\\\/uploads\\\/2025\\\/02\\\/cafe.jpeg\",\"articleSection\":[\"\u00c0 la Une\",\"Actualit\u00e9\"],\"inLanguage\":\"fr-FR\",\"potentialAction\":[{\"@type\":\"CommentAction\",\"name\":\"Comment\",\"target\":[\"https:\\\/\\\/lasentinelle.dz\\\/index.php\\\/2025\\\/02\\\/23\\\/cafe-vert-importe-le-systeme-de-compensation-revise\\\/#respond\"]}]},{\"@type\":\"WebPage\",\"@id\":\"https:\\\/\\\/lasentinelle.dz\\\/index.php\\\/2025\\\/02\\\/23\\\/cafe-vert-importe-le-systeme-de-compensation-revise\\\/\",\"url\":\"https:\\\/\\\/lasentinelle.dz\\\/index.php\\\/2025\\\/02\\\/23\\\/cafe-vert-importe-le-systeme-de-compensation-revise\\\/\",\"name\":\"Caf\u00e9 vert import\u00e9: Le syst\u00e8me de compensation r\u00e9vis\u00e9 - La Sentinelle\",\"isPartOf\":{\"@id\":\"https:\\\/\\\/lasentinelle.dz\\\/#website\"},\"primaryImageOfPage\":{\"@id\":\"https:\\\/\\\/lasentinelle.dz\\\/index.php\\\/2025\\\/02\\\/23\\\/cafe-vert-importe-le-systeme-de-compensation-revise\\\/#primaryimage\"},\"image\":{\"@id\":\"https:\\\/\\\/lasentinelle.dz\\\/index.php\\\/2025\\\/02\\\/23\\\/cafe-vert-importe-le-systeme-de-compensation-revise\\\/#primaryimage\"},\"thumbnailUrl\":\"https:\\\/\\\/lasentinelle.dz\\\/wp-content\\\/uploads\\\/2025\\\/02\\\/cafe.jpeg\",\"datePublished\":\"2025-02-23T12:13:04+00:00\",\"dateModified\":\"2025-02-23T12:13:05+00:00\",\"breadcrumb\":{\"@id\":\"https:\\\/\\\/lasentinelle.dz\\\/index.php\\\/2025\\\/02\\\/23\\\/cafe-vert-importe-le-systeme-de-compensation-revise\\\/#breadcrumb\"},\"inLanguage\":\"fr-FR\",\"potentialAction\":[{\"@type\":\"ReadAction\",\"target\":[\"https:\\\/\\\/lasentinelle.dz\\\/index.php\\\/2025\\\/02\\\/23\\\/cafe-vert-importe-le-systeme-de-compensation-revise\\\/\"]}]},{\"@type\":\"ImageObject\",\"inLanguage\":\"fr-FR\",\"@id\":\"https:\\\/\\\/lasentinelle.dz\\\/index.php\\\/2025\\\/02\\\/23\\\/cafe-vert-importe-le-systeme-de-compensation-revise\\\/#primaryimage\",\"url\":\"https:\\\/\\\/lasentinelle.dz\\\/wp-content\\\/uploads\\\/2025\\\/02\\\/cafe.jpeg\",\"contentUrl\":\"https:\\\/\\\/lasentinelle.dz\\\/wp-content\\\/uploads\\\/2025\\\/02\\\/cafe.jpeg\",\"width\":580,\"height\":350},{\"@type\":\"BreadcrumbList\",\"@id\":\"https:\\\/\\\/lasentinelle.dz\\\/index.php\\\/2025\\\/02\\\/23\\\/cafe-vert-importe-le-systeme-de-compensation-revise\\\/#breadcrumb\",\"itemListElement\":[{\"@type\":\"ListItem\",\"position\":1,\"name\":\"Accueil\",\"item\":\"https:\\\/\\\/lasentinelle.dz\\\/\"},{\"@type\":\"ListItem\",\"position\":2,\"name\":\"Caf\u00e9 vert import\u00e9: Le syst\u00e8me de compensation r\u00e9vis\u00e9\"}]},{\"@type\":\"WebSite\",\"@id\":\"https:\\\/\\\/lasentinelle.dz\\\/#website\",\"url\":\"https:\\\/\\\/lasentinelle.dz\\\/\",\"name\":\"La Sentinelle\",\"description\":\"Quotidien national d&#039;information\",\"publisher\":{\"@id\":\"https:\\\/\\\/lasentinelle.dz\\\/#organization\"},\"potentialAction\":[{\"@type\":\"SearchAction\",\"target\":{\"@type\":\"EntryPoint\",\"urlTemplate\":\"https:\\\/\\\/lasentinelle.dz\\\/?s={search_term_string}\"},\"query-input\":{\"@type\":\"PropertyValueSpecification\",\"valueRequired\":true,\"valueName\":\"search_term_string\"}}],\"inLanguage\":\"fr-FR\"},{\"@type\":\"Organization\",\"@id\":\"https:\\\/\\\/lasentinelle.dz\\\/#organization\",\"name\":\"Quotidien La Sentinelle\",\"url\":\"https:\\\/\\\/lasentinelle.dz\\\/\",\"logo\":{\"@type\":\"ImageObject\",\"inLanguage\":\"fr-FR\",\"@id\":\"https:\\\/\\\/lasentinelle.dz\\\/#\\\/schema\\\/logo\\\/image\\\/\",\"url\":\"https:\\\/\\\/lasentinelle.dz\\\/wp-content\\\/uploads\\\/2021\\\/09\\\/logo-sentinelleSLOGAN-1.png\",\"contentUrl\":\"https:\\\/\\\/lasentinelle.dz\\\/wp-content\\\/uploads\\\/2021\\\/09\\\/logo-sentinelleSLOGAN-1.png\",\"width\":615,\"height\":142,\"caption\":\"Quotidien La Sentinelle\"},\"image\":{\"@id\":\"https:\\\/\\\/lasentinelle.dz\\\/#\\\/schema\\\/logo\\\/image\\\/\"},\"sameAs\":[\"https:\\\/\\\/www.facebook.com\\\/La-Sentinelle-104059864394773\"]},{\"@type\":\"Person\",\"@id\":\"https:\\\/\\\/lasentinelle.dz\\\/#\\\/schema\\\/person\\\/729ee0024f24e0b8c5ec17232f8e8b41\",\"name\":\"admin\",\"image\":{\"@type\":\"ImageObject\",\"inLanguage\":\"fr-FR\",\"@id\":\"https:\\\/\\\/secure.gravatar.com\\\/avatar\\\/4c81fed838786e9b53f540bf46533e750f5d292099ae3b66cfc6fb1982e29df7?s=96&d=mm&r=g\",\"url\":\"https:\\\/\\\/secure.gravatar.com\\\/avatar\\\/4c81fed838786e9b53f540bf46533e750f5d292099ae3b66cfc6fb1982e29df7?s=96&d=mm&r=g\",\"contentUrl\":\"https:\\\/\\\/secure.gravatar.com\\\/avatar\\\/4c81fed838786e9b53f540bf46533e750f5d292099ae3b66cfc6fb1982e29df7?s=96&d=mm&r=g\",\"caption\":\"admin\"},\"description\":\"admin\",\"url\":\"https:\\\/\\\/lasentinelle.dz\\\/author\\\/admin\\\/\"}]}<\/script>\n<!-- \/ Yoast SEO plugin. -->","yoast_head_json":{"title":"Caf\u00e9 vert import\u00e9: Le syst\u00e8me de compensation r\u00e9vis\u00e9 - La Sentinelle","robots":{"index":"index","follow":"follow","max-snippet":"max-snippet:-1","max-image-preview":"max-image-preview:large","max-video-preview":"max-video-preview:-1"},"canonical":"https:\/\/lasentinelle.dz\/index.php\/2025\/02\/23\/cafe-vert-importe-le-systeme-de-compensation-revise\/","og_locale":"fr_FR","og_type":"article","og_title":"Caf\u00e9 vert import\u00e9: Le syst\u00e8me de compensation r\u00e9vis\u00e9 - La Sentinelle","og_description":"Le syst\u00e8me de compensation des prix du caf\u00e9 vert import\u00e9 vient d\u2019\u00eatre r\u00e9vis\u00e9e. Une modification qui s&rsquo;inscrit dans le cadre","og_url":"https:\/\/lasentinelle.dz\/index.php\/2025\/02\/23\/cafe-vert-importe-le-systeme-de-compensation-revise\/","og_site_name":"La Sentinelle","article_publisher":"https:\/\/www.facebook.com\/La-Sentinelle-104059864394773","article_published_time":"2025-02-23T12:13:04+00:00","article_modified_time":"2025-02-23T12:13:05+00:00","og_image":[{"width":580,"height":350,"url":"https:\/\/lasentinelle.dz\/wp-content\/uploads\/2025\/02\/cafe.jpeg","type":"image\/jpeg"}],"author":"admin","twitter_card":"summary_large_image","twitter_misc":{"\u00c9crit par":"admin","Dur\u00e9e de lecture estim\u00e9e":"3 minutes"},"schema":{"@context":"https:\/\/schema.org","@graph":[{"@type":"Article","@id":"https:\/\/lasentinelle.dz\/index.php\/2025\/02\/23\/cafe-vert-importe-le-systeme-de-compensation-revise\/#article","isPartOf":{"@id":"https:\/\/lasentinelle.dz\/index.php\/2025\/02\/23\/cafe-vert-importe-le-systeme-de-compensation-revise\/"},"author":{"name":"admin","@id":"https:\/\/lasentinelle.dz\/#\/schema\/person\/729ee0024f24e0b8c5ec17232f8e8b41"},"headline":"Caf\u00e9 vert import\u00e9: Le syst\u00e8me de compensation r\u00e9vis\u00e9","datePublished":"2025-02-23T12:13:04+00:00","dateModified":"2025-02-23T12:13:05+00:00","mainEntityOfPage":{"@id":"https:\/\/lasentinelle.dz\/index.php\/2025\/02\/23\/cafe-vert-importe-le-systeme-de-compensation-revise\/"},"wordCount":540,"commentCount":0,"publisher":{"@id":"https:\/\/lasentinelle.dz\/#organization"},"image":{"@id":"https:\/\/lasentinelle.dz\/index.php\/2025\/02\/23\/cafe-vert-importe-le-systeme-de-compensation-revise\/#primaryimage"},"thumbnailUrl":"https:\/\/lasentinelle.dz\/wp-content\/uploads\/2025\/02\/cafe.jpeg","articleSection":["\u00c0 la Une","Actualit\u00e9"],"inLanguage":"fr-FR","potentialAction":[{"@type":"CommentAction","name":"Comment","target":["https:\/\/lasentinelle.dz\/index.php\/2025\/02\/23\/cafe-vert-importe-le-systeme-de-compensation-revise\/#respond"]}]},{"@type":"WebPage","@id":"https:\/\/lasentinelle.dz\/index.php\/2025\/02\/23\/cafe-vert-importe-le-systeme-de-compensation-revise\/","url":"https:\/\/lasentinelle.dz\/index.php\/2025\/02\/23\/cafe-vert-importe-le-systeme-de-compensation-revise\/","name":"Caf\u00e9 vert import\u00e9: Le syst\u00e8me de compensation r\u00e9vis\u00e9 - La Sentinelle","isPartOf":{"@id":"https:\/\/lasentinelle.dz\/#website"},"primaryImageOfPage":{"@id":"https:\/\/lasentinelle.dz\/index.php\/2025\/02\/23\/cafe-vert-importe-le-systeme-de-compensation-revise\/#primaryimage"},"image":{"@id":"https:\/\/lasentinelle.dz\/index.php\/2025\/02\/23\/cafe-vert-importe-le-systeme-de-compensation-revise\/#primaryimage"},"thumbnailUrl":"https:\/\/lasentinelle.dz\/wp-content\/uploads\/2025\/02\/cafe.jpeg","datePublished":"2025-02-23T12:13:04+00:00","dateModified":"2025-02-23T12:13:05+00:00","breadcrumb":{"@id":"https:\/\/lasentinelle.dz\/index.php\/2025\/02\/23\/cafe-vert-importe-le-systeme-de-compensation-revise\/#breadcrumb"},"inLanguage":"fr-FR","potentialAction":[{"@type":"ReadAction","target":["https:\/\/lasentinelle.dz\/index.php\/2025\/02\/23\/cafe-vert-importe-le-systeme-de-compensation-revise\/"]}]},{"@type":"ImageObject","inLanguage":"fr-FR","@id":"https:\/\/lasentinelle.dz\/index.php\/2025\/02\/23\/cafe-vert-importe-le-systeme-de-compensation-revise\/#primaryimage","url":"https:\/\/lasentinelle.dz\/wp-content\/uploads\/2025\/02\/cafe.jpeg","contentUrl":"https:\/\/lasentinelle.dz\/wp-content\/uploads\/2025\/02\/cafe.jpeg","width":580,"height":350},{"@type":"BreadcrumbList","@id":"https:\/\/lasentinelle.dz\/index.php\/2025\/02\/23\/cafe-vert-importe-le-systeme-de-compensation-revise\/#breadcrumb","itemListElement":[{"@type":"ListItem","position":1,"name":"Accueil","item":"https:\/\/lasentinelle.dz\/"},{"@type":"ListItem","position":2,"name":"Caf\u00e9 vert import\u00e9: Le syst\u00e8me de compensation r\u00e9vis\u00e9"}]},{"@type":"WebSite","@id":"https:\/\/lasentinelle.dz\/#website","url":"https:\/\/lasentinelle.dz\/","name":"La Sentinelle","description":"Quotidien national d&#039;information","publisher":{"@id":"https:\/\/lasentinelle.dz\/#organization"},"potentialAction":[{"@type":"SearchAction","target":{"@type":"EntryPoint","urlTemplate":"https:\/\/lasentinelle.dz\/?s={search_term_string}"},"query-input":{"@type":"PropertyValueSpecification","valueRequired":true,"valueName":"search_term_string"}}],"inLanguage":"fr-FR"},{"@type":"Organization","@id":"https:\/\/lasentinelle.dz\/#organization","name":"Quotidien La Sentinelle","url":"https:\/\/lasentinelle.dz\/","logo":{"@type":"ImageObject","inLanguage":"fr-FR","@id":"https:\/\/lasentinelle.dz\/#\/schema\/logo\/image\/","url":"https:\/\/lasentinelle.dz\/wp-content\/uploads\/2021\/09\/logo-sentinelleSLOGAN-1.png","contentUrl":"https:\/\/lasentinelle.dz\/wp-content\/uploads\/2021\/09\/logo-sentinelleSLOGAN-1.png","width":615,"height":142,"caption":"Quotidien La Sentinelle"},"image":{"@id":"https:\/\/lasentinelle.dz\/#\/schema\/logo\/image\/"},"sameAs":["https:\/\/www.facebook.com\/La-Sentinelle-104059864394773"]},{"@type":"Person","@id":"https:\/\/lasentinelle.dz\/#\/schema\/person\/729ee0024f24e0b8c5ec17232f8e8b41","name":"admin","image":{"@type":"ImageObject","inLanguage":"fr-FR","@id":"https:\/\/secure.gravatar.com\/avatar\/4c81fed838786e9b53f540bf46533e750f5d292099ae3b66cfc6fb1982e29df7?s=96&d=mm&r=g","url":"https:\/\/secure.gravatar.com\/avatar\/4c81fed838786e9b53f540bf46533e750f5d292099ae3b66cfc6fb1982e29df7?s=96&d=mm&r=g","contentUrl":"https:\/\/secure.gravatar.com\/avatar\/4c81fed838786e9b53f540bf46533e750f5d292099ae3b66cfc6fb1982e29df7?s=96&d=mm&r=g","caption":"admin"},"description":"admin","url":"https:\/\/lasentinelle.dz\/author\/admin\/"}]}},"_links":{"self":[{"href":"https:\/\/lasentinelle.dz\/index.php\/wp-json\/wp\/v2\/posts\/63353","targetHints":{"allow":["GET"]}}],"collection":[{"href":"https:\/\/lasentinelle.dz\/index.php\/wp-json\/wp\/v2\/posts"}],"about":[{"href":"https:\/\/lasentinelle.dz\/index.php\/wp-json\/wp\/v2\/types\/post"}],"author":[{"embeddable":true,"href":"https:\/\/lasentinelle.dz\/index.php\/wp-json\/wp\/v2\/users\/6"}],"replies":[{"embeddable":true,"href":"https:\/\/lasentinelle.dz\/index.php\/wp-json\/wp\/v2\/comments?post=63353"}],"version-history":[{"count":1,"href":"https:\/\/lasentinelle.dz\/index.php\/wp-json\/wp\/v2\/posts\/63353\/revisions"}],"predecessor-version":[{"id":63355,"href":"https:\/\/lasentinelle.dz\/index.php\/wp-json\/wp\/v2\/posts\/63353\/revisions\/63355"}],"wp:featuredmedia":[{"embeddable":true,"href":"https:\/\/lasentinelle.dz\/index.php\/wp-json\/wp\/v2\/media\/63354"}],"wp:attachment":[{"href":"https:\/\/lasentinelle.dz\/index.php\/wp-json\/wp\/v2\/media?parent=63353"}],"wp:term":[{"taxonomy":"category","embeddable":true,"href":"https:\/\/lasentinelle.dz\/index.php\/wp-json\/wp\/v2\/categories?post=63353"},{"taxonomy":"post_tag","embeddable":true,"href":"https:\/\/lasentinelle.dz\/index.php\/wp-json\/wp\/v2\/tags?post=63353"}],"curies":[{"name":"wp","href":"https:\/\/api.w.org\/{rel}","templated":true}]}}