{"id":63356,"date":"2025-02-23T13:13:55","date_gmt":"2025-02-23T12:13:55","guid":{"rendered":"https:\/\/lasentinelle.dz\/?p=63356"},"modified":"2025-02-23T13:13:55","modified_gmt":"2025-02-23T12:13:55","slug":"palestine-occupee-escalade-de-violence-sioniste-en-cisjordanie-un-cessez-le-feu-fragile-a-ghaza","status":"publish","type":"post","link":"https:\/\/lasentinelle.dz\/index.php\/2025\/02\/23\/palestine-occupee-escalade-de-violence-sioniste-en-cisjordanie-un-cessez-le-feu-fragile-a-ghaza\/","title":{"rendered":"Palestine occup\u00e9e: Escalade de violence sioniste en Cisjordanie, un cessez-le-feu fragile \u00e0 Ghaza"},"content":{"rendered":"\n<p>L&rsquo;escalade des violences perp\u00e9tr\u00e9es par l&rsquo;entit\u00e9 sioniste en Cisjordanie occup\u00e9e se poursuit de mani\u00e8re alarmante, alors m\u00eame que la situation \u00e0 Ghaza demeure extr\u00eamement pr\u00e9caire sous un cessez-le-feu fragile que l\u2019occupation sioniste s&rsquo;efforce constamment de saboter. Cette strat\u00e9gie d&rsquo;intensification des agressions en Cisjordanie, particuli\u00e8rement visible dans la r\u00e9gion de J\u00e9nine, semble s&rsquo;inscrire dans une logique d\u00e9lib\u00e9r\u00e9e visant \u00e0 maintenir une pression maximale sur la population palestinienne, tout en cr\u00e9ant des obstacles \u00e0 la mise en \u0153uvre effective des accords de cessez-le-feu \u00e0 Ghaza. Les derniers d\u00e9veloppements illustrent de mani\u00e8re frappante cette politique du fait accompli, alors m\u00eame que les organisations internationales multiplient les alertes sur la catastrophe humanitaire en cours. La situation \u00e0 J\u00e9nine est particuli\u00e8rement r\u00e9v\u00e9latrice de cette strat\u00e9gie d&rsquo;escalade. Pour le trente-troisi\u00e8me jour cons\u00e9cutif, les forces d&rsquo;occupation poursuivent leur agression contre la ville et son camp de r\u00e9fugi\u00e9s, dans une d\u00e9monstration de force qui a d\u00e9j\u00e0 fait 27 martyrs et des dizaines de bless\u00e9s. L&rsquo;installation de chambres militaires fortifi\u00e9es et le d\u00e9ploiement massif de bulldozers t\u00e9moignent d&rsquo;une volont\u00e9 d&rsquo;occupation durable du territoire. Les destructions syst\u00e9matiques des infrastructures et des propri\u00e9t\u00e9s palestiniennes ont d\u00e9j\u00e0 provoqu\u00e9 le d\u00e9placement forc\u00e9 d&rsquo;environ 3.000 familles, tandis que les snipers positionn\u00e9s sur les hauteurs maintiennent la population sous une menace constante, restreignant drastiquement leur libert\u00e9 de mouvement. La mort tragique de Rimas Al-Amouri, une fillette de 13 ans abattue devant sa maison, illustre de mani\u00e8re poignante la brutalit\u00e9 de cette occupation qui n\u2019h\u00e9site pas \u00e0 cibler les civils innoncents et particuli\u00e8rement les enfanrs. Les Nations Unies, par la voix du Bureau de la coordination des affaires humanitaires (OCHA), ont exprim\u00e9 leur vive pr\u00e9occupation face \u00e0 ces agressions, les qualifiant comme les plus longues depuis le d\u00e9but des ann\u00e9es 2000. La violence des colons, autre facette de cette politique d&rsquo;expansion et de terreur, se poursuit \u00e9galement sans rel\u00e2che avec une moyenne de cinq incidents quotidiens causant des pertes humaines ou mat\u00e9rielles. Les actions de ces colons, loin d&rsquo;\u00eatre des actes isol\u00e9s, s&rsquo;inscrivent dans une strat\u00e9gie plus large visant \u00e0 rendre impossible la vie des Palestiniens sur leurs terres, comme en t\u00e9moigne la destruction d\u00e9lib\u00e9r\u00e9e des infrastructures agricoles dans le gouvernorat de Tulkarem, privant une douzaine d&rsquo;agriculteurs de leurs moyens de subsistance.<\/p>\n\n\n\n<p>365 enfants croupissent dans les prisons isra\u00e9liennes<\/p>\n\n\n\n<p>Le traitement r\u00e9serv\u00e9 aux enfants palestiniens r\u00e9v\u00e8le \u00e9galement la nature syst\u00e9mique de cette oppression. Plus de 365 enfants croupissent actuellement dans les prisons de l&rsquo;occupation, o\u00f9 ils sont soumis \u00e0 des formes de torture particuli\u00e8rement odieuses, selon Ismail Al-Thawabta, directeur du Bureau des m\u00e9dias de Ghaza. Le fait que ces enfants soient les seuls au monde \u00e0 \u00eatre jug\u00e9s devant des tribunaux militaires constitue une violation flagrante du droit international et des conventions relatives aux droits de l&rsquo;enfant. Pendant ce temps, la situation \u00e0 Ghaza continue de se d\u00e9t\u00e9riorer de mani\u00e8re dramatique. L&rsquo;Organisation internationale pour les migrations (OIM) rapporte que 90% des habitations ont \u00e9t\u00e9 d\u00e9truites, laissant des centaines de milliers de personnes sans abri. Les Palestiniens qui tentent de retourner dans leurs r\u00e9gions ne trouvent que des monceaux de d\u00e9combres, confront\u00e9s \u00e0 des conditions de vie d\u00e9sesp\u00e9r\u00e9es et priv\u00e9s d&rsquo;acc\u00e8s aux services les plus essentiels. La pr\u00e9sidente de l&rsquo;OIM, Amy Pope, d\u00e9crit une situation o\u00f9 les familles luttent quotidiennement pour la survie, construisant des abris de fortune avec les moyens du bord, sans aucune perspective d&rsquo;am\u00e9lioration \u00e0 court terme.<\/p>\n\n\n\n<p><strong>Le nombre total de morts pourrait atteindre 186.000<\/strong><\/p>\n\n\n\n<p>Plus alarmant encore, un rapport m\u00e9dical britannique pr\u00e9voit que les effets \u00e0 long terme de cette guerre g\u00e9nocidaire pourraient quadrupler le nombre de victimes. Les professeurs Ghassan Abu-Sittah et Nizam Mamode, qui ont travaill\u00e9 sur place, estiment que le nombre total de morts pourrait atteindre 186.000, bien au-del\u00e0 des 48.000 martyrs d\u00e9j\u00e0 recens\u00e9s. Cette projection prend en compte non seulement les victimes directes des bombardements, mais aussi les cons\u00e9quences d\u00e9vastatrices de la destruction du syst\u00e8me de sant\u00e9, de la malnutrition g\u00e9n\u00e9ralis\u00e9e et de la propagation des maladies infectieuses. La situation est d&rsquo;autant plus critique que des \u00e9quipes enti\u00e8res de sp\u00e9cialistes m\u00e9dicaux ont \u00e9t\u00e9 \u00e9limin\u00e9es, cr\u00e9ant un vide qui prendra une d\u00e9cennie \u00e0 combler. Dans ce contexte d\u00e9j\u00e0 explosif, le r\u00e9cent retard dans la lib\u00e9ration de prisonniers palestiniens, malgr\u00e9 la lib\u00e9ration de six otages isra\u00e9liens par le Hamas, illustre parfaitement la mauvaise foi des autorit\u00e9s d\u2019occupation sionistes dans l&rsquo;application des accords de cessez-le-feu. Alors que 602 d\u00e9tenus palestiniens devaient \u00eatre lib\u00e9r\u00e9s en contrepartie, les sources isra\u00e9liennes ont annonc\u00e9 un report, d\u00e9montrant une fois de plus leur volont\u00e9 de saper les efforts de paix et de maintenir une politique de tension permanente. Cette politique d&rsquo;escalade multiforme &#8211; destruction syst\u00e9matique des infrastructures, violences des colons, emprisonnement des enfants, obstacles aux accords humanitaires &#8211; r\u00e9v\u00e8le une strat\u00e9gie coh\u00e9rente visant \u00e0 rendre impossible toute perspective de paix durable. La communaut\u00e9 internationale, malgr\u00e9 ses expressions de pr\u00e9occupation, semble incapable ou peu d\u00e9sireuse d&rsquo;exercer une pression suffisante pour mettre fin \u00e0 ces violations syst\u00e9matiques du droit international. Pendant ce temps, la population palestinienne continue de payer le prix fort de cette politique d&rsquo;oppression qui ne conna\u00eet ni tr\u00eave ni limite.<\/p>\n\n\n\n<p>Lyes Sa\u00efdi<\/p>\n","protected":false},"excerpt":{"rendered":"<p>L&rsquo;escalade des violences perp\u00e9tr\u00e9es par l&rsquo;entit\u00e9 sioniste en Cisjordanie occup\u00e9e se poursuit de mani\u00e8re alarmante, alors m\u00eame que la situation<\/p>\n","protected":false},"author":6,"featured_media":62864,"comment_status":"open","ping_status":"closed","sticky":false,"template":"","format":"standard","meta":{"colormag_page_container_layout":"default_layout","colormag_page_sidebar_layout":"default_layout","om_disable_all_campaigns":false,"_monsterinsights_skip_tracking":false,"_monsterinsights_sitenote_active":false,"_monsterinsights_sitenote_note":"","_monsterinsights_sitenote_category":0,"footnotes":"","_wpscppro_dont_share_socialmedia":false,"_wpscppro_custom_social_share_image":0,"_facebook_share_type":"default","_twitter_share_type":"default","_linkedin_share_type":"default","_pinterest_share_type":"default","_linkedin_share_type_page":"","_instagram_share_type":"default","_medium_share_type":"default","_threads_share_type":"","_google_business_share_type":"","_selected_social_profile":[],"_wpsp_enable_custom_social_template":false,"_wpsp_social_scheduling":{"enabled":false,"datetime":null,"platforms":[],"status":"template_only","dateOption":"today","timeOption":"now","customDays":"","customHours":"","customDate":"","customTime":"","schedulingType":"absolute"},"_wpsp_active_default_template":true},"categories":[37],"tags":[],"class_list":["post-63356","post","type-post","status-publish","format-standard","has-post-thumbnail","hentry","category-monde"],"aioseo_notices":[],"yoast_head":"<!-- This site is optimized with the Yoast SEO plugin v27.5 - https:\/\/yoast.com\/product\/yoast-seo-wordpress\/ -->\n<title>Palestine occup\u00e9e: Escalade de violence sioniste en Cisjordanie, un cessez-le-feu fragile \u00e0 Ghaza - La Sentinelle<\/title>\n<meta name=\"robots\" content=\"index, follow, max-snippet:-1, max-image-preview:large, max-video-preview:-1\" \/>\n<link rel=\"canonical\" href=\"https:\/\/lasentinelle.dz\/index.php\/2025\/02\/23\/palestine-occupee-escalade-de-violence-sioniste-en-cisjordanie-un-cessez-le-feu-fragile-a-ghaza\/\" \/>\n<meta property=\"og:locale\" content=\"fr_FR\" \/>\n<meta property=\"og:type\" content=\"article\" \/>\n<meta property=\"og:title\" content=\"Palestine occup\u00e9e: Escalade de violence sioniste en Cisjordanie, un cessez-le-feu fragile \u00e0 Ghaza - La Sentinelle\" \/>\n<meta property=\"og:description\" content=\"L&rsquo;escalade des violences perp\u00e9tr\u00e9es par l&rsquo;entit\u00e9 sioniste en Cisjordanie occup\u00e9e se poursuit de mani\u00e8re alarmante, alors m\u00eame que la situation\" \/>\n<meta property=\"og:url\" content=\"https:\/\/lasentinelle.dz\/index.php\/2025\/02\/23\/palestine-occupee-escalade-de-violence-sioniste-en-cisjordanie-un-cessez-le-feu-fragile-a-ghaza\/\" \/>\n<meta property=\"og:site_name\" content=\"La Sentinelle\" \/>\n<meta property=\"article:publisher\" content=\"https:\/\/www.facebook.com\/La-Sentinelle-104059864394773\" \/>\n<meta property=\"article:published_time\" content=\"2025-02-23T12:13:55+00:00\" \/>\n<meta property=\"og:image\" content=\"https:\/\/lasentinelle.dz\/wp-content\/uploads\/2025\/02\/jenine-1.jpg\" \/>\n\t<meta property=\"og:image:width\" content=\"980\" \/>\n\t<meta property=\"og:image:height\" content=\"551\" \/>\n\t<meta property=\"og:image:type\" content=\"image\/jpeg\" \/>\n<meta name=\"author\" content=\"admin\" \/>\n<meta name=\"twitter:card\" content=\"summary_large_image\" \/>\n<meta name=\"twitter:label1\" content=\"\u00c9crit par\" \/>\n\t<meta name=\"twitter:data1\" content=\"admin\" \/>\n\t<meta name=\"twitter:label2\" content=\"Dur\u00e9e de lecture estim\u00e9e\" \/>\n\t<meta name=\"twitter:data2\" content=\"5 minutes\" \/>\n<script type=\"application\/ld+json\" class=\"yoast-schema-graph\">{\"@context\":\"https:\\\/\\\/schema.org\",\"@graph\":[{\"@type\":\"Article\",\"@id\":\"https:\\\/\\\/lasentinelle.dz\\\/index.php\\\/2025\\\/02\\\/23\\\/palestine-occupee-escalade-de-violence-sioniste-en-cisjordanie-un-cessez-le-feu-fragile-a-ghaza\\\/#article\",\"isPartOf\":{\"@id\":\"https:\\\/\\\/lasentinelle.dz\\\/index.php\\\/2025\\\/02\\\/23\\\/palestine-occupee-escalade-de-violence-sioniste-en-cisjordanie-un-cessez-le-feu-fragile-a-ghaza\\\/\"},\"author\":{\"name\":\"admin\",\"@id\":\"https:\\\/\\\/lasentinelle.dz\\\/#\\\/schema\\\/person\\\/729ee0024f24e0b8c5ec17232f8e8b41\"},\"headline\":\"Palestine occup\u00e9e: Escalade de violence sioniste en Cisjordanie, un cessez-le-feu fragile \u00e0 Ghaza\",\"datePublished\":\"2025-02-23T12:13:55+00:00\",\"mainEntityOfPage\":{\"@id\":\"https:\\\/\\\/lasentinelle.dz\\\/index.php\\\/2025\\\/02\\\/23\\\/palestine-occupee-escalade-de-violence-sioniste-en-cisjordanie-un-cessez-le-feu-fragile-a-ghaza\\\/\"},\"wordCount\":965,\"commentCount\":0,\"publisher\":{\"@id\":\"https:\\\/\\\/lasentinelle.dz\\\/#organization\"},\"image\":{\"@id\":\"https:\\\/\\\/lasentinelle.dz\\\/index.php\\\/2025\\\/02\\\/23\\\/palestine-occupee-escalade-de-violence-sioniste-en-cisjordanie-un-cessez-le-feu-fragile-a-ghaza\\\/#primaryimage\"},\"thumbnailUrl\":\"https:\\\/\\\/lasentinelle.dz\\\/wp-content\\\/uploads\\\/2025\\\/02\\\/jenine-1.jpg\",\"articleSection\":[\"Monde\"],\"inLanguage\":\"fr-FR\",\"potentialAction\":[{\"@type\":\"CommentAction\",\"name\":\"Comment\",\"target\":[\"https:\\\/\\\/lasentinelle.dz\\\/index.php\\\/2025\\\/02\\\/23\\\/palestine-occupee-escalade-de-violence-sioniste-en-cisjordanie-un-cessez-le-feu-fragile-a-ghaza\\\/#respond\"]}]},{\"@type\":\"WebPage\",\"@id\":\"https:\\\/\\\/lasentinelle.dz\\\/index.php\\\/2025\\\/02\\\/23\\\/palestine-occupee-escalade-de-violence-sioniste-en-cisjordanie-un-cessez-le-feu-fragile-a-ghaza\\\/\",\"url\":\"https:\\\/\\\/lasentinelle.dz\\\/index.php\\\/2025\\\/02\\\/23\\\/palestine-occupee-escalade-de-violence-sioniste-en-cisjordanie-un-cessez-le-feu-fragile-a-ghaza\\\/\",\"name\":\"Palestine occup\u00e9e: Escalade de violence sioniste en Cisjordanie, un cessez-le-feu fragile \u00e0 Ghaza - La Sentinelle\",\"isPartOf\":{\"@id\":\"https:\\\/\\\/lasentinelle.dz\\\/#website\"},\"primaryImageOfPage\":{\"@id\":\"https:\\\/\\\/lasentinelle.dz\\\/index.php\\\/2025\\\/02\\\/23\\\/palestine-occupee-escalade-de-violence-sioniste-en-cisjordanie-un-cessez-le-feu-fragile-a-ghaza\\\/#primaryimage\"},\"image\":{\"@id\":\"https:\\\/\\\/lasentinelle.dz\\\/index.php\\\/2025\\\/02\\\/23\\\/palestine-occupee-escalade-de-violence-sioniste-en-cisjordanie-un-cessez-le-feu-fragile-a-ghaza\\\/#primaryimage\"},\"thumbnailUrl\":\"https:\\\/\\\/lasentinelle.dz\\\/wp-content\\\/uploads\\\/2025\\\/02\\\/jenine-1.jpg\",\"datePublished\":\"2025-02-23T12:13:55+00:00\",\"breadcrumb\":{\"@id\":\"https:\\\/\\\/lasentinelle.dz\\\/index.php\\\/2025\\\/02\\\/23\\\/palestine-occupee-escalade-de-violence-sioniste-en-cisjordanie-un-cessez-le-feu-fragile-a-ghaza\\\/#breadcrumb\"},\"inLanguage\":\"fr-FR\",\"potentialAction\":[{\"@type\":\"ReadAction\",\"target\":[\"https:\\\/\\\/lasentinelle.dz\\\/index.php\\\/2025\\\/02\\\/23\\\/palestine-occupee-escalade-de-violence-sioniste-en-cisjordanie-un-cessez-le-feu-fragile-a-ghaza\\\/\"]}]},{\"@type\":\"ImageObject\",\"inLanguage\":\"fr-FR\",\"@id\":\"https:\\\/\\\/lasentinelle.dz\\\/index.php\\\/2025\\\/02\\\/23\\\/palestine-occupee-escalade-de-violence-sioniste-en-cisjordanie-un-cessez-le-feu-fragile-a-ghaza\\\/#primaryimage\",\"url\":\"https:\\\/\\\/lasentinelle.dz\\\/wp-content\\\/uploads\\\/2025\\\/02\\\/jenine-1.jpg\",\"contentUrl\":\"https:\\\/\\\/lasentinelle.dz\\\/wp-content\\\/uploads\\\/2025\\\/02\\\/jenine-1.jpg\",\"width\":980,\"height\":551},{\"@type\":\"BreadcrumbList\",\"@id\":\"https:\\\/\\\/lasentinelle.dz\\\/index.php\\\/2025\\\/02\\\/23\\\/palestine-occupee-escalade-de-violence-sioniste-en-cisjordanie-un-cessez-le-feu-fragile-a-ghaza\\\/#breadcrumb\",\"itemListElement\":[{\"@type\":\"ListItem\",\"position\":1,\"name\":\"Accueil\",\"item\":\"https:\\\/\\\/lasentinelle.dz\\\/\"},{\"@type\":\"ListItem\",\"position\":2,\"name\":\"Palestine occup\u00e9e: Escalade de violence sioniste en Cisjordanie, un cessez-le-feu fragile \u00e0 Ghaza\"}]},{\"@type\":\"WebSite\",\"@id\":\"https:\\\/\\\/lasentinelle.dz\\\/#website\",\"url\":\"https:\\\/\\\/lasentinelle.dz\\\/\",\"name\":\"La Sentinelle\",\"description\":\"Quotidien national d&#039;information\",\"publisher\":{\"@id\":\"https:\\\/\\\/lasentinelle.dz\\\/#organization\"},\"potentialAction\":[{\"@type\":\"SearchAction\",\"target\":{\"@type\":\"EntryPoint\",\"urlTemplate\":\"https:\\\/\\\/lasentinelle.dz\\\/?s={search_term_string}\"},\"query-input\":{\"@type\":\"PropertyValueSpecification\",\"valueRequired\":true,\"valueName\":\"search_term_string\"}}],\"inLanguage\":\"fr-FR\"},{\"@type\":\"Organization\",\"@id\":\"https:\\\/\\\/lasentinelle.dz\\\/#organization\",\"name\":\"Quotidien La Sentinelle\",\"url\":\"https:\\\/\\\/lasentinelle.dz\\\/\",\"logo\":{\"@type\":\"ImageObject\",\"inLanguage\":\"fr-FR\",\"@id\":\"https:\\\/\\\/lasentinelle.dz\\\/#\\\/schema\\\/logo\\\/image\\\/\",\"url\":\"https:\\\/\\\/lasentinelle.dz\\\/wp-content\\\/uploads\\\/2021\\\/09\\\/logo-sentinelleSLOGAN-1.png\",\"contentUrl\":\"https:\\\/\\\/lasentinelle.dz\\\/wp-content\\\/uploads\\\/2021\\\/09\\\/logo-sentinelleSLOGAN-1.png\",\"width\":615,\"height\":142,\"caption\":\"Quotidien La Sentinelle\"},\"image\":{\"@id\":\"https:\\\/\\\/lasentinelle.dz\\\/#\\\/schema\\\/logo\\\/image\\\/\"},\"sameAs\":[\"https:\\\/\\\/www.facebook.com\\\/La-Sentinelle-104059864394773\"]},{\"@type\":\"Person\",\"@id\":\"https:\\\/\\\/lasentinelle.dz\\\/#\\\/schema\\\/person\\\/729ee0024f24e0b8c5ec17232f8e8b41\",\"name\":\"admin\",\"image\":{\"@type\":\"ImageObject\",\"inLanguage\":\"fr-FR\",\"@id\":\"https:\\\/\\\/secure.gravatar.com\\\/avatar\\\/4c81fed838786e9b53f540bf46533e750f5d292099ae3b66cfc6fb1982e29df7?s=96&d=mm&r=g\",\"url\":\"https:\\\/\\\/secure.gravatar.com\\\/avatar\\\/4c81fed838786e9b53f540bf46533e750f5d292099ae3b66cfc6fb1982e29df7?s=96&d=mm&r=g\",\"contentUrl\":\"https:\\\/\\\/secure.gravatar.com\\\/avatar\\\/4c81fed838786e9b53f540bf46533e750f5d292099ae3b66cfc6fb1982e29df7?s=96&d=mm&r=g\",\"caption\":\"admin\"},\"description\":\"admin\",\"url\":\"https:\\\/\\\/lasentinelle.dz\\\/author\\\/admin\\\/\"}]}<\/script>\n<!-- \/ Yoast SEO plugin. -->","yoast_head_json":{"title":"Palestine occup\u00e9e: Escalade de violence sioniste en Cisjordanie, un cessez-le-feu fragile \u00e0 Ghaza - La Sentinelle","robots":{"index":"index","follow":"follow","max-snippet":"max-snippet:-1","max-image-preview":"max-image-preview:large","max-video-preview":"max-video-preview:-1"},"canonical":"https:\/\/lasentinelle.dz\/index.php\/2025\/02\/23\/palestine-occupee-escalade-de-violence-sioniste-en-cisjordanie-un-cessez-le-feu-fragile-a-ghaza\/","og_locale":"fr_FR","og_type":"article","og_title":"Palestine occup\u00e9e: Escalade de violence sioniste en Cisjordanie, un cessez-le-feu fragile \u00e0 Ghaza - La Sentinelle","og_description":"L&rsquo;escalade des violences perp\u00e9tr\u00e9es par l&rsquo;entit\u00e9 sioniste en Cisjordanie occup\u00e9e se poursuit de mani\u00e8re alarmante, alors m\u00eame que la situation","og_url":"https:\/\/lasentinelle.dz\/index.php\/2025\/02\/23\/palestine-occupee-escalade-de-violence-sioniste-en-cisjordanie-un-cessez-le-feu-fragile-a-ghaza\/","og_site_name":"La Sentinelle","article_publisher":"https:\/\/www.facebook.com\/La-Sentinelle-104059864394773","article_published_time":"2025-02-23T12:13:55+00:00","og_image":[{"width":980,"height":551,"url":"https:\/\/lasentinelle.dz\/wp-content\/uploads\/2025\/02\/jenine-1.jpg","type":"image\/jpeg"}],"author":"admin","twitter_card":"summary_large_image","twitter_misc":{"\u00c9crit par":"admin","Dur\u00e9e de lecture estim\u00e9e":"5 minutes"},"schema":{"@context":"https:\/\/schema.org","@graph":[{"@type":"Article","@id":"https:\/\/lasentinelle.dz\/index.php\/2025\/02\/23\/palestine-occupee-escalade-de-violence-sioniste-en-cisjordanie-un-cessez-le-feu-fragile-a-ghaza\/#article","isPartOf":{"@id":"https:\/\/lasentinelle.dz\/index.php\/2025\/02\/23\/palestine-occupee-escalade-de-violence-sioniste-en-cisjordanie-un-cessez-le-feu-fragile-a-ghaza\/"},"author":{"name":"admin","@id":"https:\/\/lasentinelle.dz\/#\/schema\/person\/729ee0024f24e0b8c5ec17232f8e8b41"},"headline":"Palestine occup\u00e9e: Escalade de violence sioniste en Cisjordanie, un cessez-le-feu fragile \u00e0 Ghaza","datePublished":"2025-02-23T12:13:55+00:00","mainEntityOfPage":{"@id":"https:\/\/lasentinelle.dz\/index.php\/2025\/02\/23\/palestine-occupee-escalade-de-violence-sioniste-en-cisjordanie-un-cessez-le-feu-fragile-a-ghaza\/"},"wordCount":965,"commentCount":0,"publisher":{"@id":"https:\/\/lasentinelle.dz\/#organization"},"image":{"@id":"https:\/\/lasentinelle.dz\/index.php\/2025\/02\/23\/palestine-occupee-escalade-de-violence-sioniste-en-cisjordanie-un-cessez-le-feu-fragile-a-ghaza\/#primaryimage"},"thumbnailUrl":"https:\/\/lasentinelle.dz\/wp-content\/uploads\/2025\/02\/jenine-1.jpg","articleSection":["Monde"],"inLanguage":"fr-FR","potentialAction":[{"@type":"CommentAction","name":"Comment","target":["https:\/\/lasentinelle.dz\/index.php\/2025\/02\/23\/palestine-occupee-escalade-de-violence-sioniste-en-cisjordanie-un-cessez-le-feu-fragile-a-ghaza\/#respond"]}]},{"@type":"WebPage","@id":"https:\/\/lasentinelle.dz\/index.php\/2025\/02\/23\/palestine-occupee-escalade-de-violence-sioniste-en-cisjordanie-un-cessez-le-feu-fragile-a-ghaza\/","url":"https:\/\/lasentinelle.dz\/index.php\/2025\/02\/23\/palestine-occupee-escalade-de-violence-sioniste-en-cisjordanie-un-cessez-le-feu-fragile-a-ghaza\/","name":"Palestine occup\u00e9e: Escalade de violence sioniste en Cisjordanie, un cessez-le-feu fragile \u00e0 Ghaza - La Sentinelle","isPartOf":{"@id":"https:\/\/lasentinelle.dz\/#website"},"primaryImageOfPage":{"@id":"https:\/\/lasentinelle.dz\/index.php\/2025\/02\/23\/palestine-occupee-escalade-de-violence-sioniste-en-cisjordanie-un-cessez-le-feu-fragile-a-ghaza\/#primaryimage"},"image":{"@id":"https:\/\/lasentinelle.dz\/index.php\/2025\/02\/23\/palestine-occupee-escalade-de-violence-sioniste-en-cisjordanie-un-cessez-le-feu-fragile-a-ghaza\/#primaryimage"},"thumbnailUrl":"https:\/\/lasentinelle.dz\/wp-content\/uploads\/2025\/02\/jenine-1.jpg","datePublished":"2025-02-23T12:13:55+00:00","breadcrumb":{"@id":"https:\/\/lasentinelle.dz\/index.php\/2025\/02\/23\/palestine-occupee-escalade-de-violence-sioniste-en-cisjordanie-un-cessez-le-feu-fragile-a-ghaza\/#breadcrumb"},"inLanguage":"fr-FR","potentialAction":[{"@type":"ReadAction","target":["https:\/\/lasentinelle.dz\/index.php\/2025\/02\/23\/palestine-occupee-escalade-de-violence-sioniste-en-cisjordanie-un-cessez-le-feu-fragile-a-ghaza\/"]}]},{"@type":"ImageObject","inLanguage":"fr-FR","@id":"https:\/\/lasentinelle.dz\/index.php\/2025\/02\/23\/palestine-occupee-escalade-de-violence-sioniste-en-cisjordanie-un-cessez-le-feu-fragile-a-ghaza\/#primaryimage","url":"https:\/\/lasentinelle.dz\/wp-content\/uploads\/2025\/02\/jenine-1.jpg","contentUrl":"https:\/\/lasentinelle.dz\/wp-content\/uploads\/2025\/02\/jenine-1.jpg","width":980,"height":551},{"@type":"BreadcrumbList","@id":"https:\/\/lasentinelle.dz\/index.php\/2025\/02\/23\/palestine-occupee-escalade-de-violence-sioniste-en-cisjordanie-un-cessez-le-feu-fragile-a-ghaza\/#breadcrumb","itemListElement":[{"@type":"ListItem","position":1,"name":"Accueil","item":"https:\/\/lasentinelle.dz\/"},{"@type":"ListItem","position":2,"name":"Palestine occup\u00e9e: Escalade de violence sioniste en Cisjordanie, un cessez-le-feu fragile \u00e0 Ghaza"}]},{"@type":"WebSite","@id":"https:\/\/lasentinelle.dz\/#website","url":"https:\/\/lasentinelle.dz\/","name":"La Sentinelle","description":"Quotidien national d&#039;information","publisher":{"@id":"https:\/\/lasentinelle.dz\/#organization"},"potentialAction":[{"@type":"SearchAction","target":{"@type":"EntryPoint","urlTemplate":"https:\/\/lasentinelle.dz\/?s={search_term_string}"},"query-input":{"@type":"PropertyValueSpecification","valueRequired":true,"valueName":"search_term_string"}}],"inLanguage":"fr-FR"},{"@type":"Organization","@id":"https:\/\/lasentinelle.dz\/#organization","name":"Quotidien La Sentinelle","url":"https:\/\/lasentinelle.dz\/","logo":{"@type":"ImageObject","inLanguage":"fr-FR","@id":"https:\/\/lasentinelle.dz\/#\/schema\/logo\/image\/","url":"https:\/\/lasentinelle.dz\/wp-content\/uploads\/2021\/09\/logo-sentinelleSLOGAN-1.png","contentUrl":"https:\/\/lasentinelle.dz\/wp-content\/uploads\/2021\/09\/logo-sentinelleSLOGAN-1.png","width":615,"height":142,"caption":"Quotidien La Sentinelle"},"image":{"@id":"https:\/\/lasentinelle.dz\/#\/schema\/logo\/image\/"},"sameAs":["https:\/\/www.facebook.com\/La-Sentinelle-104059864394773"]},{"@type":"Person","@id":"https:\/\/lasentinelle.dz\/#\/schema\/person\/729ee0024f24e0b8c5ec17232f8e8b41","name":"admin","image":{"@type":"ImageObject","inLanguage":"fr-FR","@id":"https:\/\/secure.gravatar.com\/avatar\/4c81fed838786e9b53f540bf46533e750f5d292099ae3b66cfc6fb1982e29df7?s=96&d=mm&r=g","url":"https:\/\/secure.gravatar.com\/avatar\/4c81fed838786e9b53f540bf46533e750f5d292099ae3b66cfc6fb1982e29df7?s=96&d=mm&r=g","contentUrl":"https:\/\/secure.gravatar.com\/avatar\/4c81fed838786e9b53f540bf46533e750f5d292099ae3b66cfc6fb1982e29df7?s=96&d=mm&r=g","caption":"admin"},"description":"admin","url":"https:\/\/lasentinelle.dz\/author\/admin\/"}]}},"_links":{"self":[{"href":"https:\/\/lasentinelle.dz\/index.php\/wp-json\/wp\/v2\/posts\/63356","targetHints":{"allow":["GET"]}}],"collection":[{"href":"https:\/\/lasentinelle.dz\/index.php\/wp-json\/wp\/v2\/posts"}],"about":[{"href":"https:\/\/lasentinelle.dz\/index.php\/wp-json\/wp\/v2\/types\/post"}],"author":[{"embeddable":true,"href":"https:\/\/lasentinelle.dz\/index.php\/wp-json\/wp\/v2\/users\/6"}],"replies":[{"embeddable":true,"href":"https:\/\/lasentinelle.dz\/index.php\/wp-json\/wp\/v2\/comments?post=63356"}],"version-history":[{"count":1,"href":"https:\/\/lasentinelle.dz\/index.php\/wp-json\/wp\/v2\/posts\/63356\/revisions"}],"predecessor-version":[{"id":63357,"href":"https:\/\/lasentinelle.dz\/index.php\/wp-json\/wp\/v2\/posts\/63356\/revisions\/63357"}],"wp:featuredmedia":[{"embeddable":true,"href":"https:\/\/lasentinelle.dz\/index.php\/wp-json\/wp\/v2\/media\/62864"}],"wp:attachment":[{"href":"https:\/\/lasentinelle.dz\/index.php\/wp-json\/wp\/v2\/media?parent=63356"}],"wp:term":[{"taxonomy":"category","embeddable":true,"href":"https:\/\/lasentinelle.dz\/index.php\/wp-json\/wp\/v2\/categories?post=63356"},{"taxonomy":"post_tag","embeddable":true,"href":"https:\/\/lasentinelle.dz\/index.php\/wp-json\/wp\/v2\/tags?post=63356"}],"curies":[{"name":"wp","href":"https:\/\/api.w.org\/{rel}","templated":true}]}}