{"id":63375,"date":"2025-02-20T13:23:37","date_gmt":"2025-02-20T12:23:37","guid":{"rendered":"https:\/\/lasentinelle.dz\/?p=63375"},"modified":"2025-02-23T13:24:04","modified_gmt":"2025-02-23T12:24:04","slug":"conflit-en-ukraine-trump-tance-zelensky","status":"publish","type":"post","link":"https:\/\/lasentinelle.dz\/index.php\/2025\/02\/20\/conflit-en-ukraine-trump-tance-zelensky\/","title":{"rendered":"Conflit en Ukraine: Trump tance Zelensky"},"content":{"rendered":"\n<p>Donald Trump a vivement tanc\u00e9 le pr\u00e9sident ukrainien Volodymyr Zelensky, pointant son impopularit\u00e9 et le d\u00e9tournement de l&rsquo;aide am\u00e9ricaine, et il s&rsquo;est dit \u00ab\u00a0bien plus confiant\u00a0\u00bb dans un accord avec la Russie, promettant une rencontre avec Vladimir Poutine avant avril.<\/p>\n\n\n\n<p>Le pr\u00e9sident am\u00e9ricain, interrog\u00e9 mardi par la presse dans sa r\u00e9sidence Mar-a-Lago en Floride, a critiqu\u00e9 M. Zelensky pour avoir d\u00e9nonc\u00e9 les discussions russo-am\u00e9ricaines qui se sont tenues mardi en Arabie saoudite comme des pourparlers \u00ab\u00a0sur l&rsquo;Ukraine sans l&rsquo;Ukraine\u00a0\u00bb. \u00ab\u00a0Je suis tr\u00e8s d\u00e9\u00e7u\u00a0\u00bb de ces propos, a r\u00e9pondu Donald Trump, avant de se lancer dans une charge contre M. Zelensky, qu&rsquo;il a m\u00eame accus\u00e9 d&rsquo;avoir initi\u00e9 le conflit en Ukraine.<\/p>\n\n\n\n<p>\u00ab\u00a0Aujourd&rsquo;hui j&rsquo;ai entendu +oh nous n&rsquo;\u00e9tions pas invit\u00e9s+. Et bien, vous avez \u00e9t\u00e9 l\u00e0 depuis trois ans. Vous auriez d\u00fb y mettre un terme il y a trois ans. Vous n&rsquo;auriez jamais d\u00fb la commencer\u00a0\u00bb, a-t-il lanc\u00e9 \u00e0 propos de la guerre, en Ukraine. Revenant sur ces discussions de haut niveau entre responsables russes et am\u00e9ricains en Arabie saoudite, lors desquelles Washington et Moscou se sont entendus pour nommer des n\u00e9gociateurs sur la guerre, sans la participation des Europ\u00e9ens ni de Kiev, le pr\u00e9sident am\u00e9ricain a jug\u00e9 qu&rsquo;elles avaient \u00e9t\u00e9 \u00ab\u00a0tr\u00e8s bonnes\u00a0\u00bb et il s&rsquo;est dit \u00ab\u00a0bien plus confiant\u00a0\u00bb en la possibilit\u00e9 d&rsquo;un accord pour mettre fin \u00e0 la guerre. \u00ab\u00a0La Russie veut faire quelque chose. Ils veulent mettre un terme \u00e0 la barbarie sauvage\u00a0\u00bb, a-t-il assur\u00e9. Interrog\u00e9 sur une \u00e9ventuelle rencontre avec Vladimir Poutine avant la fin du mois, Donald Trump a simplement hoch\u00e9 la t\u00eate et r\u00e9pondu: \u00ab\u00a0probablement\u00a0\u00bb. Lors de sa conf\u00e9rence \u00e0 Mar-a-Lago, il a aussi reproch\u00e9 \u00e0 l&rsquo;Ukraine d&rsquo;avoir d\u00e9tourn\u00e9 une partie des aides am\u00e9ricaines depuis le d\u00e9but du conflit. \u00ab\u00a0Le pr\u00e9sident Zelensky m&rsquo;a dit la semaine derni\u00e8re qu&rsquo;il ne savait pas o\u00f9 \u00e9tait la moiti\u00e9 de l&rsquo;argent qu&rsquo;on leur a donn\u00e9\u00a0\u00bb, a soutenu le pr\u00e9sident am\u00e9ricain, avant de critiquer l&rsquo;absence d&rsquo;\u00e9lections en Ukraine depuis l&rsquo;offensive russe. \u00ab\u00a0Nous avons une situation o\u00f9 nous n&rsquo;avons pas eu d&rsquo;\u00e9lections en Ukraine, o\u00f9 nous avons une loi martiale essentiellement et o\u00f9 le dirigeant de l&rsquo;Ukraine &#8211; je suis d\u00e9sol\u00e9 de le dire &#8211; mais il est \u00e0 4% d&rsquo;opinions favorables\u00a0\u00bb, a-t-il r\u00e9pondu \u00e0 la question de savoir si Washington soutiendrait le fait d&rsquo;imposer \u00e0 Kiev des \u00e9lections, comme pourrait le vouloir la Russie. Interrog\u00e9 sur l&rsquo;id\u00e9e, qui \u00e9merge et divise des pays europ\u00e9ens, d&rsquo;envoyer des troupes europ\u00e9ennes de maintien de la paix en Ukraine, Donald Trump a r\u00e9pondu: \u00ab\u00a0S&rsquo;ils veulent faire cela, c&rsquo;est super. J&rsquo;y suis totalement favorable\u00a0\u00bb, pr\u00e9cisant que \u00ab\u00a0nous (les Etats-Unis) n&rsquo;avons pas \u00e0 en envoyer l\u00e0-bas, parce que, vous savez, nous sommes tr\u00e8s loin\u00a0\u00bb. Il a aussi appel\u00e9 \u00e0 \u00ab\u00a0r\u00e9\u00e9quilibrer\u00a0\u00bb l&rsquo;aide fournie \u00e0 l&rsquo;Ukraine entre l&rsquo;Europe et Washington. \u00ab\u00a0Nous leur avons donn\u00e9 je crois 350 milliards de dollars (&#8230;), c&rsquo;est beaucoup et nous devons r\u00e9\u00e9quilibrer avec l&rsquo;Europe, parce que l&rsquo;Europe a donn\u00e9 un bien plus petit montant que cela\u00a0\u00bb, a affirm\u00e9 Donald Trump.<\/p>\n\n\n\n<p>R.I. avec agences<\/p>\n","protected":false},"excerpt":{"rendered":"<p>Donald Trump a vivement tanc\u00e9 le pr\u00e9sident ukrainien Volodymyr Zelensky, pointant son impopularit\u00e9 et le d\u00e9tournement de l&rsquo;aide am\u00e9ricaine, et<\/p>\n","protected":false},"author":6,"featured_media":63376,"comment_status":"open","ping_status":"closed","sticky":false,"template":"","format":"standard","meta":{"colormag_page_container_layout":"default_layout","colormag_page_sidebar_layout":"default_layout","om_disable_all_campaigns":false,"_monsterinsights_skip_tracking":false,"_monsterinsights_sitenote_active":false,"_monsterinsights_sitenote_note":"","_monsterinsights_sitenote_category":0,"footnotes":"","_wpscppro_dont_share_socialmedia":false,"_wpscppro_custom_social_share_image":0,"_facebook_share_type":"default","_twitter_share_type":"default","_linkedin_share_type":"default","_pinterest_share_type":"default","_linkedin_share_type_page":"","_instagram_share_type":"default","_medium_share_type":"default","_threads_share_type":"","_google_business_share_type":"","_selected_social_profile":[],"_wpsp_enable_custom_social_template":false,"_wpsp_social_scheduling":{"enabled":false,"datetime":null,"platforms":[],"status":"template_only","dateOption":"today","timeOption":"now","customDays":"","customHours":"","customDate":"","customTime":"","schedulingType":"absolute"},"_wpsp_active_default_template":true},"categories":[37],"tags":[],"class_list":["post-63375","post","type-post","status-publish","format-standard","has-post-thumbnail","hentry","category-monde"],"aioseo_notices":[],"yoast_head":"<!-- This site is optimized with the Yoast SEO plugin v27.5 - https:\/\/yoast.com\/product\/yoast-seo-wordpress\/ -->\n<title>Conflit en Ukraine: Trump tance Zelensky - La Sentinelle<\/title>\n<meta name=\"robots\" content=\"index, follow, max-snippet:-1, max-image-preview:large, max-video-preview:-1\" \/>\n<link rel=\"canonical\" href=\"https:\/\/lasentinelle.dz\/index.php\/2025\/02\/20\/conflit-en-ukraine-trump-tance-zelensky\/\" \/>\n<meta property=\"og:locale\" content=\"fr_FR\" \/>\n<meta property=\"og:type\" content=\"article\" \/>\n<meta property=\"og:title\" content=\"Conflit en Ukraine: Trump tance Zelensky - La Sentinelle\" \/>\n<meta property=\"og:description\" content=\"Donald Trump a vivement tanc\u00e9 le pr\u00e9sident ukrainien Volodymyr Zelensky, pointant son impopularit\u00e9 et le d\u00e9tournement de l&rsquo;aide am\u00e9ricaine, et\" \/>\n<meta property=\"og:url\" content=\"https:\/\/lasentinelle.dz\/index.php\/2025\/02\/20\/conflit-en-ukraine-trump-tance-zelensky\/\" \/>\n<meta property=\"og:site_name\" content=\"La Sentinelle\" \/>\n<meta property=\"article:publisher\" content=\"https:\/\/www.facebook.com\/La-Sentinelle-104059864394773\" \/>\n<meta property=\"article:published_time\" content=\"2025-02-20T12:23:37+00:00\" \/>\n<meta property=\"article:modified_time\" content=\"2025-02-23T12:24:04+00:00\" \/>\n<meta property=\"og:image\" content=\"https:\/\/lasentinelle.dz\/wp-content\/uploads\/2025\/02\/trump-zlensky.jpeg\" \/>\n\t<meta property=\"og:image:width\" content=\"840\" \/>\n\t<meta property=\"og:image:height\" content=\"438\" \/>\n\t<meta property=\"og:image:type\" content=\"image\/jpeg\" \/>\n<meta name=\"author\" content=\"admin\" \/>\n<meta name=\"twitter:card\" content=\"summary_large_image\" \/>\n<meta name=\"twitter:label1\" content=\"\u00c9crit par\" \/>\n\t<meta name=\"twitter:data1\" content=\"admin\" \/>\n\t<meta name=\"twitter:label2\" content=\"Dur\u00e9e de lecture estim\u00e9e\" \/>\n\t<meta name=\"twitter:data2\" content=\"3 minutes\" \/>\n<script type=\"application\/ld+json\" class=\"yoast-schema-graph\">{\"@context\":\"https:\\\/\\\/schema.org\",\"@graph\":[{\"@type\":\"Article\",\"@id\":\"https:\\\/\\\/lasentinelle.dz\\\/index.php\\\/2025\\\/02\\\/20\\\/conflit-en-ukraine-trump-tance-zelensky\\\/#article\",\"isPartOf\":{\"@id\":\"https:\\\/\\\/lasentinelle.dz\\\/index.php\\\/2025\\\/02\\\/20\\\/conflit-en-ukraine-trump-tance-zelensky\\\/\"},\"author\":{\"name\":\"admin\",\"@id\":\"https:\\\/\\\/lasentinelle.dz\\\/#\\\/schema\\\/person\\\/729ee0024f24e0b8c5ec17232f8e8b41\"},\"headline\":\"Conflit en Ukraine: Trump tance Zelensky\",\"datePublished\":\"2025-02-20T12:23:37+00:00\",\"dateModified\":\"2025-02-23T12:24:04+00:00\",\"mainEntityOfPage\":{\"@id\":\"https:\\\/\\\/lasentinelle.dz\\\/index.php\\\/2025\\\/02\\\/20\\\/conflit-en-ukraine-trump-tance-zelensky\\\/\"},\"wordCount\":562,\"commentCount\":0,\"publisher\":{\"@id\":\"https:\\\/\\\/lasentinelle.dz\\\/#organization\"},\"image\":{\"@id\":\"https:\\\/\\\/lasentinelle.dz\\\/index.php\\\/2025\\\/02\\\/20\\\/conflit-en-ukraine-trump-tance-zelensky\\\/#primaryimage\"},\"thumbnailUrl\":\"https:\\\/\\\/lasentinelle.dz\\\/wp-content\\\/uploads\\\/2025\\\/02\\\/trump-zlensky.jpeg\",\"articleSection\":[\"Monde\"],\"inLanguage\":\"fr-FR\",\"potentialAction\":[{\"@type\":\"CommentAction\",\"name\":\"Comment\",\"target\":[\"https:\\\/\\\/lasentinelle.dz\\\/index.php\\\/2025\\\/02\\\/20\\\/conflit-en-ukraine-trump-tance-zelensky\\\/#respond\"]}]},{\"@type\":\"WebPage\",\"@id\":\"https:\\\/\\\/lasentinelle.dz\\\/index.php\\\/2025\\\/02\\\/20\\\/conflit-en-ukraine-trump-tance-zelensky\\\/\",\"url\":\"https:\\\/\\\/lasentinelle.dz\\\/index.php\\\/2025\\\/02\\\/20\\\/conflit-en-ukraine-trump-tance-zelensky\\\/\",\"name\":\"Conflit en Ukraine: Trump tance Zelensky - La Sentinelle\",\"isPartOf\":{\"@id\":\"https:\\\/\\\/lasentinelle.dz\\\/#website\"},\"primaryImageOfPage\":{\"@id\":\"https:\\\/\\\/lasentinelle.dz\\\/index.php\\\/2025\\\/02\\\/20\\\/conflit-en-ukraine-trump-tance-zelensky\\\/#primaryimage\"},\"image\":{\"@id\":\"https:\\\/\\\/lasentinelle.dz\\\/index.php\\\/2025\\\/02\\\/20\\\/conflit-en-ukraine-trump-tance-zelensky\\\/#primaryimage\"},\"thumbnailUrl\":\"https:\\\/\\\/lasentinelle.dz\\\/wp-content\\\/uploads\\\/2025\\\/02\\\/trump-zlensky.jpeg\",\"datePublished\":\"2025-02-20T12:23:37+00:00\",\"dateModified\":\"2025-02-23T12:24:04+00:00\",\"breadcrumb\":{\"@id\":\"https:\\\/\\\/lasentinelle.dz\\\/index.php\\\/2025\\\/02\\\/20\\\/conflit-en-ukraine-trump-tance-zelensky\\\/#breadcrumb\"},\"inLanguage\":\"fr-FR\",\"potentialAction\":[{\"@type\":\"ReadAction\",\"target\":[\"https:\\\/\\\/lasentinelle.dz\\\/index.php\\\/2025\\\/02\\\/20\\\/conflit-en-ukraine-trump-tance-zelensky\\\/\"]}]},{\"@type\":\"ImageObject\",\"inLanguage\":\"fr-FR\",\"@id\":\"https:\\\/\\\/lasentinelle.dz\\\/index.php\\\/2025\\\/02\\\/20\\\/conflit-en-ukraine-trump-tance-zelensky\\\/#primaryimage\",\"url\":\"https:\\\/\\\/lasentinelle.dz\\\/wp-content\\\/uploads\\\/2025\\\/02\\\/trump-zlensky.jpeg\",\"contentUrl\":\"https:\\\/\\\/lasentinelle.dz\\\/wp-content\\\/uploads\\\/2025\\\/02\\\/trump-zlensky.jpeg\",\"width\":840,\"height\":438},{\"@type\":\"BreadcrumbList\",\"@id\":\"https:\\\/\\\/lasentinelle.dz\\\/index.php\\\/2025\\\/02\\\/20\\\/conflit-en-ukraine-trump-tance-zelensky\\\/#breadcrumb\",\"itemListElement\":[{\"@type\":\"ListItem\",\"position\":1,\"name\":\"Accueil\",\"item\":\"https:\\\/\\\/lasentinelle.dz\\\/\"},{\"@type\":\"ListItem\",\"position\":2,\"name\":\"Conflit en Ukraine: Trump tance Zelensky\"}]},{\"@type\":\"WebSite\",\"@id\":\"https:\\\/\\\/lasentinelle.dz\\\/#website\",\"url\":\"https:\\\/\\\/lasentinelle.dz\\\/\",\"name\":\"La Sentinelle\",\"description\":\"Quotidien national d&#039;information\",\"publisher\":{\"@id\":\"https:\\\/\\\/lasentinelle.dz\\\/#organization\"},\"potentialAction\":[{\"@type\":\"SearchAction\",\"target\":{\"@type\":\"EntryPoint\",\"urlTemplate\":\"https:\\\/\\\/lasentinelle.dz\\\/?s={search_term_string}\"},\"query-input\":{\"@type\":\"PropertyValueSpecification\",\"valueRequired\":true,\"valueName\":\"search_term_string\"}}],\"inLanguage\":\"fr-FR\"},{\"@type\":\"Organization\",\"@id\":\"https:\\\/\\\/lasentinelle.dz\\\/#organization\",\"name\":\"Quotidien La Sentinelle\",\"url\":\"https:\\\/\\\/lasentinelle.dz\\\/\",\"logo\":{\"@type\":\"ImageObject\",\"inLanguage\":\"fr-FR\",\"@id\":\"https:\\\/\\\/lasentinelle.dz\\\/#\\\/schema\\\/logo\\\/image\\\/\",\"url\":\"https:\\\/\\\/lasentinelle.dz\\\/wp-content\\\/uploads\\\/2021\\\/09\\\/logo-sentinelleSLOGAN-1.png\",\"contentUrl\":\"https:\\\/\\\/lasentinelle.dz\\\/wp-content\\\/uploads\\\/2021\\\/09\\\/logo-sentinelleSLOGAN-1.png\",\"width\":615,\"height\":142,\"caption\":\"Quotidien La Sentinelle\"},\"image\":{\"@id\":\"https:\\\/\\\/lasentinelle.dz\\\/#\\\/schema\\\/logo\\\/image\\\/\"},\"sameAs\":[\"https:\\\/\\\/www.facebook.com\\\/La-Sentinelle-104059864394773\"]},{\"@type\":\"Person\",\"@id\":\"https:\\\/\\\/lasentinelle.dz\\\/#\\\/schema\\\/person\\\/729ee0024f24e0b8c5ec17232f8e8b41\",\"name\":\"admin\",\"image\":{\"@type\":\"ImageObject\",\"inLanguage\":\"fr-FR\",\"@id\":\"https:\\\/\\\/secure.gravatar.com\\\/avatar\\\/4c81fed838786e9b53f540bf46533e750f5d292099ae3b66cfc6fb1982e29df7?s=96&d=mm&r=g\",\"url\":\"https:\\\/\\\/secure.gravatar.com\\\/avatar\\\/4c81fed838786e9b53f540bf46533e750f5d292099ae3b66cfc6fb1982e29df7?s=96&d=mm&r=g\",\"contentUrl\":\"https:\\\/\\\/secure.gravatar.com\\\/avatar\\\/4c81fed838786e9b53f540bf46533e750f5d292099ae3b66cfc6fb1982e29df7?s=96&d=mm&r=g\",\"caption\":\"admin\"},\"description\":\"admin\",\"url\":\"https:\\\/\\\/lasentinelle.dz\\\/author\\\/admin\\\/\"}]}<\/script>\n<!-- \/ Yoast SEO plugin. -->","yoast_head_json":{"title":"Conflit en Ukraine: Trump tance Zelensky - La Sentinelle","robots":{"index":"index","follow":"follow","max-snippet":"max-snippet:-1","max-image-preview":"max-image-preview:large","max-video-preview":"max-video-preview:-1"},"canonical":"https:\/\/lasentinelle.dz\/index.php\/2025\/02\/20\/conflit-en-ukraine-trump-tance-zelensky\/","og_locale":"fr_FR","og_type":"article","og_title":"Conflit en Ukraine: Trump tance Zelensky - La Sentinelle","og_description":"Donald Trump a vivement tanc\u00e9 le pr\u00e9sident ukrainien Volodymyr Zelensky, pointant son impopularit\u00e9 et le d\u00e9tournement de l&rsquo;aide am\u00e9ricaine, et","og_url":"https:\/\/lasentinelle.dz\/index.php\/2025\/02\/20\/conflit-en-ukraine-trump-tance-zelensky\/","og_site_name":"La Sentinelle","article_publisher":"https:\/\/www.facebook.com\/La-Sentinelle-104059864394773","article_published_time":"2025-02-20T12:23:37+00:00","article_modified_time":"2025-02-23T12:24:04+00:00","og_image":[{"width":840,"height":438,"url":"https:\/\/lasentinelle.dz\/wp-content\/uploads\/2025\/02\/trump-zlensky.jpeg","type":"image\/jpeg"}],"author":"admin","twitter_card":"summary_large_image","twitter_misc":{"\u00c9crit par":"admin","Dur\u00e9e de lecture estim\u00e9e":"3 minutes"},"schema":{"@context":"https:\/\/schema.org","@graph":[{"@type":"Article","@id":"https:\/\/lasentinelle.dz\/index.php\/2025\/02\/20\/conflit-en-ukraine-trump-tance-zelensky\/#article","isPartOf":{"@id":"https:\/\/lasentinelle.dz\/index.php\/2025\/02\/20\/conflit-en-ukraine-trump-tance-zelensky\/"},"author":{"name":"admin","@id":"https:\/\/lasentinelle.dz\/#\/schema\/person\/729ee0024f24e0b8c5ec17232f8e8b41"},"headline":"Conflit en Ukraine: Trump tance Zelensky","datePublished":"2025-02-20T12:23:37+00:00","dateModified":"2025-02-23T12:24:04+00:00","mainEntityOfPage":{"@id":"https:\/\/lasentinelle.dz\/index.php\/2025\/02\/20\/conflit-en-ukraine-trump-tance-zelensky\/"},"wordCount":562,"commentCount":0,"publisher":{"@id":"https:\/\/lasentinelle.dz\/#organization"},"image":{"@id":"https:\/\/lasentinelle.dz\/index.php\/2025\/02\/20\/conflit-en-ukraine-trump-tance-zelensky\/#primaryimage"},"thumbnailUrl":"https:\/\/lasentinelle.dz\/wp-content\/uploads\/2025\/02\/trump-zlensky.jpeg","articleSection":["Monde"],"inLanguage":"fr-FR","potentialAction":[{"@type":"CommentAction","name":"Comment","target":["https:\/\/lasentinelle.dz\/index.php\/2025\/02\/20\/conflit-en-ukraine-trump-tance-zelensky\/#respond"]}]},{"@type":"WebPage","@id":"https:\/\/lasentinelle.dz\/index.php\/2025\/02\/20\/conflit-en-ukraine-trump-tance-zelensky\/","url":"https:\/\/lasentinelle.dz\/index.php\/2025\/02\/20\/conflit-en-ukraine-trump-tance-zelensky\/","name":"Conflit en Ukraine: Trump tance Zelensky - La Sentinelle","isPartOf":{"@id":"https:\/\/lasentinelle.dz\/#website"},"primaryImageOfPage":{"@id":"https:\/\/lasentinelle.dz\/index.php\/2025\/02\/20\/conflit-en-ukraine-trump-tance-zelensky\/#primaryimage"},"image":{"@id":"https:\/\/lasentinelle.dz\/index.php\/2025\/02\/20\/conflit-en-ukraine-trump-tance-zelensky\/#primaryimage"},"thumbnailUrl":"https:\/\/lasentinelle.dz\/wp-content\/uploads\/2025\/02\/trump-zlensky.jpeg","datePublished":"2025-02-20T12:23:37+00:00","dateModified":"2025-02-23T12:24:04+00:00","breadcrumb":{"@id":"https:\/\/lasentinelle.dz\/index.php\/2025\/02\/20\/conflit-en-ukraine-trump-tance-zelensky\/#breadcrumb"},"inLanguage":"fr-FR","potentialAction":[{"@type":"ReadAction","target":["https:\/\/lasentinelle.dz\/index.php\/2025\/02\/20\/conflit-en-ukraine-trump-tance-zelensky\/"]}]},{"@type":"ImageObject","inLanguage":"fr-FR","@id":"https:\/\/lasentinelle.dz\/index.php\/2025\/02\/20\/conflit-en-ukraine-trump-tance-zelensky\/#primaryimage","url":"https:\/\/lasentinelle.dz\/wp-content\/uploads\/2025\/02\/trump-zlensky.jpeg","contentUrl":"https:\/\/lasentinelle.dz\/wp-content\/uploads\/2025\/02\/trump-zlensky.jpeg","width":840,"height":438},{"@type":"BreadcrumbList","@id":"https:\/\/lasentinelle.dz\/index.php\/2025\/02\/20\/conflit-en-ukraine-trump-tance-zelensky\/#breadcrumb","itemListElement":[{"@type":"ListItem","position":1,"name":"Accueil","item":"https:\/\/lasentinelle.dz\/"},{"@type":"ListItem","position":2,"name":"Conflit en Ukraine: Trump tance Zelensky"}]},{"@type":"WebSite","@id":"https:\/\/lasentinelle.dz\/#website","url":"https:\/\/lasentinelle.dz\/","name":"La Sentinelle","description":"Quotidien national d&#039;information","publisher":{"@id":"https:\/\/lasentinelle.dz\/#organization"},"potentialAction":[{"@type":"SearchAction","target":{"@type":"EntryPoint","urlTemplate":"https:\/\/lasentinelle.dz\/?s={search_term_string}"},"query-input":{"@type":"PropertyValueSpecification","valueRequired":true,"valueName":"search_term_string"}}],"inLanguage":"fr-FR"},{"@type":"Organization","@id":"https:\/\/lasentinelle.dz\/#organization","name":"Quotidien La Sentinelle","url":"https:\/\/lasentinelle.dz\/","logo":{"@type":"ImageObject","inLanguage":"fr-FR","@id":"https:\/\/lasentinelle.dz\/#\/schema\/logo\/image\/","url":"https:\/\/lasentinelle.dz\/wp-content\/uploads\/2021\/09\/logo-sentinelleSLOGAN-1.png","contentUrl":"https:\/\/lasentinelle.dz\/wp-content\/uploads\/2021\/09\/logo-sentinelleSLOGAN-1.png","width":615,"height":142,"caption":"Quotidien La Sentinelle"},"image":{"@id":"https:\/\/lasentinelle.dz\/#\/schema\/logo\/image\/"},"sameAs":["https:\/\/www.facebook.com\/La-Sentinelle-104059864394773"]},{"@type":"Person","@id":"https:\/\/lasentinelle.dz\/#\/schema\/person\/729ee0024f24e0b8c5ec17232f8e8b41","name":"admin","image":{"@type":"ImageObject","inLanguage":"fr-FR","@id":"https:\/\/secure.gravatar.com\/avatar\/4c81fed838786e9b53f540bf46533e750f5d292099ae3b66cfc6fb1982e29df7?s=96&d=mm&r=g","url":"https:\/\/secure.gravatar.com\/avatar\/4c81fed838786e9b53f540bf46533e750f5d292099ae3b66cfc6fb1982e29df7?s=96&d=mm&r=g","contentUrl":"https:\/\/secure.gravatar.com\/avatar\/4c81fed838786e9b53f540bf46533e750f5d292099ae3b66cfc6fb1982e29df7?s=96&d=mm&r=g","caption":"admin"},"description":"admin","url":"https:\/\/lasentinelle.dz\/author\/admin\/"}]}},"_links":{"self":[{"href":"https:\/\/lasentinelle.dz\/index.php\/wp-json\/wp\/v2\/posts\/63375","targetHints":{"allow":["GET"]}}],"collection":[{"href":"https:\/\/lasentinelle.dz\/index.php\/wp-json\/wp\/v2\/posts"}],"about":[{"href":"https:\/\/lasentinelle.dz\/index.php\/wp-json\/wp\/v2\/types\/post"}],"author":[{"embeddable":true,"href":"https:\/\/lasentinelle.dz\/index.php\/wp-json\/wp\/v2\/users\/6"}],"replies":[{"embeddable":true,"href":"https:\/\/lasentinelle.dz\/index.php\/wp-json\/wp\/v2\/comments?post=63375"}],"version-history":[{"count":1,"href":"https:\/\/lasentinelle.dz\/index.php\/wp-json\/wp\/v2\/posts\/63375\/revisions"}],"predecessor-version":[{"id":63377,"href":"https:\/\/lasentinelle.dz\/index.php\/wp-json\/wp\/v2\/posts\/63375\/revisions\/63377"}],"wp:featuredmedia":[{"embeddable":true,"href":"https:\/\/lasentinelle.dz\/index.php\/wp-json\/wp\/v2\/media\/63376"}],"wp:attachment":[{"href":"https:\/\/lasentinelle.dz\/index.php\/wp-json\/wp\/v2\/media?parent=63375"}],"wp:term":[{"taxonomy":"category","embeddable":true,"href":"https:\/\/lasentinelle.dz\/index.php\/wp-json\/wp\/v2\/categories?post=63375"},{"taxonomy":"post_tag","embeddable":true,"href":"https:\/\/lasentinelle.dz\/index.php\/wp-json\/wp\/v2\/tags?post=63375"}],"curies":[{"name":"wp","href":"https:\/\/api.w.org\/{rel}","templated":true}]}}