{"id":63412,"date":"2025-02-20T13:37:29","date_gmt":"2025-02-20T12:37:29","guid":{"rendered":"https:\/\/lasentinelle.dz\/?p=63412"},"modified":"2025-02-23T13:38:05","modified_gmt":"2025-02-23T12:38:05","slug":"lentite-sioniste-poursuit-la-mise-en-oeuvre-dun-nettoyage-ethnique-methodique","status":"publish","type":"post","link":"https:\/\/lasentinelle.dz\/index.php\/2025\/02\/20\/lentite-sioniste-poursuit-la-mise-en-oeuvre-dun-nettoyage-ethnique-methodique\/","title":{"rendered":"L&rsquo;entit\u00e9 sioniste poursuit la mise en \u0153uvre d&rsquo;un nettoyage ethnique m\u00e9thodique"},"content":{"rendered":"\n<p>Le minist\u00e8re palestinien des Affaires \u00e9trang\u00e8res a vivement condamn\u00e9 mardi l&rsquo;invasion par les forces d&rsquo;occupation sioniste des \u00e9coles de l&rsquo;Office des Nations unies pour les r\u00e9fugi\u00e9s palestiniens (UNRWA) \u00e0 El Qods-Est occup\u00e9e, une nouvelle escalade qui s&rsquo;inscrit dans une strat\u00e9gie plus large visant \u00e0 \u00e9liminer toute pr\u00e9sence palestinienne en territoires occup\u00e9s. Cette attaque contre les \u00e9tablissements de l&rsquo;UNRWA, qui a vu l&rsquo;utilisation de gaz lacrymog\u00e8nes et de bombes sonores contre des \u00e9l\u00e8ves en classe, constitue une violation flagrante de l&rsquo;immunit\u00e9 des Nations Unies, comme l&rsquo;a soulign\u00e9 le porte-parole de l&rsquo;ONU St\u00e9phane Dujarric. Elle intervient alors que l&rsquo;agence onusienne fait face \u00e0 une campagne de d\u00e9stabilisation sans pr\u00e9c\u00e9dent, son commissaire g\u00e9n\u00e9ral Philippe Lazzarini ayant averti la veille que l&rsquo;UNRWA pourrait s&rsquo;effondrer en raison des l\u00e9gislations isra\u00e9liennes ciblant ses op\u00e9rations et de la suspension des financements par les principaux donateurs. La diplomatie palestinienne voit dans ces actes une tentative d\u00e9lib\u00e9r\u00e9e d&rsquo;effacer la question palestinienne, d&rsquo;annuler le droit au retour des r\u00e9fugi\u00e9s et d&rsquo;\u00e9liminer la condition de r\u00e9fugi\u00e9, conform\u00e9ment aux objectifs coloniaux et expansionnistes de l&rsquo;occupant. Cette offensive contre l&rsquo;UNRWA s&rsquo;inscrit dans un contexte plus large de nettoyage ethnique syst\u00e9matique en Cisjordanie occup\u00e9e, particuli\u00e8rement visible dans les camps de r\u00e9fugi\u00e9s de J\u00e9nine et Tulkarem. \u00c0 J\u00e9nine, l&rsquo;agression sioniste se poursuit depuis 30 jours, causant 26 martyrs, des dizaines de bless\u00e9s et des milliers de d\u00e9plac\u00e9s. Le maire de la ville, Mohamed Jarar, a d\u00e9nonc\u00e9 une m\u00e9thode de destruction al\u00e9atoire visant \u00e0 rendre le camp inhabitable, for\u00e7ant le d\u00e9part de la majorit\u00e9 de ses r\u00e9sidents. \u00c0 Tulkarem, l&rsquo;arm\u00e9e d&rsquo;occupation a d\u00e9j\u00e0 d\u00e9truit 280 magasins et 50 maisons, dans ce que le vice-gouverneur Faisal Salama d\u00e9crit comme un plan syst\u00e9matique de remodelage g\u00e9ographique du camp. Cette politique de d\u00e9placement forc\u00e9 se manifeste \u00e9galement par l&rsquo;expansion continue des colonies, comme l&rsquo;illustre le r\u00e9cent appel d&rsquo;offres pour 974 nouvelles unit\u00e9s coloniales \u00e0 Bethlehem. Face \u00e0 cette situation, la pr\u00e9sidence palestinienne, par la voix de son porte-parole Nabil Abu Rudeineh, a r\u00e9affirm\u00e9 que le peuple palestinien n&rsquo;acceptera aucun plan de d\u00e9placement ou alternative allant \u00e0 l&rsquo;encontre de ses droits l\u00e9gitimes. \u00c0 Ghaza, la violence de l&rsquo;occupation continue de faire des victimes quotidiennes, comme en t\u00e9moigne le martyre ce mercredi d&rsquo;un enfant palestinien sous les balles sionistes \u00e0 Rafah, s&rsquo;ajoutant au bilan d\u00e9j\u00e0 catastrophique de l&rsquo;agression contre Ghaza qui a fait plus de 158.000 victimes depuis octobre 2023. La situation au Liban illustre \u00e9galement l&rsquo;ampleur de la destruction syst\u00e9matique men\u00e9e par l&rsquo;occupant, avec la d\u00e9couverte de 23 corps sous les d\u00e9combres de villages d\u00e9vast\u00e9s apr\u00e8s le retrait des troupes sionistes. Cette politique de la terre br\u00fbl\u00e9e, conjugu\u00e9e \u00e0 l&rsquo;offensive contre l&rsquo;UNRWA et \u00e0 l&rsquo;expansion coloniale en Cisjordanie, r\u00e9v\u00e8le une strat\u00e9gie globale visant \u00e0 enterrer d\u00e9finitivement la solution \u00e0 deux \u00c9tats et la question des r\u00e9fugi\u00e9s palestiniens, tout en poursuivant un nettoyage ethnique m\u00e9thodique dans les territoires occup\u00e9s.<\/p>\n\n\n\n<p>Lyes Sa\u00efdi<\/p>\n","protected":false},"excerpt":{"rendered":"<p>Le minist\u00e8re palestinien des Affaires \u00e9trang\u00e8res a vivement condamn\u00e9 mardi l&rsquo;invasion par les forces d&rsquo;occupation sioniste des \u00e9coles de l&rsquo;Office<\/p>\n","protected":false},"author":6,"featured_media":61817,"comment_status":"open","ping_status":"closed","sticky":false,"template":"","format":"standard","meta":{"colormag_page_container_layout":"default_layout","colormag_page_sidebar_layout":"default_layout","om_disable_all_campaigns":false,"_monsterinsights_skip_tracking":false,"_monsterinsights_sitenote_active":false,"_monsterinsights_sitenote_note":"","_monsterinsights_sitenote_category":0,"footnotes":"","_wpscppro_dont_share_socialmedia":false,"_wpscppro_custom_social_share_image":0,"_facebook_share_type":"default","_twitter_share_type":"default","_linkedin_share_type":"default","_pinterest_share_type":"default","_linkedin_share_type_page":"","_instagram_share_type":"default","_medium_share_type":"default","_threads_share_type":"","_google_business_share_type":"","_selected_social_profile":[],"_wpsp_enable_custom_social_template":false,"_wpsp_social_scheduling":{"enabled":false,"datetime":null,"platforms":[],"status":"template_only","dateOption":"today","timeOption":"now","customDays":"","customHours":"","customDate":"","customTime":"","schedulingType":"absolute"},"_wpsp_active_default_template":true},"categories":[37],"tags":[],"class_list":["post-63412","post","type-post","status-publish","format-standard","has-post-thumbnail","hentry","category-monde"],"aioseo_notices":[],"yoast_head":"<!-- This site is optimized with the Yoast SEO plugin v27.5 - https:\/\/yoast.com\/product\/yoast-seo-wordpress\/ -->\n<title>L&rsquo;entit\u00e9 sioniste poursuit la mise en \u0153uvre d&rsquo;un nettoyage ethnique m\u00e9thodique - La Sentinelle<\/title>\n<meta name=\"robots\" content=\"index, follow, max-snippet:-1, max-image-preview:large, max-video-preview:-1\" \/>\n<link rel=\"canonical\" href=\"https:\/\/lasentinelle.dz\/index.php\/2025\/02\/20\/lentite-sioniste-poursuit-la-mise-en-oeuvre-dun-nettoyage-ethnique-methodique\/\" \/>\n<meta property=\"og:locale\" content=\"fr_FR\" \/>\n<meta property=\"og:type\" content=\"article\" \/>\n<meta property=\"og:title\" content=\"L&rsquo;entit\u00e9 sioniste poursuit la mise en \u0153uvre d&rsquo;un nettoyage ethnique m\u00e9thodique - La Sentinelle\" \/>\n<meta property=\"og:description\" content=\"Le minist\u00e8re palestinien des Affaires \u00e9trang\u00e8res a vivement condamn\u00e9 mardi l&rsquo;invasion par les forces d&rsquo;occupation sioniste des \u00e9coles de l&rsquo;Office\" \/>\n<meta property=\"og:url\" content=\"https:\/\/lasentinelle.dz\/index.php\/2025\/02\/20\/lentite-sioniste-poursuit-la-mise-en-oeuvre-dun-nettoyage-ethnique-methodique\/\" \/>\n<meta property=\"og:site_name\" content=\"La Sentinelle\" \/>\n<meta property=\"article:publisher\" content=\"https:\/\/www.facebook.com\/La-Sentinelle-104059864394773\" \/>\n<meta property=\"article:published_time\" content=\"2025-02-20T12:37:29+00:00\" \/>\n<meta property=\"article:modified_time\" content=\"2025-02-23T12:38:05+00:00\" \/>\n<meta property=\"og:image\" content=\"https:\/\/lasentinelle.dz\/wp-content\/uploads\/2025\/01\/Ghaza-3.jpeg\" \/>\n\t<meta property=\"og:image:width\" content=\"1200\" \/>\n\t<meta property=\"og:image:height\" content=\"800\" \/>\n\t<meta property=\"og:image:type\" content=\"image\/jpeg\" \/>\n<meta name=\"author\" content=\"admin\" \/>\n<meta name=\"twitter:card\" content=\"summary_large_image\" \/>\n<meta name=\"twitter:label1\" content=\"\u00c9crit par\" \/>\n\t<meta name=\"twitter:data1\" content=\"admin\" \/>\n\t<meta name=\"twitter:label2\" content=\"Dur\u00e9e de lecture estim\u00e9e\" \/>\n\t<meta name=\"twitter:data2\" content=\"3 minutes\" \/>\n<script type=\"application\/ld+json\" class=\"yoast-schema-graph\">{\"@context\":\"https:\\\/\\\/schema.org\",\"@graph\":[{\"@type\":\"Article\",\"@id\":\"https:\\\/\\\/lasentinelle.dz\\\/index.php\\\/2025\\\/02\\\/20\\\/lentite-sioniste-poursuit-la-mise-en-oeuvre-dun-nettoyage-ethnique-methodique\\\/#article\",\"isPartOf\":{\"@id\":\"https:\\\/\\\/lasentinelle.dz\\\/index.php\\\/2025\\\/02\\\/20\\\/lentite-sioniste-poursuit-la-mise-en-oeuvre-dun-nettoyage-ethnique-methodique\\\/\"},\"author\":{\"name\":\"admin\",\"@id\":\"https:\\\/\\\/lasentinelle.dz\\\/#\\\/schema\\\/person\\\/729ee0024f24e0b8c5ec17232f8e8b41\"},\"headline\":\"L&rsquo;entit\u00e9 sioniste poursuit la mise en \u0153uvre d&rsquo;un nettoyage ethnique m\u00e9thodique\",\"datePublished\":\"2025-02-20T12:37:29+00:00\",\"dateModified\":\"2025-02-23T12:38:05+00:00\",\"mainEntityOfPage\":{\"@id\":\"https:\\\/\\\/lasentinelle.dz\\\/index.php\\\/2025\\\/02\\\/20\\\/lentite-sioniste-poursuit-la-mise-en-oeuvre-dun-nettoyage-ethnique-methodique\\\/\"},\"wordCount\":574,\"commentCount\":0,\"publisher\":{\"@id\":\"https:\\\/\\\/lasentinelle.dz\\\/#organization\"},\"image\":{\"@id\":\"https:\\\/\\\/lasentinelle.dz\\\/index.php\\\/2025\\\/02\\\/20\\\/lentite-sioniste-poursuit-la-mise-en-oeuvre-dun-nettoyage-ethnique-methodique\\\/#primaryimage\"},\"thumbnailUrl\":\"https:\\\/\\\/lasentinelle.dz\\\/wp-content\\\/uploads\\\/2025\\\/01\\\/Ghaza-3.jpeg\",\"articleSection\":[\"Monde\"],\"inLanguage\":\"fr-FR\",\"potentialAction\":[{\"@type\":\"CommentAction\",\"name\":\"Comment\",\"target\":[\"https:\\\/\\\/lasentinelle.dz\\\/index.php\\\/2025\\\/02\\\/20\\\/lentite-sioniste-poursuit-la-mise-en-oeuvre-dun-nettoyage-ethnique-methodique\\\/#respond\"]}]},{\"@type\":\"WebPage\",\"@id\":\"https:\\\/\\\/lasentinelle.dz\\\/index.php\\\/2025\\\/02\\\/20\\\/lentite-sioniste-poursuit-la-mise-en-oeuvre-dun-nettoyage-ethnique-methodique\\\/\",\"url\":\"https:\\\/\\\/lasentinelle.dz\\\/index.php\\\/2025\\\/02\\\/20\\\/lentite-sioniste-poursuit-la-mise-en-oeuvre-dun-nettoyage-ethnique-methodique\\\/\",\"name\":\"L&rsquo;entit\u00e9 sioniste poursuit la mise en \u0153uvre d&rsquo;un nettoyage ethnique m\u00e9thodique - La Sentinelle\",\"isPartOf\":{\"@id\":\"https:\\\/\\\/lasentinelle.dz\\\/#website\"},\"primaryImageOfPage\":{\"@id\":\"https:\\\/\\\/lasentinelle.dz\\\/index.php\\\/2025\\\/02\\\/20\\\/lentite-sioniste-poursuit-la-mise-en-oeuvre-dun-nettoyage-ethnique-methodique\\\/#primaryimage\"},\"image\":{\"@id\":\"https:\\\/\\\/lasentinelle.dz\\\/index.php\\\/2025\\\/02\\\/20\\\/lentite-sioniste-poursuit-la-mise-en-oeuvre-dun-nettoyage-ethnique-methodique\\\/#primaryimage\"},\"thumbnailUrl\":\"https:\\\/\\\/lasentinelle.dz\\\/wp-content\\\/uploads\\\/2025\\\/01\\\/Ghaza-3.jpeg\",\"datePublished\":\"2025-02-20T12:37:29+00:00\",\"dateModified\":\"2025-02-23T12:38:05+00:00\",\"breadcrumb\":{\"@id\":\"https:\\\/\\\/lasentinelle.dz\\\/index.php\\\/2025\\\/02\\\/20\\\/lentite-sioniste-poursuit-la-mise-en-oeuvre-dun-nettoyage-ethnique-methodique\\\/#breadcrumb\"},\"inLanguage\":\"fr-FR\",\"potentialAction\":[{\"@type\":\"ReadAction\",\"target\":[\"https:\\\/\\\/lasentinelle.dz\\\/index.php\\\/2025\\\/02\\\/20\\\/lentite-sioniste-poursuit-la-mise-en-oeuvre-dun-nettoyage-ethnique-methodique\\\/\"]}]},{\"@type\":\"ImageObject\",\"inLanguage\":\"fr-FR\",\"@id\":\"https:\\\/\\\/lasentinelle.dz\\\/index.php\\\/2025\\\/02\\\/20\\\/lentite-sioniste-poursuit-la-mise-en-oeuvre-dun-nettoyage-ethnique-methodique\\\/#primaryimage\",\"url\":\"https:\\\/\\\/lasentinelle.dz\\\/wp-content\\\/uploads\\\/2025\\\/01\\\/Ghaza-3.jpeg\",\"contentUrl\":\"https:\\\/\\\/lasentinelle.dz\\\/wp-content\\\/uploads\\\/2025\\\/01\\\/Ghaza-3.jpeg\",\"width\":1200,\"height\":800},{\"@type\":\"BreadcrumbList\",\"@id\":\"https:\\\/\\\/lasentinelle.dz\\\/index.php\\\/2025\\\/02\\\/20\\\/lentite-sioniste-poursuit-la-mise-en-oeuvre-dun-nettoyage-ethnique-methodique\\\/#breadcrumb\",\"itemListElement\":[{\"@type\":\"ListItem\",\"position\":1,\"name\":\"Accueil\",\"item\":\"https:\\\/\\\/lasentinelle.dz\\\/\"},{\"@type\":\"ListItem\",\"position\":2,\"name\":\"L&rsquo;entit\u00e9 sioniste poursuit la mise en \u0153uvre d&rsquo;un nettoyage ethnique m\u00e9thodique\"}]},{\"@type\":\"WebSite\",\"@id\":\"https:\\\/\\\/lasentinelle.dz\\\/#website\",\"url\":\"https:\\\/\\\/lasentinelle.dz\\\/\",\"name\":\"La Sentinelle\",\"description\":\"Quotidien national d&#039;information\",\"publisher\":{\"@id\":\"https:\\\/\\\/lasentinelle.dz\\\/#organization\"},\"potentialAction\":[{\"@type\":\"SearchAction\",\"target\":{\"@type\":\"EntryPoint\",\"urlTemplate\":\"https:\\\/\\\/lasentinelle.dz\\\/?s={search_term_string}\"},\"query-input\":{\"@type\":\"PropertyValueSpecification\",\"valueRequired\":true,\"valueName\":\"search_term_string\"}}],\"inLanguage\":\"fr-FR\"},{\"@type\":\"Organization\",\"@id\":\"https:\\\/\\\/lasentinelle.dz\\\/#organization\",\"name\":\"Quotidien La Sentinelle\",\"url\":\"https:\\\/\\\/lasentinelle.dz\\\/\",\"logo\":{\"@type\":\"ImageObject\",\"inLanguage\":\"fr-FR\",\"@id\":\"https:\\\/\\\/lasentinelle.dz\\\/#\\\/schema\\\/logo\\\/image\\\/\",\"url\":\"https:\\\/\\\/lasentinelle.dz\\\/wp-content\\\/uploads\\\/2021\\\/09\\\/logo-sentinelleSLOGAN-1.png\",\"contentUrl\":\"https:\\\/\\\/lasentinelle.dz\\\/wp-content\\\/uploads\\\/2021\\\/09\\\/logo-sentinelleSLOGAN-1.png\",\"width\":615,\"height\":142,\"caption\":\"Quotidien La Sentinelle\"},\"image\":{\"@id\":\"https:\\\/\\\/lasentinelle.dz\\\/#\\\/schema\\\/logo\\\/image\\\/\"},\"sameAs\":[\"https:\\\/\\\/www.facebook.com\\\/La-Sentinelle-104059864394773\"]},{\"@type\":\"Person\",\"@id\":\"https:\\\/\\\/lasentinelle.dz\\\/#\\\/schema\\\/person\\\/729ee0024f24e0b8c5ec17232f8e8b41\",\"name\":\"admin\",\"image\":{\"@type\":\"ImageObject\",\"inLanguage\":\"fr-FR\",\"@id\":\"https:\\\/\\\/secure.gravatar.com\\\/avatar\\\/4c81fed838786e9b53f540bf46533e750f5d292099ae3b66cfc6fb1982e29df7?s=96&d=mm&r=g\",\"url\":\"https:\\\/\\\/secure.gravatar.com\\\/avatar\\\/4c81fed838786e9b53f540bf46533e750f5d292099ae3b66cfc6fb1982e29df7?s=96&d=mm&r=g\",\"contentUrl\":\"https:\\\/\\\/secure.gravatar.com\\\/avatar\\\/4c81fed838786e9b53f540bf46533e750f5d292099ae3b66cfc6fb1982e29df7?s=96&d=mm&r=g\",\"caption\":\"admin\"},\"description\":\"admin\",\"url\":\"https:\\\/\\\/lasentinelle.dz\\\/author\\\/admin\\\/\"}]}<\/script>\n<!-- \/ Yoast SEO plugin. -->","yoast_head_json":{"title":"L&rsquo;entit\u00e9 sioniste poursuit la mise en \u0153uvre d&rsquo;un nettoyage ethnique m\u00e9thodique - La Sentinelle","robots":{"index":"index","follow":"follow","max-snippet":"max-snippet:-1","max-image-preview":"max-image-preview:large","max-video-preview":"max-video-preview:-1"},"canonical":"https:\/\/lasentinelle.dz\/index.php\/2025\/02\/20\/lentite-sioniste-poursuit-la-mise-en-oeuvre-dun-nettoyage-ethnique-methodique\/","og_locale":"fr_FR","og_type":"article","og_title":"L&rsquo;entit\u00e9 sioniste poursuit la mise en \u0153uvre d&rsquo;un nettoyage ethnique m\u00e9thodique - La Sentinelle","og_description":"Le minist\u00e8re palestinien des Affaires \u00e9trang\u00e8res a vivement condamn\u00e9 mardi l&rsquo;invasion par les forces d&rsquo;occupation sioniste des \u00e9coles de l&rsquo;Office","og_url":"https:\/\/lasentinelle.dz\/index.php\/2025\/02\/20\/lentite-sioniste-poursuit-la-mise-en-oeuvre-dun-nettoyage-ethnique-methodique\/","og_site_name":"La Sentinelle","article_publisher":"https:\/\/www.facebook.com\/La-Sentinelle-104059864394773","article_published_time":"2025-02-20T12:37:29+00:00","article_modified_time":"2025-02-23T12:38:05+00:00","og_image":[{"width":1200,"height":800,"url":"https:\/\/lasentinelle.dz\/wp-content\/uploads\/2025\/01\/Ghaza-3.jpeg","type":"image\/jpeg"}],"author":"admin","twitter_card":"summary_large_image","twitter_misc":{"\u00c9crit par":"admin","Dur\u00e9e de lecture estim\u00e9e":"3 minutes"},"schema":{"@context":"https:\/\/schema.org","@graph":[{"@type":"Article","@id":"https:\/\/lasentinelle.dz\/index.php\/2025\/02\/20\/lentite-sioniste-poursuit-la-mise-en-oeuvre-dun-nettoyage-ethnique-methodique\/#article","isPartOf":{"@id":"https:\/\/lasentinelle.dz\/index.php\/2025\/02\/20\/lentite-sioniste-poursuit-la-mise-en-oeuvre-dun-nettoyage-ethnique-methodique\/"},"author":{"name":"admin","@id":"https:\/\/lasentinelle.dz\/#\/schema\/person\/729ee0024f24e0b8c5ec17232f8e8b41"},"headline":"L&rsquo;entit\u00e9 sioniste poursuit la mise en \u0153uvre d&rsquo;un nettoyage ethnique m\u00e9thodique","datePublished":"2025-02-20T12:37:29+00:00","dateModified":"2025-02-23T12:38:05+00:00","mainEntityOfPage":{"@id":"https:\/\/lasentinelle.dz\/index.php\/2025\/02\/20\/lentite-sioniste-poursuit-la-mise-en-oeuvre-dun-nettoyage-ethnique-methodique\/"},"wordCount":574,"commentCount":0,"publisher":{"@id":"https:\/\/lasentinelle.dz\/#organization"},"image":{"@id":"https:\/\/lasentinelle.dz\/index.php\/2025\/02\/20\/lentite-sioniste-poursuit-la-mise-en-oeuvre-dun-nettoyage-ethnique-methodique\/#primaryimage"},"thumbnailUrl":"https:\/\/lasentinelle.dz\/wp-content\/uploads\/2025\/01\/Ghaza-3.jpeg","articleSection":["Monde"],"inLanguage":"fr-FR","potentialAction":[{"@type":"CommentAction","name":"Comment","target":["https:\/\/lasentinelle.dz\/index.php\/2025\/02\/20\/lentite-sioniste-poursuit-la-mise-en-oeuvre-dun-nettoyage-ethnique-methodique\/#respond"]}]},{"@type":"WebPage","@id":"https:\/\/lasentinelle.dz\/index.php\/2025\/02\/20\/lentite-sioniste-poursuit-la-mise-en-oeuvre-dun-nettoyage-ethnique-methodique\/","url":"https:\/\/lasentinelle.dz\/index.php\/2025\/02\/20\/lentite-sioniste-poursuit-la-mise-en-oeuvre-dun-nettoyage-ethnique-methodique\/","name":"L&rsquo;entit\u00e9 sioniste poursuit la mise en \u0153uvre d&rsquo;un nettoyage ethnique m\u00e9thodique - La Sentinelle","isPartOf":{"@id":"https:\/\/lasentinelle.dz\/#website"},"primaryImageOfPage":{"@id":"https:\/\/lasentinelle.dz\/index.php\/2025\/02\/20\/lentite-sioniste-poursuit-la-mise-en-oeuvre-dun-nettoyage-ethnique-methodique\/#primaryimage"},"image":{"@id":"https:\/\/lasentinelle.dz\/index.php\/2025\/02\/20\/lentite-sioniste-poursuit-la-mise-en-oeuvre-dun-nettoyage-ethnique-methodique\/#primaryimage"},"thumbnailUrl":"https:\/\/lasentinelle.dz\/wp-content\/uploads\/2025\/01\/Ghaza-3.jpeg","datePublished":"2025-02-20T12:37:29+00:00","dateModified":"2025-02-23T12:38:05+00:00","breadcrumb":{"@id":"https:\/\/lasentinelle.dz\/index.php\/2025\/02\/20\/lentite-sioniste-poursuit-la-mise-en-oeuvre-dun-nettoyage-ethnique-methodique\/#breadcrumb"},"inLanguage":"fr-FR","potentialAction":[{"@type":"ReadAction","target":["https:\/\/lasentinelle.dz\/index.php\/2025\/02\/20\/lentite-sioniste-poursuit-la-mise-en-oeuvre-dun-nettoyage-ethnique-methodique\/"]}]},{"@type":"ImageObject","inLanguage":"fr-FR","@id":"https:\/\/lasentinelle.dz\/index.php\/2025\/02\/20\/lentite-sioniste-poursuit-la-mise-en-oeuvre-dun-nettoyage-ethnique-methodique\/#primaryimage","url":"https:\/\/lasentinelle.dz\/wp-content\/uploads\/2025\/01\/Ghaza-3.jpeg","contentUrl":"https:\/\/lasentinelle.dz\/wp-content\/uploads\/2025\/01\/Ghaza-3.jpeg","width":1200,"height":800},{"@type":"BreadcrumbList","@id":"https:\/\/lasentinelle.dz\/index.php\/2025\/02\/20\/lentite-sioniste-poursuit-la-mise-en-oeuvre-dun-nettoyage-ethnique-methodique\/#breadcrumb","itemListElement":[{"@type":"ListItem","position":1,"name":"Accueil","item":"https:\/\/lasentinelle.dz\/"},{"@type":"ListItem","position":2,"name":"L&rsquo;entit\u00e9 sioniste poursuit la mise en \u0153uvre d&rsquo;un nettoyage ethnique m\u00e9thodique"}]},{"@type":"WebSite","@id":"https:\/\/lasentinelle.dz\/#website","url":"https:\/\/lasentinelle.dz\/","name":"La Sentinelle","description":"Quotidien national d&#039;information","publisher":{"@id":"https:\/\/lasentinelle.dz\/#organization"},"potentialAction":[{"@type":"SearchAction","target":{"@type":"EntryPoint","urlTemplate":"https:\/\/lasentinelle.dz\/?s={search_term_string}"},"query-input":{"@type":"PropertyValueSpecification","valueRequired":true,"valueName":"search_term_string"}}],"inLanguage":"fr-FR"},{"@type":"Organization","@id":"https:\/\/lasentinelle.dz\/#organization","name":"Quotidien La Sentinelle","url":"https:\/\/lasentinelle.dz\/","logo":{"@type":"ImageObject","inLanguage":"fr-FR","@id":"https:\/\/lasentinelle.dz\/#\/schema\/logo\/image\/","url":"https:\/\/lasentinelle.dz\/wp-content\/uploads\/2021\/09\/logo-sentinelleSLOGAN-1.png","contentUrl":"https:\/\/lasentinelle.dz\/wp-content\/uploads\/2021\/09\/logo-sentinelleSLOGAN-1.png","width":615,"height":142,"caption":"Quotidien La Sentinelle"},"image":{"@id":"https:\/\/lasentinelle.dz\/#\/schema\/logo\/image\/"},"sameAs":["https:\/\/www.facebook.com\/La-Sentinelle-104059864394773"]},{"@type":"Person","@id":"https:\/\/lasentinelle.dz\/#\/schema\/person\/729ee0024f24e0b8c5ec17232f8e8b41","name":"admin","image":{"@type":"ImageObject","inLanguage":"fr-FR","@id":"https:\/\/secure.gravatar.com\/avatar\/4c81fed838786e9b53f540bf46533e750f5d292099ae3b66cfc6fb1982e29df7?s=96&d=mm&r=g","url":"https:\/\/secure.gravatar.com\/avatar\/4c81fed838786e9b53f540bf46533e750f5d292099ae3b66cfc6fb1982e29df7?s=96&d=mm&r=g","contentUrl":"https:\/\/secure.gravatar.com\/avatar\/4c81fed838786e9b53f540bf46533e750f5d292099ae3b66cfc6fb1982e29df7?s=96&d=mm&r=g","caption":"admin"},"description":"admin","url":"https:\/\/lasentinelle.dz\/author\/admin\/"}]}},"_links":{"self":[{"href":"https:\/\/lasentinelle.dz\/index.php\/wp-json\/wp\/v2\/posts\/63412","targetHints":{"allow":["GET"]}}],"collection":[{"href":"https:\/\/lasentinelle.dz\/index.php\/wp-json\/wp\/v2\/posts"}],"about":[{"href":"https:\/\/lasentinelle.dz\/index.php\/wp-json\/wp\/v2\/types\/post"}],"author":[{"embeddable":true,"href":"https:\/\/lasentinelle.dz\/index.php\/wp-json\/wp\/v2\/users\/6"}],"replies":[{"embeddable":true,"href":"https:\/\/lasentinelle.dz\/index.php\/wp-json\/wp\/v2\/comments?post=63412"}],"version-history":[{"count":2,"href":"https:\/\/lasentinelle.dz\/index.php\/wp-json\/wp\/v2\/posts\/63412\/revisions"}],"predecessor-version":[{"id":63414,"href":"https:\/\/lasentinelle.dz\/index.php\/wp-json\/wp\/v2\/posts\/63412\/revisions\/63414"}],"wp:featuredmedia":[{"embeddable":true,"href":"https:\/\/lasentinelle.dz\/index.php\/wp-json\/wp\/v2\/media\/61817"}],"wp:attachment":[{"href":"https:\/\/lasentinelle.dz\/index.php\/wp-json\/wp\/v2\/media?parent=63412"}],"wp:term":[{"taxonomy":"category","embeddable":true,"href":"https:\/\/lasentinelle.dz\/index.php\/wp-json\/wp\/v2\/categories?post=63412"},{"taxonomy":"post_tag","embeddable":true,"href":"https:\/\/lasentinelle.dz\/index.php\/wp-json\/wp\/v2\/tags?post=63412"}],"curies":[{"name":"wp","href":"https:\/\/api.w.org\/{rel}","templated":true}]}}