{"id":63450,"date":"2025-02-24T10:56:29","date_gmt":"2025-02-24T09:56:29","guid":{"rendered":"https:\/\/lasentinelle.dz\/?p=63450"},"modified":"2025-02-24T10:56:30","modified_gmt":"2025-02-24T09:56:30","slug":"guelma-la-grotte-du-mont-debagh-ouverte-aux-explorateurs","status":"publish","type":"post","link":"https:\/\/lasentinelle.dz\/index.php\/2025\/02\/24\/guelma-la-grotte-du-mont-debagh-ouverte-aux-explorateurs\/","title":{"rendered":"Guelma : La grotte du mont Debagh ouverte aux explorateurs"},"content":{"rendered":"\n<p>La premi\u00e8re op\u00e9ration d&rsquo;exploration de deux grottes profondes dans le mont Debagh a eu lieu il y a plus de 5 ans. Elle a \u00e9t\u00e9 dirig\u00e9e \u00e0 l&rsquo;\u00e9poque par l&rsquo;association de la \u00ab&nbsp;Grotte du groupe&nbsp;\u00bb pour le tourisme et le sport de montagne de la commune de Bouhamdane de la wilaya de Guelma.<\/p>\n\n\n\n<p>Des explorateurs alg\u00e9riens ont r\u00e9ussi entre vendredi et samedi, \u00e0 \u00e9tablir de nouveaux records dans l&rsquo;exploration des grottes profondes en atteignant une profondeur de 200 m\u00e8tres \u00e0 l&rsquo;int\u00e9rieur d&rsquo;une grotte verticale situ\u00e9e dans le mont Dabbagh, au nord de Guelma. Selon Une source proche, l&rsquo;\u00e9quipe d&rsquo;exploration a fait savoir que la profondeur atteinte, par les explorateurs alg\u00e9riens, place la grotte verticale dans le mont de Debagh, comme \u00e9tant la plus profonde grotte d&rsquo;Alg\u00e9rie et d&rsquo;Afrique du Nord \u00e0 ce jour. Selon la m\u00eame source, l&rsquo;op\u00e9ration a \u00e9t\u00e9 d\u00e9crite comme une \u00e9tape audacieuse sans pr\u00e9c\u00e9dent en Alg\u00e9rie, dirig\u00e9e par une \u00e9quipe de l&rsquo;association d&rsquo;exploration et de sport de montagne de B\u00e9ja\u00efa. Ont particip\u00e9 \u00e0 cette exploration, des membres de l&rsquo;association de la Grotte du groupe pour le tourisme et le sport de montagne de la commune de Bouhamdane, situ\u00e9e \u00e0 l&rsquo;ouest de Guelma, fait savoir notre source. Selon cette derni\u00e8re, cette exploration rare renforce la position de l&rsquo;Alg\u00e9rie dans le domaine de l&rsquo;exploration et permet de r\u00e9v\u00e9ler davantage de secrets enfouis sous les sommets montagneux, au service de la recherche scientifique et du d\u00e9veloppement du tourisme national, tout en incitant davantage de professionnels et d&rsquo;amateurs \u00e0 poursuivre les op\u00e9rations d&rsquo;exploration \u00e0 travers diverses r\u00e9gions du pays. La m\u00eame source a estim\u00e9 qu\u2019apr\u00e8s avoir atteint la plus grande profondeur rocheuse en Alg\u00e9rie et en Afrique du Nord, l&rsquo;\u00e9quipe d&rsquo;exploration a poursuivi son travail samedi, dans une grotte horizontale adjacente \u00e0 la grotte verticale du mont Dabbagh. Notre source a fait savoir que cette aventure audacieuse est la deuxi\u00e8me \u00e0 se d\u00e9rouler dans les grottes du mont Debagh \u00e0 Guelma, apr\u00e8s qu&rsquo;une \u00e9quipe d&rsquo;exploration alg\u00e9rienne ait pr\u00e9c\u00e9demment atteint une profondeur allant de 130 \u00e0 150 m\u00e8tres dans les grottes du mont Debagh en octobre 2019. Ce groupe d&rsquo;amateurs d&rsquo;exploration de grottes profondes de l&rsquo;Est du pays avait r\u00e9ussi \u00e0 explorer deux grandes grottes au sommet du mont Debagh, dans l&rsquo;une des missions les plus difficiles, complexes et dangereuses, apr\u00e8s d&rsquo;autres explorations de grottes dans plusieurs autres wilayas du pays, y compris les grottes du mont Taya dans la commune de Bouhamdane. Selon les explications apport\u00e9es par notre source, la premi\u00e8re op\u00e9ration d&rsquo;exploration de deux grottes profondes dans le mont Dabbagh a eu lieu il y a plus de cinq ans. L\u2019op\u00e9ration a \u00e9t\u00e9 dirig\u00e9e \u00e0 l&rsquo;\u00e9poque par l&rsquo;association de la grotte du groupe pour le tourisme et le sport de montagne de la commune de Bouhamdane , avec la participation de clubs de l&rsquo;Est alg\u00e9rien, dont le club de B\u00e9ja\u00efa, compos\u00e9 de neuf membres, dont trois femmes, le club de Constantine, avec quatre membres, et le club d&rsquo;A\u00efn Be\u00efda de la wilaya d&rsquo;Oum El-Bouaghi, avec trois membres. Les participants avaient \u00e9t\u00e9 \u00e0 l\u2019\u00e9poque, divis\u00e9s en deux \u00e9quipes, \u00e9quip\u00e9es de tout le mat\u00e9riel d&rsquo;exploration et d&rsquo;escalade, dont les cordes, v\u00eatements de protection, lampes torches et appareils photo. Les explorateurs avaient \u00e9t\u00e9 instruits de ne pas d\u00e9passer une profondeur de 150 m\u00e8tres dans chaque grotte, nous explique-t-on. Les explorateurs ayant atteint \u00e0 cette \u00e9poque, l\u2019extr\u00eame profondeur dans la grotte, ont affirm\u00e9 qu&rsquo;elle avait des caract\u00e9ristiques changeantes selon les sections. Les premiers 25 m\u00e8tres constituent une cavit\u00e9 s&rsquo;\u00e9tendant d&rsquo;Est en Ouest, sur une largeur de 6 m\u00e8tres, et o\u00f9 les explorateurs devaient toucher les parois rocheuses avant d&rsquo;atteindre une autre section presque circulaire, longue d&rsquo;environ 130 m\u00e8tres, dans laquelle la descente se faisait dans le vide. Cette partie \u00e9tait le passage le plus difficile o\u00f9 le niveau de prudence \u00e9tait \u00e9lev\u00e9. Cependant, les explorateurs alg\u00e9riens ont r\u00e9ussi cette fois \u00e0 d\u00e9passer la profondeur initiale et \u00e0 atteindre les 200 m\u00e8tres sous la surface du mont Debagh. Un exploit record qui fait de cette grotte l&rsquo;une des plus profondes grottes explor\u00e9es \u00e0 ce jour en Alg\u00e9rie et en Afrique du Nord.<\/p>\n\n\n\n<p>Sofia Chahine<\/p>\n","protected":false},"excerpt":{"rendered":"<p>La premi\u00e8re op\u00e9ration d&rsquo;exploration de deux grottes profondes dans le mont Debagh a eu lieu il y a plus de<\/p>\n","protected":false},"author":6,"featured_media":63451,"comment_status":"open","ping_status":"closed","sticky":false,"template":"","format":"standard","meta":{"colormag_page_container_layout":"default_layout","colormag_page_sidebar_layout":"default_layout","om_disable_all_campaigns":false,"_monsterinsights_skip_tracking":false,"_monsterinsights_sitenote_active":false,"_monsterinsights_sitenote_note":"","_monsterinsights_sitenote_category":0,"footnotes":"","_wpscppro_dont_share_socialmedia":false,"_wpscppro_custom_social_share_image":0,"_facebook_share_type":"default","_twitter_share_type":"default","_linkedin_share_type":"default","_pinterest_share_type":"default","_linkedin_share_type_page":"","_instagram_share_type":"default","_medium_share_type":"default","_threads_share_type":"","_google_business_share_type":"","_selected_social_profile":[],"_wpsp_enable_custom_social_template":false,"_wpsp_social_scheduling":{"enabled":false,"datetime":null,"platforms":[],"status":"template_only","dateOption":"today","timeOption":"now","customDays":"","customHours":"","customDate":"","customTime":"","schedulingType":"absolute"},"_wpsp_active_default_template":true},"categories":[31],"tags":[],"class_list":["post-63450","post","type-post","status-publish","format-standard","has-post-thumbnail","hentry","category-regions"],"aioseo_notices":[],"yoast_head":"<!-- This site is optimized with the Yoast SEO plugin v27.5 - https:\/\/yoast.com\/product\/yoast-seo-wordpress\/ -->\n<title>Guelma : La grotte du mont Debagh ouverte aux explorateurs - La Sentinelle<\/title>\n<meta name=\"robots\" content=\"index, follow, max-snippet:-1, max-image-preview:large, max-video-preview:-1\" \/>\n<link rel=\"canonical\" href=\"https:\/\/lasentinelle.dz\/index.php\/2025\/02\/24\/guelma-la-grotte-du-mont-debagh-ouverte-aux-explorateurs\/\" \/>\n<meta property=\"og:locale\" content=\"fr_FR\" \/>\n<meta property=\"og:type\" content=\"article\" \/>\n<meta property=\"og:title\" content=\"Guelma : La grotte du mont Debagh ouverte aux explorateurs - La Sentinelle\" \/>\n<meta property=\"og:description\" content=\"La premi\u00e8re op\u00e9ration d&rsquo;exploration de deux grottes profondes dans le mont Debagh a eu lieu il y a plus de\" \/>\n<meta property=\"og:url\" content=\"https:\/\/lasentinelle.dz\/index.php\/2025\/02\/24\/guelma-la-grotte-du-mont-debagh-ouverte-aux-explorateurs\/\" \/>\n<meta property=\"og:site_name\" content=\"La Sentinelle\" \/>\n<meta property=\"article:publisher\" content=\"https:\/\/www.facebook.com\/La-Sentinelle-104059864394773\" \/>\n<meta property=\"article:published_time\" content=\"2025-02-24T09:56:29+00:00\" \/>\n<meta property=\"article:modified_time\" content=\"2025-02-24T09:56:30+00:00\" \/>\n<meta property=\"og:image\" content=\"https:\/\/lasentinelle.dz\/wp-content\/uploads\/2025\/02\/grotte.jpeg\" \/>\n\t<meta property=\"og:image:width\" content=\"275\" \/>\n\t<meta property=\"og:image:height\" content=\"183\" \/>\n\t<meta property=\"og:image:type\" content=\"image\/jpeg\" \/>\n<meta name=\"author\" content=\"admin\" \/>\n<meta name=\"twitter:card\" content=\"summary_large_image\" \/>\n<meta name=\"twitter:label1\" content=\"\u00c9crit par\" \/>\n\t<meta name=\"twitter:data1\" content=\"admin\" \/>\n\t<meta name=\"twitter:label2\" content=\"Dur\u00e9e de lecture estim\u00e9e\" \/>\n\t<meta name=\"twitter:data2\" content=\"4 minutes\" \/>\n<script type=\"application\/ld+json\" class=\"yoast-schema-graph\">{\"@context\":\"https:\\\/\\\/schema.org\",\"@graph\":[{\"@type\":\"Article\",\"@id\":\"https:\\\/\\\/lasentinelle.dz\\\/index.php\\\/2025\\\/02\\\/24\\\/guelma-la-grotte-du-mont-debagh-ouverte-aux-explorateurs\\\/#article\",\"isPartOf\":{\"@id\":\"https:\\\/\\\/lasentinelle.dz\\\/index.php\\\/2025\\\/02\\\/24\\\/guelma-la-grotte-du-mont-debagh-ouverte-aux-explorateurs\\\/\"},\"author\":{\"name\":\"admin\",\"@id\":\"https:\\\/\\\/lasentinelle.dz\\\/#\\\/schema\\\/person\\\/729ee0024f24e0b8c5ec17232f8e8b41\"},\"headline\":\"Guelma : La grotte du mont Debagh ouverte aux explorateurs\",\"datePublished\":\"2025-02-24T09:56:29+00:00\",\"dateModified\":\"2025-02-24T09:56:30+00:00\",\"mainEntityOfPage\":{\"@id\":\"https:\\\/\\\/lasentinelle.dz\\\/index.php\\\/2025\\\/02\\\/24\\\/guelma-la-grotte-du-mont-debagh-ouverte-aux-explorateurs\\\/\"},\"wordCount\":772,\"commentCount\":0,\"publisher\":{\"@id\":\"https:\\\/\\\/lasentinelle.dz\\\/#organization\"},\"image\":{\"@id\":\"https:\\\/\\\/lasentinelle.dz\\\/index.php\\\/2025\\\/02\\\/24\\\/guelma-la-grotte-du-mont-debagh-ouverte-aux-explorateurs\\\/#primaryimage\"},\"thumbnailUrl\":\"https:\\\/\\\/lasentinelle.dz\\\/wp-content\\\/uploads\\\/2025\\\/02\\\/grotte.jpeg\",\"articleSection\":[\"R\u00e9gions\"],\"inLanguage\":\"fr-FR\",\"potentialAction\":[{\"@type\":\"CommentAction\",\"name\":\"Comment\",\"target\":[\"https:\\\/\\\/lasentinelle.dz\\\/index.php\\\/2025\\\/02\\\/24\\\/guelma-la-grotte-du-mont-debagh-ouverte-aux-explorateurs\\\/#respond\"]}]},{\"@type\":\"WebPage\",\"@id\":\"https:\\\/\\\/lasentinelle.dz\\\/index.php\\\/2025\\\/02\\\/24\\\/guelma-la-grotte-du-mont-debagh-ouverte-aux-explorateurs\\\/\",\"url\":\"https:\\\/\\\/lasentinelle.dz\\\/index.php\\\/2025\\\/02\\\/24\\\/guelma-la-grotte-du-mont-debagh-ouverte-aux-explorateurs\\\/\",\"name\":\"Guelma : La grotte du mont Debagh ouverte aux explorateurs - La Sentinelle\",\"isPartOf\":{\"@id\":\"https:\\\/\\\/lasentinelle.dz\\\/#website\"},\"primaryImageOfPage\":{\"@id\":\"https:\\\/\\\/lasentinelle.dz\\\/index.php\\\/2025\\\/02\\\/24\\\/guelma-la-grotte-du-mont-debagh-ouverte-aux-explorateurs\\\/#primaryimage\"},\"image\":{\"@id\":\"https:\\\/\\\/lasentinelle.dz\\\/index.php\\\/2025\\\/02\\\/24\\\/guelma-la-grotte-du-mont-debagh-ouverte-aux-explorateurs\\\/#primaryimage\"},\"thumbnailUrl\":\"https:\\\/\\\/lasentinelle.dz\\\/wp-content\\\/uploads\\\/2025\\\/02\\\/grotte.jpeg\",\"datePublished\":\"2025-02-24T09:56:29+00:00\",\"dateModified\":\"2025-02-24T09:56:30+00:00\",\"breadcrumb\":{\"@id\":\"https:\\\/\\\/lasentinelle.dz\\\/index.php\\\/2025\\\/02\\\/24\\\/guelma-la-grotte-du-mont-debagh-ouverte-aux-explorateurs\\\/#breadcrumb\"},\"inLanguage\":\"fr-FR\",\"potentialAction\":[{\"@type\":\"ReadAction\",\"target\":[\"https:\\\/\\\/lasentinelle.dz\\\/index.php\\\/2025\\\/02\\\/24\\\/guelma-la-grotte-du-mont-debagh-ouverte-aux-explorateurs\\\/\"]}]},{\"@type\":\"ImageObject\",\"inLanguage\":\"fr-FR\",\"@id\":\"https:\\\/\\\/lasentinelle.dz\\\/index.php\\\/2025\\\/02\\\/24\\\/guelma-la-grotte-du-mont-debagh-ouverte-aux-explorateurs\\\/#primaryimage\",\"url\":\"https:\\\/\\\/lasentinelle.dz\\\/wp-content\\\/uploads\\\/2025\\\/02\\\/grotte.jpeg\",\"contentUrl\":\"https:\\\/\\\/lasentinelle.dz\\\/wp-content\\\/uploads\\\/2025\\\/02\\\/grotte.jpeg\",\"width\":275,\"height\":183},{\"@type\":\"BreadcrumbList\",\"@id\":\"https:\\\/\\\/lasentinelle.dz\\\/index.php\\\/2025\\\/02\\\/24\\\/guelma-la-grotte-du-mont-debagh-ouverte-aux-explorateurs\\\/#breadcrumb\",\"itemListElement\":[{\"@type\":\"ListItem\",\"position\":1,\"name\":\"Accueil\",\"item\":\"https:\\\/\\\/lasentinelle.dz\\\/\"},{\"@type\":\"ListItem\",\"position\":2,\"name\":\"Guelma : La grotte du mont Debagh ouverte aux explorateurs\"}]},{\"@type\":\"WebSite\",\"@id\":\"https:\\\/\\\/lasentinelle.dz\\\/#website\",\"url\":\"https:\\\/\\\/lasentinelle.dz\\\/\",\"name\":\"La Sentinelle\",\"description\":\"Quotidien national d&#039;information\",\"publisher\":{\"@id\":\"https:\\\/\\\/lasentinelle.dz\\\/#organization\"},\"potentialAction\":[{\"@type\":\"SearchAction\",\"target\":{\"@type\":\"EntryPoint\",\"urlTemplate\":\"https:\\\/\\\/lasentinelle.dz\\\/?s={search_term_string}\"},\"query-input\":{\"@type\":\"PropertyValueSpecification\",\"valueRequired\":true,\"valueName\":\"search_term_string\"}}],\"inLanguage\":\"fr-FR\"},{\"@type\":\"Organization\",\"@id\":\"https:\\\/\\\/lasentinelle.dz\\\/#organization\",\"name\":\"Quotidien La Sentinelle\",\"url\":\"https:\\\/\\\/lasentinelle.dz\\\/\",\"logo\":{\"@type\":\"ImageObject\",\"inLanguage\":\"fr-FR\",\"@id\":\"https:\\\/\\\/lasentinelle.dz\\\/#\\\/schema\\\/logo\\\/image\\\/\",\"url\":\"https:\\\/\\\/lasentinelle.dz\\\/wp-content\\\/uploads\\\/2021\\\/09\\\/logo-sentinelleSLOGAN-1.png\",\"contentUrl\":\"https:\\\/\\\/lasentinelle.dz\\\/wp-content\\\/uploads\\\/2021\\\/09\\\/logo-sentinelleSLOGAN-1.png\",\"width\":615,\"height\":142,\"caption\":\"Quotidien La Sentinelle\"},\"image\":{\"@id\":\"https:\\\/\\\/lasentinelle.dz\\\/#\\\/schema\\\/logo\\\/image\\\/\"},\"sameAs\":[\"https:\\\/\\\/www.facebook.com\\\/La-Sentinelle-104059864394773\"]},{\"@type\":\"Person\",\"@id\":\"https:\\\/\\\/lasentinelle.dz\\\/#\\\/schema\\\/person\\\/729ee0024f24e0b8c5ec17232f8e8b41\",\"name\":\"admin\",\"image\":{\"@type\":\"ImageObject\",\"inLanguage\":\"fr-FR\",\"@id\":\"https:\\\/\\\/secure.gravatar.com\\\/avatar\\\/4c81fed838786e9b53f540bf46533e750f5d292099ae3b66cfc6fb1982e29df7?s=96&d=mm&r=g\",\"url\":\"https:\\\/\\\/secure.gravatar.com\\\/avatar\\\/4c81fed838786e9b53f540bf46533e750f5d292099ae3b66cfc6fb1982e29df7?s=96&d=mm&r=g\",\"contentUrl\":\"https:\\\/\\\/secure.gravatar.com\\\/avatar\\\/4c81fed838786e9b53f540bf46533e750f5d292099ae3b66cfc6fb1982e29df7?s=96&d=mm&r=g\",\"caption\":\"admin\"},\"description\":\"admin\",\"url\":\"https:\\\/\\\/lasentinelle.dz\\\/author\\\/admin\\\/\"}]}<\/script>\n<!-- \/ Yoast SEO plugin. -->","yoast_head_json":{"title":"Guelma : La grotte du mont Debagh ouverte aux explorateurs - La Sentinelle","robots":{"index":"index","follow":"follow","max-snippet":"max-snippet:-1","max-image-preview":"max-image-preview:large","max-video-preview":"max-video-preview:-1"},"canonical":"https:\/\/lasentinelle.dz\/index.php\/2025\/02\/24\/guelma-la-grotte-du-mont-debagh-ouverte-aux-explorateurs\/","og_locale":"fr_FR","og_type":"article","og_title":"Guelma : La grotte du mont Debagh ouverte aux explorateurs - La Sentinelle","og_description":"La premi\u00e8re op\u00e9ration d&rsquo;exploration de deux grottes profondes dans le mont Debagh a eu lieu il y a plus de","og_url":"https:\/\/lasentinelle.dz\/index.php\/2025\/02\/24\/guelma-la-grotte-du-mont-debagh-ouverte-aux-explorateurs\/","og_site_name":"La Sentinelle","article_publisher":"https:\/\/www.facebook.com\/La-Sentinelle-104059864394773","article_published_time":"2025-02-24T09:56:29+00:00","article_modified_time":"2025-02-24T09:56:30+00:00","og_image":[{"width":275,"height":183,"url":"https:\/\/lasentinelle.dz\/wp-content\/uploads\/2025\/02\/grotte.jpeg","type":"image\/jpeg"}],"author":"admin","twitter_card":"summary_large_image","twitter_misc":{"\u00c9crit par":"admin","Dur\u00e9e de lecture estim\u00e9e":"4 minutes"},"schema":{"@context":"https:\/\/schema.org","@graph":[{"@type":"Article","@id":"https:\/\/lasentinelle.dz\/index.php\/2025\/02\/24\/guelma-la-grotte-du-mont-debagh-ouverte-aux-explorateurs\/#article","isPartOf":{"@id":"https:\/\/lasentinelle.dz\/index.php\/2025\/02\/24\/guelma-la-grotte-du-mont-debagh-ouverte-aux-explorateurs\/"},"author":{"name":"admin","@id":"https:\/\/lasentinelle.dz\/#\/schema\/person\/729ee0024f24e0b8c5ec17232f8e8b41"},"headline":"Guelma : La grotte du mont Debagh ouverte aux explorateurs","datePublished":"2025-02-24T09:56:29+00:00","dateModified":"2025-02-24T09:56:30+00:00","mainEntityOfPage":{"@id":"https:\/\/lasentinelle.dz\/index.php\/2025\/02\/24\/guelma-la-grotte-du-mont-debagh-ouverte-aux-explorateurs\/"},"wordCount":772,"commentCount":0,"publisher":{"@id":"https:\/\/lasentinelle.dz\/#organization"},"image":{"@id":"https:\/\/lasentinelle.dz\/index.php\/2025\/02\/24\/guelma-la-grotte-du-mont-debagh-ouverte-aux-explorateurs\/#primaryimage"},"thumbnailUrl":"https:\/\/lasentinelle.dz\/wp-content\/uploads\/2025\/02\/grotte.jpeg","articleSection":["R\u00e9gions"],"inLanguage":"fr-FR","potentialAction":[{"@type":"CommentAction","name":"Comment","target":["https:\/\/lasentinelle.dz\/index.php\/2025\/02\/24\/guelma-la-grotte-du-mont-debagh-ouverte-aux-explorateurs\/#respond"]}]},{"@type":"WebPage","@id":"https:\/\/lasentinelle.dz\/index.php\/2025\/02\/24\/guelma-la-grotte-du-mont-debagh-ouverte-aux-explorateurs\/","url":"https:\/\/lasentinelle.dz\/index.php\/2025\/02\/24\/guelma-la-grotte-du-mont-debagh-ouverte-aux-explorateurs\/","name":"Guelma : La grotte du mont Debagh ouverte aux explorateurs - La Sentinelle","isPartOf":{"@id":"https:\/\/lasentinelle.dz\/#website"},"primaryImageOfPage":{"@id":"https:\/\/lasentinelle.dz\/index.php\/2025\/02\/24\/guelma-la-grotte-du-mont-debagh-ouverte-aux-explorateurs\/#primaryimage"},"image":{"@id":"https:\/\/lasentinelle.dz\/index.php\/2025\/02\/24\/guelma-la-grotte-du-mont-debagh-ouverte-aux-explorateurs\/#primaryimage"},"thumbnailUrl":"https:\/\/lasentinelle.dz\/wp-content\/uploads\/2025\/02\/grotte.jpeg","datePublished":"2025-02-24T09:56:29+00:00","dateModified":"2025-02-24T09:56:30+00:00","breadcrumb":{"@id":"https:\/\/lasentinelle.dz\/index.php\/2025\/02\/24\/guelma-la-grotte-du-mont-debagh-ouverte-aux-explorateurs\/#breadcrumb"},"inLanguage":"fr-FR","potentialAction":[{"@type":"ReadAction","target":["https:\/\/lasentinelle.dz\/index.php\/2025\/02\/24\/guelma-la-grotte-du-mont-debagh-ouverte-aux-explorateurs\/"]}]},{"@type":"ImageObject","inLanguage":"fr-FR","@id":"https:\/\/lasentinelle.dz\/index.php\/2025\/02\/24\/guelma-la-grotte-du-mont-debagh-ouverte-aux-explorateurs\/#primaryimage","url":"https:\/\/lasentinelle.dz\/wp-content\/uploads\/2025\/02\/grotte.jpeg","contentUrl":"https:\/\/lasentinelle.dz\/wp-content\/uploads\/2025\/02\/grotte.jpeg","width":275,"height":183},{"@type":"BreadcrumbList","@id":"https:\/\/lasentinelle.dz\/index.php\/2025\/02\/24\/guelma-la-grotte-du-mont-debagh-ouverte-aux-explorateurs\/#breadcrumb","itemListElement":[{"@type":"ListItem","position":1,"name":"Accueil","item":"https:\/\/lasentinelle.dz\/"},{"@type":"ListItem","position":2,"name":"Guelma : La grotte du mont Debagh ouverte aux explorateurs"}]},{"@type":"WebSite","@id":"https:\/\/lasentinelle.dz\/#website","url":"https:\/\/lasentinelle.dz\/","name":"La Sentinelle","description":"Quotidien national d&#039;information","publisher":{"@id":"https:\/\/lasentinelle.dz\/#organization"},"potentialAction":[{"@type":"SearchAction","target":{"@type":"EntryPoint","urlTemplate":"https:\/\/lasentinelle.dz\/?s={search_term_string}"},"query-input":{"@type":"PropertyValueSpecification","valueRequired":true,"valueName":"search_term_string"}}],"inLanguage":"fr-FR"},{"@type":"Organization","@id":"https:\/\/lasentinelle.dz\/#organization","name":"Quotidien La Sentinelle","url":"https:\/\/lasentinelle.dz\/","logo":{"@type":"ImageObject","inLanguage":"fr-FR","@id":"https:\/\/lasentinelle.dz\/#\/schema\/logo\/image\/","url":"https:\/\/lasentinelle.dz\/wp-content\/uploads\/2021\/09\/logo-sentinelleSLOGAN-1.png","contentUrl":"https:\/\/lasentinelle.dz\/wp-content\/uploads\/2021\/09\/logo-sentinelleSLOGAN-1.png","width":615,"height":142,"caption":"Quotidien La Sentinelle"},"image":{"@id":"https:\/\/lasentinelle.dz\/#\/schema\/logo\/image\/"},"sameAs":["https:\/\/www.facebook.com\/La-Sentinelle-104059864394773"]},{"@type":"Person","@id":"https:\/\/lasentinelle.dz\/#\/schema\/person\/729ee0024f24e0b8c5ec17232f8e8b41","name":"admin","image":{"@type":"ImageObject","inLanguage":"fr-FR","@id":"https:\/\/secure.gravatar.com\/avatar\/4c81fed838786e9b53f540bf46533e750f5d292099ae3b66cfc6fb1982e29df7?s=96&d=mm&r=g","url":"https:\/\/secure.gravatar.com\/avatar\/4c81fed838786e9b53f540bf46533e750f5d292099ae3b66cfc6fb1982e29df7?s=96&d=mm&r=g","contentUrl":"https:\/\/secure.gravatar.com\/avatar\/4c81fed838786e9b53f540bf46533e750f5d292099ae3b66cfc6fb1982e29df7?s=96&d=mm&r=g","caption":"admin"},"description":"admin","url":"https:\/\/lasentinelle.dz\/author\/admin\/"}]}},"_links":{"self":[{"href":"https:\/\/lasentinelle.dz\/index.php\/wp-json\/wp\/v2\/posts\/63450","targetHints":{"allow":["GET"]}}],"collection":[{"href":"https:\/\/lasentinelle.dz\/index.php\/wp-json\/wp\/v2\/posts"}],"about":[{"href":"https:\/\/lasentinelle.dz\/index.php\/wp-json\/wp\/v2\/types\/post"}],"author":[{"embeddable":true,"href":"https:\/\/lasentinelle.dz\/index.php\/wp-json\/wp\/v2\/users\/6"}],"replies":[{"embeddable":true,"href":"https:\/\/lasentinelle.dz\/index.php\/wp-json\/wp\/v2\/comments?post=63450"}],"version-history":[{"count":1,"href":"https:\/\/lasentinelle.dz\/index.php\/wp-json\/wp\/v2\/posts\/63450\/revisions"}],"predecessor-version":[{"id":63452,"href":"https:\/\/lasentinelle.dz\/index.php\/wp-json\/wp\/v2\/posts\/63450\/revisions\/63452"}],"wp:featuredmedia":[{"embeddable":true,"href":"https:\/\/lasentinelle.dz\/index.php\/wp-json\/wp\/v2\/media\/63451"}],"wp:attachment":[{"href":"https:\/\/lasentinelle.dz\/index.php\/wp-json\/wp\/v2\/media?parent=63450"}],"wp:term":[{"taxonomy":"category","embeddable":true,"href":"https:\/\/lasentinelle.dz\/index.php\/wp-json\/wp\/v2\/categories?post=63450"},{"taxonomy":"post_tag","embeddable":true,"href":"https:\/\/lasentinelle.dz\/index.php\/wp-json\/wp\/v2\/tags?post=63450"}],"curies":[{"name":"wp","href":"https:\/\/api.w.org\/{rel}","templated":true}]}}