{"id":63457,"date":"2025-02-24T10:58:37","date_gmt":"2025-02-24T09:58:37","guid":{"rendered":"https:\/\/lasentinelle.dz\/?p=63457"},"modified":"2025-02-24T10:58:38","modified_gmt":"2025-02-24T09:58:38","slug":"nouvelle-loi-miniere-creer-un-environnement-propice-aux-investisseurs","status":"publish","type":"post","link":"https:\/\/lasentinelle.dz\/index.php\/2025\/02\/24\/nouvelle-loi-miniere-creer-un-environnement-propice-aux-investisseurs\/","title":{"rendered":"Nouvelle loi mini\u00e8re: Cr\u00e9er un environnement propice aux investisseurs"},"content":{"rendered":"\n<p>L&rsquo;Alg\u00e9rie entend acc\u00e9l\u00e9rer la mise en \u0153uvre de son plan de d\u00e9veloppement minier avec un projet de loi ambitieux sur les activit\u00e9s mini\u00e8res. Cette r\u00e9forme l\u00e9gislative s\u2019inscrit, selon la secr\u00e9taire d&rsquo;\u00c9tat aupr\u00e8s du ministre de l&rsquo;\u00c9nergie charg\u00e9e des Mines, Karima Tafer, dans la continuit\u00e9 du plan de d\u00e9veloppement minier national, visant \u00e0 r\u00e9duire la d\u00e9pendance du pays aux hydrocarbures.<\/p>\n\n\n\n<p>Lors de son intervention \u00e0 l&rsquo;ouverture de la 3e \u00e9dition du Salon international du fer, de l&rsquo;acier et des produits miniers (Metal, Steel and Mining Algeria Expo 2025), Mme Tafer a mis en exergue la port\u00e9e strat\u00e9gique de cette nouvelle l\u00e9gislation qui, conjugu\u00e9e \u00e0 la loi sur l&rsquo;investissement, constitue un \u00ab\u00a0levier essentiel pour dynamiser le secteur et favoriser des partenariats nationaux et internationaux\u00a0\u00bb. Le nouveau texte approuv\u00e9 il y a quelques jours par le pr\u00e9sident de la R\u00e9publique, Abdelmadjid Tebboune, lors de la r\u00e9union du Conseil des ministres, s&rsquo;articule autour de trois axes majeurs : l&rsquo;am\u00e9lioration de l&rsquo;attractivit\u00e9 pour les investisseurs, le respect strict des normes environnementales, et la pr\u00e9servation des ressources pour les g\u00e9n\u00e9rations futures. Le projet de loi, de \u00ab\u00a0capital\u00a0\u00bb pour la modernisation du secteur minier alg\u00e9rien, vise \u00e0 garantir la transparence et \u00e0 cr\u00e9er un environnement propice aux investissements, tout en maintenant des standards \u00e9cologiques \u00e9lev\u00e9s, explique la secr\u00e9taire d\u2019\u00c9tat. . Le nouveau cadre juridique, une fois adopt\u00e9 par les deux chambres du Parlement, devrait marquer un tournant d\u00e9cisif dans l&rsquo;histoire mini\u00e8re du pays. Il permettra non seulement d&rsquo;attirer des investissements substantiels mais \u00e9galement de garantir une exploitation raisonn\u00e9e des ressources min\u00e9rales nationales. Cette \u00e9volution l\u00e9gislative intervient \u00e0 un moment crucial o\u00f9 l&rsquo;Alg\u00e9rie d\u00e9ploie plusieurs projets structurants d&rsquo;envergure dans le secteur minier. Parmi les initiatives phares, on compte le m\u00e9gaprojet du phosphate int\u00e9gr\u00e9 de T\u00e9bessa, l&rsquo;exploitation du gisement de fer de Gara Djebilet, et la mise en valeur des ressources en plomb-zinc \u00e0 Oued Amizour. Ces projets t\u00e9moignent de l&rsquo;engagement substantiel de ressources pour le d\u00e9veloppement du secteur et la diversification de l&rsquo;\u00e9conomie nationale. Le salon Metal, Steel and Mining Algeria Expo 2025, qui se d\u00e9roule du 23 au 26 f\u00e9vrier au Palais des expositions d&rsquo;Alger, illustre parfaitement cette dynamique de d\u00e9veloppement. Comme l&rsquo;a soulign\u00e9 Mme Tafer, l&rsquo;\u00e9v\u00e9nement constitue \u00ab\u00a0un espace de coop\u00e9ration privil\u00e9gi\u00e9 entre les op\u00e9rateurs et professionnels du domaine\u00a0\u00bb. La pr\u00e9sence notable d&rsquo;exposants internationaux, avec pr\u00e8s de 120 soci\u00e9t\u00e9s \u00e9trang\u00e8res aux c\u00f4t\u00e9s de 70 entreprises alg\u00e9riennes, d\u00e9montre l&rsquo;attrait croissant du march\u00e9 alg\u00e9rien. La participation d&rsquo;acteurs majeurs venus de Chine (pays invit\u00e9 d&rsquo;honneur), d&rsquo;Inde, de Russie, de Turquie et de Tunisie, ainsi que la pr\u00e9sence des ambassadeurs d&rsquo;Inde, d&rsquo;Espagne et d&rsquo;Afrique du Sud lors de l&rsquo;inauguration, soulignent la dimension internationale de l&rsquo;\u00e9v\u00e9nement. La tenue d&rsquo;ateliers interactifs et de rencontres professionnelles durant le salon facilitera les \u00e9changes d&rsquo;exp\u00e9riences et la cr\u00e9ation de synergies entre les diff\u00e9rents acteurs du secteur. Cette convergence d&rsquo;initiatives l\u00e9gislatives et d&rsquo;\u00e9v\u00e9nements promotionnels s&rsquo;inscrit dans une strat\u00e9gie globale visant \u00e0 positionner l&rsquo;Alg\u00e9rie comme un acteur minier de premier plan.<\/p>\n\n\n\n<p>Sabrina Aziouez<\/p>\n","protected":false},"excerpt":{"rendered":"<p>L&rsquo;Alg\u00e9rie entend acc\u00e9l\u00e9rer la mise en \u0153uvre de son plan de d\u00e9veloppement minier avec un projet de loi ambitieux sur<\/p>\n","protected":false},"author":6,"featured_media":52096,"comment_status":"open","ping_status":"closed","sticky":false,"template":"","format":"standard","meta":{"colormag_page_container_layout":"default_layout","colormag_page_sidebar_layout":"default_layout","om_disable_all_campaigns":false,"_monsterinsights_skip_tracking":false,"_monsterinsights_sitenote_active":false,"_monsterinsights_sitenote_note":"","_monsterinsights_sitenote_category":0,"footnotes":"","_wpscppro_dont_share_socialmedia":false,"_wpscppro_custom_social_share_image":0,"_facebook_share_type":"default","_twitter_share_type":"default","_linkedin_share_type":"default","_pinterest_share_type":"default","_linkedin_share_type_page":"","_instagram_share_type":"default","_medium_share_type":"default","_threads_share_type":"","_google_business_share_type":"","_selected_social_profile":[],"_wpsp_enable_custom_social_template":false,"_wpsp_social_scheduling":{"enabled":false,"datetime":null,"platforms":[],"status":"template_only","dateOption":"today","timeOption":"now","customDays":"","customHours":"","customDate":"","customTime":"","schedulingType":"absolute"},"_wpsp_active_default_template":true},"categories":[52,29],"tags":[],"class_list":["post-63457","post","type-post","status-publish","format-standard","has-post-thumbnail","hentry","category-a-la-une","category-economie"],"aioseo_notices":[],"yoast_head":"<!-- This site is optimized with the Yoast SEO plugin v27.5 - https:\/\/yoast.com\/product\/yoast-seo-wordpress\/ -->\n<title>Nouvelle loi mini\u00e8re: Cr\u00e9er un environnement propice aux investisseurs - La Sentinelle<\/title>\n<meta name=\"robots\" content=\"index, follow, max-snippet:-1, max-image-preview:large, max-video-preview:-1\" \/>\n<link rel=\"canonical\" href=\"https:\/\/lasentinelle.dz\/index.php\/2025\/02\/24\/nouvelle-loi-miniere-creer-un-environnement-propice-aux-investisseurs\/\" \/>\n<meta property=\"og:locale\" content=\"fr_FR\" \/>\n<meta property=\"og:type\" content=\"article\" \/>\n<meta property=\"og:title\" content=\"Nouvelle loi mini\u00e8re: Cr\u00e9er un environnement propice aux investisseurs - La Sentinelle\" \/>\n<meta property=\"og:description\" content=\"L&rsquo;Alg\u00e9rie entend acc\u00e9l\u00e9rer la mise en \u0153uvre de son plan de d\u00e9veloppement minier avec un projet de loi ambitieux sur\" \/>\n<meta property=\"og:url\" content=\"https:\/\/lasentinelle.dz\/index.php\/2025\/02\/24\/nouvelle-loi-miniere-creer-un-environnement-propice-aux-investisseurs\/\" \/>\n<meta property=\"og:site_name\" content=\"La Sentinelle\" \/>\n<meta property=\"article:publisher\" content=\"https:\/\/www.facebook.com\/La-Sentinelle-104059864394773\" \/>\n<meta property=\"article:published_time\" content=\"2025-02-24T09:58:37+00:00\" \/>\n<meta property=\"article:modified_time\" content=\"2025-02-24T09:58:38+00:00\" \/>\n<meta property=\"og:image\" content=\"https:\/\/lasentinelle.dz\/wp-content\/uploads\/2024\/05\/mines.jpeg\" \/>\n\t<meta property=\"og:image:width\" content=\"640\" \/>\n\t<meta property=\"og:image:height\" content=\"330\" \/>\n\t<meta property=\"og:image:type\" content=\"image\/jpeg\" \/>\n<meta name=\"author\" content=\"admin\" \/>\n<meta name=\"twitter:card\" content=\"summary_large_image\" \/>\n<meta name=\"twitter:label1\" content=\"\u00c9crit par\" \/>\n\t<meta name=\"twitter:data1\" content=\"admin\" \/>\n\t<meta name=\"twitter:label2\" content=\"Dur\u00e9e de lecture estim\u00e9e\" \/>\n\t<meta name=\"twitter:data2\" content=\"3 minutes\" \/>\n<script type=\"application\/ld+json\" class=\"yoast-schema-graph\">{\"@context\":\"https:\\\/\\\/schema.org\",\"@graph\":[{\"@type\":\"Article\",\"@id\":\"https:\\\/\\\/lasentinelle.dz\\\/index.php\\\/2025\\\/02\\\/24\\\/nouvelle-loi-miniere-creer-un-environnement-propice-aux-investisseurs\\\/#article\",\"isPartOf\":{\"@id\":\"https:\\\/\\\/lasentinelle.dz\\\/index.php\\\/2025\\\/02\\\/24\\\/nouvelle-loi-miniere-creer-un-environnement-propice-aux-investisseurs\\\/\"},\"author\":{\"name\":\"admin\",\"@id\":\"https:\\\/\\\/lasentinelle.dz\\\/#\\\/schema\\\/person\\\/729ee0024f24e0b8c5ec17232f8e8b41\"},\"headline\":\"Nouvelle loi mini\u00e8re: Cr\u00e9er un environnement propice aux investisseurs\",\"datePublished\":\"2025-02-24T09:58:37+00:00\",\"dateModified\":\"2025-02-24T09:58:38+00:00\",\"mainEntityOfPage\":{\"@id\":\"https:\\\/\\\/lasentinelle.dz\\\/index.php\\\/2025\\\/02\\\/24\\\/nouvelle-loi-miniere-creer-un-environnement-propice-aux-investisseurs\\\/\"},\"wordCount\":585,\"commentCount\":0,\"publisher\":{\"@id\":\"https:\\\/\\\/lasentinelle.dz\\\/#organization\"},\"image\":{\"@id\":\"https:\\\/\\\/lasentinelle.dz\\\/index.php\\\/2025\\\/02\\\/24\\\/nouvelle-loi-miniere-creer-un-environnement-propice-aux-investisseurs\\\/#primaryimage\"},\"thumbnailUrl\":\"https:\\\/\\\/lasentinelle.dz\\\/wp-content\\\/uploads\\\/2024\\\/05\\\/mines.jpeg\",\"articleSection\":[\"\u00c0 la Une\",\"\u00c9conomie\"],\"inLanguage\":\"fr-FR\",\"potentialAction\":[{\"@type\":\"CommentAction\",\"name\":\"Comment\",\"target\":[\"https:\\\/\\\/lasentinelle.dz\\\/index.php\\\/2025\\\/02\\\/24\\\/nouvelle-loi-miniere-creer-un-environnement-propice-aux-investisseurs\\\/#respond\"]}]},{\"@type\":\"WebPage\",\"@id\":\"https:\\\/\\\/lasentinelle.dz\\\/index.php\\\/2025\\\/02\\\/24\\\/nouvelle-loi-miniere-creer-un-environnement-propice-aux-investisseurs\\\/\",\"url\":\"https:\\\/\\\/lasentinelle.dz\\\/index.php\\\/2025\\\/02\\\/24\\\/nouvelle-loi-miniere-creer-un-environnement-propice-aux-investisseurs\\\/\",\"name\":\"Nouvelle loi mini\u00e8re: Cr\u00e9er un environnement propice aux investisseurs - La Sentinelle\",\"isPartOf\":{\"@id\":\"https:\\\/\\\/lasentinelle.dz\\\/#website\"},\"primaryImageOfPage\":{\"@id\":\"https:\\\/\\\/lasentinelle.dz\\\/index.php\\\/2025\\\/02\\\/24\\\/nouvelle-loi-miniere-creer-un-environnement-propice-aux-investisseurs\\\/#primaryimage\"},\"image\":{\"@id\":\"https:\\\/\\\/lasentinelle.dz\\\/index.php\\\/2025\\\/02\\\/24\\\/nouvelle-loi-miniere-creer-un-environnement-propice-aux-investisseurs\\\/#primaryimage\"},\"thumbnailUrl\":\"https:\\\/\\\/lasentinelle.dz\\\/wp-content\\\/uploads\\\/2024\\\/05\\\/mines.jpeg\",\"datePublished\":\"2025-02-24T09:58:37+00:00\",\"dateModified\":\"2025-02-24T09:58:38+00:00\",\"breadcrumb\":{\"@id\":\"https:\\\/\\\/lasentinelle.dz\\\/index.php\\\/2025\\\/02\\\/24\\\/nouvelle-loi-miniere-creer-un-environnement-propice-aux-investisseurs\\\/#breadcrumb\"},\"inLanguage\":\"fr-FR\",\"potentialAction\":[{\"@type\":\"ReadAction\",\"target\":[\"https:\\\/\\\/lasentinelle.dz\\\/index.php\\\/2025\\\/02\\\/24\\\/nouvelle-loi-miniere-creer-un-environnement-propice-aux-investisseurs\\\/\"]}]},{\"@type\":\"ImageObject\",\"inLanguage\":\"fr-FR\",\"@id\":\"https:\\\/\\\/lasentinelle.dz\\\/index.php\\\/2025\\\/02\\\/24\\\/nouvelle-loi-miniere-creer-un-environnement-propice-aux-investisseurs\\\/#primaryimage\",\"url\":\"https:\\\/\\\/lasentinelle.dz\\\/wp-content\\\/uploads\\\/2024\\\/05\\\/mines.jpeg\",\"contentUrl\":\"https:\\\/\\\/lasentinelle.dz\\\/wp-content\\\/uploads\\\/2024\\\/05\\\/mines.jpeg\",\"width\":640,\"height\":330},{\"@type\":\"BreadcrumbList\",\"@id\":\"https:\\\/\\\/lasentinelle.dz\\\/index.php\\\/2025\\\/02\\\/24\\\/nouvelle-loi-miniere-creer-un-environnement-propice-aux-investisseurs\\\/#breadcrumb\",\"itemListElement\":[{\"@type\":\"ListItem\",\"position\":1,\"name\":\"Accueil\",\"item\":\"https:\\\/\\\/lasentinelle.dz\\\/\"},{\"@type\":\"ListItem\",\"position\":2,\"name\":\"Nouvelle loi mini\u00e8re: Cr\u00e9er un environnement propice aux investisseurs\"}]},{\"@type\":\"WebSite\",\"@id\":\"https:\\\/\\\/lasentinelle.dz\\\/#website\",\"url\":\"https:\\\/\\\/lasentinelle.dz\\\/\",\"name\":\"La Sentinelle\",\"description\":\"Quotidien national d&#039;information\",\"publisher\":{\"@id\":\"https:\\\/\\\/lasentinelle.dz\\\/#organization\"},\"potentialAction\":[{\"@type\":\"SearchAction\",\"target\":{\"@type\":\"EntryPoint\",\"urlTemplate\":\"https:\\\/\\\/lasentinelle.dz\\\/?s={search_term_string}\"},\"query-input\":{\"@type\":\"PropertyValueSpecification\",\"valueRequired\":true,\"valueName\":\"search_term_string\"}}],\"inLanguage\":\"fr-FR\"},{\"@type\":\"Organization\",\"@id\":\"https:\\\/\\\/lasentinelle.dz\\\/#organization\",\"name\":\"Quotidien La Sentinelle\",\"url\":\"https:\\\/\\\/lasentinelle.dz\\\/\",\"logo\":{\"@type\":\"ImageObject\",\"inLanguage\":\"fr-FR\",\"@id\":\"https:\\\/\\\/lasentinelle.dz\\\/#\\\/schema\\\/logo\\\/image\\\/\",\"url\":\"https:\\\/\\\/lasentinelle.dz\\\/wp-content\\\/uploads\\\/2021\\\/09\\\/logo-sentinelleSLOGAN-1.png\",\"contentUrl\":\"https:\\\/\\\/lasentinelle.dz\\\/wp-content\\\/uploads\\\/2021\\\/09\\\/logo-sentinelleSLOGAN-1.png\",\"width\":615,\"height\":142,\"caption\":\"Quotidien La Sentinelle\"},\"image\":{\"@id\":\"https:\\\/\\\/lasentinelle.dz\\\/#\\\/schema\\\/logo\\\/image\\\/\"},\"sameAs\":[\"https:\\\/\\\/www.facebook.com\\\/La-Sentinelle-104059864394773\"]},{\"@type\":\"Person\",\"@id\":\"https:\\\/\\\/lasentinelle.dz\\\/#\\\/schema\\\/person\\\/729ee0024f24e0b8c5ec17232f8e8b41\",\"name\":\"admin\",\"image\":{\"@type\":\"ImageObject\",\"inLanguage\":\"fr-FR\",\"@id\":\"https:\\\/\\\/secure.gravatar.com\\\/avatar\\\/4c81fed838786e9b53f540bf46533e750f5d292099ae3b66cfc6fb1982e29df7?s=96&d=mm&r=g\",\"url\":\"https:\\\/\\\/secure.gravatar.com\\\/avatar\\\/4c81fed838786e9b53f540bf46533e750f5d292099ae3b66cfc6fb1982e29df7?s=96&d=mm&r=g\",\"contentUrl\":\"https:\\\/\\\/secure.gravatar.com\\\/avatar\\\/4c81fed838786e9b53f540bf46533e750f5d292099ae3b66cfc6fb1982e29df7?s=96&d=mm&r=g\",\"caption\":\"admin\"},\"description\":\"admin\",\"url\":\"https:\\\/\\\/lasentinelle.dz\\\/author\\\/admin\\\/\"}]}<\/script>\n<!-- \/ Yoast SEO plugin. -->","yoast_head_json":{"title":"Nouvelle loi mini\u00e8re: Cr\u00e9er un environnement propice aux investisseurs - La Sentinelle","robots":{"index":"index","follow":"follow","max-snippet":"max-snippet:-1","max-image-preview":"max-image-preview:large","max-video-preview":"max-video-preview:-1"},"canonical":"https:\/\/lasentinelle.dz\/index.php\/2025\/02\/24\/nouvelle-loi-miniere-creer-un-environnement-propice-aux-investisseurs\/","og_locale":"fr_FR","og_type":"article","og_title":"Nouvelle loi mini\u00e8re: Cr\u00e9er un environnement propice aux investisseurs - La Sentinelle","og_description":"L&rsquo;Alg\u00e9rie entend acc\u00e9l\u00e9rer la mise en \u0153uvre de son plan de d\u00e9veloppement minier avec un projet de loi ambitieux sur","og_url":"https:\/\/lasentinelle.dz\/index.php\/2025\/02\/24\/nouvelle-loi-miniere-creer-un-environnement-propice-aux-investisseurs\/","og_site_name":"La Sentinelle","article_publisher":"https:\/\/www.facebook.com\/La-Sentinelle-104059864394773","article_published_time":"2025-02-24T09:58:37+00:00","article_modified_time":"2025-02-24T09:58:38+00:00","og_image":[{"width":640,"height":330,"url":"https:\/\/lasentinelle.dz\/wp-content\/uploads\/2024\/05\/mines.jpeg","type":"image\/jpeg"}],"author":"admin","twitter_card":"summary_large_image","twitter_misc":{"\u00c9crit par":"admin","Dur\u00e9e de lecture estim\u00e9e":"3 minutes"},"schema":{"@context":"https:\/\/schema.org","@graph":[{"@type":"Article","@id":"https:\/\/lasentinelle.dz\/index.php\/2025\/02\/24\/nouvelle-loi-miniere-creer-un-environnement-propice-aux-investisseurs\/#article","isPartOf":{"@id":"https:\/\/lasentinelle.dz\/index.php\/2025\/02\/24\/nouvelle-loi-miniere-creer-un-environnement-propice-aux-investisseurs\/"},"author":{"name":"admin","@id":"https:\/\/lasentinelle.dz\/#\/schema\/person\/729ee0024f24e0b8c5ec17232f8e8b41"},"headline":"Nouvelle loi mini\u00e8re: Cr\u00e9er un environnement propice aux investisseurs","datePublished":"2025-02-24T09:58:37+00:00","dateModified":"2025-02-24T09:58:38+00:00","mainEntityOfPage":{"@id":"https:\/\/lasentinelle.dz\/index.php\/2025\/02\/24\/nouvelle-loi-miniere-creer-un-environnement-propice-aux-investisseurs\/"},"wordCount":585,"commentCount":0,"publisher":{"@id":"https:\/\/lasentinelle.dz\/#organization"},"image":{"@id":"https:\/\/lasentinelle.dz\/index.php\/2025\/02\/24\/nouvelle-loi-miniere-creer-un-environnement-propice-aux-investisseurs\/#primaryimage"},"thumbnailUrl":"https:\/\/lasentinelle.dz\/wp-content\/uploads\/2024\/05\/mines.jpeg","articleSection":["\u00c0 la Une","\u00c9conomie"],"inLanguage":"fr-FR","potentialAction":[{"@type":"CommentAction","name":"Comment","target":["https:\/\/lasentinelle.dz\/index.php\/2025\/02\/24\/nouvelle-loi-miniere-creer-un-environnement-propice-aux-investisseurs\/#respond"]}]},{"@type":"WebPage","@id":"https:\/\/lasentinelle.dz\/index.php\/2025\/02\/24\/nouvelle-loi-miniere-creer-un-environnement-propice-aux-investisseurs\/","url":"https:\/\/lasentinelle.dz\/index.php\/2025\/02\/24\/nouvelle-loi-miniere-creer-un-environnement-propice-aux-investisseurs\/","name":"Nouvelle loi mini\u00e8re: Cr\u00e9er un environnement propice aux investisseurs - La Sentinelle","isPartOf":{"@id":"https:\/\/lasentinelle.dz\/#website"},"primaryImageOfPage":{"@id":"https:\/\/lasentinelle.dz\/index.php\/2025\/02\/24\/nouvelle-loi-miniere-creer-un-environnement-propice-aux-investisseurs\/#primaryimage"},"image":{"@id":"https:\/\/lasentinelle.dz\/index.php\/2025\/02\/24\/nouvelle-loi-miniere-creer-un-environnement-propice-aux-investisseurs\/#primaryimage"},"thumbnailUrl":"https:\/\/lasentinelle.dz\/wp-content\/uploads\/2024\/05\/mines.jpeg","datePublished":"2025-02-24T09:58:37+00:00","dateModified":"2025-02-24T09:58:38+00:00","breadcrumb":{"@id":"https:\/\/lasentinelle.dz\/index.php\/2025\/02\/24\/nouvelle-loi-miniere-creer-un-environnement-propice-aux-investisseurs\/#breadcrumb"},"inLanguage":"fr-FR","potentialAction":[{"@type":"ReadAction","target":["https:\/\/lasentinelle.dz\/index.php\/2025\/02\/24\/nouvelle-loi-miniere-creer-un-environnement-propice-aux-investisseurs\/"]}]},{"@type":"ImageObject","inLanguage":"fr-FR","@id":"https:\/\/lasentinelle.dz\/index.php\/2025\/02\/24\/nouvelle-loi-miniere-creer-un-environnement-propice-aux-investisseurs\/#primaryimage","url":"https:\/\/lasentinelle.dz\/wp-content\/uploads\/2024\/05\/mines.jpeg","contentUrl":"https:\/\/lasentinelle.dz\/wp-content\/uploads\/2024\/05\/mines.jpeg","width":640,"height":330},{"@type":"BreadcrumbList","@id":"https:\/\/lasentinelle.dz\/index.php\/2025\/02\/24\/nouvelle-loi-miniere-creer-un-environnement-propice-aux-investisseurs\/#breadcrumb","itemListElement":[{"@type":"ListItem","position":1,"name":"Accueil","item":"https:\/\/lasentinelle.dz\/"},{"@type":"ListItem","position":2,"name":"Nouvelle loi mini\u00e8re: Cr\u00e9er un environnement propice aux investisseurs"}]},{"@type":"WebSite","@id":"https:\/\/lasentinelle.dz\/#website","url":"https:\/\/lasentinelle.dz\/","name":"La Sentinelle","description":"Quotidien national d&#039;information","publisher":{"@id":"https:\/\/lasentinelle.dz\/#organization"},"potentialAction":[{"@type":"SearchAction","target":{"@type":"EntryPoint","urlTemplate":"https:\/\/lasentinelle.dz\/?s={search_term_string}"},"query-input":{"@type":"PropertyValueSpecification","valueRequired":true,"valueName":"search_term_string"}}],"inLanguage":"fr-FR"},{"@type":"Organization","@id":"https:\/\/lasentinelle.dz\/#organization","name":"Quotidien La Sentinelle","url":"https:\/\/lasentinelle.dz\/","logo":{"@type":"ImageObject","inLanguage":"fr-FR","@id":"https:\/\/lasentinelle.dz\/#\/schema\/logo\/image\/","url":"https:\/\/lasentinelle.dz\/wp-content\/uploads\/2021\/09\/logo-sentinelleSLOGAN-1.png","contentUrl":"https:\/\/lasentinelle.dz\/wp-content\/uploads\/2021\/09\/logo-sentinelleSLOGAN-1.png","width":615,"height":142,"caption":"Quotidien La Sentinelle"},"image":{"@id":"https:\/\/lasentinelle.dz\/#\/schema\/logo\/image\/"},"sameAs":["https:\/\/www.facebook.com\/La-Sentinelle-104059864394773"]},{"@type":"Person","@id":"https:\/\/lasentinelle.dz\/#\/schema\/person\/729ee0024f24e0b8c5ec17232f8e8b41","name":"admin","image":{"@type":"ImageObject","inLanguage":"fr-FR","@id":"https:\/\/secure.gravatar.com\/avatar\/4c81fed838786e9b53f540bf46533e750f5d292099ae3b66cfc6fb1982e29df7?s=96&d=mm&r=g","url":"https:\/\/secure.gravatar.com\/avatar\/4c81fed838786e9b53f540bf46533e750f5d292099ae3b66cfc6fb1982e29df7?s=96&d=mm&r=g","contentUrl":"https:\/\/secure.gravatar.com\/avatar\/4c81fed838786e9b53f540bf46533e750f5d292099ae3b66cfc6fb1982e29df7?s=96&d=mm&r=g","caption":"admin"},"description":"admin","url":"https:\/\/lasentinelle.dz\/author\/admin\/"}]}},"_links":{"self":[{"href":"https:\/\/lasentinelle.dz\/index.php\/wp-json\/wp\/v2\/posts\/63457","targetHints":{"allow":["GET"]}}],"collection":[{"href":"https:\/\/lasentinelle.dz\/index.php\/wp-json\/wp\/v2\/posts"}],"about":[{"href":"https:\/\/lasentinelle.dz\/index.php\/wp-json\/wp\/v2\/types\/post"}],"author":[{"embeddable":true,"href":"https:\/\/lasentinelle.dz\/index.php\/wp-json\/wp\/v2\/users\/6"}],"replies":[{"embeddable":true,"href":"https:\/\/lasentinelle.dz\/index.php\/wp-json\/wp\/v2\/comments?post=63457"}],"version-history":[{"count":1,"href":"https:\/\/lasentinelle.dz\/index.php\/wp-json\/wp\/v2\/posts\/63457\/revisions"}],"predecessor-version":[{"id":63458,"href":"https:\/\/lasentinelle.dz\/index.php\/wp-json\/wp\/v2\/posts\/63457\/revisions\/63458"}],"wp:featuredmedia":[{"embeddable":true,"href":"https:\/\/lasentinelle.dz\/index.php\/wp-json\/wp\/v2\/media\/52096"}],"wp:attachment":[{"href":"https:\/\/lasentinelle.dz\/index.php\/wp-json\/wp\/v2\/media?parent=63457"}],"wp:term":[{"taxonomy":"category","embeddable":true,"href":"https:\/\/lasentinelle.dz\/index.php\/wp-json\/wp\/v2\/categories?post=63457"},{"taxonomy":"post_tag","embeddable":true,"href":"https:\/\/lasentinelle.dz\/index.php\/wp-json\/wp\/v2\/tags?post=63457"}],"curies":[{"name":"wp","href":"https:\/\/api.w.org\/{rel}","templated":true}]}}