{"id":63467,"date":"2025-02-24T11:04:51","date_gmt":"2025-02-24T10:04:51","guid":{"rendered":"https:\/\/lasentinelle.dz\/?p=63467"},"modified":"2025-02-24T11:04:51","modified_gmt":"2025-02-24T10:04:51","slug":"apres-plus-de-13-ans-de-stagnation-les-pensions-des-moudjahidine-et-de-leurs-ayants-droits-revalorisees","status":"publish","type":"post","link":"https:\/\/lasentinelle.dz\/index.php\/2025\/02\/24\/apres-plus-de-13-ans-de-stagnation-les-pensions-des-moudjahidine-et-de-leurs-ayants-droits-revalorisees\/","title":{"rendered":"Apr\u00e8s plus de 13 ans de stagnation: Les pensions des Moudjahidine et de leurs ayants-droits revaloris\u00e9es"},"content":{"rendered":"\n<p>Les pensions des moudjahidine et de leurs ayants droit viennent d\u2019\u00eatre revaloris\u00e9s. Une d\u00e9marche qui refl\u00e8te la reconnaissance des sacrifices consentis par la famille r\u00e9volutionnaire pendant la guerre de lib\u00e9ration nationale.<\/p>\n\n\n\n<p>Le d\u00e9cret ex\u00e9cutif portant revalorisation des pensions des moudjahidine et de leurs ayants droit vient d\u2019\u00eatre publi\u00e9 dans la derni\u00e8re livraison du Journal officiel. Cette mesure, attendue depuis plus d&rsquo;une d\u00e9cennie, s&rsquo;inscrit dans une d\u00e9marche plus large de pr\u00e9servation de la m\u00e9moire nationale et de soutien aux acteurs de la r\u00e9volution alg\u00e9rienne. Le d\u00e9cret ex\u00e9cutif 25-80 du 18 f\u00e9vrier 2025, qui modifie le d\u00e9cret ex\u00e9cutif 08-155 du 26 mai 2008, a \u00e9t\u00e9 publi\u00e9 le 19 f\u00e9vrier et concerne non seulement les moudjahidine et leurs ayants droit, mais \u00e9galement les ayants droit de chouhada, les victimes civiles et les victimes d&rsquo;engins explosifs ainsi que leurs ayants droit. Cette revalorisation intervient apr\u00e8s une longue p\u00e9riode de stagnation, comme l&rsquo;a soulign\u00e9 le minist\u00e8re des Moudjahidine et des Ayants-droit, pr\u00e9cisant que ces pensions \u00ab\u00a0n&rsquo;ont pas fait l&rsquo;objet de r\u00e9vision depuis plus de 13 ans\u00a0\u00bb. La d\u00e9cision s&rsquo;appuie sur un fondement constitutionnel solide, l&rsquo;article 80 de la Constitution, qui stipule que \u00ab\u00a0l&rsquo;\u00c9tat garantit le respect des symboles de la R\u00e9volution, la m\u00e9moire des Chouhada et la dignit\u00e9 de leurs ayants-droit et des moudjahidine\u00a0\u00bb. Le minist\u00e8re des Moudjahidine et des Ayants-droit a tenu \u00e0 replacer cette mesure dans son contexte politique plus large, soulignant qu&rsquo;elle \u00ab\u00a0s&rsquo;inscrit dans le cadre de la mise en \u0153uvre du programme du secteur en mati\u00e8re de prise en charge des Moudjahidine et des Ayants-droit et de la concr\u00e9tisation du programme du pr\u00e9sident de la R\u00e9publique, M. Abdelmadjid Tebboune, dans son volet relatif \u00e0 la promotion sociale de la cat\u00e9gorie des Moudjahidine et des Ayants-droit, en reconnaissance de leurs sacrifices durant la R\u00e9volution de lib\u00e9ration nationale\u00a0\u00bb. Cette initiative refl\u00e8te l&rsquo;attention particuli\u00e8re port\u00e9e par le pr\u00e9sident Tebboune \u00e0 cette cat\u00e9gorie de la population, comme l&rsquo;a rappel\u00e9 le minist\u00e8re en pr\u00e9cisant que \u00ab\u00a0la r\u00e9alisation de cet acquis social vient en application des orientations du pr\u00e9sident de la R\u00e9publique, M. Abdelmadjid Tebboune et d\u00e9coule de l&rsquo;attention particuli\u00e8re qu&rsquo;il porte \u00e0 cette cat\u00e9gorie\u00a0\u00bb. La mise en \u0153uvre concr\u00e8te de cette revalorisation n\u00e9cessitera un travail de coordination important entre diff\u00e9rentes instances administratives. \u00c0 cet effet, le minist\u00e8re a annonc\u00e9 qu&rsquo;il \u00ab\u00a0veillera \u00e0 mettre en place les m\u00e9canismes n\u00e9cessaires pour la concr\u00e9tisation de cette d\u00e9cision portant augmentation des pensions des Moudjahidine et des Ayants-droit, en coordination avec les parties concern\u00e9es\u00a0\u00bb. Cette r\u00e9forme s&rsquo;inscrit dans une perspective plus large de pr\u00e9servation de la m\u00e9moire nationale, consid\u00e9r\u00e9e comme un \u00e9l\u00e9ment fondamental de l&rsquo;identit\u00e9 alg\u00e9rienne. Le ministre des Moudjahidine et des Ayants-droits a d&rsquo;ailleurs r\u00e9affirm\u00e9 son engagement dans cette direction, en d\u00e9clarant qu'\u00a0\u00bben application du programme du pr\u00e9sident de la R\u00e9publique, M. Abdelmadjid Tebboune, le ministre des Moudjahidine et des Ayants-droits s&rsquo;engage \u00e0 poursuivre les efforts pour garantir une prise en charge optimale des Moudjahidine et des Ayants-droit, tout en veillant \u00e0 la pr\u00e9servation de la m\u00e9moire nationale\u00a0\u00bb. Cette revalorisation des pensions repr\u00e9sente ainsi bien plus qu&rsquo;une simple mesure administrative : elle constitue un acte de reconnaissance envers ceux qui ont contribu\u00e9 \u00e0 l&rsquo;ind\u00e9pendance de l&rsquo;Alg\u00e9rie et leurs familles, tout en s&rsquo;inscrivant dans une politique plus large de pr\u00e9servation et de transmission de la m\u00e9moire nationale aux g\u00e9n\u00e9rations futures.<\/p>\n\n\n\n<p>Samir Benisid<\/p>\n","protected":false},"excerpt":{"rendered":"<p>Les pensions des moudjahidine et de leurs ayants droit viennent d\u2019\u00eatre revaloris\u00e9s. Une d\u00e9marche qui refl\u00e8te la reconnaissance des sacrifices<\/p>\n","protected":false},"author":6,"featured_media":63468,"comment_status":"open","ping_status":"closed","sticky":false,"template":"","format":"standard","meta":{"colormag_page_container_layout":"default_layout","colormag_page_sidebar_layout":"default_layout","om_disable_all_campaigns":false,"_monsterinsights_skip_tracking":false,"_monsterinsights_sitenote_active":false,"_monsterinsights_sitenote_note":"","_monsterinsights_sitenote_category":0,"footnotes":"","_wpscppro_dont_share_socialmedia":false,"_wpscppro_custom_social_share_image":0,"_facebook_share_type":"default","_twitter_share_type":"default","_linkedin_share_type":"default","_pinterest_share_type":"default","_linkedin_share_type_page":"","_instagram_share_type":"default","_medium_share_type":"default","_threads_share_type":"","_google_business_share_type":"","_selected_social_profile":[],"_wpsp_enable_custom_social_template":false,"_wpsp_social_scheduling":{"enabled":false,"datetime":null,"platforms":[],"status":"template_only","dateOption":"today","timeOption":"now","customDays":"","customHours":"","customDate":"","customTime":"","schedulingType":"absolute"},"_wpsp_active_default_template":true},"categories":[52,27],"tags":[],"class_list":["post-63467","post","type-post","status-publish","format-standard","has-post-thumbnail","hentry","category-a-la-une","category-actualite"],"aioseo_notices":[],"yoast_head":"<!-- This site is optimized with the Yoast SEO plugin v27.5 - https:\/\/yoast.com\/product\/yoast-seo-wordpress\/ -->\n<title>Apr\u00e8s plus de 13 ans de stagnation: Les pensions des Moudjahidine et de leurs ayants-droits revaloris\u00e9es - La Sentinelle<\/title>\n<meta name=\"robots\" content=\"index, follow, max-snippet:-1, max-image-preview:large, max-video-preview:-1\" \/>\n<link rel=\"canonical\" href=\"https:\/\/lasentinelle.dz\/index.php\/2025\/02\/24\/apres-plus-de-13-ans-de-stagnation-les-pensions-des-moudjahidine-et-de-leurs-ayants-droits-revalorisees\/\" \/>\n<meta property=\"og:locale\" content=\"fr_FR\" \/>\n<meta property=\"og:type\" content=\"article\" \/>\n<meta property=\"og:title\" content=\"Apr\u00e8s plus de 13 ans de stagnation: Les pensions des Moudjahidine et de leurs ayants-droits revaloris\u00e9es - La Sentinelle\" \/>\n<meta property=\"og:description\" content=\"Les pensions des moudjahidine et de leurs ayants droit viennent d\u2019\u00eatre revaloris\u00e9s. Une d\u00e9marche qui refl\u00e8te la reconnaissance des sacrifices\" \/>\n<meta property=\"og:url\" content=\"https:\/\/lasentinelle.dz\/index.php\/2025\/02\/24\/apres-plus-de-13-ans-de-stagnation-les-pensions-des-moudjahidine-et-de-leurs-ayants-droits-revalorisees\/\" \/>\n<meta property=\"og:site_name\" content=\"La Sentinelle\" \/>\n<meta property=\"article:publisher\" content=\"https:\/\/www.facebook.com\/La-Sentinelle-104059864394773\" \/>\n<meta property=\"article:published_time\" content=\"2025-02-24T10:04:51+00:00\" \/>\n<meta property=\"og:image\" content=\"https:\/\/lasentinelle.dz\/wp-content\/uploads\/2025\/02\/ministere-des-Moudjahidine.jpg\" \/>\n\t<meta property=\"og:image:width\" content=\"580\" \/>\n\t<meta property=\"og:image:height\" content=\"350\" \/>\n\t<meta property=\"og:image:type\" content=\"image\/jpeg\" \/>\n<meta name=\"author\" content=\"admin\" \/>\n<meta name=\"twitter:card\" content=\"summary_large_image\" \/>\n<meta name=\"twitter:label1\" content=\"\u00c9crit par\" \/>\n\t<meta name=\"twitter:data1\" content=\"admin\" \/>\n\t<meta name=\"twitter:label2\" content=\"Dur\u00e9e de lecture estim\u00e9e\" \/>\n\t<meta name=\"twitter:data2\" content=\"3 minutes\" \/>\n<script type=\"application\/ld+json\" class=\"yoast-schema-graph\">{\"@context\":\"https:\\\/\\\/schema.org\",\"@graph\":[{\"@type\":\"Article\",\"@id\":\"https:\\\/\\\/lasentinelle.dz\\\/index.php\\\/2025\\\/02\\\/24\\\/apres-plus-de-13-ans-de-stagnation-les-pensions-des-moudjahidine-et-de-leurs-ayants-droits-revalorisees\\\/#article\",\"isPartOf\":{\"@id\":\"https:\\\/\\\/lasentinelle.dz\\\/index.php\\\/2025\\\/02\\\/24\\\/apres-plus-de-13-ans-de-stagnation-les-pensions-des-moudjahidine-et-de-leurs-ayants-droits-revalorisees\\\/\"},\"author\":{\"name\":\"admin\",\"@id\":\"https:\\\/\\\/lasentinelle.dz\\\/#\\\/schema\\\/person\\\/729ee0024f24e0b8c5ec17232f8e8b41\"},\"headline\":\"Apr\u00e8s plus de 13 ans de stagnation: Les pensions des Moudjahidine et de leurs ayants-droits revaloris\u00e9es\",\"datePublished\":\"2025-02-24T10:04:51+00:00\",\"mainEntityOfPage\":{\"@id\":\"https:\\\/\\\/lasentinelle.dz\\\/index.php\\\/2025\\\/02\\\/24\\\/apres-plus-de-13-ans-de-stagnation-les-pensions-des-moudjahidine-et-de-leurs-ayants-droits-revalorisees\\\/\"},\"wordCount\":646,\"commentCount\":0,\"publisher\":{\"@id\":\"https:\\\/\\\/lasentinelle.dz\\\/#organization\"},\"image\":{\"@id\":\"https:\\\/\\\/lasentinelle.dz\\\/index.php\\\/2025\\\/02\\\/24\\\/apres-plus-de-13-ans-de-stagnation-les-pensions-des-moudjahidine-et-de-leurs-ayants-droits-revalorisees\\\/#primaryimage\"},\"thumbnailUrl\":\"https:\\\/\\\/lasentinelle.dz\\\/wp-content\\\/uploads\\\/2025\\\/02\\\/ministere-des-Moudjahidine.jpg\",\"articleSection\":[\"\u00c0 la Une\",\"Actualit\u00e9\"],\"inLanguage\":\"fr-FR\",\"potentialAction\":[{\"@type\":\"CommentAction\",\"name\":\"Comment\",\"target\":[\"https:\\\/\\\/lasentinelle.dz\\\/index.php\\\/2025\\\/02\\\/24\\\/apres-plus-de-13-ans-de-stagnation-les-pensions-des-moudjahidine-et-de-leurs-ayants-droits-revalorisees\\\/#respond\"]}]},{\"@type\":\"WebPage\",\"@id\":\"https:\\\/\\\/lasentinelle.dz\\\/index.php\\\/2025\\\/02\\\/24\\\/apres-plus-de-13-ans-de-stagnation-les-pensions-des-moudjahidine-et-de-leurs-ayants-droits-revalorisees\\\/\",\"url\":\"https:\\\/\\\/lasentinelle.dz\\\/index.php\\\/2025\\\/02\\\/24\\\/apres-plus-de-13-ans-de-stagnation-les-pensions-des-moudjahidine-et-de-leurs-ayants-droits-revalorisees\\\/\",\"name\":\"Apr\u00e8s plus de 13 ans de stagnation: Les pensions des Moudjahidine et de leurs ayants-droits revaloris\u00e9es - La Sentinelle\",\"isPartOf\":{\"@id\":\"https:\\\/\\\/lasentinelle.dz\\\/#website\"},\"primaryImageOfPage\":{\"@id\":\"https:\\\/\\\/lasentinelle.dz\\\/index.php\\\/2025\\\/02\\\/24\\\/apres-plus-de-13-ans-de-stagnation-les-pensions-des-moudjahidine-et-de-leurs-ayants-droits-revalorisees\\\/#primaryimage\"},\"image\":{\"@id\":\"https:\\\/\\\/lasentinelle.dz\\\/index.php\\\/2025\\\/02\\\/24\\\/apres-plus-de-13-ans-de-stagnation-les-pensions-des-moudjahidine-et-de-leurs-ayants-droits-revalorisees\\\/#primaryimage\"},\"thumbnailUrl\":\"https:\\\/\\\/lasentinelle.dz\\\/wp-content\\\/uploads\\\/2025\\\/02\\\/ministere-des-Moudjahidine.jpg\",\"datePublished\":\"2025-02-24T10:04:51+00:00\",\"breadcrumb\":{\"@id\":\"https:\\\/\\\/lasentinelle.dz\\\/index.php\\\/2025\\\/02\\\/24\\\/apres-plus-de-13-ans-de-stagnation-les-pensions-des-moudjahidine-et-de-leurs-ayants-droits-revalorisees\\\/#breadcrumb\"},\"inLanguage\":\"fr-FR\",\"potentialAction\":[{\"@type\":\"ReadAction\",\"target\":[\"https:\\\/\\\/lasentinelle.dz\\\/index.php\\\/2025\\\/02\\\/24\\\/apres-plus-de-13-ans-de-stagnation-les-pensions-des-moudjahidine-et-de-leurs-ayants-droits-revalorisees\\\/\"]}]},{\"@type\":\"ImageObject\",\"inLanguage\":\"fr-FR\",\"@id\":\"https:\\\/\\\/lasentinelle.dz\\\/index.php\\\/2025\\\/02\\\/24\\\/apres-plus-de-13-ans-de-stagnation-les-pensions-des-moudjahidine-et-de-leurs-ayants-droits-revalorisees\\\/#primaryimage\",\"url\":\"https:\\\/\\\/lasentinelle.dz\\\/wp-content\\\/uploads\\\/2025\\\/02\\\/ministere-des-Moudjahidine.jpg\",\"contentUrl\":\"https:\\\/\\\/lasentinelle.dz\\\/wp-content\\\/uploads\\\/2025\\\/02\\\/ministere-des-Moudjahidine.jpg\",\"width\":580,\"height\":350},{\"@type\":\"BreadcrumbList\",\"@id\":\"https:\\\/\\\/lasentinelle.dz\\\/index.php\\\/2025\\\/02\\\/24\\\/apres-plus-de-13-ans-de-stagnation-les-pensions-des-moudjahidine-et-de-leurs-ayants-droits-revalorisees\\\/#breadcrumb\",\"itemListElement\":[{\"@type\":\"ListItem\",\"position\":1,\"name\":\"Accueil\",\"item\":\"https:\\\/\\\/lasentinelle.dz\\\/\"},{\"@type\":\"ListItem\",\"position\":2,\"name\":\"Apr\u00e8s plus de 13 ans de stagnation: Les pensions des Moudjahidine et de leurs ayants-droits revaloris\u00e9es\"}]},{\"@type\":\"WebSite\",\"@id\":\"https:\\\/\\\/lasentinelle.dz\\\/#website\",\"url\":\"https:\\\/\\\/lasentinelle.dz\\\/\",\"name\":\"La Sentinelle\",\"description\":\"Quotidien national d&#039;information\",\"publisher\":{\"@id\":\"https:\\\/\\\/lasentinelle.dz\\\/#organization\"},\"potentialAction\":[{\"@type\":\"SearchAction\",\"target\":{\"@type\":\"EntryPoint\",\"urlTemplate\":\"https:\\\/\\\/lasentinelle.dz\\\/?s={search_term_string}\"},\"query-input\":{\"@type\":\"PropertyValueSpecification\",\"valueRequired\":true,\"valueName\":\"search_term_string\"}}],\"inLanguage\":\"fr-FR\"},{\"@type\":\"Organization\",\"@id\":\"https:\\\/\\\/lasentinelle.dz\\\/#organization\",\"name\":\"Quotidien La Sentinelle\",\"url\":\"https:\\\/\\\/lasentinelle.dz\\\/\",\"logo\":{\"@type\":\"ImageObject\",\"inLanguage\":\"fr-FR\",\"@id\":\"https:\\\/\\\/lasentinelle.dz\\\/#\\\/schema\\\/logo\\\/image\\\/\",\"url\":\"https:\\\/\\\/lasentinelle.dz\\\/wp-content\\\/uploads\\\/2021\\\/09\\\/logo-sentinelleSLOGAN-1.png\",\"contentUrl\":\"https:\\\/\\\/lasentinelle.dz\\\/wp-content\\\/uploads\\\/2021\\\/09\\\/logo-sentinelleSLOGAN-1.png\",\"width\":615,\"height\":142,\"caption\":\"Quotidien La Sentinelle\"},\"image\":{\"@id\":\"https:\\\/\\\/lasentinelle.dz\\\/#\\\/schema\\\/logo\\\/image\\\/\"},\"sameAs\":[\"https:\\\/\\\/www.facebook.com\\\/La-Sentinelle-104059864394773\"]},{\"@type\":\"Person\",\"@id\":\"https:\\\/\\\/lasentinelle.dz\\\/#\\\/schema\\\/person\\\/729ee0024f24e0b8c5ec17232f8e8b41\",\"name\":\"admin\",\"image\":{\"@type\":\"ImageObject\",\"inLanguage\":\"fr-FR\",\"@id\":\"https:\\\/\\\/secure.gravatar.com\\\/avatar\\\/4c81fed838786e9b53f540bf46533e750f5d292099ae3b66cfc6fb1982e29df7?s=96&d=mm&r=g\",\"url\":\"https:\\\/\\\/secure.gravatar.com\\\/avatar\\\/4c81fed838786e9b53f540bf46533e750f5d292099ae3b66cfc6fb1982e29df7?s=96&d=mm&r=g\",\"contentUrl\":\"https:\\\/\\\/secure.gravatar.com\\\/avatar\\\/4c81fed838786e9b53f540bf46533e750f5d292099ae3b66cfc6fb1982e29df7?s=96&d=mm&r=g\",\"caption\":\"admin\"},\"description\":\"admin\",\"url\":\"https:\\\/\\\/lasentinelle.dz\\\/author\\\/admin\\\/\"}]}<\/script>\n<!-- \/ Yoast SEO plugin. -->","yoast_head_json":{"title":"Apr\u00e8s plus de 13 ans de stagnation: Les pensions des Moudjahidine et de leurs ayants-droits revaloris\u00e9es - La Sentinelle","robots":{"index":"index","follow":"follow","max-snippet":"max-snippet:-1","max-image-preview":"max-image-preview:large","max-video-preview":"max-video-preview:-1"},"canonical":"https:\/\/lasentinelle.dz\/index.php\/2025\/02\/24\/apres-plus-de-13-ans-de-stagnation-les-pensions-des-moudjahidine-et-de-leurs-ayants-droits-revalorisees\/","og_locale":"fr_FR","og_type":"article","og_title":"Apr\u00e8s plus de 13 ans de stagnation: Les pensions des Moudjahidine et de leurs ayants-droits revaloris\u00e9es - La Sentinelle","og_description":"Les pensions des moudjahidine et de leurs ayants droit viennent d\u2019\u00eatre revaloris\u00e9s. Une d\u00e9marche qui refl\u00e8te la reconnaissance des sacrifices","og_url":"https:\/\/lasentinelle.dz\/index.php\/2025\/02\/24\/apres-plus-de-13-ans-de-stagnation-les-pensions-des-moudjahidine-et-de-leurs-ayants-droits-revalorisees\/","og_site_name":"La Sentinelle","article_publisher":"https:\/\/www.facebook.com\/La-Sentinelle-104059864394773","article_published_time":"2025-02-24T10:04:51+00:00","og_image":[{"width":580,"height":350,"url":"https:\/\/lasentinelle.dz\/wp-content\/uploads\/2025\/02\/ministere-des-Moudjahidine.jpg","type":"image\/jpeg"}],"author":"admin","twitter_card":"summary_large_image","twitter_misc":{"\u00c9crit par":"admin","Dur\u00e9e de lecture estim\u00e9e":"3 minutes"},"schema":{"@context":"https:\/\/schema.org","@graph":[{"@type":"Article","@id":"https:\/\/lasentinelle.dz\/index.php\/2025\/02\/24\/apres-plus-de-13-ans-de-stagnation-les-pensions-des-moudjahidine-et-de-leurs-ayants-droits-revalorisees\/#article","isPartOf":{"@id":"https:\/\/lasentinelle.dz\/index.php\/2025\/02\/24\/apres-plus-de-13-ans-de-stagnation-les-pensions-des-moudjahidine-et-de-leurs-ayants-droits-revalorisees\/"},"author":{"name":"admin","@id":"https:\/\/lasentinelle.dz\/#\/schema\/person\/729ee0024f24e0b8c5ec17232f8e8b41"},"headline":"Apr\u00e8s plus de 13 ans de stagnation: Les pensions des Moudjahidine et de leurs ayants-droits revaloris\u00e9es","datePublished":"2025-02-24T10:04:51+00:00","mainEntityOfPage":{"@id":"https:\/\/lasentinelle.dz\/index.php\/2025\/02\/24\/apres-plus-de-13-ans-de-stagnation-les-pensions-des-moudjahidine-et-de-leurs-ayants-droits-revalorisees\/"},"wordCount":646,"commentCount":0,"publisher":{"@id":"https:\/\/lasentinelle.dz\/#organization"},"image":{"@id":"https:\/\/lasentinelle.dz\/index.php\/2025\/02\/24\/apres-plus-de-13-ans-de-stagnation-les-pensions-des-moudjahidine-et-de-leurs-ayants-droits-revalorisees\/#primaryimage"},"thumbnailUrl":"https:\/\/lasentinelle.dz\/wp-content\/uploads\/2025\/02\/ministere-des-Moudjahidine.jpg","articleSection":["\u00c0 la Une","Actualit\u00e9"],"inLanguage":"fr-FR","potentialAction":[{"@type":"CommentAction","name":"Comment","target":["https:\/\/lasentinelle.dz\/index.php\/2025\/02\/24\/apres-plus-de-13-ans-de-stagnation-les-pensions-des-moudjahidine-et-de-leurs-ayants-droits-revalorisees\/#respond"]}]},{"@type":"WebPage","@id":"https:\/\/lasentinelle.dz\/index.php\/2025\/02\/24\/apres-plus-de-13-ans-de-stagnation-les-pensions-des-moudjahidine-et-de-leurs-ayants-droits-revalorisees\/","url":"https:\/\/lasentinelle.dz\/index.php\/2025\/02\/24\/apres-plus-de-13-ans-de-stagnation-les-pensions-des-moudjahidine-et-de-leurs-ayants-droits-revalorisees\/","name":"Apr\u00e8s plus de 13 ans de stagnation: Les pensions des Moudjahidine et de leurs ayants-droits revaloris\u00e9es - La Sentinelle","isPartOf":{"@id":"https:\/\/lasentinelle.dz\/#website"},"primaryImageOfPage":{"@id":"https:\/\/lasentinelle.dz\/index.php\/2025\/02\/24\/apres-plus-de-13-ans-de-stagnation-les-pensions-des-moudjahidine-et-de-leurs-ayants-droits-revalorisees\/#primaryimage"},"image":{"@id":"https:\/\/lasentinelle.dz\/index.php\/2025\/02\/24\/apres-plus-de-13-ans-de-stagnation-les-pensions-des-moudjahidine-et-de-leurs-ayants-droits-revalorisees\/#primaryimage"},"thumbnailUrl":"https:\/\/lasentinelle.dz\/wp-content\/uploads\/2025\/02\/ministere-des-Moudjahidine.jpg","datePublished":"2025-02-24T10:04:51+00:00","breadcrumb":{"@id":"https:\/\/lasentinelle.dz\/index.php\/2025\/02\/24\/apres-plus-de-13-ans-de-stagnation-les-pensions-des-moudjahidine-et-de-leurs-ayants-droits-revalorisees\/#breadcrumb"},"inLanguage":"fr-FR","potentialAction":[{"@type":"ReadAction","target":["https:\/\/lasentinelle.dz\/index.php\/2025\/02\/24\/apres-plus-de-13-ans-de-stagnation-les-pensions-des-moudjahidine-et-de-leurs-ayants-droits-revalorisees\/"]}]},{"@type":"ImageObject","inLanguage":"fr-FR","@id":"https:\/\/lasentinelle.dz\/index.php\/2025\/02\/24\/apres-plus-de-13-ans-de-stagnation-les-pensions-des-moudjahidine-et-de-leurs-ayants-droits-revalorisees\/#primaryimage","url":"https:\/\/lasentinelle.dz\/wp-content\/uploads\/2025\/02\/ministere-des-Moudjahidine.jpg","contentUrl":"https:\/\/lasentinelle.dz\/wp-content\/uploads\/2025\/02\/ministere-des-Moudjahidine.jpg","width":580,"height":350},{"@type":"BreadcrumbList","@id":"https:\/\/lasentinelle.dz\/index.php\/2025\/02\/24\/apres-plus-de-13-ans-de-stagnation-les-pensions-des-moudjahidine-et-de-leurs-ayants-droits-revalorisees\/#breadcrumb","itemListElement":[{"@type":"ListItem","position":1,"name":"Accueil","item":"https:\/\/lasentinelle.dz\/"},{"@type":"ListItem","position":2,"name":"Apr\u00e8s plus de 13 ans de stagnation: Les pensions des Moudjahidine et de leurs ayants-droits revaloris\u00e9es"}]},{"@type":"WebSite","@id":"https:\/\/lasentinelle.dz\/#website","url":"https:\/\/lasentinelle.dz\/","name":"La Sentinelle","description":"Quotidien national d&#039;information","publisher":{"@id":"https:\/\/lasentinelle.dz\/#organization"},"potentialAction":[{"@type":"SearchAction","target":{"@type":"EntryPoint","urlTemplate":"https:\/\/lasentinelle.dz\/?s={search_term_string}"},"query-input":{"@type":"PropertyValueSpecification","valueRequired":true,"valueName":"search_term_string"}}],"inLanguage":"fr-FR"},{"@type":"Organization","@id":"https:\/\/lasentinelle.dz\/#organization","name":"Quotidien La Sentinelle","url":"https:\/\/lasentinelle.dz\/","logo":{"@type":"ImageObject","inLanguage":"fr-FR","@id":"https:\/\/lasentinelle.dz\/#\/schema\/logo\/image\/","url":"https:\/\/lasentinelle.dz\/wp-content\/uploads\/2021\/09\/logo-sentinelleSLOGAN-1.png","contentUrl":"https:\/\/lasentinelle.dz\/wp-content\/uploads\/2021\/09\/logo-sentinelleSLOGAN-1.png","width":615,"height":142,"caption":"Quotidien La Sentinelle"},"image":{"@id":"https:\/\/lasentinelle.dz\/#\/schema\/logo\/image\/"},"sameAs":["https:\/\/www.facebook.com\/La-Sentinelle-104059864394773"]},{"@type":"Person","@id":"https:\/\/lasentinelle.dz\/#\/schema\/person\/729ee0024f24e0b8c5ec17232f8e8b41","name":"admin","image":{"@type":"ImageObject","inLanguage":"fr-FR","@id":"https:\/\/secure.gravatar.com\/avatar\/4c81fed838786e9b53f540bf46533e750f5d292099ae3b66cfc6fb1982e29df7?s=96&d=mm&r=g","url":"https:\/\/secure.gravatar.com\/avatar\/4c81fed838786e9b53f540bf46533e750f5d292099ae3b66cfc6fb1982e29df7?s=96&d=mm&r=g","contentUrl":"https:\/\/secure.gravatar.com\/avatar\/4c81fed838786e9b53f540bf46533e750f5d292099ae3b66cfc6fb1982e29df7?s=96&d=mm&r=g","caption":"admin"},"description":"admin","url":"https:\/\/lasentinelle.dz\/author\/admin\/"}]}},"_links":{"self":[{"href":"https:\/\/lasentinelle.dz\/index.php\/wp-json\/wp\/v2\/posts\/63467","targetHints":{"allow":["GET"]}}],"collection":[{"href":"https:\/\/lasentinelle.dz\/index.php\/wp-json\/wp\/v2\/posts"}],"about":[{"href":"https:\/\/lasentinelle.dz\/index.php\/wp-json\/wp\/v2\/types\/post"}],"author":[{"embeddable":true,"href":"https:\/\/lasentinelle.dz\/index.php\/wp-json\/wp\/v2\/users\/6"}],"replies":[{"embeddable":true,"href":"https:\/\/lasentinelle.dz\/index.php\/wp-json\/wp\/v2\/comments?post=63467"}],"version-history":[{"count":1,"href":"https:\/\/lasentinelle.dz\/index.php\/wp-json\/wp\/v2\/posts\/63467\/revisions"}],"predecessor-version":[{"id":63469,"href":"https:\/\/lasentinelle.dz\/index.php\/wp-json\/wp\/v2\/posts\/63467\/revisions\/63469"}],"wp:featuredmedia":[{"embeddable":true,"href":"https:\/\/lasentinelle.dz\/index.php\/wp-json\/wp\/v2\/media\/63468"}],"wp:attachment":[{"href":"https:\/\/lasentinelle.dz\/index.php\/wp-json\/wp\/v2\/media?parent=63467"}],"wp:term":[{"taxonomy":"category","embeddable":true,"href":"https:\/\/lasentinelle.dz\/index.php\/wp-json\/wp\/v2\/categories?post=63467"},{"taxonomy":"post_tag","embeddable":true,"href":"https:\/\/lasentinelle.dz\/index.php\/wp-json\/wp\/v2\/tags?post=63467"}],"curies":[{"name":"wp","href":"https:\/\/api.w.org\/{rel}","templated":true}]}}