{"id":63545,"date":"2025-02-25T12:46:08","date_gmt":"2025-02-25T11:46:08","guid":{"rendered":"https:\/\/lasentinelle.dz\/?p=63545"},"modified":"2025-02-25T12:46:09","modified_gmt":"2025-02-25T11:46:09","slug":"preservation-du-caractere-social-de-letat-lugta-salue-lengagement-du-president-de-la-republique-a-renforcer-les-acquis-des-travailleurs","status":"publish","type":"post","link":"https:\/\/lasentinelle.dz\/index.php\/2025\/02\/25\/preservation-du-caractere-social-de-letat-lugta-salue-lengagement-du-president-de-la-republique-a-renforcer-les-acquis-des-travailleurs\/","title":{"rendered":"Pr\u00e9servation du caract\u00e8re social de l&rsquo;\u00c9tat: L\u2019UGTA salue l&rsquo;engagement du pr\u00e9sident de la R\u00e9publique \u00e0 renforcer les acquis des travailleurs"},"content":{"rendered":"\n<p>Le secr\u00e9taire g\u00e9n\u00e9ral de l&rsquo;Union g\u00e9n\u00e9rale des travailleurs alg\u00e9riens (UGTA), M. Amar Takdjout, a salu\u00e9 hier\u00e0 Hassi Messaoud (Ouargla) \u00e0 l\u2019occasion de la c\u00e9l\u00e9bration du double anniversaire de la cr\u00e9ation de l\u2019organisation syndicale et de la nationalisation des hydrocarbures, l&rsquo;engagement du pr\u00e9sident de la R\u00e9publique, M. Abdelmadjid Tebboune, \u00e0 renforcer les acquis des travailleurs et \u00e0 am\u00e9liorer leur cadre de vie et professionnel, dans le respect du principe de pr\u00e9servation du caract\u00e8re social de l&rsquo;\u00c9tat. En marge de la c\u00e9r\u00e9monie comm\u00e9morative de ce double anniversaire, pr\u00e9sid\u00e9e par le Premier ministre sur instruction du pr\u00e9sident de la R\u00e9publique, M. Takdjout a d\u00e9clar\u00e9 : \u00ab\u00a0Nous saluons hautement le contenu du discours du pr\u00e9sident de la R\u00e9publique \u00e0 l&rsquo;occasion de cet anniversaire historique, notamment en ce qui concerne le renforcement des acquis r\u00e9alis\u00e9s par la classe ouvri\u00e8re ces derni\u00e8res ann\u00e9es\u00a0\u00bb, soulignant \u00ab\u00a0les d\u00e9cisions courageuses\u00a0\u00bb du pr\u00e9sident et sa d\u00e9termination \u00e0 am\u00e9liorer le cadre de vie et professionnel des travailleurs. Le responsable syndical a \u00e9galement exprim\u00e9 le soutien de l&rsquo;UGTA \u00e0 la politique du pr\u00e9sident de la R\u00e9publique \u00ab\u00a0concernant la pr\u00e9servation du caract\u00e8re social de l&rsquo;\u00c9tat, consacr\u00e9 par la D\u00e9claration du 1er novembre 1954, ainsi que sa d\u00e9termination \u00e0 poursuivre le d\u00e9veloppement de l&rsquo;\u00e9conomie nationale\u00a0\u00bb. \u00c0 cette occasion, M. Takdjout a appel\u00e9 les travailleurs de tous les secteurs \u00e0 \u00ab\u00a0se rallier aux efforts du pr\u00e9sident de la R\u00e9publique pour d\u00e9velopper et diversifier l&rsquo;\u00e9conomie nationale afin de permettre \u00e0 notre pays de rejoindre les rangs des grandes puissances, d&rsquo;autant plus que tous les moyens sont disponibles\u00a0\u00bb.<\/p>\n\n\n\n<p>R.N.<\/p>\n\n\n\n<p><\/p>\n","protected":false},"excerpt":{"rendered":"<p>Le secr\u00e9taire g\u00e9n\u00e9ral de l&rsquo;Union g\u00e9n\u00e9rale des travailleurs alg\u00e9riens (UGTA), M. Amar Takdjout, a salu\u00e9 hier\u00e0 Hassi Messaoud (Ouargla) \u00e0<\/p>\n","protected":false},"author":6,"featured_media":63546,"comment_status":"open","ping_status":"closed","sticky":false,"template":"","format":"standard","meta":{"colormag_page_container_layout":"default_layout","colormag_page_sidebar_layout":"default_layout","om_disable_all_campaigns":false,"_monsterinsights_skip_tracking":false,"_monsterinsights_sitenote_active":false,"_monsterinsights_sitenote_note":"","_monsterinsights_sitenote_category":0,"footnotes":"","_wpscppro_dont_share_socialmedia":false,"_wpscppro_custom_social_share_image":0,"_facebook_share_type":"default","_twitter_share_type":"default","_linkedin_share_type":"default","_pinterest_share_type":"default","_linkedin_share_type_page":"","_instagram_share_type":"default","_medium_share_type":"default","_threads_share_type":"","_google_business_share_type":"","_selected_social_profile":[],"_wpsp_enable_custom_social_template":false,"_wpsp_social_scheduling":{"enabled":false,"datetime":null,"platforms":[],"status":"template_only","dateOption":"today","timeOption":"now","customDays":"","customHours":"","customDate":"","customTime":"","schedulingType":"absolute"},"_wpsp_active_default_template":true},"categories":[27],"tags":[],"class_list":["post-63545","post","type-post","status-publish","format-standard","has-post-thumbnail","hentry","category-actualite"],"aioseo_notices":[],"yoast_head":"<!-- This site is optimized with the Yoast SEO plugin v27.5 - https:\/\/yoast.com\/product\/yoast-seo-wordpress\/ -->\n<title>Pr\u00e9servation du caract\u00e8re social de l&rsquo;\u00c9tat: L\u2019UGTA salue l&rsquo;engagement du pr\u00e9sident de la R\u00e9publique \u00e0 renforcer les acquis des travailleurs - La Sentinelle<\/title>\n<meta name=\"robots\" content=\"index, follow, max-snippet:-1, max-image-preview:large, max-video-preview:-1\" \/>\n<link rel=\"canonical\" href=\"https:\/\/lasentinelle.dz\/index.php\/2025\/02\/25\/preservation-du-caractere-social-de-letat-lugta-salue-lengagement-du-president-de-la-republique-a-renforcer-les-acquis-des-travailleurs\/\" \/>\n<meta property=\"og:locale\" content=\"fr_FR\" \/>\n<meta property=\"og:type\" content=\"article\" \/>\n<meta property=\"og:title\" content=\"Pr\u00e9servation du caract\u00e8re social de l&rsquo;\u00c9tat: L\u2019UGTA salue l&rsquo;engagement du pr\u00e9sident de la R\u00e9publique \u00e0 renforcer les acquis des travailleurs - La Sentinelle\" \/>\n<meta property=\"og:description\" content=\"Le secr\u00e9taire g\u00e9n\u00e9ral de l&rsquo;Union g\u00e9n\u00e9rale des travailleurs alg\u00e9riens (UGTA), M. Amar Takdjout, a salu\u00e9 hier\u00e0 Hassi Messaoud (Ouargla) \u00e0\" \/>\n<meta property=\"og:url\" content=\"https:\/\/lasentinelle.dz\/index.php\/2025\/02\/25\/preservation-du-caractere-social-de-letat-lugta-salue-lengagement-du-president-de-la-republique-a-renforcer-les-acquis-des-travailleurs\/\" \/>\n<meta property=\"og:site_name\" content=\"La Sentinelle\" \/>\n<meta property=\"article:publisher\" content=\"https:\/\/www.facebook.com\/La-Sentinelle-104059864394773\" \/>\n<meta property=\"article:published_time\" content=\"2025-02-25T11:46:08+00:00\" \/>\n<meta property=\"article:modified_time\" content=\"2025-02-25T11:46:09+00:00\" \/>\n<meta property=\"og:image\" content=\"https:\/\/lasentinelle.dz\/wp-content\/uploads\/2025\/02\/Takdjout.jpg\" \/>\n\t<meta property=\"og:image:width\" content=\"2048\" \/>\n\t<meta property=\"og:image:height\" content=\"1251\" \/>\n\t<meta property=\"og:image:type\" content=\"image\/jpeg\" \/>\n<meta name=\"author\" content=\"admin\" \/>\n<meta name=\"twitter:card\" content=\"summary_large_image\" \/>\n<meta name=\"twitter:label1\" content=\"\u00c9crit par\" \/>\n\t<meta name=\"twitter:data1\" content=\"admin\" \/>\n\t<meta name=\"twitter:label2\" content=\"Dur\u00e9e de lecture estim\u00e9e\" \/>\n\t<meta name=\"twitter:data2\" content=\"2 minutes\" \/>\n<script type=\"application\/ld+json\" class=\"yoast-schema-graph\">{\"@context\":\"https:\\\/\\\/schema.org\",\"@graph\":[{\"@type\":\"Article\",\"@id\":\"https:\\\/\\\/lasentinelle.dz\\\/index.php\\\/2025\\\/02\\\/25\\\/preservation-du-caractere-social-de-letat-lugta-salue-lengagement-du-president-de-la-republique-a-renforcer-les-acquis-des-travailleurs\\\/#article\",\"isPartOf\":{\"@id\":\"https:\\\/\\\/lasentinelle.dz\\\/index.php\\\/2025\\\/02\\\/25\\\/preservation-du-caractere-social-de-letat-lugta-salue-lengagement-du-president-de-la-republique-a-renforcer-les-acquis-des-travailleurs\\\/\"},\"author\":{\"name\":\"admin\",\"@id\":\"https:\\\/\\\/lasentinelle.dz\\\/#\\\/schema\\\/person\\\/729ee0024f24e0b8c5ec17232f8e8b41\"},\"headline\":\"Pr\u00e9servation du caract\u00e8re social de l&rsquo;\u00c9tat: L\u2019UGTA salue l&rsquo;engagement du pr\u00e9sident de la R\u00e9publique \u00e0 renforcer les acquis des travailleurs\",\"datePublished\":\"2025-02-25T11:46:08+00:00\",\"dateModified\":\"2025-02-25T11:46:09+00:00\",\"mainEntityOfPage\":{\"@id\":\"https:\\\/\\\/lasentinelle.dz\\\/index.php\\\/2025\\\/02\\\/25\\\/preservation-du-caractere-social-de-letat-lugta-salue-lengagement-du-president-de-la-republique-a-renforcer-les-acquis-des-travailleurs\\\/\"},\"wordCount\":323,\"commentCount\":0,\"publisher\":{\"@id\":\"https:\\\/\\\/lasentinelle.dz\\\/#organization\"},\"image\":{\"@id\":\"https:\\\/\\\/lasentinelle.dz\\\/index.php\\\/2025\\\/02\\\/25\\\/preservation-du-caractere-social-de-letat-lugta-salue-lengagement-du-president-de-la-republique-a-renforcer-les-acquis-des-travailleurs\\\/#primaryimage\"},\"thumbnailUrl\":\"https:\\\/\\\/lasentinelle.dz\\\/wp-content\\\/uploads\\\/2025\\\/02\\\/Takdjout.jpg\",\"articleSection\":[\"Actualit\u00e9\"],\"inLanguage\":\"fr-FR\",\"potentialAction\":[{\"@type\":\"CommentAction\",\"name\":\"Comment\",\"target\":[\"https:\\\/\\\/lasentinelle.dz\\\/index.php\\\/2025\\\/02\\\/25\\\/preservation-du-caractere-social-de-letat-lugta-salue-lengagement-du-president-de-la-republique-a-renforcer-les-acquis-des-travailleurs\\\/#respond\"]}]},{\"@type\":\"WebPage\",\"@id\":\"https:\\\/\\\/lasentinelle.dz\\\/index.php\\\/2025\\\/02\\\/25\\\/preservation-du-caractere-social-de-letat-lugta-salue-lengagement-du-president-de-la-republique-a-renforcer-les-acquis-des-travailleurs\\\/\",\"url\":\"https:\\\/\\\/lasentinelle.dz\\\/index.php\\\/2025\\\/02\\\/25\\\/preservation-du-caractere-social-de-letat-lugta-salue-lengagement-du-president-de-la-republique-a-renforcer-les-acquis-des-travailleurs\\\/\",\"name\":\"Pr\u00e9servation du caract\u00e8re social de l&rsquo;\u00c9tat: L\u2019UGTA salue l&rsquo;engagement du pr\u00e9sident de la R\u00e9publique \u00e0 renforcer les acquis des travailleurs - La Sentinelle\",\"isPartOf\":{\"@id\":\"https:\\\/\\\/lasentinelle.dz\\\/#website\"},\"primaryImageOfPage\":{\"@id\":\"https:\\\/\\\/lasentinelle.dz\\\/index.php\\\/2025\\\/02\\\/25\\\/preservation-du-caractere-social-de-letat-lugta-salue-lengagement-du-president-de-la-republique-a-renforcer-les-acquis-des-travailleurs\\\/#primaryimage\"},\"image\":{\"@id\":\"https:\\\/\\\/lasentinelle.dz\\\/index.php\\\/2025\\\/02\\\/25\\\/preservation-du-caractere-social-de-letat-lugta-salue-lengagement-du-president-de-la-republique-a-renforcer-les-acquis-des-travailleurs\\\/#primaryimage\"},\"thumbnailUrl\":\"https:\\\/\\\/lasentinelle.dz\\\/wp-content\\\/uploads\\\/2025\\\/02\\\/Takdjout.jpg\",\"datePublished\":\"2025-02-25T11:46:08+00:00\",\"dateModified\":\"2025-02-25T11:46:09+00:00\",\"breadcrumb\":{\"@id\":\"https:\\\/\\\/lasentinelle.dz\\\/index.php\\\/2025\\\/02\\\/25\\\/preservation-du-caractere-social-de-letat-lugta-salue-lengagement-du-president-de-la-republique-a-renforcer-les-acquis-des-travailleurs\\\/#breadcrumb\"},\"inLanguage\":\"fr-FR\",\"potentialAction\":[{\"@type\":\"ReadAction\",\"target\":[\"https:\\\/\\\/lasentinelle.dz\\\/index.php\\\/2025\\\/02\\\/25\\\/preservation-du-caractere-social-de-letat-lugta-salue-lengagement-du-president-de-la-republique-a-renforcer-les-acquis-des-travailleurs\\\/\"]}]},{\"@type\":\"ImageObject\",\"inLanguage\":\"fr-FR\",\"@id\":\"https:\\\/\\\/lasentinelle.dz\\\/index.php\\\/2025\\\/02\\\/25\\\/preservation-du-caractere-social-de-letat-lugta-salue-lengagement-du-president-de-la-republique-a-renforcer-les-acquis-des-travailleurs\\\/#primaryimage\",\"url\":\"https:\\\/\\\/lasentinelle.dz\\\/wp-content\\\/uploads\\\/2025\\\/02\\\/Takdjout.jpg\",\"contentUrl\":\"https:\\\/\\\/lasentinelle.dz\\\/wp-content\\\/uploads\\\/2025\\\/02\\\/Takdjout.jpg\",\"width\":2048,\"height\":1251},{\"@type\":\"BreadcrumbList\",\"@id\":\"https:\\\/\\\/lasentinelle.dz\\\/index.php\\\/2025\\\/02\\\/25\\\/preservation-du-caractere-social-de-letat-lugta-salue-lengagement-du-president-de-la-republique-a-renforcer-les-acquis-des-travailleurs\\\/#breadcrumb\",\"itemListElement\":[{\"@type\":\"ListItem\",\"position\":1,\"name\":\"Accueil\",\"item\":\"https:\\\/\\\/lasentinelle.dz\\\/\"},{\"@type\":\"ListItem\",\"position\":2,\"name\":\"Pr\u00e9servation du caract\u00e8re social de l&rsquo;\u00c9tat: L\u2019UGTA salue l&rsquo;engagement du pr\u00e9sident de la R\u00e9publique \u00e0 renforcer les acquis des travailleurs\"}]},{\"@type\":\"WebSite\",\"@id\":\"https:\\\/\\\/lasentinelle.dz\\\/#website\",\"url\":\"https:\\\/\\\/lasentinelle.dz\\\/\",\"name\":\"La Sentinelle\",\"description\":\"Quotidien national d&#039;information\",\"publisher\":{\"@id\":\"https:\\\/\\\/lasentinelle.dz\\\/#organization\"},\"potentialAction\":[{\"@type\":\"SearchAction\",\"target\":{\"@type\":\"EntryPoint\",\"urlTemplate\":\"https:\\\/\\\/lasentinelle.dz\\\/?s={search_term_string}\"},\"query-input\":{\"@type\":\"PropertyValueSpecification\",\"valueRequired\":true,\"valueName\":\"search_term_string\"}}],\"inLanguage\":\"fr-FR\"},{\"@type\":\"Organization\",\"@id\":\"https:\\\/\\\/lasentinelle.dz\\\/#organization\",\"name\":\"Quotidien La Sentinelle\",\"url\":\"https:\\\/\\\/lasentinelle.dz\\\/\",\"logo\":{\"@type\":\"ImageObject\",\"inLanguage\":\"fr-FR\",\"@id\":\"https:\\\/\\\/lasentinelle.dz\\\/#\\\/schema\\\/logo\\\/image\\\/\",\"url\":\"https:\\\/\\\/lasentinelle.dz\\\/wp-content\\\/uploads\\\/2021\\\/09\\\/logo-sentinelleSLOGAN-1.png\",\"contentUrl\":\"https:\\\/\\\/lasentinelle.dz\\\/wp-content\\\/uploads\\\/2021\\\/09\\\/logo-sentinelleSLOGAN-1.png\",\"width\":615,\"height\":142,\"caption\":\"Quotidien La Sentinelle\"},\"image\":{\"@id\":\"https:\\\/\\\/lasentinelle.dz\\\/#\\\/schema\\\/logo\\\/image\\\/\"},\"sameAs\":[\"https:\\\/\\\/www.facebook.com\\\/La-Sentinelle-104059864394773\"]},{\"@type\":\"Person\",\"@id\":\"https:\\\/\\\/lasentinelle.dz\\\/#\\\/schema\\\/person\\\/729ee0024f24e0b8c5ec17232f8e8b41\",\"name\":\"admin\",\"image\":{\"@type\":\"ImageObject\",\"inLanguage\":\"fr-FR\",\"@id\":\"https:\\\/\\\/secure.gravatar.com\\\/avatar\\\/4c81fed838786e9b53f540bf46533e750f5d292099ae3b66cfc6fb1982e29df7?s=96&d=mm&r=g\",\"url\":\"https:\\\/\\\/secure.gravatar.com\\\/avatar\\\/4c81fed838786e9b53f540bf46533e750f5d292099ae3b66cfc6fb1982e29df7?s=96&d=mm&r=g\",\"contentUrl\":\"https:\\\/\\\/secure.gravatar.com\\\/avatar\\\/4c81fed838786e9b53f540bf46533e750f5d292099ae3b66cfc6fb1982e29df7?s=96&d=mm&r=g\",\"caption\":\"admin\"},\"description\":\"admin\",\"url\":\"https:\\\/\\\/lasentinelle.dz\\\/author\\\/admin\\\/\"}]}<\/script>\n<!-- \/ Yoast SEO plugin. -->","yoast_head_json":{"title":"Pr\u00e9servation du caract\u00e8re social de l&rsquo;\u00c9tat: L\u2019UGTA salue l&rsquo;engagement du pr\u00e9sident de la R\u00e9publique \u00e0 renforcer les acquis des travailleurs - La Sentinelle","robots":{"index":"index","follow":"follow","max-snippet":"max-snippet:-1","max-image-preview":"max-image-preview:large","max-video-preview":"max-video-preview:-1"},"canonical":"https:\/\/lasentinelle.dz\/index.php\/2025\/02\/25\/preservation-du-caractere-social-de-letat-lugta-salue-lengagement-du-president-de-la-republique-a-renforcer-les-acquis-des-travailleurs\/","og_locale":"fr_FR","og_type":"article","og_title":"Pr\u00e9servation du caract\u00e8re social de l&rsquo;\u00c9tat: L\u2019UGTA salue l&rsquo;engagement du pr\u00e9sident de la R\u00e9publique \u00e0 renforcer les acquis des travailleurs - La Sentinelle","og_description":"Le secr\u00e9taire g\u00e9n\u00e9ral de l&rsquo;Union g\u00e9n\u00e9rale des travailleurs alg\u00e9riens (UGTA), M. Amar Takdjout, a salu\u00e9 hier\u00e0 Hassi Messaoud (Ouargla) \u00e0","og_url":"https:\/\/lasentinelle.dz\/index.php\/2025\/02\/25\/preservation-du-caractere-social-de-letat-lugta-salue-lengagement-du-president-de-la-republique-a-renforcer-les-acquis-des-travailleurs\/","og_site_name":"La Sentinelle","article_publisher":"https:\/\/www.facebook.com\/La-Sentinelle-104059864394773","article_published_time":"2025-02-25T11:46:08+00:00","article_modified_time":"2025-02-25T11:46:09+00:00","og_image":[{"width":2048,"height":1251,"url":"https:\/\/lasentinelle.dz\/wp-content\/uploads\/2025\/02\/Takdjout.jpg","type":"image\/jpeg"}],"author":"admin","twitter_card":"summary_large_image","twitter_misc":{"\u00c9crit par":"admin","Dur\u00e9e de lecture estim\u00e9e":"2 minutes"},"schema":{"@context":"https:\/\/schema.org","@graph":[{"@type":"Article","@id":"https:\/\/lasentinelle.dz\/index.php\/2025\/02\/25\/preservation-du-caractere-social-de-letat-lugta-salue-lengagement-du-president-de-la-republique-a-renforcer-les-acquis-des-travailleurs\/#article","isPartOf":{"@id":"https:\/\/lasentinelle.dz\/index.php\/2025\/02\/25\/preservation-du-caractere-social-de-letat-lugta-salue-lengagement-du-president-de-la-republique-a-renforcer-les-acquis-des-travailleurs\/"},"author":{"name":"admin","@id":"https:\/\/lasentinelle.dz\/#\/schema\/person\/729ee0024f24e0b8c5ec17232f8e8b41"},"headline":"Pr\u00e9servation du caract\u00e8re social de l&rsquo;\u00c9tat: L\u2019UGTA salue l&rsquo;engagement du pr\u00e9sident de la R\u00e9publique \u00e0 renforcer les acquis des travailleurs","datePublished":"2025-02-25T11:46:08+00:00","dateModified":"2025-02-25T11:46:09+00:00","mainEntityOfPage":{"@id":"https:\/\/lasentinelle.dz\/index.php\/2025\/02\/25\/preservation-du-caractere-social-de-letat-lugta-salue-lengagement-du-president-de-la-republique-a-renforcer-les-acquis-des-travailleurs\/"},"wordCount":323,"commentCount":0,"publisher":{"@id":"https:\/\/lasentinelle.dz\/#organization"},"image":{"@id":"https:\/\/lasentinelle.dz\/index.php\/2025\/02\/25\/preservation-du-caractere-social-de-letat-lugta-salue-lengagement-du-president-de-la-republique-a-renforcer-les-acquis-des-travailleurs\/#primaryimage"},"thumbnailUrl":"https:\/\/lasentinelle.dz\/wp-content\/uploads\/2025\/02\/Takdjout.jpg","articleSection":["Actualit\u00e9"],"inLanguage":"fr-FR","potentialAction":[{"@type":"CommentAction","name":"Comment","target":["https:\/\/lasentinelle.dz\/index.php\/2025\/02\/25\/preservation-du-caractere-social-de-letat-lugta-salue-lengagement-du-president-de-la-republique-a-renforcer-les-acquis-des-travailleurs\/#respond"]}]},{"@type":"WebPage","@id":"https:\/\/lasentinelle.dz\/index.php\/2025\/02\/25\/preservation-du-caractere-social-de-letat-lugta-salue-lengagement-du-president-de-la-republique-a-renforcer-les-acquis-des-travailleurs\/","url":"https:\/\/lasentinelle.dz\/index.php\/2025\/02\/25\/preservation-du-caractere-social-de-letat-lugta-salue-lengagement-du-president-de-la-republique-a-renforcer-les-acquis-des-travailleurs\/","name":"Pr\u00e9servation du caract\u00e8re social de l&rsquo;\u00c9tat: L\u2019UGTA salue l&rsquo;engagement du pr\u00e9sident de la R\u00e9publique \u00e0 renforcer les acquis des travailleurs - La Sentinelle","isPartOf":{"@id":"https:\/\/lasentinelle.dz\/#website"},"primaryImageOfPage":{"@id":"https:\/\/lasentinelle.dz\/index.php\/2025\/02\/25\/preservation-du-caractere-social-de-letat-lugta-salue-lengagement-du-president-de-la-republique-a-renforcer-les-acquis-des-travailleurs\/#primaryimage"},"image":{"@id":"https:\/\/lasentinelle.dz\/index.php\/2025\/02\/25\/preservation-du-caractere-social-de-letat-lugta-salue-lengagement-du-president-de-la-republique-a-renforcer-les-acquis-des-travailleurs\/#primaryimage"},"thumbnailUrl":"https:\/\/lasentinelle.dz\/wp-content\/uploads\/2025\/02\/Takdjout.jpg","datePublished":"2025-02-25T11:46:08+00:00","dateModified":"2025-02-25T11:46:09+00:00","breadcrumb":{"@id":"https:\/\/lasentinelle.dz\/index.php\/2025\/02\/25\/preservation-du-caractere-social-de-letat-lugta-salue-lengagement-du-president-de-la-republique-a-renforcer-les-acquis-des-travailleurs\/#breadcrumb"},"inLanguage":"fr-FR","potentialAction":[{"@type":"ReadAction","target":["https:\/\/lasentinelle.dz\/index.php\/2025\/02\/25\/preservation-du-caractere-social-de-letat-lugta-salue-lengagement-du-president-de-la-republique-a-renforcer-les-acquis-des-travailleurs\/"]}]},{"@type":"ImageObject","inLanguage":"fr-FR","@id":"https:\/\/lasentinelle.dz\/index.php\/2025\/02\/25\/preservation-du-caractere-social-de-letat-lugta-salue-lengagement-du-president-de-la-republique-a-renforcer-les-acquis-des-travailleurs\/#primaryimage","url":"https:\/\/lasentinelle.dz\/wp-content\/uploads\/2025\/02\/Takdjout.jpg","contentUrl":"https:\/\/lasentinelle.dz\/wp-content\/uploads\/2025\/02\/Takdjout.jpg","width":2048,"height":1251},{"@type":"BreadcrumbList","@id":"https:\/\/lasentinelle.dz\/index.php\/2025\/02\/25\/preservation-du-caractere-social-de-letat-lugta-salue-lengagement-du-president-de-la-republique-a-renforcer-les-acquis-des-travailleurs\/#breadcrumb","itemListElement":[{"@type":"ListItem","position":1,"name":"Accueil","item":"https:\/\/lasentinelle.dz\/"},{"@type":"ListItem","position":2,"name":"Pr\u00e9servation du caract\u00e8re social de l&rsquo;\u00c9tat: L\u2019UGTA salue l&rsquo;engagement du pr\u00e9sident de la R\u00e9publique \u00e0 renforcer les acquis des travailleurs"}]},{"@type":"WebSite","@id":"https:\/\/lasentinelle.dz\/#website","url":"https:\/\/lasentinelle.dz\/","name":"La Sentinelle","description":"Quotidien national d&#039;information","publisher":{"@id":"https:\/\/lasentinelle.dz\/#organization"},"potentialAction":[{"@type":"SearchAction","target":{"@type":"EntryPoint","urlTemplate":"https:\/\/lasentinelle.dz\/?s={search_term_string}"},"query-input":{"@type":"PropertyValueSpecification","valueRequired":true,"valueName":"search_term_string"}}],"inLanguage":"fr-FR"},{"@type":"Organization","@id":"https:\/\/lasentinelle.dz\/#organization","name":"Quotidien La Sentinelle","url":"https:\/\/lasentinelle.dz\/","logo":{"@type":"ImageObject","inLanguage":"fr-FR","@id":"https:\/\/lasentinelle.dz\/#\/schema\/logo\/image\/","url":"https:\/\/lasentinelle.dz\/wp-content\/uploads\/2021\/09\/logo-sentinelleSLOGAN-1.png","contentUrl":"https:\/\/lasentinelle.dz\/wp-content\/uploads\/2021\/09\/logo-sentinelleSLOGAN-1.png","width":615,"height":142,"caption":"Quotidien La Sentinelle"},"image":{"@id":"https:\/\/lasentinelle.dz\/#\/schema\/logo\/image\/"},"sameAs":["https:\/\/www.facebook.com\/La-Sentinelle-104059864394773"]},{"@type":"Person","@id":"https:\/\/lasentinelle.dz\/#\/schema\/person\/729ee0024f24e0b8c5ec17232f8e8b41","name":"admin","image":{"@type":"ImageObject","inLanguage":"fr-FR","@id":"https:\/\/secure.gravatar.com\/avatar\/4c81fed838786e9b53f540bf46533e750f5d292099ae3b66cfc6fb1982e29df7?s=96&d=mm&r=g","url":"https:\/\/secure.gravatar.com\/avatar\/4c81fed838786e9b53f540bf46533e750f5d292099ae3b66cfc6fb1982e29df7?s=96&d=mm&r=g","contentUrl":"https:\/\/secure.gravatar.com\/avatar\/4c81fed838786e9b53f540bf46533e750f5d292099ae3b66cfc6fb1982e29df7?s=96&d=mm&r=g","caption":"admin"},"description":"admin","url":"https:\/\/lasentinelle.dz\/author\/admin\/"}]}},"_links":{"self":[{"href":"https:\/\/lasentinelle.dz\/index.php\/wp-json\/wp\/v2\/posts\/63545","targetHints":{"allow":["GET"]}}],"collection":[{"href":"https:\/\/lasentinelle.dz\/index.php\/wp-json\/wp\/v2\/posts"}],"about":[{"href":"https:\/\/lasentinelle.dz\/index.php\/wp-json\/wp\/v2\/types\/post"}],"author":[{"embeddable":true,"href":"https:\/\/lasentinelle.dz\/index.php\/wp-json\/wp\/v2\/users\/6"}],"replies":[{"embeddable":true,"href":"https:\/\/lasentinelle.dz\/index.php\/wp-json\/wp\/v2\/comments?post=63545"}],"version-history":[{"count":2,"href":"https:\/\/lasentinelle.dz\/index.php\/wp-json\/wp\/v2\/posts\/63545\/revisions"}],"predecessor-version":[{"id":63548,"href":"https:\/\/lasentinelle.dz\/index.php\/wp-json\/wp\/v2\/posts\/63545\/revisions\/63548"}],"wp:featuredmedia":[{"embeddable":true,"href":"https:\/\/lasentinelle.dz\/index.php\/wp-json\/wp\/v2\/media\/63546"}],"wp:attachment":[{"href":"https:\/\/lasentinelle.dz\/index.php\/wp-json\/wp\/v2\/media?parent=63545"}],"wp:term":[{"taxonomy":"category","embeddable":true,"href":"https:\/\/lasentinelle.dz\/index.php\/wp-json\/wp\/v2\/categories?post=63545"},{"taxonomy":"post_tag","embeddable":true,"href":"https:\/\/lasentinelle.dz\/index.php\/wp-json\/wp\/v2\/tags?post=63545"}],"curies":[{"name":"wp","href":"https:\/\/api.w.org\/{rel}","templated":true}]}}