{"id":63573,"date":"2025-02-26T10:32:14","date_gmt":"2025-02-26T09:32:14","guid":{"rendered":"https:\/\/lasentinelle.dz\/?p=63573"},"modified":"2025-02-26T10:32:14","modified_gmt":"2025-02-26T09:32:14","slug":"ministere-de-la-culture-et-des-arts-un-ambitieux-programme-de-reformes-pour-dynamiser-le-secteur","status":"publish","type":"post","link":"https:\/\/lasentinelle.dz\/index.php\/2025\/02\/26\/ministere-de-la-culture-et-des-arts-un-ambitieux-programme-de-reformes-pour-dynamiser-le-secteur\/","title":{"rendered":"Minist\u00e8re de la Culture et des Arts: Un ambitieux programme de r\u00e9formes pour dynamiser le secteur"},"content":{"rendered":"\n<p>Le ministre de la Culture et des Arts, Zouhir Ballalou, a d\u00e9voil\u00e9 lundi, lors d&rsquo;une audition devant la Commission de la culture, de la communication et du tourisme de l&rsquo;Assembl\u00e9e populaire nationale (APN), une vision strat\u00e9gique compl\u00e8te pour transformer le paysage culturel. Une pr\u00e9sentation qui r\u00e9v\u00e8le un changement de paradigme dans l&rsquo;approche du secteur culturel, d\u00e9sormais envisag\u00e9 comme un v\u00e9ritable levier \u00e9conomique et un pilier de l&rsquo;identit\u00e9 nationale.<\/p>\n\n\n\n<p>Dans un contexte de diversification \u00e9conomique et de valorisation du patrimoine national, le ministre a d&#8217;embl\u00e9e soulign\u00e9 l&rsquo;importance strat\u00e9gique accord\u00e9e \u00e0 la culture dans le projet pr\u00e9sidentiel. \u00ab Le pari de l&rsquo;\u00c9tat sur la culture rev\u00eat, depuis quelques temps, et plus pr\u00e9cis\u00e9ment depuis l&rsquo;\u00e9lection du pr\u00e9sident de la R\u00e9publique, M. Abdelmadjid Tebboune, \u00e0 la magistrature supr\u00eame du pays, une nouvelle approche bas\u00e9e essentiellement sur la transition vers un secteur productif et efficace, avec une orientation \u00e9conomique \u00bb, a-t-il affirm\u00e9 devant un parterre de d\u00e9put\u00e9s et en pr\u00e9sence de la ministre des Relations avec le Parlement, Kaouter Krikou, et du pr\u00e9sident de la Commission, Belkheir Guerzou.<\/p>\n\n\n\n<p>L&rsquo;ambition affich\u00e9e est d\u00e9sormais de faire de la culture un vecteur de d\u00e9veloppement \u00e9conomique tout en renfor\u00e7ant sa dimension souveraine. Abordant la question cruciale du patrimoine culturel, M. Ballalou a mis en lumi\u00e8re les efforts d\u00e9ploy\u00e9s pour sa pr\u00e9servation, le qualifiant de \u00ab composante essentielle \u00bb de la souverainet\u00e9 culturelle alg\u00e9rienne. Face aux multiples d\u00e9fis, notamment les tentatives d&rsquo;appropriation par des tiers, le ministre a d\u00e9taill\u00e9 une strat\u00e9gie nationale articul\u00e9e autour de trois axes majeurs.<\/p>\n\n\n\n<p>Le premier axe consiste en \u00ab l&rsquo;\u00e9valuation de la situation actuelle en identifiant les principales lacunes, avec proposition de m\u00e9canismes de protection \u00bb. Cette phase diagnostique permettra d&rsquo;\u00e9tablir un \u00e9tat des lieux pr\u00e9cis et d&rsquo;identifier les priorit\u00e9s d&rsquo;action. Le deuxi\u00e8me axe concerne la \u00ab mise en place de mesures pr\u00e9ventives visant \u00e0 prot\u00e9ger et pr\u00e9server le patrimoine culturel \u00bb, tandis que le troisi\u00e8me axe propose des \u00ab suggestions pratiques et op\u00e9rationnelles \u00bb pour une protection efficace de ce patrimoine, \u00e0 travers l&rsquo;adoption d&rsquo;une feuille de route proactive. Cette feuille de route comprend plusieurs initiatives concr\u00e8tes, notamment \u00ab la mise en place de cellules de veille permanentes charg\u00e9es de signaler les tentatives d&rsquo;appropriation du patrimoine culturel alg\u00e9rien dans toutes ses formes \u00bb, ainsi que \u00ab l&rsquo;acc\u00e9l\u00e9ration des op\u00e9rations de recensement national g\u00e9n\u00e9ral de ce patrimoine, tout en focalisant sur les biens culturels sujets aux tentatives de vol \u00bb. Dans cette m\u00eame perspective, M. Ballalou a annonc\u00e9 que son minist\u00e8re allait mettre en place un m\u00e9canisme de labellisation pour toutes les composantes du patrimoine culturel alg\u00e9rien et cr\u00e9er des banques de donn\u00e9es sur les biens culturels, garantissant ainsi une protection juridique renforc\u00e9e.<\/p>\n\n\n\n<p><strong>20 dossiers de classement \u00e0 l&rsquo;UNESCO<\/strong><\/p>\n\n\n\n<p>Sur le plan concret, le ministre a r\u00e9v\u00e9l\u00e9 que ses services comptent introduire cette ann\u00e9e \u00ab 20 dossiers de proposition de classement sur la liste du patrimoine mat\u00e9riel national \u00bb. \u00c0 l&rsquo;\u00e9chelle internationale, il a indiqu\u00e9 que son secteur \u0153uvre actuellement \u00e0 la mise \u00e0 jour de la liste indicative de l&rsquo;UNESCO, avec six nouveaux biens culturels qui seront propos\u00e9s pour y figurer, renfor\u00e7ant ainsi la pr\u00e9sence du patrimoine alg\u00e9rien sur la sc\u00e8ne mondiale.<\/p>\n\n\n\n<p>Le volet mus\u00e9ographique n&rsquo;est pas en reste dans cette strat\u00e9gie globale. Le ministre a annonc\u00e9 la cr\u00e9ation prochaine de \u00ab neuf nouveaux mus\u00e9es dans certaines wilayas, ainsi que deux centres d&rsquo;interpr\u00e9tation \u00e0 caract\u00e8re mus\u00e9al dans les wilayas de Djelfa et de Sa\u00efda \u00bb. Cette expansion du r\u00e9seau mus\u00e9al national vise \u00e0 d\u00e9mocratiser l&rsquo;acc\u00e8s \u00e0 la culture et \u00e0 valoriser les sp\u00e9cificit\u00e9s patrimoniales des diff\u00e9rentes r\u00e9gions du pays. Le secteur cin\u00e9matographique, longtemps consid\u00e9r\u00e9 comme le parent pauvre de la culture en Alg\u00e9rie malgr\u00e9 son riche pass\u00e9, fait l&rsquo;objet d&rsquo;une attention particuli\u00e8re dans ce plan d&rsquo;action. S&rsquo;appuyant sur les r\u00e9centes assises nationales du cin\u00e9ma organis\u00e9es sous le haut patronage du pr\u00e9sident de la R\u00e9publique, M. Ballalou a pr\u00e9sent\u00e9 un programme de revitalisation ambitieux. Parmi les mesures phares figure \u00ab la cr\u00e9ation du Conseil sup\u00e9rieur du cin\u00e9ma en tant qu&rsquo;organe consultatif et de r\u00e9f\u00e9rence national charg\u00e9 d&rsquo;\u00e9laborer une feuille de route pour le d\u00e9veloppement de l&rsquo;industrie cin\u00e9matographique en Alg\u00e9rie \u00bb. Cette instance devrait jouer un r\u00f4le d\u00e9terminant dans la d\u00e9finition des orientations strat\u00e9giques du secteur. Le ministre a \u00e9galement annonc\u00e9 \u00ab la cr\u00e9ation du Centre national des archives cin\u00e9matographiques \u00bb, une structure essentielle pour la pr\u00e9servation du patrimoine filmique national, ainsi que \u00ab la fourniture de subventions pour des projets cin\u00e9matographiques de haute qualit\u00e9 via le Fonds national pour le d\u00e9veloppement de l&rsquo;Art, de la Technique et de l&rsquo;Industrie cin\u00e9matographique et de la Promotion des Arts et des Lettres (FDATIC) \u00bb. Sur le plan financier, diverses mesures sont envisag\u00e9es, notamment les pr\u00eats bancaires et le soutien de l&rsquo;Agence alg\u00e9rienne de promotion de l&rsquo;investissement (AAPI) au cin\u00e9ma. Le ministre a \u00e9galement \u00e9voqu\u00e9 \u00ab la fourniture d&rsquo;infrastructures pour le d\u00e9veloppement de l&rsquo;industrie cin\u00e9matographique \u00e0 travers la cr\u00e9ation de villes cin\u00e9matographiques et de studios de tournage \u00bb, une initiative qui pourrait transformer radicalement le paysage de la production audiovisuelle nationale. Sur le volet r\u00e8glementaire, M. Ballalou a indiqu\u00e9 que \u00ab 13 textes r\u00e8glementaires relatifs \u00e0 la loi 24-07 sur l&rsquo;industrie cin\u00e9matographique seraient promulgu\u00e9s \u00bb, ajoutant qu&rsquo;en vertu de la loi de finances 2025, \u00ab le compte d&rsquo;affectation intitul\u00e9 Fonds national pour le d\u00e9veloppement de l&rsquo;industrie cin\u00e9matographique et de ses techniques avait \u00e9t\u00e9 rouvert \u00bb, une d\u00e9cision qui marque la volont\u00e9 politique de r\u00e9investir dans ce secteur strat\u00e9gique.<\/p>\n\n\n\n<p>Le th\u00e9\u00e2tre, art vivant par excellence et vecteur historique de la contestation et de l&rsquo;expression populaire en Alg\u00e9rie, occupe \u00e9galement une place importante dans cette strat\u00e9gie culturelle. Le ministre a rappel\u00e9 la vitalit\u00e9 du mouvement th\u00e9\u00e2tral national qui \u00ab compte plus de 120 \u0153uvres par an, ainsi que de nombreuses autres pr\u00e9sent\u00e9es par des associations et clubs amateurs \u00bb. Il a pr\u00e9cis\u00e9 que \u00ab l&rsquo;\u00c9tat avait accord\u00e9 249 aides financi\u00e8res au profit d&rsquo;associations, de coop\u00e9ratives culturelles et th\u00e9\u00e2trales et d&rsquo;artistes \u00bb, d\u00e9montrant ainsi le soutien continu aux initiatives th\u00e9\u00e2trales. Dans une perspective de r\u00e9forme structurelle, M. Ballalou a annonc\u00e9 que \u00ab la situation des th\u00e9\u00e2tres ferait l&rsquo;objet d&rsquo;une r\u00e9vision, avec un projet ambitieux visant \u00e0 modifier le statut particulier des th\u00e9\u00e2tres et \u00e0 renforcer leur viabilit\u00e9 \u00e9conomique \u00bb, une r\u00e9forme attendue depuis longtemps par les professionnels du secteur. Concernant la distribution de la production culturelle et artistique nationale, le ministre a insist\u00e9 sur \u00ab la n\u00e9cessit\u00e9 de r\u00e9fl\u00e9chir \u00e0 des alternatives pour une meilleure distribution de ce produit \u00bb, ajoutant que son secteur \u00e9tait \u00ab en cours de r\u00e9vision et d&rsquo;actualisation du syst\u00e8me des festivals afin qu&rsquo;il soit mieux adapt\u00e9 \u00e0 la r\u00e9alit\u00e9 actuelle et en phase avec l&rsquo;approche \u00e9conomique de la culture \u00bb.<\/p>\n\n\n\n<p><strong>Cap sur la promotion de la formation<\/strong><\/p>\n\n\n\n<p>La formation musicale, fondamentale pour l&rsquo;\u00e9mergence de nouveaux talents et la pr\u00e9servation des traditions musicales alg\u00e9riennes dans leur diversit\u00e9, fait \u00e9galement l&rsquo;objet d&rsquo;une attention particuli\u00e8re. Le ministre a annonc\u00e9 que \u00ab lors des mois prochains, il sera proc\u00e9d\u00e9 \u00e0 l&rsquo;ouverture de 19 \u00e9coles d&rsquo;enseignement musical au niveau des maisons de jeunes \u00bb, pr\u00e9cisant que \u00ab cette initiative sera g\u00e9n\u00e9ralis\u00e9e au titre de l&rsquo;ann\u00e9e prochaine \u00e0 l&rsquo;ensemble des wilayas \u00bb, un projet ambitieux qui vise \u00e0 d\u00e9mocratiser l&rsquo;acc\u00e8s \u00e0 l&rsquo;\u00e9ducation musicale sur l&rsquo;ensemble du territoire national. Enfin, conscient des enjeux de la transition num\u00e9rique dans le secteur culturel, le ministre a \u00e9voqu\u00e9 plusieurs projets concrets d\u00e9j\u00e0 r\u00e9alis\u00e9s, notamment \u00ab la cr\u00e9ation d&rsquo;une plateforme de services \u00e0 distance E-services culture, le lancement d&rsquo;une plateforme de lutte contre le trafic illicite des biens culturels turathi.dz, et la mise en place de visites virtuelles de 360 mus\u00e9es et sites arch\u00e9ologiques en Alg\u00e9rie \u00bb. Cette pr\u00e9sentation exhaustive devant la Commission parlementaire t\u00e9moigne d&rsquo;une volont\u00e9 politique claire de repositionner le secteur culturel comme un pilier du d\u00e9veloppement national, alliant pr\u00e9servation du patrimoine, cr\u00e9ation contemporaine et valorisation \u00e9conomique. Les d\u00e9fis restent nombreux, mais la feuille de route pr\u00e9sent\u00e9e par le ministre Zouhir Ballalou semble offrir des perspectives prometteuses pour l&rsquo;avenir de la culture alg\u00e9rienne, \u00e0 condition que les moyens n\u00e9cessaires \u00e0 sa mise en \u0153uvre soient effectivement mobilis\u00e9s.<\/p>\n\n\n\n<p><strong>Mohand Seghir<\/strong><\/p>\n","protected":false},"excerpt":{"rendered":"<p>Le ministre de la Culture et des Arts, Zouhir Ballalou, a d\u00e9voil\u00e9 lundi, lors d&rsquo;une audition devant la Commission de<\/p>\n","protected":false},"author":6,"featured_media":26824,"comment_status":"open","ping_status":"closed","sticky":false,"template":"","format":"standard","meta":{"colormag_page_container_layout":"default_layout","colormag_page_sidebar_layout":"default_layout","om_disable_all_campaigns":false,"_monsterinsights_skip_tracking":false,"_monsterinsights_sitenote_active":false,"_monsterinsights_sitenote_note":"","_monsterinsights_sitenote_category":0,"footnotes":"","_wpscppro_dont_share_socialmedia":false,"_wpscppro_custom_social_share_image":0,"_facebook_share_type":"default","_twitter_share_type":"default","_linkedin_share_type":"default","_pinterest_share_type":"default","_linkedin_share_type_page":"","_instagram_share_type":"default","_medium_share_type":"default","_threads_share_type":"","_google_business_share_type":"","_selected_social_profile":[],"_wpsp_enable_custom_social_template":false,"_wpsp_social_scheduling":{"enabled":false,"datetime":null,"platforms":[],"status":"template_only","dateOption":"today","timeOption":"now","customDays":"","customHours":"","customDate":"","customTime":"","schedulingType":"absolute"},"_wpsp_active_default_template":true},"categories":[36],"tags":[],"class_list":["post-63573","post","type-post","status-publish","format-standard","has-post-thumbnail","hentry","category-culture"],"aioseo_notices":[],"yoast_head":"<!-- This site is optimized with the Yoast SEO plugin v27.5 - https:\/\/yoast.com\/product\/yoast-seo-wordpress\/ -->\n<title>Minist\u00e8re de la Culture et des Arts: Un ambitieux programme de r\u00e9formes pour dynamiser le secteur - La Sentinelle<\/title>\n<meta name=\"robots\" content=\"index, follow, max-snippet:-1, max-image-preview:large, max-video-preview:-1\" \/>\n<link rel=\"canonical\" href=\"https:\/\/lasentinelle.dz\/index.php\/2025\/02\/26\/ministere-de-la-culture-et-des-arts-un-ambitieux-programme-de-reformes-pour-dynamiser-le-secteur\/\" \/>\n<meta property=\"og:locale\" content=\"fr_FR\" \/>\n<meta property=\"og:type\" content=\"article\" \/>\n<meta property=\"og:title\" content=\"Minist\u00e8re de la Culture et des Arts: Un ambitieux programme de r\u00e9formes pour dynamiser le secteur - La Sentinelle\" \/>\n<meta property=\"og:description\" content=\"Le ministre de la Culture et des Arts, Zouhir Ballalou, a d\u00e9voil\u00e9 lundi, lors d&rsquo;une audition devant la Commission de\" \/>\n<meta property=\"og:url\" content=\"https:\/\/lasentinelle.dz\/index.php\/2025\/02\/26\/ministere-de-la-culture-et-des-arts-un-ambitieux-programme-de-reformes-pour-dynamiser-le-secteur\/\" \/>\n<meta property=\"og:site_name\" content=\"La Sentinelle\" \/>\n<meta property=\"article:publisher\" content=\"https:\/\/www.facebook.com\/La-Sentinelle-104059864394773\" \/>\n<meta property=\"article:published_time\" content=\"2025-02-26T09:32:14+00:00\" \/>\n<meta property=\"og:image\" content=\"https:\/\/lasentinelle.dz\/wp-content\/uploads\/2022\/09\/culture.png\" \/>\n\t<meta property=\"og:image:width\" content=\"1350\" \/>\n\t<meta property=\"og:image:height\" content=\"900\" \/>\n\t<meta property=\"og:image:type\" content=\"image\/png\" \/>\n<meta name=\"author\" content=\"admin\" \/>\n<meta name=\"twitter:card\" content=\"summary_large_image\" \/>\n<meta name=\"twitter:label1\" content=\"\u00c9crit par\" \/>\n\t<meta name=\"twitter:data1\" content=\"admin\" \/>\n\t<meta name=\"twitter:label2\" content=\"Dur\u00e9e de lecture estim\u00e9e\" \/>\n\t<meta name=\"twitter:data2\" content=\"7 minutes\" \/>\n<script type=\"application\/ld+json\" class=\"yoast-schema-graph\">{\"@context\":\"https:\\\/\\\/schema.org\",\"@graph\":[{\"@type\":\"Article\",\"@id\":\"https:\\\/\\\/lasentinelle.dz\\\/index.php\\\/2025\\\/02\\\/26\\\/ministere-de-la-culture-et-des-arts-un-ambitieux-programme-de-reformes-pour-dynamiser-le-secteur\\\/#article\",\"isPartOf\":{\"@id\":\"https:\\\/\\\/lasentinelle.dz\\\/index.php\\\/2025\\\/02\\\/26\\\/ministere-de-la-culture-et-des-arts-un-ambitieux-programme-de-reformes-pour-dynamiser-le-secteur\\\/\"},\"author\":{\"name\":\"admin\",\"@id\":\"https:\\\/\\\/lasentinelle.dz\\\/#\\\/schema\\\/person\\\/729ee0024f24e0b8c5ec17232f8e8b41\"},\"headline\":\"Minist\u00e8re de la Culture et des Arts: Un ambitieux programme de r\u00e9formes pour dynamiser le secteur\",\"datePublished\":\"2025-02-26T09:32:14+00:00\",\"mainEntityOfPage\":{\"@id\":\"https:\\\/\\\/lasentinelle.dz\\\/index.php\\\/2025\\\/02\\\/26\\\/ministere-de-la-culture-et-des-arts-un-ambitieux-programme-de-reformes-pour-dynamiser-le-secteur\\\/\"},\"wordCount\":1511,\"commentCount\":0,\"publisher\":{\"@id\":\"https:\\\/\\\/lasentinelle.dz\\\/#organization\"},\"image\":{\"@id\":\"https:\\\/\\\/lasentinelle.dz\\\/index.php\\\/2025\\\/02\\\/26\\\/ministere-de-la-culture-et-des-arts-un-ambitieux-programme-de-reformes-pour-dynamiser-le-secteur\\\/#primaryimage\"},\"thumbnailUrl\":\"https:\\\/\\\/lasentinelle.dz\\\/wp-content\\\/uploads\\\/2022\\\/09\\\/culture.png\",\"articleSection\":[\"Culture\"],\"inLanguage\":\"fr-FR\",\"potentialAction\":[{\"@type\":\"CommentAction\",\"name\":\"Comment\",\"target\":[\"https:\\\/\\\/lasentinelle.dz\\\/index.php\\\/2025\\\/02\\\/26\\\/ministere-de-la-culture-et-des-arts-un-ambitieux-programme-de-reformes-pour-dynamiser-le-secteur\\\/#respond\"]}]},{\"@type\":\"WebPage\",\"@id\":\"https:\\\/\\\/lasentinelle.dz\\\/index.php\\\/2025\\\/02\\\/26\\\/ministere-de-la-culture-et-des-arts-un-ambitieux-programme-de-reformes-pour-dynamiser-le-secteur\\\/\",\"url\":\"https:\\\/\\\/lasentinelle.dz\\\/index.php\\\/2025\\\/02\\\/26\\\/ministere-de-la-culture-et-des-arts-un-ambitieux-programme-de-reformes-pour-dynamiser-le-secteur\\\/\",\"name\":\"Minist\u00e8re de la Culture et des Arts: Un ambitieux programme de r\u00e9formes pour dynamiser le secteur - La Sentinelle\",\"isPartOf\":{\"@id\":\"https:\\\/\\\/lasentinelle.dz\\\/#website\"},\"primaryImageOfPage\":{\"@id\":\"https:\\\/\\\/lasentinelle.dz\\\/index.php\\\/2025\\\/02\\\/26\\\/ministere-de-la-culture-et-des-arts-un-ambitieux-programme-de-reformes-pour-dynamiser-le-secteur\\\/#primaryimage\"},\"image\":{\"@id\":\"https:\\\/\\\/lasentinelle.dz\\\/index.php\\\/2025\\\/02\\\/26\\\/ministere-de-la-culture-et-des-arts-un-ambitieux-programme-de-reformes-pour-dynamiser-le-secteur\\\/#primaryimage\"},\"thumbnailUrl\":\"https:\\\/\\\/lasentinelle.dz\\\/wp-content\\\/uploads\\\/2022\\\/09\\\/culture.png\",\"datePublished\":\"2025-02-26T09:32:14+00:00\",\"breadcrumb\":{\"@id\":\"https:\\\/\\\/lasentinelle.dz\\\/index.php\\\/2025\\\/02\\\/26\\\/ministere-de-la-culture-et-des-arts-un-ambitieux-programme-de-reformes-pour-dynamiser-le-secteur\\\/#breadcrumb\"},\"inLanguage\":\"fr-FR\",\"potentialAction\":[{\"@type\":\"ReadAction\",\"target\":[\"https:\\\/\\\/lasentinelle.dz\\\/index.php\\\/2025\\\/02\\\/26\\\/ministere-de-la-culture-et-des-arts-un-ambitieux-programme-de-reformes-pour-dynamiser-le-secteur\\\/\"]}]},{\"@type\":\"ImageObject\",\"inLanguage\":\"fr-FR\",\"@id\":\"https:\\\/\\\/lasentinelle.dz\\\/index.php\\\/2025\\\/02\\\/26\\\/ministere-de-la-culture-et-des-arts-un-ambitieux-programme-de-reformes-pour-dynamiser-le-secteur\\\/#primaryimage\",\"url\":\"https:\\\/\\\/lasentinelle.dz\\\/wp-content\\\/uploads\\\/2022\\\/09\\\/culture.png\",\"contentUrl\":\"https:\\\/\\\/lasentinelle.dz\\\/wp-content\\\/uploads\\\/2022\\\/09\\\/culture.png\",\"width\":1350,\"height\":900},{\"@type\":\"BreadcrumbList\",\"@id\":\"https:\\\/\\\/lasentinelle.dz\\\/index.php\\\/2025\\\/02\\\/26\\\/ministere-de-la-culture-et-des-arts-un-ambitieux-programme-de-reformes-pour-dynamiser-le-secteur\\\/#breadcrumb\",\"itemListElement\":[{\"@type\":\"ListItem\",\"position\":1,\"name\":\"Accueil\",\"item\":\"https:\\\/\\\/lasentinelle.dz\\\/\"},{\"@type\":\"ListItem\",\"position\":2,\"name\":\"Minist\u00e8re de la Culture et des Arts: Un ambitieux programme de r\u00e9formes pour dynamiser le secteur\"}]},{\"@type\":\"WebSite\",\"@id\":\"https:\\\/\\\/lasentinelle.dz\\\/#website\",\"url\":\"https:\\\/\\\/lasentinelle.dz\\\/\",\"name\":\"La Sentinelle\",\"description\":\"Quotidien national d&#039;information\",\"publisher\":{\"@id\":\"https:\\\/\\\/lasentinelle.dz\\\/#organization\"},\"potentialAction\":[{\"@type\":\"SearchAction\",\"target\":{\"@type\":\"EntryPoint\",\"urlTemplate\":\"https:\\\/\\\/lasentinelle.dz\\\/?s={search_term_string}\"},\"query-input\":{\"@type\":\"PropertyValueSpecification\",\"valueRequired\":true,\"valueName\":\"search_term_string\"}}],\"inLanguage\":\"fr-FR\"},{\"@type\":\"Organization\",\"@id\":\"https:\\\/\\\/lasentinelle.dz\\\/#organization\",\"name\":\"Quotidien La Sentinelle\",\"url\":\"https:\\\/\\\/lasentinelle.dz\\\/\",\"logo\":{\"@type\":\"ImageObject\",\"inLanguage\":\"fr-FR\",\"@id\":\"https:\\\/\\\/lasentinelle.dz\\\/#\\\/schema\\\/logo\\\/image\\\/\",\"url\":\"https:\\\/\\\/lasentinelle.dz\\\/wp-content\\\/uploads\\\/2021\\\/09\\\/logo-sentinelleSLOGAN-1.png\",\"contentUrl\":\"https:\\\/\\\/lasentinelle.dz\\\/wp-content\\\/uploads\\\/2021\\\/09\\\/logo-sentinelleSLOGAN-1.png\",\"width\":615,\"height\":142,\"caption\":\"Quotidien La Sentinelle\"},\"image\":{\"@id\":\"https:\\\/\\\/lasentinelle.dz\\\/#\\\/schema\\\/logo\\\/image\\\/\"},\"sameAs\":[\"https:\\\/\\\/www.facebook.com\\\/La-Sentinelle-104059864394773\"]},{\"@type\":\"Person\",\"@id\":\"https:\\\/\\\/lasentinelle.dz\\\/#\\\/schema\\\/person\\\/729ee0024f24e0b8c5ec17232f8e8b41\",\"name\":\"admin\",\"image\":{\"@type\":\"ImageObject\",\"inLanguage\":\"fr-FR\",\"@id\":\"https:\\\/\\\/secure.gravatar.com\\\/avatar\\\/4c81fed838786e9b53f540bf46533e750f5d292099ae3b66cfc6fb1982e29df7?s=96&d=mm&r=g\",\"url\":\"https:\\\/\\\/secure.gravatar.com\\\/avatar\\\/4c81fed838786e9b53f540bf46533e750f5d292099ae3b66cfc6fb1982e29df7?s=96&d=mm&r=g\",\"contentUrl\":\"https:\\\/\\\/secure.gravatar.com\\\/avatar\\\/4c81fed838786e9b53f540bf46533e750f5d292099ae3b66cfc6fb1982e29df7?s=96&d=mm&r=g\",\"caption\":\"admin\"},\"description\":\"admin\",\"url\":\"https:\\\/\\\/lasentinelle.dz\\\/author\\\/admin\\\/\"}]}<\/script>\n<!-- \/ Yoast SEO plugin. -->","yoast_head_json":{"title":"Minist\u00e8re de la Culture et des Arts: Un ambitieux programme de r\u00e9formes pour dynamiser le secteur - La Sentinelle","robots":{"index":"index","follow":"follow","max-snippet":"max-snippet:-1","max-image-preview":"max-image-preview:large","max-video-preview":"max-video-preview:-1"},"canonical":"https:\/\/lasentinelle.dz\/index.php\/2025\/02\/26\/ministere-de-la-culture-et-des-arts-un-ambitieux-programme-de-reformes-pour-dynamiser-le-secteur\/","og_locale":"fr_FR","og_type":"article","og_title":"Minist\u00e8re de la Culture et des Arts: Un ambitieux programme de r\u00e9formes pour dynamiser le secteur - La Sentinelle","og_description":"Le ministre de la Culture et des Arts, Zouhir Ballalou, a d\u00e9voil\u00e9 lundi, lors d&rsquo;une audition devant la Commission de","og_url":"https:\/\/lasentinelle.dz\/index.php\/2025\/02\/26\/ministere-de-la-culture-et-des-arts-un-ambitieux-programme-de-reformes-pour-dynamiser-le-secteur\/","og_site_name":"La Sentinelle","article_publisher":"https:\/\/www.facebook.com\/La-Sentinelle-104059864394773","article_published_time":"2025-02-26T09:32:14+00:00","og_image":[{"width":1350,"height":900,"url":"https:\/\/lasentinelle.dz\/wp-content\/uploads\/2022\/09\/culture.png","type":"image\/png"}],"author":"admin","twitter_card":"summary_large_image","twitter_misc":{"\u00c9crit par":"admin","Dur\u00e9e de lecture estim\u00e9e":"7 minutes"},"schema":{"@context":"https:\/\/schema.org","@graph":[{"@type":"Article","@id":"https:\/\/lasentinelle.dz\/index.php\/2025\/02\/26\/ministere-de-la-culture-et-des-arts-un-ambitieux-programme-de-reformes-pour-dynamiser-le-secteur\/#article","isPartOf":{"@id":"https:\/\/lasentinelle.dz\/index.php\/2025\/02\/26\/ministere-de-la-culture-et-des-arts-un-ambitieux-programme-de-reformes-pour-dynamiser-le-secteur\/"},"author":{"name":"admin","@id":"https:\/\/lasentinelle.dz\/#\/schema\/person\/729ee0024f24e0b8c5ec17232f8e8b41"},"headline":"Minist\u00e8re de la Culture et des Arts: Un ambitieux programme de r\u00e9formes pour dynamiser le secteur","datePublished":"2025-02-26T09:32:14+00:00","mainEntityOfPage":{"@id":"https:\/\/lasentinelle.dz\/index.php\/2025\/02\/26\/ministere-de-la-culture-et-des-arts-un-ambitieux-programme-de-reformes-pour-dynamiser-le-secteur\/"},"wordCount":1511,"commentCount":0,"publisher":{"@id":"https:\/\/lasentinelle.dz\/#organization"},"image":{"@id":"https:\/\/lasentinelle.dz\/index.php\/2025\/02\/26\/ministere-de-la-culture-et-des-arts-un-ambitieux-programme-de-reformes-pour-dynamiser-le-secteur\/#primaryimage"},"thumbnailUrl":"https:\/\/lasentinelle.dz\/wp-content\/uploads\/2022\/09\/culture.png","articleSection":["Culture"],"inLanguage":"fr-FR","potentialAction":[{"@type":"CommentAction","name":"Comment","target":["https:\/\/lasentinelle.dz\/index.php\/2025\/02\/26\/ministere-de-la-culture-et-des-arts-un-ambitieux-programme-de-reformes-pour-dynamiser-le-secteur\/#respond"]}]},{"@type":"WebPage","@id":"https:\/\/lasentinelle.dz\/index.php\/2025\/02\/26\/ministere-de-la-culture-et-des-arts-un-ambitieux-programme-de-reformes-pour-dynamiser-le-secteur\/","url":"https:\/\/lasentinelle.dz\/index.php\/2025\/02\/26\/ministere-de-la-culture-et-des-arts-un-ambitieux-programme-de-reformes-pour-dynamiser-le-secteur\/","name":"Minist\u00e8re de la Culture et des Arts: Un ambitieux programme de r\u00e9formes pour dynamiser le secteur - La Sentinelle","isPartOf":{"@id":"https:\/\/lasentinelle.dz\/#website"},"primaryImageOfPage":{"@id":"https:\/\/lasentinelle.dz\/index.php\/2025\/02\/26\/ministere-de-la-culture-et-des-arts-un-ambitieux-programme-de-reformes-pour-dynamiser-le-secteur\/#primaryimage"},"image":{"@id":"https:\/\/lasentinelle.dz\/index.php\/2025\/02\/26\/ministere-de-la-culture-et-des-arts-un-ambitieux-programme-de-reformes-pour-dynamiser-le-secteur\/#primaryimage"},"thumbnailUrl":"https:\/\/lasentinelle.dz\/wp-content\/uploads\/2022\/09\/culture.png","datePublished":"2025-02-26T09:32:14+00:00","breadcrumb":{"@id":"https:\/\/lasentinelle.dz\/index.php\/2025\/02\/26\/ministere-de-la-culture-et-des-arts-un-ambitieux-programme-de-reformes-pour-dynamiser-le-secteur\/#breadcrumb"},"inLanguage":"fr-FR","potentialAction":[{"@type":"ReadAction","target":["https:\/\/lasentinelle.dz\/index.php\/2025\/02\/26\/ministere-de-la-culture-et-des-arts-un-ambitieux-programme-de-reformes-pour-dynamiser-le-secteur\/"]}]},{"@type":"ImageObject","inLanguage":"fr-FR","@id":"https:\/\/lasentinelle.dz\/index.php\/2025\/02\/26\/ministere-de-la-culture-et-des-arts-un-ambitieux-programme-de-reformes-pour-dynamiser-le-secteur\/#primaryimage","url":"https:\/\/lasentinelle.dz\/wp-content\/uploads\/2022\/09\/culture.png","contentUrl":"https:\/\/lasentinelle.dz\/wp-content\/uploads\/2022\/09\/culture.png","width":1350,"height":900},{"@type":"BreadcrumbList","@id":"https:\/\/lasentinelle.dz\/index.php\/2025\/02\/26\/ministere-de-la-culture-et-des-arts-un-ambitieux-programme-de-reformes-pour-dynamiser-le-secteur\/#breadcrumb","itemListElement":[{"@type":"ListItem","position":1,"name":"Accueil","item":"https:\/\/lasentinelle.dz\/"},{"@type":"ListItem","position":2,"name":"Minist\u00e8re de la Culture et des Arts: Un ambitieux programme de r\u00e9formes pour dynamiser le secteur"}]},{"@type":"WebSite","@id":"https:\/\/lasentinelle.dz\/#website","url":"https:\/\/lasentinelle.dz\/","name":"La Sentinelle","description":"Quotidien national d&#039;information","publisher":{"@id":"https:\/\/lasentinelle.dz\/#organization"},"potentialAction":[{"@type":"SearchAction","target":{"@type":"EntryPoint","urlTemplate":"https:\/\/lasentinelle.dz\/?s={search_term_string}"},"query-input":{"@type":"PropertyValueSpecification","valueRequired":true,"valueName":"search_term_string"}}],"inLanguage":"fr-FR"},{"@type":"Organization","@id":"https:\/\/lasentinelle.dz\/#organization","name":"Quotidien La Sentinelle","url":"https:\/\/lasentinelle.dz\/","logo":{"@type":"ImageObject","inLanguage":"fr-FR","@id":"https:\/\/lasentinelle.dz\/#\/schema\/logo\/image\/","url":"https:\/\/lasentinelle.dz\/wp-content\/uploads\/2021\/09\/logo-sentinelleSLOGAN-1.png","contentUrl":"https:\/\/lasentinelle.dz\/wp-content\/uploads\/2021\/09\/logo-sentinelleSLOGAN-1.png","width":615,"height":142,"caption":"Quotidien La Sentinelle"},"image":{"@id":"https:\/\/lasentinelle.dz\/#\/schema\/logo\/image\/"},"sameAs":["https:\/\/www.facebook.com\/La-Sentinelle-104059864394773"]},{"@type":"Person","@id":"https:\/\/lasentinelle.dz\/#\/schema\/person\/729ee0024f24e0b8c5ec17232f8e8b41","name":"admin","image":{"@type":"ImageObject","inLanguage":"fr-FR","@id":"https:\/\/secure.gravatar.com\/avatar\/4c81fed838786e9b53f540bf46533e750f5d292099ae3b66cfc6fb1982e29df7?s=96&d=mm&r=g","url":"https:\/\/secure.gravatar.com\/avatar\/4c81fed838786e9b53f540bf46533e750f5d292099ae3b66cfc6fb1982e29df7?s=96&d=mm&r=g","contentUrl":"https:\/\/secure.gravatar.com\/avatar\/4c81fed838786e9b53f540bf46533e750f5d292099ae3b66cfc6fb1982e29df7?s=96&d=mm&r=g","caption":"admin"},"description":"admin","url":"https:\/\/lasentinelle.dz\/author\/admin\/"}]}},"_links":{"self":[{"href":"https:\/\/lasentinelle.dz\/index.php\/wp-json\/wp\/v2\/posts\/63573","targetHints":{"allow":["GET"]}}],"collection":[{"href":"https:\/\/lasentinelle.dz\/index.php\/wp-json\/wp\/v2\/posts"}],"about":[{"href":"https:\/\/lasentinelle.dz\/index.php\/wp-json\/wp\/v2\/types\/post"}],"author":[{"embeddable":true,"href":"https:\/\/lasentinelle.dz\/index.php\/wp-json\/wp\/v2\/users\/6"}],"replies":[{"embeddable":true,"href":"https:\/\/lasentinelle.dz\/index.php\/wp-json\/wp\/v2\/comments?post=63573"}],"version-history":[{"count":1,"href":"https:\/\/lasentinelle.dz\/index.php\/wp-json\/wp\/v2\/posts\/63573\/revisions"}],"predecessor-version":[{"id":63574,"href":"https:\/\/lasentinelle.dz\/index.php\/wp-json\/wp\/v2\/posts\/63573\/revisions\/63574"}],"wp:featuredmedia":[{"embeddable":true,"href":"https:\/\/lasentinelle.dz\/index.php\/wp-json\/wp\/v2\/media\/26824"}],"wp:attachment":[{"href":"https:\/\/lasentinelle.dz\/index.php\/wp-json\/wp\/v2\/media?parent=63573"}],"wp:term":[{"taxonomy":"category","embeddable":true,"href":"https:\/\/lasentinelle.dz\/index.php\/wp-json\/wp\/v2\/categories?post=63573"},{"taxonomy":"post_tag","embeddable":true,"href":"https:\/\/lasentinelle.dz\/index.php\/wp-json\/wp\/v2\/tags?post=63573"}],"curies":[{"name":"wp","href":"https:\/\/api.w.org\/{rel}","templated":true}]}}