{"id":6363,"date":"2021-09-04T00:01:00","date_gmt":"2021-09-03T23:01:00","guid":{"rendered":"https:\/\/lasentinelle.dz\/?p=6363"},"modified":"2021-09-03T15:17:35","modified_gmt":"2021-09-03T14:17:35","slug":"filiere-pomme-de-terre-activation-du-dispositif-syrpalac-a-annaba","status":"publish","type":"post","link":"https:\/\/lasentinelle.dz\/index.php\/2021\/09\/04\/filiere-pomme-de-terre-activation-du-dispositif-syrpalac-a-annaba\/","title":{"rendered":"Fili\u00e8re pomme de terre : Activation du dispositif Syrpalac \u00e0 Annaba"},"content":{"rendered":"\n<p>Le Syst\u00e8me de r\u00e9gulation des produits agricoles de large consommation (Syrpalac) a \u00e9t\u00e9 activ\u00e9 la&nbsp; semaine derni\u00e8re dans la wilaya d\u2019Annaba pour le traitement du surplus des r\u00e9coltes de pomme de terre pour la saison (2020-2021).C\u2019est dans la commune d\u2019A\u00efn-El-Berda,&nbsp; dans la localit\u00e9 de Koudiet Merrah, que la commission charg\u00e9e de l\u2019application du Syrpalac a dress\u00e9 deux proc\u00e8s-verbaux de cl\u00f4ture de deux chambres froides, finalisant ainsi le stockage de quantit\u00e9s de pomme de terre destin\u00e9es \u00e0 la consommation ult\u00e9rieurement. La d\u00e9marche intervient en application du programme d\u2019urgence arr\u00eat\u00e9 par le minist\u00e8re de l\u2019Agriculture et du D\u00e9veloppement rural comme mesure pratique et ponctuelle pour solutionner la question du surplus de production de la pomme de terre. L\u2019op\u00e9ration est supervis\u00e9e par une commission compos\u00e9e d\u2019agronomes, de repr\u00e9sentants de la DSA et de producteurs issus de diff\u00e9rentes communes de la wilaya, sous le contr\u00f4le du directeur r\u00e9gional de l\u2019Office national interprofessionnel des fruits et l\u00e9gumes. Les op\u00e9rateurs \u00e9conomiques priv\u00e9s sont retenus pour l\u2019acquisition du surplus de production de pomme de terre directement aupr\u00e8s des agriculteurs, et son orientation vers l\u2019emmagasinage dans des chambres froides ou sa commercialisation au niveau des march\u00e9s de gros nationaux des fruits et l\u00e9gumes.&nbsp; Selon des sp\u00e9cialiste dans le domaine,&nbsp; la m\u00e9thode du Syrpalac est consid\u00e9r\u00e9e comme \u00e9tant la plus efficiente en ce sens qu\u2019elle oriente ces surplus vers la constitution de stocks strat\u00e9giques pour r\u00e9guler le march\u00e9, garantir un \u00e9quilibre entre l\u2019offre et la demande et r\u00e9pondre \u00e0 la demande de protection du producteur et du consommateur. D\u2019autres op\u00e9rations vont suivre durant cette p\u00e9riode afin de mieux cerner le surplus de la production de pomme de terre et de permettre une gestion efficiente pour le restant de l\u2019ann\u00e9e. Il est soulign\u00e9 que, depuis plusieurs semaines, les prix de la pomme de terre ont enregistr\u00e9 une flamb\u00e9e, sur le march\u00e9 de gros et de d\u00e9tail \u00e0 Annaba.<\/p>\n\n\n\n<p><strong>S. Chahine<\/strong><\/p>\n","protected":false},"excerpt":{"rendered":"<p>Le Syst\u00e8me de r\u00e9gulation des produits agricoles de large consommation (Syrpalac) a \u00e9t\u00e9 activ\u00e9 la&nbsp; semaine derni\u00e8re dans la wilaya<\/p>\n","protected":false},"author":3,"featured_media":6367,"comment_status":"open","ping_status":"closed","sticky":false,"template":"","format":"standard","meta":{"colormag_page_container_layout":"default_layout","colormag_page_sidebar_layout":"default_layout","om_disable_all_campaigns":false,"_monsterinsights_skip_tracking":false,"_monsterinsights_sitenote_active":false,"_monsterinsights_sitenote_note":"","_monsterinsights_sitenote_category":0,"footnotes":"","_wpscppro_dont_share_socialmedia":false,"_wpscppro_custom_social_share_image":0,"_facebook_share_type":"","_twitter_share_type":"","_linkedin_share_type":"","_pinterest_share_type":"","_linkedin_share_type_page":"","_instagram_share_type":"","_medium_share_type":"","_threads_share_type":"","_google_business_share_type":"","_selected_social_profile":[],"_wpsp_enable_custom_social_template":false,"_wpsp_social_scheduling":{"enabled":false,"datetime":null,"platforms":[],"status":"template_only","dateOption":"today","timeOption":"now","customDays":"","customHours":"","customDate":"","customTime":"","schedulingType":"absolute"},"_wpsp_active_default_template":true},"categories":[33],"tags":[],"class_list":["post-6363","post","type-post","status-publish","format-standard","has-post-thumbnail","hentry","category-sports"],"aioseo_notices":[],"yoast_head":"<!-- This site is optimized with the Yoast SEO plugin v27.5 - https:\/\/yoast.com\/product\/yoast-seo-wordpress\/ -->\n<title>Fili\u00e8re pomme de terre : Activation du dispositif Syrpalac \u00e0 Annaba - La Sentinelle<\/title>\n<meta name=\"robots\" content=\"index, follow, max-snippet:-1, max-image-preview:large, max-video-preview:-1\" \/>\n<link rel=\"canonical\" href=\"https:\/\/lasentinelle.dz\/index.php\/2021\/09\/04\/filiere-pomme-de-terre-activation-du-dispositif-syrpalac-a-annaba\/\" \/>\n<meta property=\"og:locale\" content=\"fr_FR\" \/>\n<meta property=\"og:type\" content=\"article\" \/>\n<meta property=\"og:title\" content=\"Fili\u00e8re pomme de terre : Activation du dispositif Syrpalac \u00e0 Annaba - La Sentinelle\" \/>\n<meta property=\"og:description\" content=\"Le Syst\u00e8me de r\u00e9gulation des produits agricoles de large consommation (Syrpalac) a \u00e9t\u00e9 activ\u00e9 la&nbsp; semaine derni\u00e8re dans la wilaya\" \/>\n<meta property=\"og:url\" content=\"https:\/\/lasentinelle.dz\/index.php\/2021\/09\/04\/filiere-pomme-de-terre-activation-du-dispositif-syrpalac-a-annaba\/\" \/>\n<meta property=\"og:site_name\" content=\"La Sentinelle\" \/>\n<meta property=\"article:publisher\" content=\"https:\/\/www.facebook.com\/La-Sentinelle-104059864394773\" \/>\n<meta property=\"article:published_time\" content=\"2021-09-03T23:01:00+00:00\" \/>\n<meta property=\"og:image\" content=\"https:\/\/lasentinelle.dz\/wp-content\/uploads\/2021\/09\/image_2021-09-03_151605.png\" \/>\n\t<meta property=\"og:image:width\" content=\"580\" \/>\n\t<meta property=\"og:image:height\" content=\"350\" \/>\n\t<meta property=\"og:image:type\" content=\"image\/png\" \/>\n<meta name=\"author\" content=\"La Sentinelle\" \/>\n<meta name=\"twitter:card\" content=\"summary_large_image\" \/>\n<meta name=\"twitter:label1\" content=\"\u00c9crit par\" \/>\n\t<meta name=\"twitter:data1\" content=\"La Sentinelle\" \/>\n\t<meta name=\"twitter:label2\" content=\"Dur\u00e9e de lecture estim\u00e9e\" \/>\n\t<meta name=\"twitter:data2\" content=\"2 minutes\" \/>\n<script type=\"application\/ld+json\" class=\"yoast-schema-graph\">{\"@context\":\"https:\\\/\\\/schema.org\",\"@graph\":[{\"@type\":\"Article\",\"@id\":\"https:\\\/\\\/lasentinelle.dz\\\/index.php\\\/2021\\\/09\\\/04\\\/filiere-pomme-de-terre-activation-du-dispositif-syrpalac-a-annaba\\\/#article\",\"isPartOf\":{\"@id\":\"https:\\\/\\\/lasentinelle.dz\\\/index.php\\\/2021\\\/09\\\/04\\\/filiere-pomme-de-terre-activation-du-dispositif-syrpalac-a-annaba\\\/\"},\"author\":{\"name\":\"La Sentinelle\",\"@id\":\"https:\\\/\\\/lasentinelle.dz\\\/#\\\/schema\\\/person\\\/d865044e22e70a75174ce8bcad3acfb3\"},\"headline\":\"Fili\u00e8re pomme de terre : Activation du dispositif Syrpalac \u00e0 Annaba\",\"datePublished\":\"2021-09-03T23:01:00+00:00\",\"mainEntityOfPage\":{\"@id\":\"https:\\\/\\\/lasentinelle.dz\\\/index.php\\\/2021\\\/09\\\/04\\\/filiere-pomme-de-terre-activation-du-dispositif-syrpalac-a-annaba\\\/\"},\"wordCount\":377,\"commentCount\":0,\"publisher\":{\"@id\":\"https:\\\/\\\/lasentinelle.dz\\\/#organization\"},\"image\":{\"@id\":\"https:\\\/\\\/lasentinelle.dz\\\/index.php\\\/2021\\\/09\\\/04\\\/filiere-pomme-de-terre-activation-du-dispositif-syrpalac-a-annaba\\\/#primaryimage\"},\"thumbnailUrl\":\"https:\\\/\\\/lasentinelle.dz\\\/wp-content\\\/uploads\\\/2021\\\/09\\\/image_2021-09-03_151605.png\",\"articleSection\":[\"Sports\"],\"inLanguage\":\"fr-FR\",\"potentialAction\":[{\"@type\":\"CommentAction\",\"name\":\"Comment\",\"target\":[\"https:\\\/\\\/lasentinelle.dz\\\/index.php\\\/2021\\\/09\\\/04\\\/filiere-pomme-de-terre-activation-du-dispositif-syrpalac-a-annaba\\\/#respond\"]}]},{\"@type\":\"WebPage\",\"@id\":\"https:\\\/\\\/lasentinelle.dz\\\/index.php\\\/2021\\\/09\\\/04\\\/filiere-pomme-de-terre-activation-du-dispositif-syrpalac-a-annaba\\\/\",\"url\":\"https:\\\/\\\/lasentinelle.dz\\\/index.php\\\/2021\\\/09\\\/04\\\/filiere-pomme-de-terre-activation-du-dispositif-syrpalac-a-annaba\\\/\",\"name\":\"Fili\u00e8re pomme de terre : Activation du dispositif Syrpalac \u00e0 Annaba - La Sentinelle\",\"isPartOf\":{\"@id\":\"https:\\\/\\\/lasentinelle.dz\\\/#website\"},\"primaryImageOfPage\":{\"@id\":\"https:\\\/\\\/lasentinelle.dz\\\/index.php\\\/2021\\\/09\\\/04\\\/filiere-pomme-de-terre-activation-du-dispositif-syrpalac-a-annaba\\\/#primaryimage\"},\"image\":{\"@id\":\"https:\\\/\\\/lasentinelle.dz\\\/index.php\\\/2021\\\/09\\\/04\\\/filiere-pomme-de-terre-activation-du-dispositif-syrpalac-a-annaba\\\/#primaryimage\"},\"thumbnailUrl\":\"https:\\\/\\\/lasentinelle.dz\\\/wp-content\\\/uploads\\\/2021\\\/09\\\/image_2021-09-03_151605.png\",\"datePublished\":\"2021-09-03T23:01:00+00:00\",\"breadcrumb\":{\"@id\":\"https:\\\/\\\/lasentinelle.dz\\\/index.php\\\/2021\\\/09\\\/04\\\/filiere-pomme-de-terre-activation-du-dispositif-syrpalac-a-annaba\\\/#breadcrumb\"},\"inLanguage\":\"fr-FR\",\"potentialAction\":[{\"@type\":\"ReadAction\",\"target\":[\"https:\\\/\\\/lasentinelle.dz\\\/index.php\\\/2021\\\/09\\\/04\\\/filiere-pomme-de-terre-activation-du-dispositif-syrpalac-a-annaba\\\/\"]}]},{\"@type\":\"ImageObject\",\"inLanguage\":\"fr-FR\",\"@id\":\"https:\\\/\\\/lasentinelle.dz\\\/index.php\\\/2021\\\/09\\\/04\\\/filiere-pomme-de-terre-activation-du-dispositif-syrpalac-a-annaba\\\/#primaryimage\",\"url\":\"https:\\\/\\\/lasentinelle.dz\\\/wp-content\\\/uploads\\\/2021\\\/09\\\/image_2021-09-03_151605.png\",\"contentUrl\":\"https:\\\/\\\/lasentinelle.dz\\\/wp-content\\\/uploads\\\/2021\\\/09\\\/image_2021-09-03_151605.png\",\"width\":580,\"height\":350},{\"@type\":\"BreadcrumbList\",\"@id\":\"https:\\\/\\\/lasentinelle.dz\\\/index.php\\\/2021\\\/09\\\/04\\\/filiere-pomme-de-terre-activation-du-dispositif-syrpalac-a-annaba\\\/#breadcrumb\",\"itemListElement\":[{\"@type\":\"ListItem\",\"position\":1,\"name\":\"Accueil\",\"item\":\"https:\\\/\\\/lasentinelle.dz\\\/\"},{\"@type\":\"ListItem\",\"position\":2,\"name\":\"Fili\u00e8re pomme de terre : Activation du dispositif Syrpalac \u00e0 Annaba\"}]},{\"@type\":\"WebSite\",\"@id\":\"https:\\\/\\\/lasentinelle.dz\\\/#website\",\"url\":\"https:\\\/\\\/lasentinelle.dz\\\/\",\"name\":\"La Sentinelle\",\"description\":\"Quotidien national d&#039;information\",\"publisher\":{\"@id\":\"https:\\\/\\\/lasentinelle.dz\\\/#organization\"},\"potentialAction\":[{\"@type\":\"SearchAction\",\"target\":{\"@type\":\"EntryPoint\",\"urlTemplate\":\"https:\\\/\\\/lasentinelle.dz\\\/?s={search_term_string}\"},\"query-input\":{\"@type\":\"PropertyValueSpecification\",\"valueRequired\":true,\"valueName\":\"search_term_string\"}}],\"inLanguage\":\"fr-FR\"},{\"@type\":\"Organization\",\"@id\":\"https:\\\/\\\/lasentinelle.dz\\\/#organization\",\"name\":\"Quotidien La Sentinelle\",\"url\":\"https:\\\/\\\/lasentinelle.dz\\\/\",\"logo\":{\"@type\":\"ImageObject\",\"inLanguage\":\"fr-FR\",\"@id\":\"https:\\\/\\\/lasentinelle.dz\\\/#\\\/schema\\\/logo\\\/image\\\/\",\"url\":\"https:\\\/\\\/lasentinelle.dz\\\/wp-content\\\/uploads\\\/2021\\\/09\\\/logo-sentinelleSLOGAN-1.png\",\"contentUrl\":\"https:\\\/\\\/lasentinelle.dz\\\/wp-content\\\/uploads\\\/2021\\\/09\\\/logo-sentinelleSLOGAN-1.png\",\"width\":615,\"height\":142,\"caption\":\"Quotidien La Sentinelle\"},\"image\":{\"@id\":\"https:\\\/\\\/lasentinelle.dz\\\/#\\\/schema\\\/logo\\\/image\\\/\"},\"sameAs\":[\"https:\\\/\\\/www.facebook.com\\\/La-Sentinelle-104059864394773\"]},{\"@type\":\"Person\",\"@id\":\"https:\\\/\\\/lasentinelle.dz\\\/#\\\/schema\\\/person\\\/d865044e22e70a75174ce8bcad3acfb3\",\"name\":\"La Sentinelle\",\"image\":{\"@type\":\"ImageObject\",\"inLanguage\":\"fr-FR\",\"@id\":\"https:\\\/\\\/secure.gravatar.com\\\/avatar\\\/57de8e5d4b15d43fb361a71fbb36338450fe67865b528a43dd10ef7c51a20392?s=96&d=mm&r=g\",\"url\":\"https:\\\/\\\/secure.gravatar.com\\\/avatar\\\/57de8e5d4b15d43fb361a71fbb36338450fe67865b528a43dd10ef7c51a20392?s=96&d=mm&r=g\",\"contentUrl\":\"https:\\\/\\\/secure.gravatar.com\\\/avatar\\\/57de8e5d4b15d43fb361a71fbb36338450fe67865b528a43dd10ef7c51a20392?s=96&d=mm&r=g\",\"caption\":\"La Sentinelle\"},\"sameAs\":[\"http:\\\/\\\/www.lasentinelle.dz\"],\"url\":\"https:\\\/\\\/lasentinelle.dz\\\/author\\\/redaction\\\/\"}]}<\/script>\n<!-- \/ Yoast SEO plugin. -->","yoast_head_json":{"title":"Fili\u00e8re pomme de terre : Activation du dispositif Syrpalac \u00e0 Annaba - La Sentinelle","robots":{"index":"index","follow":"follow","max-snippet":"max-snippet:-1","max-image-preview":"max-image-preview:large","max-video-preview":"max-video-preview:-1"},"canonical":"https:\/\/lasentinelle.dz\/index.php\/2021\/09\/04\/filiere-pomme-de-terre-activation-du-dispositif-syrpalac-a-annaba\/","og_locale":"fr_FR","og_type":"article","og_title":"Fili\u00e8re pomme de terre : Activation du dispositif Syrpalac \u00e0 Annaba - La Sentinelle","og_description":"Le Syst\u00e8me de r\u00e9gulation des produits agricoles de large consommation (Syrpalac) a \u00e9t\u00e9 activ\u00e9 la&nbsp; semaine derni\u00e8re dans la wilaya","og_url":"https:\/\/lasentinelle.dz\/index.php\/2021\/09\/04\/filiere-pomme-de-terre-activation-du-dispositif-syrpalac-a-annaba\/","og_site_name":"La Sentinelle","article_publisher":"https:\/\/www.facebook.com\/La-Sentinelle-104059864394773","article_published_time":"2021-09-03T23:01:00+00:00","og_image":[{"width":580,"height":350,"url":"https:\/\/lasentinelle.dz\/wp-content\/uploads\/2021\/09\/image_2021-09-03_151605.png","type":"image\/png"}],"author":"La Sentinelle","twitter_card":"summary_large_image","twitter_misc":{"\u00c9crit par":"La Sentinelle","Dur\u00e9e de lecture estim\u00e9e":"2 minutes"},"schema":{"@context":"https:\/\/schema.org","@graph":[{"@type":"Article","@id":"https:\/\/lasentinelle.dz\/index.php\/2021\/09\/04\/filiere-pomme-de-terre-activation-du-dispositif-syrpalac-a-annaba\/#article","isPartOf":{"@id":"https:\/\/lasentinelle.dz\/index.php\/2021\/09\/04\/filiere-pomme-de-terre-activation-du-dispositif-syrpalac-a-annaba\/"},"author":{"name":"La Sentinelle","@id":"https:\/\/lasentinelle.dz\/#\/schema\/person\/d865044e22e70a75174ce8bcad3acfb3"},"headline":"Fili\u00e8re pomme de terre : Activation du dispositif Syrpalac \u00e0 Annaba","datePublished":"2021-09-03T23:01:00+00:00","mainEntityOfPage":{"@id":"https:\/\/lasentinelle.dz\/index.php\/2021\/09\/04\/filiere-pomme-de-terre-activation-du-dispositif-syrpalac-a-annaba\/"},"wordCount":377,"commentCount":0,"publisher":{"@id":"https:\/\/lasentinelle.dz\/#organization"},"image":{"@id":"https:\/\/lasentinelle.dz\/index.php\/2021\/09\/04\/filiere-pomme-de-terre-activation-du-dispositif-syrpalac-a-annaba\/#primaryimage"},"thumbnailUrl":"https:\/\/lasentinelle.dz\/wp-content\/uploads\/2021\/09\/image_2021-09-03_151605.png","articleSection":["Sports"],"inLanguage":"fr-FR","potentialAction":[{"@type":"CommentAction","name":"Comment","target":["https:\/\/lasentinelle.dz\/index.php\/2021\/09\/04\/filiere-pomme-de-terre-activation-du-dispositif-syrpalac-a-annaba\/#respond"]}]},{"@type":"WebPage","@id":"https:\/\/lasentinelle.dz\/index.php\/2021\/09\/04\/filiere-pomme-de-terre-activation-du-dispositif-syrpalac-a-annaba\/","url":"https:\/\/lasentinelle.dz\/index.php\/2021\/09\/04\/filiere-pomme-de-terre-activation-du-dispositif-syrpalac-a-annaba\/","name":"Fili\u00e8re pomme de terre : Activation du dispositif Syrpalac \u00e0 Annaba - La Sentinelle","isPartOf":{"@id":"https:\/\/lasentinelle.dz\/#website"},"primaryImageOfPage":{"@id":"https:\/\/lasentinelle.dz\/index.php\/2021\/09\/04\/filiere-pomme-de-terre-activation-du-dispositif-syrpalac-a-annaba\/#primaryimage"},"image":{"@id":"https:\/\/lasentinelle.dz\/index.php\/2021\/09\/04\/filiere-pomme-de-terre-activation-du-dispositif-syrpalac-a-annaba\/#primaryimage"},"thumbnailUrl":"https:\/\/lasentinelle.dz\/wp-content\/uploads\/2021\/09\/image_2021-09-03_151605.png","datePublished":"2021-09-03T23:01:00+00:00","breadcrumb":{"@id":"https:\/\/lasentinelle.dz\/index.php\/2021\/09\/04\/filiere-pomme-de-terre-activation-du-dispositif-syrpalac-a-annaba\/#breadcrumb"},"inLanguage":"fr-FR","potentialAction":[{"@type":"ReadAction","target":["https:\/\/lasentinelle.dz\/index.php\/2021\/09\/04\/filiere-pomme-de-terre-activation-du-dispositif-syrpalac-a-annaba\/"]}]},{"@type":"ImageObject","inLanguage":"fr-FR","@id":"https:\/\/lasentinelle.dz\/index.php\/2021\/09\/04\/filiere-pomme-de-terre-activation-du-dispositif-syrpalac-a-annaba\/#primaryimage","url":"https:\/\/lasentinelle.dz\/wp-content\/uploads\/2021\/09\/image_2021-09-03_151605.png","contentUrl":"https:\/\/lasentinelle.dz\/wp-content\/uploads\/2021\/09\/image_2021-09-03_151605.png","width":580,"height":350},{"@type":"BreadcrumbList","@id":"https:\/\/lasentinelle.dz\/index.php\/2021\/09\/04\/filiere-pomme-de-terre-activation-du-dispositif-syrpalac-a-annaba\/#breadcrumb","itemListElement":[{"@type":"ListItem","position":1,"name":"Accueil","item":"https:\/\/lasentinelle.dz\/"},{"@type":"ListItem","position":2,"name":"Fili\u00e8re pomme de terre : Activation du dispositif Syrpalac \u00e0 Annaba"}]},{"@type":"WebSite","@id":"https:\/\/lasentinelle.dz\/#website","url":"https:\/\/lasentinelle.dz\/","name":"La Sentinelle","description":"Quotidien national d&#039;information","publisher":{"@id":"https:\/\/lasentinelle.dz\/#organization"},"potentialAction":[{"@type":"SearchAction","target":{"@type":"EntryPoint","urlTemplate":"https:\/\/lasentinelle.dz\/?s={search_term_string}"},"query-input":{"@type":"PropertyValueSpecification","valueRequired":true,"valueName":"search_term_string"}}],"inLanguage":"fr-FR"},{"@type":"Organization","@id":"https:\/\/lasentinelle.dz\/#organization","name":"Quotidien La Sentinelle","url":"https:\/\/lasentinelle.dz\/","logo":{"@type":"ImageObject","inLanguage":"fr-FR","@id":"https:\/\/lasentinelle.dz\/#\/schema\/logo\/image\/","url":"https:\/\/lasentinelle.dz\/wp-content\/uploads\/2021\/09\/logo-sentinelleSLOGAN-1.png","contentUrl":"https:\/\/lasentinelle.dz\/wp-content\/uploads\/2021\/09\/logo-sentinelleSLOGAN-1.png","width":615,"height":142,"caption":"Quotidien La Sentinelle"},"image":{"@id":"https:\/\/lasentinelle.dz\/#\/schema\/logo\/image\/"},"sameAs":["https:\/\/www.facebook.com\/La-Sentinelle-104059864394773"]},{"@type":"Person","@id":"https:\/\/lasentinelle.dz\/#\/schema\/person\/d865044e22e70a75174ce8bcad3acfb3","name":"La Sentinelle","image":{"@type":"ImageObject","inLanguage":"fr-FR","@id":"https:\/\/secure.gravatar.com\/avatar\/57de8e5d4b15d43fb361a71fbb36338450fe67865b528a43dd10ef7c51a20392?s=96&d=mm&r=g","url":"https:\/\/secure.gravatar.com\/avatar\/57de8e5d4b15d43fb361a71fbb36338450fe67865b528a43dd10ef7c51a20392?s=96&d=mm&r=g","contentUrl":"https:\/\/secure.gravatar.com\/avatar\/57de8e5d4b15d43fb361a71fbb36338450fe67865b528a43dd10ef7c51a20392?s=96&d=mm&r=g","caption":"La Sentinelle"},"sameAs":["http:\/\/www.lasentinelle.dz"],"url":"https:\/\/lasentinelle.dz\/author\/redaction\/"}]}},"_links":{"self":[{"href":"https:\/\/lasentinelle.dz\/index.php\/wp-json\/wp\/v2\/posts\/6363","targetHints":{"allow":["GET"]}}],"collection":[{"href":"https:\/\/lasentinelle.dz\/index.php\/wp-json\/wp\/v2\/posts"}],"about":[{"href":"https:\/\/lasentinelle.dz\/index.php\/wp-json\/wp\/v2\/types\/post"}],"author":[{"embeddable":true,"href":"https:\/\/lasentinelle.dz\/index.php\/wp-json\/wp\/v2\/users\/3"}],"replies":[{"embeddable":true,"href":"https:\/\/lasentinelle.dz\/index.php\/wp-json\/wp\/v2\/comments?post=6363"}],"version-history":[{"count":1,"href":"https:\/\/lasentinelle.dz\/index.php\/wp-json\/wp\/v2\/posts\/6363\/revisions"}],"predecessor-version":[{"id":6368,"href":"https:\/\/lasentinelle.dz\/index.php\/wp-json\/wp\/v2\/posts\/6363\/revisions\/6368"}],"wp:featuredmedia":[{"embeddable":true,"href":"https:\/\/lasentinelle.dz\/index.php\/wp-json\/wp\/v2\/media\/6367"}],"wp:attachment":[{"href":"https:\/\/lasentinelle.dz\/index.php\/wp-json\/wp\/v2\/media?parent=6363"}],"wp:term":[{"taxonomy":"category","embeddable":true,"href":"https:\/\/lasentinelle.dz\/index.php\/wp-json\/wp\/v2\/categories?post=6363"},{"taxonomy":"post_tag","embeddable":true,"href":"https:\/\/lasentinelle.dz\/index.php\/wp-json\/wp\/v2\/tags?post=6363"}],"curies":[{"name":"wp","href":"https:\/\/api.w.org\/{rel}","templated":true}]}}