{"id":63632,"date":"2025-02-27T11:02:00","date_gmt":"2025-02-27T10:02:00","guid":{"rendered":"https:\/\/lasentinelle.dz\/?p=63632"},"modified":"2025-03-01T11:03:31","modified_gmt":"2025-03-01T10:03:31","slug":"les-directions-de-la-culture-se-mobilisent-riche-programme-danimations-pour-le-ramadhan","status":"publish","type":"post","link":"https:\/\/lasentinelle.dz\/index.php\/2025\/02\/27\/les-directions-de-la-culture-se-mobilisent-riche-programme-danimations-pour-le-ramadhan\/","title":{"rendered":"Les directions de la culture se mobilisent : Riche programme d&rsquo;animations pour le Ramadhan"},"content":{"rendered":"\n<p>Alors que le mois sacr\u00e9 approche \u00e0 grands pas, plusieurs wilayas se pr\u00e9parent \u00e0 offrir aux citoyens des soir\u00e9es culturelles captivantes. Dans un effort coordonn\u00e9 pour \u00e9gayer les longues veill\u00e9es ramadanesques, les institutions culturelles de Bouira et Bechar ont \u00e9labor\u00e9 des programmes diversifi\u00e9s m\u00ealant traditions, arts et divertissements. Ces initiatives viennent r\u00e9pondre \u00e0 une demande croissante de la population pour des activit\u00e9s familiales de qualit\u00e9 pendant cette p\u00e9riode spirituelle particuli\u00e8re.\u00c0 Bouira, c&rsquo;est la Maison de la culture Ali-Zamoum qui sera le fer de lance des festivit\u00e9s \u00e0 travers un ambitieux programme concoct\u00e9 par le Commissariat du Festival culturel local des arts et cultures populaires. Mohand Zine Mekbel, directeur de cette institution, a d\u00e9voil\u00e9 \u00e0 l&rsquo;APS les contours d&rsquo;une programmation qui d\u00e9butera d\u00e8s le 5 mars. \u00ab\u00a0Ce programme est ax\u00e9 sur une s\u00e9rie d&rsquo;activit\u00e9s culturelles et artistiques dont des repr\u00e9sentations th\u00e9\u00e2trales, des concerts de musique, des soir\u00e9es de chants religieux, ainsi que des spectacles de magie et de clowns pour enfants,\u00a0\u00bb a-t-il pr\u00e9cis\u00e9.<\/p>\n\n\n\n<p>L&rsquo;originalit\u00e9 de l&rsquo;initiative bouirie r\u00e9side dans sa dimension territoriale. En effet, les animations ne se limiteront pas au chef-lieu mais rayonneront sur plusieurs localit\u00e9s de la wilaya, notamment M&rsquo;Chedallah, Haizer, Ath L\u00e2ziz, Ain Bessam, Ain La\u00e2loui et Sour El Ghozlane. Cette approche d\u00e9centralis\u00e9e permettra \u00e0 un plus large public de profiter des manifestations culturelles sans avoir \u00e0 effectuer de longs d\u00e9placements en soir\u00e9e. Pour satisfaire la diversit\u00e9 des go\u00fbts musicaux, le programme fait appel \u00e0 plusieurs talents confirm\u00e9s de la sc\u00e8ne nationale. Des artistes comme Amine Dairi, Rahmi Slimane et Idir Boulila se relaieront tout au long du mois sacr\u00e9 pour animer des soir\u00e9es aux styles vari\u00e9s allant du cha\u00e2bi au rai en passant par la chanson kabyle et d&rsquo;autres genres du riche patrimoine musical alg\u00e9rien. Le th\u00e9\u00e2tre ne sera pas en reste puisque le th\u00e9\u00e2tre r\u00e9gional Kateb-Yacine de Tizi-Ouzou sera invit\u00e9 \u00e0 pr\u00e9senter une pi\u00e8ce, renfor\u00e7ant ainsi les liens culturels entre les wilayas voisines. Une attention particuli\u00e8re a \u00e9galement \u00e9t\u00e9 port\u00e9e aux nouvelles infrastructures culturelles, comme le cin\u00e9ma de M&rsquo;Chedallah, ouvert il y a seulement un an, qui accueillera divers spectacles de th\u00e9\u00e2tre et de musique durant ce mois particulier. La musique andalouse trouvera aussi sa place dans ce programme gr\u00e2ce \u00e0 l&rsquo;association Abderrahmane Tha\u00e2libi de Lakhdaria qui proposera plusieurs repr\u00e9sentations. Innovation appr\u00e9ciable, le cin\u00e9ma de plein air fera son retour pour l&rsquo;occasion, une initiative prise en charge par le comit\u00e9 des f\u00eates Hamza de Bouira qui projette de diffuser des films alg\u00e9riens, offrant ainsi une plateforme de visibilit\u00e9 au septi\u00e8me art national. Du c\u00f4t\u00e9 de Bechar, dans le sud-ouest du pays, la Maison de la culture Kadi Mohamed a \u00e9galement pr\u00e9par\u00e9 un programme riche et \u00e9clectique. Les activit\u00e9s propos\u00e9es couvrent un large \u00e9ventail allant des concerts de musique traditionnelle, incluant une prestation de la c\u00e9l\u00e8bre troupe \u00ab\u00a0Ferda\u00a0\u00bb de musique et chant \u00ab\u00a0Tawassoul\u00a0\u00bb, aux chants Madih, en passant par des repr\u00e9sentations th\u00e9\u00e2trales. La dimension intellectuelle n&rsquo;a pas \u00e9t\u00e9 n\u00e9glig\u00e9e puisque des rencontres sur la po\u00e9sie Melhoun et la litt\u00e9rature sont \u00e9galement pr\u00e9vues, ainsi que des conf\u00e9rences-d\u00e9bats sur divers th\u00e8mes d&rsquo;actualit\u00e9 et de patrimoine. Parmi ces derni\u00e8res, on note une r\u00e9flexion sur le \u00ab\u00a0R\u00f4le de la femme durant la r\u00e9volution du 1er Novembre 1954\u00a0\u00bb, th\u00e9matique qui permet de conjuguer m\u00e9moire nationale et valorisation de la contribution f\u00e9minine \u00e0 l&rsquo;histoire du pays. Une particularit\u00e9 touchante du programme b\u00e9charien r\u00e9side dans la participation d&rsquo;une troupe th\u00e9\u00e2trale compos\u00e9e de jeunes aux besoins sp\u00e9cifiques. Cette initiative inclusive vise, selon les organisateurs, \u00e0 \u00ab\u00a0encourager cette cat\u00e9gorie sociale \u00e0 s&rsquo;investir davantage dans les activit\u00e9s artistiques\u00a0\u00bb, cr\u00e9ant ainsi un espace d&rsquo;expression et d&rsquo;int\u00e9gration par l&rsquo;art. La dimension comp\u00e9titive n&rsquo;est pas absente des festivit\u00e9s puisque divers concours seront organis\u00e9s, notamment pour r\u00e9compenser les meilleurs r\u00e9citants du Saint Coran de diff\u00e9rentes cat\u00e9gories d&rsquo;\u00e2ge, mais aussi les plus beaux habits traditionnels et les meilleurs plats du patrimoine culinaire local. Preuve que ces manifestations culturelles ont aussi une vis\u00e9e soci\u00e9tale, une journ\u00e9e de sensibilisation sur les dangers de la drogue sera organis\u00e9e en collaboration avec les secteurs impliqu\u00e9s dans la pr\u00e9vention et la lutte contre la toxicomanie, illustrant la volont\u00e9 des organisateurs d&rsquo;allier divertissement et sensibilisation sociale. L&rsquo;ensemble de ces activit\u00e9s se d\u00e9rouleront \u00e0 partir de 22h00 au niveau de la Maison de la culture Kadi Mohamed, permettant ainsi aux fid\u00e8les de profiter pleinement de leurs soir\u00e9es apr\u00e8s les pri\u00e8res de Tarawih.<\/p>\n\n\n\n<p>M.S.<\/p>\n","protected":false},"excerpt":{"rendered":"<p>Alors que le mois sacr\u00e9 approche \u00e0 grands pas, plusieurs wilayas se pr\u00e9parent \u00e0 offrir aux citoyens des soir\u00e9es culturelles<\/p>\n","protected":false},"author":6,"featured_media":63633,"comment_status":"open","ping_status":"closed","sticky":false,"template":"","format":"standard","meta":{"colormag_page_container_layout":"default_layout","colormag_page_sidebar_layout":"default_layout","om_disable_all_campaigns":false,"_monsterinsights_skip_tracking":false,"_monsterinsights_sitenote_active":false,"_monsterinsights_sitenote_note":"","_monsterinsights_sitenote_category":0,"footnotes":"","_wpscppro_dont_share_socialmedia":false,"_wpscppro_custom_social_share_image":0,"_facebook_share_type":"default","_twitter_share_type":"default","_linkedin_share_type":"default","_pinterest_share_type":"default","_linkedin_share_type_page":"","_instagram_share_type":"default","_medium_share_type":"default","_threads_share_type":"","_google_business_share_type":"","_selected_social_profile":[],"_wpsp_enable_custom_social_template":false,"_wpsp_social_scheduling":{"enabled":false,"datetime":null,"platforms":[],"status":"template_only","dateOption":"today","timeOption":"now","customDays":"","customHours":"","customDate":"","customTime":"","schedulingType":"absolute"},"_wpsp_active_default_template":true},"categories":[36],"tags":[],"class_list":["post-63632","post","type-post","status-publish","format-standard","has-post-thumbnail","hentry","category-culture"],"aioseo_notices":[],"yoast_head":"<!-- This site is optimized with the Yoast SEO plugin v27.5 - https:\/\/yoast.com\/product\/yoast-seo-wordpress\/ -->\n<title>Les directions de la culture se mobilisent : Riche programme d&rsquo;animations pour le Ramadhan - La Sentinelle<\/title>\n<meta name=\"robots\" content=\"index, follow, max-snippet:-1, max-image-preview:large, max-video-preview:-1\" \/>\n<link rel=\"canonical\" href=\"https:\/\/lasentinelle.dz\/index.php\/2025\/02\/27\/les-directions-de-la-culture-se-mobilisent-riche-programme-danimations-pour-le-ramadhan\/\" \/>\n<meta property=\"og:locale\" content=\"fr_FR\" \/>\n<meta property=\"og:type\" content=\"article\" \/>\n<meta property=\"og:title\" content=\"Les directions de la culture se mobilisent : Riche programme d&rsquo;animations pour le Ramadhan - La Sentinelle\" \/>\n<meta property=\"og:description\" content=\"Alors que le mois sacr\u00e9 approche \u00e0 grands pas, plusieurs wilayas se pr\u00e9parent \u00e0 offrir aux citoyens des soir\u00e9es culturelles\" \/>\n<meta property=\"og:url\" content=\"https:\/\/lasentinelle.dz\/index.php\/2025\/02\/27\/les-directions-de-la-culture-se-mobilisent-riche-programme-danimations-pour-le-ramadhan\/\" \/>\n<meta property=\"og:site_name\" content=\"La Sentinelle\" \/>\n<meta property=\"article:publisher\" content=\"https:\/\/www.facebook.com\/La-Sentinelle-104059864394773\" \/>\n<meta property=\"article:published_time\" content=\"2025-02-27T10:02:00+00:00\" \/>\n<meta property=\"article:modified_time\" content=\"2025-03-01T10:03:31+00:00\" \/>\n<meta property=\"og:image\" content=\"https:\/\/lasentinelle.dz\/wp-content\/uploads\/2025\/03\/ramadhan-culture.webp\" \/>\n\t<meta property=\"og:image:width\" content=\"720\" \/>\n\t<meta property=\"og:image:height\" content=\"480\" \/>\n\t<meta property=\"og:image:type\" content=\"image\/webp\" \/>\n<meta name=\"author\" content=\"admin\" \/>\n<meta name=\"twitter:card\" content=\"summary_large_image\" \/>\n<meta name=\"twitter:label1\" content=\"\u00c9crit par\" \/>\n\t<meta name=\"twitter:data1\" content=\"admin\" \/>\n\t<meta name=\"twitter:label2\" content=\"Dur\u00e9e de lecture estim\u00e9e\" \/>\n\t<meta name=\"twitter:data2\" content=\"4 minutes\" \/>\n<script type=\"application\/ld+json\" class=\"yoast-schema-graph\">{\"@context\":\"https:\\\/\\\/schema.org\",\"@graph\":[{\"@type\":\"Article\",\"@id\":\"https:\\\/\\\/lasentinelle.dz\\\/index.php\\\/2025\\\/02\\\/27\\\/les-directions-de-la-culture-se-mobilisent-riche-programme-danimations-pour-le-ramadhan\\\/#article\",\"isPartOf\":{\"@id\":\"https:\\\/\\\/lasentinelle.dz\\\/index.php\\\/2025\\\/02\\\/27\\\/les-directions-de-la-culture-se-mobilisent-riche-programme-danimations-pour-le-ramadhan\\\/\"},\"author\":{\"name\":\"admin\",\"@id\":\"https:\\\/\\\/lasentinelle.dz\\\/#\\\/schema\\\/person\\\/729ee0024f24e0b8c5ec17232f8e8b41\"},\"headline\":\"Les directions de la culture se mobilisent : Riche programme d&rsquo;animations pour le Ramadhan\",\"datePublished\":\"2025-02-27T10:02:00+00:00\",\"dateModified\":\"2025-03-01T10:03:31+00:00\",\"mainEntityOfPage\":{\"@id\":\"https:\\\/\\\/lasentinelle.dz\\\/index.php\\\/2025\\\/02\\\/27\\\/les-directions-de-la-culture-se-mobilisent-riche-programme-danimations-pour-le-ramadhan\\\/\"},\"wordCount\":840,\"commentCount\":0,\"publisher\":{\"@id\":\"https:\\\/\\\/lasentinelle.dz\\\/#organization\"},\"image\":{\"@id\":\"https:\\\/\\\/lasentinelle.dz\\\/index.php\\\/2025\\\/02\\\/27\\\/les-directions-de-la-culture-se-mobilisent-riche-programme-danimations-pour-le-ramadhan\\\/#primaryimage\"},\"thumbnailUrl\":\"https:\\\/\\\/lasentinelle.dz\\\/wp-content\\\/uploads\\\/2025\\\/03\\\/ramadhan-culture.webp\",\"articleSection\":[\"Culture\"],\"inLanguage\":\"fr-FR\",\"potentialAction\":[{\"@type\":\"CommentAction\",\"name\":\"Comment\",\"target\":[\"https:\\\/\\\/lasentinelle.dz\\\/index.php\\\/2025\\\/02\\\/27\\\/les-directions-de-la-culture-se-mobilisent-riche-programme-danimations-pour-le-ramadhan\\\/#respond\"]}]},{\"@type\":\"WebPage\",\"@id\":\"https:\\\/\\\/lasentinelle.dz\\\/index.php\\\/2025\\\/02\\\/27\\\/les-directions-de-la-culture-se-mobilisent-riche-programme-danimations-pour-le-ramadhan\\\/\",\"url\":\"https:\\\/\\\/lasentinelle.dz\\\/index.php\\\/2025\\\/02\\\/27\\\/les-directions-de-la-culture-se-mobilisent-riche-programme-danimations-pour-le-ramadhan\\\/\",\"name\":\"Les directions de la culture se mobilisent : Riche programme d&rsquo;animations pour le Ramadhan - La Sentinelle\",\"isPartOf\":{\"@id\":\"https:\\\/\\\/lasentinelle.dz\\\/#website\"},\"primaryImageOfPage\":{\"@id\":\"https:\\\/\\\/lasentinelle.dz\\\/index.php\\\/2025\\\/02\\\/27\\\/les-directions-de-la-culture-se-mobilisent-riche-programme-danimations-pour-le-ramadhan\\\/#primaryimage\"},\"image\":{\"@id\":\"https:\\\/\\\/lasentinelle.dz\\\/index.php\\\/2025\\\/02\\\/27\\\/les-directions-de-la-culture-se-mobilisent-riche-programme-danimations-pour-le-ramadhan\\\/#primaryimage\"},\"thumbnailUrl\":\"https:\\\/\\\/lasentinelle.dz\\\/wp-content\\\/uploads\\\/2025\\\/03\\\/ramadhan-culture.webp\",\"datePublished\":\"2025-02-27T10:02:00+00:00\",\"dateModified\":\"2025-03-01T10:03:31+00:00\",\"breadcrumb\":{\"@id\":\"https:\\\/\\\/lasentinelle.dz\\\/index.php\\\/2025\\\/02\\\/27\\\/les-directions-de-la-culture-se-mobilisent-riche-programme-danimations-pour-le-ramadhan\\\/#breadcrumb\"},\"inLanguage\":\"fr-FR\",\"potentialAction\":[{\"@type\":\"ReadAction\",\"target\":[\"https:\\\/\\\/lasentinelle.dz\\\/index.php\\\/2025\\\/02\\\/27\\\/les-directions-de-la-culture-se-mobilisent-riche-programme-danimations-pour-le-ramadhan\\\/\"]}]},{\"@type\":\"ImageObject\",\"inLanguage\":\"fr-FR\",\"@id\":\"https:\\\/\\\/lasentinelle.dz\\\/index.php\\\/2025\\\/02\\\/27\\\/les-directions-de-la-culture-se-mobilisent-riche-programme-danimations-pour-le-ramadhan\\\/#primaryimage\",\"url\":\"https:\\\/\\\/lasentinelle.dz\\\/wp-content\\\/uploads\\\/2025\\\/03\\\/ramadhan-culture.webp\",\"contentUrl\":\"https:\\\/\\\/lasentinelle.dz\\\/wp-content\\\/uploads\\\/2025\\\/03\\\/ramadhan-culture.webp\",\"width\":720,\"height\":480},{\"@type\":\"BreadcrumbList\",\"@id\":\"https:\\\/\\\/lasentinelle.dz\\\/index.php\\\/2025\\\/02\\\/27\\\/les-directions-de-la-culture-se-mobilisent-riche-programme-danimations-pour-le-ramadhan\\\/#breadcrumb\",\"itemListElement\":[{\"@type\":\"ListItem\",\"position\":1,\"name\":\"Accueil\",\"item\":\"https:\\\/\\\/lasentinelle.dz\\\/\"},{\"@type\":\"ListItem\",\"position\":2,\"name\":\"Les directions de la culture se mobilisent : Riche programme d&rsquo;animations pour le Ramadhan\"}]},{\"@type\":\"WebSite\",\"@id\":\"https:\\\/\\\/lasentinelle.dz\\\/#website\",\"url\":\"https:\\\/\\\/lasentinelle.dz\\\/\",\"name\":\"La Sentinelle\",\"description\":\"Quotidien national d&#039;information\",\"publisher\":{\"@id\":\"https:\\\/\\\/lasentinelle.dz\\\/#organization\"},\"potentialAction\":[{\"@type\":\"SearchAction\",\"target\":{\"@type\":\"EntryPoint\",\"urlTemplate\":\"https:\\\/\\\/lasentinelle.dz\\\/?s={search_term_string}\"},\"query-input\":{\"@type\":\"PropertyValueSpecification\",\"valueRequired\":true,\"valueName\":\"search_term_string\"}}],\"inLanguage\":\"fr-FR\"},{\"@type\":\"Organization\",\"@id\":\"https:\\\/\\\/lasentinelle.dz\\\/#organization\",\"name\":\"Quotidien La Sentinelle\",\"url\":\"https:\\\/\\\/lasentinelle.dz\\\/\",\"logo\":{\"@type\":\"ImageObject\",\"inLanguage\":\"fr-FR\",\"@id\":\"https:\\\/\\\/lasentinelle.dz\\\/#\\\/schema\\\/logo\\\/image\\\/\",\"url\":\"https:\\\/\\\/lasentinelle.dz\\\/wp-content\\\/uploads\\\/2021\\\/09\\\/logo-sentinelleSLOGAN-1.png\",\"contentUrl\":\"https:\\\/\\\/lasentinelle.dz\\\/wp-content\\\/uploads\\\/2021\\\/09\\\/logo-sentinelleSLOGAN-1.png\",\"width\":615,\"height\":142,\"caption\":\"Quotidien La Sentinelle\"},\"image\":{\"@id\":\"https:\\\/\\\/lasentinelle.dz\\\/#\\\/schema\\\/logo\\\/image\\\/\"},\"sameAs\":[\"https:\\\/\\\/www.facebook.com\\\/La-Sentinelle-104059864394773\"]},{\"@type\":\"Person\",\"@id\":\"https:\\\/\\\/lasentinelle.dz\\\/#\\\/schema\\\/person\\\/729ee0024f24e0b8c5ec17232f8e8b41\",\"name\":\"admin\",\"image\":{\"@type\":\"ImageObject\",\"inLanguage\":\"fr-FR\",\"@id\":\"https:\\\/\\\/secure.gravatar.com\\\/avatar\\\/4c81fed838786e9b53f540bf46533e750f5d292099ae3b66cfc6fb1982e29df7?s=96&d=mm&r=g\",\"url\":\"https:\\\/\\\/secure.gravatar.com\\\/avatar\\\/4c81fed838786e9b53f540bf46533e750f5d292099ae3b66cfc6fb1982e29df7?s=96&d=mm&r=g\",\"contentUrl\":\"https:\\\/\\\/secure.gravatar.com\\\/avatar\\\/4c81fed838786e9b53f540bf46533e750f5d292099ae3b66cfc6fb1982e29df7?s=96&d=mm&r=g\",\"caption\":\"admin\"},\"description\":\"admin\",\"url\":\"https:\\\/\\\/lasentinelle.dz\\\/author\\\/admin\\\/\"}]}<\/script>\n<!-- \/ Yoast SEO plugin. -->","yoast_head_json":{"title":"Les directions de la culture se mobilisent : Riche programme d&rsquo;animations pour le Ramadhan - La Sentinelle","robots":{"index":"index","follow":"follow","max-snippet":"max-snippet:-1","max-image-preview":"max-image-preview:large","max-video-preview":"max-video-preview:-1"},"canonical":"https:\/\/lasentinelle.dz\/index.php\/2025\/02\/27\/les-directions-de-la-culture-se-mobilisent-riche-programme-danimations-pour-le-ramadhan\/","og_locale":"fr_FR","og_type":"article","og_title":"Les directions de la culture se mobilisent : Riche programme d&rsquo;animations pour le Ramadhan - La Sentinelle","og_description":"Alors que le mois sacr\u00e9 approche \u00e0 grands pas, plusieurs wilayas se pr\u00e9parent \u00e0 offrir aux citoyens des soir\u00e9es culturelles","og_url":"https:\/\/lasentinelle.dz\/index.php\/2025\/02\/27\/les-directions-de-la-culture-se-mobilisent-riche-programme-danimations-pour-le-ramadhan\/","og_site_name":"La Sentinelle","article_publisher":"https:\/\/www.facebook.com\/La-Sentinelle-104059864394773","article_published_time":"2025-02-27T10:02:00+00:00","article_modified_time":"2025-03-01T10:03:31+00:00","og_image":[{"width":720,"height":480,"url":"https:\/\/lasentinelle.dz\/wp-content\/uploads\/2025\/03\/ramadhan-culture.webp","type":"image\/webp"}],"author":"admin","twitter_card":"summary_large_image","twitter_misc":{"\u00c9crit par":"admin","Dur\u00e9e de lecture estim\u00e9e":"4 minutes"},"schema":{"@context":"https:\/\/schema.org","@graph":[{"@type":"Article","@id":"https:\/\/lasentinelle.dz\/index.php\/2025\/02\/27\/les-directions-de-la-culture-se-mobilisent-riche-programme-danimations-pour-le-ramadhan\/#article","isPartOf":{"@id":"https:\/\/lasentinelle.dz\/index.php\/2025\/02\/27\/les-directions-de-la-culture-se-mobilisent-riche-programme-danimations-pour-le-ramadhan\/"},"author":{"name":"admin","@id":"https:\/\/lasentinelle.dz\/#\/schema\/person\/729ee0024f24e0b8c5ec17232f8e8b41"},"headline":"Les directions de la culture se mobilisent : Riche programme d&rsquo;animations pour le Ramadhan","datePublished":"2025-02-27T10:02:00+00:00","dateModified":"2025-03-01T10:03:31+00:00","mainEntityOfPage":{"@id":"https:\/\/lasentinelle.dz\/index.php\/2025\/02\/27\/les-directions-de-la-culture-se-mobilisent-riche-programme-danimations-pour-le-ramadhan\/"},"wordCount":840,"commentCount":0,"publisher":{"@id":"https:\/\/lasentinelle.dz\/#organization"},"image":{"@id":"https:\/\/lasentinelle.dz\/index.php\/2025\/02\/27\/les-directions-de-la-culture-se-mobilisent-riche-programme-danimations-pour-le-ramadhan\/#primaryimage"},"thumbnailUrl":"https:\/\/lasentinelle.dz\/wp-content\/uploads\/2025\/03\/ramadhan-culture.webp","articleSection":["Culture"],"inLanguage":"fr-FR","potentialAction":[{"@type":"CommentAction","name":"Comment","target":["https:\/\/lasentinelle.dz\/index.php\/2025\/02\/27\/les-directions-de-la-culture-se-mobilisent-riche-programme-danimations-pour-le-ramadhan\/#respond"]}]},{"@type":"WebPage","@id":"https:\/\/lasentinelle.dz\/index.php\/2025\/02\/27\/les-directions-de-la-culture-se-mobilisent-riche-programme-danimations-pour-le-ramadhan\/","url":"https:\/\/lasentinelle.dz\/index.php\/2025\/02\/27\/les-directions-de-la-culture-se-mobilisent-riche-programme-danimations-pour-le-ramadhan\/","name":"Les directions de la culture se mobilisent : Riche programme d&rsquo;animations pour le Ramadhan - La Sentinelle","isPartOf":{"@id":"https:\/\/lasentinelle.dz\/#website"},"primaryImageOfPage":{"@id":"https:\/\/lasentinelle.dz\/index.php\/2025\/02\/27\/les-directions-de-la-culture-se-mobilisent-riche-programme-danimations-pour-le-ramadhan\/#primaryimage"},"image":{"@id":"https:\/\/lasentinelle.dz\/index.php\/2025\/02\/27\/les-directions-de-la-culture-se-mobilisent-riche-programme-danimations-pour-le-ramadhan\/#primaryimage"},"thumbnailUrl":"https:\/\/lasentinelle.dz\/wp-content\/uploads\/2025\/03\/ramadhan-culture.webp","datePublished":"2025-02-27T10:02:00+00:00","dateModified":"2025-03-01T10:03:31+00:00","breadcrumb":{"@id":"https:\/\/lasentinelle.dz\/index.php\/2025\/02\/27\/les-directions-de-la-culture-se-mobilisent-riche-programme-danimations-pour-le-ramadhan\/#breadcrumb"},"inLanguage":"fr-FR","potentialAction":[{"@type":"ReadAction","target":["https:\/\/lasentinelle.dz\/index.php\/2025\/02\/27\/les-directions-de-la-culture-se-mobilisent-riche-programme-danimations-pour-le-ramadhan\/"]}]},{"@type":"ImageObject","inLanguage":"fr-FR","@id":"https:\/\/lasentinelle.dz\/index.php\/2025\/02\/27\/les-directions-de-la-culture-se-mobilisent-riche-programme-danimations-pour-le-ramadhan\/#primaryimage","url":"https:\/\/lasentinelle.dz\/wp-content\/uploads\/2025\/03\/ramadhan-culture.webp","contentUrl":"https:\/\/lasentinelle.dz\/wp-content\/uploads\/2025\/03\/ramadhan-culture.webp","width":720,"height":480},{"@type":"BreadcrumbList","@id":"https:\/\/lasentinelle.dz\/index.php\/2025\/02\/27\/les-directions-de-la-culture-se-mobilisent-riche-programme-danimations-pour-le-ramadhan\/#breadcrumb","itemListElement":[{"@type":"ListItem","position":1,"name":"Accueil","item":"https:\/\/lasentinelle.dz\/"},{"@type":"ListItem","position":2,"name":"Les directions de la culture se mobilisent : Riche programme d&rsquo;animations pour le Ramadhan"}]},{"@type":"WebSite","@id":"https:\/\/lasentinelle.dz\/#website","url":"https:\/\/lasentinelle.dz\/","name":"La Sentinelle","description":"Quotidien national d&#039;information","publisher":{"@id":"https:\/\/lasentinelle.dz\/#organization"},"potentialAction":[{"@type":"SearchAction","target":{"@type":"EntryPoint","urlTemplate":"https:\/\/lasentinelle.dz\/?s={search_term_string}"},"query-input":{"@type":"PropertyValueSpecification","valueRequired":true,"valueName":"search_term_string"}}],"inLanguage":"fr-FR"},{"@type":"Organization","@id":"https:\/\/lasentinelle.dz\/#organization","name":"Quotidien La Sentinelle","url":"https:\/\/lasentinelle.dz\/","logo":{"@type":"ImageObject","inLanguage":"fr-FR","@id":"https:\/\/lasentinelle.dz\/#\/schema\/logo\/image\/","url":"https:\/\/lasentinelle.dz\/wp-content\/uploads\/2021\/09\/logo-sentinelleSLOGAN-1.png","contentUrl":"https:\/\/lasentinelle.dz\/wp-content\/uploads\/2021\/09\/logo-sentinelleSLOGAN-1.png","width":615,"height":142,"caption":"Quotidien La Sentinelle"},"image":{"@id":"https:\/\/lasentinelle.dz\/#\/schema\/logo\/image\/"},"sameAs":["https:\/\/www.facebook.com\/La-Sentinelle-104059864394773"]},{"@type":"Person","@id":"https:\/\/lasentinelle.dz\/#\/schema\/person\/729ee0024f24e0b8c5ec17232f8e8b41","name":"admin","image":{"@type":"ImageObject","inLanguage":"fr-FR","@id":"https:\/\/secure.gravatar.com\/avatar\/4c81fed838786e9b53f540bf46533e750f5d292099ae3b66cfc6fb1982e29df7?s=96&d=mm&r=g","url":"https:\/\/secure.gravatar.com\/avatar\/4c81fed838786e9b53f540bf46533e750f5d292099ae3b66cfc6fb1982e29df7?s=96&d=mm&r=g","contentUrl":"https:\/\/secure.gravatar.com\/avatar\/4c81fed838786e9b53f540bf46533e750f5d292099ae3b66cfc6fb1982e29df7?s=96&d=mm&r=g","caption":"admin"},"description":"admin","url":"https:\/\/lasentinelle.dz\/author\/admin\/"}]}},"_links":{"self":[{"href":"https:\/\/lasentinelle.dz\/index.php\/wp-json\/wp\/v2\/posts\/63632","targetHints":{"allow":["GET"]}}],"collection":[{"href":"https:\/\/lasentinelle.dz\/index.php\/wp-json\/wp\/v2\/posts"}],"about":[{"href":"https:\/\/lasentinelle.dz\/index.php\/wp-json\/wp\/v2\/types\/post"}],"author":[{"embeddable":true,"href":"https:\/\/lasentinelle.dz\/index.php\/wp-json\/wp\/v2\/users\/6"}],"replies":[{"embeddable":true,"href":"https:\/\/lasentinelle.dz\/index.php\/wp-json\/wp\/v2\/comments?post=63632"}],"version-history":[{"count":2,"href":"https:\/\/lasentinelle.dz\/index.php\/wp-json\/wp\/v2\/posts\/63632\/revisions"}],"predecessor-version":[{"id":63635,"href":"https:\/\/lasentinelle.dz\/index.php\/wp-json\/wp\/v2\/posts\/63632\/revisions\/63635"}],"wp:featuredmedia":[{"embeddable":true,"href":"https:\/\/lasentinelle.dz\/index.php\/wp-json\/wp\/v2\/media\/63633"}],"wp:attachment":[{"href":"https:\/\/lasentinelle.dz\/index.php\/wp-json\/wp\/v2\/media?parent=63632"}],"wp:term":[{"taxonomy":"category","embeddable":true,"href":"https:\/\/lasentinelle.dz\/index.php\/wp-json\/wp\/v2\/categories?post=63632"},{"taxonomy":"post_tag","embeddable":true,"href":"https:\/\/lasentinelle.dz\/index.php\/wp-json\/wp\/v2\/tags?post=63632"}],"curies":[{"name":"wp","href":"https:\/\/api.w.org\/{rel}","templated":true}]}}