{"id":63636,"date":"2025-02-27T11:03:00","date_gmt":"2025-02-27T10:03:00","guid":{"rendered":"https:\/\/lasentinelle.dz\/?p=63636"},"modified":"2025-03-01T11:04:20","modified_gmt":"2025-03-01T10:04:20","slug":"hca-plaidoyer-pour-la-sauvegarde-des-langues-maternelles-menacees-dextinction","status":"publish","type":"post","link":"https:\/\/lasentinelle.dz\/index.php\/2025\/02\/27\/hca-plaidoyer-pour-la-sauvegarde-des-langues-maternelles-menacees-dextinction\/","title":{"rendered":"HCA: Plaidoyer pour la sauvegarde des langues maternelles menac\u00e9es d&rsquo;extinction"},"content":{"rendered":"\n<p>\u00c0 l&rsquo;occasion de la Journ\u00e9e internationale de la langue maternelle et de la semaine des langues africaines, le Haut-Commissariat \u00e0 l&rsquo;Amazighit\u00e9 (HCA) a organis\u00e9 une s\u00e9rie d&rsquo;activit\u00e9s riches en r\u00e9flexions \u00e0 Tizi-Ouzou. Plac\u00e9es sous le signe de la diversit\u00e9 linguistique, ces manifestations t\u00e9moignent de l&rsquo;engagement continu de l&rsquo;Alg\u00e9rie dans la pr\u00e9servation de son patrimoine linguistique et culturel, tant national qu&rsquo;africain.<\/p>\n\n\n\n<p>Le centre de loisirs scientifique de Tizi-Ouzou a accueilli dimanche l&rsquo;ouverture de ces journ\u00e9es qui s&rsquo;inscrivent dans le cadre des engagements de l&rsquo;Alg\u00e9rie aupr\u00e8s de l&rsquo;UNESCO et de l&rsquo;Acad\u00e9mie africaine des langues. L&rsquo;objectif principal est de mettre en lumi\u00e8re le r\u00f4le crucial que joue l&rsquo;Alg\u00e9rie dans la promotion du multilinguisme et la valorisation de la diversit\u00e9 linguistique africaine. Dans son discours inaugural, Si El-Hachemi Assad, Secr\u00e9taire g\u00e9n\u00e9ral du HCA, a r\u00e9fut\u00e9 avec force toute notion de conflit entre les langues sur le territoire alg\u00e9rien. \u00ab Nous rejetons toute notion de conflit linguistique. Ce ne sont pas les langues qui s&rsquo;affrontent, mais les esprits qui se ferment. L&rsquo;Histoire nous enseigne que l&rsquo;humanit\u00e9 s&rsquo;est toujours construite sur l&rsquo;\u00e9change et le dialogue. Elle a toujours embrass\u00e9 la diversit\u00e9 linguistique et \u0153uvr\u00e9 pour un avenir o\u00f9 la compr\u00e9hension et la compl\u00e9mentarit\u00e9 priment \u00bb, a-t-il d\u00e9clar\u00e9 avec conviction. Lors d&rsquo;une conf\u00e9rence de presse en marge de l&rsquo;\u00e9v\u00e9nement, Si El-Hachemi Assad a abord\u00e9 les d\u00e9fis majeurs auxquels font face certaines variantes linguistiques en Alg\u00e9rie. Son constat est alarmant : \u00ab En Alg\u00e9rie, d&rsquo;ici 20 ans, certaines variantes de la langue amazighe risquent de dispara\u00eetre dans certaines r\u00e9gions si aucune mesure n&rsquo;est prise pour les pr\u00e9server. Ces langues sont menac\u00e9es par le ph\u00e9nom\u00e8ne de socialisation et le choc de l&rsquo;av\u00e8nement du terrorisme. C&rsquo;est le cas dans la wilaya de Chlef o\u00f9 les habitants de certaines zones montagneuses, comme Brrira et Zeboudja, ont quitt\u00e9 leurs montagnes pour s&rsquo;installer en ville. Apr\u00e8s 20 ou 30 ans, ils perdent l&rsquo;usage de leur langue maternelle \u00bb, a-t-il d\u00e9plor\u00e9. Face \u00e0 cette situation pr\u00e9occupante, le HCA s&rsquo;est engag\u00e9 \u00e0 mettre en \u0153uvre des strat\u00e9gies concr\u00e8tes pour valoriser les variantes locales de la langue amazighe dans le cadre de l&rsquo;enseignement. \u00ab Dans la r\u00e9gion de Tabelbala (B\u00e9char), j&rsquo;ai \u00e9t\u00e9 interpell\u00e9 par la population locale pour la prise en charge de leur variante locale, le Korandje, et le HCA s&rsquo;est engag\u00e9 \u00e0 les accompagner \u00bb, a pr\u00e9cis\u00e9 le Secr\u00e9taire g\u00e9n\u00e9ral, soulignant l&rsquo;importance d&rsquo;adapter les contenus p\u00e9dagogiques aux r\u00e9alit\u00e9s linguistiques locales. Point d&rsquo;orgue de cette journ\u00e9e, la pr\u00e9sentation d&rsquo;un Atlas des variantes de la langue amazighe en Alg\u00e9rie a constitu\u00e9 une avanc\u00e9e significative dans la documentation du patrimoine linguistique national. Cet ouvrage, r\u00e9alis\u00e9 par le jeune chercheur Ramdane Touati, sp\u00e9cialiste en linguistique amazighe, et \u00e9dit\u00e9 par le HCA, offre un panorama d\u00e9taill\u00e9 de la richesse et de la diversit\u00e9 linguistique du territoire alg\u00e9rien.<\/p>\n\n\n\n<p>Mohand Seghir<\/p>\n","protected":false},"excerpt":{"rendered":"<p>\u00c0 l&rsquo;occasion de la Journ\u00e9e internationale de la langue maternelle et de la semaine des langues africaines, le Haut-Commissariat \u00e0<\/p>\n","protected":false},"author":6,"featured_media":3540,"comment_status":"open","ping_status":"closed","sticky":false,"template":"","format":"standard","meta":{"colormag_page_container_layout":"default_layout","colormag_page_sidebar_layout":"default_layout","om_disable_all_campaigns":false,"_monsterinsights_skip_tracking":false,"_monsterinsights_sitenote_active":false,"_monsterinsights_sitenote_note":"","_monsterinsights_sitenote_category":0,"footnotes":"","_wpscppro_dont_share_socialmedia":false,"_wpscppro_custom_social_share_image":0,"_facebook_share_type":"default","_twitter_share_type":"default","_linkedin_share_type":"default","_pinterest_share_type":"default","_linkedin_share_type_page":"","_instagram_share_type":"default","_medium_share_type":"default","_threads_share_type":"","_google_business_share_type":"","_selected_social_profile":[],"_wpsp_enable_custom_social_template":false,"_wpsp_social_scheduling":{"enabled":false,"datetime":null,"platforms":[],"status":"template_only","dateOption":"today","timeOption":"now","customDays":"","customHours":"","customDate":"","customTime":"","schedulingType":"absolute"},"_wpsp_active_default_template":true},"categories":[36],"tags":[],"class_list":["post-63636","post","type-post","status-publish","format-standard","has-post-thumbnail","hentry","category-culture"],"aioseo_notices":[],"yoast_head":"<!-- This site is optimized with the Yoast SEO plugin v27.5 - https:\/\/yoast.com\/product\/yoast-seo-wordpress\/ -->\n<title>HCA: Plaidoyer pour la sauvegarde des langues maternelles menac\u00e9es d&rsquo;extinction - La Sentinelle<\/title>\n<meta name=\"robots\" content=\"index, follow, max-snippet:-1, max-image-preview:large, max-video-preview:-1\" \/>\n<link rel=\"canonical\" href=\"https:\/\/lasentinelle.dz\/index.php\/2025\/02\/27\/hca-plaidoyer-pour-la-sauvegarde-des-langues-maternelles-menacees-dextinction\/\" \/>\n<meta property=\"og:locale\" content=\"fr_FR\" \/>\n<meta property=\"og:type\" content=\"article\" \/>\n<meta property=\"og:title\" content=\"HCA: Plaidoyer pour la sauvegarde des langues maternelles menac\u00e9es d&rsquo;extinction - La Sentinelle\" \/>\n<meta property=\"og:description\" content=\"\u00c0 l&rsquo;occasion de la Journ\u00e9e internationale de la langue maternelle et de la semaine des langues africaines, le Haut-Commissariat \u00e0\" \/>\n<meta property=\"og:url\" content=\"https:\/\/lasentinelle.dz\/index.php\/2025\/02\/27\/hca-plaidoyer-pour-la-sauvegarde-des-langues-maternelles-menacees-dextinction\/\" \/>\n<meta property=\"og:site_name\" content=\"La Sentinelle\" \/>\n<meta property=\"article:publisher\" content=\"https:\/\/www.facebook.com\/La-Sentinelle-104059864394773\" \/>\n<meta property=\"article:published_time\" content=\"2025-02-27T10:03:00+00:00\" \/>\n<meta property=\"article:modified_time\" content=\"2025-03-01T10:04:20+00:00\" \/>\n<meta property=\"og:image\" content=\"https:\/\/lasentinelle.dz\/wp-content\/uploads\/2021\/08\/HCA.png\" \/>\n\t<meta property=\"og:image:width\" content=\"1351\" \/>\n\t<meta property=\"og:image:height\" content=\"900\" \/>\n\t<meta property=\"og:image:type\" content=\"image\/png\" \/>\n<meta name=\"author\" content=\"admin\" \/>\n<meta name=\"twitter:card\" content=\"summary_large_image\" \/>\n<meta name=\"twitter:label1\" content=\"\u00c9crit par\" \/>\n\t<meta name=\"twitter:data1\" content=\"admin\" \/>\n\t<meta name=\"twitter:label2\" content=\"Dur\u00e9e de lecture estim\u00e9e\" \/>\n\t<meta name=\"twitter:data2\" content=\"3 minutes\" \/>\n<script type=\"application\/ld+json\" class=\"yoast-schema-graph\">{\"@context\":\"https:\\\/\\\/schema.org\",\"@graph\":[{\"@type\":\"Article\",\"@id\":\"https:\\\/\\\/lasentinelle.dz\\\/index.php\\\/2025\\\/02\\\/27\\\/hca-plaidoyer-pour-la-sauvegarde-des-langues-maternelles-menacees-dextinction\\\/#article\",\"isPartOf\":{\"@id\":\"https:\\\/\\\/lasentinelle.dz\\\/index.php\\\/2025\\\/02\\\/27\\\/hca-plaidoyer-pour-la-sauvegarde-des-langues-maternelles-menacees-dextinction\\\/\"},\"author\":{\"name\":\"admin\",\"@id\":\"https:\\\/\\\/lasentinelle.dz\\\/#\\\/schema\\\/person\\\/729ee0024f24e0b8c5ec17232f8e8b41\"},\"headline\":\"HCA: Plaidoyer pour la sauvegarde des langues maternelles menac\u00e9es d&rsquo;extinction\",\"datePublished\":\"2025-02-27T10:03:00+00:00\",\"dateModified\":\"2025-03-01T10:04:20+00:00\",\"mainEntityOfPage\":{\"@id\":\"https:\\\/\\\/lasentinelle.dz\\\/index.php\\\/2025\\\/02\\\/27\\\/hca-plaidoyer-pour-la-sauvegarde-des-langues-maternelles-menacees-dextinction\\\/\"},\"wordCount\":548,\"commentCount\":0,\"publisher\":{\"@id\":\"https:\\\/\\\/lasentinelle.dz\\\/#organization\"},\"image\":{\"@id\":\"https:\\\/\\\/lasentinelle.dz\\\/index.php\\\/2025\\\/02\\\/27\\\/hca-plaidoyer-pour-la-sauvegarde-des-langues-maternelles-menacees-dextinction\\\/#primaryimage\"},\"thumbnailUrl\":\"https:\\\/\\\/lasentinelle.dz\\\/wp-content\\\/uploads\\\/2021\\\/08\\\/HCA.png\",\"articleSection\":[\"Culture\"],\"inLanguage\":\"fr-FR\",\"potentialAction\":[{\"@type\":\"CommentAction\",\"name\":\"Comment\",\"target\":[\"https:\\\/\\\/lasentinelle.dz\\\/index.php\\\/2025\\\/02\\\/27\\\/hca-plaidoyer-pour-la-sauvegarde-des-langues-maternelles-menacees-dextinction\\\/#respond\"]}]},{\"@type\":\"WebPage\",\"@id\":\"https:\\\/\\\/lasentinelle.dz\\\/index.php\\\/2025\\\/02\\\/27\\\/hca-plaidoyer-pour-la-sauvegarde-des-langues-maternelles-menacees-dextinction\\\/\",\"url\":\"https:\\\/\\\/lasentinelle.dz\\\/index.php\\\/2025\\\/02\\\/27\\\/hca-plaidoyer-pour-la-sauvegarde-des-langues-maternelles-menacees-dextinction\\\/\",\"name\":\"HCA: Plaidoyer pour la sauvegarde des langues maternelles menac\u00e9es d&rsquo;extinction - La Sentinelle\",\"isPartOf\":{\"@id\":\"https:\\\/\\\/lasentinelle.dz\\\/#website\"},\"primaryImageOfPage\":{\"@id\":\"https:\\\/\\\/lasentinelle.dz\\\/index.php\\\/2025\\\/02\\\/27\\\/hca-plaidoyer-pour-la-sauvegarde-des-langues-maternelles-menacees-dextinction\\\/#primaryimage\"},\"image\":{\"@id\":\"https:\\\/\\\/lasentinelle.dz\\\/index.php\\\/2025\\\/02\\\/27\\\/hca-plaidoyer-pour-la-sauvegarde-des-langues-maternelles-menacees-dextinction\\\/#primaryimage\"},\"thumbnailUrl\":\"https:\\\/\\\/lasentinelle.dz\\\/wp-content\\\/uploads\\\/2021\\\/08\\\/HCA.png\",\"datePublished\":\"2025-02-27T10:03:00+00:00\",\"dateModified\":\"2025-03-01T10:04:20+00:00\",\"breadcrumb\":{\"@id\":\"https:\\\/\\\/lasentinelle.dz\\\/index.php\\\/2025\\\/02\\\/27\\\/hca-plaidoyer-pour-la-sauvegarde-des-langues-maternelles-menacees-dextinction\\\/#breadcrumb\"},\"inLanguage\":\"fr-FR\",\"potentialAction\":[{\"@type\":\"ReadAction\",\"target\":[\"https:\\\/\\\/lasentinelle.dz\\\/index.php\\\/2025\\\/02\\\/27\\\/hca-plaidoyer-pour-la-sauvegarde-des-langues-maternelles-menacees-dextinction\\\/\"]}]},{\"@type\":\"ImageObject\",\"inLanguage\":\"fr-FR\",\"@id\":\"https:\\\/\\\/lasentinelle.dz\\\/index.php\\\/2025\\\/02\\\/27\\\/hca-plaidoyer-pour-la-sauvegarde-des-langues-maternelles-menacees-dextinction\\\/#primaryimage\",\"url\":\"https:\\\/\\\/lasentinelle.dz\\\/wp-content\\\/uploads\\\/2021\\\/08\\\/HCA.png\",\"contentUrl\":\"https:\\\/\\\/lasentinelle.dz\\\/wp-content\\\/uploads\\\/2021\\\/08\\\/HCA.png\",\"width\":1351,\"height\":900},{\"@type\":\"BreadcrumbList\",\"@id\":\"https:\\\/\\\/lasentinelle.dz\\\/index.php\\\/2025\\\/02\\\/27\\\/hca-plaidoyer-pour-la-sauvegarde-des-langues-maternelles-menacees-dextinction\\\/#breadcrumb\",\"itemListElement\":[{\"@type\":\"ListItem\",\"position\":1,\"name\":\"Accueil\",\"item\":\"https:\\\/\\\/lasentinelle.dz\\\/\"},{\"@type\":\"ListItem\",\"position\":2,\"name\":\"HCA: Plaidoyer pour la sauvegarde des langues maternelles menac\u00e9es d&rsquo;extinction\"}]},{\"@type\":\"WebSite\",\"@id\":\"https:\\\/\\\/lasentinelle.dz\\\/#website\",\"url\":\"https:\\\/\\\/lasentinelle.dz\\\/\",\"name\":\"La Sentinelle\",\"description\":\"Quotidien national d&#039;information\",\"publisher\":{\"@id\":\"https:\\\/\\\/lasentinelle.dz\\\/#organization\"},\"potentialAction\":[{\"@type\":\"SearchAction\",\"target\":{\"@type\":\"EntryPoint\",\"urlTemplate\":\"https:\\\/\\\/lasentinelle.dz\\\/?s={search_term_string}\"},\"query-input\":{\"@type\":\"PropertyValueSpecification\",\"valueRequired\":true,\"valueName\":\"search_term_string\"}}],\"inLanguage\":\"fr-FR\"},{\"@type\":\"Organization\",\"@id\":\"https:\\\/\\\/lasentinelle.dz\\\/#organization\",\"name\":\"Quotidien La Sentinelle\",\"url\":\"https:\\\/\\\/lasentinelle.dz\\\/\",\"logo\":{\"@type\":\"ImageObject\",\"inLanguage\":\"fr-FR\",\"@id\":\"https:\\\/\\\/lasentinelle.dz\\\/#\\\/schema\\\/logo\\\/image\\\/\",\"url\":\"https:\\\/\\\/lasentinelle.dz\\\/wp-content\\\/uploads\\\/2021\\\/09\\\/logo-sentinelleSLOGAN-1.png\",\"contentUrl\":\"https:\\\/\\\/lasentinelle.dz\\\/wp-content\\\/uploads\\\/2021\\\/09\\\/logo-sentinelleSLOGAN-1.png\",\"width\":615,\"height\":142,\"caption\":\"Quotidien La Sentinelle\"},\"image\":{\"@id\":\"https:\\\/\\\/lasentinelle.dz\\\/#\\\/schema\\\/logo\\\/image\\\/\"},\"sameAs\":[\"https:\\\/\\\/www.facebook.com\\\/La-Sentinelle-104059864394773\"]},{\"@type\":\"Person\",\"@id\":\"https:\\\/\\\/lasentinelle.dz\\\/#\\\/schema\\\/person\\\/729ee0024f24e0b8c5ec17232f8e8b41\",\"name\":\"admin\",\"image\":{\"@type\":\"ImageObject\",\"inLanguage\":\"fr-FR\",\"@id\":\"https:\\\/\\\/secure.gravatar.com\\\/avatar\\\/4c81fed838786e9b53f540bf46533e750f5d292099ae3b66cfc6fb1982e29df7?s=96&d=mm&r=g\",\"url\":\"https:\\\/\\\/secure.gravatar.com\\\/avatar\\\/4c81fed838786e9b53f540bf46533e750f5d292099ae3b66cfc6fb1982e29df7?s=96&d=mm&r=g\",\"contentUrl\":\"https:\\\/\\\/secure.gravatar.com\\\/avatar\\\/4c81fed838786e9b53f540bf46533e750f5d292099ae3b66cfc6fb1982e29df7?s=96&d=mm&r=g\",\"caption\":\"admin\"},\"description\":\"admin\",\"url\":\"https:\\\/\\\/lasentinelle.dz\\\/author\\\/admin\\\/\"}]}<\/script>\n<!-- \/ Yoast SEO plugin. -->","yoast_head_json":{"title":"HCA: Plaidoyer pour la sauvegarde des langues maternelles menac\u00e9es d&rsquo;extinction - La Sentinelle","robots":{"index":"index","follow":"follow","max-snippet":"max-snippet:-1","max-image-preview":"max-image-preview:large","max-video-preview":"max-video-preview:-1"},"canonical":"https:\/\/lasentinelle.dz\/index.php\/2025\/02\/27\/hca-plaidoyer-pour-la-sauvegarde-des-langues-maternelles-menacees-dextinction\/","og_locale":"fr_FR","og_type":"article","og_title":"HCA: Plaidoyer pour la sauvegarde des langues maternelles menac\u00e9es d&rsquo;extinction - La Sentinelle","og_description":"\u00c0 l&rsquo;occasion de la Journ\u00e9e internationale de la langue maternelle et de la semaine des langues africaines, le Haut-Commissariat \u00e0","og_url":"https:\/\/lasentinelle.dz\/index.php\/2025\/02\/27\/hca-plaidoyer-pour-la-sauvegarde-des-langues-maternelles-menacees-dextinction\/","og_site_name":"La Sentinelle","article_publisher":"https:\/\/www.facebook.com\/La-Sentinelle-104059864394773","article_published_time":"2025-02-27T10:03:00+00:00","article_modified_time":"2025-03-01T10:04:20+00:00","og_image":[{"width":1351,"height":900,"url":"https:\/\/lasentinelle.dz\/wp-content\/uploads\/2021\/08\/HCA.png","type":"image\/png"}],"author":"admin","twitter_card":"summary_large_image","twitter_misc":{"\u00c9crit par":"admin","Dur\u00e9e de lecture estim\u00e9e":"3 minutes"},"schema":{"@context":"https:\/\/schema.org","@graph":[{"@type":"Article","@id":"https:\/\/lasentinelle.dz\/index.php\/2025\/02\/27\/hca-plaidoyer-pour-la-sauvegarde-des-langues-maternelles-menacees-dextinction\/#article","isPartOf":{"@id":"https:\/\/lasentinelle.dz\/index.php\/2025\/02\/27\/hca-plaidoyer-pour-la-sauvegarde-des-langues-maternelles-menacees-dextinction\/"},"author":{"name":"admin","@id":"https:\/\/lasentinelle.dz\/#\/schema\/person\/729ee0024f24e0b8c5ec17232f8e8b41"},"headline":"HCA: Plaidoyer pour la sauvegarde des langues maternelles menac\u00e9es d&rsquo;extinction","datePublished":"2025-02-27T10:03:00+00:00","dateModified":"2025-03-01T10:04:20+00:00","mainEntityOfPage":{"@id":"https:\/\/lasentinelle.dz\/index.php\/2025\/02\/27\/hca-plaidoyer-pour-la-sauvegarde-des-langues-maternelles-menacees-dextinction\/"},"wordCount":548,"commentCount":0,"publisher":{"@id":"https:\/\/lasentinelle.dz\/#organization"},"image":{"@id":"https:\/\/lasentinelle.dz\/index.php\/2025\/02\/27\/hca-plaidoyer-pour-la-sauvegarde-des-langues-maternelles-menacees-dextinction\/#primaryimage"},"thumbnailUrl":"https:\/\/lasentinelle.dz\/wp-content\/uploads\/2021\/08\/HCA.png","articleSection":["Culture"],"inLanguage":"fr-FR","potentialAction":[{"@type":"CommentAction","name":"Comment","target":["https:\/\/lasentinelle.dz\/index.php\/2025\/02\/27\/hca-plaidoyer-pour-la-sauvegarde-des-langues-maternelles-menacees-dextinction\/#respond"]}]},{"@type":"WebPage","@id":"https:\/\/lasentinelle.dz\/index.php\/2025\/02\/27\/hca-plaidoyer-pour-la-sauvegarde-des-langues-maternelles-menacees-dextinction\/","url":"https:\/\/lasentinelle.dz\/index.php\/2025\/02\/27\/hca-plaidoyer-pour-la-sauvegarde-des-langues-maternelles-menacees-dextinction\/","name":"HCA: Plaidoyer pour la sauvegarde des langues maternelles menac\u00e9es d&rsquo;extinction - La Sentinelle","isPartOf":{"@id":"https:\/\/lasentinelle.dz\/#website"},"primaryImageOfPage":{"@id":"https:\/\/lasentinelle.dz\/index.php\/2025\/02\/27\/hca-plaidoyer-pour-la-sauvegarde-des-langues-maternelles-menacees-dextinction\/#primaryimage"},"image":{"@id":"https:\/\/lasentinelle.dz\/index.php\/2025\/02\/27\/hca-plaidoyer-pour-la-sauvegarde-des-langues-maternelles-menacees-dextinction\/#primaryimage"},"thumbnailUrl":"https:\/\/lasentinelle.dz\/wp-content\/uploads\/2021\/08\/HCA.png","datePublished":"2025-02-27T10:03:00+00:00","dateModified":"2025-03-01T10:04:20+00:00","breadcrumb":{"@id":"https:\/\/lasentinelle.dz\/index.php\/2025\/02\/27\/hca-plaidoyer-pour-la-sauvegarde-des-langues-maternelles-menacees-dextinction\/#breadcrumb"},"inLanguage":"fr-FR","potentialAction":[{"@type":"ReadAction","target":["https:\/\/lasentinelle.dz\/index.php\/2025\/02\/27\/hca-plaidoyer-pour-la-sauvegarde-des-langues-maternelles-menacees-dextinction\/"]}]},{"@type":"ImageObject","inLanguage":"fr-FR","@id":"https:\/\/lasentinelle.dz\/index.php\/2025\/02\/27\/hca-plaidoyer-pour-la-sauvegarde-des-langues-maternelles-menacees-dextinction\/#primaryimage","url":"https:\/\/lasentinelle.dz\/wp-content\/uploads\/2021\/08\/HCA.png","contentUrl":"https:\/\/lasentinelle.dz\/wp-content\/uploads\/2021\/08\/HCA.png","width":1351,"height":900},{"@type":"BreadcrumbList","@id":"https:\/\/lasentinelle.dz\/index.php\/2025\/02\/27\/hca-plaidoyer-pour-la-sauvegarde-des-langues-maternelles-menacees-dextinction\/#breadcrumb","itemListElement":[{"@type":"ListItem","position":1,"name":"Accueil","item":"https:\/\/lasentinelle.dz\/"},{"@type":"ListItem","position":2,"name":"HCA: Plaidoyer pour la sauvegarde des langues maternelles menac\u00e9es d&rsquo;extinction"}]},{"@type":"WebSite","@id":"https:\/\/lasentinelle.dz\/#website","url":"https:\/\/lasentinelle.dz\/","name":"La Sentinelle","description":"Quotidien national d&#039;information","publisher":{"@id":"https:\/\/lasentinelle.dz\/#organization"},"potentialAction":[{"@type":"SearchAction","target":{"@type":"EntryPoint","urlTemplate":"https:\/\/lasentinelle.dz\/?s={search_term_string}"},"query-input":{"@type":"PropertyValueSpecification","valueRequired":true,"valueName":"search_term_string"}}],"inLanguage":"fr-FR"},{"@type":"Organization","@id":"https:\/\/lasentinelle.dz\/#organization","name":"Quotidien La Sentinelle","url":"https:\/\/lasentinelle.dz\/","logo":{"@type":"ImageObject","inLanguage":"fr-FR","@id":"https:\/\/lasentinelle.dz\/#\/schema\/logo\/image\/","url":"https:\/\/lasentinelle.dz\/wp-content\/uploads\/2021\/09\/logo-sentinelleSLOGAN-1.png","contentUrl":"https:\/\/lasentinelle.dz\/wp-content\/uploads\/2021\/09\/logo-sentinelleSLOGAN-1.png","width":615,"height":142,"caption":"Quotidien La Sentinelle"},"image":{"@id":"https:\/\/lasentinelle.dz\/#\/schema\/logo\/image\/"},"sameAs":["https:\/\/www.facebook.com\/La-Sentinelle-104059864394773"]},{"@type":"Person","@id":"https:\/\/lasentinelle.dz\/#\/schema\/person\/729ee0024f24e0b8c5ec17232f8e8b41","name":"admin","image":{"@type":"ImageObject","inLanguage":"fr-FR","@id":"https:\/\/secure.gravatar.com\/avatar\/4c81fed838786e9b53f540bf46533e750f5d292099ae3b66cfc6fb1982e29df7?s=96&d=mm&r=g","url":"https:\/\/secure.gravatar.com\/avatar\/4c81fed838786e9b53f540bf46533e750f5d292099ae3b66cfc6fb1982e29df7?s=96&d=mm&r=g","contentUrl":"https:\/\/secure.gravatar.com\/avatar\/4c81fed838786e9b53f540bf46533e750f5d292099ae3b66cfc6fb1982e29df7?s=96&d=mm&r=g","caption":"admin"},"description":"admin","url":"https:\/\/lasentinelle.dz\/author\/admin\/"}]}},"_links":{"self":[{"href":"https:\/\/lasentinelle.dz\/index.php\/wp-json\/wp\/v2\/posts\/63636","targetHints":{"allow":["GET"]}}],"collection":[{"href":"https:\/\/lasentinelle.dz\/index.php\/wp-json\/wp\/v2\/posts"}],"about":[{"href":"https:\/\/lasentinelle.dz\/index.php\/wp-json\/wp\/v2\/types\/post"}],"author":[{"embeddable":true,"href":"https:\/\/lasentinelle.dz\/index.php\/wp-json\/wp\/v2\/users\/6"}],"replies":[{"embeddable":true,"href":"https:\/\/lasentinelle.dz\/index.php\/wp-json\/wp\/v2\/comments?post=63636"}],"version-history":[{"count":2,"href":"https:\/\/lasentinelle.dz\/index.php\/wp-json\/wp\/v2\/posts\/63636\/revisions"}],"predecessor-version":[{"id":63638,"href":"https:\/\/lasentinelle.dz\/index.php\/wp-json\/wp\/v2\/posts\/63636\/revisions\/63638"}],"wp:featuredmedia":[{"embeddable":true,"href":"https:\/\/lasentinelle.dz\/index.php\/wp-json\/wp\/v2\/media\/3540"}],"wp:attachment":[{"href":"https:\/\/lasentinelle.dz\/index.php\/wp-json\/wp\/v2\/media?parent=63636"}],"wp:term":[{"taxonomy":"category","embeddable":true,"href":"https:\/\/lasentinelle.dz\/index.php\/wp-json\/wp\/v2\/categories?post=63636"},{"taxonomy":"post_tag","embeddable":true,"href":"https:\/\/lasentinelle.dz\/index.php\/wp-json\/wp\/v2\/tags?post=63636"}],"curies":[{"name":"wp","href":"https:\/\/api.w.org\/{rel}","templated":true}]}}