{"id":63639,"date":"2025-02-27T11:05:00","date_gmt":"2025-02-27T10:05:00","guid":{"rendered":"https:\/\/lasentinelle.dz\/?p=63639"},"modified":"2025-03-01T11:05:37","modified_gmt":"2025-03-01T10:05:37","slug":"ligue-1-mobilis-18e-journee-laso-aux-portes-du-podium-lesm-sort-la-tete-de-leau","status":"publish","type":"post","link":"https:\/\/lasentinelle.dz\/index.php\/2025\/02\/27\/ligue-1-mobilis-18e-journee-laso-aux-portes-du-podium-lesm-sort-la-tete-de-leau\/","title":{"rendered":"Ligue 1 Mobilis (18e journ\u00e9e) : L&rsquo;ASO aux portes du podium, l&rsquo;ESM sort la t\u00eate de l&rsquo;eau"},"content":{"rendered":"\n<p>La 18e journ\u00e9e du championnat de Ligue 1 Mobilis, qui a d\u00e9but\u00e9 mardi et se poursuivra jusqu&rsquo;\u00e0 vendredi, a d\u00e9j\u00e0 livr\u00e9 ses premiers enseignements avec notamment la belle op\u00e9ration r\u00e9alis\u00e9e par l&rsquo;ASO Chlef.<\/p>\n\n\n\n<p>Les Ch\u00e9lifiens ont en effet arrach\u00e9 une pr\u00e9cieuse victoire dans le temps additionnel face au MC Oran (1-0) dans un derby de l&rsquo;Ouest particuli\u00e8rement disput\u00e9. Cette victoire propulse les hommes de l&rsquo;entra\u00eeneur au pied du podium, \u00e0 seulement deux points de la troisi\u00e8me place. La rencontre semblait se diriger vers un match nul lorsque l&rsquo;arbitre a accord\u00e9 un penalty \u00e0 l&rsquo;ASO dans les ultimes secondes de jeu. C&rsquo;est l&rsquo;attaquant togolais Agbagno qui s&rsquo;est charg\u00e9 de transformer cette opportunit\u00e9 \u00e0 la 94e minute, inscrivant ainsi son huiti\u00e8me but de la saison. Cette r\u00e9alisation lui permet de consolider sa deuxi\u00e8me position au classement des buteurs, derri\u00e8re l&rsquo;incontournable Adil Boulbina du Paradou AC, auteur d\u00e9j\u00e0 de 12 r\u00e9alisations. Ce succ\u00e8s, acquis certes dans la douleur, confirme la force de caract\u00e8re de l&rsquo;ASO Chlef en cette saison 2024-2025. L&rsquo;\u00e9quipe s&rsquo;est en effet sp\u00e9cialis\u00e9e dans les buts tardifs, souvent marqu\u00e9s dans le temps additionnel, d\u00e9montrant une r\u00e9silience mentale remarquable. Plus impressionnant encore, les Ch\u00e9lifiens portent \u00e0 sept leur s\u00e9rie de matchs sans d\u00e9faite en championnat, une constance qui explique leur remont\u00e9e au classement g\u00e9n\u00e9ral. En revanche, c&rsquo;est la douche froide pour le MC Oran qui, apr\u00e8s avoir renou\u00e9 avec le succ\u00e8s lors de la pr\u00e9c\u00e9dente journ\u00e9e contre l&rsquo;ES Mostaganem (1-0), retombe dans ses travers. Les Hamraoua restent ainsi bloqu\u00e9s \u00e0 la 10e place avec 21 points, \u00e0 \u00e9galit\u00e9 avec le MC El-Bayadh, leur prochain adversaire. Dans l&rsquo;autre match de cette journ\u00e9e inaugurale, l&rsquo;ES Mostaganem a offert une bouff\u00e9e d&rsquo;oxyg\u00e8ne \u00e0 ses supporters en disposant de l&rsquo;USM Khenchela sur le score de 2-0, au stade Mohamed Ben Sa\u00efd. Une rencontre disput\u00e9e \u00e0 huis clos, mais qui a vu les locaux prendre rapidement les commandes gr\u00e2ce \u00e0 une t\u00eate puissante d&rsquo;Aoudjane \u00e0 la 21e minute, avant que Siam ne double la mise \u00e0 la 34e minute. Les visiteurs auraient pu r\u00e9duire l&rsquo;\u00e9cart dans les arr\u00eats de jeu, mais le capitaine Sameur a manqu\u00e9 un penalty \u00e0 la 96e minute, symbolisant la mauvaise passe travers\u00e9e par son \u00e9quipe. Cette victoire est particuli\u00e8rement significative pour les Mostagan\u00e9mois qui n&rsquo;avaient plus connu le go\u00fbt du succ\u00e8s depuis plus de trois mois. Leur derni\u00e8re victoire remontait au 3 novembre 2024, lors de la 7e journ\u00e9e face \u00e0 l&rsquo;Olympique Akbou (2-1). Les hommes de Nadir Leknaoui quittent ainsi provisoirement la zone rouge en se hissant \u00e0 la 14e place avec 17 points. L&rsquo;USMK, quant \u00e0 elle, poursuit sa descente aux enfers en conc\u00e9dant un cinqui\u00e8me revers cons\u00e9cutif toutes comp\u00e9titions confondues. Actuellement 12e avec 20 points, l&rsquo;\u00e9quipe de Khenchela ne compte plus que quatre points d&rsquo;avance sur le premier rel\u00e9gable, le NC Magra, qui dispose d&rsquo;un match en moins. Une situation pr\u00e9occupante pour une formation qui avait pourtant bien entam\u00e9 la saison. La 18e journ\u00e9e se poursuivra avec plusieurs affiches int\u00e9ressantes, dont le d\u00e9placement de l&rsquo;USM Alger, co-dauphin du championnat avec le CR Belouizdad (29 points), sur le terrain du MC El-Bayadh. Un match qui s&rsquo;annonce compliqu\u00e9 pour les Rouge et Noir, d&rsquo;autant que l&rsquo;entra\u00eeneur devra composer avec plusieurs absences notables. En effet, le lat\u00e9ral gauche Nabil Lamara est le dernier joueur en date \u00e0 d\u00e9clarer forfait, touch\u00e9 par un syndrome grippal selon un communiqu\u00e9 publi\u00e9 mercredi par le club de la capitale. Il rejoint ainsi le d\u00e9fenseur Adem Alilet, bless\u00e9 \u00e0 la cuisse, et l&rsquo;attaquant Mehdi Merghem, \u00e9galement victime d&rsquo;une grippe. Ces absences pourraient peser lourd dans ce d\u00e9placement p\u00e9rilleux pr\u00e9vu jeudi \u00e0 15h30 dans un stade qui sera priv\u00e9 de public en raison d&rsquo;une sanction disciplinaire inflig\u00e9e au club h\u00f4te. Concernant l&rsquo;\u00e9tat de sant\u00e9 d&rsquo;Alilet, le staff m\u00e9dical usmiste se veut rassurant puisque le joueur \u00ab\u00a0a \u00e9t\u00e9 astreint \u00e0 un programme de pr\u00e9paration sp\u00e9cifique au cours des derniers jours\u00a0\u00bb et que \u00ab\u00a0si sa r\u00e9habilitation se passe bien, il devrait pouvoir r\u00e9int\u00e9grer le groupe \u00e0 partir de la semaine prochaine\u00a0\u00bb. Pour Merghem en revanche, la situation semble plus pr\u00e9occupante puisqu&rsquo;il a \u00e9t\u00e9 \u00ab\u00a0carr\u00e9ment dispens\u00e9 d&rsquo;entra\u00eenement au cours des derniers jours\u00a0\u00bb, ses sympt\u00f4mes grippaux ayant \u00ab\u00a0r\u00e9percut\u00e9 n\u00e9gativement sur son \u00e9tat de forme\u00a0\u00bb. Avec 29 points au compteur, les Usmistes partagent la deuxi\u00e8me place avec le CR Belouizdad. Les deux formations restent \u00e0 l&rsquo;aff\u00fbt du moindre faux pas du leader, tandis que le MC El-Bayadh, 10e avec 21 unit\u00e9s, cherchera \u00e0 s&rsquo;\u00e9loigner d\u00e9finitivement de la zone de turbulence. Les autres rencontres de cette 18e journ\u00e9e s&rsquo;annoncent tout aussi cruciales tant pour le haut que pour le bas du tableau, dans un championnat o\u00f9 les positions restent tr\u00e8s serr\u00e9es et o\u00f9 chaque point gagn\u00e9 peut s&rsquo;av\u00e9rer d\u00e9terminant dans la course au titre comme dans la lutte pour le maintien.<\/p>\n\n\n\n<p>Moncef D.<\/p>\n","protected":false},"excerpt":{"rendered":"<p>La 18e journ\u00e9e du championnat de Ligue 1 Mobilis, qui a d\u00e9but\u00e9 mardi et se poursuivra jusqu&rsquo;\u00e0 vendredi, a d\u00e9j\u00e0<\/p>\n","protected":false},"author":6,"featured_media":63640,"comment_status":"open","ping_status":"closed","sticky":false,"template":"","format":"standard","meta":{"colormag_page_container_layout":"default_layout","colormag_page_sidebar_layout":"default_layout","om_disable_all_campaigns":false,"_monsterinsights_skip_tracking":false,"_monsterinsights_sitenote_active":false,"_monsterinsights_sitenote_note":"","_monsterinsights_sitenote_category":0,"footnotes":"","_wpscppro_dont_share_socialmedia":false,"_wpscppro_custom_social_share_image":0,"_facebook_share_type":"default","_twitter_share_type":"default","_linkedin_share_type":"default","_pinterest_share_type":"default","_linkedin_share_type_page":"","_instagram_share_type":"default","_medium_share_type":"default","_threads_share_type":"","_google_business_share_type":"","_selected_social_profile":[],"_wpsp_enable_custom_social_template":false,"_wpsp_social_scheduling":{"enabled":false,"datetime":null,"platforms":[],"status":"template_only","dateOption":"today","timeOption":"now","customDays":"","customHours":"","customDate":"","customTime":"","schedulingType":"absolute"},"_wpsp_active_default_template":true},"categories":[33],"tags":[],"class_list":["post-63639","post","type-post","status-publish","format-standard","has-post-thumbnail","hentry","category-sports"],"aioseo_notices":[],"yoast_head":"<!-- This site is optimized with the Yoast SEO plugin v27.5 - https:\/\/yoast.com\/product\/yoast-seo-wordpress\/ -->\n<title>Ligue 1 Mobilis (18e journ\u00e9e) : L&rsquo;ASO aux portes du podium, l&rsquo;ESM sort la t\u00eate de l&rsquo;eau - La Sentinelle<\/title>\n<meta name=\"robots\" content=\"index, follow, max-snippet:-1, max-image-preview:large, max-video-preview:-1\" \/>\n<link rel=\"canonical\" href=\"https:\/\/lasentinelle.dz\/index.php\/2025\/02\/27\/ligue-1-mobilis-18e-journee-laso-aux-portes-du-podium-lesm-sort-la-tete-de-leau\/\" \/>\n<meta property=\"og:locale\" content=\"fr_FR\" \/>\n<meta property=\"og:type\" content=\"article\" \/>\n<meta property=\"og:title\" content=\"Ligue 1 Mobilis (18e journ\u00e9e) : L&rsquo;ASO aux portes du podium, l&rsquo;ESM sort la t\u00eate de l&rsquo;eau - La Sentinelle\" \/>\n<meta property=\"og:description\" content=\"La 18e journ\u00e9e du championnat de Ligue 1 Mobilis, qui a d\u00e9but\u00e9 mardi et se poursuivra jusqu&rsquo;\u00e0 vendredi, a d\u00e9j\u00e0\" \/>\n<meta property=\"og:url\" content=\"https:\/\/lasentinelle.dz\/index.php\/2025\/02\/27\/ligue-1-mobilis-18e-journee-laso-aux-portes-du-podium-lesm-sort-la-tete-de-leau\/\" \/>\n<meta property=\"og:site_name\" content=\"La Sentinelle\" \/>\n<meta property=\"article:publisher\" content=\"https:\/\/www.facebook.com\/La-Sentinelle-104059864394773\" \/>\n<meta property=\"article:published_time\" content=\"2025-02-27T10:05:00+00:00\" \/>\n<meta property=\"article:modified_time\" content=\"2025-03-01T10:05:37+00:00\" \/>\n<meta property=\"og:image\" content=\"https:\/\/lasentinelle.dz\/wp-content\/uploads\/2025\/03\/Aso-chlef.jpeg\" \/>\n\t<meta property=\"og:image:width\" content=\"1265\" \/>\n\t<meta property=\"og:image:height\" content=\"1280\" \/>\n\t<meta property=\"og:image:type\" content=\"image\/jpeg\" \/>\n<meta name=\"author\" content=\"admin\" \/>\n<meta name=\"twitter:card\" content=\"summary_large_image\" \/>\n<meta name=\"twitter:label1\" content=\"\u00c9crit par\" \/>\n\t<meta name=\"twitter:data1\" content=\"admin\" \/>\n\t<meta name=\"twitter:label2\" content=\"Dur\u00e9e de lecture estim\u00e9e\" \/>\n\t<meta name=\"twitter:data2\" content=\"5 minutes\" \/>\n<script type=\"application\/ld+json\" class=\"yoast-schema-graph\">{\"@context\":\"https:\\\/\\\/schema.org\",\"@graph\":[{\"@type\":\"Article\",\"@id\":\"https:\\\/\\\/lasentinelle.dz\\\/index.php\\\/2025\\\/02\\\/27\\\/ligue-1-mobilis-18e-journee-laso-aux-portes-du-podium-lesm-sort-la-tete-de-leau\\\/#article\",\"isPartOf\":{\"@id\":\"https:\\\/\\\/lasentinelle.dz\\\/index.php\\\/2025\\\/02\\\/27\\\/ligue-1-mobilis-18e-journee-laso-aux-portes-du-podium-lesm-sort-la-tete-de-leau\\\/\"},\"author\":{\"name\":\"admin\",\"@id\":\"https:\\\/\\\/lasentinelle.dz\\\/#\\\/schema\\\/person\\\/729ee0024f24e0b8c5ec17232f8e8b41\"},\"headline\":\"Ligue 1 Mobilis (18e journ\u00e9e) : L&rsquo;ASO aux portes du podium, l&rsquo;ESM sort la t\u00eate de l&rsquo;eau\",\"datePublished\":\"2025-02-27T10:05:00+00:00\",\"dateModified\":\"2025-03-01T10:05:37+00:00\",\"mainEntityOfPage\":{\"@id\":\"https:\\\/\\\/lasentinelle.dz\\\/index.php\\\/2025\\\/02\\\/27\\\/ligue-1-mobilis-18e-journee-laso-aux-portes-du-podium-lesm-sort-la-tete-de-leau\\\/\"},\"wordCount\":912,\"commentCount\":0,\"publisher\":{\"@id\":\"https:\\\/\\\/lasentinelle.dz\\\/#organization\"},\"image\":{\"@id\":\"https:\\\/\\\/lasentinelle.dz\\\/index.php\\\/2025\\\/02\\\/27\\\/ligue-1-mobilis-18e-journee-laso-aux-portes-du-podium-lesm-sort-la-tete-de-leau\\\/#primaryimage\"},\"thumbnailUrl\":\"https:\\\/\\\/lasentinelle.dz\\\/wp-content\\\/uploads\\\/2025\\\/03\\\/Aso-chlef.jpeg\",\"articleSection\":[\"Sports\"],\"inLanguage\":\"fr-FR\",\"potentialAction\":[{\"@type\":\"CommentAction\",\"name\":\"Comment\",\"target\":[\"https:\\\/\\\/lasentinelle.dz\\\/index.php\\\/2025\\\/02\\\/27\\\/ligue-1-mobilis-18e-journee-laso-aux-portes-du-podium-lesm-sort-la-tete-de-leau\\\/#respond\"]}]},{\"@type\":\"WebPage\",\"@id\":\"https:\\\/\\\/lasentinelle.dz\\\/index.php\\\/2025\\\/02\\\/27\\\/ligue-1-mobilis-18e-journee-laso-aux-portes-du-podium-lesm-sort-la-tete-de-leau\\\/\",\"url\":\"https:\\\/\\\/lasentinelle.dz\\\/index.php\\\/2025\\\/02\\\/27\\\/ligue-1-mobilis-18e-journee-laso-aux-portes-du-podium-lesm-sort-la-tete-de-leau\\\/\",\"name\":\"Ligue 1 Mobilis (18e journ\u00e9e) : L&rsquo;ASO aux portes du podium, l&rsquo;ESM sort la t\u00eate de l&rsquo;eau - La Sentinelle\",\"isPartOf\":{\"@id\":\"https:\\\/\\\/lasentinelle.dz\\\/#website\"},\"primaryImageOfPage\":{\"@id\":\"https:\\\/\\\/lasentinelle.dz\\\/index.php\\\/2025\\\/02\\\/27\\\/ligue-1-mobilis-18e-journee-laso-aux-portes-du-podium-lesm-sort-la-tete-de-leau\\\/#primaryimage\"},\"image\":{\"@id\":\"https:\\\/\\\/lasentinelle.dz\\\/index.php\\\/2025\\\/02\\\/27\\\/ligue-1-mobilis-18e-journee-laso-aux-portes-du-podium-lesm-sort-la-tete-de-leau\\\/#primaryimage\"},\"thumbnailUrl\":\"https:\\\/\\\/lasentinelle.dz\\\/wp-content\\\/uploads\\\/2025\\\/03\\\/Aso-chlef.jpeg\",\"datePublished\":\"2025-02-27T10:05:00+00:00\",\"dateModified\":\"2025-03-01T10:05:37+00:00\",\"breadcrumb\":{\"@id\":\"https:\\\/\\\/lasentinelle.dz\\\/index.php\\\/2025\\\/02\\\/27\\\/ligue-1-mobilis-18e-journee-laso-aux-portes-du-podium-lesm-sort-la-tete-de-leau\\\/#breadcrumb\"},\"inLanguage\":\"fr-FR\",\"potentialAction\":[{\"@type\":\"ReadAction\",\"target\":[\"https:\\\/\\\/lasentinelle.dz\\\/index.php\\\/2025\\\/02\\\/27\\\/ligue-1-mobilis-18e-journee-laso-aux-portes-du-podium-lesm-sort-la-tete-de-leau\\\/\"]}]},{\"@type\":\"ImageObject\",\"inLanguage\":\"fr-FR\",\"@id\":\"https:\\\/\\\/lasentinelle.dz\\\/index.php\\\/2025\\\/02\\\/27\\\/ligue-1-mobilis-18e-journee-laso-aux-portes-du-podium-lesm-sort-la-tete-de-leau\\\/#primaryimage\",\"url\":\"https:\\\/\\\/lasentinelle.dz\\\/wp-content\\\/uploads\\\/2025\\\/03\\\/Aso-chlef.jpeg\",\"contentUrl\":\"https:\\\/\\\/lasentinelle.dz\\\/wp-content\\\/uploads\\\/2025\\\/03\\\/Aso-chlef.jpeg\",\"width\":1265,\"height\":1280},{\"@type\":\"BreadcrumbList\",\"@id\":\"https:\\\/\\\/lasentinelle.dz\\\/index.php\\\/2025\\\/02\\\/27\\\/ligue-1-mobilis-18e-journee-laso-aux-portes-du-podium-lesm-sort-la-tete-de-leau\\\/#breadcrumb\",\"itemListElement\":[{\"@type\":\"ListItem\",\"position\":1,\"name\":\"Accueil\",\"item\":\"https:\\\/\\\/lasentinelle.dz\\\/\"},{\"@type\":\"ListItem\",\"position\":2,\"name\":\"Ligue 1 Mobilis (18e journ\u00e9e) : L&rsquo;ASO aux portes du podium, l&rsquo;ESM sort la t\u00eate de l&rsquo;eau\"}]},{\"@type\":\"WebSite\",\"@id\":\"https:\\\/\\\/lasentinelle.dz\\\/#website\",\"url\":\"https:\\\/\\\/lasentinelle.dz\\\/\",\"name\":\"La Sentinelle\",\"description\":\"Quotidien national d&#039;information\",\"publisher\":{\"@id\":\"https:\\\/\\\/lasentinelle.dz\\\/#organization\"},\"potentialAction\":[{\"@type\":\"SearchAction\",\"target\":{\"@type\":\"EntryPoint\",\"urlTemplate\":\"https:\\\/\\\/lasentinelle.dz\\\/?s={search_term_string}\"},\"query-input\":{\"@type\":\"PropertyValueSpecification\",\"valueRequired\":true,\"valueName\":\"search_term_string\"}}],\"inLanguage\":\"fr-FR\"},{\"@type\":\"Organization\",\"@id\":\"https:\\\/\\\/lasentinelle.dz\\\/#organization\",\"name\":\"Quotidien La Sentinelle\",\"url\":\"https:\\\/\\\/lasentinelle.dz\\\/\",\"logo\":{\"@type\":\"ImageObject\",\"inLanguage\":\"fr-FR\",\"@id\":\"https:\\\/\\\/lasentinelle.dz\\\/#\\\/schema\\\/logo\\\/image\\\/\",\"url\":\"https:\\\/\\\/lasentinelle.dz\\\/wp-content\\\/uploads\\\/2021\\\/09\\\/logo-sentinelleSLOGAN-1.png\",\"contentUrl\":\"https:\\\/\\\/lasentinelle.dz\\\/wp-content\\\/uploads\\\/2021\\\/09\\\/logo-sentinelleSLOGAN-1.png\",\"width\":615,\"height\":142,\"caption\":\"Quotidien La Sentinelle\"},\"image\":{\"@id\":\"https:\\\/\\\/lasentinelle.dz\\\/#\\\/schema\\\/logo\\\/image\\\/\"},\"sameAs\":[\"https:\\\/\\\/www.facebook.com\\\/La-Sentinelle-104059864394773\"]},{\"@type\":\"Person\",\"@id\":\"https:\\\/\\\/lasentinelle.dz\\\/#\\\/schema\\\/person\\\/729ee0024f24e0b8c5ec17232f8e8b41\",\"name\":\"admin\",\"image\":{\"@type\":\"ImageObject\",\"inLanguage\":\"fr-FR\",\"@id\":\"https:\\\/\\\/secure.gravatar.com\\\/avatar\\\/4c81fed838786e9b53f540bf46533e750f5d292099ae3b66cfc6fb1982e29df7?s=96&d=mm&r=g\",\"url\":\"https:\\\/\\\/secure.gravatar.com\\\/avatar\\\/4c81fed838786e9b53f540bf46533e750f5d292099ae3b66cfc6fb1982e29df7?s=96&d=mm&r=g\",\"contentUrl\":\"https:\\\/\\\/secure.gravatar.com\\\/avatar\\\/4c81fed838786e9b53f540bf46533e750f5d292099ae3b66cfc6fb1982e29df7?s=96&d=mm&r=g\",\"caption\":\"admin\"},\"description\":\"admin\",\"url\":\"https:\\\/\\\/lasentinelle.dz\\\/author\\\/admin\\\/\"}]}<\/script>\n<!-- \/ Yoast SEO plugin. -->","yoast_head_json":{"title":"Ligue 1 Mobilis (18e journ\u00e9e) : L&rsquo;ASO aux portes du podium, l&rsquo;ESM sort la t\u00eate de l&rsquo;eau - La Sentinelle","robots":{"index":"index","follow":"follow","max-snippet":"max-snippet:-1","max-image-preview":"max-image-preview:large","max-video-preview":"max-video-preview:-1"},"canonical":"https:\/\/lasentinelle.dz\/index.php\/2025\/02\/27\/ligue-1-mobilis-18e-journee-laso-aux-portes-du-podium-lesm-sort-la-tete-de-leau\/","og_locale":"fr_FR","og_type":"article","og_title":"Ligue 1 Mobilis (18e journ\u00e9e) : L&rsquo;ASO aux portes du podium, l&rsquo;ESM sort la t\u00eate de l&rsquo;eau - La Sentinelle","og_description":"La 18e journ\u00e9e du championnat de Ligue 1 Mobilis, qui a d\u00e9but\u00e9 mardi et se poursuivra jusqu&rsquo;\u00e0 vendredi, a d\u00e9j\u00e0","og_url":"https:\/\/lasentinelle.dz\/index.php\/2025\/02\/27\/ligue-1-mobilis-18e-journee-laso-aux-portes-du-podium-lesm-sort-la-tete-de-leau\/","og_site_name":"La Sentinelle","article_publisher":"https:\/\/www.facebook.com\/La-Sentinelle-104059864394773","article_published_time":"2025-02-27T10:05:00+00:00","article_modified_time":"2025-03-01T10:05:37+00:00","og_image":[{"width":1265,"height":1280,"url":"https:\/\/lasentinelle.dz\/wp-content\/uploads\/2025\/03\/Aso-chlef.jpeg","type":"image\/jpeg"}],"author":"admin","twitter_card":"summary_large_image","twitter_misc":{"\u00c9crit par":"admin","Dur\u00e9e de lecture estim\u00e9e":"5 minutes"},"schema":{"@context":"https:\/\/schema.org","@graph":[{"@type":"Article","@id":"https:\/\/lasentinelle.dz\/index.php\/2025\/02\/27\/ligue-1-mobilis-18e-journee-laso-aux-portes-du-podium-lesm-sort-la-tete-de-leau\/#article","isPartOf":{"@id":"https:\/\/lasentinelle.dz\/index.php\/2025\/02\/27\/ligue-1-mobilis-18e-journee-laso-aux-portes-du-podium-lesm-sort-la-tete-de-leau\/"},"author":{"name":"admin","@id":"https:\/\/lasentinelle.dz\/#\/schema\/person\/729ee0024f24e0b8c5ec17232f8e8b41"},"headline":"Ligue 1 Mobilis (18e journ\u00e9e) : L&rsquo;ASO aux portes du podium, l&rsquo;ESM sort la t\u00eate de l&rsquo;eau","datePublished":"2025-02-27T10:05:00+00:00","dateModified":"2025-03-01T10:05:37+00:00","mainEntityOfPage":{"@id":"https:\/\/lasentinelle.dz\/index.php\/2025\/02\/27\/ligue-1-mobilis-18e-journee-laso-aux-portes-du-podium-lesm-sort-la-tete-de-leau\/"},"wordCount":912,"commentCount":0,"publisher":{"@id":"https:\/\/lasentinelle.dz\/#organization"},"image":{"@id":"https:\/\/lasentinelle.dz\/index.php\/2025\/02\/27\/ligue-1-mobilis-18e-journee-laso-aux-portes-du-podium-lesm-sort-la-tete-de-leau\/#primaryimage"},"thumbnailUrl":"https:\/\/lasentinelle.dz\/wp-content\/uploads\/2025\/03\/Aso-chlef.jpeg","articleSection":["Sports"],"inLanguage":"fr-FR","potentialAction":[{"@type":"CommentAction","name":"Comment","target":["https:\/\/lasentinelle.dz\/index.php\/2025\/02\/27\/ligue-1-mobilis-18e-journee-laso-aux-portes-du-podium-lesm-sort-la-tete-de-leau\/#respond"]}]},{"@type":"WebPage","@id":"https:\/\/lasentinelle.dz\/index.php\/2025\/02\/27\/ligue-1-mobilis-18e-journee-laso-aux-portes-du-podium-lesm-sort-la-tete-de-leau\/","url":"https:\/\/lasentinelle.dz\/index.php\/2025\/02\/27\/ligue-1-mobilis-18e-journee-laso-aux-portes-du-podium-lesm-sort-la-tete-de-leau\/","name":"Ligue 1 Mobilis (18e journ\u00e9e) : L&rsquo;ASO aux portes du podium, l&rsquo;ESM sort la t\u00eate de l&rsquo;eau - La Sentinelle","isPartOf":{"@id":"https:\/\/lasentinelle.dz\/#website"},"primaryImageOfPage":{"@id":"https:\/\/lasentinelle.dz\/index.php\/2025\/02\/27\/ligue-1-mobilis-18e-journee-laso-aux-portes-du-podium-lesm-sort-la-tete-de-leau\/#primaryimage"},"image":{"@id":"https:\/\/lasentinelle.dz\/index.php\/2025\/02\/27\/ligue-1-mobilis-18e-journee-laso-aux-portes-du-podium-lesm-sort-la-tete-de-leau\/#primaryimage"},"thumbnailUrl":"https:\/\/lasentinelle.dz\/wp-content\/uploads\/2025\/03\/Aso-chlef.jpeg","datePublished":"2025-02-27T10:05:00+00:00","dateModified":"2025-03-01T10:05:37+00:00","breadcrumb":{"@id":"https:\/\/lasentinelle.dz\/index.php\/2025\/02\/27\/ligue-1-mobilis-18e-journee-laso-aux-portes-du-podium-lesm-sort-la-tete-de-leau\/#breadcrumb"},"inLanguage":"fr-FR","potentialAction":[{"@type":"ReadAction","target":["https:\/\/lasentinelle.dz\/index.php\/2025\/02\/27\/ligue-1-mobilis-18e-journee-laso-aux-portes-du-podium-lesm-sort-la-tete-de-leau\/"]}]},{"@type":"ImageObject","inLanguage":"fr-FR","@id":"https:\/\/lasentinelle.dz\/index.php\/2025\/02\/27\/ligue-1-mobilis-18e-journee-laso-aux-portes-du-podium-lesm-sort-la-tete-de-leau\/#primaryimage","url":"https:\/\/lasentinelle.dz\/wp-content\/uploads\/2025\/03\/Aso-chlef.jpeg","contentUrl":"https:\/\/lasentinelle.dz\/wp-content\/uploads\/2025\/03\/Aso-chlef.jpeg","width":1265,"height":1280},{"@type":"BreadcrumbList","@id":"https:\/\/lasentinelle.dz\/index.php\/2025\/02\/27\/ligue-1-mobilis-18e-journee-laso-aux-portes-du-podium-lesm-sort-la-tete-de-leau\/#breadcrumb","itemListElement":[{"@type":"ListItem","position":1,"name":"Accueil","item":"https:\/\/lasentinelle.dz\/"},{"@type":"ListItem","position":2,"name":"Ligue 1 Mobilis (18e journ\u00e9e) : L&rsquo;ASO aux portes du podium, l&rsquo;ESM sort la t\u00eate de l&rsquo;eau"}]},{"@type":"WebSite","@id":"https:\/\/lasentinelle.dz\/#website","url":"https:\/\/lasentinelle.dz\/","name":"La Sentinelle","description":"Quotidien national d&#039;information","publisher":{"@id":"https:\/\/lasentinelle.dz\/#organization"},"potentialAction":[{"@type":"SearchAction","target":{"@type":"EntryPoint","urlTemplate":"https:\/\/lasentinelle.dz\/?s={search_term_string}"},"query-input":{"@type":"PropertyValueSpecification","valueRequired":true,"valueName":"search_term_string"}}],"inLanguage":"fr-FR"},{"@type":"Organization","@id":"https:\/\/lasentinelle.dz\/#organization","name":"Quotidien La Sentinelle","url":"https:\/\/lasentinelle.dz\/","logo":{"@type":"ImageObject","inLanguage":"fr-FR","@id":"https:\/\/lasentinelle.dz\/#\/schema\/logo\/image\/","url":"https:\/\/lasentinelle.dz\/wp-content\/uploads\/2021\/09\/logo-sentinelleSLOGAN-1.png","contentUrl":"https:\/\/lasentinelle.dz\/wp-content\/uploads\/2021\/09\/logo-sentinelleSLOGAN-1.png","width":615,"height":142,"caption":"Quotidien La Sentinelle"},"image":{"@id":"https:\/\/lasentinelle.dz\/#\/schema\/logo\/image\/"},"sameAs":["https:\/\/www.facebook.com\/La-Sentinelle-104059864394773"]},{"@type":"Person","@id":"https:\/\/lasentinelle.dz\/#\/schema\/person\/729ee0024f24e0b8c5ec17232f8e8b41","name":"admin","image":{"@type":"ImageObject","inLanguage":"fr-FR","@id":"https:\/\/secure.gravatar.com\/avatar\/4c81fed838786e9b53f540bf46533e750f5d292099ae3b66cfc6fb1982e29df7?s=96&d=mm&r=g","url":"https:\/\/secure.gravatar.com\/avatar\/4c81fed838786e9b53f540bf46533e750f5d292099ae3b66cfc6fb1982e29df7?s=96&d=mm&r=g","contentUrl":"https:\/\/secure.gravatar.com\/avatar\/4c81fed838786e9b53f540bf46533e750f5d292099ae3b66cfc6fb1982e29df7?s=96&d=mm&r=g","caption":"admin"},"description":"admin","url":"https:\/\/lasentinelle.dz\/author\/admin\/"}]}},"_links":{"self":[{"href":"https:\/\/lasentinelle.dz\/index.php\/wp-json\/wp\/v2\/posts\/63639","targetHints":{"allow":["GET"]}}],"collection":[{"href":"https:\/\/lasentinelle.dz\/index.php\/wp-json\/wp\/v2\/posts"}],"about":[{"href":"https:\/\/lasentinelle.dz\/index.php\/wp-json\/wp\/v2\/types\/post"}],"author":[{"embeddable":true,"href":"https:\/\/lasentinelle.dz\/index.php\/wp-json\/wp\/v2\/users\/6"}],"replies":[{"embeddable":true,"href":"https:\/\/lasentinelle.dz\/index.php\/wp-json\/wp\/v2\/comments?post=63639"}],"version-history":[{"count":2,"href":"https:\/\/lasentinelle.dz\/index.php\/wp-json\/wp\/v2\/posts\/63639\/revisions"}],"predecessor-version":[{"id":63642,"href":"https:\/\/lasentinelle.dz\/index.php\/wp-json\/wp\/v2\/posts\/63639\/revisions\/63642"}],"wp:featuredmedia":[{"embeddable":true,"href":"https:\/\/lasentinelle.dz\/index.php\/wp-json\/wp\/v2\/media\/63640"}],"wp:attachment":[{"href":"https:\/\/lasentinelle.dz\/index.php\/wp-json\/wp\/v2\/media?parent=63639"}],"wp:term":[{"taxonomy":"category","embeddable":true,"href":"https:\/\/lasentinelle.dz\/index.php\/wp-json\/wp\/v2\/categories?post=63639"},{"taxonomy":"post_tag","embeddable":true,"href":"https:\/\/lasentinelle.dz\/index.php\/wp-json\/wp\/v2\/tags?post=63639"}],"curies":[{"name":"wp","href":"https:\/\/api.w.org\/{rel}","templated":true}]}}