{"id":63649,"date":"2025-02-27T11:08:00","date_gmt":"2025-02-27T10:08:00","guid":{"rendered":"https:\/\/lasentinelle.dz\/?p=63649"},"modified":"2025-03-01T11:09:25","modified_gmt":"2025-03-01T10:09:25","slug":"khenchela-accord-de-partenariat-entre-lensf-et-linstitut-de-tabarka","status":"publish","type":"post","link":"https:\/\/lasentinelle.dz\/index.php\/2025\/02\/27\/khenchela-accord-de-partenariat-entre-lensf-et-linstitut-de-tabarka\/","title":{"rendered":"Khenchela : Accord de partenariat entre l\u2019ENSF et l\u2019institut de Tabarka"},"content":{"rendered":"\n<p>L\u2019innovation et l\u2019excellence des \u00e9tudiants de l\u2019\u00c9cole nationale sup\u00e9rieure des for\u00eats r\u00e9compens\u00e9s au Kowe\u00eft, leur permet de pr\u00e9tendre \u00e0 un leadership convoit\u00e9 par nos voisins tunisiens.<\/p>\n\n\n\n<p>L\u2019\u00c9cole nationale sup\u00e9rieure des for\u00eats de la wilaya de Khenchela a sign\u00e9 un accord de partenariat, dans le domaine des for\u00eats, avec l\u2019Institut des for\u00eats et des p\u00e2turages de Tabarka, relevant de l\u2019Universit\u00e9 de Jendouba en Tunisie, apprend-on de source universitaire. Le but, comme expliqu\u00e9 par notre source, est d&rsquo;\u00e9tablir un \u00e9change scientifique et de promouvoir la coop\u00e9ration et le travail sur des questions d\u2019int\u00e9r\u00eat commun entre les deux parties. La m\u00eame source a soulign\u00e9 que l\u2019\u00e9quipe de l\u2019incubateur d\u2019entreprises de la m\u00eame \u00e9cole a d\u00e9croch\u00e9 la premi\u00e8re place et un prix d\u2019excellence lors du quatri\u00e8me Forum Jeunesse Kowe\u00eft-Arabe de l\u2019Eau. La m\u00eame source a fait savoir que la conclusion de cet accord entre l\u2019\u00e9cole nationale sup\u00e9rieure des for\u00eats \u00e0 Khenchela, avec l\u2019institut des for\u00eats et des p\u00e2turages de Tabarka, entre dans le cadre de la coop\u00e9ration et de l\u2019\u00e9change international, mais surtout l\u2019ouverture de l\u2019\u00e9cole sur son environnement ext\u00e9rieur. Cet accord sera suivi de deux autres accords de jumelage, avec l&rsquo;accueil prochain d&rsquo;un \u00e9tudiant de cet institut, nous dit-on. Ce qui devrait se traduire par des \u00e9changes scientifiques et des recherches fructueuses, au b\u00e9n\u00e9fice des deux institutions et pour am\u00e9liorer l\u2019efficacit\u00e9 des \u00e9tudiants et des chercheurs tout en promouvant leur savoir-faire et leur d\u00e9veloppement, en soutien \u00e0 l\u2019ouverture et \u00e0 l\u2019excellence, a ajout\u00e9 notre source. Cette derni\u00e8re a \u00e9galement indiqu\u00e9, qu&rsquo;une \u00e9quipe de l\u2019incubateur d&rsquo;entreprises de l&rsquo;\u00e9cole nationale sup\u00e9rieure des for\u00eats de Khenchela a r\u00e9cemment remport\u00e9 la premi\u00e8re place et un prix d\u2019excellence lors du quatri\u00e8me Forum Jeunesse Kowe\u00eft-Arabe de l\u2019Eau, o\u00f9 les \u00e9tudiants Cherif Mohamed Nadjib et Salmia Firas, sous la supervision du directeur de l\u2019incubateur, le Dr Chenguer Hicham, ont \u00e9t\u00e9 r\u00e9compens\u00e9s. Ce forum, organis\u00e9 par l&rsquo;association Kowe\u00eftienne de l&rsquo;Eau et l&rsquo;Institut Arabe de Planification, a vu la participation de 30 projets repr\u00e9sentants 10 pays arabes, sur le th\u00e8me \u00ab\u00a0Leadership et innovation en mati\u00e8re d\u2019efficacit\u00e9 de l\u2019eau\u00a0\u00bb, visant \u00e0 promouvoir les initiatives des jeunes pour l&rsquo;efficacit\u00e9 et la durabilit\u00e9 de l\u2019eau, ainsi qu&rsquo;\u00e0 d\u00e9velopper des solutions innovantes pour faire face aux futurs d\u00e9fis hydriques. L\u2019\u00e9quipe de l\u2019incubateur d\u2019entreprises de l\u2019\u00c9cole nationale sup\u00e9rieure des for\u00eats de Khenchela a pr\u00e9sent\u00e9 un projet innovant \u2018\u2019 un syst\u00e8me complet et une application intelligente qui am\u00e9liorent l\u2019efficacit\u00e9 d\u2019utilisation de l\u2019eau dans les centres urbains, gr\u00e2ce \u00e0 l\u2019intelligence artificielle. Ils ont pr\u00e9sent\u00e9 un mod\u00e8le final commercialisable devant un jury international compos\u00e9 d\u2019experts sp\u00e9cialis\u00e9s et d\u2019investisseurs priv\u00e9s, qui ont salu\u00e9 l\u2019id\u00e9e du projet et la cr\u00e9ativit\u00e9 des \u00e9tudiants, offrant leur soutien et le financement pour le d\u00e9veloppement du projet. Un projet qui, rappelons-le, a \u00e9t\u00e9 salu\u00e9 \u00e0 plus d\u2019un \u00e9gard, notamment les efforts de l\u2019administration de l\u2019\u00e9cole nationale sup\u00e9rieure des for\u00eats et de ses enseignants pour leur soutenir des \u00e9tudiants \u00e0 la culture de l\u2019innovation et de l\u2019entrepreneuriat, notamment pour les efforts d\u00e9ploy\u00e9s par le comit\u00e9 national de coordination pour le suivi de l\u2019innovation et de l\u2019entrepreneuriat universitaire en faveur de la promotion de l\u2019innovation dans les institutions universitaires. Car, cet accomplissement refl\u00e8te l\u2019esprit d\u2019innovation et d\u2019excellence des \u00e9tudiants de cette \u00e9cole nationale, dans le cadre de la strat\u00e9gie du minist\u00e8re de l\u2019Enseignement sup\u00e9rieur et de la Recherche scientifique, qui vise \u00e0 rendre l\u2019universit\u00e9 alg\u00e9rienne pionni\u00e8re en le domaine. Parall\u00e8lement, les formations sp\u00e9cifiques pour les \u00e9tudiants porteurs de petits projets, organis\u00e9es par le centre de d\u00e9veloppement de l\u2019entrepreneuriat de l\u2019\u00e9cole nationale sup\u00e9rieure des for\u00eats et sous la supervision de sp\u00e9cialistes dans le domaine, continuent de susciter l\u2019engagement des stagiaires porteurs de petits projets.<\/p>\n\n\n\n<p><strong>Sofia Chahine<\/strong><\/p>\n","protected":false},"excerpt":{"rendered":"<p>L\u2019innovation et l\u2019excellence des \u00e9tudiants de l\u2019\u00c9cole nationale sup\u00e9rieure des for\u00eats r\u00e9compens\u00e9s au Kowe\u00eft, leur permet de pr\u00e9tendre \u00e0 un<\/p>\n","protected":false},"author":6,"featured_media":63650,"comment_status":"open","ping_status":"closed","sticky":false,"template":"","format":"standard","meta":{"colormag_page_container_layout":"default_layout","colormag_page_sidebar_layout":"default_layout","om_disable_all_campaigns":false,"_monsterinsights_skip_tracking":false,"_monsterinsights_sitenote_active":false,"_monsterinsights_sitenote_note":"","_monsterinsights_sitenote_category":0,"footnotes":"","_wpscppro_dont_share_socialmedia":false,"_wpscppro_custom_social_share_image":0,"_facebook_share_type":"default","_twitter_share_type":"default","_linkedin_share_type":"default","_pinterest_share_type":"default","_linkedin_share_type_page":"","_instagram_share_type":"default","_medium_share_type":"default","_threads_share_type":"","_google_business_share_type":"","_selected_social_profile":[],"_wpsp_enable_custom_social_template":false,"_wpsp_social_scheduling":{"enabled":false,"datetime":null,"platforms":[],"status":"template_only","dateOption":"today","timeOption":"now","customDays":"","customHours":"","customDate":"","customTime":"","schedulingType":"absolute"},"_wpsp_active_default_template":true},"categories":[31],"tags":[],"class_list":["post-63649","post","type-post","status-publish","format-standard","has-post-thumbnail","hentry","category-regions"],"aioseo_notices":[],"yoast_head":"<!-- This site is optimized with the Yoast SEO plugin v27.5 - https:\/\/yoast.com\/product\/yoast-seo-wordpress\/ -->\n<title>Khenchela : Accord de partenariat entre l\u2019ENSF et l\u2019institut de Tabarka - La Sentinelle<\/title>\n<meta name=\"robots\" content=\"index, follow, max-snippet:-1, max-image-preview:large, max-video-preview:-1\" \/>\n<link rel=\"canonical\" href=\"https:\/\/lasentinelle.dz\/index.php\/2025\/02\/27\/khenchela-accord-de-partenariat-entre-lensf-et-linstitut-de-tabarka\/\" \/>\n<meta property=\"og:locale\" content=\"fr_FR\" \/>\n<meta property=\"og:type\" content=\"article\" \/>\n<meta property=\"og:title\" content=\"Khenchela : Accord de partenariat entre l\u2019ENSF et l\u2019institut de Tabarka - La Sentinelle\" \/>\n<meta property=\"og:description\" content=\"L\u2019innovation et l\u2019excellence des \u00e9tudiants de l\u2019\u00c9cole nationale sup\u00e9rieure des for\u00eats r\u00e9compens\u00e9s au Kowe\u00eft, leur permet de pr\u00e9tendre \u00e0 un\" \/>\n<meta property=\"og:url\" content=\"https:\/\/lasentinelle.dz\/index.php\/2025\/02\/27\/khenchela-accord-de-partenariat-entre-lensf-et-linstitut-de-tabarka\/\" \/>\n<meta property=\"og:site_name\" content=\"La Sentinelle\" \/>\n<meta property=\"article:publisher\" content=\"https:\/\/www.facebook.com\/La-Sentinelle-104059864394773\" \/>\n<meta property=\"article:published_time\" content=\"2025-02-27T10:08:00+00:00\" \/>\n<meta property=\"article:modified_time\" content=\"2025-03-01T10:09:25+00:00\" \/>\n<meta property=\"og:image\" content=\"https:\/\/lasentinelle.dz\/wp-content\/uploads\/2025\/03\/Khenchela.jpeg\" \/>\n\t<meta property=\"og:image:width\" content=\"2048\" \/>\n\t<meta property=\"og:image:height\" content=\"1536\" \/>\n\t<meta property=\"og:image:type\" content=\"image\/jpeg\" \/>\n<meta name=\"author\" content=\"admin\" \/>\n<meta name=\"twitter:card\" content=\"summary_large_image\" \/>\n<meta name=\"twitter:label1\" content=\"\u00c9crit par\" \/>\n\t<meta name=\"twitter:data1\" content=\"admin\" \/>\n\t<meta name=\"twitter:label2\" content=\"Dur\u00e9e de lecture estim\u00e9e\" \/>\n\t<meta name=\"twitter:data2\" content=\"4 minutes\" \/>\n<script type=\"application\/ld+json\" class=\"yoast-schema-graph\">{\"@context\":\"https:\\\/\\\/schema.org\",\"@graph\":[{\"@type\":\"Article\",\"@id\":\"https:\\\/\\\/lasentinelle.dz\\\/index.php\\\/2025\\\/02\\\/27\\\/khenchela-accord-de-partenariat-entre-lensf-et-linstitut-de-tabarka\\\/#article\",\"isPartOf\":{\"@id\":\"https:\\\/\\\/lasentinelle.dz\\\/index.php\\\/2025\\\/02\\\/27\\\/khenchela-accord-de-partenariat-entre-lensf-et-linstitut-de-tabarka\\\/\"},\"author\":{\"name\":\"admin\",\"@id\":\"https:\\\/\\\/lasentinelle.dz\\\/#\\\/schema\\\/person\\\/729ee0024f24e0b8c5ec17232f8e8b41\"},\"headline\":\"Khenchela : Accord de partenariat entre l\u2019ENSF et l\u2019institut de Tabarka\",\"datePublished\":\"2025-02-27T10:08:00+00:00\",\"dateModified\":\"2025-03-01T10:09:25+00:00\",\"mainEntityOfPage\":{\"@id\":\"https:\\\/\\\/lasentinelle.dz\\\/index.php\\\/2025\\\/02\\\/27\\\/khenchela-accord-de-partenariat-entre-lensf-et-linstitut-de-tabarka\\\/\"},\"wordCount\":738,\"commentCount\":0,\"publisher\":{\"@id\":\"https:\\\/\\\/lasentinelle.dz\\\/#organization\"},\"image\":{\"@id\":\"https:\\\/\\\/lasentinelle.dz\\\/index.php\\\/2025\\\/02\\\/27\\\/khenchela-accord-de-partenariat-entre-lensf-et-linstitut-de-tabarka\\\/#primaryimage\"},\"thumbnailUrl\":\"https:\\\/\\\/lasentinelle.dz\\\/wp-content\\\/uploads\\\/2025\\\/03\\\/Khenchela.jpeg\",\"articleSection\":[\"R\u00e9gions\"],\"inLanguage\":\"fr-FR\",\"potentialAction\":[{\"@type\":\"CommentAction\",\"name\":\"Comment\",\"target\":[\"https:\\\/\\\/lasentinelle.dz\\\/index.php\\\/2025\\\/02\\\/27\\\/khenchela-accord-de-partenariat-entre-lensf-et-linstitut-de-tabarka\\\/#respond\"]}]},{\"@type\":\"WebPage\",\"@id\":\"https:\\\/\\\/lasentinelle.dz\\\/index.php\\\/2025\\\/02\\\/27\\\/khenchela-accord-de-partenariat-entre-lensf-et-linstitut-de-tabarka\\\/\",\"url\":\"https:\\\/\\\/lasentinelle.dz\\\/index.php\\\/2025\\\/02\\\/27\\\/khenchela-accord-de-partenariat-entre-lensf-et-linstitut-de-tabarka\\\/\",\"name\":\"Khenchela : Accord de partenariat entre l\u2019ENSF et l\u2019institut de Tabarka - La Sentinelle\",\"isPartOf\":{\"@id\":\"https:\\\/\\\/lasentinelle.dz\\\/#website\"},\"primaryImageOfPage\":{\"@id\":\"https:\\\/\\\/lasentinelle.dz\\\/index.php\\\/2025\\\/02\\\/27\\\/khenchela-accord-de-partenariat-entre-lensf-et-linstitut-de-tabarka\\\/#primaryimage\"},\"image\":{\"@id\":\"https:\\\/\\\/lasentinelle.dz\\\/index.php\\\/2025\\\/02\\\/27\\\/khenchela-accord-de-partenariat-entre-lensf-et-linstitut-de-tabarka\\\/#primaryimage\"},\"thumbnailUrl\":\"https:\\\/\\\/lasentinelle.dz\\\/wp-content\\\/uploads\\\/2025\\\/03\\\/Khenchela.jpeg\",\"datePublished\":\"2025-02-27T10:08:00+00:00\",\"dateModified\":\"2025-03-01T10:09:25+00:00\",\"breadcrumb\":{\"@id\":\"https:\\\/\\\/lasentinelle.dz\\\/index.php\\\/2025\\\/02\\\/27\\\/khenchela-accord-de-partenariat-entre-lensf-et-linstitut-de-tabarka\\\/#breadcrumb\"},\"inLanguage\":\"fr-FR\",\"potentialAction\":[{\"@type\":\"ReadAction\",\"target\":[\"https:\\\/\\\/lasentinelle.dz\\\/index.php\\\/2025\\\/02\\\/27\\\/khenchela-accord-de-partenariat-entre-lensf-et-linstitut-de-tabarka\\\/\"]}]},{\"@type\":\"ImageObject\",\"inLanguage\":\"fr-FR\",\"@id\":\"https:\\\/\\\/lasentinelle.dz\\\/index.php\\\/2025\\\/02\\\/27\\\/khenchela-accord-de-partenariat-entre-lensf-et-linstitut-de-tabarka\\\/#primaryimage\",\"url\":\"https:\\\/\\\/lasentinelle.dz\\\/wp-content\\\/uploads\\\/2025\\\/03\\\/Khenchela.jpeg\",\"contentUrl\":\"https:\\\/\\\/lasentinelle.dz\\\/wp-content\\\/uploads\\\/2025\\\/03\\\/Khenchela.jpeg\",\"width\":2048,\"height\":1536},{\"@type\":\"BreadcrumbList\",\"@id\":\"https:\\\/\\\/lasentinelle.dz\\\/index.php\\\/2025\\\/02\\\/27\\\/khenchela-accord-de-partenariat-entre-lensf-et-linstitut-de-tabarka\\\/#breadcrumb\",\"itemListElement\":[{\"@type\":\"ListItem\",\"position\":1,\"name\":\"Accueil\",\"item\":\"https:\\\/\\\/lasentinelle.dz\\\/\"},{\"@type\":\"ListItem\",\"position\":2,\"name\":\"Khenchela : Accord de partenariat entre l\u2019ENSF et l\u2019institut de Tabarka\"}]},{\"@type\":\"WebSite\",\"@id\":\"https:\\\/\\\/lasentinelle.dz\\\/#website\",\"url\":\"https:\\\/\\\/lasentinelle.dz\\\/\",\"name\":\"La Sentinelle\",\"description\":\"Quotidien national d&#039;information\",\"publisher\":{\"@id\":\"https:\\\/\\\/lasentinelle.dz\\\/#organization\"},\"potentialAction\":[{\"@type\":\"SearchAction\",\"target\":{\"@type\":\"EntryPoint\",\"urlTemplate\":\"https:\\\/\\\/lasentinelle.dz\\\/?s={search_term_string}\"},\"query-input\":{\"@type\":\"PropertyValueSpecification\",\"valueRequired\":true,\"valueName\":\"search_term_string\"}}],\"inLanguage\":\"fr-FR\"},{\"@type\":\"Organization\",\"@id\":\"https:\\\/\\\/lasentinelle.dz\\\/#organization\",\"name\":\"Quotidien La Sentinelle\",\"url\":\"https:\\\/\\\/lasentinelle.dz\\\/\",\"logo\":{\"@type\":\"ImageObject\",\"inLanguage\":\"fr-FR\",\"@id\":\"https:\\\/\\\/lasentinelle.dz\\\/#\\\/schema\\\/logo\\\/image\\\/\",\"url\":\"https:\\\/\\\/lasentinelle.dz\\\/wp-content\\\/uploads\\\/2021\\\/09\\\/logo-sentinelleSLOGAN-1.png\",\"contentUrl\":\"https:\\\/\\\/lasentinelle.dz\\\/wp-content\\\/uploads\\\/2021\\\/09\\\/logo-sentinelleSLOGAN-1.png\",\"width\":615,\"height\":142,\"caption\":\"Quotidien La Sentinelle\"},\"image\":{\"@id\":\"https:\\\/\\\/lasentinelle.dz\\\/#\\\/schema\\\/logo\\\/image\\\/\"},\"sameAs\":[\"https:\\\/\\\/www.facebook.com\\\/La-Sentinelle-104059864394773\"]},{\"@type\":\"Person\",\"@id\":\"https:\\\/\\\/lasentinelle.dz\\\/#\\\/schema\\\/person\\\/729ee0024f24e0b8c5ec17232f8e8b41\",\"name\":\"admin\",\"image\":{\"@type\":\"ImageObject\",\"inLanguage\":\"fr-FR\",\"@id\":\"https:\\\/\\\/secure.gravatar.com\\\/avatar\\\/4c81fed838786e9b53f540bf46533e750f5d292099ae3b66cfc6fb1982e29df7?s=96&d=mm&r=g\",\"url\":\"https:\\\/\\\/secure.gravatar.com\\\/avatar\\\/4c81fed838786e9b53f540bf46533e750f5d292099ae3b66cfc6fb1982e29df7?s=96&d=mm&r=g\",\"contentUrl\":\"https:\\\/\\\/secure.gravatar.com\\\/avatar\\\/4c81fed838786e9b53f540bf46533e750f5d292099ae3b66cfc6fb1982e29df7?s=96&d=mm&r=g\",\"caption\":\"admin\"},\"description\":\"admin\",\"url\":\"https:\\\/\\\/lasentinelle.dz\\\/author\\\/admin\\\/\"}]}<\/script>\n<!-- \/ Yoast SEO plugin. -->","yoast_head_json":{"title":"Khenchela : Accord de partenariat entre l\u2019ENSF et l\u2019institut de Tabarka - La Sentinelle","robots":{"index":"index","follow":"follow","max-snippet":"max-snippet:-1","max-image-preview":"max-image-preview:large","max-video-preview":"max-video-preview:-1"},"canonical":"https:\/\/lasentinelle.dz\/index.php\/2025\/02\/27\/khenchela-accord-de-partenariat-entre-lensf-et-linstitut-de-tabarka\/","og_locale":"fr_FR","og_type":"article","og_title":"Khenchela : Accord de partenariat entre l\u2019ENSF et l\u2019institut de Tabarka - La Sentinelle","og_description":"L\u2019innovation et l\u2019excellence des \u00e9tudiants de l\u2019\u00c9cole nationale sup\u00e9rieure des for\u00eats r\u00e9compens\u00e9s au Kowe\u00eft, leur permet de pr\u00e9tendre \u00e0 un","og_url":"https:\/\/lasentinelle.dz\/index.php\/2025\/02\/27\/khenchela-accord-de-partenariat-entre-lensf-et-linstitut-de-tabarka\/","og_site_name":"La Sentinelle","article_publisher":"https:\/\/www.facebook.com\/La-Sentinelle-104059864394773","article_published_time":"2025-02-27T10:08:00+00:00","article_modified_time":"2025-03-01T10:09:25+00:00","og_image":[{"width":2048,"height":1536,"url":"https:\/\/lasentinelle.dz\/wp-content\/uploads\/2025\/03\/Khenchela.jpeg","type":"image\/jpeg"}],"author":"admin","twitter_card":"summary_large_image","twitter_misc":{"\u00c9crit par":"admin","Dur\u00e9e de lecture estim\u00e9e":"4 minutes"},"schema":{"@context":"https:\/\/schema.org","@graph":[{"@type":"Article","@id":"https:\/\/lasentinelle.dz\/index.php\/2025\/02\/27\/khenchela-accord-de-partenariat-entre-lensf-et-linstitut-de-tabarka\/#article","isPartOf":{"@id":"https:\/\/lasentinelle.dz\/index.php\/2025\/02\/27\/khenchela-accord-de-partenariat-entre-lensf-et-linstitut-de-tabarka\/"},"author":{"name":"admin","@id":"https:\/\/lasentinelle.dz\/#\/schema\/person\/729ee0024f24e0b8c5ec17232f8e8b41"},"headline":"Khenchela : Accord de partenariat entre l\u2019ENSF et l\u2019institut de Tabarka","datePublished":"2025-02-27T10:08:00+00:00","dateModified":"2025-03-01T10:09:25+00:00","mainEntityOfPage":{"@id":"https:\/\/lasentinelle.dz\/index.php\/2025\/02\/27\/khenchela-accord-de-partenariat-entre-lensf-et-linstitut-de-tabarka\/"},"wordCount":738,"commentCount":0,"publisher":{"@id":"https:\/\/lasentinelle.dz\/#organization"},"image":{"@id":"https:\/\/lasentinelle.dz\/index.php\/2025\/02\/27\/khenchela-accord-de-partenariat-entre-lensf-et-linstitut-de-tabarka\/#primaryimage"},"thumbnailUrl":"https:\/\/lasentinelle.dz\/wp-content\/uploads\/2025\/03\/Khenchela.jpeg","articleSection":["R\u00e9gions"],"inLanguage":"fr-FR","potentialAction":[{"@type":"CommentAction","name":"Comment","target":["https:\/\/lasentinelle.dz\/index.php\/2025\/02\/27\/khenchela-accord-de-partenariat-entre-lensf-et-linstitut-de-tabarka\/#respond"]}]},{"@type":"WebPage","@id":"https:\/\/lasentinelle.dz\/index.php\/2025\/02\/27\/khenchela-accord-de-partenariat-entre-lensf-et-linstitut-de-tabarka\/","url":"https:\/\/lasentinelle.dz\/index.php\/2025\/02\/27\/khenchela-accord-de-partenariat-entre-lensf-et-linstitut-de-tabarka\/","name":"Khenchela : Accord de partenariat entre l\u2019ENSF et l\u2019institut de Tabarka - La Sentinelle","isPartOf":{"@id":"https:\/\/lasentinelle.dz\/#website"},"primaryImageOfPage":{"@id":"https:\/\/lasentinelle.dz\/index.php\/2025\/02\/27\/khenchela-accord-de-partenariat-entre-lensf-et-linstitut-de-tabarka\/#primaryimage"},"image":{"@id":"https:\/\/lasentinelle.dz\/index.php\/2025\/02\/27\/khenchela-accord-de-partenariat-entre-lensf-et-linstitut-de-tabarka\/#primaryimage"},"thumbnailUrl":"https:\/\/lasentinelle.dz\/wp-content\/uploads\/2025\/03\/Khenchela.jpeg","datePublished":"2025-02-27T10:08:00+00:00","dateModified":"2025-03-01T10:09:25+00:00","breadcrumb":{"@id":"https:\/\/lasentinelle.dz\/index.php\/2025\/02\/27\/khenchela-accord-de-partenariat-entre-lensf-et-linstitut-de-tabarka\/#breadcrumb"},"inLanguage":"fr-FR","potentialAction":[{"@type":"ReadAction","target":["https:\/\/lasentinelle.dz\/index.php\/2025\/02\/27\/khenchela-accord-de-partenariat-entre-lensf-et-linstitut-de-tabarka\/"]}]},{"@type":"ImageObject","inLanguage":"fr-FR","@id":"https:\/\/lasentinelle.dz\/index.php\/2025\/02\/27\/khenchela-accord-de-partenariat-entre-lensf-et-linstitut-de-tabarka\/#primaryimage","url":"https:\/\/lasentinelle.dz\/wp-content\/uploads\/2025\/03\/Khenchela.jpeg","contentUrl":"https:\/\/lasentinelle.dz\/wp-content\/uploads\/2025\/03\/Khenchela.jpeg","width":2048,"height":1536},{"@type":"BreadcrumbList","@id":"https:\/\/lasentinelle.dz\/index.php\/2025\/02\/27\/khenchela-accord-de-partenariat-entre-lensf-et-linstitut-de-tabarka\/#breadcrumb","itemListElement":[{"@type":"ListItem","position":1,"name":"Accueil","item":"https:\/\/lasentinelle.dz\/"},{"@type":"ListItem","position":2,"name":"Khenchela : Accord de partenariat entre l\u2019ENSF et l\u2019institut de Tabarka"}]},{"@type":"WebSite","@id":"https:\/\/lasentinelle.dz\/#website","url":"https:\/\/lasentinelle.dz\/","name":"La Sentinelle","description":"Quotidien national d&#039;information","publisher":{"@id":"https:\/\/lasentinelle.dz\/#organization"},"potentialAction":[{"@type":"SearchAction","target":{"@type":"EntryPoint","urlTemplate":"https:\/\/lasentinelle.dz\/?s={search_term_string}"},"query-input":{"@type":"PropertyValueSpecification","valueRequired":true,"valueName":"search_term_string"}}],"inLanguage":"fr-FR"},{"@type":"Organization","@id":"https:\/\/lasentinelle.dz\/#organization","name":"Quotidien La Sentinelle","url":"https:\/\/lasentinelle.dz\/","logo":{"@type":"ImageObject","inLanguage":"fr-FR","@id":"https:\/\/lasentinelle.dz\/#\/schema\/logo\/image\/","url":"https:\/\/lasentinelle.dz\/wp-content\/uploads\/2021\/09\/logo-sentinelleSLOGAN-1.png","contentUrl":"https:\/\/lasentinelle.dz\/wp-content\/uploads\/2021\/09\/logo-sentinelleSLOGAN-1.png","width":615,"height":142,"caption":"Quotidien La Sentinelle"},"image":{"@id":"https:\/\/lasentinelle.dz\/#\/schema\/logo\/image\/"},"sameAs":["https:\/\/www.facebook.com\/La-Sentinelle-104059864394773"]},{"@type":"Person","@id":"https:\/\/lasentinelle.dz\/#\/schema\/person\/729ee0024f24e0b8c5ec17232f8e8b41","name":"admin","image":{"@type":"ImageObject","inLanguage":"fr-FR","@id":"https:\/\/secure.gravatar.com\/avatar\/4c81fed838786e9b53f540bf46533e750f5d292099ae3b66cfc6fb1982e29df7?s=96&d=mm&r=g","url":"https:\/\/secure.gravatar.com\/avatar\/4c81fed838786e9b53f540bf46533e750f5d292099ae3b66cfc6fb1982e29df7?s=96&d=mm&r=g","contentUrl":"https:\/\/secure.gravatar.com\/avatar\/4c81fed838786e9b53f540bf46533e750f5d292099ae3b66cfc6fb1982e29df7?s=96&d=mm&r=g","caption":"admin"},"description":"admin","url":"https:\/\/lasentinelle.dz\/author\/admin\/"}]}},"_links":{"self":[{"href":"https:\/\/lasentinelle.dz\/index.php\/wp-json\/wp\/v2\/posts\/63649","targetHints":{"allow":["GET"]}}],"collection":[{"href":"https:\/\/lasentinelle.dz\/index.php\/wp-json\/wp\/v2\/posts"}],"about":[{"href":"https:\/\/lasentinelle.dz\/index.php\/wp-json\/wp\/v2\/types\/post"}],"author":[{"embeddable":true,"href":"https:\/\/lasentinelle.dz\/index.php\/wp-json\/wp\/v2\/users\/6"}],"replies":[{"embeddable":true,"href":"https:\/\/lasentinelle.dz\/index.php\/wp-json\/wp\/v2\/comments?post=63649"}],"version-history":[{"count":1,"href":"https:\/\/lasentinelle.dz\/index.php\/wp-json\/wp\/v2\/posts\/63649\/revisions"}],"predecessor-version":[{"id":63651,"href":"https:\/\/lasentinelle.dz\/index.php\/wp-json\/wp\/v2\/posts\/63649\/revisions\/63651"}],"wp:featuredmedia":[{"embeddable":true,"href":"https:\/\/lasentinelle.dz\/index.php\/wp-json\/wp\/v2\/media\/63650"}],"wp:attachment":[{"href":"https:\/\/lasentinelle.dz\/index.php\/wp-json\/wp\/v2\/media?parent=63649"}],"wp:term":[{"taxonomy":"category","embeddable":true,"href":"https:\/\/lasentinelle.dz\/index.php\/wp-json\/wp\/v2\/categories?post=63649"},{"taxonomy":"post_tag","embeddable":true,"href":"https:\/\/lasentinelle.dz\/index.php\/wp-json\/wp\/v2\/tags?post=63649"}],"curies":[{"name":"wp","href":"https:\/\/api.w.org\/{rel}","templated":true}]}}