{"id":63663,"date":"2025-02-27T11:13:00","date_gmt":"2025-02-27T10:13:00","guid":{"rendered":"https:\/\/lasentinelle.dz\/?p=63663"},"modified":"2025-03-01T11:14:56","modified_gmt":"2025-03-01T10:14:56","slug":"en-prevision-de-laid-getex-lance-sa-nouvelle-collection-de-vetements-pour-enfants-a-des-prix-competitifs","status":"publish","type":"post","link":"https:\/\/lasentinelle.dz\/index.php\/2025\/02\/27\/en-prevision-de-laid-getex-lance-sa-nouvelle-collection-de-vetements-pour-enfants-a-des-prix-competitifs\/","title":{"rendered":"En pr\u00e9vision de l\u2019A\u00efd : Getex lance sa nouvelle collection de v\u00eatements pour enfants \u00e0 des prix comp\u00e9titifs"},"content":{"rendered":"\n<p>Le holding industriel public textiles et cuirs \u00ab\u00a0GETEX\u00a0\u00bb a lanc\u00e9, mardi \u00e0 Alger, sa nouvelle collection de v\u00eatements pour enfants \u00e0 des prix comp\u00e9titifs, en pr\u00e9vision de l&rsquo;Aid El Fitr, avec vente par facilit\u00e9 sur sa plateforme num\u00e9rique d\u00e9di\u00e9e \u00e0 cet effet. La pr\u00e9sentation de la nouvelle collection a eu lieu au Palais de la culture, en pr\u00e9sence du ministre de l&rsquo;Industrie, Sifi Ghrieb, du ministre du Commerce int\u00e9rieur et de la R\u00e9gulation du march\u00e9 national, Tayeb Zitouni, du ministre de la Culture et des Arts, Zouhir Ballalou, et du Secr\u00e9taire g\u00e9n\u00e9ral de la F\u00e9d\u00e9ration nationale des travailleurs des textiles et cuirs relevant de l&rsquo;Union g\u00e9n\u00e9rale des travailleurs alg\u00e9riens (UGTA). Dans son allocution, le ministre de l&rsquo;Industrie a soulign\u00e9 l&rsquo;importance de cette d\u00e9marche refl\u00e9tant la \u00ab\u00a0forte\u00a0\u00bb volont\u00e9 de promouvoir le produit national selon une vision \u00ab\u00a0ambitieuse\u00a0\u00bb, visant \u00e0 d\u00e9velopper l&rsquo;industrie locale tant sur le plan qualitatif que cr\u00e9atif, en r\u00e9ponse aux besoins du citoyen alg\u00e9rien. Cette initiative illustre \u00ab\u00a0le mod\u00e8le de partenariat r\u00e9ussi entre l&rsquo;industrie nationale et les domaines de la recherche et du d\u00e9veloppement\u00a0\u00bb, a-t-il ajout\u00e9, pr\u00e9cisant que les produits commercialis\u00e9s r\u00e9sultent des efforts conjoints du groupe GETEX, des experts du Groupement Algeria Corporate Universities (GACU), et de la start-up \u00ab\u00a0Diar Dzair\u00a0\u00bb, pour offrir un produit respectant les normes de conception, de qualit\u00e9 et de prix. Le ministre a insist\u00e9 sur la n\u00e9cessit\u00e9 pour le Groupe public de poursuivre ses efforts afin de renforcer sa position sur le march\u00e9, de dynamiser le r\u00e9seau de sous-traitance, et d&rsquo;augmenter le taux d&rsquo;int\u00e9gration nationale dans l&rsquo;industrie des textiles et des cuirs, r\u00e9duisant ainsi la d\u00e9pendance aux importations. Le Pr\u00e9sident-directeur g\u00e9n\u00e9ral de Getex, Toufik Berkani, a affirm\u00e9 que cette offre permet au groupe de d\u00e9montrer sa capacit\u00e9 \u00e0 satisfaire la demande locale avec qualit\u00e9 et prix appropri\u00e9s, tout en am\u00e9liorant l&rsquo;image de marque du produit alg\u00e9rien dans le domaine textile. L&rsquo;offre co\u00efncide avec le lancement de la plateforme \u00e9lectronique pour la commercialisation des produits Getex, en partenariat avec \u00ab\u00a0Diar Dzair\u00a0\u00bb, permettant l&rsquo;achat \u00e0 distance avec livraison \u00e0 domicile et paiement facilit\u00e9. Des remises seront appliqu\u00e9es durant le Ramadhan dans le cadre de la responsabilit\u00e9 sociale du groupe.<\/p>\n\n\n\n<p>R.N.<\/p>\n","protected":false},"excerpt":{"rendered":"<p>Le holding industriel public textiles et cuirs \u00ab\u00a0GETEX\u00a0\u00bb a lanc\u00e9, mardi \u00e0 Alger, sa nouvelle collection de v\u00eatements pour enfants<\/p>\n","protected":false},"author":6,"featured_media":63664,"comment_status":"open","ping_status":"closed","sticky":false,"template":"","format":"standard","meta":{"colormag_page_container_layout":"default_layout","colormag_page_sidebar_layout":"default_layout","om_disable_all_campaigns":false,"_monsterinsights_skip_tracking":false,"_monsterinsights_sitenote_active":false,"_monsterinsights_sitenote_note":"","_monsterinsights_sitenote_category":0,"footnotes":"","_wpscppro_dont_share_socialmedia":false,"_wpscppro_custom_social_share_image":0,"_facebook_share_type":"default","_twitter_share_type":"default","_linkedin_share_type":"default","_pinterest_share_type":"default","_linkedin_share_type_page":"","_instagram_share_type":"default","_medium_share_type":"default","_threads_share_type":"","_google_business_share_type":"","_selected_social_profile":[],"_wpsp_enable_custom_social_template":false,"_wpsp_social_scheduling":{"enabled":false,"datetime":null,"platforms":[],"status":"template_only","dateOption":"today","timeOption":"now","customDays":"","customHours":"","customDate":"","customTime":"","schedulingType":"absolute"},"_wpsp_active_default_template":true},"categories":[27],"tags":[],"class_list":["post-63663","post","type-post","status-publish","format-standard","has-post-thumbnail","hentry","category-actualite"],"aioseo_notices":[],"yoast_head":"<!-- This site is optimized with the Yoast SEO plugin v27.5 - https:\/\/yoast.com\/product\/yoast-seo-wordpress\/ -->\n<title>En pr\u00e9vision de l\u2019A\u00efd : Getex lance sa nouvelle collection de v\u00eatements pour enfants \u00e0 des prix comp\u00e9titifs - La Sentinelle<\/title>\n<meta name=\"robots\" content=\"index, follow, max-snippet:-1, max-image-preview:large, max-video-preview:-1\" \/>\n<link rel=\"canonical\" href=\"https:\/\/lasentinelle.dz\/index.php\/2025\/02\/27\/en-prevision-de-laid-getex-lance-sa-nouvelle-collection-de-vetements-pour-enfants-a-des-prix-competitifs\/\" \/>\n<meta property=\"og:locale\" content=\"fr_FR\" \/>\n<meta property=\"og:type\" content=\"article\" \/>\n<meta property=\"og:title\" content=\"En pr\u00e9vision de l\u2019A\u00efd : Getex lance sa nouvelle collection de v\u00eatements pour enfants \u00e0 des prix comp\u00e9titifs - La Sentinelle\" \/>\n<meta property=\"og:description\" content=\"Le holding industriel public textiles et cuirs \u00ab\u00a0GETEX\u00a0\u00bb a lanc\u00e9, mardi \u00e0 Alger, sa nouvelle collection de v\u00eatements pour enfants\" \/>\n<meta property=\"og:url\" content=\"https:\/\/lasentinelle.dz\/index.php\/2025\/02\/27\/en-prevision-de-laid-getex-lance-sa-nouvelle-collection-de-vetements-pour-enfants-a-des-prix-competitifs\/\" \/>\n<meta property=\"og:site_name\" content=\"La Sentinelle\" \/>\n<meta property=\"article:publisher\" content=\"https:\/\/www.facebook.com\/La-Sentinelle-104059864394773\" \/>\n<meta property=\"article:published_time\" content=\"2025-02-27T10:13:00+00:00\" \/>\n<meta property=\"article:modified_time\" content=\"2025-03-01T10:14:56+00:00\" \/>\n<meta property=\"og:image\" content=\"https:\/\/lasentinelle.dz\/wp-content\/uploads\/2025\/03\/getex-aid.jpg\" \/>\n\t<meta property=\"og:image:width\" content=\"580\" \/>\n\t<meta property=\"og:image:height\" content=\"350\" \/>\n\t<meta property=\"og:image:type\" content=\"image\/jpeg\" \/>\n<meta name=\"author\" content=\"admin\" \/>\n<meta name=\"twitter:card\" content=\"summary_large_image\" \/>\n<meta name=\"twitter:label1\" content=\"\u00c9crit par\" \/>\n\t<meta name=\"twitter:data1\" content=\"admin\" \/>\n\t<meta name=\"twitter:label2\" content=\"Dur\u00e9e de lecture estim\u00e9e\" \/>\n\t<meta name=\"twitter:data2\" content=\"3 minutes\" \/>\n<script type=\"application\/ld+json\" class=\"yoast-schema-graph\">{\"@context\":\"https:\\\/\\\/schema.org\",\"@graph\":[{\"@type\":\"Article\",\"@id\":\"https:\\\/\\\/lasentinelle.dz\\\/index.php\\\/2025\\\/02\\\/27\\\/en-prevision-de-laid-getex-lance-sa-nouvelle-collection-de-vetements-pour-enfants-a-des-prix-competitifs\\\/#article\",\"isPartOf\":{\"@id\":\"https:\\\/\\\/lasentinelle.dz\\\/index.php\\\/2025\\\/02\\\/27\\\/en-prevision-de-laid-getex-lance-sa-nouvelle-collection-de-vetements-pour-enfants-a-des-prix-competitifs\\\/\"},\"author\":{\"name\":\"admin\",\"@id\":\"https:\\\/\\\/lasentinelle.dz\\\/#\\\/schema\\\/person\\\/729ee0024f24e0b8c5ec17232f8e8b41\"},\"headline\":\"En pr\u00e9vision de l\u2019A\u00efd : Getex lance sa nouvelle collection de v\u00eatements pour enfants \u00e0 des prix comp\u00e9titifs\",\"datePublished\":\"2025-02-27T10:13:00+00:00\",\"dateModified\":\"2025-03-01T10:14:56+00:00\",\"mainEntityOfPage\":{\"@id\":\"https:\\\/\\\/lasentinelle.dz\\\/index.php\\\/2025\\\/02\\\/27\\\/en-prevision-de-laid-getex-lance-sa-nouvelle-collection-de-vetements-pour-enfants-a-des-prix-competitifs\\\/\"},\"wordCount\":427,\"commentCount\":0,\"publisher\":{\"@id\":\"https:\\\/\\\/lasentinelle.dz\\\/#organization\"},\"image\":{\"@id\":\"https:\\\/\\\/lasentinelle.dz\\\/index.php\\\/2025\\\/02\\\/27\\\/en-prevision-de-laid-getex-lance-sa-nouvelle-collection-de-vetements-pour-enfants-a-des-prix-competitifs\\\/#primaryimage\"},\"thumbnailUrl\":\"https:\\\/\\\/lasentinelle.dz\\\/wp-content\\\/uploads\\\/2025\\\/03\\\/getex-aid.jpg\",\"articleSection\":[\"Actualit\u00e9\"],\"inLanguage\":\"fr-FR\",\"potentialAction\":[{\"@type\":\"CommentAction\",\"name\":\"Comment\",\"target\":[\"https:\\\/\\\/lasentinelle.dz\\\/index.php\\\/2025\\\/02\\\/27\\\/en-prevision-de-laid-getex-lance-sa-nouvelle-collection-de-vetements-pour-enfants-a-des-prix-competitifs\\\/#respond\"]}]},{\"@type\":\"WebPage\",\"@id\":\"https:\\\/\\\/lasentinelle.dz\\\/index.php\\\/2025\\\/02\\\/27\\\/en-prevision-de-laid-getex-lance-sa-nouvelle-collection-de-vetements-pour-enfants-a-des-prix-competitifs\\\/\",\"url\":\"https:\\\/\\\/lasentinelle.dz\\\/index.php\\\/2025\\\/02\\\/27\\\/en-prevision-de-laid-getex-lance-sa-nouvelle-collection-de-vetements-pour-enfants-a-des-prix-competitifs\\\/\",\"name\":\"En pr\u00e9vision de l\u2019A\u00efd : Getex lance sa nouvelle collection de v\u00eatements pour enfants \u00e0 des prix comp\u00e9titifs - La Sentinelle\",\"isPartOf\":{\"@id\":\"https:\\\/\\\/lasentinelle.dz\\\/#website\"},\"primaryImageOfPage\":{\"@id\":\"https:\\\/\\\/lasentinelle.dz\\\/index.php\\\/2025\\\/02\\\/27\\\/en-prevision-de-laid-getex-lance-sa-nouvelle-collection-de-vetements-pour-enfants-a-des-prix-competitifs\\\/#primaryimage\"},\"image\":{\"@id\":\"https:\\\/\\\/lasentinelle.dz\\\/index.php\\\/2025\\\/02\\\/27\\\/en-prevision-de-laid-getex-lance-sa-nouvelle-collection-de-vetements-pour-enfants-a-des-prix-competitifs\\\/#primaryimage\"},\"thumbnailUrl\":\"https:\\\/\\\/lasentinelle.dz\\\/wp-content\\\/uploads\\\/2025\\\/03\\\/getex-aid.jpg\",\"datePublished\":\"2025-02-27T10:13:00+00:00\",\"dateModified\":\"2025-03-01T10:14:56+00:00\",\"breadcrumb\":{\"@id\":\"https:\\\/\\\/lasentinelle.dz\\\/index.php\\\/2025\\\/02\\\/27\\\/en-prevision-de-laid-getex-lance-sa-nouvelle-collection-de-vetements-pour-enfants-a-des-prix-competitifs\\\/#breadcrumb\"},\"inLanguage\":\"fr-FR\",\"potentialAction\":[{\"@type\":\"ReadAction\",\"target\":[\"https:\\\/\\\/lasentinelle.dz\\\/index.php\\\/2025\\\/02\\\/27\\\/en-prevision-de-laid-getex-lance-sa-nouvelle-collection-de-vetements-pour-enfants-a-des-prix-competitifs\\\/\"]}]},{\"@type\":\"ImageObject\",\"inLanguage\":\"fr-FR\",\"@id\":\"https:\\\/\\\/lasentinelle.dz\\\/index.php\\\/2025\\\/02\\\/27\\\/en-prevision-de-laid-getex-lance-sa-nouvelle-collection-de-vetements-pour-enfants-a-des-prix-competitifs\\\/#primaryimage\",\"url\":\"https:\\\/\\\/lasentinelle.dz\\\/wp-content\\\/uploads\\\/2025\\\/03\\\/getex-aid.jpg\",\"contentUrl\":\"https:\\\/\\\/lasentinelle.dz\\\/wp-content\\\/uploads\\\/2025\\\/03\\\/getex-aid.jpg\",\"width\":580,\"height\":350},{\"@type\":\"BreadcrumbList\",\"@id\":\"https:\\\/\\\/lasentinelle.dz\\\/index.php\\\/2025\\\/02\\\/27\\\/en-prevision-de-laid-getex-lance-sa-nouvelle-collection-de-vetements-pour-enfants-a-des-prix-competitifs\\\/#breadcrumb\",\"itemListElement\":[{\"@type\":\"ListItem\",\"position\":1,\"name\":\"Accueil\",\"item\":\"https:\\\/\\\/lasentinelle.dz\\\/\"},{\"@type\":\"ListItem\",\"position\":2,\"name\":\"En pr\u00e9vision de l\u2019A\u00efd : Getex lance sa nouvelle collection de v\u00eatements pour enfants \u00e0 des prix comp\u00e9titifs\"}]},{\"@type\":\"WebSite\",\"@id\":\"https:\\\/\\\/lasentinelle.dz\\\/#website\",\"url\":\"https:\\\/\\\/lasentinelle.dz\\\/\",\"name\":\"La Sentinelle\",\"description\":\"Quotidien national d&#039;information\",\"publisher\":{\"@id\":\"https:\\\/\\\/lasentinelle.dz\\\/#organization\"},\"potentialAction\":[{\"@type\":\"SearchAction\",\"target\":{\"@type\":\"EntryPoint\",\"urlTemplate\":\"https:\\\/\\\/lasentinelle.dz\\\/?s={search_term_string}\"},\"query-input\":{\"@type\":\"PropertyValueSpecification\",\"valueRequired\":true,\"valueName\":\"search_term_string\"}}],\"inLanguage\":\"fr-FR\"},{\"@type\":\"Organization\",\"@id\":\"https:\\\/\\\/lasentinelle.dz\\\/#organization\",\"name\":\"Quotidien La Sentinelle\",\"url\":\"https:\\\/\\\/lasentinelle.dz\\\/\",\"logo\":{\"@type\":\"ImageObject\",\"inLanguage\":\"fr-FR\",\"@id\":\"https:\\\/\\\/lasentinelle.dz\\\/#\\\/schema\\\/logo\\\/image\\\/\",\"url\":\"https:\\\/\\\/lasentinelle.dz\\\/wp-content\\\/uploads\\\/2021\\\/09\\\/logo-sentinelleSLOGAN-1.png\",\"contentUrl\":\"https:\\\/\\\/lasentinelle.dz\\\/wp-content\\\/uploads\\\/2021\\\/09\\\/logo-sentinelleSLOGAN-1.png\",\"width\":615,\"height\":142,\"caption\":\"Quotidien La Sentinelle\"},\"image\":{\"@id\":\"https:\\\/\\\/lasentinelle.dz\\\/#\\\/schema\\\/logo\\\/image\\\/\"},\"sameAs\":[\"https:\\\/\\\/www.facebook.com\\\/La-Sentinelle-104059864394773\"]},{\"@type\":\"Person\",\"@id\":\"https:\\\/\\\/lasentinelle.dz\\\/#\\\/schema\\\/person\\\/729ee0024f24e0b8c5ec17232f8e8b41\",\"name\":\"admin\",\"image\":{\"@type\":\"ImageObject\",\"inLanguage\":\"fr-FR\",\"@id\":\"https:\\\/\\\/secure.gravatar.com\\\/avatar\\\/4c81fed838786e9b53f540bf46533e750f5d292099ae3b66cfc6fb1982e29df7?s=96&d=mm&r=g\",\"url\":\"https:\\\/\\\/secure.gravatar.com\\\/avatar\\\/4c81fed838786e9b53f540bf46533e750f5d292099ae3b66cfc6fb1982e29df7?s=96&d=mm&r=g\",\"contentUrl\":\"https:\\\/\\\/secure.gravatar.com\\\/avatar\\\/4c81fed838786e9b53f540bf46533e750f5d292099ae3b66cfc6fb1982e29df7?s=96&d=mm&r=g\",\"caption\":\"admin\"},\"description\":\"admin\",\"url\":\"https:\\\/\\\/lasentinelle.dz\\\/author\\\/admin\\\/\"}]}<\/script>\n<!-- \/ Yoast SEO plugin. -->","yoast_head_json":{"title":"En pr\u00e9vision de l\u2019A\u00efd : Getex lance sa nouvelle collection de v\u00eatements pour enfants \u00e0 des prix comp\u00e9titifs - La Sentinelle","robots":{"index":"index","follow":"follow","max-snippet":"max-snippet:-1","max-image-preview":"max-image-preview:large","max-video-preview":"max-video-preview:-1"},"canonical":"https:\/\/lasentinelle.dz\/index.php\/2025\/02\/27\/en-prevision-de-laid-getex-lance-sa-nouvelle-collection-de-vetements-pour-enfants-a-des-prix-competitifs\/","og_locale":"fr_FR","og_type":"article","og_title":"En pr\u00e9vision de l\u2019A\u00efd : Getex lance sa nouvelle collection de v\u00eatements pour enfants \u00e0 des prix comp\u00e9titifs - La Sentinelle","og_description":"Le holding industriel public textiles et cuirs \u00ab\u00a0GETEX\u00a0\u00bb a lanc\u00e9, mardi \u00e0 Alger, sa nouvelle collection de v\u00eatements pour enfants","og_url":"https:\/\/lasentinelle.dz\/index.php\/2025\/02\/27\/en-prevision-de-laid-getex-lance-sa-nouvelle-collection-de-vetements-pour-enfants-a-des-prix-competitifs\/","og_site_name":"La Sentinelle","article_publisher":"https:\/\/www.facebook.com\/La-Sentinelle-104059864394773","article_published_time":"2025-02-27T10:13:00+00:00","article_modified_time":"2025-03-01T10:14:56+00:00","og_image":[{"width":580,"height":350,"url":"https:\/\/lasentinelle.dz\/wp-content\/uploads\/2025\/03\/getex-aid.jpg","type":"image\/jpeg"}],"author":"admin","twitter_card":"summary_large_image","twitter_misc":{"\u00c9crit par":"admin","Dur\u00e9e de lecture estim\u00e9e":"3 minutes"},"schema":{"@context":"https:\/\/schema.org","@graph":[{"@type":"Article","@id":"https:\/\/lasentinelle.dz\/index.php\/2025\/02\/27\/en-prevision-de-laid-getex-lance-sa-nouvelle-collection-de-vetements-pour-enfants-a-des-prix-competitifs\/#article","isPartOf":{"@id":"https:\/\/lasentinelle.dz\/index.php\/2025\/02\/27\/en-prevision-de-laid-getex-lance-sa-nouvelle-collection-de-vetements-pour-enfants-a-des-prix-competitifs\/"},"author":{"name":"admin","@id":"https:\/\/lasentinelle.dz\/#\/schema\/person\/729ee0024f24e0b8c5ec17232f8e8b41"},"headline":"En pr\u00e9vision de l\u2019A\u00efd : Getex lance sa nouvelle collection de v\u00eatements pour enfants \u00e0 des prix comp\u00e9titifs","datePublished":"2025-02-27T10:13:00+00:00","dateModified":"2025-03-01T10:14:56+00:00","mainEntityOfPage":{"@id":"https:\/\/lasentinelle.dz\/index.php\/2025\/02\/27\/en-prevision-de-laid-getex-lance-sa-nouvelle-collection-de-vetements-pour-enfants-a-des-prix-competitifs\/"},"wordCount":427,"commentCount":0,"publisher":{"@id":"https:\/\/lasentinelle.dz\/#organization"},"image":{"@id":"https:\/\/lasentinelle.dz\/index.php\/2025\/02\/27\/en-prevision-de-laid-getex-lance-sa-nouvelle-collection-de-vetements-pour-enfants-a-des-prix-competitifs\/#primaryimage"},"thumbnailUrl":"https:\/\/lasentinelle.dz\/wp-content\/uploads\/2025\/03\/getex-aid.jpg","articleSection":["Actualit\u00e9"],"inLanguage":"fr-FR","potentialAction":[{"@type":"CommentAction","name":"Comment","target":["https:\/\/lasentinelle.dz\/index.php\/2025\/02\/27\/en-prevision-de-laid-getex-lance-sa-nouvelle-collection-de-vetements-pour-enfants-a-des-prix-competitifs\/#respond"]}]},{"@type":"WebPage","@id":"https:\/\/lasentinelle.dz\/index.php\/2025\/02\/27\/en-prevision-de-laid-getex-lance-sa-nouvelle-collection-de-vetements-pour-enfants-a-des-prix-competitifs\/","url":"https:\/\/lasentinelle.dz\/index.php\/2025\/02\/27\/en-prevision-de-laid-getex-lance-sa-nouvelle-collection-de-vetements-pour-enfants-a-des-prix-competitifs\/","name":"En pr\u00e9vision de l\u2019A\u00efd : Getex lance sa nouvelle collection de v\u00eatements pour enfants \u00e0 des prix comp\u00e9titifs - La Sentinelle","isPartOf":{"@id":"https:\/\/lasentinelle.dz\/#website"},"primaryImageOfPage":{"@id":"https:\/\/lasentinelle.dz\/index.php\/2025\/02\/27\/en-prevision-de-laid-getex-lance-sa-nouvelle-collection-de-vetements-pour-enfants-a-des-prix-competitifs\/#primaryimage"},"image":{"@id":"https:\/\/lasentinelle.dz\/index.php\/2025\/02\/27\/en-prevision-de-laid-getex-lance-sa-nouvelle-collection-de-vetements-pour-enfants-a-des-prix-competitifs\/#primaryimage"},"thumbnailUrl":"https:\/\/lasentinelle.dz\/wp-content\/uploads\/2025\/03\/getex-aid.jpg","datePublished":"2025-02-27T10:13:00+00:00","dateModified":"2025-03-01T10:14:56+00:00","breadcrumb":{"@id":"https:\/\/lasentinelle.dz\/index.php\/2025\/02\/27\/en-prevision-de-laid-getex-lance-sa-nouvelle-collection-de-vetements-pour-enfants-a-des-prix-competitifs\/#breadcrumb"},"inLanguage":"fr-FR","potentialAction":[{"@type":"ReadAction","target":["https:\/\/lasentinelle.dz\/index.php\/2025\/02\/27\/en-prevision-de-laid-getex-lance-sa-nouvelle-collection-de-vetements-pour-enfants-a-des-prix-competitifs\/"]}]},{"@type":"ImageObject","inLanguage":"fr-FR","@id":"https:\/\/lasentinelle.dz\/index.php\/2025\/02\/27\/en-prevision-de-laid-getex-lance-sa-nouvelle-collection-de-vetements-pour-enfants-a-des-prix-competitifs\/#primaryimage","url":"https:\/\/lasentinelle.dz\/wp-content\/uploads\/2025\/03\/getex-aid.jpg","contentUrl":"https:\/\/lasentinelle.dz\/wp-content\/uploads\/2025\/03\/getex-aid.jpg","width":580,"height":350},{"@type":"BreadcrumbList","@id":"https:\/\/lasentinelle.dz\/index.php\/2025\/02\/27\/en-prevision-de-laid-getex-lance-sa-nouvelle-collection-de-vetements-pour-enfants-a-des-prix-competitifs\/#breadcrumb","itemListElement":[{"@type":"ListItem","position":1,"name":"Accueil","item":"https:\/\/lasentinelle.dz\/"},{"@type":"ListItem","position":2,"name":"En pr\u00e9vision de l\u2019A\u00efd : Getex lance sa nouvelle collection de v\u00eatements pour enfants \u00e0 des prix comp\u00e9titifs"}]},{"@type":"WebSite","@id":"https:\/\/lasentinelle.dz\/#website","url":"https:\/\/lasentinelle.dz\/","name":"La Sentinelle","description":"Quotidien national d&#039;information","publisher":{"@id":"https:\/\/lasentinelle.dz\/#organization"},"potentialAction":[{"@type":"SearchAction","target":{"@type":"EntryPoint","urlTemplate":"https:\/\/lasentinelle.dz\/?s={search_term_string}"},"query-input":{"@type":"PropertyValueSpecification","valueRequired":true,"valueName":"search_term_string"}}],"inLanguage":"fr-FR"},{"@type":"Organization","@id":"https:\/\/lasentinelle.dz\/#organization","name":"Quotidien La Sentinelle","url":"https:\/\/lasentinelle.dz\/","logo":{"@type":"ImageObject","inLanguage":"fr-FR","@id":"https:\/\/lasentinelle.dz\/#\/schema\/logo\/image\/","url":"https:\/\/lasentinelle.dz\/wp-content\/uploads\/2021\/09\/logo-sentinelleSLOGAN-1.png","contentUrl":"https:\/\/lasentinelle.dz\/wp-content\/uploads\/2021\/09\/logo-sentinelleSLOGAN-1.png","width":615,"height":142,"caption":"Quotidien La Sentinelle"},"image":{"@id":"https:\/\/lasentinelle.dz\/#\/schema\/logo\/image\/"},"sameAs":["https:\/\/www.facebook.com\/La-Sentinelle-104059864394773"]},{"@type":"Person","@id":"https:\/\/lasentinelle.dz\/#\/schema\/person\/729ee0024f24e0b8c5ec17232f8e8b41","name":"admin","image":{"@type":"ImageObject","inLanguage":"fr-FR","@id":"https:\/\/secure.gravatar.com\/avatar\/4c81fed838786e9b53f540bf46533e750f5d292099ae3b66cfc6fb1982e29df7?s=96&d=mm&r=g","url":"https:\/\/secure.gravatar.com\/avatar\/4c81fed838786e9b53f540bf46533e750f5d292099ae3b66cfc6fb1982e29df7?s=96&d=mm&r=g","contentUrl":"https:\/\/secure.gravatar.com\/avatar\/4c81fed838786e9b53f540bf46533e750f5d292099ae3b66cfc6fb1982e29df7?s=96&d=mm&r=g","caption":"admin"},"description":"admin","url":"https:\/\/lasentinelle.dz\/author\/admin\/"}]}},"_links":{"self":[{"href":"https:\/\/lasentinelle.dz\/index.php\/wp-json\/wp\/v2\/posts\/63663","targetHints":{"allow":["GET"]}}],"collection":[{"href":"https:\/\/lasentinelle.dz\/index.php\/wp-json\/wp\/v2\/posts"}],"about":[{"href":"https:\/\/lasentinelle.dz\/index.php\/wp-json\/wp\/v2\/types\/post"}],"author":[{"embeddable":true,"href":"https:\/\/lasentinelle.dz\/index.php\/wp-json\/wp\/v2\/users\/6"}],"replies":[{"embeddable":true,"href":"https:\/\/lasentinelle.dz\/index.php\/wp-json\/wp\/v2\/comments?post=63663"}],"version-history":[{"count":1,"href":"https:\/\/lasentinelle.dz\/index.php\/wp-json\/wp\/v2\/posts\/63663\/revisions"}],"predecessor-version":[{"id":63665,"href":"https:\/\/lasentinelle.dz\/index.php\/wp-json\/wp\/v2\/posts\/63663\/revisions\/63665"}],"wp:featuredmedia":[{"embeddable":true,"href":"https:\/\/lasentinelle.dz\/index.php\/wp-json\/wp\/v2\/media\/63664"}],"wp:attachment":[{"href":"https:\/\/lasentinelle.dz\/index.php\/wp-json\/wp\/v2\/media?parent=63663"}],"wp:term":[{"taxonomy":"category","embeddable":true,"href":"https:\/\/lasentinelle.dz\/index.php\/wp-json\/wp\/v2\/categories?post=63663"},{"taxonomy":"post_tag","embeddable":true,"href":"https:\/\/lasentinelle.dz\/index.php\/wp-json\/wp\/v2\/tags?post=63663"}],"curies":[{"name":"wp","href":"https:\/\/api.w.org\/{rel}","templated":true}]}}