{"id":63670,"date":"2025-02-27T11:17:00","date_gmt":"2025-02-27T10:17:00","guid":{"rendered":"https:\/\/lasentinelle.dz\/?p=63670"},"modified":"2025-03-01T11:18:17","modified_gmt":"2025-03-01T10:18:17","slug":"decisions-a-caractere-social-louisa-hanoune-salue-les-mesures-prises-par-le-president-de-la-republique","status":"publish","type":"post","link":"https:\/\/lasentinelle.dz\/index.php\/2025\/02\/27\/decisions-a-caractere-social-louisa-hanoune-salue-les-mesures-prises-par-le-president-de-la-republique\/","title":{"rendered":"D\u00e9cisions \u00e0 caract\u00e8re social \u00a0: Louisa Hanoune salue les mesures prises par le pr\u00e9sident de la R\u00e9publique"},"content":{"rendered":"\n<p>La secr\u00e9taire g\u00e9n\u00e9rale du Parti des travailleurs (PT), Louisa Hanoune, a exprim\u00e9 son soutien aux r\u00e9centes mesures sociales annonc\u00e9es par le pr\u00e9sident Abdelmadjid Tebboune, lors d&rsquo;une rencontre tenue mardi soir avec les militants et cadres de sa formation politique au centre culturel \u00ab\u00a0Mohamed Seghir\u00a0\u00bb d&rsquo;Oran. Dans un contexte national marqu\u00e9 par des attentes sociales croissantes, cette d\u00e9claration intervient alors que le gouvernement multiplie les initiatives pour am\u00e9liorer les conditions de vie des citoyens. Mme Hanoune a particuli\u00e8rement mis en avant deux mesures phares r\u00e9cemment adopt\u00e9es par le chef de l&rsquo;\u00c9tat : l&rsquo;allongement du cong\u00e9 de maternit\u00e9 et l&rsquo;abaissement de l&rsquo;\u00e2ge de d\u00e9part \u00e0 la retraite pour les enseignants des trois cycles d&rsquo;enseignement, qu&rsquo;elle a qualifi\u00e9es de \u00ab\u00a0positives\u00a0\u00bb. Ces r\u00e9formes s&rsquo;inscrivent dans une politique plus large visant \u00e0 renforcer la protection sociale des travailleurs et \u00e0 am\u00e9liorer leurs conditions professionnelles, dans un pays o\u00f9 le secteur de l&rsquo;\u00e9ducation emploie plusieurs centaines de milliers de personnes. La cheffe du PT a \u00e9galement salu\u00e9 la position pr\u00e9sidentielle concernant la gestion des terres rares, ressources strat\u00e9giques dont l&rsquo;Alg\u00e9rie dispose en quantit\u00e9s significatives et qui font l&rsquo;objet d&rsquo;une attention internationale croissante en raison de leur importance dans les technologies modernes. \u00ab\u00a0C&rsquo;est une d\u00e9cision nationale et un acquis\u00a0\u00bb, a-t-elle d\u00e9clar\u00e9, reconnaissant ainsi la pertinence de pr\u00e9server cette richesse nationale. Tout en reconnaissant ces avanc\u00e9es, Mme Hanoune a n\u00e9anmoins appel\u00e9 \u00e0 davantage d&rsquo;efforts gouvernementaux, notamment sur la question du pouvoir d&rsquo;achat : \u00ab\u00a0Nous encourageons les pouvoirs publics \u00e0 prendre davantage de d\u00e9cisions, notamment en ce qui concerne l&rsquo;augmentation des salaires des travailleurs\u00a0\u00bb. Cette demande fait \u00e9cho aux pr\u00e9occupations de nombreux Alg\u00e9riens face \u00e0 l&rsquo;inflation et aux d\u00e9fis \u00e9conomiques actuels. Dans son discours, la secr\u00e9taire g\u00e9n\u00e9rale du PT a \u00e9galement soulign\u00e9 l&rsquo;importance de poursuivre les efforts de d\u00e9veloppement national : \u00ab\u00a0Nous aspirons \u00e0 davantage d&rsquo;efforts pour r\u00e9aliser d&rsquo;autres r\u00e9ussites et nous ne nions pas les grands projets et chantiers \u00e0 travers le pays dans diff\u00e9rents secteurs\u00a0\u00bb. Cette reconnaissance des r\u00e9alisations actuelles tout en appelant \u00e0 leur amplification illustre la position nuanc\u00e9e du PT, parti historiquement ancr\u00e9 \u00e0 gauche mais qui semble vouloir adopter une attitude constructive vis-\u00e0-vis de certaines politiques gouvernementales. \u00c9voquant plusieurs \u00e9v\u00e9nements historiques majeurs comme la gr\u00e8ve des huit jours, les \u00e9v\u00e9nements de Sakiet Sidi Youcef, la cr\u00e9ation de l&rsquo;Union g\u00e9n\u00e9rale des travailleurs alg\u00e9riens et la nationalisation des hydrocarbures, Mme Hanoune a insist\u00e9 sur \u00ab\u00a0l&rsquo;importance de pr\u00e9server les acquis de la Guerre de lib\u00e9ration et de fortifier le pays, notamment dans le contexte mondial actuel\u00a0\u00bb. Cette r\u00e9f\u00e9rence aux fondements historiques de l&rsquo;Alg\u00e9rie ind\u00e9pendante souligne la continuit\u00e9 id\u00e9ologique du PT, qui place la souverainet\u00e9 nationale et la justice sociale au c\u0153ur de son discours. Sur le plan international, la secr\u00e9taire g\u00e9n\u00e9rale a \u00e9galement apport\u00e9 son soutien \u00e0 la position alg\u00e9rienne concernant le g\u00e9nocide sioniste \u00e0 Ghaza, rejetant \u00ab\u00a0toute forme de d\u00e9portation des Palestiniens\u00a0\u00bb et soulignant que \u00ab\u00a0la priorit\u00e9 est \u00e0 l&rsquo;acc\u00e9l\u00e9ration de l&rsquo;acheminement de l&rsquo;aide \u00e0 Ghaza\u00a0\u00bb. Dans cette optique, elle a encourag\u00e9 les \u00ab\u00a0militants, adh\u00e9rents et sympathisants du parti \u00e0 participer aux campagnes de dons organis\u00e9es au profit du peuple palestinien\u00a0\u00bb, d\u00e9montrant ainsi la solidarit\u00e9 du PT avec la cause palestinienne, position largement partag\u00e9e \u00e0 travers l&rsquo;\u00e9chiquier politique alg\u00e9rien.<\/p>\n\n\n\n<p>Chokri Hafed<\/p>\n","protected":false},"excerpt":{"rendered":"<p>La secr\u00e9taire g\u00e9n\u00e9rale du Parti des travailleurs (PT), Louisa Hanoune, a exprim\u00e9 son soutien aux r\u00e9centes mesures sociales annonc\u00e9es par<\/p>\n","protected":false},"author":6,"featured_media":49258,"comment_status":"open","ping_status":"closed","sticky":false,"template":"","format":"standard","meta":{"colormag_page_container_layout":"default_layout","colormag_page_sidebar_layout":"default_layout","om_disable_all_campaigns":false,"_monsterinsights_skip_tracking":false,"_monsterinsights_sitenote_active":false,"_monsterinsights_sitenote_note":"","_monsterinsights_sitenote_category":0,"footnotes":"","_wpscppro_dont_share_socialmedia":false,"_wpscppro_custom_social_share_image":0,"_facebook_share_type":"default","_twitter_share_type":"default","_linkedin_share_type":"default","_pinterest_share_type":"default","_linkedin_share_type_page":"","_instagram_share_type":"default","_medium_share_type":"default","_threads_share_type":"","_google_business_share_type":"","_selected_social_profile":[],"_wpsp_enable_custom_social_template":false,"_wpsp_social_scheduling":{"enabled":false,"datetime":null,"platforms":[],"status":"template_only","dateOption":"today","timeOption":"now","customDays":"","customHours":"","customDate":"","customTime":"","schedulingType":"absolute"},"_wpsp_active_default_template":true},"categories":[28],"tags":[],"class_list":["post-63670","post","type-post","status-publish","format-standard","has-post-thumbnail","hentry","category-politique"],"aioseo_notices":[],"yoast_head":"<!-- This site is optimized with the Yoast SEO plugin v27.5 - https:\/\/yoast.com\/product\/yoast-seo-wordpress\/ -->\n<title>D\u00e9cisions \u00e0 caract\u00e8re social \u00a0: Louisa Hanoune salue les mesures prises par le pr\u00e9sident de la R\u00e9publique - La Sentinelle<\/title>\n<meta name=\"robots\" content=\"index, follow, max-snippet:-1, max-image-preview:large, max-video-preview:-1\" \/>\n<link rel=\"canonical\" href=\"https:\/\/lasentinelle.dz\/index.php\/2025\/02\/27\/decisions-a-caractere-social-louisa-hanoune-salue-les-mesures-prises-par-le-president-de-la-republique\/\" \/>\n<meta property=\"og:locale\" content=\"fr_FR\" \/>\n<meta property=\"og:type\" content=\"article\" \/>\n<meta property=\"og:title\" content=\"D\u00e9cisions \u00e0 caract\u00e8re social \u00a0: Louisa Hanoune salue les mesures prises par le pr\u00e9sident de la R\u00e9publique - La Sentinelle\" \/>\n<meta property=\"og:description\" content=\"La secr\u00e9taire g\u00e9n\u00e9rale du Parti des travailleurs (PT), Louisa Hanoune, a exprim\u00e9 son soutien aux r\u00e9centes mesures sociales annonc\u00e9es par\" \/>\n<meta property=\"og:url\" content=\"https:\/\/lasentinelle.dz\/index.php\/2025\/02\/27\/decisions-a-caractere-social-louisa-hanoune-salue-les-mesures-prises-par-le-president-de-la-republique\/\" \/>\n<meta property=\"og:site_name\" content=\"La Sentinelle\" \/>\n<meta property=\"article:publisher\" content=\"https:\/\/www.facebook.com\/La-Sentinelle-104059864394773\" \/>\n<meta property=\"article:published_time\" content=\"2025-02-27T10:17:00+00:00\" \/>\n<meta property=\"article:modified_time\" content=\"2025-03-01T10:18:17+00:00\" \/>\n<meta property=\"og:image\" content=\"https:\/\/lasentinelle.dz\/wp-content\/uploads\/2024\/02\/hanoune.jpeg\" \/>\n\t<meta property=\"og:image:width\" content=\"1280\" \/>\n\t<meta property=\"og:image:height\" content=\"720\" \/>\n\t<meta property=\"og:image:type\" content=\"image\/jpeg\" \/>\n<meta name=\"author\" content=\"admin\" \/>\n<meta name=\"twitter:card\" content=\"summary_large_image\" \/>\n<meta name=\"twitter:label1\" content=\"\u00c9crit par\" \/>\n\t<meta name=\"twitter:data1\" content=\"admin\" \/>\n\t<meta name=\"twitter:label2\" content=\"Dur\u00e9e de lecture estim\u00e9e\" \/>\n\t<meta name=\"twitter:data2\" content=\"3 minutes\" \/>\n<script type=\"application\/ld+json\" class=\"yoast-schema-graph\">{\"@context\":\"https:\\\/\\\/schema.org\",\"@graph\":[{\"@type\":\"Article\",\"@id\":\"https:\\\/\\\/lasentinelle.dz\\\/index.php\\\/2025\\\/02\\\/27\\\/decisions-a-caractere-social-louisa-hanoune-salue-les-mesures-prises-par-le-president-de-la-republique\\\/#article\",\"isPartOf\":{\"@id\":\"https:\\\/\\\/lasentinelle.dz\\\/index.php\\\/2025\\\/02\\\/27\\\/decisions-a-caractere-social-louisa-hanoune-salue-les-mesures-prises-par-le-president-de-la-republique\\\/\"},\"author\":{\"name\":\"admin\",\"@id\":\"https:\\\/\\\/lasentinelle.dz\\\/#\\\/schema\\\/person\\\/729ee0024f24e0b8c5ec17232f8e8b41\"},\"headline\":\"D\u00e9cisions \u00e0 caract\u00e8re social \u00a0: Louisa Hanoune salue les mesures prises par le pr\u00e9sident de la R\u00e9publique\",\"datePublished\":\"2025-02-27T10:17:00+00:00\",\"dateModified\":\"2025-03-01T10:18:17+00:00\",\"mainEntityOfPage\":{\"@id\":\"https:\\\/\\\/lasentinelle.dz\\\/index.php\\\/2025\\\/02\\\/27\\\/decisions-a-caractere-social-louisa-hanoune-salue-les-mesures-prises-par-le-president-de-la-republique\\\/\"},\"wordCount\":619,\"commentCount\":0,\"publisher\":{\"@id\":\"https:\\\/\\\/lasentinelle.dz\\\/#organization\"},\"image\":{\"@id\":\"https:\\\/\\\/lasentinelle.dz\\\/index.php\\\/2025\\\/02\\\/27\\\/decisions-a-caractere-social-louisa-hanoune-salue-les-mesures-prises-par-le-president-de-la-republique\\\/#primaryimage\"},\"thumbnailUrl\":\"https:\\\/\\\/lasentinelle.dz\\\/wp-content\\\/uploads\\\/2024\\\/02\\\/hanoune.jpeg\",\"articleSection\":[\"Politique\"],\"inLanguage\":\"fr-FR\",\"potentialAction\":[{\"@type\":\"CommentAction\",\"name\":\"Comment\",\"target\":[\"https:\\\/\\\/lasentinelle.dz\\\/index.php\\\/2025\\\/02\\\/27\\\/decisions-a-caractere-social-louisa-hanoune-salue-les-mesures-prises-par-le-president-de-la-republique\\\/#respond\"]}]},{\"@type\":\"WebPage\",\"@id\":\"https:\\\/\\\/lasentinelle.dz\\\/index.php\\\/2025\\\/02\\\/27\\\/decisions-a-caractere-social-louisa-hanoune-salue-les-mesures-prises-par-le-president-de-la-republique\\\/\",\"url\":\"https:\\\/\\\/lasentinelle.dz\\\/index.php\\\/2025\\\/02\\\/27\\\/decisions-a-caractere-social-louisa-hanoune-salue-les-mesures-prises-par-le-president-de-la-republique\\\/\",\"name\":\"D\u00e9cisions \u00e0 caract\u00e8re social \u00a0: Louisa Hanoune salue les mesures prises par le pr\u00e9sident de la R\u00e9publique - La Sentinelle\",\"isPartOf\":{\"@id\":\"https:\\\/\\\/lasentinelle.dz\\\/#website\"},\"primaryImageOfPage\":{\"@id\":\"https:\\\/\\\/lasentinelle.dz\\\/index.php\\\/2025\\\/02\\\/27\\\/decisions-a-caractere-social-louisa-hanoune-salue-les-mesures-prises-par-le-president-de-la-republique\\\/#primaryimage\"},\"image\":{\"@id\":\"https:\\\/\\\/lasentinelle.dz\\\/index.php\\\/2025\\\/02\\\/27\\\/decisions-a-caractere-social-louisa-hanoune-salue-les-mesures-prises-par-le-president-de-la-republique\\\/#primaryimage\"},\"thumbnailUrl\":\"https:\\\/\\\/lasentinelle.dz\\\/wp-content\\\/uploads\\\/2024\\\/02\\\/hanoune.jpeg\",\"datePublished\":\"2025-02-27T10:17:00+00:00\",\"dateModified\":\"2025-03-01T10:18:17+00:00\",\"breadcrumb\":{\"@id\":\"https:\\\/\\\/lasentinelle.dz\\\/index.php\\\/2025\\\/02\\\/27\\\/decisions-a-caractere-social-louisa-hanoune-salue-les-mesures-prises-par-le-president-de-la-republique\\\/#breadcrumb\"},\"inLanguage\":\"fr-FR\",\"potentialAction\":[{\"@type\":\"ReadAction\",\"target\":[\"https:\\\/\\\/lasentinelle.dz\\\/index.php\\\/2025\\\/02\\\/27\\\/decisions-a-caractere-social-louisa-hanoune-salue-les-mesures-prises-par-le-president-de-la-republique\\\/\"]}]},{\"@type\":\"ImageObject\",\"inLanguage\":\"fr-FR\",\"@id\":\"https:\\\/\\\/lasentinelle.dz\\\/index.php\\\/2025\\\/02\\\/27\\\/decisions-a-caractere-social-louisa-hanoune-salue-les-mesures-prises-par-le-president-de-la-republique\\\/#primaryimage\",\"url\":\"https:\\\/\\\/lasentinelle.dz\\\/wp-content\\\/uploads\\\/2024\\\/02\\\/hanoune.jpeg\",\"contentUrl\":\"https:\\\/\\\/lasentinelle.dz\\\/wp-content\\\/uploads\\\/2024\\\/02\\\/hanoune.jpeg\",\"width\":1280,\"height\":720},{\"@type\":\"BreadcrumbList\",\"@id\":\"https:\\\/\\\/lasentinelle.dz\\\/index.php\\\/2025\\\/02\\\/27\\\/decisions-a-caractere-social-louisa-hanoune-salue-les-mesures-prises-par-le-president-de-la-republique\\\/#breadcrumb\",\"itemListElement\":[{\"@type\":\"ListItem\",\"position\":1,\"name\":\"Accueil\",\"item\":\"https:\\\/\\\/lasentinelle.dz\\\/\"},{\"@type\":\"ListItem\",\"position\":2,\"name\":\"D\u00e9cisions \u00e0 caract\u00e8re social \u00a0: Louisa Hanoune salue les mesures prises par le pr\u00e9sident de la R\u00e9publique\"}]},{\"@type\":\"WebSite\",\"@id\":\"https:\\\/\\\/lasentinelle.dz\\\/#website\",\"url\":\"https:\\\/\\\/lasentinelle.dz\\\/\",\"name\":\"La Sentinelle\",\"description\":\"Quotidien national d&#039;information\",\"publisher\":{\"@id\":\"https:\\\/\\\/lasentinelle.dz\\\/#organization\"},\"potentialAction\":[{\"@type\":\"SearchAction\",\"target\":{\"@type\":\"EntryPoint\",\"urlTemplate\":\"https:\\\/\\\/lasentinelle.dz\\\/?s={search_term_string}\"},\"query-input\":{\"@type\":\"PropertyValueSpecification\",\"valueRequired\":true,\"valueName\":\"search_term_string\"}}],\"inLanguage\":\"fr-FR\"},{\"@type\":\"Organization\",\"@id\":\"https:\\\/\\\/lasentinelle.dz\\\/#organization\",\"name\":\"Quotidien La Sentinelle\",\"url\":\"https:\\\/\\\/lasentinelle.dz\\\/\",\"logo\":{\"@type\":\"ImageObject\",\"inLanguage\":\"fr-FR\",\"@id\":\"https:\\\/\\\/lasentinelle.dz\\\/#\\\/schema\\\/logo\\\/image\\\/\",\"url\":\"https:\\\/\\\/lasentinelle.dz\\\/wp-content\\\/uploads\\\/2021\\\/09\\\/logo-sentinelleSLOGAN-1.png\",\"contentUrl\":\"https:\\\/\\\/lasentinelle.dz\\\/wp-content\\\/uploads\\\/2021\\\/09\\\/logo-sentinelleSLOGAN-1.png\",\"width\":615,\"height\":142,\"caption\":\"Quotidien La Sentinelle\"},\"image\":{\"@id\":\"https:\\\/\\\/lasentinelle.dz\\\/#\\\/schema\\\/logo\\\/image\\\/\"},\"sameAs\":[\"https:\\\/\\\/www.facebook.com\\\/La-Sentinelle-104059864394773\"]},{\"@type\":\"Person\",\"@id\":\"https:\\\/\\\/lasentinelle.dz\\\/#\\\/schema\\\/person\\\/729ee0024f24e0b8c5ec17232f8e8b41\",\"name\":\"admin\",\"image\":{\"@type\":\"ImageObject\",\"inLanguage\":\"fr-FR\",\"@id\":\"https:\\\/\\\/secure.gravatar.com\\\/avatar\\\/4c81fed838786e9b53f540bf46533e750f5d292099ae3b66cfc6fb1982e29df7?s=96&d=mm&r=g\",\"url\":\"https:\\\/\\\/secure.gravatar.com\\\/avatar\\\/4c81fed838786e9b53f540bf46533e750f5d292099ae3b66cfc6fb1982e29df7?s=96&d=mm&r=g\",\"contentUrl\":\"https:\\\/\\\/secure.gravatar.com\\\/avatar\\\/4c81fed838786e9b53f540bf46533e750f5d292099ae3b66cfc6fb1982e29df7?s=96&d=mm&r=g\",\"caption\":\"admin\"},\"description\":\"admin\",\"url\":\"https:\\\/\\\/lasentinelle.dz\\\/author\\\/admin\\\/\"}]}<\/script>\n<!-- \/ Yoast SEO plugin. -->","yoast_head_json":{"title":"D\u00e9cisions \u00e0 caract\u00e8re social \u00a0: Louisa Hanoune salue les mesures prises par le pr\u00e9sident de la R\u00e9publique - La Sentinelle","robots":{"index":"index","follow":"follow","max-snippet":"max-snippet:-1","max-image-preview":"max-image-preview:large","max-video-preview":"max-video-preview:-1"},"canonical":"https:\/\/lasentinelle.dz\/index.php\/2025\/02\/27\/decisions-a-caractere-social-louisa-hanoune-salue-les-mesures-prises-par-le-president-de-la-republique\/","og_locale":"fr_FR","og_type":"article","og_title":"D\u00e9cisions \u00e0 caract\u00e8re social \u00a0: Louisa Hanoune salue les mesures prises par le pr\u00e9sident de la R\u00e9publique - La Sentinelle","og_description":"La secr\u00e9taire g\u00e9n\u00e9rale du Parti des travailleurs (PT), Louisa Hanoune, a exprim\u00e9 son soutien aux r\u00e9centes mesures sociales annonc\u00e9es par","og_url":"https:\/\/lasentinelle.dz\/index.php\/2025\/02\/27\/decisions-a-caractere-social-louisa-hanoune-salue-les-mesures-prises-par-le-president-de-la-republique\/","og_site_name":"La Sentinelle","article_publisher":"https:\/\/www.facebook.com\/La-Sentinelle-104059864394773","article_published_time":"2025-02-27T10:17:00+00:00","article_modified_time":"2025-03-01T10:18:17+00:00","og_image":[{"width":1280,"height":720,"url":"https:\/\/lasentinelle.dz\/wp-content\/uploads\/2024\/02\/hanoune.jpeg","type":"image\/jpeg"}],"author":"admin","twitter_card":"summary_large_image","twitter_misc":{"\u00c9crit par":"admin","Dur\u00e9e de lecture estim\u00e9e":"3 minutes"},"schema":{"@context":"https:\/\/schema.org","@graph":[{"@type":"Article","@id":"https:\/\/lasentinelle.dz\/index.php\/2025\/02\/27\/decisions-a-caractere-social-louisa-hanoune-salue-les-mesures-prises-par-le-president-de-la-republique\/#article","isPartOf":{"@id":"https:\/\/lasentinelle.dz\/index.php\/2025\/02\/27\/decisions-a-caractere-social-louisa-hanoune-salue-les-mesures-prises-par-le-president-de-la-republique\/"},"author":{"name":"admin","@id":"https:\/\/lasentinelle.dz\/#\/schema\/person\/729ee0024f24e0b8c5ec17232f8e8b41"},"headline":"D\u00e9cisions \u00e0 caract\u00e8re social \u00a0: Louisa Hanoune salue les mesures prises par le pr\u00e9sident de la R\u00e9publique","datePublished":"2025-02-27T10:17:00+00:00","dateModified":"2025-03-01T10:18:17+00:00","mainEntityOfPage":{"@id":"https:\/\/lasentinelle.dz\/index.php\/2025\/02\/27\/decisions-a-caractere-social-louisa-hanoune-salue-les-mesures-prises-par-le-president-de-la-republique\/"},"wordCount":619,"commentCount":0,"publisher":{"@id":"https:\/\/lasentinelle.dz\/#organization"},"image":{"@id":"https:\/\/lasentinelle.dz\/index.php\/2025\/02\/27\/decisions-a-caractere-social-louisa-hanoune-salue-les-mesures-prises-par-le-president-de-la-republique\/#primaryimage"},"thumbnailUrl":"https:\/\/lasentinelle.dz\/wp-content\/uploads\/2024\/02\/hanoune.jpeg","articleSection":["Politique"],"inLanguage":"fr-FR","potentialAction":[{"@type":"CommentAction","name":"Comment","target":["https:\/\/lasentinelle.dz\/index.php\/2025\/02\/27\/decisions-a-caractere-social-louisa-hanoune-salue-les-mesures-prises-par-le-president-de-la-republique\/#respond"]}]},{"@type":"WebPage","@id":"https:\/\/lasentinelle.dz\/index.php\/2025\/02\/27\/decisions-a-caractere-social-louisa-hanoune-salue-les-mesures-prises-par-le-president-de-la-republique\/","url":"https:\/\/lasentinelle.dz\/index.php\/2025\/02\/27\/decisions-a-caractere-social-louisa-hanoune-salue-les-mesures-prises-par-le-president-de-la-republique\/","name":"D\u00e9cisions \u00e0 caract\u00e8re social \u00a0: Louisa Hanoune salue les mesures prises par le pr\u00e9sident de la R\u00e9publique - La Sentinelle","isPartOf":{"@id":"https:\/\/lasentinelle.dz\/#website"},"primaryImageOfPage":{"@id":"https:\/\/lasentinelle.dz\/index.php\/2025\/02\/27\/decisions-a-caractere-social-louisa-hanoune-salue-les-mesures-prises-par-le-president-de-la-republique\/#primaryimage"},"image":{"@id":"https:\/\/lasentinelle.dz\/index.php\/2025\/02\/27\/decisions-a-caractere-social-louisa-hanoune-salue-les-mesures-prises-par-le-president-de-la-republique\/#primaryimage"},"thumbnailUrl":"https:\/\/lasentinelle.dz\/wp-content\/uploads\/2024\/02\/hanoune.jpeg","datePublished":"2025-02-27T10:17:00+00:00","dateModified":"2025-03-01T10:18:17+00:00","breadcrumb":{"@id":"https:\/\/lasentinelle.dz\/index.php\/2025\/02\/27\/decisions-a-caractere-social-louisa-hanoune-salue-les-mesures-prises-par-le-president-de-la-republique\/#breadcrumb"},"inLanguage":"fr-FR","potentialAction":[{"@type":"ReadAction","target":["https:\/\/lasentinelle.dz\/index.php\/2025\/02\/27\/decisions-a-caractere-social-louisa-hanoune-salue-les-mesures-prises-par-le-president-de-la-republique\/"]}]},{"@type":"ImageObject","inLanguage":"fr-FR","@id":"https:\/\/lasentinelle.dz\/index.php\/2025\/02\/27\/decisions-a-caractere-social-louisa-hanoune-salue-les-mesures-prises-par-le-president-de-la-republique\/#primaryimage","url":"https:\/\/lasentinelle.dz\/wp-content\/uploads\/2024\/02\/hanoune.jpeg","contentUrl":"https:\/\/lasentinelle.dz\/wp-content\/uploads\/2024\/02\/hanoune.jpeg","width":1280,"height":720},{"@type":"BreadcrumbList","@id":"https:\/\/lasentinelle.dz\/index.php\/2025\/02\/27\/decisions-a-caractere-social-louisa-hanoune-salue-les-mesures-prises-par-le-president-de-la-republique\/#breadcrumb","itemListElement":[{"@type":"ListItem","position":1,"name":"Accueil","item":"https:\/\/lasentinelle.dz\/"},{"@type":"ListItem","position":2,"name":"D\u00e9cisions \u00e0 caract\u00e8re social \u00a0: Louisa Hanoune salue les mesures prises par le pr\u00e9sident de la R\u00e9publique"}]},{"@type":"WebSite","@id":"https:\/\/lasentinelle.dz\/#website","url":"https:\/\/lasentinelle.dz\/","name":"La Sentinelle","description":"Quotidien national d&#039;information","publisher":{"@id":"https:\/\/lasentinelle.dz\/#organization"},"potentialAction":[{"@type":"SearchAction","target":{"@type":"EntryPoint","urlTemplate":"https:\/\/lasentinelle.dz\/?s={search_term_string}"},"query-input":{"@type":"PropertyValueSpecification","valueRequired":true,"valueName":"search_term_string"}}],"inLanguage":"fr-FR"},{"@type":"Organization","@id":"https:\/\/lasentinelle.dz\/#organization","name":"Quotidien La Sentinelle","url":"https:\/\/lasentinelle.dz\/","logo":{"@type":"ImageObject","inLanguage":"fr-FR","@id":"https:\/\/lasentinelle.dz\/#\/schema\/logo\/image\/","url":"https:\/\/lasentinelle.dz\/wp-content\/uploads\/2021\/09\/logo-sentinelleSLOGAN-1.png","contentUrl":"https:\/\/lasentinelle.dz\/wp-content\/uploads\/2021\/09\/logo-sentinelleSLOGAN-1.png","width":615,"height":142,"caption":"Quotidien La Sentinelle"},"image":{"@id":"https:\/\/lasentinelle.dz\/#\/schema\/logo\/image\/"},"sameAs":["https:\/\/www.facebook.com\/La-Sentinelle-104059864394773"]},{"@type":"Person","@id":"https:\/\/lasentinelle.dz\/#\/schema\/person\/729ee0024f24e0b8c5ec17232f8e8b41","name":"admin","image":{"@type":"ImageObject","inLanguage":"fr-FR","@id":"https:\/\/secure.gravatar.com\/avatar\/4c81fed838786e9b53f540bf46533e750f5d292099ae3b66cfc6fb1982e29df7?s=96&d=mm&r=g","url":"https:\/\/secure.gravatar.com\/avatar\/4c81fed838786e9b53f540bf46533e750f5d292099ae3b66cfc6fb1982e29df7?s=96&d=mm&r=g","contentUrl":"https:\/\/secure.gravatar.com\/avatar\/4c81fed838786e9b53f540bf46533e750f5d292099ae3b66cfc6fb1982e29df7?s=96&d=mm&r=g","caption":"admin"},"description":"admin","url":"https:\/\/lasentinelle.dz\/author\/admin\/"}]}},"_links":{"self":[{"href":"https:\/\/lasentinelle.dz\/index.php\/wp-json\/wp\/v2\/posts\/63670","targetHints":{"allow":["GET"]}}],"collection":[{"href":"https:\/\/lasentinelle.dz\/index.php\/wp-json\/wp\/v2\/posts"}],"about":[{"href":"https:\/\/lasentinelle.dz\/index.php\/wp-json\/wp\/v2\/types\/post"}],"author":[{"embeddable":true,"href":"https:\/\/lasentinelle.dz\/index.php\/wp-json\/wp\/v2\/users\/6"}],"replies":[{"embeddable":true,"href":"https:\/\/lasentinelle.dz\/index.php\/wp-json\/wp\/v2\/comments?post=63670"}],"version-history":[{"count":1,"href":"https:\/\/lasentinelle.dz\/index.php\/wp-json\/wp\/v2\/posts\/63670\/revisions"}],"predecessor-version":[{"id":63671,"href":"https:\/\/lasentinelle.dz\/index.php\/wp-json\/wp\/v2\/posts\/63670\/revisions\/63671"}],"wp:featuredmedia":[{"embeddable":true,"href":"https:\/\/lasentinelle.dz\/index.php\/wp-json\/wp\/v2\/media\/49258"}],"wp:attachment":[{"href":"https:\/\/lasentinelle.dz\/index.php\/wp-json\/wp\/v2\/media?parent=63670"}],"wp:term":[{"taxonomy":"category","embeddable":true,"href":"https:\/\/lasentinelle.dz\/index.php\/wp-json\/wp\/v2\/categories?post=63670"},{"taxonomy":"post_tag","embeddable":true,"href":"https:\/\/lasentinelle.dz\/index.php\/wp-json\/wp\/v2\/tags?post=63670"}],"curies":[{"name":"wp","href":"https:\/\/api.w.org\/{rel}","templated":true}]}}