{"id":63745,"date":"2025-03-03T12:39:56","date_gmt":"2025-03-03T11:39:56","guid":{"rendered":"https:\/\/lasentinelle.dz\/?p=63745"},"modified":"2025-03-03T12:39:56","modified_gmt":"2025-03-03T11:39:56","slug":"lentite-sioniste-suspend-laide-humanitaire-malgre-laccord-de-cessez-le-feu","status":"publish","type":"post","link":"https:\/\/lasentinelle.dz\/index.php\/2025\/03\/03\/lentite-sioniste-suspend-laide-humanitaire-malgre-laccord-de-cessez-le-feu\/","title":{"rendered":"L&rsquo;entit\u00e9 sioniste suspend l&rsquo;aide humanitaire malgr\u00e9 l&rsquo;accord de cessez-le-feu"},"content":{"rendered":"\n<p>L&rsquo;entit\u00e9 sioniste a d\u00e9cid\u00e9 hier de suspendre l&rsquo;entr\u00e9e de l&rsquo;aide humanitaire dans la bande de Ghaza et de fermer les passages frontaliers \u00ab\u00a0jusqu&rsquo;\u00e0 nouvel ordre\u00a0\u00bb, une mesure intervenant au lendemain de l&rsquo;expiration de la premi\u00e8re phase de l&rsquo;accord de cessez-le-feu entr\u00e9 en vigueur le 19 janvier. Cette d\u00e9cision a provoqu\u00e9 une vague d&rsquo;indignation internationale, alors que plus de deux millions de Palestiniens font face \u00e0 une situation humanitaire catastrophique \u00e0 l&rsquo;approche du mois sacr\u00e9 du Ramadan.Le mouvement de r\u00e9sistance palestinien Hamas a vivement d\u00e9nonc\u00e9 cette d\u00e9cision comme un \u00ab\u00a0chantage mesquin, un crime de guerre et une violation flagrante de l&rsquo;accord de cessez-le-feu\u00a0\u00bb. Le Hamas a notamment appel\u00e9 \u00ab\u00a0les m\u00e9diateurs et la communaut\u00e9 internationale \u00e0 faire pression sur l&rsquo;entit\u00e9 sioniste pour mettre un terme \u00e0 ses mesures punitives et immorales contre plus de deux millions de personnes dans la bande de Ghaza\u00a0\u00bb. De son c\u00f4t\u00e9, le minist\u00e8re palestinien des Affaires \u00e9trang\u00e8res et des Expatri\u00e9s a mis en garde contre les dangers de cette d\u00e9cision et ses cons\u00e9quences catastrophiques \u00e0 la lumi\u00e8re de l&rsquo;aggravation des souffrances des Palestiniens. Dans un communiqu\u00e9, le minist\u00e8re a soulign\u00e9 son refus de \u00ab\u00a0politiser l&rsquo;aide et de l&rsquo;utiliser comme une carte de chantage qui aggraverait les souffrances de plus de deux millions de Palestiniens, en plus de celles qu&rsquo;ils endurent d\u00e9j\u00e0 en raison de la guerre g\u00e9nocidaire\u00a0\u00bb men\u00e9e par l&rsquo;entit\u00e9 sioniste et des multiples d\u00e9placements forc\u00e9s. Le minist\u00e8re a appel\u00e9 la communaut\u00e9 internationale \u00e0 assumer ses responsabilit\u00e9s pour obliger l&rsquo;occupant \u00e0 faire entrer l&rsquo;aide de mani\u00e8re durable, et l&#8217;emp\u00eacher \u00ab\u00a0d&rsquo;utiliser la douleur et la faim des Palestiniens comme une arme pour imposer ses conditions politiques\u00a0\u00bb. Cette escalade survient dans un contexte d\u00e9j\u00e0 tendu o\u00f9 l&rsquo;ONU a exprim\u00e9 samedi son inqui\u00e9tude quant \u00e0 une \u00e9ventuelle reprise de l&rsquo;agression sioniste contre Ghaza, le porte-parole du Secr\u00e9taire g\u00e9n\u00e9ral, St\u00e9phane Dujarric, ayant averti qu&rsquo;une telle reprise serait \u00ab\u00a0catastrophique\u00a0\u00bb. Benjamin Netanyahu ne cesse d&rsquo;ailleurs de r\u00e9p\u00e9ter qu&rsquo;il se r\u00e9serve le droit de reprendre les hostilit\u00e9s \u00e0 tout moment pour \u00ab\u00a0an\u00e9antir le Hamas\u00a0\u00bb si celui-ci ne d\u00e9pose pas les armes, malgr\u00e9 les quinze mois d&rsquo;une agression d\u00e9vastatrice ayant d\u00e9j\u00e0 caus\u00e9 des pertes humaines consid\u00e9rables et d\u00e9truit une grande partie des infrastructures de Ghaza.<\/p>\n\n\n\n<p>Parall\u00e8lement, la situation en Cisjordanie occup\u00e9e continue de se d\u00e9t\u00e9riorer. L&rsquo;Union europ\u00e9enne a exprim\u00e9 sa \u00ab\u00a0profonde pr\u00e9occupation\u00a0\u00bb quant aux cons\u00e9quences des op\u00e9rations militaires sionistes en cours dans le nord de la Cisjordanie, o\u00f9 de nombreux Palestiniens sont tomb\u00e9s en martyrs depuis 40 jours. Dans une d\u00e9claration publi\u00e9e samedi, l&rsquo;UE a d\u00e9plor\u00e9 ces op\u00e9rations \u00ab\u00a0qui ont entra\u00een\u00e9 la mort de nombreuses personnes, le d\u00e9placement d&rsquo;environ 40.000 Palestiniens de leur foyer et la destruction de l&rsquo;infrastructure civile\u00a0\u00bb. L&rsquo;Union a \u00e9galement condamn\u00e9 \u00ab\u00a0la poursuite de la violence pratiqu\u00e9e par les colons\u00a0\u00bb et a r\u00e9affirm\u00e9 son engagement \u00e0 \u00ab\u00a0r\u00e9aliser une paix juste, compl\u00e8te et permanente sur la base d&rsquo;une solution \u00e0 deux \u00c9tats\u00a0\u00bb. La tension reste \u00e9galement vive \u00e0 El-Qods occup\u00e9e, o\u00f9 pas moins de 548 colons sionistes ont pris d&rsquo;assaut dimanche l&rsquo;esplanade de la mosqu\u00e9e Al-Aqsa, sous la protection de la police d&rsquo;occupation. Selon l&rsquo;agence de presse palestinienne Wafa, les colons se sont introduits par groupes successifs dans l&rsquo;enceinte de la mosqu\u00e9e, ont men\u00e9 des marches provocatrices et effectu\u00e9 des rituels talmudiques dans ses cours. Ces actes de profanation, devenus quotidiens contre le troisi\u00e8me Lieu-Saint de l&rsquo;Islam, s&rsquo;inscrivent dans une strat\u00e9gie visant \u00e0 juda\u00efser la ville sainte, imposer une nouvelle r\u00e9alit\u00e9 et effacer son identit\u00e9 culturelle.<\/p>\n\n\n\n<p><strong>L\u2019UNRWA emp\u00each\u00e9e de mener ses activit\u00e9s<\/strong><\/p>\n\n\n\n<p>Sur le plan international, l&rsquo;Organisation de la coop\u00e9ration islamique (OCI) a pr\u00e9sent\u00e9 des observations \u00e9crites \u00e0 la Cour internationale de justice (CIJ) concernant l&rsquo;avis consultatif de l&rsquo;ONU sur les obligations de l&rsquo;entit\u00e9 sioniste vis-\u00e0-vis des activit\u00e9s des Nations Unies et d&rsquo;autres organisations internationales dans les territoires palestiniens occup\u00e9s. L&rsquo;OCI a soulign\u00e9 \u00ab\u00a0l&rsquo;importance de ces efforts juridiques pour faire face aux mesures de l&rsquo;entit\u00e9 sioniste emp\u00eachant l&rsquo;UNRWA de mener ses activit\u00e9s dans les territoires palestiniens occup\u00e9s depuis le 30 janvier dernier\u00a0\u00bb. \u00c0 ce sujet, Philippe Lazzarini, commissaire g\u00e9n\u00e9ral de l&rsquo;UNRWA, a averti que les d\u00e9marches sionistes visant \u00e0 d\u00e9manteler l&rsquo;agence onusienne ne r\u00e9soudraient pas la question des r\u00e9fugi\u00e9s palestiniens et risqueraient m\u00eame d&rsquo;aggraver leur situation. Il a qualifi\u00e9 les attaques en cours contre l&rsquo;UNRWA de \u00ab\u00a0non seulement une partie d&rsquo;une offensive contre les r\u00e9fugi\u00e9s palestiniens et le droit au retour, mais aussi une attaque contre l&rsquo;histoire et l&rsquo;identit\u00e9 palestiniennes\u00a0\u00bb. Dans ce contexte, le roi de Jordanie Abdallah II a r\u00e9it\u00e9r\u00e9, lors d&rsquo;un entretien t\u00e9l\u00e9phonique avec le Premier ministre canadien Justin Trudeau, \u00ab\u00a0la n\u00e9cessit\u00e9 de reconstruire la bande de Ghaza sans d\u00e9placer ses habitants, de consolider le cessez-le-feu en vigueur et d&rsquo;intensifier les efforts internationaux en mati\u00e8re de r\u00e9ponse humanitaire\u00a0\u00bb. Le souverain jordanien a \u00e9galement soulign\u00e9 \u00ab\u00a0l&rsquo;importance d&rsquo;un travail s\u00e9rieux et efficace, pour trouver un horizon politique permettant de parvenir \u00e0 une paix juste et globale\u00a0\u00bb.<\/p>\n\n\n\n<p>Pendant ce temps, le soutien militaire am\u00e9ricain \u00e0 l&rsquo;entit\u00e9 sioniste se poursuit. Le secr\u00e9taire d&rsquo;\u00c9tat am\u00e9ricain Marco Rubio a annonc\u00e9 samedi avoir sign\u00e9 une d\u00e9claration visant \u00e0 acc\u00e9l\u00e9rer la livraison d&rsquo;environ 4 milliards de dollars d&rsquo;aide militaire \u00e0 Isra\u00ebl, pr\u00e9cisant que l&rsquo;administration Trump a approuv\u00e9 pr\u00e8s de 12 milliards de dollars de ventes militaires \u00e9trang\u00e8res majeures \u00e0 entit\u00e9 sioniste.<\/p>\n\n\n\n<p>Lyes Sa\u00efdi<\/p>\n\n\n\n<p><strong>M.&nbsp;Attaf&nbsp;re\u00e7oit un appel t\u00e9l\u00e9phonique de son homologue saoudien<\/strong><\/p>\n\n\n\n<p><strong>La situation en Palestine au c\u0153ur des discussions<\/strong><\/p>\n\n\n\n<p>Le ministre d&rsquo;Etat, ministre des affaires \u00e9trang\u00e8res, de la Communaut\u00e9 nationale \u00e0 l&rsquo;\u00e9tranger et des Affaires africaines, M. Ahmed Attaf, a re\u00e7u dimanche un appel t\u00e9l\u00e9phonique du ministre des Affaires \u00e9trang\u00e8res du Royaume d&rsquo;Arabie Saoudite, le Prince Faisal bin Farhan Al Saud, indique un communiqu\u00e9 du minist\u00e8re. Selon la m\u00eame source, les deux parties ont \u00e9voqu\u00e9 les d\u00e9veloppements de la cause palestinienne en pr\u00e9vision de la tenue mardi d&rsquo;un sommet arabe d&rsquo;urgence, en sus de la r\u00e9union extraordinaire du Conseil des ministres des affaires \u00e9trang\u00e8res des pays membres de l&rsquo;Organisation de la coop\u00e9ration islamique (OCI), pr\u00e9vue vendredi prochain. (APS)<\/p>\n","protected":false},"excerpt":{"rendered":"<p>L&rsquo;entit\u00e9 sioniste a d\u00e9cid\u00e9 hier de suspendre l&rsquo;entr\u00e9e de l&rsquo;aide humanitaire dans la bande de Ghaza et de fermer les<\/p>\n","protected":false},"author":6,"featured_media":63746,"comment_status":"open","ping_status":"closed","sticky":false,"template":"","format":"standard","meta":{"colormag_page_container_layout":"default_layout","colormag_page_sidebar_layout":"default_layout","om_disable_all_campaigns":false,"_monsterinsights_skip_tracking":false,"_monsterinsights_sitenote_active":false,"_monsterinsights_sitenote_note":"","_monsterinsights_sitenote_category":0,"footnotes":"","_wpscppro_dont_share_socialmedia":false,"_wpscppro_custom_social_share_image":0,"_facebook_share_type":"default","_twitter_share_type":"default","_linkedin_share_type":"default","_pinterest_share_type":"default","_linkedin_share_type_page":"","_instagram_share_type":"default","_medium_share_type":"default","_threads_share_type":"","_google_business_share_type":"","_selected_social_profile":[],"_wpsp_enable_custom_social_template":false,"_wpsp_social_scheduling":{"enabled":false,"datetime":null,"platforms":[],"status":"template_only","dateOption":"today","timeOption":"now","customDays":"","customHours":"","customDate":"","customTime":"","schedulingType":"absolute"},"_wpsp_active_default_template":true},"categories":[52,37],"tags":[],"class_list":["post-63745","post","type-post","status-publish","format-standard","has-post-thumbnail","hentry","category-a-la-une","category-monde"],"aioseo_notices":[],"yoast_head":"<!-- This site is optimized with the Yoast SEO plugin v27.5 - https:\/\/yoast.com\/product\/yoast-seo-wordpress\/ -->\n<title>L&rsquo;entit\u00e9 sioniste suspend l&rsquo;aide humanitaire malgr\u00e9 l&rsquo;accord de cessez-le-feu - La Sentinelle<\/title>\n<meta name=\"robots\" content=\"index, follow, max-snippet:-1, max-image-preview:large, max-video-preview:-1\" \/>\n<link rel=\"canonical\" href=\"https:\/\/lasentinelle.dz\/index.php\/2025\/03\/03\/lentite-sioniste-suspend-laide-humanitaire-malgre-laccord-de-cessez-le-feu\/\" \/>\n<meta property=\"og:locale\" content=\"fr_FR\" \/>\n<meta property=\"og:type\" content=\"article\" \/>\n<meta property=\"og:title\" content=\"L&rsquo;entit\u00e9 sioniste suspend l&rsquo;aide humanitaire malgr\u00e9 l&rsquo;accord de cessez-le-feu - La Sentinelle\" \/>\n<meta property=\"og:description\" content=\"L&rsquo;entit\u00e9 sioniste a d\u00e9cid\u00e9 hier de suspendre l&rsquo;entr\u00e9e de l&rsquo;aide humanitaire dans la bande de Ghaza et de fermer les\" \/>\n<meta property=\"og:url\" content=\"https:\/\/lasentinelle.dz\/index.php\/2025\/03\/03\/lentite-sioniste-suspend-laide-humanitaire-malgre-laccord-de-cessez-le-feu\/\" \/>\n<meta property=\"og:site_name\" content=\"La Sentinelle\" \/>\n<meta property=\"article:publisher\" content=\"https:\/\/www.facebook.com\/La-Sentinelle-104059864394773\" \/>\n<meta property=\"article:published_time\" content=\"2025-03-03T11:39:56+00:00\" \/>\n<meta property=\"og:image\" content=\"https:\/\/lasentinelle.dz\/wp-content\/uploads\/2025\/03\/Capture-decran-2025-03-03-a-12.39.20.png\" \/>\n\t<meta property=\"og:image:width\" content=\"1390\" \/>\n\t<meta property=\"og:image:height\" content=\"748\" \/>\n\t<meta property=\"og:image:type\" content=\"image\/png\" \/>\n<meta name=\"author\" content=\"admin\" \/>\n<meta name=\"twitter:card\" content=\"summary_large_image\" \/>\n<meta name=\"twitter:label1\" content=\"\u00c9crit par\" \/>\n\t<meta name=\"twitter:data1\" content=\"admin\" \/>\n\t<meta name=\"twitter:label2\" content=\"Dur\u00e9e de lecture estim\u00e9e\" \/>\n\t<meta name=\"twitter:data2\" content=\"6 minutes\" \/>\n<script type=\"application\/ld+json\" class=\"yoast-schema-graph\">{\"@context\":\"https:\\\/\\\/schema.org\",\"@graph\":[{\"@type\":\"Article\",\"@id\":\"https:\\\/\\\/lasentinelle.dz\\\/index.php\\\/2025\\\/03\\\/03\\\/lentite-sioniste-suspend-laide-humanitaire-malgre-laccord-de-cessez-le-feu\\\/#article\",\"isPartOf\":{\"@id\":\"https:\\\/\\\/lasentinelle.dz\\\/index.php\\\/2025\\\/03\\\/03\\\/lentite-sioniste-suspend-laide-humanitaire-malgre-laccord-de-cessez-le-feu\\\/\"},\"author\":{\"name\":\"admin\",\"@id\":\"https:\\\/\\\/lasentinelle.dz\\\/#\\\/schema\\\/person\\\/729ee0024f24e0b8c5ec17232f8e8b41\"},\"headline\":\"L&rsquo;entit\u00e9 sioniste suspend l&rsquo;aide humanitaire malgr\u00e9 l&rsquo;accord de cessez-le-feu\",\"datePublished\":\"2025-03-03T11:39:56+00:00\",\"mainEntityOfPage\":{\"@id\":\"https:\\\/\\\/lasentinelle.dz\\\/index.php\\\/2025\\\/03\\\/03\\\/lentite-sioniste-suspend-laide-humanitaire-malgre-laccord-de-cessez-le-feu\\\/\"},\"wordCount\":1154,\"commentCount\":0,\"publisher\":{\"@id\":\"https:\\\/\\\/lasentinelle.dz\\\/#organization\"},\"image\":{\"@id\":\"https:\\\/\\\/lasentinelle.dz\\\/index.php\\\/2025\\\/03\\\/03\\\/lentite-sioniste-suspend-laide-humanitaire-malgre-laccord-de-cessez-le-feu\\\/#primaryimage\"},\"thumbnailUrl\":\"https:\\\/\\\/lasentinelle.dz\\\/wp-content\\\/uploads\\\/2025\\\/03\\\/Capture-decran-2025-03-03-a-12.39.20.png\",\"articleSection\":[\"\u00c0 la Une\",\"Monde\"],\"inLanguage\":\"fr-FR\",\"potentialAction\":[{\"@type\":\"CommentAction\",\"name\":\"Comment\",\"target\":[\"https:\\\/\\\/lasentinelle.dz\\\/index.php\\\/2025\\\/03\\\/03\\\/lentite-sioniste-suspend-laide-humanitaire-malgre-laccord-de-cessez-le-feu\\\/#respond\"]}]},{\"@type\":\"WebPage\",\"@id\":\"https:\\\/\\\/lasentinelle.dz\\\/index.php\\\/2025\\\/03\\\/03\\\/lentite-sioniste-suspend-laide-humanitaire-malgre-laccord-de-cessez-le-feu\\\/\",\"url\":\"https:\\\/\\\/lasentinelle.dz\\\/index.php\\\/2025\\\/03\\\/03\\\/lentite-sioniste-suspend-laide-humanitaire-malgre-laccord-de-cessez-le-feu\\\/\",\"name\":\"L&rsquo;entit\u00e9 sioniste suspend l&rsquo;aide humanitaire malgr\u00e9 l&rsquo;accord de cessez-le-feu - La Sentinelle\",\"isPartOf\":{\"@id\":\"https:\\\/\\\/lasentinelle.dz\\\/#website\"},\"primaryImageOfPage\":{\"@id\":\"https:\\\/\\\/lasentinelle.dz\\\/index.php\\\/2025\\\/03\\\/03\\\/lentite-sioniste-suspend-laide-humanitaire-malgre-laccord-de-cessez-le-feu\\\/#primaryimage\"},\"image\":{\"@id\":\"https:\\\/\\\/lasentinelle.dz\\\/index.php\\\/2025\\\/03\\\/03\\\/lentite-sioniste-suspend-laide-humanitaire-malgre-laccord-de-cessez-le-feu\\\/#primaryimage\"},\"thumbnailUrl\":\"https:\\\/\\\/lasentinelle.dz\\\/wp-content\\\/uploads\\\/2025\\\/03\\\/Capture-decran-2025-03-03-a-12.39.20.png\",\"datePublished\":\"2025-03-03T11:39:56+00:00\",\"breadcrumb\":{\"@id\":\"https:\\\/\\\/lasentinelle.dz\\\/index.php\\\/2025\\\/03\\\/03\\\/lentite-sioniste-suspend-laide-humanitaire-malgre-laccord-de-cessez-le-feu\\\/#breadcrumb\"},\"inLanguage\":\"fr-FR\",\"potentialAction\":[{\"@type\":\"ReadAction\",\"target\":[\"https:\\\/\\\/lasentinelle.dz\\\/index.php\\\/2025\\\/03\\\/03\\\/lentite-sioniste-suspend-laide-humanitaire-malgre-laccord-de-cessez-le-feu\\\/\"]}]},{\"@type\":\"ImageObject\",\"inLanguage\":\"fr-FR\",\"@id\":\"https:\\\/\\\/lasentinelle.dz\\\/index.php\\\/2025\\\/03\\\/03\\\/lentite-sioniste-suspend-laide-humanitaire-malgre-laccord-de-cessez-le-feu\\\/#primaryimage\",\"url\":\"https:\\\/\\\/lasentinelle.dz\\\/wp-content\\\/uploads\\\/2025\\\/03\\\/Capture-decran-2025-03-03-a-12.39.20.png\",\"contentUrl\":\"https:\\\/\\\/lasentinelle.dz\\\/wp-content\\\/uploads\\\/2025\\\/03\\\/Capture-decran-2025-03-03-a-12.39.20.png\",\"width\":1390,\"height\":748},{\"@type\":\"BreadcrumbList\",\"@id\":\"https:\\\/\\\/lasentinelle.dz\\\/index.php\\\/2025\\\/03\\\/03\\\/lentite-sioniste-suspend-laide-humanitaire-malgre-laccord-de-cessez-le-feu\\\/#breadcrumb\",\"itemListElement\":[{\"@type\":\"ListItem\",\"position\":1,\"name\":\"Accueil\",\"item\":\"https:\\\/\\\/lasentinelle.dz\\\/\"},{\"@type\":\"ListItem\",\"position\":2,\"name\":\"L&rsquo;entit\u00e9 sioniste suspend l&rsquo;aide humanitaire malgr\u00e9 l&rsquo;accord de cessez-le-feu\"}]},{\"@type\":\"WebSite\",\"@id\":\"https:\\\/\\\/lasentinelle.dz\\\/#website\",\"url\":\"https:\\\/\\\/lasentinelle.dz\\\/\",\"name\":\"La Sentinelle\",\"description\":\"Quotidien national d&#039;information\",\"publisher\":{\"@id\":\"https:\\\/\\\/lasentinelle.dz\\\/#organization\"},\"potentialAction\":[{\"@type\":\"SearchAction\",\"target\":{\"@type\":\"EntryPoint\",\"urlTemplate\":\"https:\\\/\\\/lasentinelle.dz\\\/?s={search_term_string}\"},\"query-input\":{\"@type\":\"PropertyValueSpecification\",\"valueRequired\":true,\"valueName\":\"search_term_string\"}}],\"inLanguage\":\"fr-FR\"},{\"@type\":\"Organization\",\"@id\":\"https:\\\/\\\/lasentinelle.dz\\\/#organization\",\"name\":\"Quotidien La Sentinelle\",\"url\":\"https:\\\/\\\/lasentinelle.dz\\\/\",\"logo\":{\"@type\":\"ImageObject\",\"inLanguage\":\"fr-FR\",\"@id\":\"https:\\\/\\\/lasentinelle.dz\\\/#\\\/schema\\\/logo\\\/image\\\/\",\"url\":\"https:\\\/\\\/lasentinelle.dz\\\/wp-content\\\/uploads\\\/2021\\\/09\\\/logo-sentinelleSLOGAN-1.png\",\"contentUrl\":\"https:\\\/\\\/lasentinelle.dz\\\/wp-content\\\/uploads\\\/2021\\\/09\\\/logo-sentinelleSLOGAN-1.png\",\"width\":615,\"height\":142,\"caption\":\"Quotidien La Sentinelle\"},\"image\":{\"@id\":\"https:\\\/\\\/lasentinelle.dz\\\/#\\\/schema\\\/logo\\\/image\\\/\"},\"sameAs\":[\"https:\\\/\\\/www.facebook.com\\\/La-Sentinelle-104059864394773\"]},{\"@type\":\"Person\",\"@id\":\"https:\\\/\\\/lasentinelle.dz\\\/#\\\/schema\\\/person\\\/729ee0024f24e0b8c5ec17232f8e8b41\",\"name\":\"admin\",\"image\":{\"@type\":\"ImageObject\",\"inLanguage\":\"fr-FR\",\"@id\":\"https:\\\/\\\/secure.gravatar.com\\\/avatar\\\/4c81fed838786e9b53f540bf46533e750f5d292099ae3b66cfc6fb1982e29df7?s=96&d=mm&r=g\",\"url\":\"https:\\\/\\\/secure.gravatar.com\\\/avatar\\\/4c81fed838786e9b53f540bf46533e750f5d292099ae3b66cfc6fb1982e29df7?s=96&d=mm&r=g\",\"contentUrl\":\"https:\\\/\\\/secure.gravatar.com\\\/avatar\\\/4c81fed838786e9b53f540bf46533e750f5d292099ae3b66cfc6fb1982e29df7?s=96&d=mm&r=g\",\"caption\":\"admin\"},\"description\":\"admin\",\"url\":\"https:\\\/\\\/lasentinelle.dz\\\/author\\\/admin\\\/\"}]}<\/script>\n<!-- \/ Yoast SEO plugin. -->","yoast_head_json":{"title":"L&rsquo;entit\u00e9 sioniste suspend l&rsquo;aide humanitaire malgr\u00e9 l&rsquo;accord de cessez-le-feu - La Sentinelle","robots":{"index":"index","follow":"follow","max-snippet":"max-snippet:-1","max-image-preview":"max-image-preview:large","max-video-preview":"max-video-preview:-1"},"canonical":"https:\/\/lasentinelle.dz\/index.php\/2025\/03\/03\/lentite-sioniste-suspend-laide-humanitaire-malgre-laccord-de-cessez-le-feu\/","og_locale":"fr_FR","og_type":"article","og_title":"L&rsquo;entit\u00e9 sioniste suspend l&rsquo;aide humanitaire malgr\u00e9 l&rsquo;accord de cessez-le-feu - La Sentinelle","og_description":"L&rsquo;entit\u00e9 sioniste a d\u00e9cid\u00e9 hier de suspendre l&rsquo;entr\u00e9e de l&rsquo;aide humanitaire dans la bande de Ghaza et de fermer les","og_url":"https:\/\/lasentinelle.dz\/index.php\/2025\/03\/03\/lentite-sioniste-suspend-laide-humanitaire-malgre-laccord-de-cessez-le-feu\/","og_site_name":"La Sentinelle","article_publisher":"https:\/\/www.facebook.com\/La-Sentinelle-104059864394773","article_published_time":"2025-03-03T11:39:56+00:00","og_image":[{"width":1390,"height":748,"url":"https:\/\/lasentinelle.dz\/wp-content\/uploads\/2025\/03\/Capture-decran-2025-03-03-a-12.39.20.png","type":"image\/png"}],"author":"admin","twitter_card":"summary_large_image","twitter_misc":{"\u00c9crit par":"admin","Dur\u00e9e de lecture estim\u00e9e":"6 minutes"},"schema":{"@context":"https:\/\/schema.org","@graph":[{"@type":"Article","@id":"https:\/\/lasentinelle.dz\/index.php\/2025\/03\/03\/lentite-sioniste-suspend-laide-humanitaire-malgre-laccord-de-cessez-le-feu\/#article","isPartOf":{"@id":"https:\/\/lasentinelle.dz\/index.php\/2025\/03\/03\/lentite-sioniste-suspend-laide-humanitaire-malgre-laccord-de-cessez-le-feu\/"},"author":{"name":"admin","@id":"https:\/\/lasentinelle.dz\/#\/schema\/person\/729ee0024f24e0b8c5ec17232f8e8b41"},"headline":"L&rsquo;entit\u00e9 sioniste suspend l&rsquo;aide humanitaire malgr\u00e9 l&rsquo;accord de cessez-le-feu","datePublished":"2025-03-03T11:39:56+00:00","mainEntityOfPage":{"@id":"https:\/\/lasentinelle.dz\/index.php\/2025\/03\/03\/lentite-sioniste-suspend-laide-humanitaire-malgre-laccord-de-cessez-le-feu\/"},"wordCount":1154,"commentCount":0,"publisher":{"@id":"https:\/\/lasentinelle.dz\/#organization"},"image":{"@id":"https:\/\/lasentinelle.dz\/index.php\/2025\/03\/03\/lentite-sioniste-suspend-laide-humanitaire-malgre-laccord-de-cessez-le-feu\/#primaryimage"},"thumbnailUrl":"https:\/\/lasentinelle.dz\/wp-content\/uploads\/2025\/03\/Capture-decran-2025-03-03-a-12.39.20.png","articleSection":["\u00c0 la Une","Monde"],"inLanguage":"fr-FR","potentialAction":[{"@type":"CommentAction","name":"Comment","target":["https:\/\/lasentinelle.dz\/index.php\/2025\/03\/03\/lentite-sioniste-suspend-laide-humanitaire-malgre-laccord-de-cessez-le-feu\/#respond"]}]},{"@type":"WebPage","@id":"https:\/\/lasentinelle.dz\/index.php\/2025\/03\/03\/lentite-sioniste-suspend-laide-humanitaire-malgre-laccord-de-cessez-le-feu\/","url":"https:\/\/lasentinelle.dz\/index.php\/2025\/03\/03\/lentite-sioniste-suspend-laide-humanitaire-malgre-laccord-de-cessez-le-feu\/","name":"L&rsquo;entit\u00e9 sioniste suspend l&rsquo;aide humanitaire malgr\u00e9 l&rsquo;accord de cessez-le-feu - La Sentinelle","isPartOf":{"@id":"https:\/\/lasentinelle.dz\/#website"},"primaryImageOfPage":{"@id":"https:\/\/lasentinelle.dz\/index.php\/2025\/03\/03\/lentite-sioniste-suspend-laide-humanitaire-malgre-laccord-de-cessez-le-feu\/#primaryimage"},"image":{"@id":"https:\/\/lasentinelle.dz\/index.php\/2025\/03\/03\/lentite-sioniste-suspend-laide-humanitaire-malgre-laccord-de-cessez-le-feu\/#primaryimage"},"thumbnailUrl":"https:\/\/lasentinelle.dz\/wp-content\/uploads\/2025\/03\/Capture-decran-2025-03-03-a-12.39.20.png","datePublished":"2025-03-03T11:39:56+00:00","breadcrumb":{"@id":"https:\/\/lasentinelle.dz\/index.php\/2025\/03\/03\/lentite-sioniste-suspend-laide-humanitaire-malgre-laccord-de-cessez-le-feu\/#breadcrumb"},"inLanguage":"fr-FR","potentialAction":[{"@type":"ReadAction","target":["https:\/\/lasentinelle.dz\/index.php\/2025\/03\/03\/lentite-sioniste-suspend-laide-humanitaire-malgre-laccord-de-cessez-le-feu\/"]}]},{"@type":"ImageObject","inLanguage":"fr-FR","@id":"https:\/\/lasentinelle.dz\/index.php\/2025\/03\/03\/lentite-sioniste-suspend-laide-humanitaire-malgre-laccord-de-cessez-le-feu\/#primaryimage","url":"https:\/\/lasentinelle.dz\/wp-content\/uploads\/2025\/03\/Capture-decran-2025-03-03-a-12.39.20.png","contentUrl":"https:\/\/lasentinelle.dz\/wp-content\/uploads\/2025\/03\/Capture-decran-2025-03-03-a-12.39.20.png","width":1390,"height":748},{"@type":"BreadcrumbList","@id":"https:\/\/lasentinelle.dz\/index.php\/2025\/03\/03\/lentite-sioniste-suspend-laide-humanitaire-malgre-laccord-de-cessez-le-feu\/#breadcrumb","itemListElement":[{"@type":"ListItem","position":1,"name":"Accueil","item":"https:\/\/lasentinelle.dz\/"},{"@type":"ListItem","position":2,"name":"L&rsquo;entit\u00e9 sioniste suspend l&rsquo;aide humanitaire malgr\u00e9 l&rsquo;accord de cessez-le-feu"}]},{"@type":"WebSite","@id":"https:\/\/lasentinelle.dz\/#website","url":"https:\/\/lasentinelle.dz\/","name":"La Sentinelle","description":"Quotidien national d&#039;information","publisher":{"@id":"https:\/\/lasentinelle.dz\/#organization"},"potentialAction":[{"@type":"SearchAction","target":{"@type":"EntryPoint","urlTemplate":"https:\/\/lasentinelle.dz\/?s={search_term_string}"},"query-input":{"@type":"PropertyValueSpecification","valueRequired":true,"valueName":"search_term_string"}}],"inLanguage":"fr-FR"},{"@type":"Organization","@id":"https:\/\/lasentinelle.dz\/#organization","name":"Quotidien La Sentinelle","url":"https:\/\/lasentinelle.dz\/","logo":{"@type":"ImageObject","inLanguage":"fr-FR","@id":"https:\/\/lasentinelle.dz\/#\/schema\/logo\/image\/","url":"https:\/\/lasentinelle.dz\/wp-content\/uploads\/2021\/09\/logo-sentinelleSLOGAN-1.png","contentUrl":"https:\/\/lasentinelle.dz\/wp-content\/uploads\/2021\/09\/logo-sentinelleSLOGAN-1.png","width":615,"height":142,"caption":"Quotidien La Sentinelle"},"image":{"@id":"https:\/\/lasentinelle.dz\/#\/schema\/logo\/image\/"},"sameAs":["https:\/\/www.facebook.com\/La-Sentinelle-104059864394773"]},{"@type":"Person","@id":"https:\/\/lasentinelle.dz\/#\/schema\/person\/729ee0024f24e0b8c5ec17232f8e8b41","name":"admin","image":{"@type":"ImageObject","inLanguage":"fr-FR","@id":"https:\/\/secure.gravatar.com\/avatar\/4c81fed838786e9b53f540bf46533e750f5d292099ae3b66cfc6fb1982e29df7?s=96&d=mm&r=g","url":"https:\/\/secure.gravatar.com\/avatar\/4c81fed838786e9b53f540bf46533e750f5d292099ae3b66cfc6fb1982e29df7?s=96&d=mm&r=g","contentUrl":"https:\/\/secure.gravatar.com\/avatar\/4c81fed838786e9b53f540bf46533e750f5d292099ae3b66cfc6fb1982e29df7?s=96&d=mm&r=g","caption":"admin"},"description":"admin","url":"https:\/\/lasentinelle.dz\/author\/admin\/"}]}},"_links":{"self":[{"href":"https:\/\/lasentinelle.dz\/index.php\/wp-json\/wp\/v2\/posts\/63745","targetHints":{"allow":["GET"]}}],"collection":[{"href":"https:\/\/lasentinelle.dz\/index.php\/wp-json\/wp\/v2\/posts"}],"about":[{"href":"https:\/\/lasentinelle.dz\/index.php\/wp-json\/wp\/v2\/types\/post"}],"author":[{"embeddable":true,"href":"https:\/\/lasentinelle.dz\/index.php\/wp-json\/wp\/v2\/users\/6"}],"replies":[{"embeddable":true,"href":"https:\/\/lasentinelle.dz\/index.php\/wp-json\/wp\/v2\/comments?post=63745"}],"version-history":[{"count":2,"href":"https:\/\/lasentinelle.dz\/index.php\/wp-json\/wp\/v2\/posts\/63745\/revisions"}],"predecessor-version":[{"id":63748,"href":"https:\/\/lasentinelle.dz\/index.php\/wp-json\/wp\/v2\/posts\/63745\/revisions\/63748"}],"wp:featuredmedia":[{"embeddable":true,"href":"https:\/\/lasentinelle.dz\/index.php\/wp-json\/wp\/v2\/media\/63746"}],"wp:attachment":[{"href":"https:\/\/lasentinelle.dz\/index.php\/wp-json\/wp\/v2\/media?parent=63745"}],"wp:term":[{"taxonomy":"category","embeddable":true,"href":"https:\/\/lasentinelle.dz\/index.php\/wp-json\/wp\/v2\/categories?post=63745"},{"taxonomy":"post_tag","embeddable":true,"href":"https:\/\/lasentinelle.dz\/index.php\/wp-json\/wp\/v2\/tags?post=63745"}],"curies":[{"name":"wp","href":"https:\/\/api.w.org\/{rel}","templated":true}]}}