{"id":63750,"date":"2025-03-03T12:41:03","date_gmt":"2025-03-03T11:41:03","guid":{"rendered":"https:\/\/lasentinelle.dz\/?p=63750"},"modified":"2025-03-03T12:41:04","modified_gmt":"2025-03-03T11:41:04","slug":"retailleau-persiste-dans-la-voie-de-lescalade-avec-lalgerie-un-acharnement-sur-fond-de-calculs-politiques","status":"publish","type":"post","link":"https:\/\/lasentinelle.dz\/index.php\/2025\/03\/03\/retailleau-persiste-dans-la-voie-de-lescalade-avec-lalgerie-un-acharnement-sur-fond-de-calculs-politiques\/","title":{"rendered":"Retailleau persiste dans la voie de l\u2019escalade avec l\u2019Alg\u00e9rie : Un acharnement sur fond de calculs politiques\u00a0!"},"content":{"rendered":"\n<p>Le ministre fran\u00e7ais de l&rsquo;Int\u00e9rieur Bruno Retailleau semble avoir choisi d\u00e9lib\u00e9r\u00e9ment la voie de de l\u2019escalade des tensions entre Paris et Alger, faisant de la haine de l&rsquo;Alg\u00e9rie sa marque de fabrique personnelle et le ressort de ce qu&rsquo;il croit \u00eatre son ascension politique irr\u00e9sistible. Cette posture contraste fortement avec les tentatives d&rsquo;apaisement du pr\u00e9sident Emmanuel Macron, cr\u00e9ant une cacophonie au sommet de l&rsquo;\u00c9tat fran\u00e7ais qui r\u00e9v\u00e8le des calculs politiques \u00e9troits en pr\u00e9vision de la pr\u00e9sidentielle de 2027. Ainsi au lendemain du d\u00e9saveu du pr\u00e9sident fran\u00e7ais quant \u00e0 la politique men\u00e9e par son ministre de l\u2019Int\u00e9rieur, Bruno Retailleau a ordonn\u00e9 d\u2019emp\u00each\u00e9 l&rsquo;\u00e9pouse d&rsquo;un Ambassadeur d&rsquo;Alg\u00e9rie en fonction, d&rsquo;acc\u00e8der au territoire fran\u00e7ais alors m\u00eame qu&rsquo;elle satisfaisait \u00e0 toutes les conditions d&rsquo;assurance, d&rsquo;h\u00e9bergement et de ressources financi\u00e8res, illustre parfaitement cette politique d&rsquo;hostilit\u00e9 assum\u00e9e orchestr\u00e9e. Cette provocation, qui ne restera pas sans r\u00e9ponse de la part des autorit\u00e9s alg\u00e9riennes, d\u00e9montre jusqu&rsquo;o\u00f9 peuvent aller la hargne, la haine et le rejet manifest\u00e9s par le ministre fran\u00e7ais. Loin d&rsquo;\u00eatre des actes isol\u00e9s, ces agissements s&rsquo;inscrivent dans une strat\u00e9gie politique personnelle qui semble prendre le pas sur les int\u00e9r\u00eats diplomatiques de la France elle-m\u00eame. En effet, Bruno Retailleau, d\u00e9pourvu de tout projet politique substantiel et de toute vision pour son pays \u00e0 l&rsquo;exception de celle du reniement et du rabaissement, ne semble avoir comme horizon que celui des sondages dont il scrute avidement les mouvements et les promesses politiques d&rsquo;avenir auxquelles il est visiblement le seul \u00e0 croire. Son calcul est limpide : utiliser l\u2019Alg\u00e9rie comme tremplin pour ses ambitions personnelles, notamment la pr\u00e9sidence du parti Les R\u00e9publicains, \u00e9tape qu&rsquo;il consid\u00e8re cruciale dans sa course \u00e0 l&rsquo;\u00e9lection pr\u00e9sidentielle de 2027. Cette instrumentalisation d&rsquo;un sujet aussi complexe que les relations franco-alg\u00e9riennes \u00e0 des fins \u00e9lectoralistes t\u00e9moigne d&rsquo;une approche politicienne de bas \u00e9tage qui sacrifie des d\u00e9cennies d&rsquo;efforts diplomatiques sur l&rsquo;autel d&rsquo;int\u00e9r\u00eats partisans \u00e0 court terme. La contradiction flagrante entre les d\u00e9clarations incendiaires de Retailleau et les tentatives d&rsquo;apaisement d&rsquo;Emmanuel Macron illustre parfaitement les tensions et les divisions qui r\u00e8gnent au sommet de l&rsquo;\u00c9tat fran\u00e7ais. Lors de sa visite au Portugal, le pr\u00e9sident fran\u00e7ais a en effet cherch\u00e9 \u00e0 calmer le jeu en d\u00e9clarant qu&rsquo;\u00ab il ne faut pas que les relations fassent l&rsquo;objet de jeux politiques \u00bb, un d\u00e9saveu \u00e0 peine voil\u00e9 de son ministre de l&rsquo;Int\u00e9rieur. Macron a insist\u00e9 sur le fait que \u00ab les choses se font bien quand elles se font avec exigence, avec engagement \u00bb, ajoutant qu&rsquo;il fallait agir \u00ab avec ce que notre pays m\u00e9rite quand on parle de sa s\u00e9curit\u00e9, c&rsquo;est-\u00e0-dire un sens du r\u00e9el et simplement une culture du r\u00e9sultat et de l&rsquo;efficacit\u00e9, et ensuite ce que le lien qu&rsquo;il y a entre nos pays exige \u00bb.<\/p>\n\n\n\n<p>Guerre ouverte au sommet de l\u2019\u00c9tat fran\u00e7ais&nbsp;!<\/p>\n\n\n\n<p>Ces propos, qui contrastent nettement avec la rh\u00e9torique agressive de son ministre, traduisent une guerre ouverte au sein m\u00eame du gouvernement fran\u00e7ais sur la mani\u00e8re de g\u00e9rer les relations avec Alger. Face \u00e0 ces provocations et \u00e0 cette escalade orchestr\u00e9e par Paris, l&rsquo;Alg\u00e9rie a fait preuve jusqu&rsquo;ici de retenue et de mesure, tout en affirmant clairement sa d\u00e9termination \u00e0 r\u00e9pondre de mani\u00e8re ferme et proportionn\u00e9e \u00e0 toute nouvelle provocation. Dans un communiqu\u00e9 sans \u00e9quivoque, le minist\u00e8re des Affaires \u00e9trang\u00e8res alg\u00e9rien a soulign\u00e9 que l&rsquo;Alg\u00e9rie \u00ab rejette cat\u00e9goriquement les ultimatums et les menaces \u00bb et \u00ab appliquera une r\u00e9ciprocit\u00e9 stricte et imm\u00e9diate \u00e0 toutes les restrictions apport\u00e9es aux mobilit\u00e9s entre l&rsquo;Alg\u00e9rie et la France \u00bb. Il a \u00e9galement tenu \u00e0 rappeler que \u00ab dans la mont\u00e9e en cadence de l&rsquo;escalade et des tensions que la partie fran\u00e7aise a imprim\u00e9es \u00e0 la relation entre l&rsquo;Alg\u00e9rie et la France, l&rsquo;Alg\u00e9rie n&rsquo;a pris l&rsquo;initiative d&rsquo;aucune rupture et a laiss\u00e9 la partie fran\u00e7aise en assumer seule la responsabilit\u00e9 pleine et enti\u00e8re \u00bb. Les autorit\u00e9s alg\u00e9riennes ont par ailleurs rappel\u00e9 avec justesse que \u00ab le droit fran\u00e7ais, les conventions bilat\u00e9rales, le droit europ\u00e9en et le droit international sont tous du c\u00f4t\u00e9 de l&rsquo;Alg\u00e9rie, notamment en mati\u00e8re de protection consulaire de ses ressortissants \u00bb, d\u00e9non\u00e7ant particuli\u00e8rement \u00ab le recours abusif et arbitraire aux d\u00e9cisions administratives d&rsquo;\u00e9loignement des ressortissants alg\u00e9riens, les privant de l&rsquo;usage des voies de droit que leur garantit la l\u00e9gislation fran\u00e7aise elle-m\u00eame \u00bb. L&rsquo;Alg\u00e9rie a \u00e9galement averti que \u00ab toute remise en cause de l&rsquo;Accord de 1968, qui a \u00e9t\u00e9 au demeurant vid\u00e9 de toute sa substance, sera suivie de la part de l&rsquo;Alg\u00e9rie d&rsquo;une m\u00eame remise en cause des autres accords et protocoles de m\u00eame nature, sans pr\u00e9judice d&rsquo;autres mesures que ses int\u00e9r\u00eats nationaux lui dicteraient d&rsquo;adopter \u00bb. Cette position ferme et d\u00e9termin\u00e9e contraste avec les man\u0153uvres politiciennes de Bruno Retailleau, dont les calculs \u00e9lectoralistes semblent \u00eatre la seule boussole. La conclusion du minist\u00e8re alg\u00e9rien des Affaires \u00e9trang\u00e8res r\u00e9sume parfaitement la situation : \u00ab Ainsi, l&rsquo;extr\u00eame droite fran\u00e7aise revancharde et haineuse aura r\u00e9ussi son pari. La relation alg\u00e9ro-fran\u00e7aise qu&rsquo;elle a prise en otage aura \u00e9t\u00e9 mise au service de basses \u0153uvres politiciennes indignes d&rsquo;elle. \u00bb En d\u00e9finitive, ce qui se joue actuellement dans les relations franco-alg\u00e9riennes d\u00e9passe largement le cadre d&rsquo;une simple tension diplomatique. Il s&rsquo;agit d&rsquo;une instrumentalisation cynique, par certains responsables fran\u00e7ais, d&rsquo;un sujet sensible \u00e0 des fins personnelles, au m\u00e9pris de l&rsquo;histoire commune, des int\u00e9r\u00eats partag\u00e9s et des multiples liens humains qui unissent les deux pays. Les provocations et l&rsquo;acharnement de Bruno Retailleau, motiv\u00e9s par ses ambitions personnelles, risquent non seulement de compromettre durablement les relations bilat\u00e9rales, mais \u00e9galement de porter atteinte \u00e0 l&rsquo;image m\u00eame de la France, r\u00e9duite par son propre ministre de l&rsquo;Int\u00e9rieur au rang d&rsquo;instrument dans une strat\u00e9gie politicienne de courte vue. Face \u00e0 cette situation, l&rsquo;Alg\u00e9rie continuera de d\u00e9fendre fermement ses int\u00e9r\u00eats et la dignit\u00e9 de ses ressortissants, tout en restant ouverte \u00e0 un dialogue constructif fond\u00e9 sur le respect mutuel et l&rsquo;\u00e9galit\u00e9, loin des provocations st\u00e9riles et des surench\u00e8res m\u00e9diatiques qui ne servent que des calculs \u00e9lectoralistes mesquins.<\/p>\n\n\n\n<p>Hocine Fadheli<\/p>\n\n\n\n<p><\/p>\n","protected":false},"excerpt":{"rendered":"<p>Le ministre fran\u00e7ais de l&rsquo;Int\u00e9rieur Bruno Retailleau semble avoir choisi d\u00e9lib\u00e9r\u00e9ment la voie de de l\u2019escalade des tensions entre Paris<\/p>\n","protected":false},"author":6,"featured_media":63751,"comment_status":"open","ping_status":"closed","sticky":false,"template":"","format":"standard","meta":{"colormag_page_container_layout":"default_layout","colormag_page_sidebar_layout":"default_layout","om_disable_all_campaigns":false,"_monsterinsights_skip_tracking":false,"_monsterinsights_sitenote_active":false,"_monsterinsights_sitenote_note":"","_monsterinsights_sitenote_category":0,"footnotes":"","_wpscppro_dont_share_socialmedia":false,"_wpscppro_custom_social_share_image":0,"_facebook_share_type":"default","_twitter_share_type":"default","_linkedin_share_type":"default","_pinterest_share_type":"default","_linkedin_share_type_page":"","_instagram_share_type":"default","_medium_share_type":"default","_threads_share_type":"","_google_business_share_type":"","_selected_social_profile":[],"_wpsp_enable_custom_social_template":false,"_wpsp_social_scheduling":{"enabled":false,"datetime":null,"platforms":[],"status":"template_only","dateOption":"today","timeOption":"now","customDays":"","customHours":"","customDate":"","customTime":"","schedulingType":"absolute"},"_wpsp_active_default_template":true},"categories":[52,27],"tags":[],"class_list":["post-63750","post","type-post","status-publish","format-standard","has-post-thumbnail","hentry","category-a-la-une","category-actualite"],"aioseo_notices":[],"yoast_head":"<!-- This site is optimized with the Yoast SEO plugin v27.5 - https:\/\/yoast.com\/product\/yoast-seo-wordpress\/ -->\n<title>Retailleau persiste dans la voie de l\u2019escalade avec l\u2019Alg\u00e9rie : Un acharnement sur fond de calculs politiques\u00a0! - La Sentinelle<\/title>\n<meta name=\"robots\" content=\"index, follow, max-snippet:-1, max-image-preview:large, max-video-preview:-1\" \/>\n<link rel=\"canonical\" href=\"https:\/\/lasentinelle.dz\/index.php\/2025\/03\/03\/retailleau-persiste-dans-la-voie-de-lescalade-avec-lalgerie-un-acharnement-sur-fond-de-calculs-politiques\/\" \/>\n<meta property=\"og:locale\" content=\"fr_FR\" \/>\n<meta property=\"og:type\" content=\"article\" \/>\n<meta property=\"og:title\" content=\"Retailleau persiste dans la voie de l\u2019escalade avec l\u2019Alg\u00e9rie : Un acharnement sur fond de calculs politiques\u00a0! - La Sentinelle\" \/>\n<meta property=\"og:description\" content=\"Le ministre fran\u00e7ais de l&rsquo;Int\u00e9rieur Bruno Retailleau semble avoir choisi d\u00e9lib\u00e9r\u00e9ment la voie de de l\u2019escalade des tensions entre Paris\" \/>\n<meta property=\"og:url\" content=\"https:\/\/lasentinelle.dz\/index.php\/2025\/03\/03\/retailleau-persiste-dans-la-voie-de-lescalade-avec-lalgerie-un-acharnement-sur-fond-de-calculs-politiques\/\" \/>\n<meta property=\"og:site_name\" content=\"La Sentinelle\" \/>\n<meta property=\"article:publisher\" content=\"https:\/\/www.facebook.com\/La-Sentinelle-104059864394773\" \/>\n<meta property=\"article:published_time\" content=\"2025-03-03T11:41:03+00:00\" \/>\n<meta property=\"article:modified_time\" content=\"2025-03-03T11:41:04+00:00\" \/>\n<meta property=\"og:image\" content=\"https:\/\/lasentinelle.dz\/wp-content\/uploads\/2025\/03\/retailleau.jpeg\" \/>\n\t<meta property=\"og:image:width\" content=\"1260\" \/>\n\t<meta property=\"og:image:height\" content=\"708\" \/>\n\t<meta property=\"og:image:type\" content=\"image\/jpeg\" \/>\n<meta name=\"author\" content=\"admin\" \/>\n<meta name=\"twitter:card\" content=\"summary_large_image\" \/>\n<meta name=\"twitter:label1\" content=\"\u00c9crit par\" \/>\n\t<meta name=\"twitter:data1\" content=\"admin\" \/>\n\t<meta name=\"twitter:label2\" content=\"Dur\u00e9e de lecture estim\u00e9e\" \/>\n\t<meta name=\"twitter:data2\" content=\"6 minutes\" \/>\n<script type=\"application\/ld+json\" class=\"yoast-schema-graph\">{\"@context\":\"https:\\\/\\\/schema.org\",\"@graph\":[{\"@type\":\"Article\",\"@id\":\"https:\\\/\\\/lasentinelle.dz\\\/index.php\\\/2025\\\/03\\\/03\\\/retailleau-persiste-dans-la-voie-de-lescalade-avec-lalgerie-un-acharnement-sur-fond-de-calculs-politiques\\\/#article\",\"isPartOf\":{\"@id\":\"https:\\\/\\\/lasentinelle.dz\\\/index.php\\\/2025\\\/03\\\/03\\\/retailleau-persiste-dans-la-voie-de-lescalade-avec-lalgerie-un-acharnement-sur-fond-de-calculs-politiques\\\/\"},\"author\":{\"name\":\"admin\",\"@id\":\"https:\\\/\\\/lasentinelle.dz\\\/#\\\/schema\\\/person\\\/729ee0024f24e0b8c5ec17232f8e8b41\"},\"headline\":\"Retailleau persiste dans la voie de l\u2019escalade avec l\u2019Alg\u00e9rie : Un acharnement sur fond de calculs politiques\u00a0!\",\"datePublished\":\"2025-03-03T11:41:03+00:00\",\"dateModified\":\"2025-03-03T11:41:04+00:00\",\"mainEntityOfPage\":{\"@id\":\"https:\\\/\\\/lasentinelle.dz\\\/index.php\\\/2025\\\/03\\\/03\\\/retailleau-persiste-dans-la-voie-de-lescalade-avec-lalgerie-un-acharnement-sur-fond-de-calculs-politiques\\\/\"},\"wordCount\":1163,\"commentCount\":0,\"publisher\":{\"@id\":\"https:\\\/\\\/lasentinelle.dz\\\/#organization\"},\"image\":{\"@id\":\"https:\\\/\\\/lasentinelle.dz\\\/index.php\\\/2025\\\/03\\\/03\\\/retailleau-persiste-dans-la-voie-de-lescalade-avec-lalgerie-un-acharnement-sur-fond-de-calculs-politiques\\\/#primaryimage\"},\"thumbnailUrl\":\"https:\\\/\\\/lasentinelle.dz\\\/wp-content\\\/uploads\\\/2025\\\/03\\\/retailleau.jpeg\",\"articleSection\":[\"\u00c0 la Une\",\"Actualit\u00e9\"],\"inLanguage\":\"fr-FR\",\"potentialAction\":[{\"@type\":\"CommentAction\",\"name\":\"Comment\",\"target\":[\"https:\\\/\\\/lasentinelle.dz\\\/index.php\\\/2025\\\/03\\\/03\\\/retailleau-persiste-dans-la-voie-de-lescalade-avec-lalgerie-un-acharnement-sur-fond-de-calculs-politiques\\\/#respond\"]}]},{\"@type\":\"WebPage\",\"@id\":\"https:\\\/\\\/lasentinelle.dz\\\/index.php\\\/2025\\\/03\\\/03\\\/retailleau-persiste-dans-la-voie-de-lescalade-avec-lalgerie-un-acharnement-sur-fond-de-calculs-politiques\\\/\",\"url\":\"https:\\\/\\\/lasentinelle.dz\\\/index.php\\\/2025\\\/03\\\/03\\\/retailleau-persiste-dans-la-voie-de-lescalade-avec-lalgerie-un-acharnement-sur-fond-de-calculs-politiques\\\/\",\"name\":\"Retailleau persiste dans la voie de l\u2019escalade avec l\u2019Alg\u00e9rie : Un acharnement sur fond de calculs politiques\u00a0! - La Sentinelle\",\"isPartOf\":{\"@id\":\"https:\\\/\\\/lasentinelle.dz\\\/#website\"},\"primaryImageOfPage\":{\"@id\":\"https:\\\/\\\/lasentinelle.dz\\\/index.php\\\/2025\\\/03\\\/03\\\/retailleau-persiste-dans-la-voie-de-lescalade-avec-lalgerie-un-acharnement-sur-fond-de-calculs-politiques\\\/#primaryimage\"},\"image\":{\"@id\":\"https:\\\/\\\/lasentinelle.dz\\\/index.php\\\/2025\\\/03\\\/03\\\/retailleau-persiste-dans-la-voie-de-lescalade-avec-lalgerie-un-acharnement-sur-fond-de-calculs-politiques\\\/#primaryimage\"},\"thumbnailUrl\":\"https:\\\/\\\/lasentinelle.dz\\\/wp-content\\\/uploads\\\/2025\\\/03\\\/retailleau.jpeg\",\"datePublished\":\"2025-03-03T11:41:03+00:00\",\"dateModified\":\"2025-03-03T11:41:04+00:00\",\"breadcrumb\":{\"@id\":\"https:\\\/\\\/lasentinelle.dz\\\/index.php\\\/2025\\\/03\\\/03\\\/retailleau-persiste-dans-la-voie-de-lescalade-avec-lalgerie-un-acharnement-sur-fond-de-calculs-politiques\\\/#breadcrumb\"},\"inLanguage\":\"fr-FR\",\"potentialAction\":[{\"@type\":\"ReadAction\",\"target\":[\"https:\\\/\\\/lasentinelle.dz\\\/index.php\\\/2025\\\/03\\\/03\\\/retailleau-persiste-dans-la-voie-de-lescalade-avec-lalgerie-un-acharnement-sur-fond-de-calculs-politiques\\\/\"]}]},{\"@type\":\"ImageObject\",\"inLanguage\":\"fr-FR\",\"@id\":\"https:\\\/\\\/lasentinelle.dz\\\/index.php\\\/2025\\\/03\\\/03\\\/retailleau-persiste-dans-la-voie-de-lescalade-avec-lalgerie-un-acharnement-sur-fond-de-calculs-politiques\\\/#primaryimage\",\"url\":\"https:\\\/\\\/lasentinelle.dz\\\/wp-content\\\/uploads\\\/2025\\\/03\\\/retailleau.jpeg\",\"contentUrl\":\"https:\\\/\\\/lasentinelle.dz\\\/wp-content\\\/uploads\\\/2025\\\/03\\\/retailleau.jpeg\",\"width\":1260,\"height\":708},{\"@type\":\"BreadcrumbList\",\"@id\":\"https:\\\/\\\/lasentinelle.dz\\\/index.php\\\/2025\\\/03\\\/03\\\/retailleau-persiste-dans-la-voie-de-lescalade-avec-lalgerie-un-acharnement-sur-fond-de-calculs-politiques\\\/#breadcrumb\",\"itemListElement\":[{\"@type\":\"ListItem\",\"position\":1,\"name\":\"Accueil\",\"item\":\"https:\\\/\\\/lasentinelle.dz\\\/\"},{\"@type\":\"ListItem\",\"position\":2,\"name\":\"Retailleau persiste dans la voie de l\u2019escalade avec l\u2019Alg\u00e9rie : Un acharnement sur fond de calculs politiques\u00a0!\"}]},{\"@type\":\"WebSite\",\"@id\":\"https:\\\/\\\/lasentinelle.dz\\\/#website\",\"url\":\"https:\\\/\\\/lasentinelle.dz\\\/\",\"name\":\"La Sentinelle\",\"description\":\"Quotidien national d&#039;information\",\"publisher\":{\"@id\":\"https:\\\/\\\/lasentinelle.dz\\\/#organization\"},\"potentialAction\":[{\"@type\":\"SearchAction\",\"target\":{\"@type\":\"EntryPoint\",\"urlTemplate\":\"https:\\\/\\\/lasentinelle.dz\\\/?s={search_term_string}\"},\"query-input\":{\"@type\":\"PropertyValueSpecification\",\"valueRequired\":true,\"valueName\":\"search_term_string\"}}],\"inLanguage\":\"fr-FR\"},{\"@type\":\"Organization\",\"@id\":\"https:\\\/\\\/lasentinelle.dz\\\/#organization\",\"name\":\"Quotidien La Sentinelle\",\"url\":\"https:\\\/\\\/lasentinelle.dz\\\/\",\"logo\":{\"@type\":\"ImageObject\",\"inLanguage\":\"fr-FR\",\"@id\":\"https:\\\/\\\/lasentinelle.dz\\\/#\\\/schema\\\/logo\\\/image\\\/\",\"url\":\"https:\\\/\\\/lasentinelle.dz\\\/wp-content\\\/uploads\\\/2021\\\/09\\\/logo-sentinelleSLOGAN-1.png\",\"contentUrl\":\"https:\\\/\\\/lasentinelle.dz\\\/wp-content\\\/uploads\\\/2021\\\/09\\\/logo-sentinelleSLOGAN-1.png\",\"width\":615,\"height\":142,\"caption\":\"Quotidien La Sentinelle\"},\"image\":{\"@id\":\"https:\\\/\\\/lasentinelle.dz\\\/#\\\/schema\\\/logo\\\/image\\\/\"},\"sameAs\":[\"https:\\\/\\\/www.facebook.com\\\/La-Sentinelle-104059864394773\"]},{\"@type\":\"Person\",\"@id\":\"https:\\\/\\\/lasentinelle.dz\\\/#\\\/schema\\\/person\\\/729ee0024f24e0b8c5ec17232f8e8b41\",\"name\":\"admin\",\"image\":{\"@type\":\"ImageObject\",\"inLanguage\":\"fr-FR\",\"@id\":\"https:\\\/\\\/secure.gravatar.com\\\/avatar\\\/4c81fed838786e9b53f540bf46533e750f5d292099ae3b66cfc6fb1982e29df7?s=96&d=mm&r=g\",\"url\":\"https:\\\/\\\/secure.gravatar.com\\\/avatar\\\/4c81fed838786e9b53f540bf46533e750f5d292099ae3b66cfc6fb1982e29df7?s=96&d=mm&r=g\",\"contentUrl\":\"https:\\\/\\\/secure.gravatar.com\\\/avatar\\\/4c81fed838786e9b53f540bf46533e750f5d292099ae3b66cfc6fb1982e29df7?s=96&d=mm&r=g\",\"caption\":\"admin\"},\"description\":\"admin\",\"url\":\"https:\\\/\\\/lasentinelle.dz\\\/author\\\/admin\\\/\"}]}<\/script>\n<!-- \/ Yoast SEO plugin. -->","yoast_head_json":{"title":"Retailleau persiste dans la voie de l\u2019escalade avec l\u2019Alg\u00e9rie : Un acharnement sur fond de calculs politiques\u00a0! - La Sentinelle","robots":{"index":"index","follow":"follow","max-snippet":"max-snippet:-1","max-image-preview":"max-image-preview:large","max-video-preview":"max-video-preview:-1"},"canonical":"https:\/\/lasentinelle.dz\/index.php\/2025\/03\/03\/retailleau-persiste-dans-la-voie-de-lescalade-avec-lalgerie-un-acharnement-sur-fond-de-calculs-politiques\/","og_locale":"fr_FR","og_type":"article","og_title":"Retailleau persiste dans la voie de l\u2019escalade avec l\u2019Alg\u00e9rie : Un acharnement sur fond de calculs politiques\u00a0! - La Sentinelle","og_description":"Le ministre fran\u00e7ais de l&rsquo;Int\u00e9rieur Bruno Retailleau semble avoir choisi d\u00e9lib\u00e9r\u00e9ment la voie de de l\u2019escalade des tensions entre Paris","og_url":"https:\/\/lasentinelle.dz\/index.php\/2025\/03\/03\/retailleau-persiste-dans-la-voie-de-lescalade-avec-lalgerie-un-acharnement-sur-fond-de-calculs-politiques\/","og_site_name":"La Sentinelle","article_publisher":"https:\/\/www.facebook.com\/La-Sentinelle-104059864394773","article_published_time":"2025-03-03T11:41:03+00:00","article_modified_time":"2025-03-03T11:41:04+00:00","og_image":[{"width":1260,"height":708,"url":"https:\/\/lasentinelle.dz\/wp-content\/uploads\/2025\/03\/retailleau.jpeg","type":"image\/jpeg"}],"author":"admin","twitter_card":"summary_large_image","twitter_misc":{"\u00c9crit par":"admin","Dur\u00e9e de lecture estim\u00e9e":"6 minutes"},"schema":{"@context":"https:\/\/schema.org","@graph":[{"@type":"Article","@id":"https:\/\/lasentinelle.dz\/index.php\/2025\/03\/03\/retailleau-persiste-dans-la-voie-de-lescalade-avec-lalgerie-un-acharnement-sur-fond-de-calculs-politiques\/#article","isPartOf":{"@id":"https:\/\/lasentinelle.dz\/index.php\/2025\/03\/03\/retailleau-persiste-dans-la-voie-de-lescalade-avec-lalgerie-un-acharnement-sur-fond-de-calculs-politiques\/"},"author":{"name":"admin","@id":"https:\/\/lasentinelle.dz\/#\/schema\/person\/729ee0024f24e0b8c5ec17232f8e8b41"},"headline":"Retailleau persiste dans la voie de l\u2019escalade avec l\u2019Alg\u00e9rie : Un acharnement sur fond de calculs politiques\u00a0!","datePublished":"2025-03-03T11:41:03+00:00","dateModified":"2025-03-03T11:41:04+00:00","mainEntityOfPage":{"@id":"https:\/\/lasentinelle.dz\/index.php\/2025\/03\/03\/retailleau-persiste-dans-la-voie-de-lescalade-avec-lalgerie-un-acharnement-sur-fond-de-calculs-politiques\/"},"wordCount":1163,"commentCount":0,"publisher":{"@id":"https:\/\/lasentinelle.dz\/#organization"},"image":{"@id":"https:\/\/lasentinelle.dz\/index.php\/2025\/03\/03\/retailleau-persiste-dans-la-voie-de-lescalade-avec-lalgerie-un-acharnement-sur-fond-de-calculs-politiques\/#primaryimage"},"thumbnailUrl":"https:\/\/lasentinelle.dz\/wp-content\/uploads\/2025\/03\/retailleau.jpeg","articleSection":["\u00c0 la Une","Actualit\u00e9"],"inLanguage":"fr-FR","potentialAction":[{"@type":"CommentAction","name":"Comment","target":["https:\/\/lasentinelle.dz\/index.php\/2025\/03\/03\/retailleau-persiste-dans-la-voie-de-lescalade-avec-lalgerie-un-acharnement-sur-fond-de-calculs-politiques\/#respond"]}]},{"@type":"WebPage","@id":"https:\/\/lasentinelle.dz\/index.php\/2025\/03\/03\/retailleau-persiste-dans-la-voie-de-lescalade-avec-lalgerie-un-acharnement-sur-fond-de-calculs-politiques\/","url":"https:\/\/lasentinelle.dz\/index.php\/2025\/03\/03\/retailleau-persiste-dans-la-voie-de-lescalade-avec-lalgerie-un-acharnement-sur-fond-de-calculs-politiques\/","name":"Retailleau persiste dans la voie de l\u2019escalade avec l\u2019Alg\u00e9rie : Un acharnement sur fond de calculs politiques\u00a0! - La Sentinelle","isPartOf":{"@id":"https:\/\/lasentinelle.dz\/#website"},"primaryImageOfPage":{"@id":"https:\/\/lasentinelle.dz\/index.php\/2025\/03\/03\/retailleau-persiste-dans-la-voie-de-lescalade-avec-lalgerie-un-acharnement-sur-fond-de-calculs-politiques\/#primaryimage"},"image":{"@id":"https:\/\/lasentinelle.dz\/index.php\/2025\/03\/03\/retailleau-persiste-dans-la-voie-de-lescalade-avec-lalgerie-un-acharnement-sur-fond-de-calculs-politiques\/#primaryimage"},"thumbnailUrl":"https:\/\/lasentinelle.dz\/wp-content\/uploads\/2025\/03\/retailleau.jpeg","datePublished":"2025-03-03T11:41:03+00:00","dateModified":"2025-03-03T11:41:04+00:00","breadcrumb":{"@id":"https:\/\/lasentinelle.dz\/index.php\/2025\/03\/03\/retailleau-persiste-dans-la-voie-de-lescalade-avec-lalgerie-un-acharnement-sur-fond-de-calculs-politiques\/#breadcrumb"},"inLanguage":"fr-FR","potentialAction":[{"@type":"ReadAction","target":["https:\/\/lasentinelle.dz\/index.php\/2025\/03\/03\/retailleau-persiste-dans-la-voie-de-lescalade-avec-lalgerie-un-acharnement-sur-fond-de-calculs-politiques\/"]}]},{"@type":"ImageObject","inLanguage":"fr-FR","@id":"https:\/\/lasentinelle.dz\/index.php\/2025\/03\/03\/retailleau-persiste-dans-la-voie-de-lescalade-avec-lalgerie-un-acharnement-sur-fond-de-calculs-politiques\/#primaryimage","url":"https:\/\/lasentinelle.dz\/wp-content\/uploads\/2025\/03\/retailleau.jpeg","contentUrl":"https:\/\/lasentinelle.dz\/wp-content\/uploads\/2025\/03\/retailleau.jpeg","width":1260,"height":708},{"@type":"BreadcrumbList","@id":"https:\/\/lasentinelle.dz\/index.php\/2025\/03\/03\/retailleau-persiste-dans-la-voie-de-lescalade-avec-lalgerie-un-acharnement-sur-fond-de-calculs-politiques\/#breadcrumb","itemListElement":[{"@type":"ListItem","position":1,"name":"Accueil","item":"https:\/\/lasentinelle.dz\/"},{"@type":"ListItem","position":2,"name":"Retailleau persiste dans la voie de l\u2019escalade avec l\u2019Alg\u00e9rie : Un acharnement sur fond de calculs politiques\u00a0!"}]},{"@type":"WebSite","@id":"https:\/\/lasentinelle.dz\/#website","url":"https:\/\/lasentinelle.dz\/","name":"La Sentinelle","description":"Quotidien national d&#039;information","publisher":{"@id":"https:\/\/lasentinelle.dz\/#organization"},"potentialAction":[{"@type":"SearchAction","target":{"@type":"EntryPoint","urlTemplate":"https:\/\/lasentinelle.dz\/?s={search_term_string}"},"query-input":{"@type":"PropertyValueSpecification","valueRequired":true,"valueName":"search_term_string"}}],"inLanguage":"fr-FR"},{"@type":"Organization","@id":"https:\/\/lasentinelle.dz\/#organization","name":"Quotidien La Sentinelle","url":"https:\/\/lasentinelle.dz\/","logo":{"@type":"ImageObject","inLanguage":"fr-FR","@id":"https:\/\/lasentinelle.dz\/#\/schema\/logo\/image\/","url":"https:\/\/lasentinelle.dz\/wp-content\/uploads\/2021\/09\/logo-sentinelleSLOGAN-1.png","contentUrl":"https:\/\/lasentinelle.dz\/wp-content\/uploads\/2021\/09\/logo-sentinelleSLOGAN-1.png","width":615,"height":142,"caption":"Quotidien La Sentinelle"},"image":{"@id":"https:\/\/lasentinelle.dz\/#\/schema\/logo\/image\/"},"sameAs":["https:\/\/www.facebook.com\/La-Sentinelle-104059864394773"]},{"@type":"Person","@id":"https:\/\/lasentinelle.dz\/#\/schema\/person\/729ee0024f24e0b8c5ec17232f8e8b41","name":"admin","image":{"@type":"ImageObject","inLanguage":"fr-FR","@id":"https:\/\/secure.gravatar.com\/avatar\/4c81fed838786e9b53f540bf46533e750f5d292099ae3b66cfc6fb1982e29df7?s=96&d=mm&r=g","url":"https:\/\/secure.gravatar.com\/avatar\/4c81fed838786e9b53f540bf46533e750f5d292099ae3b66cfc6fb1982e29df7?s=96&d=mm&r=g","contentUrl":"https:\/\/secure.gravatar.com\/avatar\/4c81fed838786e9b53f540bf46533e750f5d292099ae3b66cfc6fb1982e29df7?s=96&d=mm&r=g","caption":"admin"},"description":"admin","url":"https:\/\/lasentinelle.dz\/author\/admin\/"}]}},"_links":{"self":[{"href":"https:\/\/lasentinelle.dz\/index.php\/wp-json\/wp\/v2\/posts\/63750","targetHints":{"allow":["GET"]}}],"collection":[{"href":"https:\/\/lasentinelle.dz\/index.php\/wp-json\/wp\/v2\/posts"}],"about":[{"href":"https:\/\/lasentinelle.dz\/index.php\/wp-json\/wp\/v2\/types\/post"}],"author":[{"embeddable":true,"href":"https:\/\/lasentinelle.dz\/index.php\/wp-json\/wp\/v2\/users\/6"}],"replies":[{"embeddable":true,"href":"https:\/\/lasentinelle.dz\/index.php\/wp-json\/wp\/v2\/comments?post=63750"}],"version-history":[{"count":1,"href":"https:\/\/lasentinelle.dz\/index.php\/wp-json\/wp\/v2\/posts\/63750\/revisions"}],"predecessor-version":[{"id":63752,"href":"https:\/\/lasentinelle.dz\/index.php\/wp-json\/wp\/v2\/posts\/63750\/revisions\/63752"}],"wp:featuredmedia":[{"embeddable":true,"href":"https:\/\/lasentinelle.dz\/index.php\/wp-json\/wp\/v2\/media\/63751"}],"wp:attachment":[{"href":"https:\/\/lasentinelle.dz\/index.php\/wp-json\/wp\/v2\/media?parent=63750"}],"wp:term":[{"taxonomy":"category","embeddable":true,"href":"https:\/\/lasentinelle.dz\/index.php\/wp-json\/wp\/v2\/categories?post=63750"},{"taxonomy":"post_tag","embeddable":true,"href":"https:\/\/lasentinelle.dz\/index.php\/wp-json\/wp\/v2\/tags?post=63750"}],"curies":[{"name":"wp","href":"https:\/\/api.w.org\/{rel}","templated":true}]}}