{"id":63763,"date":"2025-03-04T10:30:09","date_gmt":"2025-03-04T09:30:09","guid":{"rendered":"https:\/\/lasentinelle.dz\/?p=63763"},"modified":"2025-03-04T10:30:10","modified_gmt":"2025-03-04T09:30:10","slug":"stade-chahid-hamlaoui-la-renovation-des-gradins-lancee","status":"publish","type":"post","link":"https:\/\/lasentinelle.dz\/index.php\/2025\/03\/04\/stade-chahid-hamlaoui-la-renovation-des-gradins-lancee\/","title":{"rendered":"Stade Chahid Hamlaoui : La r\u00e9novation des gradins lanc\u00e9e"},"content":{"rendered":"\n<p>Les travaux de r\u00e9novation des gradins du stade Chahid Hamlaoui de Constantine ont \u00e9t\u00e9 lanc\u00e9s ce dimanche. Cette op\u00e9ration, attendue depuis longtemps par les amateurs de football de la ville des ponts suspendus, vise \u00e0 remettre cette infrastructure sportive embl\u00e9matique aux normes pour accueillir des rencontres d\u00e8s le mois prochain.<\/p>\n\n\n\n<p>L&rsquo;information a \u00e9t\u00e9 confirm\u00e9e par Ahcene Laadjadj, directeur de la jeunesse et des sports (DJS) de la wilaya, qui a d\u00e9voil\u00e9 les contours de ce projet ambitieux lors d&rsquo;une d\u00e9claration \u00e0 l&rsquo;Agence Presse Service (APS). \u00ab\u00a0Le premier volet de cette op\u00e9ration consistera \u00e0 installer 3700 nouveaux si\u00e8ges\u00a0\u00bb, a pr\u00e9cis\u00e9 le responsable, soulignant que cette r\u00e9habilitation des tribunes n&rsquo;aurait pu voir le jour sans l&rsquo;intervention d\u00e9cisive du wali de Constantine, Abdelkhalek Sayouda. Ce dernier a jou\u00e9 un r\u00f4le d\u00e9terminant en mobilisant une enveloppe financi\u00e8re cons\u00e9quente de 300 millions de dinars pour concr\u00e9tiser ce projet de r\u00e9novation. Cette premi\u00e8re phase ne repr\u00e9sente que le d\u00e9but d&rsquo;un programme de r\u00e9habilitation plus vaste. En effet, selon le DJS, \u00ab\u00a0le deuxi\u00e8me lot du projet sera lanc\u00e9 d\u00e8s l&rsquo;ach\u00e8vement des proc\u00e9dures administratives actuellement en cours, et supervis\u00e9es par les autorit\u00e9s locales et le minist\u00e8re de tutelle, en vue du remplacement des si\u00e8ges endommag\u00e9s lors des actes de vandalisme perp\u00e9tr\u00e9s par certains spectateurs au cours de la saison pr\u00e9c\u00e9dente\u00a0\u00bb. Une r\u00e9f\u00e9rence \u00e0 peine voil\u00e9e aux incidents qui avaient marqu\u00e9 certaines rencontres de la saison derni\u00e8re, laissant des traces visibles dans les tribunes de l&rsquo;enceinte constantinoise. La r\u00e9novation s&rsquo;inscrit dans une vision globale de revalorisation du patrimoine sportif de la ville. Ahcene Laadjadj n&rsquo;a d&rsquo;ailleurs pas cach\u00e9 les ambitions qui sous-tendent ce projet : \u00ab\u00a0Cette initiative vise \u00e0 redonner au stade son \u00e9clat d&rsquo;antan et \u00e0 l&rsquo;am\u00e9nager de mani\u00e8re optimale afin d&rsquo;accueillir les matchs de football dans les meilleures conditions\u00a0\u00bb, a-t-il affirm\u00e9 avec conviction. Le directeur a par ailleurs insist\u00e9 sur \u00ab\u00a0l&rsquo;importance d&rsquo;un suivi rigoureux par les services concern\u00e9s afin de garantir la r\u00e9ception du projet avant le mois d&rsquo;avril prochain\u00a0\u00bb, t\u00e9moignant ainsi de la volont\u00e9 des autorit\u00e9s de respecter un calendrier serr\u00e9 pour permettre une reprise rapide des comp\u00e9titions dans ce stade mythique. Au-del\u00e0 du simple remplacement des si\u00e8ges, le programme de r\u00e9habilitation se veut complet et ambitieux. Les futurs travaux engloberont \u00e9galement l&rsquo;am\u00e9lioration des abords du stade, la modernisation du syst\u00e8me d&rsquo;\u00e9clairage ainsi que l&rsquo;optimisation de la fluidit\u00e9 des entr\u00e9es et sorties des supporters. Un ensemble de mesures qui visent non seulement \u00e0 embellir l&rsquo;infrastructure, mais aussi \u00e0 renforcer la s\u00e9curit\u00e9 et le confort des spectateurs lors des matchs \u00e0 venir. \u00c0 travers cette op\u00e9ration d&rsquo;envergure, les autorit\u00e9s locales entendent clairement repositionner le stade Chahid Hamlaoui parmi les enceintes sportives majeures du pays. Une ambition l\u00e9gitime pour cet \u00e9quipement qui a accueilli nombre de rencontres m\u00e9morables et qui constitue un v\u00e9ritable symbole pour les habitants de Constantine. La course contre la montre est d\u00e9sormais lanc\u00e9e pour que les amateurs de football constantinois puissent retrouver leur antre pr\u00e9f\u00e9r\u00e9 d\u00e8s le mois d&rsquo;avril, dans des conditions sensiblement am\u00e9lior\u00e9es qui devraient contribuer \u00e0 rehausser l&rsquo;exp\u00e9rience des spectateurs tout en pr\u00e9servant la qualit\u00e9 de cette infrastructure sportive pour les g\u00e9n\u00e9rations futures.<\/p>\n\n\n\n<p>M. Dahleb<\/p>\n","protected":false},"excerpt":{"rendered":"<p>Les travaux de r\u00e9novation des gradins du stade Chahid Hamlaoui de Constantine ont \u00e9t\u00e9 lanc\u00e9s ce dimanche. Cette op\u00e9ration, attendue<\/p>\n","protected":false},"author":6,"featured_media":63764,"comment_status":"open","ping_status":"closed","sticky":false,"template":"","format":"standard","meta":{"colormag_page_container_layout":"default_layout","colormag_page_sidebar_layout":"default_layout","om_disable_all_campaigns":false,"_monsterinsights_skip_tracking":false,"_monsterinsights_sitenote_active":false,"_monsterinsights_sitenote_note":"","_monsterinsights_sitenote_category":0,"footnotes":"","_wpscppro_dont_share_socialmedia":false,"_wpscppro_custom_social_share_image":0,"_facebook_share_type":"default","_twitter_share_type":"default","_linkedin_share_type":"default","_pinterest_share_type":"default","_linkedin_share_type_page":"","_instagram_share_type":"default","_medium_share_type":"default","_threads_share_type":"","_google_business_share_type":"","_selected_social_profile":[],"_wpsp_enable_custom_social_template":false,"_wpsp_social_scheduling":{"enabled":false,"datetime":null,"platforms":[],"status":"template_only","dateOption":"today","timeOption":"now","customDays":"","customHours":"","customDate":"","customTime":"","schedulingType":"absolute"},"_wpsp_active_default_template":true},"categories":[33],"tags":[],"class_list":["post-63763","post","type-post","status-publish","format-standard","has-post-thumbnail","hentry","category-sports"],"aioseo_notices":[],"yoast_head":"<!-- This site is optimized with the Yoast SEO plugin v27.5 - https:\/\/yoast.com\/product\/yoast-seo-wordpress\/ -->\n<title>Stade Chahid Hamlaoui : La r\u00e9novation des gradins lanc\u00e9e - La Sentinelle<\/title>\n<meta name=\"robots\" content=\"index, follow, max-snippet:-1, max-image-preview:large, max-video-preview:-1\" \/>\n<link rel=\"canonical\" href=\"https:\/\/lasentinelle.dz\/index.php\/2025\/03\/04\/stade-chahid-hamlaoui-la-renovation-des-gradins-lancee\/\" \/>\n<meta property=\"og:locale\" content=\"fr_FR\" \/>\n<meta property=\"og:type\" content=\"article\" \/>\n<meta property=\"og:title\" content=\"Stade Chahid Hamlaoui : La r\u00e9novation des gradins lanc\u00e9e - La Sentinelle\" \/>\n<meta property=\"og:description\" content=\"Les travaux de r\u00e9novation des gradins du stade Chahid Hamlaoui de Constantine ont \u00e9t\u00e9 lanc\u00e9s ce dimanche. Cette op\u00e9ration, attendue\" \/>\n<meta property=\"og:url\" content=\"https:\/\/lasentinelle.dz\/index.php\/2025\/03\/04\/stade-chahid-hamlaoui-la-renovation-des-gradins-lancee\/\" \/>\n<meta property=\"og:site_name\" content=\"La Sentinelle\" \/>\n<meta property=\"article:publisher\" content=\"https:\/\/www.facebook.com\/La-Sentinelle-104059864394773\" \/>\n<meta property=\"article:published_time\" content=\"2025-03-04T09:30:09+00:00\" \/>\n<meta property=\"article:modified_time\" content=\"2025-03-04T09:30:10+00:00\" \/>\n<meta property=\"og:image\" content=\"https:\/\/lasentinelle.dz\/wp-content\/uploads\/2025\/03\/sege-saccages.jpg\" \/>\n\t<meta property=\"og:image:width\" content=\"600\" \/>\n\t<meta property=\"og:image:height\" content=\"452\" \/>\n\t<meta property=\"og:image:type\" content=\"image\/jpeg\" \/>\n<meta name=\"author\" content=\"admin\" \/>\n<meta name=\"twitter:card\" content=\"summary_large_image\" \/>\n<meta name=\"twitter:label1\" content=\"\u00c9crit par\" \/>\n\t<meta name=\"twitter:data1\" content=\"admin\" \/>\n\t<meta name=\"twitter:label2\" content=\"Dur\u00e9e de lecture estim\u00e9e\" \/>\n\t<meta name=\"twitter:data2\" content=\"3 minutes\" \/>\n<script type=\"application\/ld+json\" class=\"yoast-schema-graph\">{\"@context\":\"https:\\\/\\\/schema.org\",\"@graph\":[{\"@type\":\"Article\",\"@id\":\"https:\\\/\\\/lasentinelle.dz\\\/index.php\\\/2025\\\/03\\\/04\\\/stade-chahid-hamlaoui-la-renovation-des-gradins-lancee\\\/#article\",\"isPartOf\":{\"@id\":\"https:\\\/\\\/lasentinelle.dz\\\/index.php\\\/2025\\\/03\\\/04\\\/stade-chahid-hamlaoui-la-renovation-des-gradins-lancee\\\/\"},\"author\":{\"name\":\"admin\",\"@id\":\"https:\\\/\\\/lasentinelle.dz\\\/#\\\/schema\\\/person\\\/729ee0024f24e0b8c5ec17232f8e8b41\"},\"headline\":\"Stade Chahid Hamlaoui : La r\u00e9novation des gradins lanc\u00e9e\",\"datePublished\":\"2025-03-04T09:30:09+00:00\",\"dateModified\":\"2025-03-04T09:30:10+00:00\",\"mainEntityOfPage\":{\"@id\":\"https:\\\/\\\/lasentinelle.dz\\\/index.php\\\/2025\\\/03\\\/04\\\/stade-chahid-hamlaoui-la-renovation-des-gradins-lancee\\\/\"},\"wordCount\":603,\"commentCount\":0,\"publisher\":{\"@id\":\"https:\\\/\\\/lasentinelle.dz\\\/#organization\"},\"image\":{\"@id\":\"https:\\\/\\\/lasentinelle.dz\\\/index.php\\\/2025\\\/03\\\/04\\\/stade-chahid-hamlaoui-la-renovation-des-gradins-lancee\\\/#primaryimage\"},\"thumbnailUrl\":\"https:\\\/\\\/lasentinelle.dz\\\/wp-content\\\/uploads\\\/2025\\\/03\\\/sege-saccages.jpg\",\"articleSection\":[\"Sports\"],\"inLanguage\":\"fr-FR\",\"potentialAction\":[{\"@type\":\"CommentAction\",\"name\":\"Comment\",\"target\":[\"https:\\\/\\\/lasentinelle.dz\\\/index.php\\\/2025\\\/03\\\/04\\\/stade-chahid-hamlaoui-la-renovation-des-gradins-lancee\\\/#respond\"]}]},{\"@type\":\"WebPage\",\"@id\":\"https:\\\/\\\/lasentinelle.dz\\\/index.php\\\/2025\\\/03\\\/04\\\/stade-chahid-hamlaoui-la-renovation-des-gradins-lancee\\\/\",\"url\":\"https:\\\/\\\/lasentinelle.dz\\\/index.php\\\/2025\\\/03\\\/04\\\/stade-chahid-hamlaoui-la-renovation-des-gradins-lancee\\\/\",\"name\":\"Stade Chahid Hamlaoui : La r\u00e9novation des gradins lanc\u00e9e - La Sentinelle\",\"isPartOf\":{\"@id\":\"https:\\\/\\\/lasentinelle.dz\\\/#website\"},\"primaryImageOfPage\":{\"@id\":\"https:\\\/\\\/lasentinelle.dz\\\/index.php\\\/2025\\\/03\\\/04\\\/stade-chahid-hamlaoui-la-renovation-des-gradins-lancee\\\/#primaryimage\"},\"image\":{\"@id\":\"https:\\\/\\\/lasentinelle.dz\\\/index.php\\\/2025\\\/03\\\/04\\\/stade-chahid-hamlaoui-la-renovation-des-gradins-lancee\\\/#primaryimage\"},\"thumbnailUrl\":\"https:\\\/\\\/lasentinelle.dz\\\/wp-content\\\/uploads\\\/2025\\\/03\\\/sege-saccages.jpg\",\"datePublished\":\"2025-03-04T09:30:09+00:00\",\"dateModified\":\"2025-03-04T09:30:10+00:00\",\"breadcrumb\":{\"@id\":\"https:\\\/\\\/lasentinelle.dz\\\/index.php\\\/2025\\\/03\\\/04\\\/stade-chahid-hamlaoui-la-renovation-des-gradins-lancee\\\/#breadcrumb\"},\"inLanguage\":\"fr-FR\",\"potentialAction\":[{\"@type\":\"ReadAction\",\"target\":[\"https:\\\/\\\/lasentinelle.dz\\\/index.php\\\/2025\\\/03\\\/04\\\/stade-chahid-hamlaoui-la-renovation-des-gradins-lancee\\\/\"]}]},{\"@type\":\"ImageObject\",\"inLanguage\":\"fr-FR\",\"@id\":\"https:\\\/\\\/lasentinelle.dz\\\/index.php\\\/2025\\\/03\\\/04\\\/stade-chahid-hamlaoui-la-renovation-des-gradins-lancee\\\/#primaryimage\",\"url\":\"https:\\\/\\\/lasentinelle.dz\\\/wp-content\\\/uploads\\\/2025\\\/03\\\/sege-saccages.jpg\",\"contentUrl\":\"https:\\\/\\\/lasentinelle.dz\\\/wp-content\\\/uploads\\\/2025\\\/03\\\/sege-saccages.jpg\",\"width\":600,\"height\":452},{\"@type\":\"BreadcrumbList\",\"@id\":\"https:\\\/\\\/lasentinelle.dz\\\/index.php\\\/2025\\\/03\\\/04\\\/stade-chahid-hamlaoui-la-renovation-des-gradins-lancee\\\/#breadcrumb\",\"itemListElement\":[{\"@type\":\"ListItem\",\"position\":1,\"name\":\"Accueil\",\"item\":\"https:\\\/\\\/lasentinelle.dz\\\/\"},{\"@type\":\"ListItem\",\"position\":2,\"name\":\"Stade Chahid Hamlaoui : La r\u00e9novation des gradins lanc\u00e9e\"}]},{\"@type\":\"WebSite\",\"@id\":\"https:\\\/\\\/lasentinelle.dz\\\/#website\",\"url\":\"https:\\\/\\\/lasentinelle.dz\\\/\",\"name\":\"La Sentinelle\",\"description\":\"Quotidien national d&#039;information\",\"publisher\":{\"@id\":\"https:\\\/\\\/lasentinelle.dz\\\/#organization\"},\"potentialAction\":[{\"@type\":\"SearchAction\",\"target\":{\"@type\":\"EntryPoint\",\"urlTemplate\":\"https:\\\/\\\/lasentinelle.dz\\\/?s={search_term_string}\"},\"query-input\":{\"@type\":\"PropertyValueSpecification\",\"valueRequired\":true,\"valueName\":\"search_term_string\"}}],\"inLanguage\":\"fr-FR\"},{\"@type\":\"Organization\",\"@id\":\"https:\\\/\\\/lasentinelle.dz\\\/#organization\",\"name\":\"Quotidien La Sentinelle\",\"url\":\"https:\\\/\\\/lasentinelle.dz\\\/\",\"logo\":{\"@type\":\"ImageObject\",\"inLanguage\":\"fr-FR\",\"@id\":\"https:\\\/\\\/lasentinelle.dz\\\/#\\\/schema\\\/logo\\\/image\\\/\",\"url\":\"https:\\\/\\\/lasentinelle.dz\\\/wp-content\\\/uploads\\\/2021\\\/09\\\/logo-sentinelleSLOGAN-1.png\",\"contentUrl\":\"https:\\\/\\\/lasentinelle.dz\\\/wp-content\\\/uploads\\\/2021\\\/09\\\/logo-sentinelleSLOGAN-1.png\",\"width\":615,\"height\":142,\"caption\":\"Quotidien La Sentinelle\"},\"image\":{\"@id\":\"https:\\\/\\\/lasentinelle.dz\\\/#\\\/schema\\\/logo\\\/image\\\/\"},\"sameAs\":[\"https:\\\/\\\/www.facebook.com\\\/La-Sentinelle-104059864394773\"]},{\"@type\":\"Person\",\"@id\":\"https:\\\/\\\/lasentinelle.dz\\\/#\\\/schema\\\/person\\\/729ee0024f24e0b8c5ec17232f8e8b41\",\"name\":\"admin\",\"image\":{\"@type\":\"ImageObject\",\"inLanguage\":\"fr-FR\",\"@id\":\"https:\\\/\\\/secure.gravatar.com\\\/avatar\\\/4c81fed838786e9b53f540bf46533e750f5d292099ae3b66cfc6fb1982e29df7?s=96&d=mm&r=g\",\"url\":\"https:\\\/\\\/secure.gravatar.com\\\/avatar\\\/4c81fed838786e9b53f540bf46533e750f5d292099ae3b66cfc6fb1982e29df7?s=96&d=mm&r=g\",\"contentUrl\":\"https:\\\/\\\/secure.gravatar.com\\\/avatar\\\/4c81fed838786e9b53f540bf46533e750f5d292099ae3b66cfc6fb1982e29df7?s=96&d=mm&r=g\",\"caption\":\"admin\"},\"description\":\"admin\",\"url\":\"https:\\\/\\\/lasentinelle.dz\\\/author\\\/admin\\\/\"}]}<\/script>\n<!-- \/ Yoast SEO plugin. -->","yoast_head_json":{"title":"Stade Chahid Hamlaoui : La r\u00e9novation des gradins lanc\u00e9e - La Sentinelle","robots":{"index":"index","follow":"follow","max-snippet":"max-snippet:-1","max-image-preview":"max-image-preview:large","max-video-preview":"max-video-preview:-1"},"canonical":"https:\/\/lasentinelle.dz\/index.php\/2025\/03\/04\/stade-chahid-hamlaoui-la-renovation-des-gradins-lancee\/","og_locale":"fr_FR","og_type":"article","og_title":"Stade Chahid Hamlaoui : La r\u00e9novation des gradins lanc\u00e9e - La Sentinelle","og_description":"Les travaux de r\u00e9novation des gradins du stade Chahid Hamlaoui de Constantine ont \u00e9t\u00e9 lanc\u00e9s ce dimanche. Cette op\u00e9ration, attendue","og_url":"https:\/\/lasentinelle.dz\/index.php\/2025\/03\/04\/stade-chahid-hamlaoui-la-renovation-des-gradins-lancee\/","og_site_name":"La Sentinelle","article_publisher":"https:\/\/www.facebook.com\/La-Sentinelle-104059864394773","article_published_time":"2025-03-04T09:30:09+00:00","article_modified_time":"2025-03-04T09:30:10+00:00","og_image":[{"width":600,"height":452,"url":"https:\/\/lasentinelle.dz\/wp-content\/uploads\/2025\/03\/sege-saccages.jpg","type":"image\/jpeg"}],"author":"admin","twitter_card":"summary_large_image","twitter_misc":{"\u00c9crit par":"admin","Dur\u00e9e de lecture estim\u00e9e":"3 minutes"},"schema":{"@context":"https:\/\/schema.org","@graph":[{"@type":"Article","@id":"https:\/\/lasentinelle.dz\/index.php\/2025\/03\/04\/stade-chahid-hamlaoui-la-renovation-des-gradins-lancee\/#article","isPartOf":{"@id":"https:\/\/lasentinelle.dz\/index.php\/2025\/03\/04\/stade-chahid-hamlaoui-la-renovation-des-gradins-lancee\/"},"author":{"name":"admin","@id":"https:\/\/lasentinelle.dz\/#\/schema\/person\/729ee0024f24e0b8c5ec17232f8e8b41"},"headline":"Stade Chahid Hamlaoui : La r\u00e9novation des gradins lanc\u00e9e","datePublished":"2025-03-04T09:30:09+00:00","dateModified":"2025-03-04T09:30:10+00:00","mainEntityOfPage":{"@id":"https:\/\/lasentinelle.dz\/index.php\/2025\/03\/04\/stade-chahid-hamlaoui-la-renovation-des-gradins-lancee\/"},"wordCount":603,"commentCount":0,"publisher":{"@id":"https:\/\/lasentinelle.dz\/#organization"},"image":{"@id":"https:\/\/lasentinelle.dz\/index.php\/2025\/03\/04\/stade-chahid-hamlaoui-la-renovation-des-gradins-lancee\/#primaryimage"},"thumbnailUrl":"https:\/\/lasentinelle.dz\/wp-content\/uploads\/2025\/03\/sege-saccages.jpg","articleSection":["Sports"],"inLanguage":"fr-FR","potentialAction":[{"@type":"CommentAction","name":"Comment","target":["https:\/\/lasentinelle.dz\/index.php\/2025\/03\/04\/stade-chahid-hamlaoui-la-renovation-des-gradins-lancee\/#respond"]}]},{"@type":"WebPage","@id":"https:\/\/lasentinelle.dz\/index.php\/2025\/03\/04\/stade-chahid-hamlaoui-la-renovation-des-gradins-lancee\/","url":"https:\/\/lasentinelle.dz\/index.php\/2025\/03\/04\/stade-chahid-hamlaoui-la-renovation-des-gradins-lancee\/","name":"Stade Chahid Hamlaoui : La r\u00e9novation des gradins lanc\u00e9e - La Sentinelle","isPartOf":{"@id":"https:\/\/lasentinelle.dz\/#website"},"primaryImageOfPage":{"@id":"https:\/\/lasentinelle.dz\/index.php\/2025\/03\/04\/stade-chahid-hamlaoui-la-renovation-des-gradins-lancee\/#primaryimage"},"image":{"@id":"https:\/\/lasentinelle.dz\/index.php\/2025\/03\/04\/stade-chahid-hamlaoui-la-renovation-des-gradins-lancee\/#primaryimage"},"thumbnailUrl":"https:\/\/lasentinelle.dz\/wp-content\/uploads\/2025\/03\/sege-saccages.jpg","datePublished":"2025-03-04T09:30:09+00:00","dateModified":"2025-03-04T09:30:10+00:00","breadcrumb":{"@id":"https:\/\/lasentinelle.dz\/index.php\/2025\/03\/04\/stade-chahid-hamlaoui-la-renovation-des-gradins-lancee\/#breadcrumb"},"inLanguage":"fr-FR","potentialAction":[{"@type":"ReadAction","target":["https:\/\/lasentinelle.dz\/index.php\/2025\/03\/04\/stade-chahid-hamlaoui-la-renovation-des-gradins-lancee\/"]}]},{"@type":"ImageObject","inLanguage":"fr-FR","@id":"https:\/\/lasentinelle.dz\/index.php\/2025\/03\/04\/stade-chahid-hamlaoui-la-renovation-des-gradins-lancee\/#primaryimage","url":"https:\/\/lasentinelle.dz\/wp-content\/uploads\/2025\/03\/sege-saccages.jpg","contentUrl":"https:\/\/lasentinelle.dz\/wp-content\/uploads\/2025\/03\/sege-saccages.jpg","width":600,"height":452},{"@type":"BreadcrumbList","@id":"https:\/\/lasentinelle.dz\/index.php\/2025\/03\/04\/stade-chahid-hamlaoui-la-renovation-des-gradins-lancee\/#breadcrumb","itemListElement":[{"@type":"ListItem","position":1,"name":"Accueil","item":"https:\/\/lasentinelle.dz\/"},{"@type":"ListItem","position":2,"name":"Stade Chahid Hamlaoui : La r\u00e9novation des gradins lanc\u00e9e"}]},{"@type":"WebSite","@id":"https:\/\/lasentinelle.dz\/#website","url":"https:\/\/lasentinelle.dz\/","name":"La Sentinelle","description":"Quotidien national d&#039;information","publisher":{"@id":"https:\/\/lasentinelle.dz\/#organization"},"potentialAction":[{"@type":"SearchAction","target":{"@type":"EntryPoint","urlTemplate":"https:\/\/lasentinelle.dz\/?s={search_term_string}"},"query-input":{"@type":"PropertyValueSpecification","valueRequired":true,"valueName":"search_term_string"}}],"inLanguage":"fr-FR"},{"@type":"Organization","@id":"https:\/\/lasentinelle.dz\/#organization","name":"Quotidien La Sentinelle","url":"https:\/\/lasentinelle.dz\/","logo":{"@type":"ImageObject","inLanguage":"fr-FR","@id":"https:\/\/lasentinelle.dz\/#\/schema\/logo\/image\/","url":"https:\/\/lasentinelle.dz\/wp-content\/uploads\/2021\/09\/logo-sentinelleSLOGAN-1.png","contentUrl":"https:\/\/lasentinelle.dz\/wp-content\/uploads\/2021\/09\/logo-sentinelleSLOGAN-1.png","width":615,"height":142,"caption":"Quotidien La Sentinelle"},"image":{"@id":"https:\/\/lasentinelle.dz\/#\/schema\/logo\/image\/"},"sameAs":["https:\/\/www.facebook.com\/La-Sentinelle-104059864394773"]},{"@type":"Person","@id":"https:\/\/lasentinelle.dz\/#\/schema\/person\/729ee0024f24e0b8c5ec17232f8e8b41","name":"admin","image":{"@type":"ImageObject","inLanguage":"fr-FR","@id":"https:\/\/secure.gravatar.com\/avatar\/4c81fed838786e9b53f540bf46533e750f5d292099ae3b66cfc6fb1982e29df7?s=96&d=mm&r=g","url":"https:\/\/secure.gravatar.com\/avatar\/4c81fed838786e9b53f540bf46533e750f5d292099ae3b66cfc6fb1982e29df7?s=96&d=mm&r=g","contentUrl":"https:\/\/secure.gravatar.com\/avatar\/4c81fed838786e9b53f540bf46533e750f5d292099ae3b66cfc6fb1982e29df7?s=96&d=mm&r=g","caption":"admin"},"description":"admin","url":"https:\/\/lasentinelle.dz\/author\/admin\/"}]}},"_links":{"self":[{"href":"https:\/\/lasentinelle.dz\/index.php\/wp-json\/wp\/v2\/posts\/63763","targetHints":{"allow":["GET"]}}],"collection":[{"href":"https:\/\/lasentinelle.dz\/index.php\/wp-json\/wp\/v2\/posts"}],"about":[{"href":"https:\/\/lasentinelle.dz\/index.php\/wp-json\/wp\/v2\/types\/post"}],"author":[{"embeddable":true,"href":"https:\/\/lasentinelle.dz\/index.php\/wp-json\/wp\/v2\/users\/6"}],"replies":[{"embeddable":true,"href":"https:\/\/lasentinelle.dz\/index.php\/wp-json\/wp\/v2\/comments?post=63763"}],"version-history":[{"count":1,"href":"https:\/\/lasentinelle.dz\/index.php\/wp-json\/wp\/v2\/posts\/63763\/revisions"}],"predecessor-version":[{"id":63765,"href":"https:\/\/lasentinelle.dz\/index.php\/wp-json\/wp\/v2\/posts\/63763\/revisions\/63765"}],"wp:featuredmedia":[{"embeddable":true,"href":"https:\/\/lasentinelle.dz\/index.php\/wp-json\/wp\/v2\/media\/63764"}],"wp:attachment":[{"href":"https:\/\/lasentinelle.dz\/index.php\/wp-json\/wp\/v2\/media?parent=63763"}],"wp:term":[{"taxonomy":"category","embeddable":true,"href":"https:\/\/lasentinelle.dz\/index.php\/wp-json\/wp\/v2\/categories?post=63763"},{"taxonomy":"post_tag","embeddable":true,"href":"https:\/\/lasentinelle.dz\/index.php\/wp-json\/wp\/v2\/tags?post=63763"}],"curies":[{"name":"wp","href":"https:\/\/api.w.org\/{rel}","templated":true}]}}