{"id":63797,"date":"2025-03-04T11:04:11","date_gmt":"2025-03-04T10:04:11","guid":{"rendered":"https:\/\/lasentinelle.dz\/?p=63797"},"modified":"2025-03-04T11:01:45","modified_gmt":"2025-03-04T10:01:45","slug":"ghaza-le-cessez-le-feu-plus-que-jamais-menace","status":"publish","type":"post","link":"https:\/\/lasentinelle.dz\/index.php\/2025\/03\/04\/ghaza-le-cessez-le-feu-plus-que-jamais-menace\/","title":{"rendered":"Ghaza: Le cessez-le-feu plus que jamais menac\u00e9"},"content":{"rendered":"\n<p>Alors que le mois sacr\u00e9 du Ramadhan a commenc\u00e9 samedi, la situation dans la bande de Ghaza demeure dramatique malgr\u00e9 le cessez-le-feu entr\u00e9 en vigueur le 19 janvier dernier. Ce cessez-le-feu, qui a mis fin \u00e0 plus de 15 mois d&rsquo;agression sioniste contre le territoire palestinien, reste extr\u00eamement pr\u00e9caire face aux violations continues de l&rsquo;entit\u00e9 occupante.<\/p>\n\n\n\n<p>Selon les derniers chiffres communiqu\u00e9s par le minist\u00e8re de la Sant\u00e9 \u00e0 Ghaza, le bilan humain continue de s&rsquo;alourdir m\u00eame apr\u00e8s l&rsquo;annonce du cessez-le-feu. On d\u00e9nombre d\u00e9sormais 116 martyrs suppl\u00e9mentaires et plus de 490 bless\u00e9s depuis le 19 janvier. Ces nouvelles victimes s&rsquo;ajoutent au bilan d\u00e9j\u00e0 catastrophique de 48 388 martyrs et 111 803 bless\u00e9s recens\u00e9s depuis le d\u00e9but de l&rsquo;agression le 7 octobre 2023. Pas plus tard qu&rsquo;hier, 4 Palestiniens ont \u00e9t\u00e9 tu\u00e9s et 6 autres bless\u00e9s suite \u00e0 des attaques cibl\u00e9es men\u00e9es par l&rsquo;occupation dans plusieurs zones de la bande de Ghaza. La situation humanitaire se d\u00e9t\u00e9riore davantage suite \u00e0 la d\u00e9cision de l&rsquo;entit\u00e9 sioniste de suspendre l&rsquo;entr\u00e9e de toute aide humanitaire dans le territoire assi\u00e9g\u00e9. Cette mesure, qualifi\u00e9e par l&rsquo;Organisation de la coop\u00e9ration islamique (OCI) de \u00ab\u00a0violation du droit international humanitaire, de la quatri\u00e8me Convention de Gen\u00e8ve et des r\u00e9solutions pertinentes des Nations Unies\u00a0\u00bb, risque d&rsquo;avoir des cons\u00e9quences d\u00e9sastreuses pour une population d\u00e9j\u00e0 exsangue. L&rsquo;OCI va plus loin en affirmant que cette d\u00e9cision \u00ab\u00a0renforce l&rsquo;\u00e9tat de si\u00e8ge impos\u00e9 \u00e0 Ghaza\u00a0\u00bb et \u00ab\u00a0constitue une punition collective et un crime contre l&rsquo;humanit\u00e9 qui requiert la responsabilit\u00e9 en vertu du Statut de Rome de la Cour p\u00e9nale internationale\u00a0\u00bb. Face \u00e0 cette nouvelle escalade, la communaut\u00e9 internationale multiplie les appels \u00e0 la raison. Le Secr\u00e9taire g\u00e9n\u00e9ral de l&rsquo;ONU, Antonio Guterres, a exig\u00e9 le retour \u00ab\u00a0imm\u00e9diat\u00a0\u00bb de l&rsquo;aide humanitaire dans la bande de Ghaza et exhort\u00e9 \u00ab\u00a0toutes les parties \u00e0 faire les efforts n\u00e9cessaires pour \u00e9viter un retour des hostilit\u00e9s\u00a0\u00bb. Thomas Fletcher, responsable de la coordination humanitaire de l&rsquo;ONU, a rappel\u00e9 que \u00ab\u00a0le droit international humanitaire est clair : nous devons \u00eatre autoris\u00e9s \u00e0 acc\u00e9der pour fournir une aide vitale et essentielle\u00a0\u00bb. L&rsquo;Union europ\u00e9enne a \u00e9galement condamn\u00e9 cette obstruction, alertant sur les \u00ab\u00a0cons\u00e9quences humanitaires d\u00e9sastreuses\u00a0\u00bb qu&rsquo;elle engendrera et appelant \u00e0 \u00ab\u00a0assurer un acc\u00e8s complet, rapide, s\u00fbr et sans restriction de l&rsquo;aide humanitaire au profit des Ghazaouis\u00a0\u00bb. M\u00eame l&rsquo;Allemagne, traditionnellement align\u00e9e sur les positions de l&rsquo;entit\u00e9 sioniste, a hauss\u00e9 le ton. Berlin a appel\u00e9 lundi l&rsquo;occupant \u00e0 \u00ab\u00a0lever imm\u00e9diatement\u00a0\u00bb les entraves \u00e0 l&rsquo;aide humanitaire, soulignant que cette demande \u00ab\u00a0correspond \u00e9galement aux exigences de la Cour internationale de justice\u00a0\u00bb. Le minist\u00e8re palestinien des Affaires \u00e9trang\u00e8res et des Expatri\u00e9s a d\u00e9nonc\u00e9 avec vigueur cette instrumentalisation de la faim comme arme de guerre, mettant en garde contre \u00ab\u00a0les dangers de la d\u00e9cision de l&rsquo;arm\u00e9e d&rsquo;occupation d&#8217;emp\u00eacher l&rsquo;entr\u00e9e de l&rsquo;aide humanitaire\u00a0\u00bb et \u00ab\u00a0ses cons\u00e9quences catastrophiques \u00e0 la lumi\u00e8re de l&rsquo;aggravation des souffrances des Palestiniens, en particulier pendant le mois sacr\u00e9 du Ramadhan\u00a0\u00bb. Il a appel\u00e9 la communaut\u00e9 internationale \u00e0 \u00ab\u00a0assumer ses responsabilit\u00e9s pour obliger l&rsquo;arm\u00e9e d&rsquo;occupation \u00e0 faire entrer l&rsquo;aide dans la bande de Ghaza de mani\u00e8re durable, et l&#8217;emp\u00eacher d&rsquo;utiliser la douleur et la faim des Palestiniens comme une arme pour imposer ses conditions politiques\u00a0\u00bb. Malgr\u00e9 ces conditions extr\u00eamement difficiles, l&rsquo;Office des Nations Unies pour les r\u00e9fugi\u00e9s palestiniens (UNRWA) continue tant bien que mal de fournir des services essentiels \u00e0 la population. L&rsquo;agence onusienne a annonc\u00e9 la r\u00e9ouverture de trois centres de sant\u00e9, portant \u00e0 neuf le nombre total de points de soins d\u00e9sormais disponibles dans l&rsquo;enclave. Jusqu&rsquo;\u00e0 pr\u00e9sent, les \u00e9quipes de l&rsquo;UNRWA ont pu proc\u00e9der \u00e0 300 000 consultations, soutenir 19 000 femmes enceintes et post-natales \u00e0 haut risque, et fournir des soins de physioth\u00e9rapie \u00e0 5 500 personnes.<\/p>\n\n\n\n<p>Escalade en Cisjordanie occup\u00e9e<\/p>\n\n\n\n<p>Parall\u00e8lement \u00e0 la crise \u00e0 Ghaza, la situation en Cisjordanie occup\u00e9e s&rsquo;aggrave \u00e9galement. Le minist\u00e8re palestinien des Affaires \u00e9trang\u00e8res a mis en garde contre les projets sionistes visant \u00e0 annexer de grandes parties de ce territoire, qualifiant ce projet de \u00ab\u00a0crime majeur\u00a0\u00bb s&rsquo;inscrivant dans le cadre d&rsquo;une politique plus large visant \u00e0 \u00ab\u00a0d\u00e9placer les Palestiniens et \u00e0 d\u00e9truire les fondements de leur vie et leur pr\u00e9sence dans leur patrie\u00a0\u00bb. L&rsquo;organisation Oxfam a r\u00e9cemment alert\u00e9 sur les actions de l&rsquo;occupant en Cisjordanie, o\u00f9 quelque 40 000 personnes ont \u00e9t\u00e9 d\u00e9plac\u00e9es depuis le 19 janvier, jour m\u00eame de l&rsquo;entr\u00e9e en vigueur du cessez-le-feu \u00e0 Ghaza. Face \u00e0 cette situation, Mirjana Spoljaric, pr\u00e9sidente du Comit\u00e9 international de la Croix-Rouge (CICR), a lanc\u00e9 un appel solennel pour que \u00ab\u00a0tous les efforts soient faits\u00a0\u00bb afin de maintenir le cessez-le-feu et \u00e9viter de \u00ab\u00a0replonger les gens dans le d\u00e9sespoir\u00a0\u00bb. Elle a soulign\u00e9 que l&rsquo;accord du 19 janvier \u00ab\u00a0a sauv\u00e9 d&rsquo;innombrables vies et offert une lueur d&rsquo;espoir au milieu de souffrances inimaginables\u00a0\u00bb, mettant en garde contre le fait que \u00ab\u00a0tout recul de l&rsquo;\u00e9lan cr\u00e9\u00e9 au cours des six derni\u00e8res semaines risque de replonger les gens dans le d\u00e9sespoir\u00a0\u00bb. L&rsquo;Union europ\u00e9enne abonde dans ce sens, rappelant qu'\u00a0\u00bben cette p\u00e9riode, les efforts doivent \u00eatre plut\u00f4t redoubl\u00e9s pour parvenir \u00e0 un cessez-le-feu permanent dans la bande de Ghaza\u00a0\u00bb, et que \u00ab\u00a0la reconstruction de l&rsquo;enclave palestinienne doit \u00eatre la premi\u00e8re priorit\u00e9\u00a0\u00bb.<\/p>\n\n\n\n<p>Lyes Sa\u00efdi<\/p>\n\n\n\n<p><strong>Des manifestants bloquent la route menant aux Oscars en Californie en soutien \u00e0 la Palestine<\/strong><\/p>\n\n\n\n<p>Des manifestants pro-Palestine ont temporairement bloqu\u00e9, dimanche soir, la route menant \u00e0 la 97e c\u00e9r\u00e9monie des Oscars au Dolby Theatre de Los Angeles, en Californie aux Etats-Unis, retardant l&rsquo;arriv\u00e9e de nombreux invit\u00e9s \u00e0 l&rsquo;\u00e9v\u00e9nement, pour exiger la \u00abfin du g\u00e9nocide\u00bb sioniste contre le peuple palestinien. Au cours de leur manifestation, les protestataires ont scand\u00e9 des slogans appelant \u00e0 la fin des agressions sionistes contre le peuple palestinien, selon l&rsquo;agence de presse palestinienne, Wafa. Un certain nombre d&rsquo;entre eux se sont rassembl\u00e9s pr\u00e8s du tapis rouge, mais la police locale les a emp\u00each\u00e9s d&rsquo;atteindre le lieu de la c\u00e9r\u00e9monie annuelle, la plus c\u00e9l\u00e8bre du monde. Lors de leur manifestation, les activistes propalestiniens ont soulign\u00e9 l\u2019importance de transmettre leur message aux \u00abstars d\u2019Hollywood\u00bb selon lequel \u00abla question palestinienne ne peut \u00eatre ignor\u00e9e\u00bb, et d\u2019attirer leur attention sur ce qui se passe en Palestine.<\/p>\n","protected":false},"excerpt":{"rendered":"<p>Alors que le mois sacr\u00e9 du Ramadhan a commenc\u00e9 samedi, la situation dans la bande de Ghaza demeure dramatique malgr\u00e9<\/p>\n","protected":false},"author":6,"featured_media":61817,"comment_status":"open","ping_status":"closed","sticky":false,"template":"","format":"standard","meta":{"colormag_page_container_layout":"default_layout","colormag_page_sidebar_layout":"default_layout","om_disable_all_campaigns":false,"_monsterinsights_skip_tracking":false,"_monsterinsights_sitenote_active":false,"_monsterinsights_sitenote_note":"","_monsterinsights_sitenote_category":0,"footnotes":"","_wpscppro_dont_share_socialmedia":false,"_wpscppro_custom_social_share_image":0,"_facebook_share_type":"default","_twitter_share_type":"default","_linkedin_share_type":"default","_pinterest_share_type":"default","_linkedin_share_type_page":"","_instagram_share_type":"default","_medium_share_type":"default","_threads_share_type":"","_google_business_share_type":"","_selected_social_profile":[],"_wpsp_enable_custom_social_template":false,"_wpsp_social_scheduling":{"enabled":false,"datetime":null,"platforms":[],"status":"template_only","dateOption":"today","timeOption":"now","customDays":"","customHours":"","customDate":"","customTime":"","schedulingType":"absolute"},"_wpsp_active_default_template":true},"categories":[27],"tags":[],"class_list":["post-63797","post","type-post","status-publish","format-standard","has-post-thumbnail","hentry","category-actualite"],"aioseo_notices":[],"yoast_head":"<!-- This site is optimized with the Yoast SEO plugin v27.5 - https:\/\/yoast.com\/product\/yoast-seo-wordpress\/ -->\n<title>Ghaza: Le cessez-le-feu plus que jamais menac\u00e9 - La Sentinelle<\/title>\n<meta name=\"robots\" content=\"index, follow, max-snippet:-1, max-image-preview:large, max-video-preview:-1\" \/>\n<link rel=\"canonical\" href=\"https:\/\/lasentinelle.dz\/index.php\/2025\/03\/04\/ghaza-le-cessez-le-feu-plus-que-jamais-menace\/\" \/>\n<meta property=\"og:locale\" content=\"fr_FR\" \/>\n<meta property=\"og:type\" content=\"article\" \/>\n<meta property=\"og:title\" content=\"Ghaza: Le cessez-le-feu plus que jamais menac\u00e9 - La Sentinelle\" \/>\n<meta property=\"og:description\" content=\"Alors que le mois sacr\u00e9 du Ramadhan a commenc\u00e9 samedi, la situation dans la bande de Ghaza demeure dramatique malgr\u00e9\" \/>\n<meta property=\"og:url\" content=\"https:\/\/lasentinelle.dz\/index.php\/2025\/03\/04\/ghaza-le-cessez-le-feu-plus-que-jamais-menace\/\" \/>\n<meta property=\"og:site_name\" content=\"La Sentinelle\" \/>\n<meta property=\"article:publisher\" content=\"https:\/\/www.facebook.com\/La-Sentinelle-104059864394773\" \/>\n<meta property=\"article:published_time\" content=\"2025-03-04T10:04:11+00:00\" \/>\n<meta property=\"og:image\" content=\"https:\/\/lasentinelle.dz\/wp-content\/uploads\/2025\/01\/Ghaza-3.jpeg\" \/>\n\t<meta property=\"og:image:width\" content=\"1200\" \/>\n\t<meta property=\"og:image:height\" content=\"800\" \/>\n\t<meta property=\"og:image:type\" content=\"image\/jpeg\" \/>\n<meta name=\"author\" content=\"admin\" \/>\n<meta name=\"twitter:card\" content=\"summary_large_image\" \/>\n<meta name=\"twitter:label1\" content=\"\u00c9crit par\" \/>\n\t<meta name=\"twitter:data1\" content=\"admin\" \/>\n\t<meta name=\"twitter:label2\" content=\"Dur\u00e9e de lecture estim\u00e9e\" \/>\n\t<meta name=\"twitter:data2\" content=\"6 minutes\" \/>\n<script type=\"application\/ld+json\" class=\"yoast-schema-graph\">{\"@context\":\"https:\\\/\\\/schema.org\",\"@graph\":[{\"@type\":\"Article\",\"@id\":\"https:\\\/\\\/lasentinelle.dz\\\/index.php\\\/2025\\\/03\\\/04\\\/ghaza-le-cessez-le-feu-plus-que-jamais-menace\\\/#article\",\"isPartOf\":{\"@id\":\"https:\\\/\\\/lasentinelle.dz\\\/index.php\\\/2025\\\/03\\\/04\\\/ghaza-le-cessez-le-feu-plus-que-jamais-menace\\\/\"},\"author\":{\"name\":\"admin\",\"@id\":\"https:\\\/\\\/lasentinelle.dz\\\/#\\\/schema\\\/person\\\/729ee0024f24e0b8c5ec17232f8e8b41\"},\"headline\":\"Ghaza: Le cessez-le-feu plus que jamais menac\u00e9\",\"datePublished\":\"2025-03-04T10:04:11+00:00\",\"mainEntityOfPage\":{\"@id\":\"https:\\\/\\\/lasentinelle.dz\\\/index.php\\\/2025\\\/03\\\/04\\\/ghaza-le-cessez-le-feu-plus-que-jamais-menace\\\/\"},\"wordCount\":1114,\"commentCount\":0,\"publisher\":{\"@id\":\"https:\\\/\\\/lasentinelle.dz\\\/#organization\"},\"image\":{\"@id\":\"https:\\\/\\\/lasentinelle.dz\\\/index.php\\\/2025\\\/03\\\/04\\\/ghaza-le-cessez-le-feu-plus-que-jamais-menace\\\/#primaryimage\"},\"thumbnailUrl\":\"https:\\\/\\\/lasentinelle.dz\\\/wp-content\\\/uploads\\\/2025\\\/01\\\/Ghaza-3.jpeg\",\"articleSection\":[\"Actualit\u00e9\"],\"inLanguage\":\"fr-FR\",\"potentialAction\":[{\"@type\":\"CommentAction\",\"name\":\"Comment\",\"target\":[\"https:\\\/\\\/lasentinelle.dz\\\/index.php\\\/2025\\\/03\\\/04\\\/ghaza-le-cessez-le-feu-plus-que-jamais-menace\\\/#respond\"]}]},{\"@type\":\"WebPage\",\"@id\":\"https:\\\/\\\/lasentinelle.dz\\\/index.php\\\/2025\\\/03\\\/04\\\/ghaza-le-cessez-le-feu-plus-que-jamais-menace\\\/\",\"url\":\"https:\\\/\\\/lasentinelle.dz\\\/index.php\\\/2025\\\/03\\\/04\\\/ghaza-le-cessez-le-feu-plus-que-jamais-menace\\\/\",\"name\":\"Ghaza: Le cessez-le-feu plus que jamais menac\u00e9 - La Sentinelle\",\"isPartOf\":{\"@id\":\"https:\\\/\\\/lasentinelle.dz\\\/#website\"},\"primaryImageOfPage\":{\"@id\":\"https:\\\/\\\/lasentinelle.dz\\\/index.php\\\/2025\\\/03\\\/04\\\/ghaza-le-cessez-le-feu-plus-que-jamais-menace\\\/#primaryimage\"},\"image\":{\"@id\":\"https:\\\/\\\/lasentinelle.dz\\\/index.php\\\/2025\\\/03\\\/04\\\/ghaza-le-cessez-le-feu-plus-que-jamais-menace\\\/#primaryimage\"},\"thumbnailUrl\":\"https:\\\/\\\/lasentinelle.dz\\\/wp-content\\\/uploads\\\/2025\\\/01\\\/Ghaza-3.jpeg\",\"datePublished\":\"2025-03-04T10:04:11+00:00\",\"breadcrumb\":{\"@id\":\"https:\\\/\\\/lasentinelle.dz\\\/index.php\\\/2025\\\/03\\\/04\\\/ghaza-le-cessez-le-feu-plus-que-jamais-menace\\\/#breadcrumb\"},\"inLanguage\":\"fr-FR\",\"potentialAction\":[{\"@type\":\"ReadAction\",\"target\":[\"https:\\\/\\\/lasentinelle.dz\\\/index.php\\\/2025\\\/03\\\/04\\\/ghaza-le-cessez-le-feu-plus-que-jamais-menace\\\/\"]}]},{\"@type\":\"ImageObject\",\"inLanguage\":\"fr-FR\",\"@id\":\"https:\\\/\\\/lasentinelle.dz\\\/index.php\\\/2025\\\/03\\\/04\\\/ghaza-le-cessez-le-feu-plus-que-jamais-menace\\\/#primaryimage\",\"url\":\"https:\\\/\\\/lasentinelle.dz\\\/wp-content\\\/uploads\\\/2025\\\/01\\\/Ghaza-3.jpeg\",\"contentUrl\":\"https:\\\/\\\/lasentinelle.dz\\\/wp-content\\\/uploads\\\/2025\\\/01\\\/Ghaza-3.jpeg\",\"width\":1200,\"height\":800},{\"@type\":\"BreadcrumbList\",\"@id\":\"https:\\\/\\\/lasentinelle.dz\\\/index.php\\\/2025\\\/03\\\/04\\\/ghaza-le-cessez-le-feu-plus-que-jamais-menace\\\/#breadcrumb\",\"itemListElement\":[{\"@type\":\"ListItem\",\"position\":1,\"name\":\"Accueil\",\"item\":\"https:\\\/\\\/lasentinelle.dz\\\/\"},{\"@type\":\"ListItem\",\"position\":2,\"name\":\"Ghaza: Le cessez-le-feu plus que jamais menac\u00e9\"}]},{\"@type\":\"WebSite\",\"@id\":\"https:\\\/\\\/lasentinelle.dz\\\/#website\",\"url\":\"https:\\\/\\\/lasentinelle.dz\\\/\",\"name\":\"La Sentinelle\",\"description\":\"Quotidien national d&#039;information\",\"publisher\":{\"@id\":\"https:\\\/\\\/lasentinelle.dz\\\/#organization\"},\"potentialAction\":[{\"@type\":\"SearchAction\",\"target\":{\"@type\":\"EntryPoint\",\"urlTemplate\":\"https:\\\/\\\/lasentinelle.dz\\\/?s={search_term_string}\"},\"query-input\":{\"@type\":\"PropertyValueSpecification\",\"valueRequired\":true,\"valueName\":\"search_term_string\"}}],\"inLanguage\":\"fr-FR\"},{\"@type\":\"Organization\",\"@id\":\"https:\\\/\\\/lasentinelle.dz\\\/#organization\",\"name\":\"Quotidien La Sentinelle\",\"url\":\"https:\\\/\\\/lasentinelle.dz\\\/\",\"logo\":{\"@type\":\"ImageObject\",\"inLanguage\":\"fr-FR\",\"@id\":\"https:\\\/\\\/lasentinelle.dz\\\/#\\\/schema\\\/logo\\\/image\\\/\",\"url\":\"https:\\\/\\\/lasentinelle.dz\\\/wp-content\\\/uploads\\\/2021\\\/09\\\/logo-sentinelleSLOGAN-1.png\",\"contentUrl\":\"https:\\\/\\\/lasentinelle.dz\\\/wp-content\\\/uploads\\\/2021\\\/09\\\/logo-sentinelleSLOGAN-1.png\",\"width\":615,\"height\":142,\"caption\":\"Quotidien La Sentinelle\"},\"image\":{\"@id\":\"https:\\\/\\\/lasentinelle.dz\\\/#\\\/schema\\\/logo\\\/image\\\/\"},\"sameAs\":[\"https:\\\/\\\/www.facebook.com\\\/La-Sentinelle-104059864394773\"]},{\"@type\":\"Person\",\"@id\":\"https:\\\/\\\/lasentinelle.dz\\\/#\\\/schema\\\/person\\\/729ee0024f24e0b8c5ec17232f8e8b41\",\"name\":\"admin\",\"image\":{\"@type\":\"ImageObject\",\"inLanguage\":\"fr-FR\",\"@id\":\"https:\\\/\\\/secure.gravatar.com\\\/avatar\\\/4c81fed838786e9b53f540bf46533e750f5d292099ae3b66cfc6fb1982e29df7?s=96&d=mm&r=g\",\"url\":\"https:\\\/\\\/secure.gravatar.com\\\/avatar\\\/4c81fed838786e9b53f540bf46533e750f5d292099ae3b66cfc6fb1982e29df7?s=96&d=mm&r=g\",\"contentUrl\":\"https:\\\/\\\/secure.gravatar.com\\\/avatar\\\/4c81fed838786e9b53f540bf46533e750f5d292099ae3b66cfc6fb1982e29df7?s=96&d=mm&r=g\",\"caption\":\"admin\"},\"description\":\"admin\",\"url\":\"https:\\\/\\\/lasentinelle.dz\\\/author\\\/admin\\\/\"}]}<\/script>\n<!-- \/ Yoast SEO plugin. -->","yoast_head_json":{"title":"Ghaza: Le cessez-le-feu plus que jamais menac\u00e9 - La Sentinelle","robots":{"index":"index","follow":"follow","max-snippet":"max-snippet:-1","max-image-preview":"max-image-preview:large","max-video-preview":"max-video-preview:-1"},"canonical":"https:\/\/lasentinelle.dz\/index.php\/2025\/03\/04\/ghaza-le-cessez-le-feu-plus-que-jamais-menace\/","og_locale":"fr_FR","og_type":"article","og_title":"Ghaza: Le cessez-le-feu plus que jamais menac\u00e9 - La Sentinelle","og_description":"Alors que le mois sacr\u00e9 du Ramadhan a commenc\u00e9 samedi, la situation dans la bande de Ghaza demeure dramatique malgr\u00e9","og_url":"https:\/\/lasentinelle.dz\/index.php\/2025\/03\/04\/ghaza-le-cessez-le-feu-plus-que-jamais-menace\/","og_site_name":"La Sentinelle","article_publisher":"https:\/\/www.facebook.com\/La-Sentinelle-104059864394773","article_published_time":"2025-03-04T10:04:11+00:00","og_image":[{"width":1200,"height":800,"url":"https:\/\/lasentinelle.dz\/wp-content\/uploads\/2025\/01\/Ghaza-3.jpeg","type":"image\/jpeg"}],"author":"admin","twitter_card":"summary_large_image","twitter_misc":{"\u00c9crit par":"admin","Dur\u00e9e de lecture estim\u00e9e":"6 minutes"},"schema":{"@context":"https:\/\/schema.org","@graph":[{"@type":"Article","@id":"https:\/\/lasentinelle.dz\/index.php\/2025\/03\/04\/ghaza-le-cessez-le-feu-plus-que-jamais-menace\/#article","isPartOf":{"@id":"https:\/\/lasentinelle.dz\/index.php\/2025\/03\/04\/ghaza-le-cessez-le-feu-plus-que-jamais-menace\/"},"author":{"name":"admin","@id":"https:\/\/lasentinelle.dz\/#\/schema\/person\/729ee0024f24e0b8c5ec17232f8e8b41"},"headline":"Ghaza: Le cessez-le-feu plus que jamais menac\u00e9","datePublished":"2025-03-04T10:04:11+00:00","mainEntityOfPage":{"@id":"https:\/\/lasentinelle.dz\/index.php\/2025\/03\/04\/ghaza-le-cessez-le-feu-plus-que-jamais-menace\/"},"wordCount":1114,"commentCount":0,"publisher":{"@id":"https:\/\/lasentinelle.dz\/#organization"},"image":{"@id":"https:\/\/lasentinelle.dz\/index.php\/2025\/03\/04\/ghaza-le-cessez-le-feu-plus-que-jamais-menace\/#primaryimage"},"thumbnailUrl":"https:\/\/lasentinelle.dz\/wp-content\/uploads\/2025\/01\/Ghaza-3.jpeg","articleSection":["Actualit\u00e9"],"inLanguage":"fr-FR","potentialAction":[{"@type":"CommentAction","name":"Comment","target":["https:\/\/lasentinelle.dz\/index.php\/2025\/03\/04\/ghaza-le-cessez-le-feu-plus-que-jamais-menace\/#respond"]}]},{"@type":"WebPage","@id":"https:\/\/lasentinelle.dz\/index.php\/2025\/03\/04\/ghaza-le-cessez-le-feu-plus-que-jamais-menace\/","url":"https:\/\/lasentinelle.dz\/index.php\/2025\/03\/04\/ghaza-le-cessez-le-feu-plus-que-jamais-menace\/","name":"Ghaza: Le cessez-le-feu plus que jamais menac\u00e9 - La Sentinelle","isPartOf":{"@id":"https:\/\/lasentinelle.dz\/#website"},"primaryImageOfPage":{"@id":"https:\/\/lasentinelle.dz\/index.php\/2025\/03\/04\/ghaza-le-cessez-le-feu-plus-que-jamais-menace\/#primaryimage"},"image":{"@id":"https:\/\/lasentinelle.dz\/index.php\/2025\/03\/04\/ghaza-le-cessez-le-feu-plus-que-jamais-menace\/#primaryimage"},"thumbnailUrl":"https:\/\/lasentinelle.dz\/wp-content\/uploads\/2025\/01\/Ghaza-3.jpeg","datePublished":"2025-03-04T10:04:11+00:00","breadcrumb":{"@id":"https:\/\/lasentinelle.dz\/index.php\/2025\/03\/04\/ghaza-le-cessez-le-feu-plus-que-jamais-menace\/#breadcrumb"},"inLanguage":"fr-FR","potentialAction":[{"@type":"ReadAction","target":["https:\/\/lasentinelle.dz\/index.php\/2025\/03\/04\/ghaza-le-cessez-le-feu-plus-que-jamais-menace\/"]}]},{"@type":"ImageObject","inLanguage":"fr-FR","@id":"https:\/\/lasentinelle.dz\/index.php\/2025\/03\/04\/ghaza-le-cessez-le-feu-plus-que-jamais-menace\/#primaryimage","url":"https:\/\/lasentinelle.dz\/wp-content\/uploads\/2025\/01\/Ghaza-3.jpeg","contentUrl":"https:\/\/lasentinelle.dz\/wp-content\/uploads\/2025\/01\/Ghaza-3.jpeg","width":1200,"height":800},{"@type":"BreadcrumbList","@id":"https:\/\/lasentinelle.dz\/index.php\/2025\/03\/04\/ghaza-le-cessez-le-feu-plus-que-jamais-menace\/#breadcrumb","itemListElement":[{"@type":"ListItem","position":1,"name":"Accueil","item":"https:\/\/lasentinelle.dz\/"},{"@type":"ListItem","position":2,"name":"Ghaza: Le cessez-le-feu plus que jamais menac\u00e9"}]},{"@type":"WebSite","@id":"https:\/\/lasentinelle.dz\/#website","url":"https:\/\/lasentinelle.dz\/","name":"La Sentinelle","description":"Quotidien national d&#039;information","publisher":{"@id":"https:\/\/lasentinelle.dz\/#organization"},"potentialAction":[{"@type":"SearchAction","target":{"@type":"EntryPoint","urlTemplate":"https:\/\/lasentinelle.dz\/?s={search_term_string}"},"query-input":{"@type":"PropertyValueSpecification","valueRequired":true,"valueName":"search_term_string"}}],"inLanguage":"fr-FR"},{"@type":"Organization","@id":"https:\/\/lasentinelle.dz\/#organization","name":"Quotidien La Sentinelle","url":"https:\/\/lasentinelle.dz\/","logo":{"@type":"ImageObject","inLanguage":"fr-FR","@id":"https:\/\/lasentinelle.dz\/#\/schema\/logo\/image\/","url":"https:\/\/lasentinelle.dz\/wp-content\/uploads\/2021\/09\/logo-sentinelleSLOGAN-1.png","contentUrl":"https:\/\/lasentinelle.dz\/wp-content\/uploads\/2021\/09\/logo-sentinelleSLOGAN-1.png","width":615,"height":142,"caption":"Quotidien La Sentinelle"},"image":{"@id":"https:\/\/lasentinelle.dz\/#\/schema\/logo\/image\/"},"sameAs":["https:\/\/www.facebook.com\/La-Sentinelle-104059864394773"]},{"@type":"Person","@id":"https:\/\/lasentinelle.dz\/#\/schema\/person\/729ee0024f24e0b8c5ec17232f8e8b41","name":"admin","image":{"@type":"ImageObject","inLanguage":"fr-FR","@id":"https:\/\/secure.gravatar.com\/avatar\/4c81fed838786e9b53f540bf46533e750f5d292099ae3b66cfc6fb1982e29df7?s=96&d=mm&r=g","url":"https:\/\/secure.gravatar.com\/avatar\/4c81fed838786e9b53f540bf46533e750f5d292099ae3b66cfc6fb1982e29df7?s=96&d=mm&r=g","contentUrl":"https:\/\/secure.gravatar.com\/avatar\/4c81fed838786e9b53f540bf46533e750f5d292099ae3b66cfc6fb1982e29df7?s=96&d=mm&r=g","caption":"admin"},"description":"admin","url":"https:\/\/lasentinelle.dz\/author\/admin\/"}]}},"_links":{"self":[{"href":"https:\/\/lasentinelle.dz\/index.php\/wp-json\/wp\/v2\/posts\/63797","targetHints":{"allow":["GET"]}}],"collection":[{"href":"https:\/\/lasentinelle.dz\/index.php\/wp-json\/wp\/v2\/posts"}],"about":[{"href":"https:\/\/lasentinelle.dz\/index.php\/wp-json\/wp\/v2\/types\/post"}],"author":[{"embeddable":true,"href":"https:\/\/lasentinelle.dz\/index.php\/wp-json\/wp\/v2\/users\/6"}],"replies":[{"embeddable":true,"href":"https:\/\/lasentinelle.dz\/index.php\/wp-json\/wp\/v2\/comments?post=63797"}],"version-history":[{"count":1,"href":"https:\/\/lasentinelle.dz\/index.php\/wp-json\/wp\/v2\/posts\/63797\/revisions"}],"predecessor-version":[{"id":63798,"href":"https:\/\/lasentinelle.dz\/index.php\/wp-json\/wp\/v2\/posts\/63797\/revisions\/63798"}],"wp:featuredmedia":[{"embeddable":true,"href":"https:\/\/lasentinelle.dz\/index.php\/wp-json\/wp\/v2\/media\/61817"}],"wp:attachment":[{"href":"https:\/\/lasentinelle.dz\/index.php\/wp-json\/wp\/v2\/media?parent=63797"}],"wp:term":[{"taxonomy":"category","embeddable":true,"href":"https:\/\/lasentinelle.dz\/index.php\/wp-json\/wp\/v2\/categories?post=63797"},{"taxonomy":"post_tag","embeddable":true,"href":"https:\/\/lasentinelle.dz\/index.php\/wp-json\/wp\/v2\/tags?post=63797"}],"curies":[{"name":"wp","href":"https:\/\/api.w.org\/{rel}","templated":true}]}}