{"id":63799,"date":"2025-03-04T11:04:11","date_gmt":"2025-03-04T10:04:11","guid":{"rendered":"https:\/\/lasentinelle.dz\/?p=63799"},"modified":"2025-03-04T11:04:12","modified_gmt":"2025-03-04T10:04:12","slug":"affaire-de-lachat-des-voix-lors-des-senatoriales-de-2022-la-senatrice-de-skikda-condamnee-en-appel-a-trois-ans-de-prison-ferme","status":"publish","type":"post","link":"https:\/\/lasentinelle.dz\/index.php\/2025\/03\/04\/affaire-de-lachat-des-voix-lors-des-senatoriales-de-2022-la-senatrice-de-skikda-condamnee-en-appel-a-trois-ans-de-prison-ferme\/","title":{"rendered":"Affaire de l&rsquo;achat des voix lors des s\u00e9natoriales de 2022 \u00a0: La s\u00e9natrice de Skikda condamn\u00e9e en appel \u00e0 trois ans de prison ferme"},"content":{"rendered":"\n<p>La s\u00e9natrice de Skikda, principale accus\u00e9e dans une affaire d&rsquo;achat des voix lors des s\u00e9natoriales de 2022 a \u00e9t\u00e9 condamn\u00e9e par la cour de justice de Skikda, \u00e0 trois de prison ferme. Un verdict qui &nbsp;confirme celui &nbsp;du tribunal correctionnel de premi\u00e8re instance, selon ce qu\u2019a rapport\u00e9 une source judiciaire. Selon la m\u00eame source, l\u2019ex parlementaire et&nbsp;&nbsp; premi\u00e8re mise en cause dans ce scandale retentissant,&nbsp; son mari, son p\u00e8re et plusieurs interm\u00e9diaires, dont le P\/APC d\u2019une commune et un membre de l\u2019Assembl\u00e9e Populaire de Wilaya (APW), reconnus coupables,&nbsp; ont \u00e9t\u00e9 condamn\u00e9s \u00e0 trois ans de prison ferme. La m\u00eame Cour de justice a \u00e9galement&nbsp; condamn\u00e9 \u00e0&nbsp; deux ans de prison ferme,&nbsp; plusieurs \u00e9lus impliqu\u00e9s, tandis que les autres accus\u00e9s ont \u00e9t\u00e9 acquitt\u00e9s, a pr\u00e9cis\u00e9 notre source. Pour rappel, lors de l\u2019audience en premi\u00e8re instance, le repr\u00e9sentant du minist\u00e8re public avait requis la peine de dix ans de prison ferme \u00e0 l\u2019encontre de&nbsp; l\u2019ensemble des accus\u00e9s.&nbsp; La premi\u00e8re mise en cause et ses complices sont accus\u00e9s de pots-de-vin en esp\u00e8ces,&nbsp; promesses d\u2019emplois publics dans l\u2019intention d\u2019influencer les \u00e9lecteurs,&nbsp; et acceptation d\u2019avantages et de cadeaux&nbsp; dans le cadre du renouvellement partiel du Conseil de la Nation (S\u00e9nat) pour la wilaya de Skikda. Le scandale a \u00e9clat\u00e9 apr\u00e8s qu&rsquo;un un enregistrement eut \u00e9t\u00e9 diffus\u00e9 sur Facebook, avec la voix de l&rsquo;ex-parlementaire, en train de n\u00e9gocier l\u2019achat des voix. Cet enregistrement&nbsp; audio compromettant a \u00e9t\u00e9 diffus\u00e9 quelque&nbsp; temps apr\u00e8s l\u2019annonce des r\u00e9sultats de l\u2019\u00e9lection. Aussit\u00f4t&nbsp; les investigations engag\u00e9es par la brigade&nbsp; \u00e9conomique de la s\u00fbret\u00e9 de wilaya de Skikda&nbsp; ont mis \u00e0 nu un&nbsp; syst\u00e8me de corruption&nbsp; o\u00f9 , des \u00e9lus des communes de la r\u00e9gion ouest de la wilaya auraient monnay\u00e9 leur vote en faveur de la s\u00e9natrice, moyennant des sommes variant entre 50.000 et 60.000 DA par \u00e9lecteur. Selon l\u2019enqu\u00eate men\u00e9e par les services de s\u00e9curit\u00e9, un \u00e9lu de la commune d\u2019El Harrouch, se pr\u00e9valant d\u2019un lien de parent\u00e9 avec un concurrent direct au poste de s\u00e9nateur, aurait propos\u00e9 ses services \u00e0 la future s\u00e9natrice en lui garantissant dix voix provenant d\u2019\u00e9lecteurs des communes de Collo. Les votants concern\u00e9s auraient m\u00eame pr\u00eat\u00e9 serment pour garantir que leur suffrage irait \u00e0 la candidate. Les enqu\u00eateurs ont d\u00e9couvert des documents compromettants au bureau de l\u2019entreprise du p\u00e8re de la parlementaire, notamment des reconnaissances de dettes et des enregistrements d\u2019engagements de vote en faveur de sa fille. Cette affaire rappelle-on a&nbsp; impliqu\u00e9 plus d\u2019une centaine d\u2019individus, dont 70 ont \u00e9t\u00e9 plac\u00e9s sous contr\u00f4le judiciaire, par le magistrat instructeur.<\/p>\n\n\n\n<p><strong>&nbsp;Sofia Chahine&nbsp;<\/strong><\/p>\n","protected":false},"excerpt":{"rendered":"<p>La s\u00e9natrice de Skikda, principale accus\u00e9e dans une affaire d&rsquo;achat des voix lors des s\u00e9natoriales de 2022 a \u00e9t\u00e9 condamn\u00e9e<\/p>\n","protected":false},"author":6,"featured_media":41837,"comment_status":"open","ping_status":"closed","sticky":false,"template":"","format":"standard","meta":{"colormag_page_container_layout":"default_layout","colormag_page_sidebar_layout":"default_layout","om_disable_all_campaigns":false,"_monsterinsights_skip_tracking":false,"_monsterinsights_sitenote_active":false,"_monsterinsights_sitenote_note":"","_monsterinsights_sitenote_category":0,"footnotes":"","_wpscppro_dont_share_socialmedia":false,"_wpscppro_custom_social_share_image":0,"_facebook_share_type":"default","_twitter_share_type":"default","_linkedin_share_type":"default","_pinterest_share_type":"default","_linkedin_share_type_page":"","_instagram_share_type":"default","_medium_share_type":"default","_threads_share_type":"","_google_business_share_type":"","_selected_social_profile":[],"_wpsp_enable_custom_social_template":false,"_wpsp_social_scheduling":{"enabled":false,"datetime":null,"platforms":[],"status":"template_only","dateOption":"today","timeOption":"now","customDays":"","customHours":"","customDate":"","customTime":"","schedulingType":"absolute"},"_wpsp_active_default_template":true},"categories":[52,27],"tags":[],"class_list":["post-63799","post","type-post","status-publish","format-standard","has-post-thumbnail","hentry","category-a-la-une","category-actualite"],"aioseo_notices":[],"yoast_head":"<!-- This site is optimized with the Yoast SEO plugin v27.5 - https:\/\/yoast.com\/product\/yoast-seo-wordpress\/ -->\n<title>Affaire de l&rsquo;achat des voix lors des s\u00e9natoriales de 2022 \u00a0: La s\u00e9natrice de Skikda condamn\u00e9e en appel \u00e0 trois ans de prison ferme - La Sentinelle<\/title>\n<meta name=\"robots\" content=\"index, follow, max-snippet:-1, max-image-preview:large, max-video-preview:-1\" \/>\n<link rel=\"canonical\" href=\"https:\/\/lasentinelle.dz\/index.php\/2025\/03\/04\/affaire-de-lachat-des-voix-lors-des-senatoriales-de-2022-la-senatrice-de-skikda-condamnee-en-appel-a-trois-ans-de-prison-ferme\/\" \/>\n<meta property=\"og:locale\" content=\"fr_FR\" \/>\n<meta property=\"og:type\" content=\"article\" \/>\n<meta property=\"og:title\" content=\"Affaire de l&rsquo;achat des voix lors des s\u00e9natoriales de 2022 \u00a0: La s\u00e9natrice de Skikda condamn\u00e9e en appel \u00e0 trois ans de prison ferme - La Sentinelle\" \/>\n<meta property=\"og:description\" content=\"La s\u00e9natrice de Skikda, principale accus\u00e9e dans une affaire d&rsquo;achat des voix lors des s\u00e9natoriales de 2022 a \u00e9t\u00e9 condamn\u00e9e\" \/>\n<meta property=\"og:url\" content=\"https:\/\/lasentinelle.dz\/index.php\/2025\/03\/04\/affaire-de-lachat-des-voix-lors-des-senatoriales-de-2022-la-senatrice-de-skikda-condamnee-en-appel-a-trois-ans-de-prison-ferme\/\" \/>\n<meta property=\"og:site_name\" content=\"La Sentinelle\" \/>\n<meta property=\"article:publisher\" content=\"https:\/\/www.facebook.com\/La-Sentinelle-104059864394773\" \/>\n<meta property=\"article:published_time\" content=\"2025-03-04T10:04:11+00:00\" \/>\n<meta property=\"article:modified_time\" content=\"2025-03-04T10:04:12+00:00\" \/>\n<meta property=\"og:image\" content=\"https:\/\/lasentinelle.dz\/wp-content\/uploads\/2023\/05\/Justice.png\" \/>\n\t<meta property=\"og:image:width\" content=\"1579\" \/>\n\t<meta property=\"og:image:height\" content=\"900\" \/>\n\t<meta property=\"og:image:type\" content=\"image\/png\" \/>\n<meta name=\"author\" content=\"admin\" \/>\n<meta name=\"twitter:card\" content=\"summary_large_image\" \/>\n<meta name=\"twitter:label1\" content=\"\u00c9crit par\" \/>\n\t<meta name=\"twitter:data1\" content=\"admin\" \/>\n\t<meta name=\"twitter:label2\" content=\"Dur\u00e9e de lecture estim\u00e9e\" \/>\n\t<meta name=\"twitter:data2\" content=\"3 minutes\" \/>\n<script type=\"application\/ld+json\" class=\"yoast-schema-graph\">{\"@context\":\"https:\\\/\\\/schema.org\",\"@graph\":[{\"@type\":\"Article\",\"@id\":\"https:\\\/\\\/lasentinelle.dz\\\/index.php\\\/2025\\\/03\\\/04\\\/affaire-de-lachat-des-voix-lors-des-senatoriales-de-2022-la-senatrice-de-skikda-condamnee-en-appel-a-trois-ans-de-prison-ferme\\\/#article\",\"isPartOf\":{\"@id\":\"https:\\\/\\\/lasentinelle.dz\\\/index.php\\\/2025\\\/03\\\/04\\\/affaire-de-lachat-des-voix-lors-des-senatoriales-de-2022-la-senatrice-de-skikda-condamnee-en-appel-a-trois-ans-de-prison-ferme\\\/\"},\"author\":{\"name\":\"admin\",\"@id\":\"https:\\\/\\\/lasentinelle.dz\\\/#\\\/schema\\\/person\\\/729ee0024f24e0b8c5ec17232f8e8b41\"},\"headline\":\"Affaire de l&rsquo;achat des voix lors des s\u00e9natoriales de 2022 \u00a0: La s\u00e9natrice de Skikda condamn\u00e9e en appel \u00e0 trois ans de prison ferme\",\"datePublished\":\"2025-03-04T10:04:11+00:00\",\"dateModified\":\"2025-03-04T10:04:12+00:00\",\"mainEntityOfPage\":{\"@id\":\"https:\\\/\\\/lasentinelle.dz\\\/index.php\\\/2025\\\/03\\\/04\\\/affaire-de-lachat-des-voix-lors-des-senatoriales-de-2022-la-senatrice-de-skikda-condamnee-en-appel-a-trois-ans-de-prison-ferme\\\/\"},\"wordCount\":527,\"commentCount\":0,\"publisher\":{\"@id\":\"https:\\\/\\\/lasentinelle.dz\\\/#organization\"},\"image\":{\"@id\":\"https:\\\/\\\/lasentinelle.dz\\\/index.php\\\/2025\\\/03\\\/04\\\/affaire-de-lachat-des-voix-lors-des-senatoriales-de-2022-la-senatrice-de-skikda-condamnee-en-appel-a-trois-ans-de-prison-ferme\\\/#primaryimage\"},\"thumbnailUrl\":\"https:\\\/\\\/lasentinelle.dz\\\/wp-content\\\/uploads\\\/2023\\\/05\\\/Justice.png\",\"articleSection\":[\"\u00c0 la Une\",\"Actualit\u00e9\"],\"inLanguage\":\"fr-FR\",\"potentialAction\":[{\"@type\":\"CommentAction\",\"name\":\"Comment\",\"target\":[\"https:\\\/\\\/lasentinelle.dz\\\/index.php\\\/2025\\\/03\\\/04\\\/affaire-de-lachat-des-voix-lors-des-senatoriales-de-2022-la-senatrice-de-skikda-condamnee-en-appel-a-trois-ans-de-prison-ferme\\\/#respond\"]}]},{\"@type\":\"WebPage\",\"@id\":\"https:\\\/\\\/lasentinelle.dz\\\/index.php\\\/2025\\\/03\\\/04\\\/affaire-de-lachat-des-voix-lors-des-senatoriales-de-2022-la-senatrice-de-skikda-condamnee-en-appel-a-trois-ans-de-prison-ferme\\\/\",\"url\":\"https:\\\/\\\/lasentinelle.dz\\\/index.php\\\/2025\\\/03\\\/04\\\/affaire-de-lachat-des-voix-lors-des-senatoriales-de-2022-la-senatrice-de-skikda-condamnee-en-appel-a-trois-ans-de-prison-ferme\\\/\",\"name\":\"Affaire de l&rsquo;achat des voix lors des s\u00e9natoriales de 2022 \u00a0: La s\u00e9natrice de Skikda condamn\u00e9e en appel \u00e0 trois ans de prison ferme - La Sentinelle\",\"isPartOf\":{\"@id\":\"https:\\\/\\\/lasentinelle.dz\\\/#website\"},\"primaryImageOfPage\":{\"@id\":\"https:\\\/\\\/lasentinelle.dz\\\/index.php\\\/2025\\\/03\\\/04\\\/affaire-de-lachat-des-voix-lors-des-senatoriales-de-2022-la-senatrice-de-skikda-condamnee-en-appel-a-trois-ans-de-prison-ferme\\\/#primaryimage\"},\"image\":{\"@id\":\"https:\\\/\\\/lasentinelle.dz\\\/index.php\\\/2025\\\/03\\\/04\\\/affaire-de-lachat-des-voix-lors-des-senatoriales-de-2022-la-senatrice-de-skikda-condamnee-en-appel-a-trois-ans-de-prison-ferme\\\/#primaryimage\"},\"thumbnailUrl\":\"https:\\\/\\\/lasentinelle.dz\\\/wp-content\\\/uploads\\\/2023\\\/05\\\/Justice.png\",\"datePublished\":\"2025-03-04T10:04:11+00:00\",\"dateModified\":\"2025-03-04T10:04:12+00:00\",\"breadcrumb\":{\"@id\":\"https:\\\/\\\/lasentinelle.dz\\\/index.php\\\/2025\\\/03\\\/04\\\/affaire-de-lachat-des-voix-lors-des-senatoriales-de-2022-la-senatrice-de-skikda-condamnee-en-appel-a-trois-ans-de-prison-ferme\\\/#breadcrumb\"},\"inLanguage\":\"fr-FR\",\"potentialAction\":[{\"@type\":\"ReadAction\",\"target\":[\"https:\\\/\\\/lasentinelle.dz\\\/index.php\\\/2025\\\/03\\\/04\\\/affaire-de-lachat-des-voix-lors-des-senatoriales-de-2022-la-senatrice-de-skikda-condamnee-en-appel-a-trois-ans-de-prison-ferme\\\/\"]}]},{\"@type\":\"ImageObject\",\"inLanguage\":\"fr-FR\",\"@id\":\"https:\\\/\\\/lasentinelle.dz\\\/index.php\\\/2025\\\/03\\\/04\\\/affaire-de-lachat-des-voix-lors-des-senatoriales-de-2022-la-senatrice-de-skikda-condamnee-en-appel-a-trois-ans-de-prison-ferme\\\/#primaryimage\",\"url\":\"https:\\\/\\\/lasentinelle.dz\\\/wp-content\\\/uploads\\\/2023\\\/05\\\/Justice.png\",\"contentUrl\":\"https:\\\/\\\/lasentinelle.dz\\\/wp-content\\\/uploads\\\/2023\\\/05\\\/Justice.png\",\"width\":1579,\"height\":900},{\"@type\":\"BreadcrumbList\",\"@id\":\"https:\\\/\\\/lasentinelle.dz\\\/index.php\\\/2025\\\/03\\\/04\\\/affaire-de-lachat-des-voix-lors-des-senatoriales-de-2022-la-senatrice-de-skikda-condamnee-en-appel-a-trois-ans-de-prison-ferme\\\/#breadcrumb\",\"itemListElement\":[{\"@type\":\"ListItem\",\"position\":1,\"name\":\"Accueil\",\"item\":\"https:\\\/\\\/lasentinelle.dz\\\/\"},{\"@type\":\"ListItem\",\"position\":2,\"name\":\"Affaire de l&rsquo;achat des voix lors des s\u00e9natoriales de 2022 \u00a0: La s\u00e9natrice de Skikda condamn\u00e9e en appel \u00e0 trois ans de prison ferme\"}]},{\"@type\":\"WebSite\",\"@id\":\"https:\\\/\\\/lasentinelle.dz\\\/#website\",\"url\":\"https:\\\/\\\/lasentinelle.dz\\\/\",\"name\":\"La Sentinelle\",\"description\":\"Quotidien national d&#039;information\",\"publisher\":{\"@id\":\"https:\\\/\\\/lasentinelle.dz\\\/#organization\"},\"potentialAction\":[{\"@type\":\"SearchAction\",\"target\":{\"@type\":\"EntryPoint\",\"urlTemplate\":\"https:\\\/\\\/lasentinelle.dz\\\/?s={search_term_string}\"},\"query-input\":{\"@type\":\"PropertyValueSpecification\",\"valueRequired\":true,\"valueName\":\"search_term_string\"}}],\"inLanguage\":\"fr-FR\"},{\"@type\":\"Organization\",\"@id\":\"https:\\\/\\\/lasentinelle.dz\\\/#organization\",\"name\":\"Quotidien La Sentinelle\",\"url\":\"https:\\\/\\\/lasentinelle.dz\\\/\",\"logo\":{\"@type\":\"ImageObject\",\"inLanguage\":\"fr-FR\",\"@id\":\"https:\\\/\\\/lasentinelle.dz\\\/#\\\/schema\\\/logo\\\/image\\\/\",\"url\":\"https:\\\/\\\/lasentinelle.dz\\\/wp-content\\\/uploads\\\/2021\\\/09\\\/logo-sentinelleSLOGAN-1.png\",\"contentUrl\":\"https:\\\/\\\/lasentinelle.dz\\\/wp-content\\\/uploads\\\/2021\\\/09\\\/logo-sentinelleSLOGAN-1.png\",\"width\":615,\"height\":142,\"caption\":\"Quotidien La Sentinelle\"},\"image\":{\"@id\":\"https:\\\/\\\/lasentinelle.dz\\\/#\\\/schema\\\/logo\\\/image\\\/\"},\"sameAs\":[\"https:\\\/\\\/www.facebook.com\\\/La-Sentinelle-104059864394773\"]},{\"@type\":\"Person\",\"@id\":\"https:\\\/\\\/lasentinelle.dz\\\/#\\\/schema\\\/person\\\/729ee0024f24e0b8c5ec17232f8e8b41\",\"name\":\"admin\",\"image\":{\"@type\":\"ImageObject\",\"inLanguage\":\"fr-FR\",\"@id\":\"https:\\\/\\\/secure.gravatar.com\\\/avatar\\\/4c81fed838786e9b53f540bf46533e750f5d292099ae3b66cfc6fb1982e29df7?s=96&d=mm&r=g\",\"url\":\"https:\\\/\\\/secure.gravatar.com\\\/avatar\\\/4c81fed838786e9b53f540bf46533e750f5d292099ae3b66cfc6fb1982e29df7?s=96&d=mm&r=g\",\"contentUrl\":\"https:\\\/\\\/secure.gravatar.com\\\/avatar\\\/4c81fed838786e9b53f540bf46533e750f5d292099ae3b66cfc6fb1982e29df7?s=96&d=mm&r=g\",\"caption\":\"admin\"},\"description\":\"admin\",\"url\":\"https:\\\/\\\/lasentinelle.dz\\\/author\\\/admin\\\/\"}]}<\/script>\n<!-- \/ Yoast SEO plugin. -->","yoast_head_json":{"title":"Affaire de l&rsquo;achat des voix lors des s\u00e9natoriales de 2022 \u00a0: La s\u00e9natrice de Skikda condamn\u00e9e en appel \u00e0 trois ans de prison ferme - La Sentinelle","robots":{"index":"index","follow":"follow","max-snippet":"max-snippet:-1","max-image-preview":"max-image-preview:large","max-video-preview":"max-video-preview:-1"},"canonical":"https:\/\/lasentinelle.dz\/index.php\/2025\/03\/04\/affaire-de-lachat-des-voix-lors-des-senatoriales-de-2022-la-senatrice-de-skikda-condamnee-en-appel-a-trois-ans-de-prison-ferme\/","og_locale":"fr_FR","og_type":"article","og_title":"Affaire de l&rsquo;achat des voix lors des s\u00e9natoriales de 2022 \u00a0: La s\u00e9natrice de Skikda condamn\u00e9e en appel \u00e0 trois ans de prison ferme - La Sentinelle","og_description":"La s\u00e9natrice de Skikda, principale accus\u00e9e dans une affaire d&rsquo;achat des voix lors des s\u00e9natoriales de 2022 a \u00e9t\u00e9 condamn\u00e9e","og_url":"https:\/\/lasentinelle.dz\/index.php\/2025\/03\/04\/affaire-de-lachat-des-voix-lors-des-senatoriales-de-2022-la-senatrice-de-skikda-condamnee-en-appel-a-trois-ans-de-prison-ferme\/","og_site_name":"La Sentinelle","article_publisher":"https:\/\/www.facebook.com\/La-Sentinelle-104059864394773","article_published_time":"2025-03-04T10:04:11+00:00","article_modified_time":"2025-03-04T10:04:12+00:00","og_image":[{"width":1579,"height":900,"url":"https:\/\/lasentinelle.dz\/wp-content\/uploads\/2023\/05\/Justice.png","type":"image\/png"}],"author":"admin","twitter_card":"summary_large_image","twitter_misc":{"\u00c9crit par":"admin","Dur\u00e9e de lecture estim\u00e9e":"3 minutes"},"schema":{"@context":"https:\/\/schema.org","@graph":[{"@type":"Article","@id":"https:\/\/lasentinelle.dz\/index.php\/2025\/03\/04\/affaire-de-lachat-des-voix-lors-des-senatoriales-de-2022-la-senatrice-de-skikda-condamnee-en-appel-a-trois-ans-de-prison-ferme\/#article","isPartOf":{"@id":"https:\/\/lasentinelle.dz\/index.php\/2025\/03\/04\/affaire-de-lachat-des-voix-lors-des-senatoriales-de-2022-la-senatrice-de-skikda-condamnee-en-appel-a-trois-ans-de-prison-ferme\/"},"author":{"name":"admin","@id":"https:\/\/lasentinelle.dz\/#\/schema\/person\/729ee0024f24e0b8c5ec17232f8e8b41"},"headline":"Affaire de l&rsquo;achat des voix lors des s\u00e9natoriales de 2022 \u00a0: La s\u00e9natrice de Skikda condamn\u00e9e en appel \u00e0 trois ans de prison ferme","datePublished":"2025-03-04T10:04:11+00:00","dateModified":"2025-03-04T10:04:12+00:00","mainEntityOfPage":{"@id":"https:\/\/lasentinelle.dz\/index.php\/2025\/03\/04\/affaire-de-lachat-des-voix-lors-des-senatoriales-de-2022-la-senatrice-de-skikda-condamnee-en-appel-a-trois-ans-de-prison-ferme\/"},"wordCount":527,"commentCount":0,"publisher":{"@id":"https:\/\/lasentinelle.dz\/#organization"},"image":{"@id":"https:\/\/lasentinelle.dz\/index.php\/2025\/03\/04\/affaire-de-lachat-des-voix-lors-des-senatoriales-de-2022-la-senatrice-de-skikda-condamnee-en-appel-a-trois-ans-de-prison-ferme\/#primaryimage"},"thumbnailUrl":"https:\/\/lasentinelle.dz\/wp-content\/uploads\/2023\/05\/Justice.png","articleSection":["\u00c0 la Une","Actualit\u00e9"],"inLanguage":"fr-FR","potentialAction":[{"@type":"CommentAction","name":"Comment","target":["https:\/\/lasentinelle.dz\/index.php\/2025\/03\/04\/affaire-de-lachat-des-voix-lors-des-senatoriales-de-2022-la-senatrice-de-skikda-condamnee-en-appel-a-trois-ans-de-prison-ferme\/#respond"]}]},{"@type":"WebPage","@id":"https:\/\/lasentinelle.dz\/index.php\/2025\/03\/04\/affaire-de-lachat-des-voix-lors-des-senatoriales-de-2022-la-senatrice-de-skikda-condamnee-en-appel-a-trois-ans-de-prison-ferme\/","url":"https:\/\/lasentinelle.dz\/index.php\/2025\/03\/04\/affaire-de-lachat-des-voix-lors-des-senatoriales-de-2022-la-senatrice-de-skikda-condamnee-en-appel-a-trois-ans-de-prison-ferme\/","name":"Affaire de l&rsquo;achat des voix lors des s\u00e9natoriales de 2022 \u00a0: La s\u00e9natrice de Skikda condamn\u00e9e en appel \u00e0 trois ans de prison ferme - La Sentinelle","isPartOf":{"@id":"https:\/\/lasentinelle.dz\/#website"},"primaryImageOfPage":{"@id":"https:\/\/lasentinelle.dz\/index.php\/2025\/03\/04\/affaire-de-lachat-des-voix-lors-des-senatoriales-de-2022-la-senatrice-de-skikda-condamnee-en-appel-a-trois-ans-de-prison-ferme\/#primaryimage"},"image":{"@id":"https:\/\/lasentinelle.dz\/index.php\/2025\/03\/04\/affaire-de-lachat-des-voix-lors-des-senatoriales-de-2022-la-senatrice-de-skikda-condamnee-en-appel-a-trois-ans-de-prison-ferme\/#primaryimage"},"thumbnailUrl":"https:\/\/lasentinelle.dz\/wp-content\/uploads\/2023\/05\/Justice.png","datePublished":"2025-03-04T10:04:11+00:00","dateModified":"2025-03-04T10:04:12+00:00","breadcrumb":{"@id":"https:\/\/lasentinelle.dz\/index.php\/2025\/03\/04\/affaire-de-lachat-des-voix-lors-des-senatoriales-de-2022-la-senatrice-de-skikda-condamnee-en-appel-a-trois-ans-de-prison-ferme\/#breadcrumb"},"inLanguage":"fr-FR","potentialAction":[{"@type":"ReadAction","target":["https:\/\/lasentinelle.dz\/index.php\/2025\/03\/04\/affaire-de-lachat-des-voix-lors-des-senatoriales-de-2022-la-senatrice-de-skikda-condamnee-en-appel-a-trois-ans-de-prison-ferme\/"]}]},{"@type":"ImageObject","inLanguage":"fr-FR","@id":"https:\/\/lasentinelle.dz\/index.php\/2025\/03\/04\/affaire-de-lachat-des-voix-lors-des-senatoriales-de-2022-la-senatrice-de-skikda-condamnee-en-appel-a-trois-ans-de-prison-ferme\/#primaryimage","url":"https:\/\/lasentinelle.dz\/wp-content\/uploads\/2023\/05\/Justice.png","contentUrl":"https:\/\/lasentinelle.dz\/wp-content\/uploads\/2023\/05\/Justice.png","width":1579,"height":900},{"@type":"BreadcrumbList","@id":"https:\/\/lasentinelle.dz\/index.php\/2025\/03\/04\/affaire-de-lachat-des-voix-lors-des-senatoriales-de-2022-la-senatrice-de-skikda-condamnee-en-appel-a-trois-ans-de-prison-ferme\/#breadcrumb","itemListElement":[{"@type":"ListItem","position":1,"name":"Accueil","item":"https:\/\/lasentinelle.dz\/"},{"@type":"ListItem","position":2,"name":"Affaire de l&rsquo;achat des voix lors des s\u00e9natoriales de 2022 \u00a0: La s\u00e9natrice de Skikda condamn\u00e9e en appel \u00e0 trois ans de prison ferme"}]},{"@type":"WebSite","@id":"https:\/\/lasentinelle.dz\/#website","url":"https:\/\/lasentinelle.dz\/","name":"La Sentinelle","description":"Quotidien national d&#039;information","publisher":{"@id":"https:\/\/lasentinelle.dz\/#organization"},"potentialAction":[{"@type":"SearchAction","target":{"@type":"EntryPoint","urlTemplate":"https:\/\/lasentinelle.dz\/?s={search_term_string}"},"query-input":{"@type":"PropertyValueSpecification","valueRequired":true,"valueName":"search_term_string"}}],"inLanguage":"fr-FR"},{"@type":"Organization","@id":"https:\/\/lasentinelle.dz\/#organization","name":"Quotidien La Sentinelle","url":"https:\/\/lasentinelle.dz\/","logo":{"@type":"ImageObject","inLanguage":"fr-FR","@id":"https:\/\/lasentinelle.dz\/#\/schema\/logo\/image\/","url":"https:\/\/lasentinelle.dz\/wp-content\/uploads\/2021\/09\/logo-sentinelleSLOGAN-1.png","contentUrl":"https:\/\/lasentinelle.dz\/wp-content\/uploads\/2021\/09\/logo-sentinelleSLOGAN-1.png","width":615,"height":142,"caption":"Quotidien La Sentinelle"},"image":{"@id":"https:\/\/lasentinelle.dz\/#\/schema\/logo\/image\/"},"sameAs":["https:\/\/www.facebook.com\/La-Sentinelle-104059864394773"]},{"@type":"Person","@id":"https:\/\/lasentinelle.dz\/#\/schema\/person\/729ee0024f24e0b8c5ec17232f8e8b41","name":"admin","image":{"@type":"ImageObject","inLanguage":"fr-FR","@id":"https:\/\/secure.gravatar.com\/avatar\/4c81fed838786e9b53f540bf46533e750f5d292099ae3b66cfc6fb1982e29df7?s=96&d=mm&r=g","url":"https:\/\/secure.gravatar.com\/avatar\/4c81fed838786e9b53f540bf46533e750f5d292099ae3b66cfc6fb1982e29df7?s=96&d=mm&r=g","contentUrl":"https:\/\/secure.gravatar.com\/avatar\/4c81fed838786e9b53f540bf46533e750f5d292099ae3b66cfc6fb1982e29df7?s=96&d=mm&r=g","caption":"admin"},"description":"admin","url":"https:\/\/lasentinelle.dz\/author\/admin\/"}]}},"_links":{"self":[{"href":"https:\/\/lasentinelle.dz\/index.php\/wp-json\/wp\/v2\/posts\/63799","targetHints":{"allow":["GET"]}}],"collection":[{"href":"https:\/\/lasentinelle.dz\/index.php\/wp-json\/wp\/v2\/posts"}],"about":[{"href":"https:\/\/lasentinelle.dz\/index.php\/wp-json\/wp\/v2\/types\/post"}],"author":[{"embeddable":true,"href":"https:\/\/lasentinelle.dz\/index.php\/wp-json\/wp\/v2\/users\/6"}],"replies":[{"embeddable":true,"href":"https:\/\/lasentinelle.dz\/index.php\/wp-json\/wp\/v2\/comments?post=63799"}],"version-history":[{"count":2,"href":"https:\/\/lasentinelle.dz\/index.php\/wp-json\/wp\/v2\/posts\/63799\/revisions"}],"predecessor-version":[{"id":63801,"href":"https:\/\/lasentinelle.dz\/index.php\/wp-json\/wp\/v2\/posts\/63799\/revisions\/63801"}],"wp:featuredmedia":[{"embeddable":true,"href":"https:\/\/lasentinelle.dz\/index.php\/wp-json\/wp\/v2\/media\/41837"}],"wp:attachment":[{"href":"https:\/\/lasentinelle.dz\/index.php\/wp-json\/wp\/v2\/media?parent=63799"}],"wp:term":[{"taxonomy":"category","embeddable":true,"href":"https:\/\/lasentinelle.dz\/index.php\/wp-json\/wp\/v2\/categories?post=63799"},{"taxonomy":"post_tag","embeddable":true,"href":"https:\/\/lasentinelle.dz\/index.php\/wp-json\/wp\/v2\/tags?post=63799"}],"curies":[{"name":"wp","href":"https:\/\/api.w.org\/{rel}","templated":true}]}}