{"id":63827,"date":"2025-03-02T11:29:19","date_gmt":"2025-03-02T10:29:19","guid":{"rendered":"https:\/\/lasentinelle.dz\/?p=63827"},"modified":"2025-03-04T11:30:27","modified_gmt":"2025-03-04T10:30:27","slug":"la-cooperation-algero-omanaise-dans-le-domaine-museal-vers-de-nouveaux-horizons-culturels","status":"publish","type":"post","link":"https:\/\/lasentinelle.dz\/index.php\/2025\/03\/02\/la-cooperation-algero-omanaise-dans-le-domaine-museal-vers-de-nouveaux-horizons-culturels\/","title":{"rendered":"La coop\u00e9ration alg\u00e9ro-omanaise dans le domaine mus\u00e9al : Vers de nouveaux horizons culturels"},"content":{"rendered":"\n<p>Une journ\u00e9e d&rsquo;\u00e9tude consacr\u00e9e \u00e0 la coop\u00e9ration alg\u00e9ro-omanaise dans le domaine des mus\u00e9es s&rsquo;est tenue mercredi au Palais de la Culture Moufdi-Zakaria \u00e0 Alger, et ce dans le cadre ans le renforcement des liens culturels entre les deux nations.<\/p>\n\n\n\n<p>Cet \u00e9v\u00e9nement, organis\u00e9 sous l&rsquo;\u00e9gide du minist\u00e8re de la Culture et des Arts, a r\u00e9uni des experts de haut niveau des deux pays en pr\u00e9sence du ministre Zouhir Ballalou, t\u00e9moignant de l&rsquo;importance accord\u00e9e \u00e0 cette initiative bilat\u00e9rale. Le cadre de cette rencontre s&rsquo;inscrit dans une volont\u00e9 partag\u00e9e d&rsquo;approfondir les \u00e9changes d&rsquo;exp\u00e9riences en mati\u00e8re de gestion mus\u00e9ale et de pr\u00e9servation du patrimoine culturel, tant mobilier qu&rsquo;immobilier. La d\u00e9l\u00e9gation omanaise \u00e9tait conduite par Jamal Ibn Hassan Al Moussaoui, Secr\u00e9taire g\u00e9n\u00e9ral du Mus\u00e9e national omanais, accompagn\u00e9 d&rsquo;un repr\u00e9sentant du minist\u00e8re omanais de la Culture et d&rsquo;un cadre du Mus\u00e9e national. Du c\u00f4t\u00e9 alg\u00e9rien, Amar Nouara, directeur de la protection juridique des biens culturels et de la valorisation du patrimoine culturel, a men\u00e9 les discussions, entour\u00e9 d&rsquo;experts du patrimoine du minist\u00e8re et de directeurs de mus\u00e9es nationaux. L&rsquo;ambassadeur du Sultanat d&rsquo;Oman en Alg\u00e9rie, Saif Nasser Rashid, a \u00e9galement honor\u00e9 l&rsquo;\u00e9v\u00e9nement de sa pr\u00e9sence, soulignant la dimension diplomatique de cette coop\u00e9ration culturelle. Les \u00e9changes se sont articul\u00e9s autour de plusieurs axes strat\u00e9giques, notamment \u00ab\u00a0l&rsquo;examen des m\u00e9thodes modernes d&rsquo;exposition et d&rsquo;interpr\u00e9tation des biens culturels dans les mus\u00e9es, la restauration des sites arch\u00e9ologiques et leur int\u00e9gration dans la vie \u00e9conomique et sociale\u00a0\u00bb. Une attention particuli\u00e8re a \u00e9t\u00e9 port\u00e9e \u00e0 \u00ab\u00a0la n\u00e9cessit\u00e9 de l&rsquo;\u00e9change d&rsquo;exp\u00e9riences sur, notamment, l&rsquo;utilisation des technologies num\u00e9riques dans la documentation, l&rsquo;archivage, et l&rsquo;\u00e9tude des moyens de valorisation du tourisme culturel en mettant en valeur les sites du patrimoine et en attirant les visiteurs \u00e0 travers des programmes communs\u00a0\u00bb. Cette approche multidimensionnelle t\u00e9moigne d&rsquo;une vision partag\u00e9e qui allie pr\u00e9servation du patrimoine et d\u00e9veloppement \u00e9conomique. Lors de son intervention, Jamal Ibn Hassan Al Moussaoui a pr\u00e9sent\u00e9 le Mus\u00e9e national omanais, institution inaugur\u00e9e en 2013, dont l&rsquo;architecture moderne abrite \u00ab\u00a0de nombreuses salles d\u00e9di\u00e9es \u00e0 divers domaines du patrimoine culturel mat\u00e9riel et immat\u00e9riel\u00a0\u00bb. Cette pr\u00e9sentation a permis aux participants alg\u00e9riens de d\u00e9couvrir les sp\u00e9cificit\u00e9s de l&rsquo;approche mus\u00e9ographique omanaise, reconnue pour son excellence. En r\u00e9ponse, Amar Nouara a offert un panorama d\u00e9taill\u00e9 du r\u00e9seau mus\u00e9al alg\u00e9rien sous l&rsquo;intitul\u00e9 \u00ab\u00a0Les mus\u00e9es alg\u00e9riens: diversit\u00e9 et authenticit\u00e9\u00a0\u00bb. Il a r\u00e9v\u00e9l\u00e9 que l&rsquo;Alg\u00e9rie compte \u00ab\u00a0plus d&rsquo;une centaine [de mus\u00e9es] r\u00e9partis \u00e0 travers la capitale et l&rsquo;ensemble des r\u00e9gions du territoire national\u00a0\u00bb, tout en \u00ab\u00a0soulignant leur importance et leur r\u00f4le dans la pr\u00e9servation et la valorisation du patrimoine culturel alg\u00e9rien mat\u00e9riel et immat\u00e9riel\u00a0\u00bb. Cette richesse mus\u00e9ale constitue un atout majeur pour le d\u00e9veloppement de projets communs. Cette rencontre scientifique de haut niveau s&rsquo;inscrit dans un contexte plus large \u00ab\u00a0d&rsquo;efforts continus visant \u00e0 prot\u00e9ger le patrimoine culturel en Alg\u00e9rie et au Sultanat d&rsquo;Oman\u00a0\u00bb. Au-del\u00e0 des aspects techniques, elle rev\u00eat une dimension identitaire forte, puisque selon les organisateurs, elle \u00ab\u00a0refl\u00e8te \u00e9galement l&rsquo;importance de la coop\u00e9ration conjointe entre les deux pays et leur engagement \u00e0 pr\u00e9server le patrimoine culturel et renforcer l&rsquo;identit\u00e9 nationale \u00e0 travers des initiatives scientifiques et culturelles\u00a0\u00bb. Dans un monde globalis\u00e9 o\u00f9 les identit\u00e9s culturelles sont parfois menac\u00e9es, cette d\u00e9marche commune appara\u00eet comme un rempart contre l&rsquo;uniformisation culturelle. Les perspectives ouvertes par cette journ\u00e9e d&rsquo;\u00e9tude sont prometteuses. Qualifi\u00e9e d&rsquo;\u00e9tape \u00ab\u00a0importante\u00a0\u00bb par les organisateurs, elle \u00ab\u00a0ouvre de nouveaux horizons de coop\u00e9ration dans le domaine des mus\u00e9es et de la pr\u00e9servation du patrimoine\u00a0\u00bb. On peut ainsi envisager des expositions itin\u00e9rantes, des programmes de formation communs, des \u00e9changes de conservateurs, ou encore des initiatives conjointes de num\u00e9risation du patrimoine. \u00c0 l&rsquo;heure o\u00f9 les technologies num\u00e9riques r\u00e9volutionnent l&rsquo;acc\u00e8s \u00e0 la culture, cette coop\u00e9ration pourrait \u00e9galement d\u00e9boucher sur des plateformes virtuelles partag\u00e9es, rendant accessible le patrimoine des deux nations \u00e0 un public mondial.<\/p>\n\n\n\n<p>Mohand Seghir<\/p>\n","protected":false},"excerpt":{"rendered":"<p>Une journ\u00e9e d&rsquo;\u00e9tude consacr\u00e9e \u00e0 la coop\u00e9ration alg\u00e9ro-omanaise dans le domaine des mus\u00e9es s&rsquo;est tenue mercredi au Palais de la<\/p>\n","protected":false},"author":6,"featured_media":63828,"comment_status":"open","ping_status":"closed","sticky":false,"template":"","format":"standard","meta":{"colormag_page_container_layout":"default_layout","colormag_page_sidebar_layout":"default_layout","om_disable_all_campaigns":false,"_monsterinsights_skip_tracking":false,"_monsterinsights_sitenote_active":false,"_monsterinsights_sitenote_note":"","_monsterinsights_sitenote_category":0,"footnotes":"","_wpscppro_dont_share_socialmedia":false,"_wpscppro_custom_social_share_image":0,"_facebook_share_type":"default","_twitter_share_type":"default","_linkedin_share_type":"default","_pinterest_share_type":"default","_linkedin_share_type_page":"","_instagram_share_type":"default","_medium_share_type":"default","_threads_share_type":"","_google_business_share_type":"","_selected_social_profile":[],"_wpsp_enable_custom_social_template":false,"_wpsp_social_scheduling":{"enabled":false,"datetime":null,"platforms":[],"status":"template_only","dateOption":"today","timeOption":"now","customDays":"","customHours":"","customDate":"","customTime":"","schedulingType":"absolute"},"_wpsp_active_default_template":true},"categories":[36],"tags":[],"class_list":["post-63827","post","type-post","status-publish","format-standard","has-post-thumbnail","hentry","category-culture"],"aioseo_notices":[],"yoast_head":"<!-- This site is optimized with the Yoast SEO plugin v27.5 - https:\/\/yoast.com\/product\/yoast-seo-wordpress\/ -->\n<title>La coop\u00e9ration alg\u00e9ro-omanaise dans le domaine mus\u00e9al : Vers de nouveaux horizons culturels - La Sentinelle<\/title>\n<meta name=\"robots\" content=\"index, follow, max-snippet:-1, max-image-preview:large, max-video-preview:-1\" \/>\n<link rel=\"canonical\" href=\"https:\/\/lasentinelle.dz\/index.php\/2025\/03\/02\/la-cooperation-algero-omanaise-dans-le-domaine-museal-vers-de-nouveaux-horizons-culturels\/\" \/>\n<meta property=\"og:locale\" content=\"fr_FR\" \/>\n<meta property=\"og:type\" content=\"article\" \/>\n<meta property=\"og:title\" content=\"La coop\u00e9ration alg\u00e9ro-omanaise dans le domaine mus\u00e9al : Vers de nouveaux horizons culturels - La Sentinelle\" \/>\n<meta property=\"og:description\" content=\"Une journ\u00e9e d&rsquo;\u00e9tude consacr\u00e9e \u00e0 la coop\u00e9ration alg\u00e9ro-omanaise dans le domaine des mus\u00e9es s&rsquo;est tenue mercredi au Palais de la\" \/>\n<meta property=\"og:url\" content=\"https:\/\/lasentinelle.dz\/index.php\/2025\/03\/02\/la-cooperation-algero-omanaise-dans-le-domaine-museal-vers-de-nouveaux-horizons-culturels\/\" \/>\n<meta property=\"og:site_name\" content=\"La Sentinelle\" \/>\n<meta property=\"article:publisher\" content=\"https:\/\/www.facebook.com\/La-Sentinelle-104059864394773\" \/>\n<meta property=\"article:published_time\" content=\"2025-03-02T10:29:19+00:00\" \/>\n<meta property=\"article:modified_time\" content=\"2025-03-04T10:30:27+00:00\" \/>\n<meta property=\"og:image\" content=\"https:\/\/lasentinelle.dz\/wp-content\/uploads\/2025\/03\/culture.jpeg\" \/>\n\t<meta property=\"og:image:width\" content=\"1080\" \/>\n\t<meta property=\"og:image:height\" content=\"608\" \/>\n\t<meta property=\"og:image:type\" content=\"image\/jpeg\" \/>\n<meta name=\"author\" content=\"admin\" \/>\n<meta name=\"twitter:card\" content=\"summary_large_image\" \/>\n<meta name=\"twitter:label1\" content=\"\u00c9crit par\" \/>\n\t<meta name=\"twitter:data1\" content=\"admin\" \/>\n\t<meta name=\"twitter:label2\" content=\"Dur\u00e9e de lecture estim\u00e9e\" \/>\n\t<meta name=\"twitter:data2\" content=\"4 minutes\" \/>\n<script type=\"application\/ld+json\" class=\"yoast-schema-graph\">{\"@context\":\"https:\\\/\\\/schema.org\",\"@graph\":[{\"@type\":\"Article\",\"@id\":\"https:\\\/\\\/lasentinelle.dz\\\/index.php\\\/2025\\\/03\\\/02\\\/la-cooperation-algero-omanaise-dans-le-domaine-museal-vers-de-nouveaux-horizons-culturels\\\/#article\",\"isPartOf\":{\"@id\":\"https:\\\/\\\/lasentinelle.dz\\\/index.php\\\/2025\\\/03\\\/02\\\/la-cooperation-algero-omanaise-dans-le-domaine-museal-vers-de-nouveaux-horizons-culturels\\\/\"},\"author\":{\"name\":\"admin\",\"@id\":\"https:\\\/\\\/lasentinelle.dz\\\/#\\\/schema\\\/person\\\/729ee0024f24e0b8c5ec17232f8e8b41\"},\"headline\":\"La coop\u00e9ration alg\u00e9ro-omanaise dans le domaine mus\u00e9al : Vers de nouveaux horizons culturels\",\"datePublished\":\"2025-03-02T10:29:19+00:00\",\"dateModified\":\"2025-03-04T10:30:27+00:00\",\"mainEntityOfPage\":{\"@id\":\"https:\\\/\\\/lasentinelle.dz\\\/index.php\\\/2025\\\/03\\\/02\\\/la-cooperation-algero-omanaise-dans-le-domaine-museal-vers-de-nouveaux-horizons-culturels\\\/\"},\"wordCount\":761,\"commentCount\":0,\"publisher\":{\"@id\":\"https:\\\/\\\/lasentinelle.dz\\\/#organization\"},\"image\":{\"@id\":\"https:\\\/\\\/lasentinelle.dz\\\/index.php\\\/2025\\\/03\\\/02\\\/la-cooperation-algero-omanaise-dans-le-domaine-museal-vers-de-nouveaux-horizons-culturels\\\/#primaryimage\"},\"thumbnailUrl\":\"https:\\\/\\\/lasentinelle.dz\\\/wp-content\\\/uploads\\\/2025\\\/03\\\/culture.jpeg\",\"articleSection\":[\"Culture\"],\"inLanguage\":\"fr-FR\",\"potentialAction\":[{\"@type\":\"CommentAction\",\"name\":\"Comment\",\"target\":[\"https:\\\/\\\/lasentinelle.dz\\\/index.php\\\/2025\\\/03\\\/02\\\/la-cooperation-algero-omanaise-dans-le-domaine-museal-vers-de-nouveaux-horizons-culturels\\\/#respond\"]}]},{\"@type\":\"WebPage\",\"@id\":\"https:\\\/\\\/lasentinelle.dz\\\/index.php\\\/2025\\\/03\\\/02\\\/la-cooperation-algero-omanaise-dans-le-domaine-museal-vers-de-nouveaux-horizons-culturels\\\/\",\"url\":\"https:\\\/\\\/lasentinelle.dz\\\/index.php\\\/2025\\\/03\\\/02\\\/la-cooperation-algero-omanaise-dans-le-domaine-museal-vers-de-nouveaux-horizons-culturels\\\/\",\"name\":\"La coop\u00e9ration alg\u00e9ro-omanaise dans le domaine mus\u00e9al : Vers de nouveaux horizons culturels - La Sentinelle\",\"isPartOf\":{\"@id\":\"https:\\\/\\\/lasentinelle.dz\\\/#website\"},\"primaryImageOfPage\":{\"@id\":\"https:\\\/\\\/lasentinelle.dz\\\/index.php\\\/2025\\\/03\\\/02\\\/la-cooperation-algero-omanaise-dans-le-domaine-museal-vers-de-nouveaux-horizons-culturels\\\/#primaryimage\"},\"image\":{\"@id\":\"https:\\\/\\\/lasentinelle.dz\\\/index.php\\\/2025\\\/03\\\/02\\\/la-cooperation-algero-omanaise-dans-le-domaine-museal-vers-de-nouveaux-horizons-culturels\\\/#primaryimage\"},\"thumbnailUrl\":\"https:\\\/\\\/lasentinelle.dz\\\/wp-content\\\/uploads\\\/2025\\\/03\\\/culture.jpeg\",\"datePublished\":\"2025-03-02T10:29:19+00:00\",\"dateModified\":\"2025-03-04T10:30:27+00:00\",\"breadcrumb\":{\"@id\":\"https:\\\/\\\/lasentinelle.dz\\\/index.php\\\/2025\\\/03\\\/02\\\/la-cooperation-algero-omanaise-dans-le-domaine-museal-vers-de-nouveaux-horizons-culturels\\\/#breadcrumb\"},\"inLanguage\":\"fr-FR\",\"potentialAction\":[{\"@type\":\"ReadAction\",\"target\":[\"https:\\\/\\\/lasentinelle.dz\\\/index.php\\\/2025\\\/03\\\/02\\\/la-cooperation-algero-omanaise-dans-le-domaine-museal-vers-de-nouveaux-horizons-culturels\\\/\"]}]},{\"@type\":\"ImageObject\",\"inLanguage\":\"fr-FR\",\"@id\":\"https:\\\/\\\/lasentinelle.dz\\\/index.php\\\/2025\\\/03\\\/02\\\/la-cooperation-algero-omanaise-dans-le-domaine-museal-vers-de-nouveaux-horizons-culturels\\\/#primaryimage\",\"url\":\"https:\\\/\\\/lasentinelle.dz\\\/wp-content\\\/uploads\\\/2025\\\/03\\\/culture.jpeg\",\"contentUrl\":\"https:\\\/\\\/lasentinelle.dz\\\/wp-content\\\/uploads\\\/2025\\\/03\\\/culture.jpeg\",\"width\":1080,\"height\":608},{\"@type\":\"BreadcrumbList\",\"@id\":\"https:\\\/\\\/lasentinelle.dz\\\/index.php\\\/2025\\\/03\\\/02\\\/la-cooperation-algero-omanaise-dans-le-domaine-museal-vers-de-nouveaux-horizons-culturels\\\/#breadcrumb\",\"itemListElement\":[{\"@type\":\"ListItem\",\"position\":1,\"name\":\"Accueil\",\"item\":\"https:\\\/\\\/lasentinelle.dz\\\/\"},{\"@type\":\"ListItem\",\"position\":2,\"name\":\"La coop\u00e9ration alg\u00e9ro-omanaise dans le domaine mus\u00e9al : Vers de nouveaux horizons culturels\"}]},{\"@type\":\"WebSite\",\"@id\":\"https:\\\/\\\/lasentinelle.dz\\\/#website\",\"url\":\"https:\\\/\\\/lasentinelle.dz\\\/\",\"name\":\"La Sentinelle\",\"description\":\"Quotidien national d&#039;information\",\"publisher\":{\"@id\":\"https:\\\/\\\/lasentinelle.dz\\\/#organization\"},\"potentialAction\":[{\"@type\":\"SearchAction\",\"target\":{\"@type\":\"EntryPoint\",\"urlTemplate\":\"https:\\\/\\\/lasentinelle.dz\\\/?s={search_term_string}\"},\"query-input\":{\"@type\":\"PropertyValueSpecification\",\"valueRequired\":true,\"valueName\":\"search_term_string\"}}],\"inLanguage\":\"fr-FR\"},{\"@type\":\"Organization\",\"@id\":\"https:\\\/\\\/lasentinelle.dz\\\/#organization\",\"name\":\"Quotidien La Sentinelle\",\"url\":\"https:\\\/\\\/lasentinelle.dz\\\/\",\"logo\":{\"@type\":\"ImageObject\",\"inLanguage\":\"fr-FR\",\"@id\":\"https:\\\/\\\/lasentinelle.dz\\\/#\\\/schema\\\/logo\\\/image\\\/\",\"url\":\"https:\\\/\\\/lasentinelle.dz\\\/wp-content\\\/uploads\\\/2021\\\/09\\\/logo-sentinelleSLOGAN-1.png\",\"contentUrl\":\"https:\\\/\\\/lasentinelle.dz\\\/wp-content\\\/uploads\\\/2021\\\/09\\\/logo-sentinelleSLOGAN-1.png\",\"width\":615,\"height\":142,\"caption\":\"Quotidien La Sentinelle\"},\"image\":{\"@id\":\"https:\\\/\\\/lasentinelle.dz\\\/#\\\/schema\\\/logo\\\/image\\\/\"},\"sameAs\":[\"https:\\\/\\\/www.facebook.com\\\/La-Sentinelle-104059864394773\"]},{\"@type\":\"Person\",\"@id\":\"https:\\\/\\\/lasentinelle.dz\\\/#\\\/schema\\\/person\\\/729ee0024f24e0b8c5ec17232f8e8b41\",\"name\":\"admin\",\"image\":{\"@type\":\"ImageObject\",\"inLanguage\":\"fr-FR\",\"@id\":\"https:\\\/\\\/secure.gravatar.com\\\/avatar\\\/4c81fed838786e9b53f540bf46533e750f5d292099ae3b66cfc6fb1982e29df7?s=96&d=mm&r=g\",\"url\":\"https:\\\/\\\/secure.gravatar.com\\\/avatar\\\/4c81fed838786e9b53f540bf46533e750f5d292099ae3b66cfc6fb1982e29df7?s=96&d=mm&r=g\",\"contentUrl\":\"https:\\\/\\\/secure.gravatar.com\\\/avatar\\\/4c81fed838786e9b53f540bf46533e750f5d292099ae3b66cfc6fb1982e29df7?s=96&d=mm&r=g\",\"caption\":\"admin\"},\"description\":\"admin\",\"url\":\"https:\\\/\\\/lasentinelle.dz\\\/author\\\/admin\\\/\"}]}<\/script>\n<!-- \/ Yoast SEO plugin. -->","yoast_head_json":{"title":"La coop\u00e9ration alg\u00e9ro-omanaise dans le domaine mus\u00e9al : Vers de nouveaux horizons culturels - La Sentinelle","robots":{"index":"index","follow":"follow","max-snippet":"max-snippet:-1","max-image-preview":"max-image-preview:large","max-video-preview":"max-video-preview:-1"},"canonical":"https:\/\/lasentinelle.dz\/index.php\/2025\/03\/02\/la-cooperation-algero-omanaise-dans-le-domaine-museal-vers-de-nouveaux-horizons-culturels\/","og_locale":"fr_FR","og_type":"article","og_title":"La coop\u00e9ration alg\u00e9ro-omanaise dans le domaine mus\u00e9al : Vers de nouveaux horizons culturels - La Sentinelle","og_description":"Une journ\u00e9e d&rsquo;\u00e9tude consacr\u00e9e \u00e0 la coop\u00e9ration alg\u00e9ro-omanaise dans le domaine des mus\u00e9es s&rsquo;est tenue mercredi au Palais de la","og_url":"https:\/\/lasentinelle.dz\/index.php\/2025\/03\/02\/la-cooperation-algero-omanaise-dans-le-domaine-museal-vers-de-nouveaux-horizons-culturels\/","og_site_name":"La Sentinelle","article_publisher":"https:\/\/www.facebook.com\/La-Sentinelle-104059864394773","article_published_time":"2025-03-02T10:29:19+00:00","article_modified_time":"2025-03-04T10:30:27+00:00","og_image":[{"width":1080,"height":608,"url":"https:\/\/lasentinelle.dz\/wp-content\/uploads\/2025\/03\/culture.jpeg","type":"image\/jpeg"}],"author":"admin","twitter_card":"summary_large_image","twitter_misc":{"\u00c9crit par":"admin","Dur\u00e9e de lecture estim\u00e9e":"4 minutes"},"schema":{"@context":"https:\/\/schema.org","@graph":[{"@type":"Article","@id":"https:\/\/lasentinelle.dz\/index.php\/2025\/03\/02\/la-cooperation-algero-omanaise-dans-le-domaine-museal-vers-de-nouveaux-horizons-culturels\/#article","isPartOf":{"@id":"https:\/\/lasentinelle.dz\/index.php\/2025\/03\/02\/la-cooperation-algero-omanaise-dans-le-domaine-museal-vers-de-nouveaux-horizons-culturels\/"},"author":{"name":"admin","@id":"https:\/\/lasentinelle.dz\/#\/schema\/person\/729ee0024f24e0b8c5ec17232f8e8b41"},"headline":"La coop\u00e9ration alg\u00e9ro-omanaise dans le domaine mus\u00e9al : Vers de nouveaux horizons culturels","datePublished":"2025-03-02T10:29:19+00:00","dateModified":"2025-03-04T10:30:27+00:00","mainEntityOfPage":{"@id":"https:\/\/lasentinelle.dz\/index.php\/2025\/03\/02\/la-cooperation-algero-omanaise-dans-le-domaine-museal-vers-de-nouveaux-horizons-culturels\/"},"wordCount":761,"commentCount":0,"publisher":{"@id":"https:\/\/lasentinelle.dz\/#organization"},"image":{"@id":"https:\/\/lasentinelle.dz\/index.php\/2025\/03\/02\/la-cooperation-algero-omanaise-dans-le-domaine-museal-vers-de-nouveaux-horizons-culturels\/#primaryimage"},"thumbnailUrl":"https:\/\/lasentinelle.dz\/wp-content\/uploads\/2025\/03\/culture.jpeg","articleSection":["Culture"],"inLanguage":"fr-FR","potentialAction":[{"@type":"CommentAction","name":"Comment","target":["https:\/\/lasentinelle.dz\/index.php\/2025\/03\/02\/la-cooperation-algero-omanaise-dans-le-domaine-museal-vers-de-nouveaux-horizons-culturels\/#respond"]}]},{"@type":"WebPage","@id":"https:\/\/lasentinelle.dz\/index.php\/2025\/03\/02\/la-cooperation-algero-omanaise-dans-le-domaine-museal-vers-de-nouveaux-horizons-culturels\/","url":"https:\/\/lasentinelle.dz\/index.php\/2025\/03\/02\/la-cooperation-algero-omanaise-dans-le-domaine-museal-vers-de-nouveaux-horizons-culturels\/","name":"La coop\u00e9ration alg\u00e9ro-omanaise dans le domaine mus\u00e9al : Vers de nouveaux horizons culturels - La Sentinelle","isPartOf":{"@id":"https:\/\/lasentinelle.dz\/#website"},"primaryImageOfPage":{"@id":"https:\/\/lasentinelle.dz\/index.php\/2025\/03\/02\/la-cooperation-algero-omanaise-dans-le-domaine-museal-vers-de-nouveaux-horizons-culturels\/#primaryimage"},"image":{"@id":"https:\/\/lasentinelle.dz\/index.php\/2025\/03\/02\/la-cooperation-algero-omanaise-dans-le-domaine-museal-vers-de-nouveaux-horizons-culturels\/#primaryimage"},"thumbnailUrl":"https:\/\/lasentinelle.dz\/wp-content\/uploads\/2025\/03\/culture.jpeg","datePublished":"2025-03-02T10:29:19+00:00","dateModified":"2025-03-04T10:30:27+00:00","breadcrumb":{"@id":"https:\/\/lasentinelle.dz\/index.php\/2025\/03\/02\/la-cooperation-algero-omanaise-dans-le-domaine-museal-vers-de-nouveaux-horizons-culturels\/#breadcrumb"},"inLanguage":"fr-FR","potentialAction":[{"@type":"ReadAction","target":["https:\/\/lasentinelle.dz\/index.php\/2025\/03\/02\/la-cooperation-algero-omanaise-dans-le-domaine-museal-vers-de-nouveaux-horizons-culturels\/"]}]},{"@type":"ImageObject","inLanguage":"fr-FR","@id":"https:\/\/lasentinelle.dz\/index.php\/2025\/03\/02\/la-cooperation-algero-omanaise-dans-le-domaine-museal-vers-de-nouveaux-horizons-culturels\/#primaryimage","url":"https:\/\/lasentinelle.dz\/wp-content\/uploads\/2025\/03\/culture.jpeg","contentUrl":"https:\/\/lasentinelle.dz\/wp-content\/uploads\/2025\/03\/culture.jpeg","width":1080,"height":608},{"@type":"BreadcrumbList","@id":"https:\/\/lasentinelle.dz\/index.php\/2025\/03\/02\/la-cooperation-algero-omanaise-dans-le-domaine-museal-vers-de-nouveaux-horizons-culturels\/#breadcrumb","itemListElement":[{"@type":"ListItem","position":1,"name":"Accueil","item":"https:\/\/lasentinelle.dz\/"},{"@type":"ListItem","position":2,"name":"La coop\u00e9ration alg\u00e9ro-omanaise dans le domaine mus\u00e9al : Vers de nouveaux horizons culturels"}]},{"@type":"WebSite","@id":"https:\/\/lasentinelle.dz\/#website","url":"https:\/\/lasentinelle.dz\/","name":"La Sentinelle","description":"Quotidien national d&#039;information","publisher":{"@id":"https:\/\/lasentinelle.dz\/#organization"},"potentialAction":[{"@type":"SearchAction","target":{"@type":"EntryPoint","urlTemplate":"https:\/\/lasentinelle.dz\/?s={search_term_string}"},"query-input":{"@type":"PropertyValueSpecification","valueRequired":true,"valueName":"search_term_string"}}],"inLanguage":"fr-FR"},{"@type":"Organization","@id":"https:\/\/lasentinelle.dz\/#organization","name":"Quotidien La Sentinelle","url":"https:\/\/lasentinelle.dz\/","logo":{"@type":"ImageObject","inLanguage":"fr-FR","@id":"https:\/\/lasentinelle.dz\/#\/schema\/logo\/image\/","url":"https:\/\/lasentinelle.dz\/wp-content\/uploads\/2021\/09\/logo-sentinelleSLOGAN-1.png","contentUrl":"https:\/\/lasentinelle.dz\/wp-content\/uploads\/2021\/09\/logo-sentinelleSLOGAN-1.png","width":615,"height":142,"caption":"Quotidien La Sentinelle"},"image":{"@id":"https:\/\/lasentinelle.dz\/#\/schema\/logo\/image\/"},"sameAs":["https:\/\/www.facebook.com\/La-Sentinelle-104059864394773"]},{"@type":"Person","@id":"https:\/\/lasentinelle.dz\/#\/schema\/person\/729ee0024f24e0b8c5ec17232f8e8b41","name":"admin","image":{"@type":"ImageObject","inLanguage":"fr-FR","@id":"https:\/\/secure.gravatar.com\/avatar\/4c81fed838786e9b53f540bf46533e750f5d292099ae3b66cfc6fb1982e29df7?s=96&d=mm&r=g","url":"https:\/\/secure.gravatar.com\/avatar\/4c81fed838786e9b53f540bf46533e750f5d292099ae3b66cfc6fb1982e29df7?s=96&d=mm&r=g","contentUrl":"https:\/\/secure.gravatar.com\/avatar\/4c81fed838786e9b53f540bf46533e750f5d292099ae3b66cfc6fb1982e29df7?s=96&d=mm&r=g","caption":"admin"},"description":"admin","url":"https:\/\/lasentinelle.dz\/author\/admin\/"}]}},"_links":{"self":[{"href":"https:\/\/lasentinelle.dz\/index.php\/wp-json\/wp\/v2\/posts\/63827","targetHints":{"allow":["GET"]}}],"collection":[{"href":"https:\/\/lasentinelle.dz\/index.php\/wp-json\/wp\/v2\/posts"}],"about":[{"href":"https:\/\/lasentinelle.dz\/index.php\/wp-json\/wp\/v2\/types\/post"}],"author":[{"embeddable":true,"href":"https:\/\/lasentinelle.dz\/index.php\/wp-json\/wp\/v2\/users\/6"}],"replies":[{"embeddable":true,"href":"https:\/\/lasentinelle.dz\/index.php\/wp-json\/wp\/v2\/comments?post=63827"}],"version-history":[{"count":1,"href":"https:\/\/lasentinelle.dz\/index.php\/wp-json\/wp\/v2\/posts\/63827\/revisions"}],"predecessor-version":[{"id":63829,"href":"https:\/\/lasentinelle.dz\/index.php\/wp-json\/wp\/v2\/posts\/63827\/revisions\/63829"}],"wp:featuredmedia":[{"embeddable":true,"href":"https:\/\/lasentinelle.dz\/index.php\/wp-json\/wp\/v2\/media\/63828"}],"wp:attachment":[{"href":"https:\/\/lasentinelle.dz\/index.php\/wp-json\/wp\/v2\/media?parent=63827"}],"wp:term":[{"taxonomy":"category","embeddable":true,"href":"https:\/\/lasentinelle.dz\/index.php\/wp-json\/wp\/v2\/categories?post=63827"},{"taxonomy":"post_tag","embeddable":true,"href":"https:\/\/lasentinelle.dz\/index.php\/wp-json\/wp\/v2\/tags?post=63827"}],"curies":[{"name":"wp","href":"https:\/\/api.w.org\/{rel}","templated":true}]}}