{"id":63851,"date":"2025-03-02T11:38:45","date_gmt":"2025-03-02T10:38:45","guid":{"rendered":"https:\/\/lasentinelle.dz\/?p=63851"},"modified":"2025-03-04T11:39:11","modified_gmt":"2025-03-04T10:39:11","slug":"port-dannaba-le-fonctionnement-en-continu-effectif-depuis-le-16-fevrier","status":"publish","type":"post","link":"https:\/\/lasentinelle.dz\/index.php\/2025\/03\/02\/port-dannaba-le-fonctionnement-en-continu-effectif-depuis-le-16-fevrier\/","title":{"rendered":"Port d\u2019Annaba \u00a0: Le fonctionnement en continu effectif depuis le 16 f\u00e9vrier"},"content":{"rendered":"\n<p>Le port d\u2019Annaba met le cap sur l\u2019impl\u00e9mentation du syst\u00e8me de fonctionnement continue (24h\/24) selon les instructions du pr\u00e9sident de la R\u00e9publique, ce qui va contribuer&nbsp; \u00e0 la r\u00e9duction des d\u00e9lais d\u2019attente des navires et \u00e0 minimiser les surco\u00fbts li\u00e9s aux surestaries, qui p\u00e8sent lourdement sur l\u2019\u00e9conomie nationale.<\/p>\n\n\n\n<p>Selon un communiqu\u00e9 \u00e9manant de la direction, le Port d\u2019Annaba fonctionne d\u2019une mani\u00e8re continue de jour comme de nuit et ce, depuis le 16 F\u00e9vrier 2025. Dans ce cadre, l\u2019entreprise portuaire d\u2019Annaba n\u2019a m\u00e9nag\u00e9 aucun effort pour assurer une stricte application de cette d\u00e9cision strat\u00e9gique qui aura, sans doute, un impact positif sur les activit\u00e9s commerciales au niveau du Port d\u2019Annaba notamment, en ce qui concerne la r\u00e9duction de la dur\u00e9e de s\u00e9jour des navires \u00e0 quai et leur dur\u00e9e d\u2019attente en rade mais aussi, sur les surco\u00fbts qui incombent aux op\u00e9rateurs \u00e9conomiques et par la m\u00eame, au Tr\u00e9sor Public, a soulign\u00e9 la m\u00eame source. En effet, l\u2019Entreprise Portuaire d\u2019Annaba a mobilis\u00e9 tous ces moyens humains et mat\u00e9riels pour assurer un r\u00e9gime de travail continu 24\/24h et 7\/7 jour au niveau du Port d\u2019Annaba. Dans ce cadre, elle a fait recours \u00e0 un recrutement rapide afin d\u2019\u00e9quilibrer ses \u00e9quipes de travail et assurer leur efficacit\u00e9 notamment, durant les shifts de nuit, a r\u00e9v\u00e9l\u00e9 la m\u00eame source qui a ajout\u00e9 qu\u2019une sensible am\u00e9lioration a \u00e9t\u00e9 ressentie par les op\u00e9rateurs \u00e9conomiques fr\u00e9quentant le port d\u2019Annaba depuis l\u2019application effective du r\u00e9gime de travail continu 24\/24h et 7\/7 jour au port d\u2019Annaba. Ces derniers, n\u2019ont pas manqu\u00e9 d\u2019exprimer leur satisfaction quant au rebondissement positif de leurs activit\u00e9s commerciales via le Port d\u2019Annaba. Par ailleurs, plusieurs travaux ont \u00e9t\u00e9 lanc\u00e9s visant \u00e0 faciliter et s\u00e9curiser l\u2019intervention du personnel de l\u2019entreprise et des services de contr\u00f4le se rapportant essentiellement \u00e0 la r\u00e9fection des voies de circulation et des terre-pleins, l\u2019am\u00e9lioration de l\u2019\u00e9clairage au niveau des zones commerciales et la mise \u00e0 la disposition des douanes d\u2019un deuxi\u00e8me scanner pour les conteneurs afin d\u2019acc\u00e9l\u00e9rer les proc\u00e9dures du contr\u00f4le douanier. En plus de la r\u00e9cup\u00e9ration des surfaces sous-exploit\u00e9es voir, inexploit\u00e9es, pour l\u2019optimisation de l\u2019infrastructure portuaire, a expliqu\u00e9 le document. Aussi en mati\u00e8re de la mise en service effective de la gare maritime du port d\u2019Annaba, pas moins de 26 voyages ont \u00e9t\u00e9 programm\u00e9s entre le port d\u2019Annaba et les ports de Marseille et S\u00e8te (France) et de G\u00eanes (Italie) durant la p\u00e9riode du 15 juin au 30 septembre 2025, est-il mentionn\u00e9. D\u2019autres part, il convient de souligner l\u2019augmentation qu\u2019a connu le trafic global du port d\u2019Annaba \u00e0 l&rsquo;issue de l\u2019exercice 2024 qui s\u2019est \u00e9lev\u00e9 \u00e0 7,417 millions de tonnes soit, une progression positive de 18,03% par rapport \u00e0 la r\u00e9alisation de l\u2019exercice 2023. Le trafic des c\u00e9r\u00e9ales \u00e0 l\u2019import a, pour sa part,&nbsp; atteint&nbsp; 1 377 333 tonnes en 2024 contre 907306 tonnes en 2023 soit, une augmentation de l\u2019ordre de : 51,80 %. Tandis que le trafic de phosphate \u00e0 l\u2019export g\u00e9r\u00e9 par l\u2019Entreprise SOMIPHOS, a atteint 1 886 509 tonnes au cours de l\u2019ann\u00e9e pr\u00e9c\u00e9dente contre 2 026 444 tonnes en 2023 soit, une baisse de 6,91 %. Quant au trafic conteneurs a enregistr\u00e9 une progression notable de l\u2019ordre de 33,06 % par rapport \u00e0 l\u2019exercice \u00e9coul\u00e9, passant 88 426 EVP en 2023 \u00e0 117 657 EVP au 31 d\u00e9cembre 2024, a d\u00e9taill\u00e9 le communiqu\u00e9 de l\u2019entreprise portuaire de la wilaya d\u2019Annaba.<\/p>\n\n\n\n<p><strong>Sofia C<\/strong><strong>.<\/strong><\/p>\n","protected":false},"excerpt":{"rendered":"<p>Le port d\u2019Annaba met le cap sur l\u2019impl\u00e9mentation du syst\u00e8me de fonctionnement continue (24h\/24) selon les instructions du pr\u00e9sident de<\/p>\n","protected":false},"author":6,"featured_media":42930,"comment_status":"open","ping_status":"closed","sticky":false,"template":"","format":"standard","meta":{"colormag_page_container_layout":"default_layout","colormag_page_sidebar_layout":"default_layout","om_disable_all_campaigns":false,"_monsterinsights_skip_tracking":false,"_monsterinsights_sitenote_active":false,"_monsterinsights_sitenote_note":"","_monsterinsights_sitenote_category":0,"footnotes":"","_wpscppro_dont_share_socialmedia":false,"_wpscppro_custom_social_share_image":0,"_facebook_share_type":"default","_twitter_share_type":"default","_linkedin_share_type":"default","_pinterest_share_type":"default","_linkedin_share_type_page":"","_instagram_share_type":"default","_medium_share_type":"default","_threads_share_type":"","_google_business_share_type":"","_selected_social_profile":[],"_wpsp_enable_custom_social_template":false,"_wpsp_social_scheduling":{"enabled":false,"datetime":null,"platforms":[],"status":"template_only","dateOption":"today","timeOption":"now","customDays":"","customHours":"","customDate":"","customTime":"","schedulingType":"absolute"},"_wpsp_active_default_template":true},"categories":[27],"tags":[],"class_list":["post-63851","post","type-post","status-publish","format-standard","has-post-thumbnail","hentry","category-actualite"],"aioseo_notices":[],"yoast_head":"<!-- This site is optimized with the Yoast SEO plugin v27.5 - https:\/\/yoast.com\/product\/yoast-seo-wordpress\/ -->\n<title>Port d\u2019Annaba \u00a0: Le fonctionnement en continu effectif depuis le 16 f\u00e9vrier - La Sentinelle<\/title>\n<meta name=\"robots\" content=\"index, follow, max-snippet:-1, max-image-preview:large, max-video-preview:-1\" \/>\n<link rel=\"canonical\" href=\"https:\/\/lasentinelle.dz\/index.php\/2025\/03\/02\/port-dannaba-le-fonctionnement-en-continu-effectif-depuis-le-16-fevrier\/\" \/>\n<meta property=\"og:locale\" content=\"fr_FR\" \/>\n<meta property=\"og:type\" content=\"article\" \/>\n<meta property=\"og:title\" content=\"Port d\u2019Annaba \u00a0: Le fonctionnement en continu effectif depuis le 16 f\u00e9vrier - La Sentinelle\" \/>\n<meta property=\"og:description\" content=\"Le port d\u2019Annaba met le cap sur l\u2019impl\u00e9mentation du syst\u00e8me de fonctionnement continue (24h\/24) selon les instructions du pr\u00e9sident de\" \/>\n<meta property=\"og:url\" content=\"https:\/\/lasentinelle.dz\/index.php\/2025\/03\/02\/port-dannaba-le-fonctionnement-en-continu-effectif-depuis-le-16-fevrier\/\" \/>\n<meta property=\"og:site_name\" content=\"La Sentinelle\" \/>\n<meta property=\"article:publisher\" content=\"https:\/\/www.facebook.com\/La-Sentinelle-104059864394773\" \/>\n<meta property=\"article:published_time\" content=\"2025-03-02T10:38:45+00:00\" \/>\n<meta property=\"article:modified_time\" content=\"2025-03-04T10:39:11+00:00\" \/>\n<meta property=\"og:image\" content=\"https:\/\/lasentinelle.dz\/wp-content\/uploads\/2023\/06\/Port-dannaba.jpeg\" \/>\n\t<meta property=\"og:image:width\" content=\"979\" \/>\n\t<meta property=\"og:image:height\" content=\"734\" \/>\n\t<meta property=\"og:image:type\" content=\"image\/jpeg\" \/>\n<meta name=\"author\" content=\"admin\" \/>\n<meta name=\"twitter:card\" content=\"summary_large_image\" \/>\n<meta name=\"twitter:label1\" content=\"\u00c9crit par\" \/>\n\t<meta name=\"twitter:data1\" content=\"admin\" \/>\n\t<meta name=\"twitter:label2\" content=\"Dur\u00e9e de lecture estim\u00e9e\" \/>\n\t<meta name=\"twitter:data2\" content=\"4 minutes\" \/>\n<script type=\"application\/ld+json\" class=\"yoast-schema-graph\">{\"@context\":\"https:\\\/\\\/schema.org\",\"@graph\":[{\"@type\":\"Article\",\"@id\":\"https:\\\/\\\/lasentinelle.dz\\\/index.php\\\/2025\\\/03\\\/02\\\/port-dannaba-le-fonctionnement-en-continu-effectif-depuis-le-16-fevrier\\\/#article\",\"isPartOf\":{\"@id\":\"https:\\\/\\\/lasentinelle.dz\\\/index.php\\\/2025\\\/03\\\/02\\\/port-dannaba-le-fonctionnement-en-continu-effectif-depuis-le-16-fevrier\\\/\"},\"author\":{\"name\":\"admin\",\"@id\":\"https:\\\/\\\/lasentinelle.dz\\\/#\\\/schema\\\/person\\\/729ee0024f24e0b8c5ec17232f8e8b41\"},\"headline\":\"Port d\u2019Annaba \u00a0: Le fonctionnement en continu effectif depuis le 16 f\u00e9vrier\",\"datePublished\":\"2025-03-02T10:38:45+00:00\",\"dateModified\":\"2025-03-04T10:39:11+00:00\",\"mainEntityOfPage\":{\"@id\":\"https:\\\/\\\/lasentinelle.dz\\\/index.php\\\/2025\\\/03\\\/02\\\/port-dannaba-le-fonctionnement-en-continu-effectif-depuis-le-16-fevrier\\\/\"},\"wordCount\":629,\"commentCount\":0,\"publisher\":{\"@id\":\"https:\\\/\\\/lasentinelle.dz\\\/#organization\"},\"image\":{\"@id\":\"https:\\\/\\\/lasentinelle.dz\\\/index.php\\\/2025\\\/03\\\/02\\\/port-dannaba-le-fonctionnement-en-continu-effectif-depuis-le-16-fevrier\\\/#primaryimage\"},\"thumbnailUrl\":\"https:\\\/\\\/lasentinelle.dz\\\/wp-content\\\/uploads\\\/2023\\\/06\\\/Port-dannaba.jpeg\",\"articleSection\":[\"Actualit\u00e9\"],\"inLanguage\":\"fr-FR\",\"potentialAction\":[{\"@type\":\"CommentAction\",\"name\":\"Comment\",\"target\":[\"https:\\\/\\\/lasentinelle.dz\\\/index.php\\\/2025\\\/03\\\/02\\\/port-dannaba-le-fonctionnement-en-continu-effectif-depuis-le-16-fevrier\\\/#respond\"]}]},{\"@type\":\"WebPage\",\"@id\":\"https:\\\/\\\/lasentinelle.dz\\\/index.php\\\/2025\\\/03\\\/02\\\/port-dannaba-le-fonctionnement-en-continu-effectif-depuis-le-16-fevrier\\\/\",\"url\":\"https:\\\/\\\/lasentinelle.dz\\\/index.php\\\/2025\\\/03\\\/02\\\/port-dannaba-le-fonctionnement-en-continu-effectif-depuis-le-16-fevrier\\\/\",\"name\":\"Port d\u2019Annaba \u00a0: Le fonctionnement en continu effectif depuis le 16 f\u00e9vrier - La Sentinelle\",\"isPartOf\":{\"@id\":\"https:\\\/\\\/lasentinelle.dz\\\/#website\"},\"primaryImageOfPage\":{\"@id\":\"https:\\\/\\\/lasentinelle.dz\\\/index.php\\\/2025\\\/03\\\/02\\\/port-dannaba-le-fonctionnement-en-continu-effectif-depuis-le-16-fevrier\\\/#primaryimage\"},\"image\":{\"@id\":\"https:\\\/\\\/lasentinelle.dz\\\/index.php\\\/2025\\\/03\\\/02\\\/port-dannaba-le-fonctionnement-en-continu-effectif-depuis-le-16-fevrier\\\/#primaryimage\"},\"thumbnailUrl\":\"https:\\\/\\\/lasentinelle.dz\\\/wp-content\\\/uploads\\\/2023\\\/06\\\/Port-dannaba.jpeg\",\"datePublished\":\"2025-03-02T10:38:45+00:00\",\"dateModified\":\"2025-03-04T10:39:11+00:00\",\"breadcrumb\":{\"@id\":\"https:\\\/\\\/lasentinelle.dz\\\/index.php\\\/2025\\\/03\\\/02\\\/port-dannaba-le-fonctionnement-en-continu-effectif-depuis-le-16-fevrier\\\/#breadcrumb\"},\"inLanguage\":\"fr-FR\",\"potentialAction\":[{\"@type\":\"ReadAction\",\"target\":[\"https:\\\/\\\/lasentinelle.dz\\\/index.php\\\/2025\\\/03\\\/02\\\/port-dannaba-le-fonctionnement-en-continu-effectif-depuis-le-16-fevrier\\\/\"]}]},{\"@type\":\"ImageObject\",\"inLanguage\":\"fr-FR\",\"@id\":\"https:\\\/\\\/lasentinelle.dz\\\/index.php\\\/2025\\\/03\\\/02\\\/port-dannaba-le-fonctionnement-en-continu-effectif-depuis-le-16-fevrier\\\/#primaryimage\",\"url\":\"https:\\\/\\\/lasentinelle.dz\\\/wp-content\\\/uploads\\\/2023\\\/06\\\/Port-dannaba.jpeg\",\"contentUrl\":\"https:\\\/\\\/lasentinelle.dz\\\/wp-content\\\/uploads\\\/2023\\\/06\\\/Port-dannaba.jpeg\",\"width\":979,\"height\":734},{\"@type\":\"BreadcrumbList\",\"@id\":\"https:\\\/\\\/lasentinelle.dz\\\/index.php\\\/2025\\\/03\\\/02\\\/port-dannaba-le-fonctionnement-en-continu-effectif-depuis-le-16-fevrier\\\/#breadcrumb\",\"itemListElement\":[{\"@type\":\"ListItem\",\"position\":1,\"name\":\"Accueil\",\"item\":\"https:\\\/\\\/lasentinelle.dz\\\/\"},{\"@type\":\"ListItem\",\"position\":2,\"name\":\"Port d\u2019Annaba \u00a0: Le fonctionnement en continu effectif depuis le 16 f\u00e9vrier\"}]},{\"@type\":\"WebSite\",\"@id\":\"https:\\\/\\\/lasentinelle.dz\\\/#website\",\"url\":\"https:\\\/\\\/lasentinelle.dz\\\/\",\"name\":\"La Sentinelle\",\"description\":\"Quotidien national d&#039;information\",\"publisher\":{\"@id\":\"https:\\\/\\\/lasentinelle.dz\\\/#organization\"},\"potentialAction\":[{\"@type\":\"SearchAction\",\"target\":{\"@type\":\"EntryPoint\",\"urlTemplate\":\"https:\\\/\\\/lasentinelle.dz\\\/?s={search_term_string}\"},\"query-input\":{\"@type\":\"PropertyValueSpecification\",\"valueRequired\":true,\"valueName\":\"search_term_string\"}}],\"inLanguage\":\"fr-FR\"},{\"@type\":\"Organization\",\"@id\":\"https:\\\/\\\/lasentinelle.dz\\\/#organization\",\"name\":\"Quotidien La Sentinelle\",\"url\":\"https:\\\/\\\/lasentinelle.dz\\\/\",\"logo\":{\"@type\":\"ImageObject\",\"inLanguage\":\"fr-FR\",\"@id\":\"https:\\\/\\\/lasentinelle.dz\\\/#\\\/schema\\\/logo\\\/image\\\/\",\"url\":\"https:\\\/\\\/lasentinelle.dz\\\/wp-content\\\/uploads\\\/2021\\\/09\\\/logo-sentinelleSLOGAN-1.png\",\"contentUrl\":\"https:\\\/\\\/lasentinelle.dz\\\/wp-content\\\/uploads\\\/2021\\\/09\\\/logo-sentinelleSLOGAN-1.png\",\"width\":615,\"height\":142,\"caption\":\"Quotidien La Sentinelle\"},\"image\":{\"@id\":\"https:\\\/\\\/lasentinelle.dz\\\/#\\\/schema\\\/logo\\\/image\\\/\"},\"sameAs\":[\"https:\\\/\\\/www.facebook.com\\\/La-Sentinelle-104059864394773\"]},{\"@type\":\"Person\",\"@id\":\"https:\\\/\\\/lasentinelle.dz\\\/#\\\/schema\\\/person\\\/729ee0024f24e0b8c5ec17232f8e8b41\",\"name\":\"admin\",\"image\":{\"@type\":\"ImageObject\",\"inLanguage\":\"fr-FR\",\"@id\":\"https:\\\/\\\/secure.gravatar.com\\\/avatar\\\/4c81fed838786e9b53f540bf46533e750f5d292099ae3b66cfc6fb1982e29df7?s=96&d=mm&r=g\",\"url\":\"https:\\\/\\\/secure.gravatar.com\\\/avatar\\\/4c81fed838786e9b53f540bf46533e750f5d292099ae3b66cfc6fb1982e29df7?s=96&d=mm&r=g\",\"contentUrl\":\"https:\\\/\\\/secure.gravatar.com\\\/avatar\\\/4c81fed838786e9b53f540bf46533e750f5d292099ae3b66cfc6fb1982e29df7?s=96&d=mm&r=g\",\"caption\":\"admin\"},\"description\":\"admin\",\"url\":\"https:\\\/\\\/lasentinelle.dz\\\/author\\\/admin\\\/\"}]}<\/script>\n<!-- \/ Yoast SEO plugin. -->","yoast_head_json":{"title":"Port d\u2019Annaba \u00a0: Le fonctionnement en continu effectif depuis le 16 f\u00e9vrier - La Sentinelle","robots":{"index":"index","follow":"follow","max-snippet":"max-snippet:-1","max-image-preview":"max-image-preview:large","max-video-preview":"max-video-preview:-1"},"canonical":"https:\/\/lasentinelle.dz\/index.php\/2025\/03\/02\/port-dannaba-le-fonctionnement-en-continu-effectif-depuis-le-16-fevrier\/","og_locale":"fr_FR","og_type":"article","og_title":"Port d\u2019Annaba \u00a0: Le fonctionnement en continu effectif depuis le 16 f\u00e9vrier - La Sentinelle","og_description":"Le port d\u2019Annaba met le cap sur l\u2019impl\u00e9mentation du syst\u00e8me de fonctionnement continue (24h\/24) selon les instructions du pr\u00e9sident de","og_url":"https:\/\/lasentinelle.dz\/index.php\/2025\/03\/02\/port-dannaba-le-fonctionnement-en-continu-effectif-depuis-le-16-fevrier\/","og_site_name":"La Sentinelle","article_publisher":"https:\/\/www.facebook.com\/La-Sentinelle-104059864394773","article_published_time":"2025-03-02T10:38:45+00:00","article_modified_time":"2025-03-04T10:39:11+00:00","og_image":[{"width":979,"height":734,"url":"https:\/\/lasentinelle.dz\/wp-content\/uploads\/2023\/06\/Port-dannaba.jpeg","type":"image\/jpeg"}],"author":"admin","twitter_card":"summary_large_image","twitter_misc":{"\u00c9crit par":"admin","Dur\u00e9e de lecture estim\u00e9e":"4 minutes"},"schema":{"@context":"https:\/\/schema.org","@graph":[{"@type":"Article","@id":"https:\/\/lasentinelle.dz\/index.php\/2025\/03\/02\/port-dannaba-le-fonctionnement-en-continu-effectif-depuis-le-16-fevrier\/#article","isPartOf":{"@id":"https:\/\/lasentinelle.dz\/index.php\/2025\/03\/02\/port-dannaba-le-fonctionnement-en-continu-effectif-depuis-le-16-fevrier\/"},"author":{"name":"admin","@id":"https:\/\/lasentinelle.dz\/#\/schema\/person\/729ee0024f24e0b8c5ec17232f8e8b41"},"headline":"Port d\u2019Annaba \u00a0: Le fonctionnement en continu effectif depuis le 16 f\u00e9vrier","datePublished":"2025-03-02T10:38:45+00:00","dateModified":"2025-03-04T10:39:11+00:00","mainEntityOfPage":{"@id":"https:\/\/lasentinelle.dz\/index.php\/2025\/03\/02\/port-dannaba-le-fonctionnement-en-continu-effectif-depuis-le-16-fevrier\/"},"wordCount":629,"commentCount":0,"publisher":{"@id":"https:\/\/lasentinelle.dz\/#organization"},"image":{"@id":"https:\/\/lasentinelle.dz\/index.php\/2025\/03\/02\/port-dannaba-le-fonctionnement-en-continu-effectif-depuis-le-16-fevrier\/#primaryimage"},"thumbnailUrl":"https:\/\/lasentinelle.dz\/wp-content\/uploads\/2023\/06\/Port-dannaba.jpeg","articleSection":["Actualit\u00e9"],"inLanguage":"fr-FR","potentialAction":[{"@type":"CommentAction","name":"Comment","target":["https:\/\/lasentinelle.dz\/index.php\/2025\/03\/02\/port-dannaba-le-fonctionnement-en-continu-effectif-depuis-le-16-fevrier\/#respond"]}]},{"@type":"WebPage","@id":"https:\/\/lasentinelle.dz\/index.php\/2025\/03\/02\/port-dannaba-le-fonctionnement-en-continu-effectif-depuis-le-16-fevrier\/","url":"https:\/\/lasentinelle.dz\/index.php\/2025\/03\/02\/port-dannaba-le-fonctionnement-en-continu-effectif-depuis-le-16-fevrier\/","name":"Port d\u2019Annaba \u00a0: Le fonctionnement en continu effectif depuis le 16 f\u00e9vrier - La Sentinelle","isPartOf":{"@id":"https:\/\/lasentinelle.dz\/#website"},"primaryImageOfPage":{"@id":"https:\/\/lasentinelle.dz\/index.php\/2025\/03\/02\/port-dannaba-le-fonctionnement-en-continu-effectif-depuis-le-16-fevrier\/#primaryimage"},"image":{"@id":"https:\/\/lasentinelle.dz\/index.php\/2025\/03\/02\/port-dannaba-le-fonctionnement-en-continu-effectif-depuis-le-16-fevrier\/#primaryimage"},"thumbnailUrl":"https:\/\/lasentinelle.dz\/wp-content\/uploads\/2023\/06\/Port-dannaba.jpeg","datePublished":"2025-03-02T10:38:45+00:00","dateModified":"2025-03-04T10:39:11+00:00","breadcrumb":{"@id":"https:\/\/lasentinelle.dz\/index.php\/2025\/03\/02\/port-dannaba-le-fonctionnement-en-continu-effectif-depuis-le-16-fevrier\/#breadcrumb"},"inLanguage":"fr-FR","potentialAction":[{"@type":"ReadAction","target":["https:\/\/lasentinelle.dz\/index.php\/2025\/03\/02\/port-dannaba-le-fonctionnement-en-continu-effectif-depuis-le-16-fevrier\/"]}]},{"@type":"ImageObject","inLanguage":"fr-FR","@id":"https:\/\/lasentinelle.dz\/index.php\/2025\/03\/02\/port-dannaba-le-fonctionnement-en-continu-effectif-depuis-le-16-fevrier\/#primaryimage","url":"https:\/\/lasentinelle.dz\/wp-content\/uploads\/2023\/06\/Port-dannaba.jpeg","contentUrl":"https:\/\/lasentinelle.dz\/wp-content\/uploads\/2023\/06\/Port-dannaba.jpeg","width":979,"height":734},{"@type":"BreadcrumbList","@id":"https:\/\/lasentinelle.dz\/index.php\/2025\/03\/02\/port-dannaba-le-fonctionnement-en-continu-effectif-depuis-le-16-fevrier\/#breadcrumb","itemListElement":[{"@type":"ListItem","position":1,"name":"Accueil","item":"https:\/\/lasentinelle.dz\/"},{"@type":"ListItem","position":2,"name":"Port d\u2019Annaba \u00a0: Le fonctionnement en continu effectif depuis le 16 f\u00e9vrier"}]},{"@type":"WebSite","@id":"https:\/\/lasentinelle.dz\/#website","url":"https:\/\/lasentinelle.dz\/","name":"La Sentinelle","description":"Quotidien national d&#039;information","publisher":{"@id":"https:\/\/lasentinelle.dz\/#organization"},"potentialAction":[{"@type":"SearchAction","target":{"@type":"EntryPoint","urlTemplate":"https:\/\/lasentinelle.dz\/?s={search_term_string}"},"query-input":{"@type":"PropertyValueSpecification","valueRequired":true,"valueName":"search_term_string"}}],"inLanguage":"fr-FR"},{"@type":"Organization","@id":"https:\/\/lasentinelle.dz\/#organization","name":"Quotidien La Sentinelle","url":"https:\/\/lasentinelle.dz\/","logo":{"@type":"ImageObject","inLanguage":"fr-FR","@id":"https:\/\/lasentinelle.dz\/#\/schema\/logo\/image\/","url":"https:\/\/lasentinelle.dz\/wp-content\/uploads\/2021\/09\/logo-sentinelleSLOGAN-1.png","contentUrl":"https:\/\/lasentinelle.dz\/wp-content\/uploads\/2021\/09\/logo-sentinelleSLOGAN-1.png","width":615,"height":142,"caption":"Quotidien La Sentinelle"},"image":{"@id":"https:\/\/lasentinelle.dz\/#\/schema\/logo\/image\/"},"sameAs":["https:\/\/www.facebook.com\/La-Sentinelle-104059864394773"]},{"@type":"Person","@id":"https:\/\/lasentinelle.dz\/#\/schema\/person\/729ee0024f24e0b8c5ec17232f8e8b41","name":"admin","image":{"@type":"ImageObject","inLanguage":"fr-FR","@id":"https:\/\/secure.gravatar.com\/avatar\/4c81fed838786e9b53f540bf46533e750f5d292099ae3b66cfc6fb1982e29df7?s=96&d=mm&r=g","url":"https:\/\/secure.gravatar.com\/avatar\/4c81fed838786e9b53f540bf46533e750f5d292099ae3b66cfc6fb1982e29df7?s=96&d=mm&r=g","contentUrl":"https:\/\/secure.gravatar.com\/avatar\/4c81fed838786e9b53f540bf46533e750f5d292099ae3b66cfc6fb1982e29df7?s=96&d=mm&r=g","caption":"admin"},"description":"admin","url":"https:\/\/lasentinelle.dz\/author\/admin\/"}]}},"_links":{"self":[{"href":"https:\/\/lasentinelle.dz\/index.php\/wp-json\/wp\/v2\/posts\/63851","targetHints":{"allow":["GET"]}}],"collection":[{"href":"https:\/\/lasentinelle.dz\/index.php\/wp-json\/wp\/v2\/posts"}],"about":[{"href":"https:\/\/lasentinelle.dz\/index.php\/wp-json\/wp\/v2\/types\/post"}],"author":[{"embeddable":true,"href":"https:\/\/lasentinelle.dz\/index.php\/wp-json\/wp\/v2\/users\/6"}],"replies":[{"embeddable":true,"href":"https:\/\/lasentinelle.dz\/index.php\/wp-json\/wp\/v2\/comments?post=63851"}],"version-history":[{"count":1,"href":"https:\/\/lasentinelle.dz\/index.php\/wp-json\/wp\/v2\/posts\/63851\/revisions"}],"predecessor-version":[{"id":63852,"href":"https:\/\/lasentinelle.dz\/index.php\/wp-json\/wp\/v2\/posts\/63851\/revisions\/63852"}],"wp:featuredmedia":[{"embeddable":true,"href":"https:\/\/lasentinelle.dz\/index.php\/wp-json\/wp\/v2\/media\/42930"}],"wp:attachment":[{"href":"https:\/\/lasentinelle.dz\/index.php\/wp-json\/wp\/v2\/media?parent=63851"}],"wp:term":[{"taxonomy":"category","embeddable":true,"href":"https:\/\/lasentinelle.dz\/index.php\/wp-json\/wp\/v2\/categories?post=63851"},{"taxonomy":"post_tag","embeddable":true,"href":"https:\/\/lasentinelle.dz\/index.php\/wp-json\/wp\/v2\/tags?post=63851"}],"curies":[{"name":"wp","href":"https:\/\/api.w.org\/{rel}","templated":true}]}}