{"id":63894,"date":"2025-03-05T11:13:39","date_gmt":"2025-03-05T10:13:39","guid":{"rendered":"https:\/\/lasentinelle.dz\/?p=63894"},"modified":"2025-03-05T11:13:40","modified_gmt":"2025-03-05T10:13:40","slug":"annaba-plus-de-24-000-foyers-raccordes-au-reseau-de-fibre-optique","status":"publish","type":"post","link":"https:\/\/lasentinelle.dz\/index.php\/2025\/03\/05\/annaba-plus-de-24-000-foyers-raccordes-au-reseau-de-fibre-optique\/","title":{"rendered":"Annaba \u00a0: Plus de 24.000 foyers raccord\u00e9s au r\u00e9seau de fibre optique"},"content":{"rendered":"\n<p>Des foyers de communes rurales et nouveaux p\u00f4les urbains de la wilaya d\u2019Annaba ont \u00e9t\u00e9 connect\u00e9s au r\u00e9seau de fibre optique. Selon un communiqu\u00e9 \u00e9manant de la direction op\u00e9rationnelle des T\u00e9l\u00e9communications, l\u2019op\u00e9ration s\u2019inscrit dans le cadre d\u2019un programme national visant \u00e0 g\u00e9n\u00e9raliser la technologie FTTH (Fiber To The Home) et \u00e0 \u00e9tendre le service internet haut d\u00e9bit \u00e0 l\u2019\u00e9chelle de la wilaya. Selon le document rendu public, ce lundi, plus de 24.000 foyers ont \u00e9t\u00e9 raccord\u00e9s au r\u00e9seau de fibre optique. Ces foyers se r\u00e9partissent \u00e0 travers les communes de Tr\u00e9at, Chetaibi, Sera\u00efdi et El Eulma ainsi que les nouvelles agglom\u00e9rations de Bouadi Ziad et d\u2019Ain Djebara dans les communes d\u2019El Bouni et de Sidi Amar et la circonscription administrative Dra\u00e2 Errich, selon la m\u00eame source qui a pr\u00e9cis\u00e9 que le nombre des raccordements au r\u00e9seau de fibre optique dans la wilaya a atteint \u00e0 fin 2024 un total de 124.306 abonn\u00e9s. Le communiqu\u00e9 de la direction op\u00e9rationnelle des T\u00e9l\u00e9communications , a pr\u00e9cis\u00e9 que l\u2019op\u00e9ration de g\u00e9n\u00e9ralisation du r\u00e9seau de fibre optique et de l\u2019internet haut d\u00e9bit se poursuivra durant l\u2019ann\u00e9e en cours pour toucher plusieurs agglom\u00e9rations, dont Ain Sayed dans la commune d\u2019Ain Berda, Horaicha et El Kerma , dans la daira d\u2019El Hadjar et plusieurs cit\u00e9s du centre-ville d\u2019Annaba. En outre, il est fait \u00e9tat selon le m\u00eame communiqu\u00e9 des projets de raccordement au service internet 4G qui ont permis, d\u2019autre part, de couvrir les localit\u00e9s enclav\u00e9es recul\u00e9es et de porter le nombre des b\u00e9n\u00e9ficiaires \u00e0 39.000 abonn\u00e9s \u00e0 fin 2024. Au terme de son communiqu\u00e9, la direction op\u00e9rationnelle des t\u00e9l\u00e9communications d\u2019Annaba a soulign\u00e9 que le programme de g\u00e9n\u00e9ralisation de la couverture par l\u2019internet haut d\u00e9bit a port\u00e9 sur la r\u00e9alisation de plus de 2.900 km de fibre optique \u00e0 travers la wilaya.<\/p>\n\n\n\n<p><strong>Sofia Chahine<\/strong><\/p>\n","protected":false},"excerpt":{"rendered":"<p>Des foyers de communes rurales et nouveaux p\u00f4les urbains de la wilaya d\u2019Annaba ont \u00e9t\u00e9 connect\u00e9s au r\u00e9seau de fibre<\/p>\n","protected":false},"author":6,"featured_media":46821,"comment_status":"open","ping_status":"closed","sticky":false,"template":"","format":"standard","meta":{"colormag_page_container_layout":"default_layout","colormag_page_sidebar_layout":"default_layout","om_disable_all_campaigns":false,"_monsterinsights_skip_tracking":false,"_monsterinsights_sitenote_active":false,"_monsterinsights_sitenote_note":"","_monsterinsights_sitenote_category":0,"footnotes":"","_wpscppro_dont_share_socialmedia":false,"_wpscppro_custom_social_share_image":0,"_facebook_share_type":"default","_twitter_share_type":"default","_linkedin_share_type":"default","_pinterest_share_type":"default","_linkedin_share_type_page":"","_instagram_share_type":"default","_medium_share_type":"default","_threads_share_type":"","_google_business_share_type":"","_selected_social_profile":[],"_wpsp_enable_custom_social_template":false,"_wpsp_social_scheduling":{"enabled":false,"datetime":null,"platforms":[],"status":"template_only","dateOption":"today","timeOption":"now","customDays":"","customHours":"","customDate":"","customTime":"","schedulingType":"absolute"},"_wpsp_active_default_template":true},"categories":[31],"tags":[],"class_list":["post-63894","post","type-post","status-publish","format-standard","has-post-thumbnail","hentry","category-regions"],"aioseo_notices":[],"yoast_head":"<!-- This site is optimized with the Yoast SEO plugin v27.5 - https:\/\/yoast.com\/product\/yoast-seo-wordpress\/ -->\n<title>Annaba \u00a0: Plus de 24.000 foyers raccord\u00e9s au r\u00e9seau de fibre optique - La Sentinelle<\/title>\n<meta name=\"robots\" content=\"index, follow, max-snippet:-1, max-image-preview:large, max-video-preview:-1\" \/>\n<link rel=\"canonical\" href=\"https:\/\/lasentinelle.dz\/index.php\/2025\/03\/05\/annaba-plus-de-24-000-foyers-raccordes-au-reseau-de-fibre-optique\/\" \/>\n<meta property=\"og:locale\" content=\"fr_FR\" \/>\n<meta property=\"og:type\" content=\"article\" \/>\n<meta property=\"og:title\" content=\"Annaba \u00a0: Plus de 24.000 foyers raccord\u00e9s au r\u00e9seau de fibre optique - La Sentinelle\" \/>\n<meta property=\"og:description\" content=\"Des foyers de communes rurales et nouveaux p\u00f4les urbains de la wilaya d\u2019Annaba ont \u00e9t\u00e9 connect\u00e9s au r\u00e9seau de fibre\" \/>\n<meta property=\"og:url\" content=\"https:\/\/lasentinelle.dz\/index.php\/2025\/03\/05\/annaba-plus-de-24-000-foyers-raccordes-au-reseau-de-fibre-optique\/\" \/>\n<meta property=\"og:site_name\" content=\"La Sentinelle\" \/>\n<meta property=\"article:publisher\" content=\"https:\/\/www.facebook.com\/La-Sentinelle-104059864394773\" \/>\n<meta property=\"article:published_time\" content=\"2025-03-05T10:13:39+00:00\" \/>\n<meta property=\"article:modified_time\" content=\"2025-03-05T10:13:40+00:00\" \/>\n<meta property=\"og:image\" content=\"https:\/\/lasentinelle.dz\/wp-content\/uploads\/2023\/11\/internet-fibre.webp\" \/>\n\t<meta property=\"og:image:width\" content=\"2560\" \/>\n\t<meta property=\"og:image:height\" content=\"1321\" \/>\n\t<meta property=\"og:image:type\" content=\"image\/webp\" \/>\n<meta name=\"author\" content=\"admin\" \/>\n<meta name=\"twitter:card\" content=\"summary_large_image\" \/>\n<meta name=\"twitter:label1\" content=\"\u00c9crit par\" \/>\n\t<meta name=\"twitter:data1\" content=\"admin\" \/>\n\t<meta name=\"twitter:label2\" content=\"Dur\u00e9e de lecture estim\u00e9e\" \/>\n\t<meta name=\"twitter:data2\" content=\"2 minutes\" \/>\n<script type=\"application\/ld+json\" class=\"yoast-schema-graph\">{\"@context\":\"https:\\\/\\\/schema.org\",\"@graph\":[{\"@type\":\"Article\",\"@id\":\"https:\\\/\\\/lasentinelle.dz\\\/index.php\\\/2025\\\/03\\\/05\\\/annaba-plus-de-24-000-foyers-raccordes-au-reseau-de-fibre-optique\\\/#article\",\"isPartOf\":{\"@id\":\"https:\\\/\\\/lasentinelle.dz\\\/index.php\\\/2025\\\/03\\\/05\\\/annaba-plus-de-24-000-foyers-raccordes-au-reseau-de-fibre-optique\\\/\"},\"author\":{\"name\":\"admin\",\"@id\":\"https:\\\/\\\/lasentinelle.dz\\\/#\\\/schema\\\/person\\\/729ee0024f24e0b8c5ec17232f8e8b41\"},\"headline\":\"Annaba \u00a0: Plus de 24.000 foyers raccord\u00e9s au r\u00e9seau de fibre optique\",\"datePublished\":\"2025-03-05T10:13:39+00:00\",\"dateModified\":\"2025-03-05T10:13:40+00:00\",\"mainEntityOfPage\":{\"@id\":\"https:\\\/\\\/lasentinelle.dz\\\/index.php\\\/2025\\\/03\\\/05\\\/annaba-plus-de-24-000-foyers-raccordes-au-reseau-de-fibre-optique\\\/\"},\"wordCount\":355,\"commentCount\":0,\"publisher\":{\"@id\":\"https:\\\/\\\/lasentinelle.dz\\\/#organization\"},\"image\":{\"@id\":\"https:\\\/\\\/lasentinelle.dz\\\/index.php\\\/2025\\\/03\\\/05\\\/annaba-plus-de-24-000-foyers-raccordes-au-reseau-de-fibre-optique\\\/#primaryimage\"},\"thumbnailUrl\":\"https:\\\/\\\/lasentinelle.dz\\\/wp-content\\\/uploads\\\/2023\\\/11\\\/internet-fibre.webp\",\"articleSection\":[\"R\u00e9gions\"],\"inLanguage\":\"fr-FR\",\"potentialAction\":[{\"@type\":\"CommentAction\",\"name\":\"Comment\",\"target\":[\"https:\\\/\\\/lasentinelle.dz\\\/index.php\\\/2025\\\/03\\\/05\\\/annaba-plus-de-24-000-foyers-raccordes-au-reseau-de-fibre-optique\\\/#respond\"]}]},{\"@type\":\"WebPage\",\"@id\":\"https:\\\/\\\/lasentinelle.dz\\\/index.php\\\/2025\\\/03\\\/05\\\/annaba-plus-de-24-000-foyers-raccordes-au-reseau-de-fibre-optique\\\/\",\"url\":\"https:\\\/\\\/lasentinelle.dz\\\/index.php\\\/2025\\\/03\\\/05\\\/annaba-plus-de-24-000-foyers-raccordes-au-reseau-de-fibre-optique\\\/\",\"name\":\"Annaba \u00a0: Plus de 24.000 foyers raccord\u00e9s au r\u00e9seau de fibre optique - La Sentinelle\",\"isPartOf\":{\"@id\":\"https:\\\/\\\/lasentinelle.dz\\\/#website\"},\"primaryImageOfPage\":{\"@id\":\"https:\\\/\\\/lasentinelle.dz\\\/index.php\\\/2025\\\/03\\\/05\\\/annaba-plus-de-24-000-foyers-raccordes-au-reseau-de-fibre-optique\\\/#primaryimage\"},\"image\":{\"@id\":\"https:\\\/\\\/lasentinelle.dz\\\/index.php\\\/2025\\\/03\\\/05\\\/annaba-plus-de-24-000-foyers-raccordes-au-reseau-de-fibre-optique\\\/#primaryimage\"},\"thumbnailUrl\":\"https:\\\/\\\/lasentinelle.dz\\\/wp-content\\\/uploads\\\/2023\\\/11\\\/internet-fibre.webp\",\"datePublished\":\"2025-03-05T10:13:39+00:00\",\"dateModified\":\"2025-03-05T10:13:40+00:00\",\"breadcrumb\":{\"@id\":\"https:\\\/\\\/lasentinelle.dz\\\/index.php\\\/2025\\\/03\\\/05\\\/annaba-plus-de-24-000-foyers-raccordes-au-reseau-de-fibre-optique\\\/#breadcrumb\"},\"inLanguage\":\"fr-FR\",\"potentialAction\":[{\"@type\":\"ReadAction\",\"target\":[\"https:\\\/\\\/lasentinelle.dz\\\/index.php\\\/2025\\\/03\\\/05\\\/annaba-plus-de-24-000-foyers-raccordes-au-reseau-de-fibre-optique\\\/\"]}]},{\"@type\":\"ImageObject\",\"inLanguage\":\"fr-FR\",\"@id\":\"https:\\\/\\\/lasentinelle.dz\\\/index.php\\\/2025\\\/03\\\/05\\\/annaba-plus-de-24-000-foyers-raccordes-au-reseau-de-fibre-optique\\\/#primaryimage\",\"url\":\"https:\\\/\\\/lasentinelle.dz\\\/wp-content\\\/uploads\\\/2023\\\/11\\\/internet-fibre.webp\",\"contentUrl\":\"https:\\\/\\\/lasentinelle.dz\\\/wp-content\\\/uploads\\\/2023\\\/11\\\/internet-fibre.webp\",\"width\":2560,\"height\":1321},{\"@type\":\"BreadcrumbList\",\"@id\":\"https:\\\/\\\/lasentinelle.dz\\\/index.php\\\/2025\\\/03\\\/05\\\/annaba-plus-de-24-000-foyers-raccordes-au-reseau-de-fibre-optique\\\/#breadcrumb\",\"itemListElement\":[{\"@type\":\"ListItem\",\"position\":1,\"name\":\"Accueil\",\"item\":\"https:\\\/\\\/lasentinelle.dz\\\/\"},{\"@type\":\"ListItem\",\"position\":2,\"name\":\"Annaba \u00a0: Plus de 24.000 foyers raccord\u00e9s au r\u00e9seau de fibre optique\"}]},{\"@type\":\"WebSite\",\"@id\":\"https:\\\/\\\/lasentinelle.dz\\\/#website\",\"url\":\"https:\\\/\\\/lasentinelle.dz\\\/\",\"name\":\"La Sentinelle\",\"description\":\"Quotidien national d&#039;information\",\"publisher\":{\"@id\":\"https:\\\/\\\/lasentinelle.dz\\\/#organization\"},\"potentialAction\":[{\"@type\":\"SearchAction\",\"target\":{\"@type\":\"EntryPoint\",\"urlTemplate\":\"https:\\\/\\\/lasentinelle.dz\\\/?s={search_term_string}\"},\"query-input\":{\"@type\":\"PropertyValueSpecification\",\"valueRequired\":true,\"valueName\":\"search_term_string\"}}],\"inLanguage\":\"fr-FR\"},{\"@type\":\"Organization\",\"@id\":\"https:\\\/\\\/lasentinelle.dz\\\/#organization\",\"name\":\"Quotidien La Sentinelle\",\"url\":\"https:\\\/\\\/lasentinelle.dz\\\/\",\"logo\":{\"@type\":\"ImageObject\",\"inLanguage\":\"fr-FR\",\"@id\":\"https:\\\/\\\/lasentinelle.dz\\\/#\\\/schema\\\/logo\\\/image\\\/\",\"url\":\"https:\\\/\\\/lasentinelle.dz\\\/wp-content\\\/uploads\\\/2021\\\/09\\\/logo-sentinelleSLOGAN-1.png\",\"contentUrl\":\"https:\\\/\\\/lasentinelle.dz\\\/wp-content\\\/uploads\\\/2021\\\/09\\\/logo-sentinelleSLOGAN-1.png\",\"width\":615,\"height\":142,\"caption\":\"Quotidien La Sentinelle\"},\"image\":{\"@id\":\"https:\\\/\\\/lasentinelle.dz\\\/#\\\/schema\\\/logo\\\/image\\\/\"},\"sameAs\":[\"https:\\\/\\\/www.facebook.com\\\/La-Sentinelle-104059864394773\"]},{\"@type\":\"Person\",\"@id\":\"https:\\\/\\\/lasentinelle.dz\\\/#\\\/schema\\\/person\\\/729ee0024f24e0b8c5ec17232f8e8b41\",\"name\":\"admin\",\"image\":{\"@type\":\"ImageObject\",\"inLanguage\":\"fr-FR\",\"@id\":\"https:\\\/\\\/secure.gravatar.com\\\/avatar\\\/4c81fed838786e9b53f540bf46533e750f5d292099ae3b66cfc6fb1982e29df7?s=96&d=mm&r=g\",\"url\":\"https:\\\/\\\/secure.gravatar.com\\\/avatar\\\/4c81fed838786e9b53f540bf46533e750f5d292099ae3b66cfc6fb1982e29df7?s=96&d=mm&r=g\",\"contentUrl\":\"https:\\\/\\\/secure.gravatar.com\\\/avatar\\\/4c81fed838786e9b53f540bf46533e750f5d292099ae3b66cfc6fb1982e29df7?s=96&d=mm&r=g\",\"caption\":\"admin\"},\"description\":\"admin\",\"url\":\"https:\\\/\\\/lasentinelle.dz\\\/author\\\/admin\\\/\"}]}<\/script>\n<!-- \/ Yoast SEO plugin. -->","yoast_head_json":{"title":"Annaba \u00a0: Plus de 24.000 foyers raccord\u00e9s au r\u00e9seau de fibre optique - La Sentinelle","robots":{"index":"index","follow":"follow","max-snippet":"max-snippet:-1","max-image-preview":"max-image-preview:large","max-video-preview":"max-video-preview:-1"},"canonical":"https:\/\/lasentinelle.dz\/index.php\/2025\/03\/05\/annaba-plus-de-24-000-foyers-raccordes-au-reseau-de-fibre-optique\/","og_locale":"fr_FR","og_type":"article","og_title":"Annaba \u00a0: Plus de 24.000 foyers raccord\u00e9s au r\u00e9seau de fibre optique - La Sentinelle","og_description":"Des foyers de communes rurales et nouveaux p\u00f4les urbains de la wilaya d\u2019Annaba ont \u00e9t\u00e9 connect\u00e9s au r\u00e9seau de fibre","og_url":"https:\/\/lasentinelle.dz\/index.php\/2025\/03\/05\/annaba-plus-de-24-000-foyers-raccordes-au-reseau-de-fibre-optique\/","og_site_name":"La Sentinelle","article_publisher":"https:\/\/www.facebook.com\/La-Sentinelle-104059864394773","article_published_time":"2025-03-05T10:13:39+00:00","article_modified_time":"2025-03-05T10:13:40+00:00","og_image":[{"width":2560,"height":1321,"url":"https:\/\/lasentinelle.dz\/wp-content\/uploads\/2023\/11\/internet-fibre.webp","type":"image\/webp"}],"author":"admin","twitter_card":"summary_large_image","twitter_misc":{"\u00c9crit par":"admin","Dur\u00e9e de lecture estim\u00e9e":"2 minutes"},"schema":{"@context":"https:\/\/schema.org","@graph":[{"@type":"Article","@id":"https:\/\/lasentinelle.dz\/index.php\/2025\/03\/05\/annaba-plus-de-24-000-foyers-raccordes-au-reseau-de-fibre-optique\/#article","isPartOf":{"@id":"https:\/\/lasentinelle.dz\/index.php\/2025\/03\/05\/annaba-plus-de-24-000-foyers-raccordes-au-reseau-de-fibre-optique\/"},"author":{"name":"admin","@id":"https:\/\/lasentinelle.dz\/#\/schema\/person\/729ee0024f24e0b8c5ec17232f8e8b41"},"headline":"Annaba \u00a0: Plus de 24.000 foyers raccord\u00e9s au r\u00e9seau de fibre optique","datePublished":"2025-03-05T10:13:39+00:00","dateModified":"2025-03-05T10:13:40+00:00","mainEntityOfPage":{"@id":"https:\/\/lasentinelle.dz\/index.php\/2025\/03\/05\/annaba-plus-de-24-000-foyers-raccordes-au-reseau-de-fibre-optique\/"},"wordCount":355,"commentCount":0,"publisher":{"@id":"https:\/\/lasentinelle.dz\/#organization"},"image":{"@id":"https:\/\/lasentinelle.dz\/index.php\/2025\/03\/05\/annaba-plus-de-24-000-foyers-raccordes-au-reseau-de-fibre-optique\/#primaryimage"},"thumbnailUrl":"https:\/\/lasentinelle.dz\/wp-content\/uploads\/2023\/11\/internet-fibre.webp","articleSection":["R\u00e9gions"],"inLanguage":"fr-FR","potentialAction":[{"@type":"CommentAction","name":"Comment","target":["https:\/\/lasentinelle.dz\/index.php\/2025\/03\/05\/annaba-plus-de-24-000-foyers-raccordes-au-reseau-de-fibre-optique\/#respond"]}]},{"@type":"WebPage","@id":"https:\/\/lasentinelle.dz\/index.php\/2025\/03\/05\/annaba-plus-de-24-000-foyers-raccordes-au-reseau-de-fibre-optique\/","url":"https:\/\/lasentinelle.dz\/index.php\/2025\/03\/05\/annaba-plus-de-24-000-foyers-raccordes-au-reseau-de-fibre-optique\/","name":"Annaba \u00a0: Plus de 24.000 foyers raccord\u00e9s au r\u00e9seau de fibre optique - La Sentinelle","isPartOf":{"@id":"https:\/\/lasentinelle.dz\/#website"},"primaryImageOfPage":{"@id":"https:\/\/lasentinelle.dz\/index.php\/2025\/03\/05\/annaba-plus-de-24-000-foyers-raccordes-au-reseau-de-fibre-optique\/#primaryimage"},"image":{"@id":"https:\/\/lasentinelle.dz\/index.php\/2025\/03\/05\/annaba-plus-de-24-000-foyers-raccordes-au-reseau-de-fibre-optique\/#primaryimage"},"thumbnailUrl":"https:\/\/lasentinelle.dz\/wp-content\/uploads\/2023\/11\/internet-fibre.webp","datePublished":"2025-03-05T10:13:39+00:00","dateModified":"2025-03-05T10:13:40+00:00","breadcrumb":{"@id":"https:\/\/lasentinelle.dz\/index.php\/2025\/03\/05\/annaba-plus-de-24-000-foyers-raccordes-au-reseau-de-fibre-optique\/#breadcrumb"},"inLanguage":"fr-FR","potentialAction":[{"@type":"ReadAction","target":["https:\/\/lasentinelle.dz\/index.php\/2025\/03\/05\/annaba-plus-de-24-000-foyers-raccordes-au-reseau-de-fibre-optique\/"]}]},{"@type":"ImageObject","inLanguage":"fr-FR","@id":"https:\/\/lasentinelle.dz\/index.php\/2025\/03\/05\/annaba-plus-de-24-000-foyers-raccordes-au-reseau-de-fibre-optique\/#primaryimage","url":"https:\/\/lasentinelle.dz\/wp-content\/uploads\/2023\/11\/internet-fibre.webp","contentUrl":"https:\/\/lasentinelle.dz\/wp-content\/uploads\/2023\/11\/internet-fibre.webp","width":2560,"height":1321},{"@type":"BreadcrumbList","@id":"https:\/\/lasentinelle.dz\/index.php\/2025\/03\/05\/annaba-plus-de-24-000-foyers-raccordes-au-reseau-de-fibre-optique\/#breadcrumb","itemListElement":[{"@type":"ListItem","position":1,"name":"Accueil","item":"https:\/\/lasentinelle.dz\/"},{"@type":"ListItem","position":2,"name":"Annaba \u00a0: Plus de 24.000 foyers raccord\u00e9s au r\u00e9seau de fibre optique"}]},{"@type":"WebSite","@id":"https:\/\/lasentinelle.dz\/#website","url":"https:\/\/lasentinelle.dz\/","name":"La Sentinelle","description":"Quotidien national d&#039;information","publisher":{"@id":"https:\/\/lasentinelle.dz\/#organization"},"potentialAction":[{"@type":"SearchAction","target":{"@type":"EntryPoint","urlTemplate":"https:\/\/lasentinelle.dz\/?s={search_term_string}"},"query-input":{"@type":"PropertyValueSpecification","valueRequired":true,"valueName":"search_term_string"}}],"inLanguage":"fr-FR"},{"@type":"Organization","@id":"https:\/\/lasentinelle.dz\/#organization","name":"Quotidien La Sentinelle","url":"https:\/\/lasentinelle.dz\/","logo":{"@type":"ImageObject","inLanguage":"fr-FR","@id":"https:\/\/lasentinelle.dz\/#\/schema\/logo\/image\/","url":"https:\/\/lasentinelle.dz\/wp-content\/uploads\/2021\/09\/logo-sentinelleSLOGAN-1.png","contentUrl":"https:\/\/lasentinelle.dz\/wp-content\/uploads\/2021\/09\/logo-sentinelleSLOGAN-1.png","width":615,"height":142,"caption":"Quotidien La Sentinelle"},"image":{"@id":"https:\/\/lasentinelle.dz\/#\/schema\/logo\/image\/"},"sameAs":["https:\/\/www.facebook.com\/La-Sentinelle-104059864394773"]},{"@type":"Person","@id":"https:\/\/lasentinelle.dz\/#\/schema\/person\/729ee0024f24e0b8c5ec17232f8e8b41","name":"admin","image":{"@type":"ImageObject","inLanguage":"fr-FR","@id":"https:\/\/secure.gravatar.com\/avatar\/4c81fed838786e9b53f540bf46533e750f5d292099ae3b66cfc6fb1982e29df7?s=96&d=mm&r=g","url":"https:\/\/secure.gravatar.com\/avatar\/4c81fed838786e9b53f540bf46533e750f5d292099ae3b66cfc6fb1982e29df7?s=96&d=mm&r=g","contentUrl":"https:\/\/secure.gravatar.com\/avatar\/4c81fed838786e9b53f540bf46533e750f5d292099ae3b66cfc6fb1982e29df7?s=96&d=mm&r=g","caption":"admin"},"description":"admin","url":"https:\/\/lasentinelle.dz\/author\/admin\/"}]}},"_links":{"self":[{"href":"https:\/\/lasentinelle.dz\/index.php\/wp-json\/wp\/v2\/posts\/63894","targetHints":{"allow":["GET"]}}],"collection":[{"href":"https:\/\/lasentinelle.dz\/index.php\/wp-json\/wp\/v2\/posts"}],"about":[{"href":"https:\/\/lasentinelle.dz\/index.php\/wp-json\/wp\/v2\/types\/post"}],"author":[{"embeddable":true,"href":"https:\/\/lasentinelle.dz\/index.php\/wp-json\/wp\/v2\/users\/6"}],"replies":[{"embeddable":true,"href":"https:\/\/lasentinelle.dz\/index.php\/wp-json\/wp\/v2\/comments?post=63894"}],"version-history":[{"count":1,"href":"https:\/\/lasentinelle.dz\/index.php\/wp-json\/wp\/v2\/posts\/63894\/revisions"}],"predecessor-version":[{"id":63895,"href":"https:\/\/lasentinelle.dz\/index.php\/wp-json\/wp\/v2\/posts\/63894\/revisions\/63895"}],"wp:featuredmedia":[{"embeddable":true,"href":"https:\/\/lasentinelle.dz\/index.php\/wp-json\/wp\/v2\/media\/46821"}],"wp:attachment":[{"href":"https:\/\/lasentinelle.dz\/index.php\/wp-json\/wp\/v2\/media?parent=63894"}],"wp:term":[{"taxonomy":"category","embeddable":true,"href":"https:\/\/lasentinelle.dz\/index.php\/wp-json\/wp\/v2\/categories?post=63894"},{"taxonomy":"post_tag","embeddable":true,"href":"https:\/\/lasentinelle.dz\/index.php\/wp-json\/wp\/v2\/tags?post=63894"}],"curies":[{"name":"wp","href":"https:\/\/api.w.org\/{rel}","templated":true}]}}