{"id":63920,"date":"2025-03-05T11:20:59","date_gmt":"2025-03-05T10:20:59","guid":{"rendered":"https:\/\/lasentinelle.dz\/?p=63920"},"modified":"2025-03-05T11:21:00","modified_gmt":"2025-03-05T10:21:00","slug":"vers-le-renforcement-du-partenariat-strategique-litalie-affiche-sa-volonte-de-diversifier-ses-investissements-en-algerie","status":"publish","type":"post","link":"https:\/\/lasentinelle.dz\/index.php\/2025\/03\/05\/vers-le-renforcement-du-partenariat-strategique-litalie-affiche-sa-volonte-de-diversifier-ses-investissements-en-algerie\/","title":{"rendered":"Vers le renforcement du partenariat strat\u00e9gique : L&rsquo;Italie affiche sa volont\u00e9 de diversifier ses investissements en Alg\u00e9rie"},"content":{"rendered":"\n<p>L\u2019Alg\u00e9rie et l\u2019Italie ont r\u00e9affirm\u00e9, lors de la table ronde sur l\u2019entrepreneuriat organis\u00e9e, lundi \u00e0 Alger, leur engagement \u00e0 renforcer le partenariat \u00e9conomique, \u00e0 travers l\u2019exploitation des opportunit\u00e9s d\u2019investissement disponibles dans divers secteurs. Pr\u00e9sid\u00e9e par Mohamed Arkab, ministre d&rsquo;\u00c9tat de l&rsquo;\u00c9nergie, et Antonio Tajani, vice-pr\u00e9sident du Conseil des ministres italien, cette rencontre a r\u00e9v\u00e9l\u00e9 des perspectives de coop\u00e9ration prometteuses dans de multiples secteurs.<\/p>\n\n\n\n<p>Le ministre d&rsquo;\u00c9tat Mohamed Arkab a d&#8217;embl\u00e9e positionn\u00e9 l&rsquo;Alg\u00e9rie comme \u00ab\u00a0un vaste chantier\u00a0\u00bb offrant des opportunit\u00e9s d&rsquo;investissement strat\u00e9giques. \u00ab\u00a0L&rsquo;Alg\u00e9rie est devenue une destination d&rsquo;investissement attractive par excellence\u00a0\u00bb, a-t-il d\u00e9clar\u00e9, soulignant les atouts du pays : des ressources naturelles vari\u00e9es, une position g\u00e9ographique strat\u00e9gique et des infrastructures modernes. Les secteurs vis\u00e9s sont particuli\u00e8rement diversifi\u00e9s : agriculture, tourisme, mines, \u00e9nergies renouvelables, communications, industries agroalimentaires et nouvelles technologies. \u00ab\u00a0L&rsquo;Alg\u00e9rie consid\u00e8re le d\u00e9veloppement du partenariat comme un m\u00e9canisme strat\u00e9gique pour assurer le succ\u00e8s de nos programmes de d\u00e9veloppement\u00a0\u00bb, a expliqu\u00e9 M. Arkab, insistant sur les objectifs de transfert de technologies, de formation et de cr\u00e9ation d&#8217;emplois.<\/p>\n\n\n\n<p>C\u00f4t\u00e9 italien, Antonio Tajani a clairement exprim\u00e9 l&rsquo;ambition de son pays : \u00ab\u00a0Le partenariat alg\u00e9ro-italien est bon, mais il doit \u00eatre encore plus solide en investissant dans des secteurs divers tels que l&rsquo;agriculture, le tourisme, les infrastructures, le b\u00e2timent et d&rsquo;autres domaines\u00a0\u00bb. Sa vision s&rsquo;accompagne de propositions concr\u00e8tes, notamment dans le secteur de la p\u00eache, o\u00f9 l&rsquo;Italie propose de partager son expertise en construction de bateaux. Le potentiel touristique a particuli\u00e8rement retenu l&rsquo;attention. Tajani a mis en avant \u00ab\u00a0la diversit\u00e9 g\u00e9ographique et la richesse culturelle de l&rsquo;Alg\u00e9rie\u00a0\u00bb, source d&rsquo;opportunit\u00e9s d&rsquo;investissement significatives. Il a m\u00eame \u00e9voqu\u00e9 la perspective d&rsquo;organiser un forum de l&rsquo;entrepreneuriat \u00e0 Rome pour faciliter les \u00e9changes entre investisseurs. Les domaines de coop\u00e9ration s&rsquo;\u00e9tendent \u00e9galement \u00e0 la dimension culturelle. Tajani a annonc\u00e9 une augmentation du nombre de bourses d&rsquo;\u00e9tudes pour les \u00e9tudiants alg\u00e9riens, les qualifiant de \u00ab\u00a0trait d&rsquo;union entre les investisseurs italiens et leurs homologues alg\u00e9riens\u00a0\u00bb.<\/p>\n\n\n\n<p>Sur le plan \u00e9nerg\u00e9tique, les perspectives sont tout aussi prometteuses. Guido Brusco, repr\u00e9sentant de la soci\u00e9t\u00e9 italienne ENI, a salu\u00e9 la coop\u00e9ration \u00ab\u00a0exemplaire\u00a0\u00bb avec Sonatrach, notamment dans le d\u00e9veloppement de projets \u00e9nerg\u00e9tiques et la transition \u00e9nerg\u00e9tique. Omar Rekkache, directeur de l&rsquo;Agence alg\u00e9rienne de Promotion de l&rsquo;Investissement (AAPI), a soulign\u00e9 l&rsquo;am\u00e9lioration significative du climat des affaires ces derni\u00e8res ann\u00e9es, ouvrant la voie \u00e0 des investissements italiens diversifi\u00e9s. L&rsquo;AAPI pr\u00e9voit m\u00eame de signer un accord avec son homologue italienne pour renforcer ces investissements.<\/p>\n\n\n\n<p>Le projet d&rsquo;interconnexion \u00e9lectrique entre l&rsquo;Alg\u00e9rie et l&rsquo;Europe constitue un autre axe strat\u00e9gique, sur lequel les deux pays entendent collaborer \u00e9troitement. Mohamed Arkab a soulign\u00e9 l&rsquo;importance de ce projet, \u00ab\u00a0que nous \u0153uvrons \u00e0 d\u00e9velopper avec l&rsquo;Italie\u00a0\u00bb. Les repr\u00e9sentants des deux pays ont multipli\u00e9 les signaux positifs. Kamel Moula, pr\u00e9sident du Conseil du renouveau \u00e9conomique alg\u00e9rien, a m\u00eame annonc\u00e9 l&rsquo;organisation prochaine d&rsquo;une mission d&rsquo;hommes d&rsquo;affaires alg\u00e9riens en Italie pour explorer les opportunit\u00e9s d&rsquo;investissement. Cette table ronde illustre la volont\u00e9 commune de construire un partenariat \u00e9conomique solide, bas\u00e9 sur des int\u00e9r\u00eats mutuels et une compl\u00e9mentarit\u00e9 croissante. L&rsquo;Alg\u00e9rie et l&rsquo;Italie semblent d\u00e9termin\u00e9es \u00e0 \u00e9crire ensemble une nouvelle page de leur coop\u00e9ration \u00e9conomique, au-del\u00e0 des traditionnels secteurs \u00e9nerg\u00e9tiques.<\/p>\n\n\n\n<p>Salim Amokrane<\/p>\n","protected":false},"excerpt":{"rendered":"<p>L\u2019Alg\u00e9rie et l\u2019Italie ont r\u00e9affirm\u00e9, lors de la table ronde sur l\u2019entrepreneuriat organis\u00e9e, lundi \u00e0 Alger, leur engagement \u00e0 renforcer<\/p>\n","protected":false},"author":6,"featured_media":63921,"comment_status":"open","ping_status":"closed","sticky":false,"template":"","format":"standard","meta":{"colormag_page_container_layout":"default_layout","colormag_page_sidebar_layout":"default_layout","om_disable_all_campaigns":false,"_monsterinsights_skip_tracking":false,"_monsterinsights_sitenote_active":false,"_monsterinsights_sitenote_note":"","_monsterinsights_sitenote_category":0,"footnotes":"","_wpscppro_dont_share_socialmedia":false,"_wpscppro_custom_social_share_image":0,"_facebook_share_type":"default","_twitter_share_type":"default","_linkedin_share_type":"default","_pinterest_share_type":"default","_linkedin_share_type_page":"","_instagram_share_type":"default","_medium_share_type":"default","_threads_share_type":"","_google_business_share_type":"","_selected_social_profile":[],"_wpsp_enable_custom_social_template":false,"_wpsp_social_scheduling":{"enabled":false,"datetime":null,"platforms":[],"status":"template_only","dateOption":"today","timeOption":"now","customDays":"","customHours":"","customDate":"","customTime":"","schedulingType":"absolute"},"_wpsp_active_default_template":true},"categories":[27],"tags":[],"class_list":["post-63920","post","type-post","status-publish","format-standard","has-post-thumbnail","hentry","category-actualite"],"aioseo_notices":[],"yoast_head":"<!-- This site is optimized with the Yoast SEO plugin v27.5 - https:\/\/yoast.com\/product\/yoast-seo-wordpress\/ -->\n<title>Vers le renforcement du partenariat strat\u00e9gique : L&rsquo;Italie affiche sa volont\u00e9 de diversifier ses investissements en Alg\u00e9rie - La Sentinelle<\/title>\n<meta name=\"robots\" content=\"index, follow, max-snippet:-1, max-image-preview:large, max-video-preview:-1\" \/>\n<link rel=\"canonical\" href=\"https:\/\/lasentinelle.dz\/index.php\/2025\/03\/05\/vers-le-renforcement-du-partenariat-strategique-litalie-affiche-sa-volonte-de-diversifier-ses-investissements-en-algerie\/\" \/>\n<meta property=\"og:locale\" content=\"fr_FR\" \/>\n<meta property=\"og:type\" content=\"article\" \/>\n<meta property=\"og:title\" content=\"Vers le renforcement du partenariat strat\u00e9gique : L&rsquo;Italie affiche sa volont\u00e9 de diversifier ses investissements en Alg\u00e9rie - La Sentinelle\" \/>\n<meta property=\"og:description\" content=\"L\u2019Alg\u00e9rie et l\u2019Italie ont r\u00e9affirm\u00e9, lors de la table ronde sur l\u2019entrepreneuriat organis\u00e9e, lundi \u00e0 Alger, leur engagement \u00e0 renforcer\" \/>\n<meta property=\"og:url\" content=\"https:\/\/lasentinelle.dz\/index.php\/2025\/03\/05\/vers-le-renforcement-du-partenariat-strategique-litalie-affiche-sa-volonte-de-diversifier-ses-investissements-en-algerie\/\" \/>\n<meta property=\"og:site_name\" content=\"La Sentinelle\" \/>\n<meta property=\"article:publisher\" content=\"https:\/\/www.facebook.com\/La-Sentinelle-104059864394773\" \/>\n<meta property=\"article:published_time\" content=\"2025-03-05T10:20:59+00:00\" \/>\n<meta property=\"article:modified_time\" content=\"2025-03-05T10:21:00+00:00\" \/>\n<meta property=\"og:image\" content=\"https:\/\/lasentinelle.dz\/wp-content\/uploads\/2025\/03\/481021718_967139182227512_2402683094962429440_n.jpg\" \/>\n\t<meta property=\"og:image:width\" content=\"2048\" \/>\n\t<meta property=\"og:image:height\" content=\"1365\" \/>\n\t<meta property=\"og:image:type\" content=\"image\/jpeg\" \/>\n<meta name=\"author\" content=\"admin\" \/>\n<meta name=\"twitter:card\" content=\"summary_large_image\" \/>\n<meta name=\"twitter:label1\" content=\"\u00c9crit par\" \/>\n\t<meta name=\"twitter:data1\" content=\"admin\" \/>\n\t<meta name=\"twitter:label2\" content=\"Dur\u00e9e de lecture estim\u00e9e\" \/>\n\t<meta name=\"twitter:data2\" content=\"3 minutes\" \/>\n<script type=\"application\/ld+json\" class=\"yoast-schema-graph\">{\"@context\":\"https:\\\/\\\/schema.org\",\"@graph\":[{\"@type\":\"Article\",\"@id\":\"https:\\\/\\\/lasentinelle.dz\\\/index.php\\\/2025\\\/03\\\/05\\\/vers-le-renforcement-du-partenariat-strategique-litalie-affiche-sa-volonte-de-diversifier-ses-investissements-en-algerie\\\/#article\",\"isPartOf\":{\"@id\":\"https:\\\/\\\/lasentinelle.dz\\\/index.php\\\/2025\\\/03\\\/05\\\/vers-le-renforcement-du-partenariat-strategique-litalie-affiche-sa-volonte-de-diversifier-ses-investissements-en-algerie\\\/\"},\"author\":{\"name\":\"admin\",\"@id\":\"https:\\\/\\\/lasentinelle.dz\\\/#\\\/schema\\\/person\\\/729ee0024f24e0b8c5ec17232f8e8b41\"},\"headline\":\"Vers le renforcement du partenariat strat\u00e9gique : L&rsquo;Italie affiche sa volont\u00e9 de diversifier ses investissements en Alg\u00e9rie\",\"datePublished\":\"2025-03-05T10:20:59+00:00\",\"dateModified\":\"2025-03-05T10:21:00+00:00\",\"mainEntityOfPage\":{\"@id\":\"https:\\\/\\\/lasentinelle.dz\\\/index.php\\\/2025\\\/03\\\/05\\\/vers-le-renforcement-du-partenariat-strategique-litalie-affiche-sa-volonte-de-diversifier-ses-investissements-en-algerie\\\/\"},\"wordCount\":637,\"commentCount\":0,\"publisher\":{\"@id\":\"https:\\\/\\\/lasentinelle.dz\\\/#organization\"},\"image\":{\"@id\":\"https:\\\/\\\/lasentinelle.dz\\\/index.php\\\/2025\\\/03\\\/05\\\/vers-le-renforcement-du-partenariat-strategique-litalie-affiche-sa-volonte-de-diversifier-ses-investissements-en-algerie\\\/#primaryimage\"},\"thumbnailUrl\":\"https:\\\/\\\/lasentinelle.dz\\\/wp-content\\\/uploads\\\/2025\\\/03\\\/481021718_967139182227512_2402683094962429440_n.jpg\",\"articleSection\":[\"Actualit\u00e9\"],\"inLanguage\":\"fr-FR\",\"potentialAction\":[{\"@type\":\"CommentAction\",\"name\":\"Comment\",\"target\":[\"https:\\\/\\\/lasentinelle.dz\\\/index.php\\\/2025\\\/03\\\/05\\\/vers-le-renforcement-du-partenariat-strategique-litalie-affiche-sa-volonte-de-diversifier-ses-investissements-en-algerie\\\/#respond\"]}]},{\"@type\":\"WebPage\",\"@id\":\"https:\\\/\\\/lasentinelle.dz\\\/index.php\\\/2025\\\/03\\\/05\\\/vers-le-renforcement-du-partenariat-strategique-litalie-affiche-sa-volonte-de-diversifier-ses-investissements-en-algerie\\\/\",\"url\":\"https:\\\/\\\/lasentinelle.dz\\\/index.php\\\/2025\\\/03\\\/05\\\/vers-le-renforcement-du-partenariat-strategique-litalie-affiche-sa-volonte-de-diversifier-ses-investissements-en-algerie\\\/\",\"name\":\"Vers le renforcement du partenariat strat\u00e9gique : L&rsquo;Italie affiche sa volont\u00e9 de diversifier ses investissements en Alg\u00e9rie - La Sentinelle\",\"isPartOf\":{\"@id\":\"https:\\\/\\\/lasentinelle.dz\\\/#website\"},\"primaryImageOfPage\":{\"@id\":\"https:\\\/\\\/lasentinelle.dz\\\/index.php\\\/2025\\\/03\\\/05\\\/vers-le-renforcement-du-partenariat-strategique-litalie-affiche-sa-volonte-de-diversifier-ses-investissements-en-algerie\\\/#primaryimage\"},\"image\":{\"@id\":\"https:\\\/\\\/lasentinelle.dz\\\/index.php\\\/2025\\\/03\\\/05\\\/vers-le-renforcement-du-partenariat-strategique-litalie-affiche-sa-volonte-de-diversifier-ses-investissements-en-algerie\\\/#primaryimage\"},\"thumbnailUrl\":\"https:\\\/\\\/lasentinelle.dz\\\/wp-content\\\/uploads\\\/2025\\\/03\\\/481021718_967139182227512_2402683094962429440_n.jpg\",\"datePublished\":\"2025-03-05T10:20:59+00:00\",\"dateModified\":\"2025-03-05T10:21:00+00:00\",\"breadcrumb\":{\"@id\":\"https:\\\/\\\/lasentinelle.dz\\\/index.php\\\/2025\\\/03\\\/05\\\/vers-le-renforcement-du-partenariat-strategique-litalie-affiche-sa-volonte-de-diversifier-ses-investissements-en-algerie\\\/#breadcrumb\"},\"inLanguage\":\"fr-FR\",\"potentialAction\":[{\"@type\":\"ReadAction\",\"target\":[\"https:\\\/\\\/lasentinelle.dz\\\/index.php\\\/2025\\\/03\\\/05\\\/vers-le-renforcement-du-partenariat-strategique-litalie-affiche-sa-volonte-de-diversifier-ses-investissements-en-algerie\\\/\"]}]},{\"@type\":\"ImageObject\",\"inLanguage\":\"fr-FR\",\"@id\":\"https:\\\/\\\/lasentinelle.dz\\\/index.php\\\/2025\\\/03\\\/05\\\/vers-le-renforcement-du-partenariat-strategique-litalie-affiche-sa-volonte-de-diversifier-ses-investissements-en-algerie\\\/#primaryimage\",\"url\":\"https:\\\/\\\/lasentinelle.dz\\\/wp-content\\\/uploads\\\/2025\\\/03\\\/481021718_967139182227512_2402683094962429440_n.jpg\",\"contentUrl\":\"https:\\\/\\\/lasentinelle.dz\\\/wp-content\\\/uploads\\\/2025\\\/03\\\/481021718_967139182227512_2402683094962429440_n.jpg\",\"width\":2048,\"height\":1365},{\"@type\":\"BreadcrumbList\",\"@id\":\"https:\\\/\\\/lasentinelle.dz\\\/index.php\\\/2025\\\/03\\\/05\\\/vers-le-renforcement-du-partenariat-strategique-litalie-affiche-sa-volonte-de-diversifier-ses-investissements-en-algerie\\\/#breadcrumb\",\"itemListElement\":[{\"@type\":\"ListItem\",\"position\":1,\"name\":\"Accueil\",\"item\":\"https:\\\/\\\/lasentinelle.dz\\\/\"},{\"@type\":\"ListItem\",\"position\":2,\"name\":\"Vers le renforcement du partenariat strat\u00e9gique : L&rsquo;Italie affiche sa volont\u00e9 de diversifier ses investissements en Alg\u00e9rie\"}]},{\"@type\":\"WebSite\",\"@id\":\"https:\\\/\\\/lasentinelle.dz\\\/#website\",\"url\":\"https:\\\/\\\/lasentinelle.dz\\\/\",\"name\":\"La Sentinelle\",\"description\":\"Quotidien national d&#039;information\",\"publisher\":{\"@id\":\"https:\\\/\\\/lasentinelle.dz\\\/#organization\"},\"potentialAction\":[{\"@type\":\"SearchAction\",\"target\":{\"@type\":\"EntryPoint\",\"urlTemplate\":\"https:\\\/\\\/lasentinelle.dz\\\/?s={search_term_string}\"},\"query-input\":{\"@type\":\"PropertyValueSpecification\",\"valueRequired\":true,\"valueName\":\"search_term_string\"}}],\"inLanguage\":\"fr-FR\"},{\"@type\":\"Organization\",\"@id\":\"https:\\\/\\\/lasentinelle.dz\\\/#organization\",\"name\":\"Quotidien La Sentinelle\",\"url\":\"https:\\\/\\\/lasentinelle.dz\\\/\",\"logo\":{\"@type\":\"ImageObject\",\"inLanguage\":\"fr-FR\",\"@id\":\"https:\\\/\\\/lasentinelle.dz\\\/#\\\/schema\\\/logo\\\/image\\\/\",\"url\":\"https:\\\/\\\/lasentinelle.dz\\\/wp-content\\\/uploads\\\/2021\\\/09\\\/logo-sentinelleSLOGAN-1.png\",\"contentUrl\":\"https:\\\/\\\/lasentinelle.dz\\\/wp-content\\\/uploads\\\/2021\\\/09\\\/logo-sentinelleSLOGAN-1.png\",\"width\":615,\"height\":142,\"caption\":\"Quotidien La Sentinelle\"},\"image\":{\"@id\":\"https:\\\/\\\/lasentinelle.dz\\\/#\\\/schema\\\/logo\\\/image\\\/\"},\"sameAs\":[\"https:\\\/\\\/www.facebook.com\\\/La-Sentinelle-104059864394773\"]},{\"@type\":\"Person\",\"@id\":\"https:\\\/\\\/lasentinelle.dz\\\/#\\\/schema\\\/person\\\/729ee0024f24e0b8c5ec17232f8e8b41\",\"name\":\"admin\",\"image\":{\"@type\":\"ImageObject\",\"inLanguage\":\"fr-FR\",\"@id\":\"https:\\\/\\\/secure.gravatar.com\\\/avatar\\\/4c81fed838786e9b53f540bf46533e750f5d292099ae3b66cfc6fb1982e29df7?s=96&d=mm&r=g\",\"url\":\"https:\\\/\\\/secure.gravatar.com\\\/avatar\\\/4c81fed838786e9b53f540bf46533e750f5d292099ae3b66cfc6fb1982e29df7?s=96&d=mm&r=g\",\"contentUrl\":\"https:\\\/\\\/secure.gravatar.com\\\/avatar\\\/4c81fed838786e9b53f540bf46533e750f5d292099ae3b66cfc6fb1982e29df7?s=96&d=mm&r=g\",\"caption\":\"admin\"},\"description\":\"admin\",\"url\":\"https:\\\/\\\/lasentinelle.dz\\\/author\\\/admin\\\/\"}]}<\/script>\n<!-- \/ Yoast SEO plugin. -->","yoast_head_json":{"title":"Vers le renforcement du partenariat strat\u00e9gique : L&rsquo;Italie affiche sa volont\u00e9 de diversifier ses investissements en Alg\u00e9rie - La Sentinelle","robots":{"index":"index","follow":"follow","max-snippet":"max-snippet:-1","max-image-preview":"max-image-preview:large","max-video-preview":"max-video-preview:-1"},"canonical":"https:\/\/lasentinelle.dz\/index.php\/2025\/03\/05\/vers-le-renforcement-du-partenariat-strategique-litalie-affiche-sa-volonte-de-diversifier-ses-investissements-en-algerie\/","og_locale":"fr_FR","og_type":"article","og_title":"Vers le renforcement du partenariat strat\u00e9gique : L&rsquo;Italie affiche sa volont\u00e9 de diversifier ses investissements en Alg\u00e9rie - La Sentinelle","og_description":"L\u2019Alg\u00e9rie et l\u2019Italie ont r\u00e9affirm\u00e9, lors de la table ronde sur l\u2019entrepreneuriat organis\u00e9e, lundi \u00e0 Alger, leur engagement \u00e0 renforcer","og_url":"https:\/\/lasentinelle.dz\/index.php\/2025\/03\/05\/vers-le-renforcement-du-partenariat-strategique-litalie-affiche-sa-volonte-de-diversifier-ses-investissements-en-algerie\/","og_site_name":"La Sentinelle","article_publisher":"https:\/\/www.facebook.com\/La-Sentinelle-104059864394773","article_published_time":"2025-03-05T10:20:59+00:00","article_modified_time":"2025-03-05T10:21:00+00:00","og_image":[{"width":2048,"height":1365,"url":"https:\/\/lasentinelle.dz\/wp-content\/uploads\/2025\/03\/481021718_967139182227512_2402683094962429440_n.jpg","type":"image\/jpeg"}],"author":"admin","twitter_card":"summary_large_image","twitter_misc":{"\u00c9crit par":"admin","Dur\u00e9e de lecture estim\u00e9e":"3 minutes"},"schema":{"@context":"https:\/\/schema.org","@graph":[{"@type":"Article","@id":"https:\/\/lasentinelle.dz\/index.php\/2025\/03\/05\/vers-le-renforcement-du-partenariat-strategique-litalie-affiche-sa-volonte-de-diversifier-ses-investissements-en-algerie\/#article","isPartOf":{"@id":"https:\/\/lasentinelle.dz\/index.php\/2025\/03\/05\/vers-le-renforcement-du-partenariat-strategique-litalie-affiche-sa-volonte-de-diversifier-ses-investissements-en-algerie\/"},"author":{"name":"admin","@id":"https:\/\/lasentinelle.dz\/#\/schema\/person\/729ee0024f24e0b8c5ec17232f8e8b41"},"headline":"Vers le renforcement du partenariat strat\u00e9gique : L&rsquo;Italie affiche sa volont\u00e9 de diversifier ses investissements en Alg\u00e9rie","datePublished":"2025-03-05T10:20:59+00:00","dateModified":"2025-03-05T10:21:00+00:00","mainEntityOfPage":{"@id":"https:\/\/lasentinelle.dz\/index.php\/2025\/03\/05\/vers-le-renforcement-du-partenariat-strategique-litalie-affiche-sa-volonte-de-diversifier-ses-investissements-en-algerie\/"},"wordCount":637,"commentCount":0,"publisher":{"@id":"https:\/\/lasentinelle.dz\/#organization"},"image":{"@id":"https:\/\/lasentinelle.dz\/index.php\/2025\/03\/05\/vers-le-renforcement-du-partenariat-strategique-litalie-affiche-sa-volonte-de-diversifier-ses-investissements-en-algerie\/#primaryimage"},"thumbnailUrl":"https:\/\/lasentinelle.dz\/wp-content\/uploads\/2025\/03\/481021718_967139182227512_2402683094962429440_n.jpg","articleSection":["Actualit\u00e9"],"inLanguage":"fr-FR","potentialAction":[{"@type":"CommentAction","name":"Comment","target":["https:\/\/lasentinelle.dz\/index.php\/2025\/03\/05\/vers-le-renforcement-du-partenariat-strategique-litalie-affiche-sa-volonte-de-diversifier-ses-investissements-en-algerie\/#respond"]}]},{"@type":"WebPage","@id":"https:\/\/lasentinelle.dz\/index.php\/2025\/03\/05\/vers-le-renforcement-du-partenariat-strategique-litalie-affiche-sa-volonte-de-diversifier-ses-investissements-en-algerie\/","url":"https:\/\/lasentinelle.dz\/index.php\/2025\/03\/05\/vers-le-renforcement-du-partenariat-strategique-litalie-affiche-sa-volonte-de-diversifier-ses-investissements-en-algerie\/","name":"Vers le renforcement du partenariat strat\u00e9gique : L&rsquo;Italie affiche sa volont\u00e9 de diversifier ses investissements en Alg\u00e9rie - La Sentinelle","isPartOf":{"@id":"https:\/\/lasentinelle.dz\/#website"},"primaryImageOfPage":{"@id":"https:\/\/lasentinelle.dz\/index.php\/2025\/03\/05\/vers-le-renforcement-du-partenariat-strategique-litalie-affiche-sa-volonte-de-diversifier-ses-investissements-en-algerie\/#primaryimage"},"image":{"@id":"https:\/\/lasentinelle.dz\/index.php\/2025\/03\/05\/vers-le-renforcement-du-partenariat-strategique-litalie-affiche-sa-volonte-de-diversifier-ses-investissements-en-algerie\/#primaryimage"},"thumbnailUrl":"https:\/\/lasentinelle.dz\/wp-content\/uploads\/2025\/03\/481021718_967139182227512_2402683094962429440_n.jpg","datePublished":"2025-03-05T10:20:59+00:00","dateModified":"2025-03-05T10:21:00+00:00","breadcrumb":{"@id":"https:\/\/lasentinelle.dz\/index.php\/2025\/03\/05\/vers-le-renforcement-du-partenariat-strategique-litalie-affiche-sa-volonte-de-diversifier-ses-investissements-en-algerie\/#breadcrumb"},"inLanguage":"fr-FR","potentialAction":[{"@type":"ReadAction","target":["https:\/\/lasentinelle.dz\/index.php\/2025\/03\/05\/vers-le-renforcement-du-partenariat-strategique-litalie-affiche-sa-volonte-de-diversifier-ses-investissements-en-algerie\/"]}]},{"@type":"ImageObject","inLanguage":"fr-FR","@id":"https:\/\/lasentinelle.dz\/index.php\/2025\/03\/05\/vers-le-renforcement-du-partenariat-strategique-litalie-affiche-sa-volonte-de-diversifier-ses-investissements-en-algerie\/#primaryimage","url":"https:\/\/lasentinelle.dz\/wp-content\/uploads\/2025\/03\/481021718_967139182227512_2402683094962429440_n.jpg","contentUrl":"https:\/\/lasentinelle.dz\/wp-content\/uploads\/2025\/03\/481021718_967139182227512_2402683094962429440_n.jpg","width":2048,"height":1365},{"@type":"BreadcrumbList","@id":"https:\/\/lasentinelle.dz\/index.php\/2025\/03\/05\/vers-le-renforcement-du-partenariat-strategique-litalie-affiche-sa-volonte-de-diversifier-ses-investissements-en-algerie\/#breadcrumb","itemListElement":[{"@type":"ListItem","position":1,"name":"Accueil","item":"https:\/\/lasentinelle.dz\/"},{"@type":"ListItem","position":2,"name":"Vers le renforcement du partenariat strat\u00e9gique : L&rsquo;Italie affiche sa volont\u00e9 de diversifier ses investissements en Alg\u00e9rie"}]},{"@type":"WebSite","@id":"https:\/\/lasentinelle.dz\/#website","url":"https:\/\/lasentinelle.dz\/","name":"La Sentinelle","description":"Quotidien national d&#039;information","publisher":{"@id":"https:\/\/lasentinelle.dz\/#organization"},"potentialAction":[{"@type":"SearchAction","target":{"@type":"EntryPoint","urlTemplate":"https:\/\/lasentinelle.dz\/?s={search_term_string}"},"query-input":{"@type":"PropertyValueSpecification","valueRequired":true,"valueName":"search_term_string"}}],"inLanguage":"fr-FR"},{"@type":"Organization","@id":"https:\/\/lasentinelle.dz\/#organization","name":"Quotidien La Sentinelle","url":"https:\/\/lasentinelle.dz\/","logo":{"@type":"ImageObject","inLanguage":"fr-FR","@id":"https:\/\/lasentinelle.dz\/#\/schema\/logo\/image\/","url":"https:\/\/lasentinelle.dz\/wp-content\/uploads\/2021\/09\/logo-sentinelleSLOGAN-1.png","contentUrl":"https:\/\/lasentinelle.dz\/wp-content\/uploads\/2021\/09\/logo-sentinelleSLOGAN-1.png","width":615,"height":142,"caption":"Quotidien La Sentinelle"},"image":{"@id":"https:\/\/lasentinelle.dz\/#\/schema\/logo\/image\/"},"sameAs":["https:\/\/www.facebook.com\/La-Sentinelle-104059864394773"]},{"@type":"Person","@id":"https:\/\/lasentinelle.dz\/#\/schema\/person\/729ee0024f24e0b8c5ec17232f8e8b41","name":"admin","image":{"@type":"ImageObject","inLanguage":"fr-FR","@id":"https:\/\/secure.gravatar.com\/avatar\/4c81fed838786e9b53f540bf46533e750f5d292099ae3b66cfc6fb1982e29df7?s=96&d=mm&r=g","url":"https:\/\/secure.gravatar.com\/avatar\/4c81fed838786e9b53f540bf46533e750f5d292099ae3b66cfc6fb1982e29df7?s=96&d=mm&r=g","contentUrl":"https:\/\/secure.gravatar.com\/avatar\/4c81fed838786e9b53f540bf46533e750f5d292099ae3b66cfc6fb1982e29df7?s=96&d=mm&r=g","caption":"admin"},"description":"admin","url":"https:\/\/lasentinelle.dz\/author\/admin\/"}]}},"_links":{"self":[{"href":"https:\/\/lasentinelle.dz\/index.php\/wp-json\/wp\/v2\/posts\/63920","targetHints":{"allow":["GET"]}}],"collection":[{"href":"https:\/\/lasentinelle.dz\/index.php\/wp-json\/wp\/v2\/posts"}],"about":[{"href":"https:\/\/lasentinelle.dz\/index.php\/wp-json\/wp\/v2\/types\/post"}],"author":[{"embeddable":true,"href":"https:\/\/lasentinelle.dz\/index.php\/wp-json\/wp\/v2\/users\/6"}],"replies":[{"embeddable":true,"href":"https:\/\/lasentinelle.dz\/index.php\/wp-json\/wp\/v2\/comments?post=63920"}],"version-history":[{"count":2,"href":"https:\/\/lasentinelle.dz\/index.php\/wp-json\/wp\/v2\/posts\/63920\/revisions"}],"predecessor-version":[{"id":63923,"href":"https:\/\/lasentinelle.dz\/index.php\/wp-json\/wp\/v2\/posts\/63920\/revisions\/63923"}],"wp:featuredmedia":[{"embeddable":true,"href":"https:\/\/lasentinelle.dz\/index.php\/wp-json\/wp\/v2\/media\/63921"}],"wp:attachment":[{"href":"https:\/\/lasentinelle.dz\/index.php\/wp-json\/wp\/v2\/media?parent=63920"}],"wp:term":[{"taxonomy":"category","embeddable":true,"href":"https:\/\/lasentinelle.dz\/index.php\/wp-json\/wp\/v2\/categories?post=63920"},{"taxonomy":"post_tag","embeddable":true,"href":"https:\/\/lasentinelle.dz\/index.php\/wp-json\/wp\/v2\/tags?post=63920"}],"curies":[{"name":"wp","href":"https:\/\/api.w.org\/{rel}","templated":true}]}}