{"id":63924,"date":"2025-03-05T11:22:59","date_gmt":"2025-03-05T10:22:59","guid":{"rendered":"https:\/\/lasentinelle.dz\/?p=63924"},"modified":"2025-03-05T11:22:59","modified_gmt":"2025-03-05T10:22:59","slug":"ouverture-hier-du-sommet-arabe-durgence-sur-la-palestine-le-defi-dun-front-arabe-commun","status":"publish","type":"post","link":"https:\/\/lasentinelle.dz\/index.php\/2025\/03\/05\/ouverture-hier-du-sommet-arabe-durgence-sur-la-palestine-le-defi-dun-front-arabe-commun\/","title":{"rendered":"Ouverture hier du sommet arabe d&rsquo;urgence sur la Palestine : Le d\u00e9fi d&rsquo;un front arabe commun"},"content":{"rendered":"\n<p>Alors que la situation humanitaire dans la bande de Ghaza atteint un point de rupture, le sommet extraordinaire de la Ligue arabe s&rsquo;est ouvert ce mardi au Caire. Dans un contexte marqu\u00e9 par des agressions syst\u00e9matiques, des destructions massives et une crise humanitaire sans pr\u00e9c\u00e9dent, ce sommet repr\u00e9sente un moment d\u00e9cisif pour la diplomatie arabe face aux menaces existentielles qui guettent la Palestine. L&rsquo;Alg\u00e9rie, fid\u00e8le \u00e0 sa ligne de conduite constante en faveur de la cause palestinienne, est repr\u00e9sent\u00e9e par le ministre des Affaires \u00e9trang\u00e8res Ahmed Attaf, mandat\u00e9 personnellement par le pr\u00e9sident Abdelmadjid Tebboune pour porter la voix de la solidarit\u00e9 et de la justice.<\/p>\n\n\n\n<p>Les enjeux sont consid\u00e9rables. Selon le communiqu\u00e9 du minist\u00e8re des Affaires \u00e9trang\u00e8res, le sommet vise deux objectifs strat\u00e9giques : l&rsquo;adoption d&rsquo;un plan arabe de reconstruction pour Ghaza et l&rsquo;\u00e9laboration d&rsquo;une d\u00e9claration politique commune qui cristallisera la position arabe face aux d\u00e9veloppements r\u00e9cents du conflit. La reconstruction appara\u00eet comme un d\u00e9fi titanesque. Les chiffres sont accablants : \u00e0 Rafah, environ 4.000 logements ont \u00e9t\u00e9 compl\u00e8tement d\u00e9truits et 11.000 autres endommag\u00e9s, t\u00e9moignant de l&rsquo;ampleur de la d\u00e9vastation. L&rsquo;expert en logement des Nations Unies, Balakrishnan Rajagopal, a r\u00e9cemment d\u00e9clar\u00e9 que la reconstruction de Ghaza prendrait 80 ans, soulignant la n\u00e9cessit\u00e9 imp\u00e9rative de \u00ab\u00a0nettoyer d&rsquo;abord les d\u00e9bris, obtenir un financement et surtout faire cesser l&rsquo;agression\u00a0\u00bb.<\/p>\n\n\n\n<p>La situation humanitaire atteint un point critique. L&rsquo;UNICEF a lanc\u00e9 une mise en garde alarmante, r\u00e9v\u00e9lant que sept nouveau-n\u00e9s sont morts d&rsquo;hypothermie la semaine derni\u00e8re, faute de v\u00eatements, de couvertures et de soins m\u00e9dicaux. Sur 35 h\u00f4pitaux, seulement 19 fonctionnent partiellement, illustrant l&rsquo;effondrement du syst\u00e8me de sant\u00e9. La d\u00e9cision de l&rsquo;entit\u00e9 sioniste de bloquer l&rsquo;aide humanitaire menace directement la survie de millions de Palestiniens, une strat\u00e9gie d\u00e9nonc\u00e9e par de nombreuses organisations internationales comme une violation flagrante du droit international.<\/p>\n\n\n\n<p>Le pr\u00e9sident palestinien Mahmoud Abbas a r\u00e9affirm\u00e9 lors d&rsquo;un entretien avec le pr\u00e9sident du Conseil europ\u00e9en Antonio Costa que \u00ab\u00a0la paix et la s\u00e9curit\u00e9 ne peuvent \u00eatre obtenues dans la r\u00e9gion sans la mise en \u0153uvre de la solution \u00e0 deux \u00c9tats\u00a0\u00bb. Il a cat\u00e9goriquement rejet\u00e9 tout projet de d\u00e9portation des Palestiniens, pla\u00e7ant la consolidation du cessez-le-feu, l&rsquo;acheminement de l&rsquo;aide humanitaire et la reconstruction de Ghaza au rang de priorit\u00e9s absolues.<\/p>\n\n\n\n<p>Les t\u00e9moignages sur le terrain sont gla\u00e7ants. \u00c0 J\u00e9nine, l&rsquo;agression se poursuit pour le 43e jour cons\u00e9cutif, avec des cons\u00e9quences dramatiques : 28 martyrs, des dizaines de bless\u00e9s, des quartiers entiers ras\u00e9s, des infrastructures d\u00e9truites. L&rsquo;arm\u00e9e d&rsquo;occupation a d\u00e9plac\u00e9 pr\u00e8s de 20.000 habitants, d\u00e9truit int\u00e9gralement 120 maisons et partiellement endommag\u00e9 des dizaines d&rsquo;autres. Les journalistes locaux et internationaux sont syst\u00e9matiquement emp\u00each\u00e9s de documenter ces destructions, privant le monde d&rsquo;un t\u00e9moignage direct.<\/p>\n\n\n\n<p>Le Croissant-Rouge palestinien a soulign\u00e9 que l&rsquo;entit\u00e9 sioniste \u00ab\u00a0a la responsabilit\u00e9 juridique de r\u00e9pondre aux besoins des Palestiniens sous occupation\u00a0\u00bb. Philippe Lazzarini, commissaire g\u00e9n\u00e9ral de l&rsquo;UNRWA, a \u00e9t\u00e9 on ne peut plus clair : \u00ab\u00a0L&rsquo;aide humanitaire ne doit jamais \u00eatre utilis\u00e9e comme une arme de guerre. L&rsquo;eau, les h\u00f4pitaux, les centres de sant\u00e9 et l&rsquo;\u00e9lectricit\u00e9 sont essentiels pour la survie.\u00a0\u00bb<\/p>\n\n\n\n<p>Ce sommet du Caire intervient donc dans un contexte explosif. La communaut\u00e9 arabe est somm\u00e9e de d\u00e9passer les divisions et de proposer une strat\u00e9gie unifi\u00e9e face \u00e0 l&rsquo;occupation. L&rsquo;enjeu d\u00e9passe la simple reconstruction : il s&rsquo;agit de r\u00e9affirmer la dignit\u00e9 d&rsquo;un peuple, de sa terre et de son droit \u00e0 l&rsquo;existence. Les regards sont tourn\u00e9s vers les d\u00e9l\u00e9gations arabes. Leur capacit\u00e9 \u00e0 formuler une position commune, \u00e0 exercer une pression internationale et \u00e0 proposer un plan de reconstruction cr\u00e9dible sera d\u00e9terminante. Le sommet du Caire n&rsquo;est pas qu&rsquo;une r\u00e9union diplomatique, c&rsquo;est un moment de v\u00e9rit\u00e9 pour la cause palestinienne, un test de la solidarit\u00e9 arabe face \u00e0 l&rsquo;une des crises humanitaires les plus graves de ce d\u00e9but de si\u00e8cle.<\/p>\n\n\n\n<p>Lyes Sa\u00efdi<\/p>\n","protected":false},"excerpt":{"rendered":"<p>Alors que la situation humanitaire dans la bande de Ghaza atteint un point de rupture, le sommet extraordinaire de la<\/p>\n","protected":false},"author":6,"featured_media":62797,"comment_status":"open","ping_status":"closed","sticky":false,"template":"","format":"standard","meta":{"colormag_page_container_layout":"default_layout","colormag_page_sidebar_layout":"default_layout","om_disable_all_campaigns":false,"_monsterinsights_skip_tracking":false,"_monsterinsights_sitenote_active":false,"_monsterinsights_sitenote_note":"","_monsterinsights_sitenote_category":0,"footnotes":"","_wpscppro_dont_share_socialmedia":false,"_wpscppro_custom_social_share_image":0,"_facebook_share_type":"default","_twitter_share_type":"default","_linkedin_share_type":"default","_pinterest_share_type":"default","_linkedin_share_type_page":"","_instagram_share_type":"default","_medium_share_type":"default","_threads_share_type":"","_google_business_share_type":"","_selected_social_profile":[],"_wpsp_enable_custom_social_template":false,"_wpsp_social_scheduling":{"enabled":false,"datetime":null,"platforms":[],"status":"template_only","dateOption":"today","timeOption":"now","customDays":"","customHours":"","customDate":"","customTime":"","schedulingType":"absolute"},"_wpsp_active_default_template":true},"categories":[27],"tags":[],"class_list":["post-63924","post","type-post","status-publish","format-standard","has-post-thumbnail","hentry","category-actualite"],"aioseo_notices":[],"yoast_head":"<!-- This site is optimized with the Yoast SEO plugin v27.5 - https:\/\/yoast.com\/product\/yoast-seo-wordpress\/ -->\n<title>Ouverture hier du sommet arabe d&rsquo;urgence sur la Palestine : Le d\u00e9fi d&rsquo;un front arabe commun - La Sentinelle<\/title>\n<meta name=\"robots\" content=\"index, follow, max-snippet:-1, max-image-preview:large, max-video-preview:-1\" \/>\n<link rel=\"canonical\" href=\"https:\/\/lasentinelle.dz\/index.php\/2025\/03\/05\/ouverture-hier-du-sommet-arabe-durgence-sur-la-palestine-le-defi-dun-front-arabe-commun\/\" \/>\n<meta property=\"og:locale\" content=\"fr_FR\" \/>\n<meta property=\"og:type\" content=\"article\" \/>\n<meta property=\"og:title\" content=\"Ouverture hier du sommet arabe d&rsquo;urgence sur la Palestine : Le d\u00e9fi d&rsquo;un front arabe commun - La Sentinelle\" \/>\n<meta property=\"og:description\" content=\"Alors que la situation humanitaire dans la bande de Ghaza atteint un point de rupture, le sommet extraordinaire de la\" \/>\n<meta property=\"og:url\" content=\"https:\/\/lasentinelle.dz\/index.php\/2025\/03\/05\/ouverture-hier-du-sommet-arabe-durgence-sur-la-palestine-le-defi-dun-front-arabe-commun\/\" \/>\n<meta property=\"og:site_name\" content=\"La Sentinelle\" \/>\n<meta property=\"article:publisher\" content=\"https:\/\/www.facebook.com\/La-Sentinelle-104059864394773\" \/>\n<meta property=\"article:published_time\" content=\"2025-03-05T10:22:59+00:00\" \/>\n<meta property=\"og:image\" content=\"https:\/\/lasentinelle.dz\/wp-content\/uploads\/2025\/02\/ligue-arabe.jpeg\" \/>\n\t<meta property=\"og:image:width\" content=\"1215\" \/>\n\t<meta property=\"og:image:height\" content=\"810\" \/>\n\t<meta property=\"og:image:type\" content=\"image\/jpeg\" \/>\n<meta name=\"author\" content=\"admin\" \/>\n<meta name=\"twitter:card\" content=\"summary_large_image\" \/>\n<meta name=\"twitter:label1\" content=\"\u00c9crit par\" \/>\n\t<meta name=\"twitter:data1\" content=\"admin\" \/>\n\t<meta name=\"twitter:label2\" content=\"Dur\u00e9e de lecture estim\u00e9e\" \/>\n\t<meta name=\"twitter:data2\" content=\"4 minutes\" \/>\n<script type=\"application\/ld+json\" class=\"yoast-schema-graph\">{\"@context\":\"https:\\\/\\\/schema.org\",\"@graph\":[{\"@type\":\"Article\",\"@id\":\"https:\\\/\\\/lasentinelle.dz\\\/index.php\\\/2025\\\/03\\\/05\\\/ouverture-hier-du-sommet-arabe-durgence-sur-la-palestine-le-defi-dun-front-arabe-commun\\\/#article\",\"isPartOf\":{\"@id\":\"https:\\\/\\\/lasentinelle.dz\\\/index.php\\\/2025\\\/03\\\/05\\\/ouverture-hier-du-sommet-arabe-durgence-sur-la-palestine-le-defi-dun-front-arabe-commun\\\/\"},\"author\":{\"name\":\"admin\",\"@id\":\"https:\\\/\\\/lasentinelle.dz\\\/#\\\/schema\\\/person\\\/729ee0024f24e0b8c5ec17232f8e8b41\"},\"headline\":\"Ouverture hier du sommet arabe d&rsquo;urgence sur la Palestine : Le d\u00e9fi d&rsquo;un front arabe commun\",\"datePublished\":\"2025-03-05T10:22:59+00:00\",\"mainEntityOfPage\":{\"@id\":\"https:\\\/\\\/lasentinelle.dz\\\/index.php\\\/2025\\\/03\\\/05\\\/ouverture-hier-du-sommet-arabe-durgence-sur-la-palestine-le-defi-dun-front-arabe-commun\\\/\"},\"wordCount\":742,\"commentCount\":0,\"publisher\":{\"@id\":\"https:\\\/\\\/lasentinelle.dz\\\/#organization\"},\"image\":{\"@id\":\"https:\\\/\\\/lasentinelle.dz\\\/index.php\\\/2025\\\/03\\\/05\\\/ouverture-hier-du-sommet-arabe-durgence-sur-la-palestine-le-defi-dun-front-arabe-commun\\\/#primaryimage\"},\"thumbnailUrl\":\"https:\\\/\\\/lasentinelle.dz\\\/wp-content\\\/uploads\\\/2025\\\/02\\\/ligue-arabe.jpeg\",\"articleSection\":[\"Actualit\u00e9\"],\"inLanguage\":\"fr-FR\",\"potentialAction\":[{\"@type\":\"CommentAction\",\"name\":\"Comment\",\"target\":[\"https:\\\/\\\/lasentinelle.dz\\\/index.php\\\/2025\\\/03\\\/05\\\/ouverture-hier-du-sommet-arabe-durgence-sur-la-palestine-le-defi-dun-front-arabe-commun\\\/#respond\"]}]},{\"@type\":\"WebPage\",\"@id\":\"https:\\\/\\\/lasentinelle.dz\\\/index.php\\\/2025\\\/03\\\/05\\\/ouverture-hier-du-sommet-arabe-durgence-sur-la-palestine-le-defi-dun-front-arabe-commun\\\/\",\"url\":\"https:\\\/\\\/lasentinelle.dz\\\/index.php\\\/2025\\\/03\\\/05\\\/ouverture-hier-du-sommet-arabe-durgence-sur-la-palestine-le-defi-dun-front-arabe-commun\\\/\",\"name\":\"Ouverture hier du sommet arabe d&rsquo;urgence sur la Palestine : Le d\u00e9fi d&rsquo;un front arabe commun - La Sentinelle\",\"isPartOf\":{\"@id\":\"https:\\\/\\\/lasentinelle.dz\\\/#website\"},\"primaryImageOfPage\":{\"@id\":\"https:\\\/\\\/lasentinelle.dz\\\/index.php\\\/2025\\\/03\\\/05\\\/ouverture-hier-du-sommet-arabe-durgence-sur-la-palestine-le-defi-dun-front-arabe-commun\\\/#primaryimage\"},\"image\":{\"@id\":\"https:\\\/\\\/lasentinelle.dz\\\/index.php\\\/2025\\\/03\\\/05\\\/ouverture-hier-du-sommet-arabe-durgence-sur-la-palestine-le-defi-dun-front-arabe-commun\\\/#primaryimage\"},\"thumbnailUrl\":\"https:\\\/\\\/lasentinelle.dz\\\/wp-content\\\/uploads\\\/2025\\\/02\\\/ligue-arabe.jpeg\",\"datePublished\":\"2025-03-05T10:22:59+00:00\",\"breadcrumb\":{\"@id\":\"https:\\\/\\\/lasentinelle.dz\\\/index.php\\\/2025\\\/03\\\/05\\\/ouverture-hier-du-sommet-arabe-durgence-sur-la-palestine-le-defi-dun-front-arabe-commun\\\/#breadcrumb\"},\"inLanguage\":\"fr-FR\",\"potentialAction\":[{\"@type\":\"ReadAction\",\"target\":[\"https:\\\/\\\/lasentinelle.dz\\\/index.php\\\/2025\\\/03\\\/05\\\/ouverture-hier-du-sommet-arabe-durgence-sur-la-palestine-le-defi-dun-front-arabe-commun\\\/\"]}]},{\"@type\":\"ImageObject\",\"inLanguage\":\"fr-FR\",\"@id\":\"https:\\\/\\\/lasentinelle.dz\\\/index.php\\\/2025\\\/03\\\/05\\\/ouverture-hier-du-sommet-arabe-durgence-sur-la-palestine-le-defi-dun-front-arabe-commun\\\/#primaryimage\",\"url\":\"https:\\\/\\\/lasentinelle.dz\\\/wp-content\\\/uploads\\\/2025\\\/02\\\/ligue-arabe.jpeg\",\"contentUrl\":\"https:\\\/\\\/lasentinelle.dz\\\/wp-content\\\/uploads\\\/2025\\\/02\\\/ligue-arabe.jpeg\",\"width\":1215,\"height\":810},{\"@type\":\"BreadcrumbList\",\"@id\":\"https:\\\/\\\/lasentinelle.dz\\\/index.php\\\/2025\\\/03\\\/05\\\/ouverture-hier-du-sommet-arabe-durgence-sur-la-palestine-le-defi-dun-front-arabe-commun\\\/#breadcrumb\",\"itemListElement\":[{\"@type\":\"ListItem\",\"position\":1,\"name\":\"Accueil\",\"item\":\"https:\\\/\\\/lasentinelle.dz\\\/\"},{\"@type\":\"ListItem\",\"position\":2,\"name\":\"Ouverture hier du sommet arabe d&rsquo;urgence sur la Palestine : Le d\u00e9fi d&rsquo;un front arabe commun\"}]},{\"@type\":\"WebSite\",\"@id\":\"https:\\\/\\\/lasentinelle.dz\\\/#website\",\"url\":\"https:\\\/\\\/lasentinelle.dz\\\/\",\"name\":\"La Sentinelle\",\"description\":\"Quotidien national d&#039;information\",\"publisher\":{\"@id\":\"https:\\\/\\\/lasentinelle.dz\\\/#organization\"},\"potentialAction\":[{\"@type\":\"SearchAction\",\"target\":{\"@type\":\"EntryPoint\",\"urlTemplate\":\"https:\\\/\\\/lasentinelle.dz\\\/?s={search_term_string}\"},\"query-input\":{\"@type\":\"PropertyValueSpecification\",\"valueRequired\":true,\"valueName\":\"search_term_string\"}}],\"inLanguage\":\"fr-FR\"},{\"@type\":\"Organization\",\"@id\":\"https:\\\/\\\/lasentinelle.dz\\\/#organization\",\"name\":\"Quotidien La Sentinelle\",\"url\":\"https:\\\/\\\/lasentinelle.dz\\\/\",\"logo\":{\"@type\":\"ImageObject\",\"inLanguage\":\"fr-FR\",\"@id\":\"https:\\\/\\\/lasentinelle.dz\\\/#\\\/schema\\\/logo\\\/image\\\/\",\"url\":\"https:\\\/\\\/lasentinelle.dz\\\/wp-content\\\/uploads\\\/2021\\\/09\\\/logo-sentinelleSLOGAN-1.png\",\"contentUrl\":\"https:\\\/\\\/lasentinelle.dz\\\/wp-content\\\/uploads\\\/2021\\\/09\\\/logo-sentinelleSLOGAN-1.png\",\"width\":615,\"height\":142,\"caption\":\"Quotidien La Sentinelle\"},\"image\":{\"@id\":\"https:\\\/\\\/lasentinelle.dz\\\/#\\\/schema\\\/logo\\\/image\\\/\"},\"sameAs\":[\"https:\\\/\\\/www.facebook.com\\\/La-Sentinelle-104059864394773\"]},{\"@type\":\"Person\",\"@id\":\"https:\\\/\\\/lasentinelle.dz\\\/#\\\/schema\\\/person\\\/729ee0024f24e0b8c5ec17232f8e8b41\",\"name\":\"admin\",\"image\":{\"@type\":\"ImageObject\",\"inLanguage\":\"fr-FR\",\"@id\":\"https:\\\/\\\/secure.gravatar.com\\\/avatar\\\/4c81fed838786e9b53f540bf46533e750f5d292099ae3b66cfc6fb1982e29df7?s=96&d=mm&r=g\",\"url\":\"https:\\\/\\\/secure.gravatar.com\\\/avatar\\\/4c81fed838786e9b53f540bf46533e750f5d292099ae3b66cfc6fb1982e29df7?s=96&d=mm&r=g\",\"contentUrl\":\"https:\\\/\\\/secure.gravatar.com\\\/avatar\\\/4c81fed838786e9b53f540bf46533e750f5d292099ae3b66cfc6fb1982e29df7?s=96&d=mm&r=g\",\"caption\":\"admin\"},\"description\":\"admin\",\"url\":\"https:\\\/\\\/lasentinelle.dz\\\/author\\\/admin\\\/\"}]}<\/script>\n<!-- \/ Yoast SEO plugin. -->","yoast_head_json":{"title":"Ouverture hier du sommet arabe d&rsquo;urgence sur la Palestine : Le d\u00e9fi d&rsquo;un front arabe commun - La Sentinelle","robots":{"index":"index","follow":"follow","max-snippet":"max-snippet:-1","max-image-preview":"max-image-preview:large","max-video-preview":"max-video-preview:-1"},"canonical":"https:\/\/lasentinelle.dz\/index.php\/2025\/03\/05\/ouverture-hier-du-sommet-arabe-durgence-sur-la-palestine-le-defi-dun-front-arabe-commun\/","og_locale":"fr_FR","og_type":"article","og_title":"Ouverture hier du sommet arabe d&rsquo;urgence sur la Palestine : Le d\u00e9fi d&rsquo;un front arabe commun - La Sentinelle","og_description":"Alors que la situation humanitaire dans la bande de Ghaza atteint un point de rupture, le sommet extraordinaire de la","og_url":"https:\/\/lasentinelle.dz\/index.php\/2025\/03\/05\/ouverture-hier-du-sommet-arabe-durgence-sur-la-palestine-le-defi-dun-front-arabe-commun\/","og_site_name":"La Sentinelle","article_publisher":"https:\/\/www.facebook.com\/La-Sentinelle-104059864394773","article_published_time":"2025-03-05T10:22:59+00:00","og_image":[{"width":1215,"height":810,"url":"https:\/\/lasentinelle.dz\/wp-content\/uploads\/2025\/02\/ligue-arabe.jpeg","type":"image\/jpeg"}],"author":"admin","twitter_card":"summary_large_image","twitter_misc":{"\u00c9crit par":"admin","Dur\u00e9e de lecture estim\u00e9e":"4 minutes"},"schema":{"@context":"https:\/\/schema.org","@graph":[{"@type":"Article","@id":"https:\/\/lasentinelle.dz\/index.php\/2025\/03\/05\/ouverture-hier-du-sommet-arabe-durgence-sur-la-palestine-le-defi-dun-front-arabe-commun\/#article","isPartOf":{"@id":"https:\/\/lasentinelle.dz\/index.php\/2025\/03\/05\/ouverture-hier-du-sommet-arabe-durgence-sur-la-palestine-le-defi-dun-front-arabe-commun\/"},"author":{"name":"admin","@id":"https:\/\/lasentinelle.dz\/#\/schema\/person\/729ee0024f24e0b8c5ec17232f8e8b41"},"headline":"Ouverture hier du sommet arabe d&rsquo;urgence sur la Palestine : Le d\u00e9fi d&rsquo;un front arabe commun","datePublished":"2025-03-05T10:22:59+00:00","mainEntityOfPage":{"@id":"https:\/\/lasentinelle.dz\/index.php\/2025\/03\/05\/ouverture-hier-du-sommet-arabe-durgence-sur-la-palestine-le-defi-dun-front-arabe-commun\/"},"wordCount":742,"commentCount":0,"publisher":{"@id":"https:\/\/lasentinelle.dz\/#organization"},"image":{"@id":"https:\/\/lasentinelle.dz\/index.php\/2025\/03\/05\/ouverture-hier-du-sommet-arabe-durgence-sur-la-palestine-le-defi-dun-front-arabe-commun\/#primaryimage"},"thumbnailUrl":"https:\/\/lasentinelle.dz\/wp-content\/uploads\/2025\/02\/ligue-arabe.jpeg","articleSection":["Actualit\u00e9"],"inLanguage":"fr-FR","potentialAction":[{"@type":"CommentAction","name":"Comment","target":["https:\/\/lasentinelle.dz\/index.php\/2025\/03\/05\/ouverture-hier-du-sommet-arabe-durgence-sur-la-palestine-le-defi-dun-front-arabe-commun\/#respond"]}]},{"@type":"WebPage","@id":"https:\/\/lasentinelle.dz\/index.php\/2025\/03\/05\/ouverture-hier-du-sommet-arabe-durgence-sur-la-palestine-le-defi-dun-front-arabe-commun\/","url":"https:\/\/lasentinelle.dz\/index.php\/2025\/03\/05\/ouverture-hier-du-sommet-arabe-durgence-sur-la-palestine-le-defi-dun-front-arabe-commun\/","name":"Ouverture hier du sommet arabe d&rsquo;urgence sur la Palestine : Le d\u00e9fi d&rsquo;un front arabe commun - La Sentinelle","isPartOf":{"@id":"https:\/\/lasentinelle.dz\/#website"},"primaryImageOfPage":{"@id":"https:\/\/lasentinelle.dz\/index.php\/2025\/03\/05\/ouverture-hier-du-sommet-arabe-durgence-sur-la-palestine-le-defi-dun-front-arabe-commun\/#primaryimage"},"image":{"@id":"https:\/\/lasentinelle.dz\/index.php\/2025\/03\/05\/ouverture-hier-du-sommet-arabe-durgence-sur-la-palestine-le-defi-dun-front-arabe-commun\/#primaryimage"},"thumbnailUrl":"https:\/\/lasentinelle.dz\/wp-content\/uploads\/2025\/02\/ligue-arabe.jpeg","datePublished":"2025-03-05T10:22:59+00:00","breadcrumb":{"@id":"https:\/\/lasentinelle.dz\/index.php\/2025\/03\/05\/ouverture-hier-du-sommet-arabe-durgence-sur-la-palestine-le-defi-dun-front-arabe-commun\/#breadcrumb"},"inLanguage":"fr-FR","potentialAction":[{"@type":"ReadAction","target":["https:\/\/lasentinelle.dz\/index.php\/2025\/03\/05\/ouverture-hier-du-sommet-arabe-durgence-sur-la-palestine-le-defi-dun-front-arabe-commun\/"]}]},{"@type":"ImageObject","inLanguage":"fr-FR","@id":"https:\/\/lasentinelle.dz\/index.php\/2025\/03\/05\/ouverture-hier-du-sommet-arabe-durgence-sur-la-palestine-le-defi-dun-front-arabe-commun\/#primaryimage","url":"https:\/\/lasentinelle.dz\/wp-content\/uploads\/2025\/02\/ligue-arabe.jpeg","contentUrl":"https:\/\/lasentinelle.dz\/wp-content\/uploads\/2025\/02\/ligue-arabe.jpeg","width":1215,"height":810},{"@type":"BreadcrumbList","@id":"https:\/\/lasentinelle.dz\/index.php\/2025\/03\/05\/ouverture-hier-du-sommet-arabe-durgence-sur-la-palestine-le-defi-dun-front-arabe-commun\/#breadcrumb","itemListElement":[{"@type":"ListItem","position":1,"name":"Accueil","item":"https:\/\/lasentinelle.dz\/"},{"@type":"ListItem","position":2,"name":"Ouverture hier du sommet arabe d&rsquo;urgence sur la Palestine : Le d\u00e9fi d&rsquo;un front arabe commun"}]},{"@type":"WebSite","@id":"https:\/\/lasentinelle.dz\/#website","url":"https:\/\/lasentinelle.dz\/","name":"La Sentinelle","description":"Quotidien national d&#039;information","publisher":{"@id":"https:\/\/lasentinelle.dz\/#organization"},"potentialAction":[{"@type":"SearchAction","target":{"@type":"EntryPoint","urlTemplate":"https:\/\/lasentinelle.dz\/?s={search_term_string}"},"query-input":{"@type":"PropertyValueSpecification","valueRequired":true,"valueName":"search_term_string"}}],"inLanguage":"fr-FR"},{"@type":"Organization","@id":"https:\/\/lasentinelle.dz\/#organization","name":"Quotidien La Sentinelle","url":"https:\/\/lasentinelle.dz\/","logo":{"@type":"ImageObject","inLanguage":"fr-FR","@id":"https:\/\/lasentinelle.dz\/#\/schema\/logo\/image\/","url":"https:\/\/lasentinelle.dz\/wp-content\/uploads\/2021\/09\/logo-sentinelleSLOGAN-1.png","contentUrl":"https:\/\/lasentinelle.dz\/wp-content\/uploads\/2021\/09\/logo-sentinelleSLOGAN-1.png","width":615,"height":142,"caption":"Quotidien La Sentinelle"},"image":{"@id":"https:\/\/lasentinelle.dz\/#\/schema\/logo\/image\/"},"sameAs":["https:\/\/www.facebook.com\/La-Sentinelle-104059864394773"]},{"@type":"Person","@id":"https:\/\/lasentinelle.dz\/#\/schema\/person\/729ee0024f24e0b8c5ec17232f8e8b41","name":"admin","image":{"@type":"ImageObject","inLanguage":"fr-FR","@id":"https:\/\/secure.gravatar.com\/avatar\/4c81fed838786e9b53f540bf46533e750f5d292099ae3b66cfc6fb1982e29df7?s=96&d=mm&r=g","url":"https:\/\/secure.gravatar.com\/avatar\/4c81fed838786e9b53f540bf46533e750f5d292099ae3b66cfc6fb1982e29df7?s=96&d=mm&r=g","contentUrl":"https:\/\/secure.gravatar.com\/avatar\/4c81fed838786e9b53f540bf46533e750f5d292099ae3b66cfc6fb1982e29df7?s=96&d=mm&r=g","caption":"admin"},"description":"admin","url":"https:\/\/lasentinelle.dz\/author\/admin\/"}]}},"_links":{"self":[{"href":"https:\/\/lasentinelle.dz\/index.php\/wp-json\/wp\/v2\/posts\/63924","targetHints":{"allow":["GET"]}}],"collection":[{"href":"https:\/\/lasentinelle.dz\/index.php\/wp-json\/wp\/v2\/posts"}],"about":[{"href":"https:\/\/lasentinelle.dz\/index.php\/wp-json\/wp\/v2\/types\/post"}],"author":[{"embeddable":true,"href":"https:\/\/lasentinelle.dz\/index.php\/wp-json\/wp\/v2\/users\/6"}],"replies":[{"embeddable":true,"href":"https:\/\/lasentinelle.dz\/index.php\/wp-json\/wp\/v2\/comments?post=63924"}],"version-history":[{"count":2,"href":"https:\/\/lasentinelle.dz\/index.php\/wp-json\/wp\/v2\/posts\/63924\/revisions"}],"predecessor-version":[{"id":63926,"href":"https:\/\/lasentinelle.dz\/index.php\/wp-json\/wp\/v2\/posts\/63924\/revisions\/63926"}],"wp:featuredmedia":[{"embeddable":true,"href":"https:\/\/lasentinelle.dz\/index.php\/wp-json\/wp\/v2\/media\/62797"}],"wp:attachment":[{"href":"https:\/\/lasentinelle.dz\/index.php\/wp-json\/wp\/v2\/media?parent=63924"}],"wp:term":[{"taxonomy":"category","embeddable":true,"href":"https:\/\/lasentinelle.dz\/index.php\/wp-json\/wp\/v2\/categories?post=63924"},{"taxonomy":"post_tag","embeddable":true,"href":"https:\/\/lasentinelle.dz\/index.php\/wp-json\/wp\/v2\/tags?post=63924"}],"curies":[{"name":"wp","href":"https:\/\/api.w.org\/{rel}","templated":true}]}}